{"id":98287,"date":"2025-09-15T19:02:32","date_gmt":"2025-09-15T19:02:32","guid":{"rendered":"https:\/\/soccer.aidatasports.com\/pt\/uncategorized\/fc-fredericia-vs-vejle-sep-15-2025-1700-utc\/"},"modified":"2025-09-15T19:02:32","modified_gmt":"2025-09-15T19:02:32","slug":"fc-fredericia-vs-vejle-sep-15-2025-1700-utc","status":"publish","type":"post","link":"https:\/\/soccer.aidatasports.com\/pt\/matches\/fc-fredericia-vs-vejle-sep-15-2025-1700-utc\/","title":{"rendered":"FC Fredericia vs Vejle Sep 15 2025 17:00 UTC"},"content":{"rendered":"<p><strong>Portugu\u00eas<\/strong><\/p>\n<p><strong>Empate Emozionante no Monjasa Park entre FC Fredericia e Vejle<\/strong><\/p>\n<p>Fredericia, Dinamarca &#8211; Num jogo vibrante realizado no Monjasa Park, o FC Fredericia e o Vejle BK empataram em um gol cada, em uma partida correspondente \u00e0 oitava rodada da Superliga Dinamarquesa. A equipe da casa dominou a posse de bola com 54%, gerando 13 remates, dos quais 5 foram direcionados ao gol. No entanto, foi o Vejle quem abriu o placar aos 64 minutos, gra\u00e7as a um gol de A. Chiakha, assistido por T. Gundelund. O FC Fredericia n\u00e3o se intimidou e alcan\u00e7ou a igualdade aos 73 minutos com um gol de O. Buch, ap\u00f3s um passe de P. Egelund.<\/p>\n<p>O jogo foi intenso e disputado, com um total de 22 remates entre as duas equipes e 13 escanteios. O atrito tamb\u00e9m esteve presente, refletido nos quatro cart\u00f5es amarelos mostrados pelo \u00e1rbitro Mads Kristoffer Kristoffersen. Apesar do dom\u00ednio territorial do FC Fredericia, o Vejle demonstrou solidez defensiva e aproveitou as suas oportunidades no ataque. O resultado final deixa as duas equipes com um ponto na classifica\u00e7\u00e3o, em um jogo que ficar\u00e1 na mem\u00f3ria dos torcedores presentes no Monjasa Park. F. Winther, M. Duelund, L. Nielsen e J. Kudsk foram os advertidos da partida.<\/p>\n<p>Substitui\u00f5es na equipe de vejle: Aos 58 minutos, B. Edjeodji entrou e C. Gammelgaard saiu., Aos 58 minutos, M. Duelund entrou e T. Bach saiu., Aos 69 minutos, T. Bach entrou e M. Enggaard saiu., Aos 80 minutos, A. Chiakha entrou e W. Faghir saiu., Aos 80 minutos, A. Hjulsager entrou e A. Camara saiu. <\/p>\n<p>Substitui\u00f5es na equipe de fc fredericia: Aos 58 minutos, E. Dall entrou e P. Egelund saiu., Aos 58 minutos, S. Crone entrou e J. Jessen saiu., Aos 76 minutos, G. Marcussen entrou e S. Johannesen saiu., Aos 77 minutos, A. Mucolli entrou e M. Huldahl saiu., Aos 89 minutos, W. Madsen entrou e A. Nygaard saiu. <\/p>\n<p>As equipes se alinharam da seguinte forma:<\/p>\n<div class=\"lineups-container\">\n<style>\n                .lineups-container {\n                    display: flex;\n                    justify-content: space-around;\n                    flex-wrap: wrap;\n                }\n                .team-lineup {\n                    width: 49%;\n                    margin-bottom: 20px;\n                    border: 1px solid #ccc;\n                    padding: 5px;\n                }\n                .team-lineup h3 {\n                    text-align: center;\n                    margin-bottom: 10px;\n                }\n                .players-container {\n                    display: flex;\n                    justify-content: space-between;\n                }\n                .players-container div {\n                    width: 100%;\n                }\n                .player {\n                    display: flex;\n                    align-items: center;\n                    margin-bottom: 5px;\n                }\n                .player img {\n                    width: 30px;\n                    height: 30px;\n                    border-radius: 50%;\n                    margin-right: 10px;\n                }\n                    @media (max-width: 600px) {\n                    .team-lineup {\n                        width: 100%;\n                    }\n                }\n                <\/style>\n<div class=\"team-lineup\">\n<h3>FC Fredericia<\/h3>\n<p><img decoding=\"async\" src=\"https:\/\/media.api-sports.io\/football\/teams\/2061.png\" alt=\"FC Fredericia\" style=\"width: 50px; height: 50px;\"><\/p>\n<div class=\"players-container\">\n<div>\n<h4>Titulares:<\/h4>\n<div class=\"player\"><a href=\"https:\/\/soccer.aidatasports.com\/pt\/players\/Mattias-Lamhauge-83043\"><img decoding=\"async\" src=\"https:\/\/soccer.aidatasports.com\/images\/players\/83043.png\" alt=\"Mattias Lamhauge\" onerror=\"this.onerror=null;this.src='https:\/\/soccer.aidatasports.com\/images\/players\/default-player.png';\"><span>Mattias Lamhauge<\/span><\/a><\/div>\n<div class=\"player\"><a href=\"https:\/\/soccer.aidatasports.com\/pt\/players\/Svenn-Crone-15924\"><img decoding=\"async\" src=\"https:\/\/soccer.aidatasports.com\/images\/players\/15924.png\" alt=\"Svenn Crone\" onerror=\"this.onerror=null;this.src='https:\/\/soccer.aidatasports.com\/images\/players\/default-player.png';\"><span>Svenn Crone<\/span><\/a><\/div>\n<div class=\"player\"><a href=\"https:\/\/soccer.aidatasports.com\/pt\/players\/Jeppe-Kudsk-343880\"><img decoding=\"async\" src=\"https:\/\/soccer.aidatasports.com\/images\/players\/343880.png\" alt=\"Jeppe Kudsk\" onerror=\"this.onerror=null;this.src='https:\/\/soccer.aidatasports.com\/images\/players\/default-player.png';\"><span>Jeppe Kudsk<\/span><\/a><\/div>\n<div class=\"player\"><a href=\"https:\/\/soccer.aidatasports.com\/pt\/players\/Frederik-Rieper-326444\"><img decoding=\"async\" src=\"https:\/\/soccer.aidatasports.com\/images\/players\/326444.png\" alt=\"Frederik Rieper\" onerror=\"this.onerror=null;this.src='https:\/\/soccer.aidatasports.com\/images\/players\/default-player.png';\"><span>Frederik Rieper<\/span><\/a><\/div>\n<div class=\"player\"><a href=\"https:\/\/soccer.aidatasports.com\/pt\/players\/Anders-Dahl-282416\"><img decoding=\"async\" src=\"https:\/\/soccer.aidatasports.com\/images\/players\/282416.png\" alt=\"Anders Dahl\" onerror=\"this.onerror=null;this.src='https:\/\/soccer.aidatasports.com\/images\/players\/default-player.png';\"><span>Anders Dahl<\/span><\/a><\/div>\n<div class=\"player\"><a href=\"https:\/\/soccer.aidatasports.com\/pt\/players\/William-Madsen-294772\"><img decoding=\"async\" src=\"https:\/\/soccer.aidatasports.com\/images\/players\/294772.png\" alt=\"William Madsen\" onerror=\"this.onerror=null;this.src='https:\/\/soccer.aidatasports.com\/images\/players\/default-player.png';\"><span>William Madsen<\/span><\/a><\/div>\n<div class=\"player\"><a href=\"https:\/\/soccer.aidatasports.com\/pt\/players\/Felix-Winther-128879\"><img decoding=\"async\" src=\"https:\/\/soccer.aidatasports.com\/images\/players\/128879.png\" alt=\"Felix Winther\" onerror=\"this.onerror=null;this.src='https:\/\/soccer.aidatasports.com\/images\/players\/default-player.png';\"><span>Felix Winther<\/span><\/a><\/div>\n<div class=\"player\"><a href=\"https:\/\/soccer.aidatasports.com\/pt\/players\/Oscar-Buch-128887\"><img decoding=\"async\" src=\"https:\/\/soccer.aidatasports.com\/images\/players\/128887.png\" alt=\"Oscar Buch\" onerror=\"this.onerror=null;this.src='https:\/\/soccer.aidatasports.com\/images\/players\/default-player.png';\"><span>Oscar Buch<\/span><\/a><\/div>\n<div class=\"player\"><a href=\"https:\/\/soccer.aidatasports.com\/pt\/players\/Gustav-Marcussen-16070\"><img decoding=\"async\" src=\"https:\/\/soccer.aidatasports.com\/images\/players\/16070.png\" alt=\"Gustav Marcussen\" onerror=\"this.onerror=null;this.src='https:\/\/soccer.aidatasports.com\/images\/players\/default-player.png';\"><span>Gustav Marcussen<\/span><\/a><\/div>\n<div class=\"player\"><a href=\"https:\/\/soccer.aidatasports.com\/pt\/players\/Agon-Mucolli-16041\"><img decoding=\"async\" src=\"https:\/\/soccer.aidatasports.com\/images\/players\/16041.png\" alt=\"Agon Mucolli\" onerror=\"this.onerror=null;this.src='https:\/\/soccer.aidatasports.com\/images\/players\/default-player.png';\"><span>Agon Mucolli<\/span><\/a><\/div>\n<div class=\"player\"><a href=\"https:\/\/soccer.aidatasports.com\/pt\/players\/Eskild-Dall-294685\"><img decoding=\"async\" src=\"https:\/\/soccer.aidatasports.com\/images\/players\/294685.png\" alt=\"Eskild Dall\" onerror=\"this.onerror=null;this.src='https:\/\/soccer.aidatasports.com\/images\/players\/default-player.png';\"><span>Eskild Dall<\/span><\/a><\/div>\n<\/div>\n<div>\n<h4>Suplentes:<\/h4>\n<div class=\"player\"><a href=\"https:\/\/soccer.aidatasports.com\/pt\/players\/Jakob-Jessen-428299\"><img decoding=\"async\" src=\"https:\/\/soccer.aidatasports.com\/images\/players\/428299.png\" alt=\"Jakob Jessen\" onerror=\"this.onerror=null;this.src='https:\/\/soccer.aidatasports.com\/images\/players\/default-player.png';\"><span>Jakob Jessen<\/span><\/a><\/div>\n<div class=\"player\"><a href=\"https:\/\/soccer.aidatasports.com\/pt\/players\/Patrick-Egelund-15836\"><img decoding=\"async\" src=\"https:\/\/soccer.aidatasports.com\/images\/players\/15836.png\" alt=\"Patrick Egelund\" onerror=\"this.onerror=null;this.src='https:\/\/soccer.aidatasports.com\/images\/players\/default-player.png';\"><span>Patrick Egelund<\/span><\/a><\/div>\n<div class=\"player\"><a href=\"https:\/\/soccer.aidatasports.com\/pt\/players\/Mads-Eriksen-428300\"><img decoding=\"async\" src=\"https:\/\/soccer.aidatasports.com\/images\/players\/428300.png\" alt=\"Mads Eriksen\" onerror=\"this.onerror=null;this.src='https:\/\/soccer.aidatasports.com\/images\/players\/default-player.png';\"><span>Mads Eriksen<\/span><\/a><\/div>\n<div class=\"player\"><a href=\"https:\/\/soccer.aidatasports.com\/pt\/players\/Etienne-Green-174837\"><img decoding=\"async\" src=\"https:\/\/soccer.aidatasports.com\/images\/players\/174837.png\" alt=\"Etienne Green\" onerror=\"this.onerror=null;this.src='https:\/\/soccer.aidatasports.com\/images\/players\/default-player.png';\"><span>Etienne Green<\/span><\/a><\/div>\n<div class=\"player\"><a href=\"https:\/\/soccer.aidatasports.com\/pt\/players\/Malthe-Ladefoged-432256\"><img decoding=\"async\" src=\"https:\/\/soccer.aidatasports.com\/images\/players\/432256.png\" alt=\"Malthe Ladefoged\" onerror=\"this.onerror=null;this.src='https:\/\/soccer.aidatasports.com\/images\/players\/default-player.png';\"><span>Malthe Ladefoged<\/span><\/a><\/div>\n<div class=\"player\"><a href=\"https:\/\/soccer.aidatasports.com\/pt\/players\/Daniel-Th\u00f8gersen-15583\"><img decoding=\"async\" src=\"https:\/\/soccer.aidatasports.com\/images\/players\/15583.png\" alt=\"Daniel Th\u00f8gersen\" onerror=\"this.onerror=null;this.src='https:\/\/soccer.aidatasports.com\/images\/players\/default-player.png';\"><span>Daniel Th\u00f8gersen<\/span><\/a><\/div>\n<div class=\"player\"><a href=\"https:\/\/soccer.aidatasports.com\/pt\/players\/Adam-Andersen-438715\"><img decoding=\"async\" src=\"https:\/\/soccer.aidatasports.com\/images\/players\/438715.png\" alt=\"Adam Andersen\" onerror=\"this.onerror=null;this.src='https:\/\/soccer.aidatasports.com\/images\/players\/default-player.png';\"><span>Adam Andersen<\/span><\/a><\/div>\n<div class=\"player\"><a href=\"https:\/\/soccer.aidatasports.com\/pt\/players\/Sofus-Johannesen-443703\"><img decoding=\"async\" src=\"https:\/\/soccer.aidatasports.com\/images\/players\/443703.png\" alt=\"Sofus Johannesen\" onerror=\"this.onerror=null;this.src='https:\/\/soccer.aidatasports.com\/images\/players\/default-player.png';\"><span>Sofus Johannesen<\/span><\/a><\/div>\n<div class=\"player\"><a href=\"https:\/\/soccer.aidatasports.com\/pt\/players\/Martin-Huldahl-362460\"><img decoding=\"async\" src=\"https:\/\/soccer.aidatasports.com\/images\/players\/362460.png\" alt=\"Martin Huldahl\" onerror=\"this.onerror=null;this.src='https:\/\/soccer.aidatasports.com\/images\/players\/default-player.png';\"><span>Martin Huldahl<\/span><\/a><\/div>\n<\/div>\n<\/div>\n<\/div>\n<div class=\"team-lineup\">\n<h3>Vejle<\/h3>\n<p><img decoding=\"async\" src=\"https:\/\/media.api-sports.io\/football\/teams\/395.png\" alt=\"Vejle\" style=\"width: 50px; height: 50px;\"><\/p>\n<div class=\"players-container\">\n<div>\n<h4>Titulares:<\/h4>\n<div class=\"player\"><a href=\"https:\/\/soccer.aidatasports.com\/pt\/players\/Igor-Veki\u0107-109939\"><img decoding=\"async\" src=\"https:\/\/soccer.aidatasports.com\/images\/players\/109939.png\" alt=\"Igor Veki\u0107\" onerror=\"this.onerror=null;this.src='https:\/\/soccer.aidatasports.com\/images\/players\/default-player.png';\"><span>Igor Veki\u0107<\/span><\/a><\/div>\n<div class=\"player\"><a href=\"https:\/\/soccer.aidatasports.com\/pt\/players\/Thomas-Gundelund-15662\"><img decoding=\"async\" src=\"https:\/\/soccer.aidatasports.com\/images\/players\/15662.png\" alt=\"Thomas Gundelund\" onerror=\"this.onerror=null;this.src='https:\/\/soccer.aidatasports.com\/images\/players\/default-player.png';\"><span>Thomas Gundelund<\/span><\/a><\/div>\n<div class=\"player\"><a href=\"https:\/\/soccer.aidatasports.com\/pt\/players\/Stefan-Velkov-37452\"><img decoding=\"async\" src=\"https:\/\/soccer.aidatasports.com\/images\/players\/37452.png\" alt=\"Stefan Velkov\" onerror=\"this.onerror=null;this.src='https:\/\/soccer.aidatasports.com\/images\/players\/default-player.png';\"><span>Stefan Velkov<\/span><\/a><\/div>\n<div class=\"player\"><a href=\"https:\/\/soccer.aidatasports.com\/pt\/players\/Lasse-Nielsen-1953\"><img decoding=\"async\" src=\"https:\/\/soccer.aidatasports.com\/images\/players\/1953.png\" alt=\"Lasse Nielsen\" onerror=\"this.onerror=null;this.src='https:\/\/soccer.aidatasports.com\/images\/players\/default-player.png';\"><span>Lasse Nielsen<\/span><\/a><\/div>\n<div class=\"player\"><a href=\"https:\/\/soccer.aidatasports.com\/pt\/players\/Christian-S\u00f8rensen-16045\"><img decoding=\"async\" src=\"https:\/\/soccer.aidatasports.com\/images\/players\/16045.png\" alt=\"Christian S\u00f8rensen\" onerror=\"this.onerror=null;this.src='https:\/\/soccer.aidatasports.com\/images\/players\/default-player.png';\"><span>Christian S\u00f8rensen<\/span><\/a><\/div>\n<div class=\"player\"><a href=\"https:\/\/soccer.aidatasports.com\/pt\/players\/Andrew-Hjulsager-47437\"><img decoding=\"async\" src=\"https:\/\/soccer.aidatasports.com\/images\/players\/47437.png\" alt=\"Andrew Hjulsager\" onerror=\"this.onerror=null;this.src='https:\/\/soccer.aidatasports.com\/images\/players\/default-player.png';\"><span>Andrew Hjulsager<\/span><\/a><\/div>\n<div class=\"player\"><a href=\"https:\/\/soccer.aidatasports.com\/pt\/players\/Mike-Vesterg\u00e5rd-202015\"><img decoding=\"async\" src=\"https:\/\/soccer.aidatasports.com\/images\/players\/202015.png\" alt=\"Mike Vesterg\u00e5rd\" onerror=\"this.onerror=null;this.src='https:\/\/soccer.aidatasports.com\/images\/players\/default-player.png';\"><span>Mike Vesterg\u00e5rd<\/span><\/a><\/div>\n<div class=\"player\"><a href=\"https:\/\/soccer.aidatasports.com\/pt\/players\/Tobias-Lauritsen-375941\"><img decoding=\"async\" src=\"https:\/\/soccer.aidatasports.com\/images\/players\/375941.png\" alt=\"Tobias Lauritsen\" onerror=\"this.onerror=null;this.src='https:\/\/soccer.aidatasports.com\/images\/players\/default-player.png';\"><span>Tobias Lauritsen<\/span><\/a><\/div>\n<div class=\"player\"><a href=\"https:\/\/soccer.aidatasports.com\/pt\/players\/Mikkel-Duelund-2174\"><img decoding=\"async\" src=\"https:\/\/soccer.aidatasports.com\/images\/players\/2174.png\" alt=\"Mikkel Duelund\" onerror=\"this.onerror=null;this.src='https:\/\/soccer.aidatasports.com\/images\/players\/default-player.png';\"><span>Mikkel Duelund<\/span><\/a><\/div>\n<div class=\"player\"><a href=\"https:\/\/soccer.aidatasports.com\/pt\/players\/Bismark-Edjeodji-524396\"><img decoding=\"async\" src=\"https:\/\/soccer.aidatasports.com\/images\/players\/524396.png\" alt=\"Bismark Edjeodji\" onerror=\"this.onerror=null;this.src='https:\/\/soccer.aidatasports.com\/images\/players\/default-player.png';\"><span>Bismark Edjeodji<\/span><\/a><\/div>\n<div class=\"player\"><a href=\"https:\/\/soccer.aidatasports.com\/pt\/players\/Amin-Chiakha-393073\"><img decoding=\"async\" src=\"https:\/\/soccer.aidatasports.com\/images\/players\/393073.png\" alt=\"Amin Chiakha\" onerror=\"this.onerror=null;this.src='https:\/\/soccer.aidatasports.com\/images\/players\/default-player.png';\"><span>Amin Chiakha<\/span><\/a><\/div>\n<\/div>\n<div>\n<h4>Suplentes:<\/h4>\n<div class=\"player\"><a href=\"https:\/\/soccer.aidatasports.com\/pt\/players\/Tobias-Bach-327028\"><img decoding=\"async\" src=\"https:\/\/soccer.aidatasports.com\/images\/players\/327028.png\" alt=\"Tobias Bach\" onerror=\"this.onerror=null;this.src='https:\/\/soccer.aidatasports.com\/images\/players\/default-player.png';\"><span>Tobias Bach<\/span><\/a><\/div>\n<div class=\"player\"><a href=\"https:\/\/soccer.aidatasports.com\/pt\/players\/Christian-Gammelgaard-341228\"><img decoding=\"async\" src=\"https:\/\/soccer.aidatasports.com\/images\/players\/341228.png\" alt=\"Christian Gammelgaard\" onerror=\"this.onerror=null;this.src='https:\/\/soccer.aidatasports.com\/images\/players\/default-player.png';\"><span>Christian Gammelgaard<\/span><\/a><\/div>\n<div class=\"player\"><a href=\"https:\/\/soccer.aidatasports.com\/pt\/players\/Mads-Engg\u00e5rd-281660\"><img decoding=\"async\" src=\"https:\/\/soccer.aidatasports.com\/images\/players\/281660.png\" alt=\"Mads Engg\u00e5rd\" onerror=\"this.onerror=null;this.src='https:\/\/soccer.aidatasports.com\/images\/players\/default-player.png';\"><span>Mads Engg\u00e5rd<\/span><\/a><\/div>\n<div class=\"player\"><a href=\"https:\/\/soccer.aidatasports.com\/pt\/players\/Tobias-Haahr-Jakobsen-322265\"><img decoding=\"async\" src=\"https:\/\/soccer.aidatasports.com\/images\/players\/322265.png\" alt=\"Tobias Haahr Jakobsen\" onerror=\"this.onerror=null;this.src='https:\/\/soccer.aidatasports.com\/images\/players\/default-player.png';\"><span>Tobias Haahr Jakobsen<\/span><\/a><\/div>\n<div class=\"player\"><a href=\"https:\/\/soccer.aidatasports.com\/pt\/players\/Valdemar-Lund-319469\"><img decoding=\"async\" src=\"https:\/\/soccer.aidatasports.com\/images\/players\/319469.png\" alt=\"Valdemar Lund\" onerror=\"this.onerror=null;this.src='https:\/\/soccer.aidatasports.com\/images\/players\/default-player.png';\"><span>Valdemar Lund<\/span><\/a><\/div>\n<div class=\"player\"><a href=\"https:\/\/soccer.aidatasports.com\/pt\/players\/Lasse-Fl\u00f8-420956\"><img decoding=\"async\" src=\"https:\/\/soccer.aidatasports.com\/images\/players\/420956.png\" alt=\"Lasse Fl\u00f8\" onerror=\"this.onerror=null;this.src='https:\/\/soccer.aidatasports.com\/images\/players\/default-player.png';\"><span>Lasse Fl\u00f8<\/span><\/a><\/div>\n<div class=\"player\"><a href=\"https:\/\/soccer.aidatasports.com\/pt\/players\/Alexi-Pitu-43088\"><img decoding=\"async\" src=\"https:\/\/soccer.aidatasports.com\/images\/players\/43088.png\" alt=\"Alexi Pitu\" onerror=\"this.onerror=null;this.src='https:\/\/soccer.aidatasports.com\/images\/players\/default-player.png';\"><span>Alexi Pitu<\/span><\/a><\/div>\n<div class=\"player\"><a href=\"https:\/\/soccer.aidatasports.com\/pt\/players\/Wahid-Faghir-202017\"><img decoding=\"async\" src=\"https:\/\/soccer.aidatasports.com\/images\/players\/202017.png\" alt=\"Wahid Faghir\" onerror=\"this.onerror=null;this.src='https:\/\/soccer.aidatasports.com\/images\/players\/default-player.png';\"><span>Wahid Faghir<\/span><\/a><\/div>\n<div class=\"player\"><a href=\"https:\/\/soccer.aidatasports.com\/pt\/players\/Abdoulaye-Camara-524738\"><img decoding=\"async\" src=\"https:\/\/soccer.aidatasports.com\/images\/players\/524738.png\" alt=\"Abdoulaye Camara\" onerror=\"this.onerror=null;this.src='https:\/\/soccer.aidatasports.com\/images\/players\/default-player.png';\"><span>Abdoulaye Camara<\/span><\/a><\/div>\n<\/div>\n<\/div>\n<\/div>\n<\/div>\n<div id=\"wg-api-football-game\"\n                    data-host=\"xxxxx\"\n                    data-key=\"xxxx\"\n                    data-id=\"1379392\"\n                    data-theme=\"\"\n                    data-refresh=\"15\"\n                    data-show-errors=\"false\"\n                    data-show-logos=\"true\"><br \/>\n                    class=&#8221;wg_loader&#8221;>\n                <\/div>\n<div id=\"wg-api-football-standings\"\n                    data-host=\"xxxx\"\n                    data-key=\"ddddd\"\n                    data-league=\"119\"\n                    data-team=\"\"\n                    data-season=\"2025\"\n                    data-theme=\"\"\n                    data-show-errors=\"false\"\n                    data-show-logos=\"true\"\n                    class=\"wg_loader\">\n                <\/div>\n<p>                <script\n                    type=\"module\"\n                    src=\"https:\/\/soccer.aidatasports.com\/wp-content\/customjs\/widgetslocal.js\">\n                <\/script><\/p>\n","protected":false},"excerpt":{"rendered":"<p>Portugu\u00eas Empate Emozionante no Monjasa Park entre FC Fredericia e Vejle Fredericia, Dinamarca &#8211; Num&hellip;<\/p>\n","protected":false},"author":1,"featured_media":98286,"comment_status":"open","ping_status":"open","sticky":false,"template":"","format":"standard","meta":{"content-type":"","pmpro_default_level":"","_lmt_disableupdate":"","_lmt_disable":"","_league":15837,"_fixture":1379392,"penci_pfeatured_image_ratio":"","penci_single_style":"","footnotes":""},"categories":[15837],"tags":[1887,509],"class_list":["post-98287","post","type-post","status-publish","format-standard","has-post-thumbnail","hentry","category-matches","tag-fc-fredericia-denmark-2061","tag-vejle-denmark-395","pmpro-has-access"],"_links":{"self":[{"href":"https:\/\/soccer.aidatasports.com\/pt\/wp-json\/wp\/v2\/posts\/98287"}],"collection":[{"href":"https:\/\/soccer.aidatasports.com\/pt\/wp-json\/wp\/v2\/posts"}],"about":[{"href":"https:\/\/soccer.aidatasports.com\/pt\/wp-json\/wp\/v2\/types\/post"}],"author":[{"embeddable":true,"href":"https:\/\/soccer.aidatasports.com\/pt\/wp-json\/wp\/v2\/users\/1"}],"replies":[{"embeddable":true,"href":"https:\/\/soccer.aidatasports.com\/pt\/wp-json\/wp\/v2\/comments?post=98287"}],"version-history":[{"count":0,"href":"https:\/\/soccer.aidatasports.com\/pt\/wp-json\/wp\/v2\/posts\/98287\/revisions"}],"wp:featuredmedia":[{"embeddable":true,"href":"https:\/\/soccer.aidatasports.com\/pt\/wp-json\/wp\/v2\/media\/98286"}],"wp:attachment":[{"href":"https:\/\/soccer.aidatasports.com\/pt\/wp-json\/wp\/v2\/media?parent=98287"}],"wp:term":[{"taxonomy":"category","embeddable":true,"href":"https:\/\/soccer.aidatasports.com\/pt\/wp-json\/wp\/v2\/categories?post=98287"},{"taxonomy":"post_tag","embeddable":true,"href":"https:\/\/soccer.aidatasports.com\/pt\/wp-json\/wp\/v2\/tags?post=98287"}],"curies":[{"name":"wp","href":"https:\/\/api.w.org\/{rel}","templated":true}]}}