{"id":96444,"date":"2025-08-30T15:05:44","date_gmt":"2025-08-30T15:05:44","guid":{"rendered":"https:\/\/soccer.aidatasports.com\/pt\/uncategorized\/ifk-goteborg-vs-ifk-varnamo-aug-30-2025-1300-utc\/"},"modified":"2025-08-30T15:05:44","modified_gmt":"2025-08-30T15:05:44","slug":"ifk-goteborg-vs-ifk-varnamo-aug-30-2025-1300-utc","status":"publish","type":"post","link":"https:\/\/soccer.aidatasports.com\/pt\/matches\/ifk-goteborg-vs-ifk-varnamo-aug-30-2025-1300-utc\/","title":{"rendered":"IFK Goteborg vs IFK Varnamo Aug 30 2025 13:00 UTC"},"content":{"rendered":"<p><strong>Not\u00edcia em Portugu\u00eas:<\/strong><\/p>\n<p><strong>IFK Gotemburgo Supera o IFK V\u00e4rnamo em Jogo Disputado no Gamla Ullevi<\/strong><\/p>\n<p>Gotemburgo, Su\u00e9cia \u2013 O IFK Gotemburgo conquistou uma vit\u00f3ria suada contra o IFK V\u00e4rnamo em uma partida v\u00e1lida pela 22\u00aa rodada da Allsvenskan, disputada no Gamla Ullevi. O \u00fanico gol da partida aconteceu pouco antes do intervalo, aos 45 minutos, quando N. Tolf aproveitou uma excelente assist\u00eancia de D. Kruse para vencer o goleiro advers\u00e1rio.<\/p>\n<p>O IFK Gotemburgo dominou a posse de bola com 57% contra 43% do IFK V\u00e4rnamo, refletindo seu maior controle do jogo. Os donos da casa geraram um total de 27 chutes, dos quais 9 foram a gol e 12 foram para fora. Por sua vez, o IFK V\u00e4rnamo tentou reagir, mas s\u00f3 conseguiu concretizar 6 chutes a gol de um total de 14.<\/p>\n<p>O Gotemburgo tamb\u00e9m superou o seu rival em n\u00famero de escanteios, com 9 a favor contra os 4 do V\u00e4rnamo. O encontro foi relativamente limpo, embora o \u00e1rbitro Richard Sundell tenha mostrado um cart\u00e3o amarelo para cada equipe, V. Larsson para o V\u00e4rnamo aos 71 minutos e N. Tolf para o Gotemburgo aos 85. Apesar dos esfor\u00e7os do IFK V\u00e4rnamo no segundo tempo, eles n\u00e3o conseguiram furar a defesa do Gotemburgo e a partida terminou com o placar favor\u00e1vel aos donos da casa.<\/p>\n<p>Substitui\u00f5es na equipe de ifk goteborg: Aos 62 minutos, T. Santos entrou e F. Eriksson saiu., Aos 73 minutos, S. Alioum entrou e L. Carlstrand saiu., Aos 82 minutos, S. Clemmensen entrou e R. Yeboah saiu., Aos 82 minutos, K. Thordarson entrou e I. Jagne saiu. <\/p>\n<p>Substitui\u00f5es na equipe de ifk varnamo: Aos 69 minutos, N. Shamoun entrou e P. Cibicki saiu., Aos 69 minutos, K. Meriluoto entrou e A. Zeljkovic saiu., Aos 73 minutos, S. Thern entrou e A. Kujundzic saiu., Aos 90 minutos, O. Liimatta entrou e J. Rapp saiu. <\/p>\n<p>As equipes se alinharam da seguinte forma:<\/p>\n<div class=\"lineups-container\">\n<style>\n                .lineups-container {\n                    display: flex;\n                    justify-content: space-around;\n                    flex-wrap: wrap;\n                }\n                .team-lineup {\n                    width: 49%;\n                    margin-bottom: 20px;\n                    border: 1px solid #ccc;\n                    padding: 5px;\n                }\n                .team-lineup h3 {\n                    text-align: center;\n                    margin-bottom: 10px;\n                }\n                .players-container {\n                    display: flex;\n                    justify-content: space-between;\n                }\n                .players-container div {\n                    width: 100%;\n                }\n                .player {\n                    display: flex;\n                    align-items: center;\n                    margin-bottom: 5px;\n                }\n                .player img {\n                    width: 30px;\n                    height: 30px;\n                    border-radius: 50%;\n                    margin-right: 10px;\n                }\n                    @media (max-width: 600px) {\n                    .team-lineup {\n                        width: 100%;\n                    }\n                }\n                <\/style>\n<div class=\"team-lineup\">\n<h3>IFK Goteborg<\/h3>\n<p><img decoding=\"async\" src=\"https:\/\/media.api-sports.io\/football\/teams\/366.png\" alt=\"IFK Goteborg\" style=\"width: 50px; height: 50px;\"><\/p>\n<div class=\"players-container\">\n<div>\n<h4>Titulares:<\/h4>\n<div class=\"player\"><a href=\"https:\/\/soccer.aidatasports.com\/pt\/players\/Elis-Bishesari-338986\"><img decoding=\"async\" src=\"https:\/\/soccer.aidatasports.com\/images\/players\/338986.png\" alt=\"Elis Bishesari\" onerror=\"this.onerror=null;this.src='https:\/\/soccer.aidatasports.com\/images\/players\/default-player.png';\"><span>Elis Bishesari<\/span><\/a><\/div>\n<div class=\"player\"><a href=\"https:\/\/soccer.aidatasports.com\/pt\/players\/Thomas-Santos-81096\"><img decoding=\"async\" src=\"https:\/\/soccer.aidatasports.com\/images\/players\/81096.png\" alt=\"Thomas Santos\" onerror=\"this.onerror=null;this.src='https:\/\/soccer.aidatasports.com\/images\/players\/default-player.png';\"><span>Thomas Santos<\/span><\/a><\/div>\n<div class=\"player\"><a href=\"https:\/\/soccer.aidatasports.com\/pt\/players\/Gustav-Svensson-2861\"><img decoding=\"async\" src=\"https:\/\/soccer.aidatasports.com\/images\/players\/2861.png\" alt=\"Gustav Svensson\" onerror=\"this.onerror=null;this.src='https:\/\/soccer.aidatasports.com\/images\/players\/default-player.png';\"><span>Gustav Svensson<\/span><\/a><\/div>\n<div class=\"player\"><a href=\"https:\/\/soccer.aidatasports.com\/pt\/players\/August-Erlingmark-47994\"><img decoding=\"async\" src=\"https:\/\/soccer.aidatasports.com\/images\/players\/47994.png\" alt=\"August Erlingmark\" onerror=\"this.onerror=null;this.src='https:\/\/soccer.aidatasports.com\/images\/players\/default-player.png';\"><span>August Erlingmark<\/span><\/a><\/div>\n<div class=\"player\"><a href=\"https:\/\/soccer.aidatasports.com\/pt\/players\/Noah-Tolf-465899\"><img decoding=\"async\" src=\"https:\/\/soccer.aidatasports.com\/images\/players\/465899.png\" alt=\"Noah Tolf\" onerror=\"this.onerror=null;this.src='https:\/\/soccer.aidatasports.com\/images\/players\/default-player.png';\"><span>Noah Tolf<\/span><\/a><\/div>\n<div class=\"player\"><a href=\"https:\/\/soccer.aidatasports.com\/pt\/players\/Kolbeinn-Thordarson-28732\"><img decoding=\"async\" src=\"https:\/\/soccer.aidatasports.com\/images\/players\/28732.png\" alt=\"Kolbeinn Thordarson\" onerror=\"this.onerror=null;this.src='https:\/\/soccer.aidatasports.com\/images\/players\/default-player.png';\"><span>Kolbeinn Thordarson<\/span><\/a><\/div>\n<div class=\"player\"><a href=\"https:\/\/soccer.aidatasports.com\/pt\/players\/David-Kruse-277309\"><img decoding=\"async\" src=\"https:\/\/soccer.aidatasports.com\/images\/players\/277309.png\" alt=\"David Kruse\" onerror=\"this.onerror=null;this.src='https:\/\/soccer.aidatasports.com\/images\/players\/default-player.png';\"><span>David Kruse<\/span><\/a><\/div>\n<div class=\"player\"><a href=\"https:\/\/soccer.aidatasports.com\/pt\/players\/Tobias-Heintz-50068\"><img decoding=\"async\" src=\"https:\/\/soccer.aidatasports.com\/images\/players\/50068.png\" alt=\"Tobias Heintz\" onerror=\"this.onerror=null;this.src='https:\/\/soccer.aidatasports.com\/images\/players\/default-player.png';\"><span>Tobias Heintz<\/span><\/a><\/div>\n<div class=\"player\"><a href=\"https:\/\/soccer.aidatasports.com\/pt\/players\/Saidou-Alioum-Moubarak-303107\"><img decoding=\"async\" src=\"https:\/\/soccer.aidatasports.com\/images\/players\/303107.png\" alt=\"Saidou Alioum Moubarak\" onerror=\"this.onerror=null;this.src='https:\/\/soccer.aidatasports.com\/images\/players\/default-player.png';\"><span>Saidou Alioum Moubarak<\/span><\/a><\/div>\n<div class=\"player\"><a href=\"https:\/\/soccer.aidatasports.com\/pt\/players\/Max-Fenger-262678\"><img decoding=\"async\" src=\"https:\/\/soccer.aidatasports.com\/images\/players\/262678.png\" alt=\"Max Fenger\" onerror=\"this.onerror=null;this.src='https:\/\/soccer.aidatasports.com\/images\/players\/default-player.png';\"><span>Max Fenger<\/span><\/a><\/div>\n<div class=\"player\"><a href=\"https:\/\/soccer.aidatasports.com\/pt\/players\/Sebastian-Clemmensen-426666\"><img decoding=\"async\" src=\"https:\/\/soccer.aidatasports.com\/images\/players\/426666.png\" alt=\"Sebastian Clemmensen\" onerror=\"this.onerror=null;this.src='https:\/\/soccer.aidatasports.com\/images\/players\/default-player.png';\"><span>Sebastian Clemmensen<\/span><\/a><\/div>\n<\/div>\n<div>\n<h4>Suplentes:<\/h4>\n<div class=\"player\"><a href=\"https:\/\/soccer.aidatasports.com\/pt\/players\/Felix-Eriksson-144323\"><img decoding=\"async\" src=\"https:\/\/soccer.aidatasports.com\/images\/players\/144323.png\" alt=\"Felix Eriksson\" onerror=\"this.onerror=null;this.src='https:\/\/soccer.aidatasports.com\/images\/players\/default-player.png';\"><span>Felix Eriksson<\/span><\/a><\/div>\n<div class=\"player\"><a href=\"https:\/\/soccer.aidatasports.com\/pt\/players\/Linus-Carlstrand-371718\"><img decoding=\"async\" src=\"https:\/\/soccer.aidatasports.com\/images\/players\/371718.png\" alt=\"Linus Carlstrand\" onerror=\"this.onerror=null;this.src='https:\/\/soccer.aidatasports.com\/images\/players\/default-player.png';\"><span>Linus Carlstrand<\/span><\/a><\/div>\n<div class=\"player\"><a href=\"https:\/\/soccer.aidatasports.com\/pt\/players\/Pontus-Dahlberg-18790\"><img decoding=\"async\" src=\"https:\/\/soccer.aidatasports.com\/images\/players\/18790.png\" alt=\"Pontus Dahlberg\" onerror=\"this.onerror=null;this.src='https:\/\/soccer.aidatasports.com\/images\/players\/default-player.png';\"><span>Pontus Dahlberg<\/span><\/a><\/div>\n<div class=\"player\"><a href=\"https:\/\/soccer.aidatasports.com\/pt\/players\/Rockson-Yeboah-428586\"><img decoding=\"async\" src=\"https:\/\/soccer.aidatasports.com\/images\/players\/428586.png\" alt=\"Rockson Yeboah\" onerror=\"this.onerror=null;this.src='https:\/\/soccer.aidatasports.com\/images\/players\/default-player.png';\"><span>Rockson Yeboah<\/span><\/a><\/div>\n<div class=\"player\"><a href=\"https:\/\/soccer.aidatasports.com\/pt\/players\/Freddie-Lantz-442556\"><img decoding=\"async\" src=\"https:\/\/soccer.aidatasports.com\/images\/players\/442556.png\" alt=\"Freddie Lantz\" onerror=\"this.onerror=null;this.src='https:\/\/soccer.aidatasports.com\/images\/players\/default-player.png';\"><span>Freddie Lantz<\/span><\/a><\/div>\n<div class=\"player\"><a href=\"https:\/\/soccer.aidatasports.com\/pt\/players\/Imam-Jagne-156515\"><img decoding=\"async\" src=\"https:\/\/soccer.aidatasports.com\/images\/players\/156515.png\" alt=\"Imam Jagne\" onerror=\"this.onerror=null;this.src='https:\/\/soccer.aidatasports.com\/images\/players\/default-player.png';\"><span>Imam Jagne<\/span><\/a><\/div>\n<div class=\"player\"><a href=\"https:\/\/soccer.aidatasports.com\/pt\/players\/Alfons-Boren-496750\"><img decoding=\"async\" src=\"https:\/\/soccer.aidatasports.com\/images\/players\/496750.png\" alt=\"Alfons Boren\" onerror=\"this.onerror=null;this.src='https:\/\/soccer.aidatasports.com\/images\/players\/default-player.png';\"><span>Alfons Boren<\/span><\/a><\/div>\n<\/div>\n<\/div>\n<\/div>\n<div class=\"team-lineup\">\n<h3>IFK Varnamo<\/h3>\n<p><img decoding=\"async\" src=\"https:\/\/media.api-sports.io\/football\/teams\/2163.png\" alt=\"IFK Varnamo\" style=\"width: 50px; height: 50px;\"><\/p>\n<div class=\"players-container\">\n<div>\n<h4>Titulares:<\/h4>\n<div class=\"player\"><a href=\"https:\/\/soccer.aidatasports.com\/pt\/players\/Hugo-Keto-69386\"><img decoding=\"async\" src=\"https:\/\/soccer.aidatasports.com\/images\/players\/69386.png\" alt=\"Hugo Keto\" onerror=\"this.onerror=null;this.src='https:\/\/soccer.aidatasports.com\/images\/players\/default-player.png';\"><span>Hugo Keto<\/span><\/a><\/div>\n<div class=\"player\"><a href=\"https:\/\/soccer.aidatasports.com\/pt\/players\/Victor-Larsson-198781\"><img decoding=\"async\" src=\"https:\/\/soccer.aidatasports.com\/images\/players\/198781.png\" alt=\"Victor Larsson\" onerror=\"this.onerror=null;this.src='https:\/\/soccer.aidatasports.com\/images\/players\/default-player.png';\"><span>Victor Larsson<\/span><\/a><\/div>\n<div class=\"player\"><a href=\"https:\/\/soccer.aidatasports.com\/pt\/players\/Rufai-Mohammed-466346\"><img decoding=\"async\" src=\"https:\/\/soccer.aidatasports.com\/images\/players\/466346.png\" alt=\"Rufai Mohammed\" onerror=\"this.onerror=null;this.src='https:\/\/soccer.aidatasports.com\/images\/players\/default-player.png';\"><span>Rufai Mohammed<\/span><\/a><\/div>\n<div class=\"player\"><a href=\"https:\/\/soccer.aidatasports.com\/pt\/players\/Souleymane-Coulibaly-336153\"><img decoding=\"async\" src=\"https:\/\/soccer.aidatasports.com\/images\/players\/336153.png\" alt=\"Souleymane Coulibaly\" onerror=\"this.onerror=null;this.src='https:\/\/soccer.aidatasports.com\/images\/players\/default-player.png';\"><span>Souleymane Coulibaly<\/span><\/a><\/div>\n<div class=\"player\"><a href=\"https:\/\/soccer.aidatasports.com\/pt\/players\/Axel-Bj\u00f6rnstr\u00f6m-48266\"><img decoding=\"async\" src=\"https:\/\/soccer.aidatasports.com\/images\/players\/48266.png\" alt=\"Axel Bj\u00f6rnstr\u00f6m\" onerror=\"this.onerror=null;this.src='https:\/\/soccer.aidatasports.com\/images\/players\/default-player.png';\"><span>Axel Bj\u00f6rnstr\u00f6m<\/span><\/a><\/div>\n<div class=\"player\"><a href=\"https:\/\/soccer.aidatasports.com\/pt\/players\/Simon-Thern-48200\"><img decoding=\"async\" src=\"https:\/\/soccer.aidatasports.com\/images\/players\/48200.png\" alt=\"Simon Thern\" onerror=\"this.onerror=null;this.src='https:\/\/soccer.aidatasports.com\/images\/players\/default-player.png';\"><span>Simon Thern<\/span><\/a><\/div>\n<div class=\"player\"><a href=\"https:\/\/soccer.aidatasports.com\/pt\/players\/Kent-Are-Antonsen-39357\"><img decoding=\"async\" src=\"https:\/\/soccer.aidatasports.com\/images\/players\/39357.png\" alt=\"Kent-Are Antonsen\" onerror=\"this.onerror=null;this.src='https:\/\/soccer.aidatasports.com\/images\/players\/default-player.png';\"><span>Kent-Are Antonsen<\/span><\/a><\/div>\n<div class=\"player\"><a href=\"https:\/\/soccer.aidatasports.com\/pt\/players\/Otso-Liimatta-298069\"><img decoding=\"async\" src=\"https:\/\/soccer.aidatasports.com\/images\/players\/298069.png\" alt=\"Otso Liimatta\" onerror=\"this.onerror=null;this.src='https:\/\/soccer.aidatasports.com\/images\/players\/default-player.png';\"><span>Otso Liimatta<\/span><\/a><\/div>\n<div class=\"player\"><a href=\"https:\/\/soccer.aidatasports.com\/pt\/players\/Noah-Shamoun-139617\"><img decoding=\"async\" src=\"https:\/\/soccer.aidatasports.com\/images\/players\/139617.png\" alt=\"Noah Shamoun\" onerror=\"this.onerror=null;this.src='https:\/\/soccer.aidatasports.com\/images\/players\/default-player.png';\"><span>Noah Shamoun<\/span><\/a><\/div>\n<div class=\"player\"><a href=\"https:\/\/soccer.aidatasports.com\/pt\/players\/Marcus-Antonsson-1967\"><img decoding=\"async\" src=\"https:\/\/soccer.aidatasports.com\/images\/players\/1967.png\" alt=\"Marcus Antonsson\" onerror=\"this.onerror=null;this.src='https:\/\/soccer.aidatasports.com\/images\/players\/default-player.png';\"><span>Marcus Antonsson<\/span><\/a><\/div>\n<div class=\"player\"><a href=\"https:\/\/soccer.aidatasports.com\/pt\/players\/Kai-Meriluoto-162848\"><img decoding=\"async\" src=\"https:\/\/soccer.aidatasports.com\/images\/players\/162848.png\" alt=\"Kai Meriluoto\" onerror=\"this.onerror=null;this.src='https:\/\/soccer.aidatasports.com\/images\/players\/default-player.png';\"><span>Kai Meriluoto<\/span><\/a><\/div>\n<\/div>\n<div>\n<h4>Suplentes:<\/h4>\n<div class=\"player\"><a href=\"https:\/\/soccer.aidatasports.com\/pt\/players\/Pawe\u0142-Cibicki-48075\"><img decoding=\"async\" src=\"https:\/\/soccer.aidatasports.com\/images\/players\/48075.png\" alt=\"Pawe\u0142 Cibicki\" onerror=\"this.onerror=null;this.src='https:\/\/soccer.aidatasports.com\/images\/players\/default-player.png';\"><span>Pawe\u0142 Cibicki<\/span><\/a><\/div>\n<div class=\"player\"><a href=\"https:\/\/soccer.aidatasports.com\/pt\/players\/Ajdin-Zeljkovic-100074\"><img decoding=\"async\" src=\"https:\/\/soccer.aidatasports.com\/images\/players\/100074.png\" alt=\"Ajdin Zeljkovic\" onerror=\"this.onerror=null;this.src='https:\/\/soccer.aidatasports.com\/images\/players\/default-player.png';\"><span>Ajdin Zeljkovic<\/span><\/a><\/div>\n<div class=\"player\"><a href=\"https:\/\/soccer.aidatasports.com\/pt\/players\/Mohammad-Alsalkhadi-309942\"><img decoding=\"async\" src=\"https:\/\/soccer.aidatasports.com\/images\/players\/309942.png\" alt=\"Mohammad Alsalkhadi\" onerror=\"this.onerror=null;this.src='https:\/\/soccer.aidatasports.com\/images\/players\/default-player.png';\"><span>Mohammad Alsalkhadi<\/span><\/a><\/div>\n<div class=\"player\"><a href=\"https:\/\/soccer.aidatasports.com\/pt\/players\/Adin-Tihic-526726\"><img decoding=\"async\" src=\"https:\/\/soccer.aidatasports.com\/images\/players\/526726.png\" alt=\"Adin Tihic\" onerror=\"this.onerror=null;this.src='https:\/\/soccer.aidatasports.com\/images\/players\/default-player.png';\"><span>Adin Tihic<\/span><\/a><\/div>\n<div class=\"player\"><a href=\"https:\/\/soccer.aidatasports.com\/pt\/players\/Emin-Grozdanic-47933\"><img decoding=\"async\" src=\"https:\/\/soccer.aidatasports.com\/images\/players\/47933.png\" alt=\"Emin Grozdanic\" onerror=\"this.onerror=null;this.src='https:\/\/soccer.aidatasports.com\/images\/players\/default-player.png';\"><span>Emin Grozdanic<\/span><\/a><\/div>\n<div class=\"player\"><a href=\"https:\/\/soccer.aidatasports.com\/pt\/players\/Johan-Rapp-269463\"><img decoding=\"async\" src=\"https:\/\/soccer.aidatasports.com\/images\/players\/269463.png\" alt=\"Johan Rapp\" onerror=\"this.onerror=null;this.src='https:\/\/soccer.aidatasports.com\/images\/players\/default-player.png';\"><span>Johan Rapp<\/span><\/a><\/div>\n<div class=\"player\"><a href=\"https:\/\/soccer.aidatasports.com\/pt\/players\/Hugo-Andersson-47808\"><img decoding=\"async\" src=\"https:\/\/soccer.aidatasports.com\/images\/players\/47808.png\" alt=\"Hugo Andersson\" onerror=\"this.onerror=null;this.src='https:\/\/soccer.aidatasports.com\/images\/players\/default-player.png';\"><span>Hugo Andersson<\/span><\/a><\/div>\n<div class=\"player\"><a href=\"https:\/\/soccer.aidatasports.com\/pt\/players\/Antonio-Kujundzic-394905\"><img decoding=\"async\" src=\"https:\/\/soccer.aidatasports.com\/images\/players\/394905.png\" alt=\"Antonio Kujundzic\" onerror=\"this.onerror=null;this.src='https:\/\/soccer.aidatasports.com\/images\/players\/default-player.png';\"><span>Antonio Kujundzic<\/span><\/a><\/div>\n<div class=\"player\"><a href=\"https:\/\/soccer.aidatasports.com\/pt\/players\/Carl-Johansson-47866\"><img decoding=\"async\" src=\"https:\/\/soccer.aidatasports.com\/images\/players\/47866.png\" alt=\"Carl Johansson\" onerror=\"this.onerror=null;this.src='https:\/\/soccer.aidatasports.com\/images\/players\/default-player.png';\"><span>Carl Johansson<\/span><\/a><\/div>\n<\/div>\n<\/div>\n<\/div>\n<\/div>\n<div id=\"wg-api-football-game\"\n                    data-host=\"xxxxx\"\n                    data-key=\"xxxx\"\n                    data-id=\"1342118\"\n                    data-theme=\"\"\n                    data-refresh=\"15\"\n                    data-show-errors=\"false\"\n                    data-show-logos=\"true\"><br \/>\n                    class=&#8221;wg_loader&#8221;>\n                <\/div>\n<div id=\"wg-api-football-standings\"\n                    data-host=\"xxxx\"\n                    data-key=\"ddddd\"\n                    data-league=\"113\"\n                    data-team=\"\"\n                    data-season=\"2025\"\n                    data-theme=\"\"\n                    data-show-errors=\"false\"\n                    data-show-logos=\"true\"\n                    class=\"wg_loader\">\n                <\/div>\n<p>                <script\n                    type=\"module\"\n                    src=\"https:\/\/soccer.aidatasports.com\/wp-content\/customjs\/widgetslocal.js\">\n                <\/script><\/p>\n","protected":false},"excerpt":{"rendered":"<p>Not\u00edcia em Portugu\u00eas: IFK Gotemburgo Supera o IFK V\u00e4rnamo em Jogo Disputado no Gamla Ullevi&hellip;<\/p>\n","protected":false},"author":1,"featured_media":96443,"comment_status":"open","ping_status":"open","sticky":false,"template":"","format":"standard","meta":{"content-type":"","pmpro_default_level":"","_lmt_disableupdate":"","_lmt_disable":"","_league":15837,"_fixture":1342118,"penci_pfeatured_image_ratio":"","penci_single_style":"","footnotes":""},"categories":[15837],"tags":[483,1962],"class_list":["post-96444","post","type-post","status-publish","format-standard","has-post-thumbnail","hentry","category-matches","tag-ifk-goteborg-sweden-366","tag-ifk-varnamo-sweden-2163","pmpro-has-access"],"_links":{"self":[{"href":"https:\/\/soccer.aidatasports.com\/pt\/wp-json\/wp\/v2\/posts\/96444"}],"collection":[{"href":"https:\/\/soccer.aidatasports.com\/pt\/wp-json\/wp\/v2\/posts"}],"about":[{"href":"https:\/\/soccer.aidatasports.com\/pt\/wp-json\/wp\/v2\/types\/post"}],"author":[{"embeddable":true,"href":"https:\/\/soccer.aidatasports.com\/pt\/wp-json\/wp\/v2\/users\/1"}],"replies":[{"embeddable":true,"href":"https:\/\/soccer.aidatasports.com\/pt\/wp-json\/wp\/v2\/comments?post=96444"}],"version-history":[{"count":0,"href":"https:\/\/soccer.aidatasports.com\/pt\/wp-json\/wp\/v2\/posts\/96444\/revisions"}],"wp:featuredmedia":[{"embeddable":true,"href":"https:\/\/soccer.aidatasports.com\/pt\/wp-json\/wp\/v2\/media\/96443"}],"wp:attachment":[{"href":"https:\/\/soccer.aidatasports.com\/pt\/wp-json\/wp\/v2\/media?parent=96444"}],"wp:term":[{"taxonomy":"category","embeddable":true,"href":"https:\/\/soccer.aidatasports.com\/pt\/wp-json\/wp\/v2\/categories?post=96444"},{"taxonomy":"post_tag","embeddable":true,"href":"https:\/\/soccer.aidatasports.com\/pt\/wp-json\/wp\/v2\/tags?post=96444"}],"curies":[{"name":"wp","href":"https:\/\/api.w.org\/{rel}","templated":true}]}}