{"id":95397,"date":"2025-08-22T20:04:58","date_gmt":"2025-08-22T20:04:58","guid":{"rendered":"https:\/\/soccer.aidatasports.com\/pt\/uncategorized\/de-graafschap-vs-mvv-aug-22-2025-1800-utc\/"},"modified":"2025-08-22T20:04:58","modified_gmt":"2025-08-22T20:04:58","slug":"de-graafschap-vs-mvv-aug-22-2025-1800-utc","status":"publish","type":"post","link":"https:\/\/soccer.aidatasports.com\/pt\/matches\/de-graafschap-vs-mvv-aug-22-2025-1800-utc\/","title":{"rendered":"De Graafschap vs MVV Aug 22 2025 18:00 UTC"},"content":{"rendered":"<p><strong>Portugu\u00eas:<\/strong><\/p>\n<p><strong>MVV Garante um Empate Tardiamente em Doetinchem<\/strong><\/p>\n<p>Doetinchem, Pa\u00edses Baixos &#8211; Num jogo disputado no Stadion De Vijverberg, o MVV Maastricht conseguiu garantir um valioso empate tardio contra o De Graafschap. A equipe da casa dominou a posse de bola com 61% contra 39% do MVV, demonstrando sua superioridade no controle da bola durante grande parte do confronto.<\/p>\n<p>O De Graafschap gerou um n\u00famero consider\u00e1vel de oportunidades de gol, acumulando 22 remates, dos quais 5 foram \u00e0 baliza e 11 foram para fora. No entanto, a falta de precis\u00e3o e a s\u00f3lida defesa do MVV impediram que essas oportunidades se traduzissem numa vantagem significativa. Por outro lado, o MVV Maastricht, com menos posse de bola, procurou explorar os contra-ataques e as jogadas de bola parada, registrando 11 remates, com 3 direcionados \u00e0 baliza advers\u00e1ria.<\/p>\n<p>O jogo foi caracterizado por um jogo f\u00edsico, com 11 faltas cometidas pelo MVV e 6 pelo De Graafschap. Aos 59 minutos, L. M. Tran, do MVV, recebeu um cart\u00e3o amarelo. Mais tarde, aos 65 minutos, A. van der Heide, do De Graafschap, tamb\u00e9m foi advertido.<\/p>\n<p>Quando parecia que o De Graafschap conquistaria a vit\u00f3ria, J. Pawaridihadjo, do MVV, marcou um gol crucial aos 89 minutos, desencadeando a euforia no lado visitante e selando o empate. O jogo terminou com um De Graafschap frustrado por n\u00e3o ter capitalizado seu dom\u00ednio e um MVV celebrando um ponto valioso conquistado fora de casa. O \u00e1rbitro da partida, Wouter Wiersma, teve um desempenho not\u00e1vel num jogo de alta intensidade.<\/p>\n<p>Substitui\u00f5es na equipe de mvv: Aos 64 minutos, I. Silva Timas entrou e D. Asante saiu., Aos 65 minutos, N. El Basri entrou e F. Slegers saiu., Aos 79 minutos, S. Braken entrou e J. Pawaridihadjo saiu., Aos 79 minutos, L. Schenk entrou e M. van Kempen saiu., Aos 90 minutos, M. Kuipers entrou e A. Zaian saiu. <\/p>\n<p>Substitui\u00f5es na equipe de de graafschap: Aos 71 minutos, D. Theodoridis entrou e J. Simons saiu., Aos 79 minutos, L. Schoppema entrou e K. Symons saiu., Aos 79 minutos, A. van der Heide entrou e N. Kaninda saiu., Aos 79 minutos, M. Smits entrou e J. Meerstadt saiu. <\/p>\n<p>As equipes se alinharam da seguinte forma:<\/p>\n<div class=\"lineups-container\">\n<style>\n                .lineups-container {\n                    display: flex;\n                    justify-content: space-around;\n                    flex-wrap: wrap;\n                }\n                .team-lineup {\n                    width: 49%;\n                    margin-bottom: 20px;\n                    border: 1px solid #ccc;\n                    padding: 5px;\n                }\n                .team-lineup h3 {\n                    text-align: center;\n                    margin-bottom: 10px;\n                }\n                .players-container {\n                    display: flex;\n                    justify-content: space-between;\n                }\n                .players-container div {\n                    width: 100%;\n                }\n                .player {\n                    display: flex;\n                    align-items: center;\n                    margin-bottom: 5px;\n                }\n                .player img {\n                    width: 30px;\n                    height: 30px;\n                    border-radius: 50%;\n                    margin-right: 10px;\n                }\n                    @media (max-width: 600px) {\n                    .team-lineup {\n                        width: 100%;\n                    }\n                }\n                <\/style>\n<div class=\"team-lineup\">\n<h3>De Graafschap<\/h3>\n<p><img decoding=\"async\" src=\"https:\/\/media.api-sports.io\/football\/teams\/199.png\" alt=\"De Graafschap\" style=\"width: 50px; height: 50px;\"><\/p>\n<div class=\"players-container\">\n<div>\n<h4>Titulares:<\/h4>\n<div class=\"player\"><a href=\"https:\/\/soccer.aidatasports.com\/pt\/players\/Ties-Wieggers-337756\"><img decoding=\"async\" src=\"https:\/\/soccer.aidatasports.com\/images\/players\/337756.png\" alt=\"Ties Wieggers\" onerror=\"this.onerror=null;this.src='https:\/\/soccer.aidatasports.com\/images\/players\/default-player.png';\"><span>Ties Wieggers<\/span><\/a><\/div>\n<div class=\"player\"><a href=\"https:\/\/soccer.aidatasports.com\/pt\/players\/Othni\u00ebl-Raterink-419627\"><img decoding=\"async\" src=\"https:\/\/soccer.aidatasports.com\/images\/players\/419627.png\" alt=\"Othni\u00ebl Raterink\" onerror=\"this.onerror=null;this.src='https:\/\/soccer.aidatasports.com\/images\/players\/default-player.png';\"><span>Othni\u00ebl Raterink<\/span><\/a><\/div>\n<div class=\"player\"><a href=\"https:\/\/soccer.aidatasports.com\/pt\/players\/Rowan-Besselink-376671\"><img decoding=\"async\" src=\"https:\/\/soccer.aidatasports.com\/images\/players\/376671.png\" alt=\"Rowan Besselink\" onerror=\"this.onerror=null;this.src='https:\/\/soccer.aidatasports.com\/images\/players\/default-player.png';\"><span>Rowan Besselink<\/span><\/a><\/div>\n<div class=\"player\"><a href=\"https:\/\/soccer.aidatasports.com\/pt\/players\/Thomas-Kok-37710\"><img decoding=\"async\" src=\"https:\/\/soccer.aidatasports.com\/images\/players\/37710.png\" alt=\"Thomas Kok\" onerror=\"this.onerror=null;this.src='https:\/\/soccer.aidatasports.com\/images\/players\/default-player.png';\"><span>Thomas Kok<\/span><\/a><\/div>\n<div class=\"player\"><a href=\"https:\/\/soccer.aidatasports.com\/pt\/players\/Levi-Schoppema-373789\"><img decoding=\"async\" src=\"https:\/\/soccer.aidatasports.com\/images\/players\/373789.png\" alt=\"Levi Schoppema\" onerror=\"this.onerror=null;this.src='https:\/\/soccer.aidatasports.com\/images\/players\/default-player.png';\"><span>Levi Schoppema<\/span><\/a><\/div>\n<div class=\"player\"><a href=\"https:\/\/soccer.aidatasports.com\/pt\/players\/Reuven-Niemeijer-37302\"><img decoding=\"async\" src=\"https:\/\/soccer.aidatasports.com\/images\/players\/37302.png\" alt=\"Reuven Niemeijer\" onerror=\"this.onerror=null;this.src='https:\/\/soccer.aidatasports.com\/images\/players\/default-player.png';\"><span>Reuven Niemeijer<\/span><\/a><\/div>\n<div class=\"player\"><a href=\"https:\/\/soccer.aidatasports.com\/pt\/players\/Teun-Gijselhart-392417\"><img decoding=\"async\" src=\"https:\/\/soccer.aidatasports.com\/images\/players\/392417.png\" alt=\"Teun Gijselhart\" onerror=\"this.onerror=null;this.src='https:\/\/soccer.aidatasports.com\/images\/players\/default-player.png';\"><span>Teun Gijselhart<\/span><\/a><\/div>\n<div class=\"player\"><a href=\"https:\/\/soccer.aidatasports.com\/pt\/players\/Milan-Smits-395873\"><img decoding=\"async\" src=\"https:\/\/soccer.aidatasports.com\/images\/players\/395873.png\" alt=\"Milan Smits\" onerror=\"this.onerror=null;this.src='https:\/\/soccer.aidatasports.com\/images\/players\/default-player.png';\"><span>Milan Smits<\/span><\/a><\/div>\n<div class=\"player\"><a href=\"https:\/\/soccer.aidatasports.com\/pt\/players\/Arjen-Van-Der-Heide-36990\"><img decoding=\"async\" src=\"https:\/\/soccer.aidatasports.com\/images\/players\/36990.png\" alt=\"Arjen Van Der Heide\" onerror=\"this.onerror=null;this.src='https:\/\/soccer.aidatasports.com\/images\/players\/default-player.png';\"><span>Arjen Van Der Heide<\/span><\/a><\/div>\n<div class=\"player\"><a href=\"https:\/\/soccer.aidatasports.com\/pt\/players\/Dimitris-Theodoridis-342896\"><img decoding=\"async\" src=\"https:\/\/soccer.aidatasports.com\/images\/players\/342896.png\" alt=\"Dimitris Theodoridis\" onerror=\"this.onerror=null;this.src='https:\/\/soccer.aidatasports.com\/images\/players\/default-player.png';\"><span>Dimitris Theodoridis<\/span><\/a><\/div>\n<div class=\"player\"><a href=\"https:\/\/soccer.aidatasports.com\/pt\/players\/Ibrahim-El-Kadiri-178855\"><img decoding=\"async\" src=\"https:\/\/soccer.aidatasports.com\/images\/players\/178855.png\" alt=\"Ibrahim El Kadiri\" onerror=\"this.onerror=null;this.src='https:\/\/soccer.aidatasports.com\/images\/players\/default-player.png';\"><span>Ibrahim El Kadiri<\/span><\/a><\/div>\n<\/div>\n<div>\n<h4>Suplentes:<\/h4>\n<div class=\"player\"><a href=\"https:\/\/soccer.aidatasports.com\/pt\/players\/Jevon-Simons-432485\"><img decoding=\"async\" src=\"https:\/\/soccer.aidatasports.com\/images\/players\/432485.png\" alt=\"Jevon Simons\" onerror=\"this.onerror=null;this.src='https:\/\/soccer.aidatasports.com\/images\/players\/default-player.png';\"><span>Jevon Simons<\/span><\/a><\/div>\n<div class=\"player\"><a href=\"https:\/\/soccer.aidatasports.com\/pt\/players\/Sten-Kremers-336679\"><img decoding=\"async\" src=\"https:\/\/soccer.aidatasports.com\/images\/players\/336679.png\" alt=\"Sten Kremers\" onerror=\"this.onerror=null;this.src='https:\/\/soccer.aidatasports.com\/images\/players\/default-player.png';\"><span>Sten Kremers<\/span><\/a><\/div>\n<div class=\"player\"><a href=\"https:\/\/soccer.aidatasports.com\/pt\/players\/Rick-Jonkers-385673\"><img decoding=\"async\" src=\"https:\/\/soccer.aidatasports.com\/images\/players\/385673.png\" alt=\"Rick Jonkers\" onerror=\"this.onerror=null;this.src='https:\/\/soccer.aidatasports.com\/images\/players\/default-player.png';\"><span>Rick Jonkers<\/span><\/a><\/div>\n<div class=\"player\"><a href=\"https:\/\/soccer.aidatasports.com\/pt\/players\/Stijn-Bultman-415245\"><img decoding=\"async\" src=\"https:\/\/soccer.aidatasports.com\/images\/players\/415245.png\" alt=\"Stijn Bultman\" onerror=\"this.onerror=null;this.src='https:\/\/soccer.aidatasports.com\/images\/players\/default-player.png';\"><span>Stijn Bultman<\/span><\/a><\/div>\n<div class=\"player\"><a href=\"https:\/\/soccer.aidatasports.com\/pt\/players\/Kaya-Symons-361502\"><img decoding=\"async\" src=\"https:\/\/soccer.aidatasports.com\/images\/players\/361502.png\" alt=\"Kaya Symons\" onerror=\"this.onerror=null;this.src='https:\/\/soccer.aidatasports.com\/images\/players\/default-player.png';\"><span>Kaya Symons<\/span><\/a><\/div>\n<div class=\"player\"><a href=\"https:\/\/soccer.aidatasports.com\/pt\/players\/Timo-Jansen-130612\"><img decoding=\"async\" src=\"https:\/\/soccer.aidatasports.com\/images\/players\/130612.png\" alt=\"Timo Jansen\" onerror=\"this.onerror=null;this.src='https:\/\/soccer.aidatasports.com\/images\/players\/default-player.png';\"><span>Timo Jansen<\/span><\/a><\/div>\n<div class=\"player\"><a href=\"https:\/\/soccer.aidatasports.com\/pt\/players\/Jason-Meerstadt-158595\"><img decoding=\"async\" src=\"https:\/\/soccer.aidatasports.com\/images\/players\/158595.png\" alt=\"Jason Meerstadt\" onerror=\"this.onerror=null;this.src='https:\/\/soccer.aidatasports.com\/images\/players\/default-player.png';\"><span>Jason Meerstadt<\/span><\/a><\/div>\n<div class=\"player\"><a href=\"https:\/\/soccer.aidatasports.com\/pt\/players\/Nathan-Kaninda-353536\"><img decoding=\"async\" src=\"https:\/\/soccer.aidatasports.com\/images\/players\/353536.png\" alt=\"Nathan Kaninda\" onerror=\"this.onerror=null;this.src='https:\/\/soccer.aidatasports.com\/images\/players\/default-player.png';\"><span>Nathan Kaninda<\/span><\/a><\/div>\n<div class=\"player\"><a href=\"https:\/\/soccer.aidatasports.com\/pt\/players\/Bouke-Boersma-507860\"><img decoding=\"async\" src=\"https:\/\/soccer.aidatasports.com\/images\/players\/507860.png\" alt=\"Bouke Boersma\" onerror=\"this.onerror=null;this.src='https:\/\/soccer.aidatasports.com\/images\/players\/default-player.png';\"><span>Bouke Boersma<\/span><\/a><\/div>\n<\/div>\n<\/div>\n<\/div>\n<div class=\"team-lineup\">\n<h3>MVV<\/h3>\n<p><img decoding=\"async\" src=\"https:\/\/media.api-sports.io\/football\/teams\/412.png\" alt=\"MVV\" style=\"width: 50px; height: 50px;\"><\/p>\n<div class=\"players-container\">\n<div>\n<h4>Titulares:<\/h4>\n<div class=\"player\"><a href=\"https:\/\/soccer.aidatasports.com\/pt\/players\/Sem-Westerveld-272690\"><img decoding=\"async\" src=\"https:\/\/soccer.aidatasports.com\/images\/players\/272690.png\" alt=\"Sem Westerveld\" onerror=\"this.onerror=null;this.src='https:\/\/soccer.aidatasports.com\/images\/players\/default-player.png';\"><span>Sem Westerveld<\/span><\/a><\/div>\n<div class=\"player\"><a href=\"https:\/\/soccer.aidatasports.com\/pt\/players\/Lenn-Minh-Tran-484102\"><img decoding=\"async\" src=\"https:\/\/soccer.aidatasports.com\/images\/players\/484102.png\" alt=\"Lenn-Minh Tran\" onerror=\"this.onerror=null;this.src='https:\/\/soccer.aidatasports.com\/images\/players\/default-player.png';\"><span>Lenn-Minh Tran<\/span><\/a><\/div>\n<div class=\"player\"><a href=\"https:\/\/soccer.aidatasports.com\/pt\/players\/Ilias-Breugelmans-322930\"><img decoding=\"async\" src=\"https:\/\/soccer.aidatasports.com\/images\/players\/322930.png\" alt=\"Ilias Breugelmans\" onerror=\"this.onerror=null;this.src='https:\/\/soccer.aidatasports.com\/images\/players\/default-player.png';\"><span>Ilias Breugelmans<\/span><\/a><\/div>\n<div class=\"player\"><a href=\"https:\/\/soccer.aidatasports.com\/pt\/players\/Wout-Coomans-353720\"><img decoding=\"async\" src=\"https:\/\/soccer.aidatasports.com\/images\/players\/353720.png\" alt=\"Wout Coomans\" onerror=\"this.onerror=null;this.src='https:\/\/soccer.aidatasports.com\/images\/players\/default-player.png';\"><span>Wout Coomans<\/span><\/a><\/div>\n<div class=\"player\"><a href=\"https:\/\/soccer.aidatasports.com\/pt\/players\/Lars-Schenk-295220\"><img decoding=\"async\" src=\"https:\/\/soccer.aidatasports.com\/images\/players\/295220.png\" alt=\"Lars Schenk\" onerror=\"this.onerror=null;this.src='https:\/\/soccer.aidatasports.com\/images\/players\/default-player.png';\"><span>Lars Schenk<\/span><\/a><\/div>\n<div class=\"player\"><a href=\"https:\/\/soccer.aidatasports.com\/pt\/players\/Ilano-Silva-Timas-367596\"><img decoding=\"async\" src=\"https:\/\/soccer.aidatasports.com\/images\/players\/367596.png\" alt=\"Ilano Silva Timas\" onerror=\"this.onerror=null;this.src='https:\/\/soccer.aidatasports.com\/images\/players\/default-player.png';\"><span>Ilano Silva Timas<\/span><\/a><\/div>\n<div class=\"player\"><a href=\"https:\/\/soccer.aidatasports.com\/pt\/players\/Marko-Kleinen-154866\"><img decoding=\"async\" src=\"https:\/\/soccer.aidatasports.com\/images\/players\/154866.png\" alt=\"Marko Kleinen\" onerror=\"this.onerror=null;this.src='https:\/\/soccer.aidatasports.com\/images\/players\/default-player.png';\"><span>Marko Kleinen<\/span><\/a><\/div>\n<div class=\"player\"><a href=\"https:\/\/soccer.aidatasports.com\/pt\/players\/Robert-Klaasen-37235\"><img decoding=\"async\" src=\"https:\/\/soccer.aidatasports.com\/images\/players\/37235.png\" alt=\"Robert Klaasen\" onerror=\"this.onerror=null;this.src='https:\/\/soccer.aidatasports.com\/images\/players\/default-player.png';\"><span>Robert Klaasen<\/span><\/a><\/div>\n<div class=\"player\"><a href=\"https:\/\/soccer.aidatasports.com\/pt\/players\/Mats-Kuipers-474831\"><img decoding=\"async\" src=\"https:\/\/soccer.aidatasports.com\/images\/players\/474831.png\" alt=\"Mats Kuipers\" onerror=\"this.onerror=null;this.src='https:\/\/soccer.aidatasports.com\/images\/players\/default-player.png';\"><span>Mats Kuipers<\/span><\/a><\/div>\n<div class=\"player\"><a href=\"https:\/\/soccer.aidatasports.com\/pt\/players\/Nabil-El-Basri-380201\"><img decoding=\"async\" src=\"https:\/\/soccer.aidatasports.com\/images\/players\/380201.png\" alt=\"Nabil El Basri\" onerror=\"this.onerror=null;this.src='https:\/\/soccer.aidatasports.com\/images\/players\/default-player.png';\"><span>Nabil El Basri<\/span><\/a><\/div>\n<div class=\"player\"><a href=\"https:\/\/soccer.aidatasports.com\/pt\/players\/Sven-Braken-37304\"><img decoding=\"async\" src=\"https:\/\/soccer.aidatasports.com\/images\/players\/37304.png\" alt=\"Sven Braken\" onerror=\"this.onerror=null;this.src='https:\/\/soccer.aidatasports.com\/images\/players\/default-player.png';\"><span>Sven Braken<\/span><\/a><\/div>\n<\/div>\n<div>\n<h4>Suplentes:<\/h4>\n<div class=\"player\"><a href=\"https:\/\/soccer.aidatasports.com\/pt\/players\/Delano-Asante-133734\"><img decoding=\"async\" src=\"https:\/\/soccer.aidatasports.com\/images\/players\/133734.png\" alt=\"Delano Asante\" onerror=\"this.onerror=null;this.src='https:\/\/soccer.aidatasports.com\/images\/players\/default-player.png';\"><span>Delano Asante<\/span><\/a><\/div>\n<div class=\"player\"><a href=\"https:\/\/soccer.aidatasports.com\/pt\/players\/Ferre-Slegers-402781\"><img decoding=\"async\" src=\"https:\/\/soccer.aidatasports.com\/images\/players\/402781.png\" alt=\"Ferre Slegers\" onerror=\"this.onerror=null;this.src='https:\/\/soccer.aidatasports.com\/images\/players\/default-player.png';\"><span>Ferre Slegers<\/span><\/a><\/div>\n<div class=\"player\"><a href=\"https:\/\/soccer.aidatasports.com\/pt\/players\/Ruud-Geerinck-525840\"><img decoding=\"async\" src=\"https:\/\/soccer.aidatasports.com\/images\/players\/525840.png\" alt=\"Ruud Geerinck\" onerror=\"this.onerror=null;this.src='https:\/\/soccer.aidatasports.com\/images\/players\/default-player.png';\"><span>Ruud Geerinck<\/span><\/a><\/div>\n<div class=\"player\"><a href=\"https:\/\/soccer.aidatasports.com\/pt\/players\/Nicola-Rijnbout-297558\"><img decoding=\"async\" src=\"https:\/\/soccer.aidatasports.com\/images\/players\/297558.png\" alt=\"Nicola Rijnbout\" onerror=\"this.onerror=null;this.src='https:\/\/soccer.aidatasports.com\/images\/players\/default-player.png';\"><span>Nicola Rijnbout<\/span><\/a><\/div>\n<div class=\"player\"><a href=\"https:\/\/soccer.aidatasports.com\/pt\/players\/Adam-Zaian-513290\"><img decoding=\"async\" src=\"https:\/\/soccer.aidatasports.com\/images\/players\/513290.png\" alt=\"Adam Zaian\" onerror=\"this.onerror=null;this.src='https:\/\/soccer.aidatasports.com\/images\/players\/default-player.png';\"><span>Adam Zaian<\/span><\/a><\/div>\n<div class=\"player\"><a href=\"https:\/\/soccer.aidatasports.com\/pt\/players\/Kanou-Sy-425209\"><img decoding=\"async\" src=\"https:\/\/soccer.aidatasports.com\/images\/players\/425209.png\" alt=\"Kanou Sy\" onerror=\"this.onerror=null;this.src='https:\/\/soccer.aidatasports.com\/images\/players\/default-player.png';\"><span>Kanou Sy<\/span><\/a><\/div>\n<div class=\"player\"><a href=\"https:\/\/soccer.aidatasports.com\/pt\/players\/Simon-Francis-425829\"><img decoding=\"async\" src=\"https:\/\/soccer.aidatasports.com\/images\/players\/425829.png\" alt=\"Simon Francis\" onerror=\"this.onerror=null;this.src='https:\/\/soccer.aidatasports.com\/images\/players\/default-player.png';\"><span>Simon Francis<\/span><\/a><\/div>\n<div class=\"player\"><a href=\"https:\/\/soccer.aidatasports.com\/pt\/players\/Mitch-van-Kempen-435726\"><img decoding=\"async\" src=\"https:\/\/soccer.aidatasports.com\/images\/players\/435726.png\" alt=\"Mitch van Kempen\" onerror=\"this.onerror=null;this.src='https:\/\/soccer.aidatasports.com\/images\/players\/default-player.png';\"><span>Mitch van Kempen<\/span><\/a><\/div>\n<div class=\"player\"><a href=\"https:\/\/soccer.aidatasports.com\/pt\/players\/Stan-Van-Dessel-127411\"><img decoding=\"async\" src=\"https:\/\/soccer.aidatasports.com\/images\/players\/127411.png\" alt=\"Stan Van Dessel\" onerror=\"this.onerror=null;this.src='https:\/\/soccer.aidatasports.com\/images\/players\/default-player.png';\"><span>Stan Van Dessel<\/span><\/a><\/div>\n<div class=\"player\"><a href=\"https:\/\/soccer.aidatasports.com\/pt\/players\/Thijme-Verheijen-272546\"><img decoding=\"async\" src=\"https:\/\/soccer.aidatasports.com\/images\/players\/272546.png\" alt=\"Thijme Verheijen\" onerror=\"this.onerror=null;this.src='https:\/\/soccer.aidatasports.com\/images\/players\/default-player.png';\"><span>Thijme Verheijen<\/span><\/a><\/div>\n<div class=\"player\"><a href=\"https:\/\/soccer.aidatasports.com\/pt\/players\/Luca-Foubert-375309\"><img decoding=\"async\" src=\"https:\/\/soccer.aidatasports.com\/images\/players\/375309.png\" alt=\"Luca Foubert\" onerror=\"this.onerror=null;this.src='https:\/\/soccer.aidatasports.com\/images\/players\/default-player.png';\"><span>Luca Foubert<\/span><\/a><\/div>\n<div class=\"player\"><a href=\"https:\/\/soccer.aidatasports.com\/pt\/players\/Jael-Pawaridihadjo-526542\"><img decoding=\"async\" src=\"https:\/\/soccer.aidatasports.com\/images\/players\/526542.png\" alt=\"Jael Pawaridihadjo\" onerror=\"this.onerror=null;this.src='https:\/\/soccer.aidatasports.com\/images\/players\/default-player.png';\"><span>Jael Pawaridihadjo<\/span><\/a><\/div>\n<\/div>\n<\/div>\n<\/div>\n<\/div>\n<div id=\"wg-api-football-game\"\n                    data-host=\"xxxxx\"\n                    data-key=\"xxxx\"\n                    data-id=\"1381935\"\n                    data-theme=\"\"\n                    data-refresh=\"15\"\n                    data-show-errors=\"false\"\n                    data-show-logos=\"true\"><br \/>\n                    class=&#8221;wg_loader&#8221;>\n                <\/div>\n<div id=\"wg-api-football-standings\"\n                    data-host=\"xxxx\"\n                    data-key=\"ddddd\"\n                    data-league=\"89\"\n                    data-team=\"\"\n                    data-season=\"2025\"\n                    data-theme=\"\"\n                    data-show-errors=\"false\"\n                    data-show-logos=\"true\"\n                    class=\"wg_loader\">\n                <\/div>\n<p>                <script\n                    type=\"module\"\n                    src=\"https:\/\/soccer.aidatasports.com\/wp-content\/customjs\/widgetslocal.js\">\n                <\/script><\/p>\n","protected":false},"excerpt":{"rendered":"<p>Portugu\u00eas: MVV Garante um Empate Tardiamente em Doetinchem Doetinchem, Pa\u00edses Baixos &#8211; Num jogo disputado&hellip;<\/p>\n","protected":false},"author":1,"featured_media":95396,"comment_status":"open","ping_status":"open","sticky":false,"template":"","format":"standard","meta":{"content-type":"","pmpro_default_level":"","_lmt_disableupdate":"","_lmt_disable":"","_league":15837,"_fixture":1381935,"penci_pfeatured_image_ratio":"","penci_single_style":"","footnotes":""},"categories":[15837],"tags":[322,526],"class_list":["post-95397","post","type-post","status-publish","format-standard","has-post-thumbnail","hentry","category-matches","tag-de-graafschap-netherlands-199","tag-mvv-netherlands-412","pmpro-has-access"],"_links":{"self":[{"href":"https:\/\/soccer.aidatasports.com\/pt\/wp-json\/wp\/v2\/posts\/95397"}],"collection":[{"href":"https:\/\/soccer.aidatasports.com\/pt\/wp-json\/wp\/v2\/posts"}],"about":[{"href":"https:\/\/soccer.aidatasports.com\/pt\/wp-json\/wp\/v2\/types\/post"}],"author":[{"embeddable":true,"href":"https:\/\/soccer.aidatasports.com\/pt\/wp-json\/wp\/v2\/users\/1"}],"replies":[{"embeddable":true,"href":"https:\/\/soccer.aidatasports.com\/pt\/wp-json\/wp\/v2\/comments?post=95397"}],"version-history":[{"count":0,"href":"https:\/\/soccer.aidatasports.com\/pt\/wp-json\/wp\/v2\/posts\/95397\/revisions"}],"wp:featuredmedia":[{"embeddable":true,"href":"https:\/\/soccer.aidatasports.com\/pt\/wp-json\/wp\/v2\/media\/95396"}],"wp:attachment":[{"href":"https:\/\/soccer.aidatasports.com\/pt\/wp-json\/wp\/v2\/media?parent=95397"}],"wp:term":[{"taxonomy":"category","embeddable":true,"href":"https:\/\/soccer.aidatasports.com\/pt\/wp-json\/wp\/v2\/categories?post=95397"},{"taxonomy":"post_tag","embeddable":true,"href":"https:\/\/soccer.aidatasports.com\/pt\/wp-json\/wp\/v2\/tags?post=95397"}],"curies":[{"name":"wp","href":"https:\/\/api.w.org\/{rel}","templated":true}]}}