{"id":91277,"date":"2025-06-08T18:43:25","date_gmt":"2025-06-08T18:43:25","guid":{"rendered":"https:\/\/soccer.aidatasports.com\/pt\/uncategorized\/racing-santander-vs-mirandes-jun-08-2025-1630-utc\/"},"modified":"2025-06-08T18:43:25","modified_gmt":"2025-06-08T18:43:25","slug":"racing-santander-vs-mirandes-jun-08-2025-1630-utc","status":"publish","type":"post","link":"https:\/\/soccer.aidatasports.com\/pt\/matches\/racing-santander-vs-mirandes-jun-08-2025-1630-utc\/","title":{"rendered":"Racing Santander vs Mirandes Jun 08 2025 16:30 UTC"},"content":{"rendered":"<p><strong>Portugu\u00eas:<\/strong><\/p>\n<p><strong>Empate Emocionante em Santander: Racing e Mirand\u00e9s Deixam Tudo em Campo<\/strong><\/p>\n<p>Santander, Espanha \u2013 Um encontro carregado de emo\u00e7\u00f5es aconteceu no Campos de Sport de El Sardinero neste 8 de junho de 2025, onde Racing Santander e Mirand\u00e9s empataram em um jogo vibrante correspondente \u00e0s semifinais dos play-offs de promo\u00e7\u00e3o da Segunda Divis\u00e3o. O \u00e1rbitro Damaso Arcediano Monescillo testemunhou um duelo disputado e cheio de alternativas.<\/p>\n<p>O Mirand\u00e9s abriu o placar com dois gols consecutivos no primeiro tempo. Izeta marcou o primeiro gol aos 31 minutos, assistido por J. Panichelli, e H. Rincon ampliou a vantagem aos 34 minutos, novamente com assist\u00eancia de Panichelli. No entanto, o Racing n\u00e3o se intimidou e descontou antes do intervalo com um gol de I. Vicente aos 40 minutos, assistido por J. Arana.<\/p>\n<p>No segundo tempo, o Mirand\u00e9s voltou a ampliar a vantagem com um gol de A. Reina aos 56 minutos, somando mais uma assist\u00eancia para J. Panichelli. O Racing respondeu com um gol de A. Martin aos 71 minutos, assistido por M. Gueye, mantendo vivas as esperan\u00e7as de empate. Um gol de A. Martin foi anulado pelo VAR nos acr\u00e9scimos, gerando grande pol\u00eamica. Finalmente, um gol contra de J. Alonso aos 90 minutos deu ao Racing Santander o empate definitivo.<\/p>\n<p>A partida foi intensa, com 53% de posse de bola para o Racing Santander e 47% para o Mirand\u00e9s. O Racing fez 10 chutes, com 2 a gol, enquanto o Mirand\u00e9s tentou 16 vezes, acertando 5. Em termos de disciplina, o Racing cometeu 11 faltas e recebeu 3 cart\u00f5es amarelos, enquanto o Mirand\u00e9s cometeu 14 faltas e tamb\u00e9m recebeu 3 cart\u00f5es amarelos. A s\u00e9rie permanece em aberto para o jogo de volta.<\/p>\n<p>Substitui\u00f5es na equipe de mirandes: Aos 46 minutos, V. Parada entrou e J. Gutierrez saiu., Aos 79 minutos, J. Roca entrou e Izeta saiu., Aos 89 minutos, Tachi entrou e A. Reina saiu., Aos 90 minutos, J. Alonso entrou e I. Benito saiu., Aos 90 minutos, A. Butzke entrou e J. Panichelli saiu. <\/p>\n<p>Substitui\u00f5es na equipe de racing santander: Aos 59 minutos, M. Sangalli entrou e R. Gonzalez saiu., Aos 65 minutos, J. Karrikaburu entrou e J. Arana saiu., Aos 65 minutos, M. Gueye entrou e A. Aldasoro saiu., Aos 82 minutos, S. Garcia entrou e C. Michelin saiu., Aos 82 minutos, Jeremy Arevalo entrou e M. Garcia saiu. <\/p>\n<p>As equipes se alinharam da seguinte forma:<\/p>\n<div class=\"lineups-container\">\n<style>\n                .lineups-container {\n                    display: flex;\n                    justify-content: space-around;\n                    flex-wrap: wrap;\n                }\n                .team-lineup {\n                    width: 49%;\n                    margin-bottom: 20px;\n                    border: 1px solid #ccc;\n                    padding: 5px;\n                }\n                .team-lineup h3 {\n                    text-align: center;\n                    margin-bottom: 10px;\n                }\n                .players-container {\n                    display: flex;\n                    justify-content: space-between;\n                }\n                .players-container div {\n                    width: 100%;\n                }\n                .player {\n                    display: flex;\n                    align-items: center;\n                    margin-bottom: 5px;\n                }\n                .player img {\n                    width: 30px;\n                    height: 30px;\n                    border-radius: 50%;\n                    margin-right: 10px;\n                }\n                    @media (max-width: 600px) {\n                    .team-lineup {\n                        width: 100%;\n                    }\n                }\n                <\/style>\n<div class=\"team-lineup\">\n<h3>Racing Santander<\/h3>\n<p><img decoding=\"async\" src=\"https:\/\/media.api-sports.io\/football\/teams\/4665.png\" alt=\"Racing Santander\" style=\"width: 50px; height: 50px;\"><\/p>\n<div class=\"players-container\">\n<div>\n<h4>Titulares:<\/h4>\n<div class=\"player\"><a href=\"https:\/\/soccer.aidatasports.com\/pt\/players\/Jokin-Ezkieta-125\"><img decoding=\"async\" src=\"https:\/\/soccer.aidatasports.com\/images\/players\/125.png\" alt=\"Jokin Ezkieta\" onerror=\"this.onerror=null;this.src='https:\/\/soccer.aidatasports.com\/images\/players\/default-player.png';\"><span>Jokin Ezkieta<\/span><\/a><\/div>\n<div class=\"player\"><a href=\"https:\/\/soccer.aidatasports.com\/pt\/players\/Cl\u00e9ment-Michelin-20946\"><img decoding=\"async\" src=\"https:\/\/soccer.aidatasports.com\/images\/players\/20946.png\" alt=\"Cl\u00e9ment Michelin\" onerror=\"this.onerror=null;this.src='https:\/\/soccer.aidatasports.com\/images\/players\/default-player.png';\"><span>Cl\u00e9ment Michelin<\/span><\/a><\/div>\n<div class=\"player\"><a href=\"https:\/\/soccer.aidatasports.com\/pt\/players\/Alvaro-Mantilla-181685\"><img decoding=\"async\" src=\"https:\/\/soccer.aidatasports.com\/images\/players\/181685.png\" alt=\"Alvaro Mantilla\" onerror=\"this.onerror=null;this.src='https:\/\/soccer.aidatasports.com\/images\/players\/default-player.png';\"><span>Alvaro Mantilla<\/span><\/a><\/div>\n<div class=\"player\"><a href=\"https:\/\/soccer.aidatasports.com\/pt\/players\/Javier-Castro-184693\"><img decoding=\"async\" src=\"https:\/\/soccer.aidatasports.com\/images\/players\/184693.png\" alt=\"Javier Castro\" onerror=\"this.onerror=null;this.src='https:\/\/soccer.aidatasports.com\/images\/players\/default-player.png';\"><span>Javier Castro<\/span><\/a><\/div>\n<div class=\"player\"><a href=\"https:\/\/soccer.aidatasports.com\/pt\/players\/Mario-Garcia-385767\"><img decoding=\"async\" src=\"https:\/\/soccer.aidatasports.com\/images\/players\/385767.png\" alt=\"Mario Garcia\" onerror=\"this.onerror=null;this.src='https:\/\/soccer.aidatasports.com\/images\/players\/default-player.png';\"><span>Mario Garcia<\/span><\/a><\/div>\n<div class=\"player\"><a href=\"https:\/\/soccer.aidatasports.com\/pt\/players\/V\u00edctor-Meseguer-181463\"><img decoding=\"async\" src=\"https:\/\/soccer.aidatasports.com\/images\/players\/181463.png\" alt=\"V\u00edctor Meseguer\" onerror=\"this.onerror=null;this.src='https:\/\/soccer.aidatasports.com\/images\/players\/default-player.png';\"><span>V\u00edctor Meseguer<\/span><\/a><\/div>\n<div class=\"player\"><a href=\"https:\/\/soccer.aidatasports.com\/pt\/players\/Aritz-Aldasoro-182622\"><img decoding=\"async\" src=\"https:\/\/soccer.aidatasports.com\/images\/players\/182622.png\" alt=\"Aritz Aldasoro\" onerror=\"this.onerror=null;this.src='https:\/\/soccer.aidatasports.com\/images\/players\/default-player.png';\"><span>Aritz Aldasoro<\/span><\/a><\/div>\n<div class=\"player\"><a href=\"https:\/\/soccer.aidatasports.com\/pt\/players\/Andr\u00e9s-Mart\u00edn-47209\"><img decoding=\"async\" src=\"https:\/\/soccer.aidatasports.com\/images\/players\/47209.png\" alt=\"Andr\u00e9s Mart\u00edn\" onerror=\"this.onerror=null;this.src='https:\/\/soccer.aidatasports.com\/images\/players\/default-player.png';\"><span>Andr\u00e9s Mart\u00edn<\/span><\/a><\/div>\n<div class=\"player\"><a href=\"https:\/\/soccer.aidatasports.com\/pt\/players\/Rober-Gonz\u00e1lez-1582\"><img decoding=\"async\" src=\"https:\/\/soccer.aidatasports.com\/images\/players\/1582.png\" alt=\"Rober Gonz\u00e1lez\" onerror=\"this.onerror=null;this.src='https:\/\/soccer.aidatasports.com\/images\/players\/default-player.png';\"><span>Rober Gonz\u00e1lez<\/span><\/a><\/div>\n<div class=\"player\"><a href=\"https:\/\/soccer.aidatasports.com\/pt\/players\/I\u00f1igo-Vicente-47293\"><img decoding=\"async\" src=\"https:\/\/soccer.aidatasports.com\/images\/players\/47293.png\" alt=\"I\u00f1igo Vicente\" onerror=\"this.onerror=null;this.src='https:\/\/soccer.aidatasports.com\/images\/players\/default-player.png';\"><span>I\u00f1igo Vicente<\/span><\/a><\/div>\n<div class=\"player\"><a href=\"https:\/\/soccer.aidatasports.com\/pt\/players\/Juan-Carlos-Arana-184193\"><img decoding=\"async\" src=\"https:\/\/soccer.aidatasports.com\/images\/players\/184193.png\" alt=\"Juan Carlos Arana\" onerror=\"this.onerror=null;this.src='https:\/\/soccer.aidatasports.com\/images\/players\/default-player.png';\"><span>Juan Carlos Arana<\/span><\/a><\/div>\n<\/div>\n<div>\n<h4>Suplentes:<\/h4>\n<div class=\"player\"><a href=\"https:\/\/soccer.aidatasports.com\/pt\/players\/Marco-Sangalli-46960\"><img decoding=\"async\" src=\"https:\/\/soccer.aidatasports.com\/images\/players\/46960.png\" alt=\"Marco Sangalli\" onerror=\"this.onerror=null;this.src='https:\/\/soccer.aidatasports.com\/images\/players\/default-player.png';\"><span>Marco Sangalli<\/span><\/a><\/div>\n<div class=\"player\"><a href=\"https:\/\/soccer.aidatasports.com\/pt\/players\/Maguette-Gueye-334014\"><img decoding=\"async\" src=\"https:\/\/soccer.aidatasports.com\/images\/players\/334014.png\" alt=\"Maguette Gueye\" onerror=\"this.onerror=null;this.src='https:\/\/soccer.aidatasports.com\/images\/players\/default-player.png';\"><span>Maguette Gueye<\/span><\/a><\/div>\n<div class=\"player\"><a href=\"https:\/\/soccer.aidatasports.com\/pt\/players\/Jon-Karrikaburu-183748\"><img decoding=\"async\" src=\"https:\/\/soccer.aidatasports.com\/images\/players\/183748.png\" alt=\"Jon Karrikaburu\" onerror=\"this.onerror=null;this.src='https:\/\/soccer.aidatasports.com\/images\/players\/default-player.png';\"><span>Jon Karrikaburu<\/span><\/a><\/div>\n<div class=\"player\"><a href=\"https:\/\/soccer.aidatasports.com\/pt\/players\/Miquel-Parera-46728\"><img decoding=\"async\" src=\"https:\/\/soccer.aidatasports.com\/images\/players\/46728.png\" alt=\"Miquel Parera\" onerror=\"this.onerror=null;this.src='https:\/\/soccer.aidatasports.com\/images\/players\/default-player.png';\"><span>Miquel Parera<\/span><\/a><\/div>\n<div class=\"player\"><a href=\"https:\/\/soccer.aidatasports.com\/pt\/players\/Manu-Hernando-165713\"><img decoding=\"async\" src=\"https:\/\/soccer.aidatasports.com\/images\/players\/165713.png\" alt=\"Manu Hernando\" onerror=\"this.onerror=null;this.src='https:\/\/soccer.aidatasports.com\/images\/players\/default-player.png';\"><span>Manu Hernando<\/span><\/a><\/div>\n<div class=\"player\"><a href=\"https:\/\/soccer.aidatasports.com\/pt\/players\/Francisco-Montero-35\"><img decoding=\"async\" src=\"https:\/\/soccer.aidatasports.com\/images\/players\/35.png\" alt=\"Francisco Montero\" onerror=\"this.onerror=null;this.src='https:\/\/soccer.aidatasports.com\/images\/players\/default-player.png';\"><span>Francisco Montero<\/span><\/a><\/div>\n<div class=\"player\"><a href=\"https:\/\/soccer.aidatasports.com\/pt\/players\/Sa\u00fal-Garc\u00eda-46789\"><img decoding=\"async\" src=\"https:\/\/soccer.aidatasports.com\/images\/players\/46789.png\" alt=\"Sa\u00fal Garc\u00eda\" onerror=\"this.onerror=null;this.src='https:\/\/soccer.aidatasports.com\/images\/players\/default-player.png';\"><span>Sa\u00fal Garc\u00eda<\/span><\/a><\/div>\n<div class=\"player\"><a href=\"https:\/\/soccer.aidatasports.com\/pt\/players\/Jeremy-Arevalo-350799\"><img decoding=\"async\" src=\"https:\/\/soccer.aidatasports.com\/images\/players\/350799.png\" alt=\"Jeremy Arevalo\" onerror=\"this.onerror=null;this.src='https:\/\/soccer.aidatasports.com\/images\/players\/default-player.png';\"><span>Jeremy Arevalo<\/span><\/a><\/div>\n<div class=\"player\"><a href=\"https:\/\/soccer.aidatasports.com\/pt\/players\/Unai-Vencedor-182639\"><img decoding=\"async\" src=\"https:\/\/soccer.aidatasports.com\/images\/players\/182639.png\" alt=\"Unai Vencedor\" onerror=\"this.onerror=null;this.src='https:\/\/soccer.aidatasports.com\/images\/players\/default-player.png';\"><span>Unai Vencedor<\/span><\/a><\/div>\n<div class=\"player\"><a href=\"https:\/\/soccer.aidatasports.com\/pt\/players\/Lago-J\u00fanior-46749\"><img decoding=\"async\" src=\"https:\/\/soccer.aidatasports.com\/images\/players\/46749.png\" alt=\"Lago J\u00fanior\" onerror=\"this.onerror=null;this.src='https:\/\/soccer.aidatasports.com\/images\/players\/default-player.png';\"><span>Lago J\u00fanior<\/span><\/a><\/div>\n<div class=\"player\"><a href=\"https:\/\/soccer.aidatasports.com\/pt\/players\/Pablo-Rodr\u00edguez-162029\"><img decoding=\"async\" src=\"https:\/\/soccer.aidatasports.com\/images\/players\/162029.png\" alt=\"Pablo Rodr\u00edguez\" onerror=\"this.onerror=null;this.src='https:\/\/soccer.aidatasports.com\/images\/players\/default-player.png';\"><span>Pablo Rodr\u00edguez<\/span><\/a><\/div>\n<div class=\"player\"><a href=\"https:\/\/soccer.aidatasports.com\/pt\/players\/Ekain-Zenitagoia-125566\"><img decoding=\"async\" src=\"https:\/\/soccer.aidatasports.com\/images\/players\/125566.png\" alt=\"Ekain Zenitagoia\" onerror=\"this.onerror=null;this.src='https:\/\/soccer.aidatasports.com\/images\/players\/default-player.png';\"><span>Ekain Zenitagoia<\/span><\/a><\/div>\n<\/div>\n<\/div>\n<\/div>\n<div class=\"team-lineup\">\n<h3>Mirandes<\/h3>\n<p><img decoding=\"async\" src=\"https:\/\/media.api-sports.io\/football\/teams\/799.png\" alt=\"Mirandes\" style=\"width: 50px; height: 50px;\"><\/p>\n<div class=\"players-container\">\n<div>\n<h4>Titulares:<\/h4>\n<div class=\"player\"><a href=\"https:\/\/soccer.aidatasports.com\/pt\/players\/Ra\u00fal-Fern\u00e1ndez-46987\"><img decoding=\"async\" src=\"https:\/\/soccer.aidatasports.com\/images\/players\/46987.png\" alt=\"Ra\u00fal Fern\u00e1ndez\" onerror=\"this.onerror=null;this.src='https:\/\/soccer.aidatasports.com\/images\/players\/default-player.png';\"><span>Ra\u00fal Fern\u00e1ndez<\/span><\/a><\/div>\n<div class=\"player\"><a href=\"https:\/\/soccer.aidatasports.com\/pt\/players\/Hugo-Rinc\u00f3n-313025\"><img decoding=\"async\" src=\"https:\/\/soccer.aidatasports.com\/images\/players\/313025.png\" alt=\"Hugo Rinc\u00f3n\" onerror=\"this.onerror=null;this.src='https:\/\/soccer.aidatasports.com\/images\/players\/default-player.png';\"><span>Hugo Rinc\u00f3n<\/span><\/a><\/div>\n<div class=\"player\"><a href=\"https:\/\/soccer.aidatasports.com\/pt\/players\/Juan-Guti\u00e9rrez-183582\"><img decoding=\"async\" src=\"https:\/\/soccer.aidatasports.com\/images\/players\/183582.png\" alt=\"Juan Guti\u00e9rrez\" onerror=\"this.onerror=null;this.src='https:\/\/soccer.aidatasports.com\/images\/players\/default-player.png';\"><span>Juan Guti\u00e9rrez<\/span><\/a><\/div>\n<div class=\"player\"><a href=\"https:\/\/soccer.aidatasports.com\/pt\/players\/Unai-Egu\u00edluz-332305\"><img decoding=\"async\" src=\"https:\/\/soccer.aidatasports.com\/images\/players\/332305.png\" alt=\"Unai Egu\u00edluz\" onerror=\"this.onerror=null;this.src='https:\/\/soccer.aidatasports.com\/images\/players\/default-player.png';\"><span>Unai Egu\u00edluz<\/span><\/a><\/div>\n<div class=\"player\"><a href=\"https:\/\/soccer.aidatasports.com\/pt\/players\/Pablo-Tomeo-285422\"><img decoding=\"async\" src=\"https:\/\/soccer.aidatasports.com\/images\/players\/285422.png\" alt=\"Pablo Tomeo\" onerror=\"this.onerror=null;this.src='https:\/\/soccer.aidatasports.com\/images\/players\/default-player.png';\"><span>Pablo Tomeo<\/span><\/a><\/div>\n<div class=\"player\"><a href=\"https:\/\/soccer.aidatasports.com\/pt\/players\/Iker-Benito-288800\"><img decoding=\"async\" src=\"https:\/\/soccer.aidatasports.com\/images\/players\/288800.png\" alt=\"Iker Benito\" onerror=\"this.onerror=null;this.src='https:\/\/soccer.aidatasports.com\/images\/players\/default-player.png';\"><span>Iker Benito<\/span><\/a><\/div>\n<div class=\"player\"><a href=\"https:\/\/soccer.aidatasports.com\/pt\/players\/Alberto-Reina-182486\"><img decoding=\"async\" src=\"https:\/\/soccer.aidatasports.com\/images\/players\/182486.png\" alt=\"Alberto Reina\" onerror=\"this.onerror=null;this.src='https:\/\/soccer.aidatasports.com\/images\/players\/default-player.png';\"><span>Alberto Reina<\/span><\/a><\/div>\n<div class=\"player\"><a href=\"https:\/\/soccer.aidatasports.com\/pt\/players\/Jon-Gorrotxategi-287654\"><img decoding=\"async\" src=\"https:\/\/soccer.aidatasports.com\/images\/players\/287654.png\" alt=\"Jon Gorrotxategi\" onerror=\"this.onerror=null;this.src='https:\/\/soccer.aidatasports.com\/images\/players\/default-player.png';\"><span>Jon Gorrotxategi<\/span><\/a><\/div>\n<div class=\"player\"><a href=\"https:\/\/soccer.aidatasports.com\/pt\/players\/Mathis-Lachuer-191422\"><img decoding=\"async\" src=\"https:\/\/soccer.aidatasports.com\/images\/players\/191422.png\" alt=\"Mathis Lachuer\" onerror=\"this.onerror=null;this.src='https:\/\/soccer.aidatasports.com\/images\/players\/default-player.png';\"><span>Mathis Lachuer<\/span><\/a><\/div>\n<div class=\"player\"><a href=\"https:\/\/soccer.aidatasports.com\/pt\/players\/Joaquin-Panichelli-390742\"><img decoding=\"async\" src=\"https:\/\/soccer.aidatasports.com\/images\/players\/390742.png\" alt=\"Joaquin Panichelli\" onerror=\"this.onerror=null;this.src='https:\/\/soccer.aidatasports.com\/images\/players\/default-player.png';\"><span>Joaquin Panichelli<\/span><\/a><\/div>\n<div class=\"player\"><a href=\"https:\/\/soccer.aidatasports.com\/pt\/players\/Urko-Izeta-183776\"><img decoding=\"async\" src=\"https:\/\/soccer.aidatasports.com\/images\/players\/183776.png\" alt=\"Urko Izeta\" onerror=\"this.onerror=null;this.src='https:\/\/soccer.aidatasports.com\/images\/players\/default-player.png';\"><span>Urko Izeta<\/span><\/a><\/div>\n<\/div>\n<div>\n<h4>Suplentes:<\/h4>\n<div class=\"player\"><a href=\"https:\/\/soccer.aidatasports.com\/pt\/players\/Victor-Parada-128951\"><img decoding=\"async\" src=\"https:\/\/soccer.aidatasports.com\/images\/players\/128951.png\" alt=\"Victor Parada\" onerror=\"this.onerror=null;this.src='https:\/\/soccer.aidatasports.com\/images\/players\/default-player.png';\"><span>Victor Parada<\/span><\/a><\/div>\n<div class=\"player\"><a href=\"https:\/\/soccer.aidatasports.com\/pt\/players\/Alex-Gonz\u00e1lez-Gorrin-208198\"><img decoding=\"async\" src=\"https:\/\/soccer.aidatasports.com\/images\/players\/208198.png\" alt=\"Alex Gonz\u00e1lez Gorrin\" onerror=\"this.onerror=null;this.src='https:\/\/soccer.aidatasports.com\/images\/players\/default-player.png';\"><span>Alex Gonz\u00e1lez Gorrin<\/span><\/a><\/div>\n<div class=\"player\"><a href=\"https:\/\/soccer.aidatasports.com\/pt\/players\/Luis-L\u00f3pez-162529\"><img decoding=\"async\" src=\"https:\/\/soccer.aidatasports.com\/images\/players\/162529.png\" alt=\"Luis L\u00f3pez\" onerror=\"this.onerror=null;this.src='https:\/\/soccer.aidatasports.com\/images\/players\/default-player.png';\"><span>Luis L\u00f3pez<\/span><\/a><\/div>\n<div class=\"player\"><a href=\"https:\/\/soccer.aidatasports.com\/pt\/players\/Julio-Alonso-1559\"><img decoding=\"async\" src=\"https:\/\/soccer.aidatasports.com\/images\/players\/1559.png\" alt=\"Julio Alonso\" onerror=\"this.onerror=null;this.src='https:\/\/soccer.aidatasports.com\/images\/players\/default-player.png';\"><span>Julio Alonso<\/span><\/a><\/div>\n<div class=\"player\"><a href=\"https:\/\/soccer.aidatasports.com\/pt\/players\/Alberto-Rodr\u00edguez-38\"><img decoding=\"async\" src=\"https:\/\/soccer.aidatasports.com\/images\/players\/38.png\" alt=\"Alberto Rodr\u00edguez\" onerror=\"this.onerror=null;this.src='https:\/\/soccer.aidatasports.com\/images\/players\/default-player.png';\"><span>Alberto Rodr\u00edguez<\/span><\/a><\/div>\n<div class=\"player\"><a href=\"https:\/\/soccer.aidatasports.com\/pt\/players\/Sergio-Postigo-47458\"><img decoding=\"async\" src=\"https:\/\/soccer.aidatasports.com\/images\/players\/47458.png\" alt=\"Sergio Postigo\" onerror=\"this.onerror=null;this.src='https:\/\/soccer.aidatasports.com\/images\/players\/default-player.png';\"><span>Sergio Postigo<\/span><\/a><\/div>\n<div class=\"player\"><a href=\"https:\/\/soccer.aidatasports.com\/pt\/players\/Carlo-Adriano-Garc\u00eda-184196\"><img decoding=\"async\" src=\"https:\/\/soccer.aidatasports.com\/images\/players\/184196.png\" alt=\"Carlo Adriano Garc\u00eda\" onerror=\"this.onerror=null;this.src='https:\/\/soccer.aidatasports.com\/images\/players\/default-player.png';\"><span>Carlo Adriano Garc\u00eda<\/span><\/a><\/div>\n<div class=\"player\"><a href=\"https:\/\/soccer.aidatasports.com\/pt\/players\/Ander-Mart\u00edn-183706\"><img decoding=\"async\" src=\"https:\/\/soccer.aidatasports.com\/images\/players\/183706.png\" alt=\"Ander Mart\u00edn\" onerror=\"this.onerror=null;this.src='https:\/\/soccer.aidatasports.com\/images\/players\/default-player.png';\"><span>Ander Mart\u00edn<\/span><\/a><\/div>\n<div class=\"player\"><a href=\"https:\/\/soccer.aidatasports.com\/pt\/players\/Alex-Calvo-401837\"><img decoding=\"async\" src=\"https:\/\/soccer.aidatasports.com\/images\/players\/401837.png\" alt=\"Alex Calvo\" onerror=\"this.onerror=null;this.src='https:\/\/soccer.aidatasports.com\/images\/players\/default-player.png';\"><span>Alex Calvo<\/span><\/a><\/div>\n<div class=\"player\"><a href=\"https:\/\/soccer.aidatasports.com\/pt\/players\/Joel-Roca-339105\"><img decoding=\"async\" src=\"https:\/\/soccer.aidatasports.com\/images\/players\/339105.png\" alt=\"Joel Roca\" onerror=\"this.onerror=null;this.src='https:\/\/soccer.aidatasports.com\/images\/players\/default-player.png';\"><span>Joel Roca<\/span><\/a><\/div>\n<div class=\"player\"><a href=\"https:\/\/soccer.aidatasports.com\/pt\/players\/Adri\u00e1n-Butzke-182167\"><img decoding=\"async\" src=\"https:\/\/soccer.aidatasports.com\/images\/players\/182167.png\" alt=\"Adri\u00e1n Butzke\" onerror=\"this.onerror=null;this.src='https:\/\/soccer.aidatasports.com\/images\/players\/default-player.png';\"><span>Adri\u00e1n Butzke<\/span><\/a><\/div>\n<div class=\"player\"><a href=\"https:\/\/soccer.aidatasports.com\/pt\/players\/Alberto-Dadie-287653\"><img decoding=\"async\" src=\"https:\/\/soccer.aidatasports.com\/images\/players\/287653.png\" alt=\"Alberto Dadie\" onerror=\"this.onerror=null;this.src='https:\/\/soccer.aidatasports.com\/images\/players\/default-player.png';\"><span>Alberto Dadie<\/span><\/a><\/div>\n<\/div>\n<\/div>\n<\/div>\n<\/div>\n<div id=\"wg-api-football-game\"\n                    data-host=\"xxxxx\"\n                    data-key=\"xxxx\"\n                    data-id=\"1377430\"\n                    data-theme=\"\"\n                    data-refresh=\"15\"\n                    data-show-errors=\"false\"\n                    data-show-logos=\"true\"><br \/>\n                    class=&#8221;wg_loader&#8221;>\n                <\/div>\n<div id=\"wg-api-football-standings\"\n                    data-host=\"xxxx\"\n                    data-key=\"ddddd\"\n                    data-league=\"141\"\n                    data-team=\"\"\n                    data-season=\"2024\"\n                    data-theme=\"\"\n                    data-show-errors=\"false\"\n                    data-show-logos=\"true\"\n                    class=\"wg_loader\">\n                <\/div>\n<p>                <script\n                    type=\"module\"\n                    src=\"https:\/\/soccer.aidatasports.com\/wp-content\/customjs\/widgetslocal.js\">\n                <\/script><\/p>\n","protected":false},"excerpt":{"rendered":"<p>Portugu\u00eas: Empate Emocionante em Santander: Racing e Mirand\u00e9s Deixam Tudo em Campo Santander, Espanha \u2013&hellip;<\/p>\n","protected":false},"author":1,"featured_media":91276,"comment_status":"open","ping_status":"open","sticky":false,"template":"","format":"standard","meta":{"content-type":"","pmpro_default_level":"","_lmt_disableupdate":"","_lmt_disable":"","_league":15837,"_fixture":1377430,"penci_pfeatured_image_ratio":"","penci_single_style":"","footnotes":""},"categories":[15837],"tags":[875,3611],"class_list":["post-91277","post","type-post","status-publish","format-standard","has-post-thumbnail","hentry","category-matches","tag-mirandes-spain-799","tag-racing-santander-spain-4665","pmpro-has-access"],"_links":{"self":[{"href":"https:\/\/soccer.aidatasports.com\/pt\/wp-json\/wp\/v2\/posts\/91277"}],"collection":[{"href":"https:\/\/soccer.aidatasports.com\/pt\/wp-json\/wp\/v2\/posts"}],"about":[{"href":"https:\/\/soccer.aidatasports.com\/pt\/wp-json\/wp\/v2\/types\/post"}],"author":[{"embeddable":true,"href":"https:\/\/soccer.aidatasports.com\/pt\/wp-json\/wp\/v2\/users\/1"}],"replies":[{"embeddable":true,"href":"https:\/\/soccer.aidatasports.com\/pt\/wp-json\/wp\/v2\/comments?post=91277"}],"version-history":[{"count":0,"href":"https:\/\/soccer.aidatasports.com\/pt\/wp-json\/wp\/v2\/posts\/91277\/revisions"}],"wp:featuredmedia":[{"embeddable":true,"href":"https:\/\/soccer.aidatasports.com\/pt\/wp-json\/wp\/v2\/media\/91276"}],"wp:attachment":[{"href":"https:\/\/soccer.aidatasports.com\/pt\/wp-json\/wp\/v2\/media?parent=91277"}],"wp:term":[{"taxonomy":"category","embeddable":true,"href":"https:\/\/soccer.aidatasports.com\/pt\/wp-json\/wp\/v2\/categories?post=91277"},{"taxonomy":"post_tag","embeddable":true,"href":"https:\/\/soccer.aidatasports.com\/pt\/wp-json\/wp\/v2\/tags?post=91277"}],"curies":[{"name":"wp","href":"https:\/\/api.w.org\/{rel}","templated":true}]}}