{"id":88969,"date":"2025-05-02T20:05:50","date_gmt":"2025-05-02T20:05:50","guid":{"rendered":"https:\/\/soccer.aidatasports.com\/pt\/uncategorized\/de-graafschap-vs-telstar-may-02-2025-1800-utc\/"},"modified":"2025-05-02T20:05:50","modified_gmt":"2025-05-02T20:05:50","slug":"de-graafschap-vs-telstar-may-02-2025-1800-utc","status":"publish","type":"post","link":"https:\/\/soccer.aidatasports.com\/pt\/matches\/de-graafschap-vs-telstar-may-02-2025-1800-utc\/","title":{"rendered":"De Graafschap vs Telstar May 02 2025 18:00 UTC"},"content":{"rendered":"<p><strong>Portugu\u00eas<\/strong><\/p>\n<p>De Graafschap vence o Telstar em emocionante confronto no Stadion De Vijverberg<\/p>\n<p>Doetinchem, Pa\u00edses Baixos \u2013 O De Graafschap venceu o Telstar por 2-1 em uma partida emocionante da Eerste Divisie disputada no Stadion De Vijverberg. A partida, realizada em 2 de maio de 2025, foi um troca constante de oportunidades.<\/p>\n<p>J. Cooper-Love abriu o placar para o De Graafschap aos 26 minutos, mas Y. El Kachati empatou rapidamente para o Telstar aos 29 minutos. O segundo tempo foi igualmente intenso, com T. van Gilst marcando o gol da vit\u00f3ria para o De Graafschap aos 61 minutos.<\/p>\n<p>Apesar da derrota, o Telstar mostrou grande resist\u00eancia, criando chances de gol e mantendo uma presen\u00e7a not\u00e1vel na partida apesar de ter menos posse de bola (41%). O De Graafschap, com 59% de posse,  efetuou 16 chutes (7 no alvo), enquanto o Telstar conseguiu 14 (5 no alvo). Ambas as equipes receberam um cart\u00e3o amarelo cada. O De Graafschap tamb\u00e9m dominou nos escanteios, com 7 a 3 para o Telstar.<\/p>\n<p>Disputada em um ambiente eletrizante, a partida foi um reflexo da competitividade da Eerste Divisie. A vit\u00f3ria consolida a posi\u00e7\u00e3o do De Graafschap na tabela, enquanto o Telstar buscar\u00e1 a recupera\u00e7\u00e3o nos pr\u00f3ximos jogos.<\/p>\n<p>Substitui\u00f5es na equipe de de graafschap: Aos 46 minutos, D. Warmerdam entrou e A. Najah saiu., Aos 75 minutos, P. Brittijn entrou e T. van Gilst saiu., Aos 79 minutos, R. Besselink entrou e J. Fortes saiu., Aos 90 minutos, Y. El Jebli entrou e R. Niemeijer saiu., Aos 90 minutos, S. Colyn entrou e W. Marcal-Madivadua saiu. <\/p>\n<p>Substitui\u00f5es na equipe de telstar: Aos 46 minutos, M. Kaandorp entrou e N. Rossen saiu., Aos 63 minutos, R. Kharchouch entrou e M. Hamdaoui saiu., Aos 73 minutos, S. Hagedoorn entrou e J. Hardeveld saiu., Aos 73 minutos, A. Douiri entrou e S. Hetli saiu. <\/p>\n<p>As equipes se alinharam da seguinte forma:<\/p>\n<div class=\"lineups-container\">\n<style>\n                .lineups-container {\n                    display: flex;\n                    justify-content: space-around;\n                    flex-wrap: wrap;\n                }\n                .team-lineup {\n                    width: 49%;\n                    margin-bottom: 20px;\n                    border: 1px solid #ccc;\n                    padding: 5px;\n                }\n                .team-lineup h3 {\n                    text-align: center;\n                    margin-bottom: 10px;\n                }\n                .players-container {\n                    display: flex;\n                    justify-content: space-between;\n                }\n                .players-container div {\n                    width: 100%;\n                }\n                .player {\n                    display: flex;\n                    align-items: center;\n                    margin-bottom: 5px;\n                }\n                .player img {\n                    width: 30px;\n                    height: 30px;\n                    border-radius: 50%;\n                    margin-right: 10px;\n                }\n                    @media (max-width: 600px) {\n                    .team-lineup {\n                        width: 100%;\n                    }\n                }\n                <\/style>\n<div class=\"team-lineup\">\n<h3>De Graafschap<\/h3>\n<p><img decoding=\"async\" src=\"https:\/\/media.api-sports.io\/football\/teams\/199.png\" alt=\"De Graafschap\" style=\"width: 50px; height: 50px;\"><\/p>\n<div class=\"players-container\">\n<div>\n<h4>Titulares:<\/h4>\n<div class=\"player\"><a href=\"https:\/\/soccer.aidatasports.com\/pt\/players\/Sten-Kremers-336679\"><img decoding=\"async\" src=\"https:\/\/soccer.aidatasports.com\/images\/players\/336679.png\" alt=\"Sten Kremers\" onerror=\"this.onerror=null;this.src='https:\/\/soccer.aidatasports.com\/images\/players\/default-player.png';\"><span>Sten Kremers<\/span><\/a><\/div>\n<div class=\"player\"><a href=\"https:\/\/soccer.aidatasports.com\/pt\/players\/Jeffrey-Fortes-37885\"><img decoding=\"async\" src=\"https:\/\/soccer.aidatasports.com\/images\/players\/37885.png\" alt=\"Jeffrey Fortes\" onerror=\"this.onerror=null;this.src='https:\/\/soccer.aidatasports.com\/images\/players\/default-player.png';\"><span>Jeffrey Fortes<\/span><\/a><\/div>\n<div class=\"player\"><a href=\"https:\/\/soccer.aidatasports.com\/pt\/players\/Maas-Willemsen-327347\"><img decoding=\"async\" src=\"https:\/\/soccer.aidatasports.com\/images\/players\/327347.png\" alt=\"Maas Willemsen\" onerror=\"this.onerror=null;this.src='https:\/\/soccer.aidatasports.com\/images\/players\/default-player.png';\"><span>Maas Willemsen<\/span><\/a><\/div>\n<div class=\"player\"><a href=\"https:\/\/soccer.aidatasports.com\/pt\/players\/Rio-Hillen-36886\"><img decoding=\"async\" src=\"https:\/\/soccer.aidatasports.com\/images\/players\/36886.png\" alt=\"Rio Hillen\" onerror=\"this.onerror=null;this.src='https:\/\/soccer.aidatasports.com\/images\/players\/default-player.png';\"><span>Rio Hillen<\/span><\/a><\/div>\n<div class=\"player\"><a href=\"https:\/\/soccer.aidatasports.com\/pt\/players\/Levi-Schoppema-373789\"><img decoding=\"async\" src=\"https:\/\/soccer.aidatasports.com\/images\/players\/373789.png\" alt=\"Levi Schoppema\" onerror=\"this.onerror=null;this.src='https:\/\/soccer.aidatasports.com\/images\/players\/default-player.png';\"><span>Levi Schoppema<\/span><\/a><\/div>\n<div class=\"player\"><a href=\"https:\/\/soccer.aidatasports.com\/pt\/players\/Tristan-van-Gilst-365918\"><img decoding=\"async\" src=\"https:\/\/soccer.aidatasports.com\/images\/players\/365918.png\" alt=\"Tristan van Gilst\" onerror=\"this.onerror=null;this.src='https:\/\/soccer.aidatasports.com\/images\/players\/default-player.png';\"><span>Tristan van Gilst<\/span><\/a><\/div>\n<div class=\"player\"><a href=\"https:\/\/soccer.aidatasports.com\/pt\/players\/Anass-Najah-38800\"><img decoding=\"async\" src=\"https:\/\/soccer.aidatasports.com\/images\/players\/38800.png\" alt=\"Anass Najah\" onerror=\"this.onerror=null;this.src='https:\/\/soccer.aidatasports.com\/images\/players\/default-player.png';\"><span>Anass Najah<\/span><\/a><\/div>\n<div class=\"player\"><a href=\"https:\/\/soccer.aidatasports.com\/pt\/players\/Wanya-Marcal-Madivadua-284487\"><img decoding=\"async\" src=\"https:\/\/soccer.aidatasports.com\/images\/players\/284487.png\" alt=\"Wanya Marcal Madivadua\" onerror=\"this.onerror=null;this.src='https:\/\/soccer.aidatasports.com\/images\/players\/default-player.png';\"><span>Wanya Marcal Madivadua<\/span><\/a><\/div>\n<div class=\"player\"><a href=\"https:\/\/soccer.aidatasports.com\/pt\/players\/Reuven-Niemeijer-37302\"><img decoding=\"async\" src=\"https:\/\/soccer.aidatasports.com\/images\/players\/37302.png\" alt=\"Reuven Niemeijer\" onerror=\"this.onerror=null;this.src='https:\/\/soccer.aidatasports.com\/images\/players\/default-player.png';\"><span>Reuven Niemeijer<\/span><\/a><\/div>\n<div class=\"player\"><a href=\"https:\/\/soccer.aidatasports.com\/pt\/players\/Ralf-Seuntjens-93149\"><img decoding=\"async\" src=\"https:\/\/soccer.aidatasports.com\/images\/players\/93149.png\" alt=\"Ralf Seuntjens\" onerror=\"this.onerror=null;this.src='https:\/\/soccer.aidatasports.com\/images\/players\/default-player.png';\"><span>Ralf Seuntjens<\/span><\/a><\/div>\n<div class=\"player\"><a href=\"https:\/\/soccer.aidatasports.com\/pt\/players\/Jack-Cooper-Love-162788\"><img decoding=\"async\" src=\"https:\/\/soccer.aidatasports.com\/images\/players\/162788.png\" alt=\"Jack Cooper-Love\" onerror=\"this.onerror=null;this.src='https:\/\/soccer.aidatasports.com\/images\/players\/default-player.png';\"><span>Jack Cooper-Love<\/span><\/a><\/div>\n<\/div>\n<div>\n<h4>Suplentes:<\/h4>\n<div class=\"player\"><a href=\"https:\/\/soccer.aidatasports.com\/pt\/players\/Donny-Warmerdam-161885\"><img decoding=\"async\" src=\"https:\/\/soccer.aidatasports.com\/images\/players\/161885.png\" alt=\"Donny Warmerdam\" onerror=\"this.onerror=null;this.src='https:\/\/soccer.aidatasports.com\/images\/players\/default-player.png';\"><span>Donny Warmerdam<\/span><\/a><\/div>\n<div class=\"player\"><a href=\"https:\/\/soccer.aidatasports.com\/pt\/players\/Ties-Wieggers-337756\"><img decoding=\"async\" src=\"https:\/\/soccer.aidatasports.com\/images\/players\/337756.png\" alt=\"Ties Wieggers\" onerror=\"this.onerror=null;this.src='https:\/\/soccer.aidatasports.com\/images\/players\/default-player.png';\"><span>Ties Wieggers<\/span><\/a><\/div>\n<div class=\"player\"><a href=\"https:\/\/soccer.aidatasports.com\/pt\/players\/Rick-Jonkers-385673\"><img decoding=\"async\" src=\"https:\/\/soccer.aidatasports.com\/images\/players\/385673.png\" alt=\"Rick Jonkers\" onerror=\"this.onerror=null;this.src='https:\/\/soccer.aidatasports.com\/images\/players\/default-player.png';\"><span>Rick Jonkers<\/span><\/a><\/div>\n<div class=\"player\"><a href=\"https:\/\/soccer.aidatasports.com\/pt\/players\/Kaya-Symons-361502\"><img decoding=\"async\" src=\"https:\/\/soccer.aidatasports.com\/images\/players\/361502.png\" alt=\"Kaya Symons\" onerror=\"this.onerror=null;this.src='https:\/\/soccer.aidatasports.com\/images\/players\/default-player.png';\"><span>Kaya Symons<\/span><\/a><\/div>\n<div class=\"player\"><a href=\"https:\/\/soccer.aidatasports.com\/pt\/players\/Rowan-Besselink-376671\"><img decoding=\"async\" src=\"https:\/\/soccer.aidatasports.com\/images\/players\/376671.png\" alt=\"Rowan Besselink\" onerror=\"this.onerror=null;this.src='https:\/\/soccer.aidatasports.com\/images\/players\/default-player.png';\"><span>Rowan Besselink<\/span><\/a><\/div>\n<div class=\"player\"><a href=\"https:\/\/soccer.aidatasports.com\/pt\/players\/Arjen-Van-Der-Heide-36990\"><img decoding=\"async\" src=\"https:\/\/soccer.aidatasports.com\/images\/players\/36990.png\" alt=\"Arjen Van Der Heide\" onerror=\"this.onerror=null;this.src='https:\/\/soccer.aidatasports.com\/images\/players\/default-player.png';\"><span>Arjen Van Der Heide<\/span><\/a><\/div>\n<div class=\"player\"><a href=\"https:\/\/soccer.aidatasports.com\/pt\/players\/Philip-Brittijn-326029\"><img decoding=\"async\" src=\"https:\/\/soccer.aidatasports.com\/images\/players\/326029.png\" alt=\"Philip Brittijn\" onerror=\"this.onerror=null;this.src='https:\/\/soccer.aidatasports.com\/images\/players\/default-player.png';\"><span>Philip Brittijn<\/span><\/a><\/div>\n<div class=\"player\"><a href=\"https:\/\/soccer.aidatasports.com\/pt\/players\/Lion-Kaak-37830\"><img decoding=\"async\" src=\"https:\/\/soccer.aidatasports.com\/images\/players\/37830.png\" alt=\"Lion Kaak\" onerror=\"this.onerror=null;this.src='https:\/\/soccer.aidatasports.com\/images\/players\/default-player.png';\"><span>Lion Kaak<\/span><\/a><\/div>\n<div class=\"player\"><a href=\"https:\/\/soccer.aidatasports.com\/pt\/players\/Youssef-El-Jebli-37233\"><img decoding=\"async\" src=\"https:\/\/soccer.aidatasports.com\/images\/players\/37233.png\" alt=\"Youssef El Jebli\" onerror=\"this.onerror=null;this.src='https:\/\/soccer.aidatasports.com\/images\/players\/default-player.png';\"><span>Youssef El Jebli<\/span><\/a><\/div>\n<div class=\"player\"><a href=\"https:\/\/soccer.aidatasports.com\/pt\/players\/Simon-Colyn-51286\"><img decoding=\"async\" src=\"https:\/\/soccer.aidatasports.com\/images\/players\/51286.png\" alt=\"Simon Colyn\" onerror=\"this.onerror=null;this.src='https:\/\/soccer.aidatasports.com\/images\/players\/default-player.png';\"><span>Simon Colyn<\/span><\/a><\/div>\n<div class=\"player\"><a href=\"https:\/\/soccer.aidatasports.com\/pt\/players\/Ibrahim-El-Kadiri-178855\"><img decoding=\"async\" src=\"https:\/\/soccer.aidatasports.com\/images\/players\/178855.png\" alt=\"Ibrahim El Kadiri\" onerror=\"this.onerror=null;this.src='https:\/\/soccer.aidatasports.com\/images\/players\/default-player.png';\"><span>Ibrahim El Kadiri<\/span><\/a><\/div>\n<div class=\"player\"><a href=\"https:\/\/soccer.aidatasports.com\/pt\/players\/Jesse-van-de-Haar-401916\"><img decoding=\"async\" src=\"https:\/\/soccer.aidatasports.com\/images\/players\/401916.png\" alt=\"Jesse van de Haar\" onerror=\"this.onerror=null;this.src='https:\/\/soccer.aidatasports.com\/images\/players\/default-player.png';\"><span>Jesse van de Haar<\/span><\/a><\/div>\n<\/div>\n<\/div>\n<\/div>\n<div class=\"team-lineup\">\n<h3>Telstar<\/h3>\n<p><img decoding=\"async\" src=\"https:\/\/media.api-sports.io\/football\/teams\/427.png\" alt=\"Telstar\" style=\"width: 50px; height: 50px;\"><\/p>\n<div class=\"players-container\">\n<div>\n<h4>Titulares:<\/h4>\n<div class=\"player\"><a href=\"https:\/\/soccer.aidatasports.com\/pt\/players\/Ronald-Koeman-Jr-37817\"><img decoding=\"async\" src=\"https:\/\/soccer.aidatasports.com\/images\/players\/37817.png\" alt=\"Ronald Koeman Jr\" onerror=\"this.onerror=null;this.src='https:\/\/soccer.aidatasports.com\/images\/players\/default-player.png';\"><span>Ronald Koeman Jr<\/span><\/a><\/div>\n<div class=\"player\"><a href=\"https:\/\/soccer.aidatasports.com\/pt\/players\/Mitch-Apau-61144\"><img decoding=\"async\" src=\"https:\/\/soccer.aidatasports.com\/images\/players\/61144.png\" alt=\"Mitch Apau\" onerror=\"this.onerror=null;this.src='https:\/\/soccer.aidatasports.com\/images\/players\/default-player.png';\"><span>Mitch Apau<\/span><\/a><\/div>\n<div class=\"player\"><a href=\"https:\/\/soccer.aidatasports.com\/pt\/players\/Guus-Offerhaus-272539\"><img decoding=\"async\" src=\"https:\/\/soccer.aidatasports.com\/images\/players\/272539.png\" alt=\"Guus Offerhaus\" onerror=\"this.onerror=null;this.src='https:\/\/soccer.aidatasports.com\/images\/players\/default-player.png';\"><span>Guus Offerhaus<\/span><\/a><\/div>\n<div class=\"player\"><a href=\"https:\/\/soccer.aidatasports.com\/pt\/players\/Danny-Bakker-37928\"><img decoding=\"async\" src=\"https:\/\/soccer.aidatasports.com\/images\/players\/37928.png\" alt=\"Danny Bakker\" onerror=\"this.onerror=null;this.src='https:\/\/soccer.aidatasports.com\/images\/players\/default-player.png';\"><span>Danny Bakker<\/span><\/a><\/div>\n<div class=\"player\"><a href=\"https:\/\/soccer.aidatasports.com\/pt\/players\/Jayden-Turfkruier-399875\"><img decoding=\"async\" src=\"https:\/\/soccer.aidatasports.com\/images\/players\/399875.png\" alt=\"Jayden Turfkruier\" onerror=\"this.onerror=null;this.src='https:\/\/soccer.aidatasports.com\/images\/players\/default-player.png';\"><span>Jayden Turfkruier<\/span><\/a><\/div>\n<div class=\"player\"><a href=\"https:\/\/soccer.aidatasports.com\/pt\/players\/Tyrone-Owusu-149225\"><img decoding=\"async\" src=\"https:\/\/soccer.aidatasports.com\/images\/players\/149225.png\" alt=\"Tyrone Owusu\" onerror=\"this.onerror=null;this.src='https:\/\/soccer.aidatasports.com\/images\/players\/default-player.png';\"><span>Tyrone Owusu<\/span><\/a><\/div>\n<div class=\"player\"><a href=\"https:\/\/soccer.aidatasports.com\/pt\/players\/Nils-Rossen-349560\"><img decoding=\"async\" src=\"https:\/\/soccer.aidatasports.com\/images\/players\/349560.png\" alt=\"Nils Rossen\" onerror=\"this.onerror=null;this.src='https:\/\/soccer.aidatasports.com\/images\/players\/default-player.png';\"><span>Nils Rossen<\/span><\/a><\/div>\n<div class=\"player\"><a href=\"https:\/\/soccer.aidatasports.com\/pt\/players\/Mohamed-Hamdaoui-36850\"><img decoding=\"async\" src=\"https:\/\/soccer.aidatasports.com\/images\/players\/36850.png\" alt=\"Mohamed Hamdaoui\" onerror=\"this.onerror=null;this.src='https:\/\/soccer.aidatasports.com\/images\/players\/default-player.png';\"><span>Mohamed Hamdaoui<\/span><\/a><\/div>\n<div class=\"player\"><a href=\"https:\/\/soccer.aidatasports.com\/pt\/players\/Jeff-Hardeveld-37252\"><img decoding=\"async\" src=\"https:\/\/soccer.aidatasports.com\/images\/players\/37252.png\" alt=\"Jeff Hardeveld\" onerror=\"this.onerror=null;this.src='https:\/\/soccer.aidatasports.com\/images\/players\/default-player.png';\"><span>Jeff Hardeveld<\/span><\/a><\/div>\n<div class=\"player\"><a href=\"https:\/\/soccer.aidatasports.com\/pt\/players\/Soufiane-Hetli-379487\"><img decoding=\"async\" src=\"https:\/\/soccer.aidatasports.com\/images\/players\/379487.png\" alt=\"Soufiane Hetli\" onerror=\"this.onerror=null;this.src='https:\/\/soccer.aidatasports.com\/images\/players\/default-player.png';\"><span>Soufiane Hetli<\/span><\/a><\/div>\n<div class=\"player\"><a href=\"https:\/\/soccer.aidatasports.com\/pt\/players\/Youssef-El-Kachati-37442\"><img decoding=\"async\" src=\"https:\/\/soccer.aidatasports.com\/images\/players\/37442.png\" alt=\"Youssef El Kachati\" onerror=\"this.onerror=null;this.src='https:\/\/soccer.aidatasports.com\/images\/players\/default-player.png';\"><span>Youssef El Kachati<\/span><\/a><\/div>\n<\/div>\n<div>\n<h4>Suplentes:<\/h4>\n<div class=\"player\"><a href=\"https:\/\/soccer.aidatasports.com\/pt\/players\/Mees-Kaandorp-38825\"><img decoding=\"async\" src=\"https:\/\/soccer.aidatasports.com\/images\/players\/38825.png\" alt=\"Mees Kaandorp\" onerror=\"this.onerror=null;this.src='https:\/\/soccer.aidatasports.com\/images\/players\/default-player.png';\"><span>Mees Kaandorp<\/span><\/a><\/div>\n<div class=\"player\"><a href=\"https:\/\/soccer.aidatasports.com\/pt\/players\/Reda-Kharchouch-93460\"><img decoding=\"async\" src=\"https:\/\/soccer.aidatasports.com\/images\/players\/93460.png\" alt=\"Reda Kharchouch\" onerror=\"this.onerror=null;this.src='https:\/\/soccer.aidatasports.com\/images\/players\/default-player.png';\"><span>Reda Kharchouch<\/span><\/a><\/div>\n<div class=\"player\"><a href=\"https:\/\/soccer.aidatasports.com\/pt\/players\/Sebastiaan-Hagedoorn-446648\"><img decoding=\"async\" src=\"https:\/\/soccer.aidatasports.com\/images\/players\/446648.png\" alt=\"Sebastiaan Hagedoorn\" onerror=\"this.onerror=null;this.src='https:\/\/soccer.aidatasports.com\/images\/players\/default-player.png';\"><span>Sebastiaan Hagedoorn<\/span><\/a><\/div>\n<div class=\"player\"><a href=\"https:\/\/soccer.aidatasports.com\/pt\/players\/Joey-Houweling-92988\"><img decoding=\"async\" src=\"https:\/\/soccer.aidatasports.com\/images\/players\/92988.png\" alt=\"Joey Houweling\" onerror=\"this.onerror=null;this.src='https:\/\/soccer.aidatasports.com\/images\/players\/default-player.png';\"><span>Joey Houweling<\/span><\/a><\/div>\n<div class=\"player\"><a href=\"https:\/\/soccer.aidatasports.com\/pt\/players\/Tyrick-Bodak-214129\"><img decoding=\"async\" src=\"https:\/\/soccer.aidatasports.com\/images\/players\/214129.png\" alt=\"Tyrick Bodak\" onerror=\"this.onerror=null;this.src='https:\/\/soccer.aidatasports.com\/images\/players\/default-player.png';\"><span>Tyrick Bodak<\/span><\/a><\/div>\n<div class=\"player\"><a href=\"https:\/\/soccer.aidatasports.com\/pt\/players\/Abdelraffie-Benzzine-480311\"><img decoding=\"async\" src=\"https:\/\/soccer.aidatasports.com\/images\/players\/480311.png\" alt=\"Abdelraffie Benzzine\" onerror=\"this.onerror=null;this.src='https:\/\/soccer.aidatasports.com\/images\/players\/default-player.png';\"><span>Abdelraffie Benzzine<\/span><\/a><\/div>\n<div class=\"player\"><a href=\"https:\/\/soccer.aidatasports.com\/pt\/players\/Adil-Lechkar-433064\"><img decoding=\"async\" src=\"https:\/\/soccer.aidatasports.com\/images\/players\/433064.png\" alt=\"Adil Lechkar\" onerror=\"this.onerror=null;this.src='https:\/\/soccer.aidatasports.com\/images\/players\/default-player.png';\"><span>Adil Lechkar<\/span><\/a><\/div>\n<div class=\"player\"><a href=\"https:\/\/soccer.aidatasports.com\/pt\/players\/Mano-Olfers-407641\"><img decoding=\"async\" src=\"https:\/\/soccer.aidatasports.com\/images\/players\/407641.png\" alt=\"Mano Olfers\" onerror=\"this.onerror=null;this.src='https:\/\/soccer.aidatasports.com\/images\/players\/default-player.png';\"><span>Mano Olfers<\/span><\/a><\/div>\n<div class=\"player\"><a href=\"https:\/\/soccer.aidatasports.com\/pt\/players\/Jaylan-von-Schooneveld-480310\"><img decoding=\"async\" src=\"https:\/\/soccer.aidatasports.com\/images\/players\/480310.png\" alt=\"Jaylan von Schooneveld\" onerror=\"this.onerror=null;this.src='https:\/\/soccer.aidatasports.com\/images\/players\/default-player.png';\"><span>Jaylan von Schooneveld<\/span><\/a><\/div>\n<div class=\"player\"><a href=\"https:\/\/soccer.aidatasports.com\/pt\/players\/Remi-van-Ekeris-274518\"><img decoding=\"async\" src=\"https:\/\/soccer.aidatasports.com\/images\/players\/274518.png\" alt=\"Remi van Ekeris\" onerror=\"this.onerror=null;this.src='https:\/\/soccer.aidatasports.com\/images\/players\/default-player.png';\"><span>Remi van Ekeris<\/span><\/a><\/div>\n<div class=\"player\"><a href=\"https:\/\/soccer.aidatasports.com\/pt\/players\/Achraf-Douiri-281403\"><img decoding=\"async\" src=\"https:\/\/soccer.aidatasports.com\/images\/players\/281403.png\" alt=\"Achraf Douiri\" onerror=\"this.onerror=null;this.src='https:\/\/soccer.aidatasports.com\/images\/players\/default-player.png';\"><span>Achraf Douiri<\/span><\/a><\/div>\n<\/div>\n<\/div>\n<\/div>\n<\/div>\n<div id=\"wg-api-football-game\"\n                    data-host=\"xxxxx\"\n                    data-key=\"xxxx\"\n                    data-id=\"1210197\"\n                    data-theme=\"\"\n                    data-refresh=\"15\"\n                    data-show-errors=\"false\"\n                    data-show-logos=\"true\"><br \/>\n                    class=&#8221;wg_loader&#8221;>\n                <\/div>\n<div id=\"wg-api-football-standings\"\n                    data-host=\"xxxx\"\n                    data-key=\"ddddd\"\n                    data-league=\"89\"\n                    data-team=\"\"\n                    data-season=\"2024\"\n                    data-theme=\"\"\n                    data-show-errors=\"false\"\n                    data-show-logos=\"true\"\n                    class=\"wg_loader\">\n                <\/div>\n<p>                <script\n                    type=\"module\"\n                    src=\"https:\/\/soccer.aidatasports.com\/wp-content\/customjs\/widgetslocal.js\">\n                <\/script><\/p>\n","protected":false},"excerpt":{"rendered":"<p>Portugu\u00eas De Graafschap vence o Telstar em emocionante confronto no Stadion De Vijverberg Doetinchem, Pa\u00edses&hellip;<\/p>\n","protected":false},"author":1,"featured_media":88968,"comment_status":"open","ping_status":"open","sticky":false,"template":"","format":"standard","meta":{"content-type":"","pmpro_default_level":"","_lmt_disableupdate":"","_lmt_disable":"","_league":15837,"_fixture":1210197,"penci_pfeatured_image_ratio":"","penci_single_style":"","footnotes":""},"categories":[15837],"tags":[322,541],"class_list":["post-88969","post","type-post","status-publish","format-standard","has-post-thumbnail","hentry","category-matches","tag-de-graafschap-netherlands-199","tag-telstar-netherlands-427","pmpro-has-access"],"_links":{"self":[{"href":"https:\/\/soccer.aidatasports.com\/pt\/wp-json\/wp\/v2\/posts\/88969"}],"collection":[{"href":"https:\/\/soccer.aidatasports.com\/pt\/wp-json\/wp\/v2\/posts"}],"about":[{"href":"https:\/\/soccer.aidatasports.com\/pt\/wp-json\/wp\/v2\/types\/post"}],"author":[{"embeddable":true,"href":"https:\/\/soccer.aidatasports.com\/pt\/wp-json\/wp\/v2\/users\/1"}],"replies":[{"embeddable":true,"href":"https:\/\/soccer.aidatasports.com\/pt\/wp-json\/wp\/v2\/comments?post=88969"}],"version-history":[{"count":0,"href":"https:\/\/soccer.aidatasports.com\/pt\/wp-json\/wp\/v2\/posts\/88969\/revisions"}],"wp:featuredmedia":[{"embeddable":true,"href":"https:\/\/soccer.aidatasports.com\/pt\/wp-json\/wp\/v2\/media\/88968"}],"wp:attachment":[{"href":"https:\/\/soccer.aidatasports.com\/pt\/wp-json\/wp\/v2\/media?parent=88969"}],"wp:term":[{"taxonomy":"category","embeddable":true,"href":"https:\/\/soccer.aidatasports.com\/pt\/wp-json\/wp\/v2\/categories?post=88969"},{"taxonomy":"post_tag","embeddable":true,"href":"https:\/\/soccer.aidatasports.com\/pt\/wp-json\/wp\/v2\/tags?post=88969"}],"curies":[{"name":"wp","href":"https:\/\/api.w.org\/{rel}","templated":true}]}}