{"id":88401,"date":"2025-04-27T10:30:41","date_gmt":"2025-04-27T10:30:41","guid":{"rendered":"https:\/\/soccer.aidatasports.com\/pt\/uncategorized\/sv-kapfenberg-vs-ried-apr-27-2025-0830-utc\/"},"modified":"2025-04-27T10:30:41","modified_gmt":"2025-04-27T10:30:41","slug":"sv-kapfenberg-vs-ried-apr-27-2025-0830-utc","status":"publish","type":"post","link":"https:\/\/soccer.aidatasports.com\/pt\/matches\/sv-kapfenberg-vs-ried-apr-27-2025-0830-utc\/","title":{"rendered":"SV Kapfenberg vs Ried Apr 27 2025 08:30 UTC"},"content":{"rendered":"<p><strong>Portuguese<\/strong><\/p>\n<p><strong>Kapfenberg e Ried empatam em emocionante jogo da 2. Liga Austr\u00edaca<\/strong><\/p>\n<p>O Stadion Kapfenberg foi palco de uma partida vibrante entre SV Kapfenberg e SV Ried, v\u00e1lida pela 26\u00aa rodada da 2. Liga austr\u00edaca. O encontro terminou em um empate que reflete a igualdade demonstrada em campo.<\/p>\n<p>A partida foi marcada pela intensidade e pela altern\u00e2ncia no placar. O Ried abriu o placar aos 48 minutos com um gol de N. Havenaar, com assist\u00eancia de P. Pomer. No entanto, o SV Kapfenberg respondeu rapidamente, empatando o jogo aos 59 minutos com um gol de A. Hofleitner, assist\u00eancia de F. Haxha. A emo\u00e7\u00e3o n\u00e3o parou por a\u00ed, com D. Heindl colocando o Kapfenberg na frente aos 76 minutos, com assist\u00eancia de M. Miskovic.  A partida terminou com o placar final de 2-1 para Kapfenberg.<\/p>\n<p>Apesar da igualdade em escanteios (5 para cada equipe) e faltas (8 para cada), o Ried teve uma ligeira vantagem em chutes a gol (5 contra 3). No entanto, a efici\u00eancia do Kapfenberg nas oportunidades criadas foi decisiva. O jogo foi marcado pela disciplina do Ried, que n\u00e3o recebeu nenhum cart\u00e3o amarelo, enquanto o Kapfenberg recebeu tr\u00eas advert\u00eancias.<\/p>\n<p>Substitui\u00f5es na equipe de ried: Aos 46 minutos, D. Berger entrou e F. Rossdorfer saiu., Aos 46 minutos, L. Agbenyenu entrou e D. Bumberger saiu., Aos 60 minutos, A. van Wyk entrou e W. Eza saiu., Aos 77 minutos, N. Celic entrou e M. Rasner saiu., Aos 80 minutos, N. Marinsek entrou e J. Mayer saiu. <\/p>\n<p>Substitui\u00f5es na equipe de sv kapfenberg: Aos 80 minutos, J. Bochmann entrou e T. Maier saiu., Aos 84 minutos, A. Marinovic entrou e B. Krasniqi saiu. <\/p>\n<p>As equipes se alinharam da seguinte forma:<\/p>\n<div class=\"lineups-container\">\n<style>\n                .lineups-container {\n                    display: flex;\n                    justify-content: space-around;\n                    flex-wrap: wrap;\n                }\n                .team-lineup {\n                    width: 49%;\n                    margin-bottom: 20px;\n                    border: 1px solid #ccc;\n                    padding: 5px;\n                }\n                .team-lineup h3 {\n                    text-align: center;\n                    margin-bottom: 10px;\n                }\n                .players-container {\n                    display: flex;\n                    justify-content: space-between;\n                }\n                .players-container div {\n                    width: 100%;\n                }\n                .player {\n                    display: flex;\n                    align-items: center;\n                    margin-bottom: 5px;\n                }\n                .player img {\n                    width: 30px;\n                    height: 30px;\n                    border-radius: 50%;\n                    margin-right: 10px;\n                }\n                    @media (max-width: 600px) {\n                    .team-lineup {\n                        width: 100%;\n                    }\n                }\n                <\/style>\n<div class=\"team-lineup\">\n<h3>SV Kapfenberg<\/h3>\n<p><img decoding=\"async\" src=\"https:\/\/media.api-sports.io\/football\/teams\/1401.png\" alt=\"SV Kapfenberg\" style=\"width: 50px; height: 50px;\"><\/p>\n<div class=\"players-container\">\n<div>\n<h4>Titulares:<\/h4>\n<div class=\"player\"><a href=\"https:\/\/soccer.aidatasports.com\/pt\/players\/Richard-Strebinger-1712\"><img decoding=\"async\" src=\"https:\/\/soccer.aidatasports.com\/images\/players\/1712.png\" alt=\"Richard Strebinger\" onerror=\"this.onerror=null;this.src='https:\/\/soccer.aidatasports.com\/images\/players\/default-player.png';\"><span>Richard Strebinger<\/span><\/a><\/div>\n<div class=\"player\"><a href=\"https:\/\/soccer.aidatasports.com\/pt\/players\/Florian-Prohart-7386\"><img decoding=\"async\" src=\"https:\/\/soccer.aidatasports.com\/images\/players\/7386.png\" alt=\"Florian Prohart\" onerror=\"this.onerror=null;this.src='https:\/\/soccer.aidatasports.com\/images\/players\/default-player.png';\"><span>Florian Prohart<\/span><\/a><\/div>\n<div class=\"player\"><a href=\"https:\/\/soccer.aidatasports.com\/pt\/players\/David-Heindl-344173\"><img decoding=\"async\" src=\"https:\/\/soccer.aidatasports.com\/images\/players\/344173.png\" alt=\"David Heindl\" onerror=\"this.onerror=null;this.src='https:\/\/soccer.aidatasports.com\/images\/players\/default-player.png';\"><span>David Heindl<\/span><\/a><\/div>\n<div class=\"player\"><a href=\"https:\/\/soccer.aidatasports.com\/pt\/players\/Olivier-N'Zi-7204\"><img decoding=\"async\" src=\"https:\/\/soccer.aidatasports.com\/images\/players\/7204.png\" alt=\"Olivier N'Zi\" onerror=\"this.onerror=null;this.src='https:\/\/soccer.aidatasports.com\/images\/players\/default-player.png';\"><span>Olivier N&#8217;Zi<\/span><\/a><\/div>\n<div class=\"player\"><a href=\"https:\/\/soccer.aidatasports.com\/pt\/players\/Michael-Lang-7235\"><img decoding=\"async\" src=\"https:\/\/soccer.aidatasports.com\/images\/players\/7235.png\" alt=\"Michael Lang\" onerror=\"this.onerror=null;this.src='https:\/\/soccer.aidatasports.com\/images\/players\/default-player.png';\"><span>Michael Lang<\/span><\/a><\/div>\n<div class=\"player\"><a href=\"https:\/\/soccer.aidatasports.com\/pt\/players\/Bleron-Krasniqi-203017\"><img decoding=\"async\" src=\"https:\/\/soccer.aidatasports.com\/images\/players\/203017.png\" alt=\"Bleron Krasniqi\" onerror=\"this.onerror=null;this.src='https:\/\/soccer.aidatasports.com\/images\/players\/default-player.png';\"><span>Bleron Krasniqi<\/span><\/a><\/div>\n<div class=\"player\"><a href=\"https:\/\/soccer.aidatasports.com\/pt\/players\/Meletios-Mi\u0161kovi\u0107-176121\"><img decoding=\"async\" src=\"https:\/\/soccer.aidatasports.com\/images\/players\/176121.png\" alt=\"Meletios Mi\u0161kovi\u0107\" onerror=\"this.onerror=null;this.src='https:\/\/soccer.aidatasports.com\/images\/players\/default-player.png';\"><span>Meletios Mi\u0161kovi\u0107<\/span><\/a><\/div>\n<div class=\"player\"><a href=\"https:\/\/soccer.aidatasports.com\/pt\/players\/Moritz-R\u00f6mling-25082\"><img decoding=\"async\" src=\"https:\/\/soccer.aidatasports.com\/images\/players\/25082.png\" alt=\"Moritz R\u00f6mling\" onerror=\"this.onerror=null;this.src='https:\/\/soccer.aidatasports.com\/images\/players\/default-player.png';\"><span>Moritz R\u00f6mling<\/span><\/a><\/div>\n<div class=\"player\"><a href=\"https:\/\/soccer.aidatasports.com\/pt\/players\/Thomas-Maier-7245\"><img decoding=\"async\" src=\"https:\/\/soccer.aidatasports.com\/images\/players\/7245.png\" alt=\"Thomas Maier\" onerror=\"this.onerror=null;this.src='https:\/\/soccer.aidatasports.com\/images\/players\/default-player.png';\"><span>Thomas Maier<\/span><\/a><\/div>\n<div class=\"player\"><a href=\"https:\/\/soccer.aidatasports.com\/pt\/players\/Florian-Haxha-202503\"><img decoding=\"async\" src=\"https:\/\/soccer.aidatasports.com\/images\/players\/202503.png\" alt=\"Florian Haxha\" onerror=\"this.onerror=null;this.src='https:\/\/soccer.aidatasports.com\/images\/players\/default-player.png';\"><span>Florian Haxha<\/span><\/a><\/div>\n<div class=\"player\"><a href=\"https:\/\/soccer.aidatasports.com\/pt\/players\/Alexander-Hofleitner-426114\"><img decoding=\"async\" src=\"https:\/\/soccer.aidatasports.com\/images\/players\/426114.png\" alt=\"Alexander Hofleitner\" onerror=\"this.onerror=null;this.src='https:\/\/soccer.aidatasports.com\/images\/players\/default-player.png';\"><span>Alexander Hofleitner<\/span><\/a><\/div>\n<\/div>\n<div>\n<h4>Suplentes:<\/h4>\n<div class=\"player\"><a href=\"https:\/\/soccer.aidatasports.com\/pt\/players\/David-Puntigam-169541\"><img decoding=\"async\" src=\"https:\/\/soccer.aidatasports.com\/images\/players\/169541.png\" alt=\"David Puntigam\" onerror=\"this.onerror=null;this.src='https:\/\/soccer.aidatasports.com\/images\/players\/default-player.png';\"><span>David Puntigam<\/span><\/a><\/div>\n<div class=\"player\"><a href=\"https:\/\/soccer.aidatasports.com\/pt\/players\/Lukas-Thonhofer-477154\"><img decoding=\"async\" src=\"https:\/\/soccer.aidatasports.com\/images\/players\/477154.png\" alt=\"Lukas Thonhofer\" onerror=\"this.onerror=null;this.src='https:\/\/soccer.aidatasports.com\/images\/players\/default-player.png';\"><span>Lukas Thonhofer<\/span><\/a><\/div>\n<div class=\"player\"><a href=\"https:\/\/soccer.aidatasports.com\/pt\/players\/Adrian-Marinovic-428206\"><img decoding=\"async\" src=\"https:\/\/soccer.aidatasports.com\/images\/players\/428206.png\" alt=\"Adrian Marinovic\" onerror=\"this.onerror=null;this.src='https:\/\/soccer.aidatasports.com\/images\/players\/default-player.png';\"><span>Adrian Marinovic<\/span><\/a><\/div>\n<div class=\"player\"><a href=\"https:\/\/soccer.aidatasports.com\/pt\/players\/Nico-Mikulic-None\"><img decoding=\"async\" src=\"https:\/\/soccer.aidatasports.com\/images\/players\/None.png\" alt=\"Nico Mikulic\" onerror=\"this.onerror=null;this.src='https:\/\/soccer.aidatasports.com\/images\/players\/default-player.png';\"><span>Nico Mikulic<\/span><\/a><\/div>\n<div class=\"player\"><a href=\"https:\/\/soccer.aidatasports.com\/pt\/players\/Julius-Bochmann-380868\"><img decoding=\"async\" src=\"https:\/\/soccer.aidatasports.com\/images\/players\/380868.png\" alt=\"Julius Bochmann\" onerror=\"this.onerror=null;this.src='https:\/\/soccer.aidatasports.com\/images\/players\/default-player.png';\"><span>Julius Bochmann<\/span><\/a><\/div>\n<div class=\"player\"><a href=\"https:\/\/soccer.aidatasports.com\/pt\/players\/Maximilian-Kerschner-356108\"><img decoding=\"async\" src=\"https:\/\/soccer.aidatasports.com\/images\/players\/356108.png\" alt=\"Maximilian Kerschner\" onerror=\"this.onerror=null;this.src='https:\/\/soccer.aidatasports.com\/images\/players\/default-player.png';\"><span>Maximilian Kerschner<\/span><\/a><\/div>\n<div class=\"player\"><a href=\"https:\/\/soccer.aidatasports.com\/pt\/players\/Faris-Kavaz-477153\"><img decoding=\"async\" src=\"https:\/\/soccer.aidatasports.com\/images\/players\/477153.png\" alt=\"Faris Kavaz\" onerror=\"this.onerror=null;this.src='https:\/\/soccer.aidatasports.com\/images\/players\/default-player.png';\"><span>Faris Kavaz<\/span><\/a><\/div>\n<\/div>\n<\/div>\n<\/div>\n<div class=\"team-lineup\">\n<h3>Ried<\/h3>\n<p><img decoding=\"async\" src=\"https:\/\/media.api-sports.io\/football\/teams\/1028.png\" alt=\"Ried\" style=\"width: 50px; height: 50px;\"><\/p>\n<div class=\"players-container\">\n<div>\n<h4>Titulares:<\/h4>\n<div class=\"player\"><a href=\"https:\/\/soccer.aidatasports.com\/pt\/players\/Andreas-Leitner-7699\"><img decoding=\"async\" src=\"https:\/\/soccer.aidatasports.com\/images\/players\/7699.png\" alt=\"Andreas Leitner\" onerror=\"this.onerror=null;this.src='https:\/\/soccer.aidatasports.com\/images\/players\/default-player.png';\"><span>Andreas Leitner<\/span><\/a><\/div>\n<div class=\"player\"><a href=\"https:\/\/soccer.aidatasports.com\/pt\/players\/Fabian-Wohlmuth-169339\"><img decoding=\"async\" src=\"https:\/\/soccer.aidatasports.com\/images\/players\/169339.png\" alt=\"Fabian Wohlmuth\" onerror=\"this.onerror=null;this.src='https:\/\/soccer.aidatasports.com\/images\/players\/default-player.png';\"><span>Fabian Wohlmuth<\/span><\/a><\/div>\n<div class=\"player\"><a href=\"https:\/\/soccer.aidatasports.com\/pt\/players\/Michael-Sollbauer-7554\"><img decoding=\"async\" src=\"https:\/\/soccer.aidatasports.com\/images\/players\/7554.png\" alt=\"Michael Sollbauer\" onerror=\"this.onerror=null;this.src='https:\/\/soccer.aidatasports.com\/images\/players\/default-player.png';\"><span>Michael Sollbauer<\/span><\/a><\/div>\n<div class=\"player\"><a href=\"https:\/\/soccer.aidatasports.com\/pt\/players\/Nikki-Havenaar-48708\"><img decoding=\"async\" src=\"https:\/\/soccer.aidatasports.com\/images\/players\/48708.png\" alt=\"Nikki Havenaar\" onerror=\"this.onerror=null;this.src='https:\/\/soccer.aidatasports.com\/images\/players\/default-player.png';\"><span>Nikki Havenaar<\/span><\/a><\/div>\n<div class=\"player\"><a href=\"https:\/\/soccer.aidatasports.com\/pt\/players\/Oliver-Steurer-24901\"><img decoding=\"async\" src=\"https:\/\/soccer.aidatasports.com\/images\/players\/24901.png\" alt=\"Oliver Steurer\" onerror=\"this.onerror=null;this.src='https:\/\/soccer.aidatasports.com\/images\/players\/default-player.png';\"><span>Oliver Steurer<\/span><\/a><\/div>\n<div class=\"player\"><a href=\"https:\/\/soccer.aidatasports.com\/pt\/players\/Martin-Rasner-7632\"><img decoding=\"async\" src=\"https:\/\/soccer.aidatasports.com\/images\/players\/7632.png\" alt=\"Martin Rasner\" onerror=\"this.onerror=null;this.src='https:\/\/soccer.aidatasports.com\/images\/players\/default-player.png';\"><span>Martin Rasner<\/span><\/a><\/div>\n<div class=\"player\"><a href=\"https:\/\/soccer.aidatasports.com\/pt\/players\/Jonas-Mayer-323119\"><img decoding=\"async\" src=\"https:\/\/soccer.aidatasports.com\/images\/players\/323119.png\" alt=\"Jonas Mayer\" onerror=\"this.onerror=null;this.src='https:\/\/soccer.aidatasports.com\/images\/players\/default-player.png';\"><span>Jonas Mayer<\/span><\/a><\/div>\n<div class=\"player\"><a href=\"https:\/\/soccer.aidatasports.com\/pt\/players\/David-Bumberger-7198\"><img decoding=\"async\" src=\"https:\/\/soccer.aidatasports.com\/images\/players\/7198.png\" alt=\"David Bumberger\" onerror=\"this.onerror=null;this.src='https:\/\/soccer.aidatasports.com\/images\/players\/default-player.png';\"><span>David Bumberger<\/span><\/a><\/div>\n<div class=\"player\"><a href=\"https:\/\/soccer.aidatasports.com\/pt\/players\/Fabian-Rossdorfer-365016\"><img decoding=\"async\" src=\"https:\/\/soccer.aidatasports.com\/images\/players\/365016.png\" alt=\"Fabian Rossdorfer\" onerror=\"this.onerror=null;this.src='https:\/\/soccer.aidatasports.com\/images\/players\/default-player.png';\"><span>Fabian Rossdorfer<\/span><\/a><\/div>\n<div class=\"player\"><a href=\"https:\/\/soccer.aidatasports.com\/pt\/players\/Philipp-Pomer-115590\"><img decoding=\"async\" src=\"https:\/\/soccer.aidatasports.com\/images\/players\/115590.png\" alt=\"Philipp Pomer\" onerror=\"this.onerror=null;this.src='https:\/\/soccer.aidatasports.com\/images\/players\/default-player.png';\"><span>Philipp Pomer<\/span><\/a><\/div>\n<div class=\"player\"><a href=\"https:\/\/soccer.aidatasports.com\/pt\/players\/Wilfried-Eza-65542\"><img decoding=\"async\" src=\"https:\/\/soccer.aidatasports.com\/images\/players\/65542.png\" alt=\"Wilfried Eza\" onerror=\"this.onerror=null;this.src='https:\/\/soccer.aidatasports.com\/images\/players\/default-player.png';\"><span>Wilfried Eza<\/span><\/a><\/div>\n<\/div>\n<div>\n<h4>Suplentes:<\/h4>\n<div class=\"player\"><a href=\"https:\/\/soccer.aidatasports.com\/pt\/players\/Lumor-Agbenyenu-3415\"><img decoding=\"async\" src=\"https:\/\/soccer.aidatasports.com\/images\/players\/3415.png\" alt=\"Lumor Agbenyenu\" onerror=\"this.onerror=null;this.src='https:\/\/soccer.aidatasports.com\/images\/players\/default-player.png';\"><span>Lumor Agbenyenu<\/span><\/a><\/div>\n<div class=\"player\"><a href=\"https:\/\/soccer.aidatasports.com\/pt\/players\/David-Berger-477149\"><img decoding=\"async\" src=\"https:\/\/soccer.aidatasports.com\/images\/players\/477149.png\" alt=\"David Berger\" onerror=\"this.onerror=null;this.src='https:\/\/soccer.aidatasports.com\/images\/players\/default-player.png';\"><span>David Berger<\/span><\/a><\/div>\n<div class=\"player\"><a href=\"https:\/\/soccer.aidatasports.com\/pt\/players\/Antonio-Van-Wyk-316846\"><img decoding=\"async\" src=\"https:\/\/soccer.aidatasports.com\/images\/players\/316846.png\" alt=\"Antonio Van Wyk\" onerror=\"this.onerror=null;this.src='https:\/\/soccer.aidatasports.com\/images\/players\/default-player.png';\"><span>Antonio Van Wyk<\/span><\/a><\/div>\n<div class=\"player\"><a href=\"https:\/\/soccer.aidatasports.com\/pt\/players\/Felix-Wimmer-120198\"><img decoding=\"async\" src=\"https:\/\/soccer.aidatasports.com\/images\/players\/120198.png\" alt=\"Felix Wimmer\" onerror=\"this.onerror=null;this.src='https:\/\/soccer.aidatasports.com\/images\/players\/default-player.png';\"><span>Felix Wimmer<\/span><\/a><\/div>\n<div class=\"player\"><a href=\"https:\/\/soccer.aidatasports.com\/pt\/players\/Benjamin-Sammer-409666\"><img decoding=\"async\" src=\"https:\/\/soccer.aidatasports.com\/images\/players\/409666.png\" alt=\"Benjamin Sammer\" onerror=\"this.onerror=null;this.src='https:\/\/soccer.aidatasports.com\/images\/players\/default-player.png';\"><span>Benjamin Sammer<\/span><\/a><\/div>\n<div class=\"player\"><a href=\"https:\/\/soccer.aidatasports.com\/pt\/players\/Nemanja-\u010celi\u0107-7210\"><img decoding=\"async\" src=\"https:\/\/soccer.aidatasports.com\/images\/players\/7210.png\" alt=\"Nemanja \u010celi\u0107\" onerror=\"this.onerror=null;this.src='https:\/\/soccer.aidatasports.com\/images\/players\/default-player.png';\"><span>Nemanja \u010celi\u0107<\/span><\/a><\/div>\n<div class=\"player\"><a href=\"https:\/\/soccer.aidatasports.com\/pt\/players\/Nik-Marin\u0161ek-109713\"><img decoding=\"async\" src=\"https:\/\/soccer.aidatasports.com\/images\/players\/109713.png\" alt=\"Nik Marin\u0161ek\" onerror=\"this.onerror=null;this.src='https:\/\/soccer.aidatasports.com\/images\/players\/default-player.png';\"><span>Nik Marin\u0161ek<\/span><\/a><\/div>\n<\/div>\n<\/div>\n<\/div>\n<\/div>\n<div id=\"wg-api-football-game\"\n                    data-host=\"xxxxx\"\n                    data-key=\"xxxx\"\n                    data-id=\"1219896\"\n                    data-theme=\"\"\n                    data-refresh=\"15\"\n                    data-show-errors=\"false\"\n                    data-show-logos=\"true\"><br \/>\n                    class=&#8221;wg_loader&#8221;>\n                <\/div>\n<div id=\"wg-api-football-standings\"\n                    data-host=\"xxxx\"\n                    data-key=\"ddddd\"\n                    data-league=\"219\"\n                    data-team=\"\"\n                    data-season=\"2024\"\n                    data-theme=\"\"\n                    data-show-errors=\"false\"\n                    data-show-logos=\"true\"\n                    class=\"wg_loader\">\n                <\/div>\n<p>                <script\n                    type=\"module\"\n                    src=\"https:\/\/soccer.aidatasports.com\/wp-content\/customjs\/widgetslocal.js\">\n                <\/script><\/p>\n","protected":false},"excerpt":{"rendered":"<p>Portuguese Kapfenberg e Ried empatam em emocionante jogo da 2. Liga Austr\u00edaca O Stadion Kapfenberg&hellip;<\/p>\n","protected":false},"author":1,"featured_media":88400,"comment_status":"open","ping_status":"open","sticky":false,"template":"","format":"standard","meta":{"content-type":"","pmpro_default_level":"","_lmt_disableupdate":"","_lmt_disable":"","_league":15837,"_fixture":1219896,"penci_pfeatured_image_ratio":"","penci_single_style":"","footnotes":""},"categories":[15837],"tags":[1058,1383],"class_list":["post-88401","post","type-post","status-publish","format-standard","has-post-thumbnail","hentry","category-matches","tag-ried-austria-1028","tag-sv-kapfenberg-austria-1401","pmpro-has-access"],"_links":{"self":[{"href":"https:\/\/soccer.aidatasports.com\/pt\/wp-json\/wp\/v2\/posts\/88401"}],"collection":[{"href":"https:\/\/soccer.aidatasports.com\/pt\/wp-json\/wp\/v2\/posts"}],"about":[{"href":"https:\/\/soccer.aidatasports.com\/pt\/wp-json\/wp\/v2\/types\/post"}],"author":[{"embeddable":true,"href":"https:\/\/soccer.aidatasports.com\/pt\/wp-json\/wp\/v2\/users\/1"}],"replies":[{"embeddable":true,"href":"https:\/\/soccer.aidatasports.com\/pt\/wp-json\/wp\/v2\/comments?post=88401"}],"version-history":[{"count":0,"href":"https:\/\/soccer.aidatasports.com\/pt\/wp-json\/wp\/v2\/posts\/88401\/revisions"}],"wp:featuredmedia":[{"embeddable":true,"href":"https:\/\/soccer.aidatasports.com\/pt\/wp-json\/wp\/v2\/media\/88400"}],"wp:attachment":[{"href":"https:\/\/soccer.aidatasports.com\/pt\/wp-json\/wp\/v2\/media?parent=88401"}],"wp:term":[{"taxonomy":"category","embeddable":true,"href":"https:\/\/soccer.aidatasports.com\/pt\/wp-json\/wp\/v2\/categories?post=88401"},{"taxonomy":"post_tag","embeddable":true,"href":"https:\/\/soccer.aidatasports.com\/pt\/wp-json\/wp\/v2\/tags?post=88401"}],"curies":[{"name":"wp","href":"https:\/\/api.w.org\/{rel}","templated":true}]}}