{"id":84338,"date":"2025-03-29T02:10:47","date_gmt":"2025-03-29T02:10:47","guid":{"rendered":"https:\/\/soccer.aidatasports.com\/pt\/uncategorized\/barcelona-sc-vs-delfin-sc-mar-29-2025-0000-utc\/"},"modified":"2025-03-29T02:10:47","modified_gmt":"2025-03-29T02:10:47","slug":"barcelona-sc-vs-delfin-sc-mar-29-2025-0000-utc","status":"publish","type":"post","link":"https:\/\/soccer.aidatasports.com\/pt\/matches\/barcelona-sc-vs-delfin-sc-mar-29-2025-0000-utc\/","title":{"rendered":"Barcelona SC vs Delfin SC Mar 29 2025 00:00 UTC"},"content":{"rendered":"<p><strong>Portugu\u00eas:<\/strong><\/p>\n<p>O Barcelona SC venceu o Delf\u00edn SC em uma partida disputada no Est\u00e1dio Monumental Banco Pichincha, em Guayaquil. O encontro, v\u00e1lido pela sexta rodada da Liga Pro 2025, terminou com um placar de 2 a 0 para a equipe da casa. Os gols sa\u00edram aos 28&#8242; e 90&#8242;, marcados por G. J. Cortez Casierra e J. Corozo, respectivamente. A partida foi marcada por uma s\u00e9rie de cart\u00f5es amarelos, com Mario Pineida e J. Valiente do Barcelona SC, e E. Mendoza e L. Castro do Delf\u00edn SC, recebendo advert\u00eancias. Apesar da falta de estat\u00edsticas precisas sobre chutes e posse de bola, a vit\u00f3ria do Barcelona SC foi convincente.<\/p>\n<p>Substitui\u00f5es na equipe de delfin sc: Aos 41 minutos, A. Garcia entrou e L. Caicedo saiu., Aos 64 minutos, T. Ozaeta entrou e E. Zuniga saiu., Aos 64 minutos, M. Reyes entrou e E. Vega saiu., Aos 79 minutos, J. Vivar entrou e B. Cuello saiu., Aos 79 minutos, G. Cagua entrou e M. Levato saiu. <\/p>\n<p>Substitui\u00f5es na equipe de barcelona sc: Aos 68 minutos, A. Chala entrou e Mario Pineida saiu., Aos 69 minutos, C. Solano entrou e G. J. Cortez Casierra saiu., Aos 71 minutos, J. Gomez entrou e B. Oyola saiu., Aos 84 minutos, P. Preciado entrou e J. Valiente saiu., Aos 85 minutos, G. Campi entrou e X. Arreaga saiu. <\/p>\n<p>As equipes se alinharam da seguinte forma:<\/p>\n<div class=\"lineups-container\">\n<style>\n                .lineups-container {\n                    display: flex;\n                    justify-content: space-around;\n                    flex-wrap: wrap;\n                }\n                .team-lineup {\n                    width: 49%;\n                    margin-bottom: 20px;\n                    border: 1px solid #ccc;\n                    padding: 5px;\n                }\n                .team-lineup h3 {\n                    text-align: center;\n                    margin-bottom: 10px;\n                }\n                .players-container {\n                    display: flex;\n                    justify-content: space-between;\n                }\n                .players-container div {\n                    width: 100%;\n                }\n                .player {\n                    display: flex;\n                    align-items: center;\n                    margin-bottom: 5px;\n                }\n                .player img {\n                    width: 30px;\n                    height: 30px;\n                    border-radius: 50%;\n                    margin-right: 10px;\n                }\n                    @media (max-width: 600px) {\n                    .team-lineup {\n                        width: 100%;\n                    }\n                }\n                <\/style>\n<div class=\"team-lineup\">\n<h3>Barcelona SC<\/h3>\n<p><img decoding=\"async\" src=\"https:\/\/media.api-sports.io\/football\/teams\/1152.png\" alt=\"Barcelona SC\" style=\"width: 50px; height: 50px;\"><\/p>\n<div class=\"players-container\">\n<div>\n<h4>Titulares:<\/h4>\n<div class=\"player\"><a href=\"https:\/\/soccer.aidatasports.com\/pt\/players\/Jos\u00e9-Contreras-20820\"><img decoding=\"async\" src=\"https:\/\/soccer.aidatasports.com\/images\/players\/20820.png\" alt=\"Jos\u00e9 Contreras\" onerror=\"this.onerror=null;this.src='https:\/\/soccer.aidatasports.com\/images\/players\/default-player.png';\"><span>Jos\u00e9 Contreras<\/span><\/a><\/div>\n<div class=\"player\"><a href=\"https:\/\/soccer.aidatasports.com\/pt\/players\/Bryan-Carabal\u00ed-16615\"><img decoding=\"async\" src=\"https:\/\/soccer.aidatasports.com\/images\/players\/16615.png\" alt=\"Bryan Carabal\u00ed\" onerror=\"this.onerror=null;this.src='https:\/\/soccer.aidatasports.com\/images\/players\/default-player.png';\"><span>Bryan Carabal\u00ed<\/span><\/a><\/div>\n<div class=\"player\"><a href=\"https:\/\/soccer.aidatasports.com\/pt\/players\/Xavier-Arreaga-2572\"><img decoding=\"async\" src=\"https:\/\/soccer.aidatasports.com\/images\/players\/2572.png\" alt=\"Xavier Arreaga\" onerror=\"this.onerror=null;this.src='https:\/\/soccer.aidatasports.com\/images\/players\/default-player.png';\"><span>Xavier Arreaga<\/span><\/a><\/div>\n<div class=\"player\"><a href=\"https:\/\/soccer.aidatasports.com\/pt\/players\/Gustavo-Vallecilla-16536\"><img decoding=\"async\" src=\"https:\/\/soccer.aidatasports.com\/images\/players\/16536.png\" alt=\"Gustavo Vallecilla\" onerror=\"this.onerror=null;this.src='https:\/\/soccer.aidatasports.com\/images\/players\/default-player.png';\"><span>Gustavo Vallecilla<\/span><\/a><\/div>\n<div class=\"player\"><a href=\"https:\/\/soccer.aidatasports.com\/pt\/players\/Mario-Pineida-63949\"><img decoding=\"async\" src=\"https:\/\/soccer.aidatasports.com\/images\/players\/63949.png\" alt=\"Mario Pineida\" onerror=\"this.onerror=null;this.src='https:\/\/soccer.aidatasports.com\/images\/players\/default-player.png';\"><span>Mario Pineida<\/span><\/a><\/div>\n<div class=\"player\"><a href=\"https:\/\/soccer.aidatasports.com\/pt\/players\/Joaqu\u00edn-Valiente-270974\"><img decoding=\"async\" src=\"https:\/\/soccer.aidatasports.com\/images\/players\/270974.png\" alt=\"Joaqu\u00edn Valiente\" onerror=\"this.onerror=null;this.src='https:\/\/soccer.aidatasports.com\/images\/players\/default-player.png';\"><span>Joaqu\u00edn Valiente<\/span><\/a><\/div>\n<div class=\"player\"><a href=\"https:\/\/soccer.aidatasports.com\/pt\/players\/Dixon-Arroyo-16554\"><img decoding=\"async\" src=\"https:\/\/soccer.aidatasports.com\/images\/players\/16554.png\" alt=\"Dixon Arroyo\" onerror=\"this.onerror=null;this.src='https:\/\/soccer.aidatasports.com\/images\/players\/default-player.png';\"><span>Dixon Arroyo<\/span><\/a><\/div>\n<div class=\"player\"><a href=\"https:\/\/soccer.aidatasports.com\/pt\/players\/Brian-Oyola-59225\"><img decoding=\"async\" src=\"https:\/\/soccer.aidatasports.com\/images\/players\/59225.png\" alt=\"Brian Oyola\" onerror=\"this.onerror=null;this.src='https:\/\/soccer.aidatasports.com\/images\/players\/default-player.png';\"><span>Brian Oyola<\/span><\/a><\/div>\n<div class=\"player\"><a href=\"https:\/\/soccer.aidatasports.com\/pt\/players\/Janner-Corozo-16413\"><img decoding=\"async\" src=\"https:\/\/soccer.aidatasports.com\/images\/players\/16413.png\" alt=\"Janner Corozo\" onerror=\"this.onerror=null;this.src='https:\/\/soccer.aidatasports.com\/images\/players\/default-player.png';\"><span>Janner Corozo<\/span><\/a><\/div>\n<div class=\"player\"><a href=\"https:\/\/soccer.aidatasports.com\/pt\/players\/Gabriel-Cortez-16558\"><img decoding=\"async\" src=\"https:\/\/soccer.aidatasports.com\/images\/players\/16558.png\" alt=\"Gabriel Cortez\" onerror=\"this.onerror=null;this.src='https:\/\/soccer.aidatasports.com\/images\/players\/default-player.png';\"><span>Gabriel Cortez<\/span><\/a><\/div>\n<div class=\"player\"><a href=\"https:\/\/soccer.aidatasports.com\/pt\/players\/Octavio-Rivero-51590\"><img decoding=\"async\" src=\"https:\/\/soccer.aidatasports.com\/images\/players\/51590.png\" alt=\"Octavio Rivero\" onerror=\"this.onerror=null;this.src='https:\/\/soccer.aidatasports.com\/images\/players\/default-player.png';\"><span>Octavio Rivero<\/span><\/a><\/div>\n<\/div>\n<div>\n<h4>Suplentes:<\/h4>\n<div class=\"player\"><a href=\"https:\/\/soccer.aidatasports.com\/pt\/players\/Anibal-Chal\u00e1-16462\"><img decoding=\"async\" src=\"https:\/\/soccer.aidatasports.com\/images\/players\/16462.png\" alt=\"Anibal Chal\u00e1\" onerror=\"this.onerror=null;this.src='https:\/\/soccer.aidatasports.com\/images\/players\/default-player.png';\"><span>Anibal Chal\u00e1<\/span><\/a><\/div>\n<div class=\"player\"><a href=\"https:\/\/soccer.aidatasports.com\/pt\/players\/Cristhian-Solano-81334\"><img decoding=\"async\" src=\"https:\/\/soccer.aidatasports.com\/images\/players\/81334.png\" alt=\"Cristhian Solano\" onerror=\"this.onerror=null;this.src='https:\/\/soccer.aidatasports.com\/images\/players\/default-player.png';\"><span>Cristhian Solano<\/span><\/a><\/div>\n<div class=\"player\"><a href=\"https:\/\/soccer.aidatasports.com\/pt\/players\/Kleber-Pinargote-Lara-278170\"><img decoding=\"async\" src=\"https:\/\/soccer.aidatasports.com\/images\/players\/278170.png\" alt=\"Kleber Pinargote Lara\" onerror=\"this.onerror=null;this.src='https:\/\/soccer.aidatasports.com\/images\/players\/default-player.png';\"><span>Kleber Pinargote Lara<\/span><\/a><\/div>\n<div class=\"player\"><a href=\"https:\/\/soccer.aidatasports.com\/pt\/players\/William-Vargas-16666\"><img decoding=\"async\" src=\"https:\/\/soccer.aidatasports.com\/images\/players\/16666.png\" alt=\"William Vargas\" onerror=\"this.onerror=null;this.src='https:\/\/soccer.aidatasports.com\/images\/players\/default-player.png';\"><span>William Vargas<\/span><\/a><\/div>\n<div class=\"player\"><a href=\"https:\/\/soccer.aidatasports.com\/pt\/players\/Byron-Castillo-63947\"><img decoding=\"async\" src=\"https:\/\/soccer.aidatasports.com\/images\/players\/63947.png\" alt=\"Byron Castillo\" onerror=\"this.onerror=null;this.src='https:\/\/soccer.aidatasports.com\/images\/players\/default-player.png';\"><span>Byron Castillo<\/span><\/a><\/div>\n<div class=\"player\"><a href=\"https:\/\/soccer.aidatasports.com\/pt\/players\/Jhonnier-Chala-312836\"><img decoding=\"async\" src=\"https:\/\/soccer.aidatasports.com\/images\/players\/312836.png\" alt=\"Jhonnier Chala\" onerror=\"this.onerror=null;this.src='https:\/\/soccer.aidatasports.com\/images\/players\/default-player.png';\"><span>Jhonnier Chala<\/span><\/a><\/div>\n<div class=\"player\"><a href=\"https:\/\/soccer.aidatasports.com\/pt\/players\/Gast\u00f3n-Campi-41409\"><img decoding=\"async\" src=\"https:\/\/soccer.aidatasports.com\/images\/players\/41409.png\" alt=\"Gast\u00f3n Campi\" onerror=\"this.onerror=null;this.src='https:\/\/soccer.aidatasports.com\/images\/players\/default-player.png';\"><span>Gast\u00f3n Campi<\/span><\/a><\/div>\n<div class=\"player\"><a href=\"https:\/\/soccer.aidatasports.com\/pt\/players\/Pablo-Calle-426631\"><img decoding=\"async\" src=\"https:\/\/soccer.aidatasports.com\/images\/players\/426631.png\" alt=\"Pablo Calle\" onerror=\"this.onerror=null;this.src='https:\/\/soccer.aidatasports.com\/images\/players\/default-player.png';\"><span>Pablo Calle<\/span><\/a><\/div>\n<div class=\"player\"><a href=\"https:\/\/soccer.aidatasports.com\/pt\/players\/Jandry-Gomez-460052\"><img decoding=\"async\" src=\"https:\/\/soccer.aidatasports.com\/images\/players\/460052.png\" alt=\"Jandry Gomez\" onerror=\"this.onerror=null;this.src='https:\/\/soccer.aidatasports.com\/images\/players\/default-player.png';\"><span>Jandry Gomez<\/span><\/a><\/div>\n<div class=\"player\"><a href=\"https:\/\/soccer.aidatasports.com\/pt\/players\/Pedro-Preciado-426635\"><img decoding=\"async\" src=\"https:\/\/soccer.aidatasports.com\/images\/players\/426635.png\" alt=\"Pedro Preciado\" onerror=\"this.onerror=null;this.src='https:\/\/soccer.aidatasports.com\/images\/players\/default-player.png';\"><span>Pedro Preciado<\/span><\/a><\/div>\n<\/div>\n<\/div>\n<\/div>\n<div class=\"team-lineup\">\n<h3>Delfin SC<\/h3>\n<p><img decoding=\"async\" src=\"https:\/\/media.api-sports.io\/football\/teams\/1149.png\" alt=\"Delfin SC\" style=\"width: 50px; height: 50px;\"><\/p>\n<div class=\"players-container\">\n<div>\n<h4>Titulares:<\/h4>\n<div class=\"player\"><a href=\"https:\/\/soccer.aidatasports.com\/pt\/players\/Brian-Heras-16611\"><img decoding=\"async\" src=\"https:\/\/soccer.aidatasports.com\/images\/players\/16611.png\" alt=\"Brian Heras\" onerror=\"this.onerror=null;this.src='https:\/\/soccer.aidatasports.com\/images\/players\/default-player.png';\"><span>Brian Heras<\/span><\/a><\/div>\n<div class=\"player\"><a href=\"https:\/\/soccer.aidatasports.com\/pt\/players\/Luis-Caicedo-304036\"><img decoding=\"async\" src=\"https:\/\/soccer.aidatasports.com\/images\/players\/304036.png\" alt=\"Luis Caicedo\" onerror=\"this.onerror=null;this.src='https:\/\/soccer.aidatasports.com\/images\/players\/default-player.png';\"><span>Luis Caicedo<\/span><\/a><\/div>\n<div class=\"player\"><a href=\"https:\/\/soccer.aidatasports.com\/pt\/players\/Josu\u00e9-Cuero-195114\"><img decoding=\"async\" src=\"https:\/\/soccer.aidatasports.com\/images\/players\/195114.png\" alt=\"Josu\u00e9 Cuero\" onerror=\"this.onerror=null;this.src='https:\/\/soccer.aidatasports.com\/images\/players\/default-player.png';\"><span>Josu\u00e9 Cuero<\/span><\/a><\/div>\n<div class=\"player\"><a href=\"https:\/\/soccer.aidatasports.com\/pt\/players\/Mateo-Burdisso-374150\"><img decoding=\"async\" src=\"https:\/\/soccer.aidatasports.com\/images\/players\/374150.png\" alt=\"Mateo Burdisso\" onerror=\"this.onerror=null;this.src='https:\/\/soccer.aidatasports.com\/images\/players\/default-player.png';\"><span>Mateo Burdisso<\/span><\/a><\/div>\n<div class=\"player\"><a href=\"https:\/\/soccer.aidatasports.com\/pt\/players\/Erick-Z\u00fa\u00f1iga-409166\"><img decoding=\"async\" src=\"https:\/\/soccer.aidatasports.com\/images\/players\/409166.png\" alt=\"Erick Z\u00fa\u00f1iga\" onerror=\"this.onerror=null;this.src='https:\/\/soccer.aidatasports.com\/images\/players\/default-player.png';\"><span>Erick Z\u00fa\u00f1iga<\/span><\/a><\/div>\n<div class=\"player\"><a href=\"https:\/\/soccer.aidatasports.com\/pt\/players\/Ricardo-Phillips-199464\"><img decoding=\"async\" src=\"https:\/\/soccer.aidatasports.com\/images\/players\/199464.png\" alt=\"Ricardo Phillips\" onerror=\"this.onerror=null;this.src='https:\/\/soccer.aidatasports.com\/images\/players\/default-player.png';\"><span>Ricardo Phillips<\/span><\/a><\/div>\n<div class=\"player\"><a href=\"https:\/\/soccer.aidatasports.com\/pt\/players\/Edison-Vega-16481\"><img decoding=\"async\" src=\"https:\/\/soccer.aidatasports.com\/images\/players\/16481.png\" alt=\"Edison Vega\" onerror=\"this.onerror=null;this.src='https:\/\/soccer.aidatasports.com\/images\/players\/default-player.png';\"><span>Edison Vega<\/span><\/a><\/div>\n<div class=\"player\"><a href=\"https:\/\/soccer.aidatasports.com\/pt\/players\/Luis-Castro-323160\"><img decoding=\"async\" src=\"https:\/\/soccer.aidatasports.com\/images\/players\/323160.png\" alt=\"Luis Castro\" onerror=\"this.onerror=null;this.src='https:\/\/soccer.aidatasports.com\/images\/players\/default-player.png';\"><span>Luis Castro<\/span><\/a><\/div>\n<div class=\"player\"><a href=\"https:\/\/soccer.aidatasports.com\/pt\/players\/Erick-Mendoza-366893\"><img decoding=\"async\" src=\"https:\/\/soccer.aidatasports.com\/images\/players\/366893.png\" alt=\"Erick Mendoza\" onerror=\"this.onerror=null;this.src='https:\/\/soccer.aidatasports.com\/images\/players\/default-player.png';\"><span>Erick Mendoza<\/span><\/a><\/div>\n<div class=\"player\"><a href=\"https:\/\/soccer.aidatasports.com\/pt\/players\/Mateo-Levato-5900\"><img decoding=\"async\" src=\"https:\/\/soccer.aidatasports.com\/images\/players\/5900.png\" alt=\"Mateo Levato\" onerror=\"this.onerror=null;this.src='https:\/\/soccer.aidatasports.com\/images\/players\/default-player.png';\"><span>Mateo Levato<\/span><\/a><\/div>\n<div class=\"player\"><a href=\"https:\/\/soccer.aidatasports.com\/pt\/players\/Braian-Cuello-58684\"><img decoding=\"async\" src=\"https:\/\/soccer.aidatasports.com\/images\/players\/58684.png\" alt=\"Braian Cuello\" onerror=\"this.onerror=null;this.src='https:\/\/soccer.aidatasports.com\/images\/players\/default-player.png';\"><span>Braian Cuello<\/span><\/a><\/div>\n<\/div>\n<div>\n<h4>Suplentes:<\/h4>\n<div class=\"player\"><a href=\"https:\/\/soccer.aidatasports.com\/pt\/players\/Ariel-Garc\u00eda-355412\"><img decoding=\"async\" src=\"https:\/\/soccer.aidatasports.com\/images\/players\/355412.png\" alt=\"Ariel Garc\u00eda\" onerror=\"this.onerror=null;this.src='https:\/\/soccer.aidatasports.com\/images\/players\/default-player.png';\"><span>Ariel Garc\u00eda<\/span><\/a><\/div>\n<div class=\"player\"><a href=\"https:\/\/soccer.aidatasports.com\/pt\/players\/Maikel-Reyes-305948\"><img decoding=\"async\" src=\"https:\/\/soccer.aidatasports.com\/images\/players\/305948.png\" alt=\"Maikel Reyes\" onerror=\"this.onerror=null;this.src='https:\/\/soccer.aidatasports.com\/images\/players\/default-player.png';\"><span>Maikel Reyes<\/span><\/a><\/div>\n<div class=\"player\"><a href=\"https:\/\/soccer.aidatasports.com\/pt\/players\/Thiago-Ozaeta-461034\"><img decoding=\"async\" src=\"https:\/\/soccer.aidatasports.com\/images\/players\/461034.png\" alt=\"Thiago Ozaeta\" onerror=\"this.onerror=null;this.src='https:\/\/soccer.aidatasports.com\/images\/players\/default-player.png';\"><span>Thiago Ozaeta<\/span><\/a><\/div>\n<div class=\"player\"><a href=\"https:\/\/soccer.aidatasports.com\/pt\/players\/Benjamin-Cardenas-355512\"><img decoding=\"async\" src=\"https:\/\/soccer.aidatasports.com\/images\/players\/355512.png\" alt=\"Benjamin Cardenas\" onerror=\"this.onerror=null;this.src='https:\/\/soccer.aidatasports.com\/images\/players\/default-player.png';\"><span>Benjamin Cardenas<\/span><\/a><\/div>\n<div class=\"player\"><a href=\"https:\/\/soccer.aidatasports.com\/pt\/players\/Franco-Zicarelli-408985\"><img decoding=\"async\" src=\"https:\/\/soccer.aidatasports.com\/images\/players\/408985.png\" alt=\"Franco Zicarelli\" onerror=\"this.onerror=null;this.src='https:\/\/soccer.aidatasports.com\/images\/players\/default-player.png';\"><span>Franco Zicarelli<\/span><\/a><\/div>\n<div class=\"player\"><a href=\"https:\/\/soccer.aidatasports.com\/pt\/players\/Joaquin-Leon-323577\"><img decoding=\"async\" src=\"https:\/\/soccer.aidatasports.com\/images\/players\/323577.png\" alt=\"Joaquin Leon\" onerror=\"this.onerror=null;this.src='https:\/\/soccer.aidatasports.com\/images\/players\/default-player.png';\"><span>Joaquin Leon<\/span><\/a><\/div>\n<div class=\"player\"><a href=\"https:\/\/soccer.aidatasports.com\/pt\/players\/Jean-Carlos-Estacio-16424\"><img decoding=\"async\" src=\"https:\/\/soccer.aidatasports.com\/images\/players\/16424.png\" alt=\"Jean Carlos Estacio\" onerror=\"this.onerror=null;this.src='https:\/\/soccer.aidatasports.com\/images\/players\/default-player.png';\"><span>Jean Carlos Estacio<\/span><\/a><\/div>\n<div class=\"player\"><a href=\"https:\/\/soccer.aidatasports.com\/pt\/players\/Juan-Nazareno-203545\"><img decoding=\"async\" src=\"https:\/\/soccer.aidatasports.com\/images\/players\/203545.png\" alt=\"Juan Nazareno\" onerror=\"this.onerror=null;this.src='https:\/\/soccer.aidatasports.com\/images\/players\/default-player.png';\"><span>Juan Nazareno<\/span><\/a><\/div>\n<div class=\"player\"><a href=\"https:\/\/soccer.aidatasports.com\/pt\/players\/Hancel-Batalla-16715\"><img decoding=\"async\" src=\"https:\/\/soccer.aidatasports.com\/images\/players\/16715.png\" alt=\"Hancel Batalla\" onerror=\"this.onerror=null;this.src='https:\/\/soccer.aidatasports.com\/images\/players\/default-player.png';\"><span>Hancel Batalla<\/span><\/a><\/div>\n<div class=\"player\"><a href=\"https:\/\/soccer.aidatasports.com\/pt\/players\/Gianni-Cagua-388580\"><img decoding=\"async\" src=\"https:\/\/soccer.aidatasports.com\/images\/players\/388580.png\" alt=\"Gianni Cagua\" onerror=\"this.onerror=null;this.src='https:\/\/soccer.aidatasports.com\/images\/players\/default-player.png';\"><span>Gianni Cagua<\/span><\/a><\/div>\n<div class=\"player\"><a href=\"https:\/\/soccer.aidatasports.com\/pt\/players\/Janus-Vivar-16537\"><img decoding=\"async\" src=\"https:\/\/soccer.aidatasports.com\/images\/players\/16537.png\" alt=\"Janus Vivar\" onerror=\"this.onerror=null;this.src='https:\/\/soccer.aidatasports.com\/images\/players\/default-player.png';\"><span>Janus Vivar<\/span><\/a><\/div>\n<div class=\"player\"><a href=\"https:\/\/soccer.aidatasports.com\/pt\/players\/Ober-Medina-461036\"><img decoding=\"async\" src=\"https:\/\/soccer.aidatasports.com\/images\/players\/461036.png\" alt=\"Ober Medina\" onerror=\"this.onerror=null;this.src='https:\/\/soccer.aidatasports.com\/images\/players\/default-player.png';\"><span>Ober Medina<\/span><\/a><\/div>\n<\/div>\n<\/div>\n<\/div>\n<\/div>\n<div id=\"wg-api-football-game\"\n                    data-host=\"xxxxx\"\n                    data-key=\"xxxx\"\n                    data-id=\"1338342\"\n                    data-theme=\"\"\n                    data-refresh=\"15\"\n                    data-show-errors=\"false\"\n                    data-show-logos=\"true\"><br \/>\n                    class=&#8221;wg_loader&#8221;>\n                <\/div>\n<div id=\"wg-api-football-standings\"\n                    data-host=\"xxxx\"\n                    data-key=\"ddddd\"\n                    data-league=\"242\"\n                    data-team=\"\"\n                    data-season=\"2025\"\n                    data-theme=\"\"\n                    data-show-errors=\"false\"\n                    data-show-logos=\"true\"\n                    class=\"wg_loader\">\n                <\/div>\n<p>                <script\n                    type=\"module\"\n                    src=\"https:\/\/soccer.aidatasports.com\/wp-content\/customjs\/widgetslocal.js\">\n                <\/script><\/p>\n","protected":false},"excerpt":{"rendered":"<p>Portugu\u00eas: O Barcelona SC venceu o Delf\u00edn SC em uma partida disputada no Est\u00e1dio Monumental&hellip;<\/p>\n","protected":false},"author":1,"featured_media":84337,"comment_status":"open","ping_status":"open","sticky":false,"template":"","format":"standard","meta":{"content-type":"","pmpro_default_level":"","_lmt_disableupdate":"","_lmt_disable":"","_league":15837,"_fixture":1338342,"penci_pfeatured_image_ratio":"","penci_single_style":"","footnotes":""},"categories":[15837],"tags":[1168,1165],"class_list":["post-84338","post","type-post","status-publish","format-standard","has-post-thumbnail","hentry","category-matches","tag-barcelona-sc-ecuador-1152","tag-delfin-sc-ecuador-1149","pmpro-has-access"],"_links":{"self":[{"href":"https:\/\/soccer.aidatasports.com\/pt\/wp-json\/wp\/v2\/posts\/84338"}],"collection":[{"href":"https:\/\/soccer.aidatasports.com\/pt\/wp-json\/wp\/v2\/posts"}],"about":[{"href":"https:\/\/soccer.aidatasports.com\/pt\/wp-json\/wp\/v2\/types\/post"}],"author":[{"embeddable":true,"href":"https:\/\/soccer.aidatasports.com\/pt\/wp-json\/wp\/v2\/users\/1"}],"replies":[{"embeddable":true,"href":"https:\/\/soccer.aidatasports.com\/pt\/wp-json\/wp\/v2\/comments?post=84338"}],"version-history":[{"count":0,"href":"https:\/\/soccer.aidatasports.com\/pt\/wp-json\/wp\/v2\/posts\/84338\/revisions"}],"wp:featuredmedia":[{"embeddable":true,"href":"https:\/\/soccer.aidatasports.com\/pt\/wp-json\/wp\/v2\/media\/84337"}],"wp:attachment":[{"href":"https:\/\/soccer.aidatasports.com\/pt\/wp-json\/wp\/v2\/media?parent=84338"}],"wp:term":[{"taxonomy":"category","embeddable":true,"href":"https:\/\/soccer.aidatasports.com\/pt\/wp-json\/wp\/v2\/categories?post=84338"},{"taxonomy":"post_tag","embeddable":true,"href":"https:\/\/soccer.aidatasports.com\/pt\/wp-json\/wp\/v2\/tags?post=84338"}],"curies":[{"name":"wp","href":"https:\/\/api.w.org\/{rel}","templated":true}]}}