{"id":83214,"date":"2025-03-15T15:02:57","date_gmt":"2025-03-15T15:02:57","guid":{"rendered":"https:\/\/soccer.aidatasports.com\/pt\/uncategorized\/racing-ferrol-vs-eibar-mar-15-2025-1300-utc\/"},"modified":"2025-03-15T15:02:57","modified_gmt":"2025-03-15T15:02:57","slug":"racing-ferrol-vs-eibar-mar-15-2025-1300-utc","status":"publish","type":"post","link":"https:\/\/soccer.aidatasports.com\/pt\/matches\/racing-ferrol-vs-eibar-mar-15-2025-1300-utc\/","title":{"rendered":"Racing Ferrol vs Eibar Mar 15 2025 13:00 UTC"},"content":{"rendered":"<p><strong>Portugu\u00eas<\/strong><\/p>\n<p>O Eibar venceu o Racing Ferrol numa partida disputada no Est\u00e1dio Municipal de A Malata, em Ferrol, no dia 15 de mar\u00e7o de 2025, correspondente \u00e0 31\u00aa jornada da Segunda Divis\u00e3o. A partida, arbitrada por Manuel Jesus Orellana Cid, foi um confronto intenso com um n\u00famero elevado de cart\u00f5es amarelos. O Eibar dominou a posse de bola (56%) e criou mais chances de gol, com 12 chutes (4 no alvo), contra 6 do Racing Ferrol (apenas 1 no alvo). Apesar da maior efic\u00e1cia ofensiva do Eibar, o Racing Ferrol tamb\u00e9m teve seus momentos, e as faltas foram numerosas em ambos os lados (14 para o Eibar e 13 para o Racing Ferrol). O jogo foi marcado pela falta de disciplina, com tr\u00eas cart\u00f5es amarelos para cada equipe: para o Eibar, S. Cubero, M. Pereira e A. Comas receberam cart\u00f5es amarelos; enquanto para o Racing Ferrol, J. Sene, D. Castro e A. Puric foram advertidos. O placar final, no entanto, n\u00e3o reflete o n\u00famero de advert\u00eancias nem o n\u00famero de chances de gol.<\/p>\n<p>Substitui\u00f5es na equipe de eibar: Aos 41 minutos, A. Puertas entrou e J. Pascual saiu., Aos 70 minutos, A. Carrillo entrou e S. Cubero saiu., Aos 70 minutos, J. Martinez entrou e M. Pereira saiu., Aos 87 minutos, H. Arrillaga entrou e C. Gutierrez saiu., Aos 87 minutos, J. Guruzeta entrou e J. Bautista saiu. <\/p>\n<p>Substitui\u00f5es na equipe de racing ferrol: Aos 60 minutos, N. Garcia entrou e J. Dorrio saiu., Aos 70 minutos, Naldo entrou e A. Puric saiu., Aos 70 minutos, Nacho entrou e H. Pena saiu., Aos 76 minutos, R. Blanco entrou e A. Sanz saiu., Aos 76 minutos, F. Manzanara entrou e A. Gimenez saiu. <\/p>\n<p>As equipes se alinharam da seguinte forma:<\/p>\n<div class=\"lineups-container\">\n<style>\n                .lineups-container {\n                    display: flex;\n                    justify-content: space-around;\n                    flex-wrap: wrap;\n                }\n                .team-lineup {\n                    width: 49%;\n                    margin-bottom: 20px;\n                    border: 1px solid #ccc;\n                    padding: 5px;\n                }\n                .team-lineup h3 {\n                    text-align: center;\n                    margin-bottom: 10px;\n                }\n                .players-container {\n                    display: flex;\n                    justify-content: space-between;\n                }\n                .players-container div {\n                    width: 100%;\n                }\n                .player {\n                    display: flex;\n                    align-items: center;\n                    margin-bottom: 5px;\n                }\n                .player img {\n                    width: 30px;\n                    height: 30px;\n                    border-radius: 50%;\n                    margin-right: 10px;\n                }\n                    @media (max-width: 600px) {\n                    .team-lineup {\n                        width: 100%;\n                    }\n                }\n                <\/style>\n<div class=\"team-lineup\">\n<h3>Racing Ferrol<\/h3>\n<p><img decoding=\"async\" src=\"https:\/\/media.api-sports.io\/football\/teams\/9409.png\" alt=\"Racing Ferrol\" style=\"width: 50px; height: 50px;\"><\/p>\n<div class=\"players-container\">\n<div>\n<h4>Titulares:<\/h4>\n<div class=\"player\"><a href=\"https:\/\/soccer.aidatasports.com\/pt\/players\/Yoel-Rodr\u00edguez-47476\"><img decoding=\"async\" src=\"https:\/\/soccer.aidatasports.com\/images\/players\/47476.png\" alt=\"Yoel Rodr\u00edguez\" onerror=\"this.onerror=null;this.src='https:\/\/soccer.aidatasports.com\/images\/players\/default-player.png';\"><span>Yoel Rodr\u00edguez<\/span><\/a><\/div>\n<div class=\"player\"><a href=\"https:\/\/soccer.aidatasports.com\/pt\/players\/Aitor-Bu\u00f1uel-104843\"><img decoding=\"async\" src=\"https:\/\/soccer.aidatasports.com\/images\/players\/104843.png\" alt=\"Aitor Bu\u00f1uel\" onerror=\"this.onerror=null;this.src='https:\/\/soccer.aidatasports.com\/images\/players\/default-player.png';\"><span>Aitor Bu\u00f1uel<\/span><\/a><\/div>\n<div class=\"player\"><a href=\"https:\/\/soccer.aidatasports.com\/pt\/players\/Aleksa-Puric-428799\"><img decoding=\"async\" src=\"https:\/\/soccer.aidatasports.com\/images\/players\/428799.png\" alt=\"Aleksa Puric\" onerror=\"this.onerror=null;this.src='https:\/\/soccer.aidatasports.com\/images\/players\/default-player.png';\"><span>Aleksa Puric<\/span><\/a><\/div>\n<div class=\"player\"><a href=\"https:\/\/soccer.aidatasports.com\/pt\/players\/David-Castro-135385\"><img decoding=\"async\" src=\"https:\/\/soccer.aidatasports.com\/images\/players\/135385.png\" alt=\"David Castro\" onerror=\"this.onerror=null;this.src='https:\/\/soccer.aidatasports.com\/images\/players\/default-player.png';\"><span>David Castro<\/span><\/a><\/div>\n<div class=\"player\"><a href=\"https:\/\/soccer.aidatasports.com\/pt\/players\/Brais-Mart\u00ednez-285161\"><img decoding=\"async\" src=\"https:\/\/soccer.aidatasports.com\/images\/players\/285161.png\" alt=\"Brais Mart\u00ednez\" onerror=\"this.onerror=null;this.src='https:\/\/soccer.aidatasports.com\/images\/players\/default-player.png';\"><span>Brais Mart\u00ednez<\/span><\/a><\/div>\n<div class=\"player\"><a href=\"https:\/\/soccer.aidatasports.com\/pt\/players\/Josu\u00e9-Dorrio-104850\"><img decoding=\"async\" src=\"https:\/\/soccer.aidatasports.com\/images\/players\/104850.png\" alt=\"Josu\u00e9 Dorrio\" onerror=\"this.onerror=null;this.src='https:\/\/soccer.aidatasports.com\/images\/players\/default-player.png';\"><span>Josu\u00e9 Dorrio<\/span><\/a><\/div>\n<div class=\"player\"><a href=\"https:\/\/soccer.aidatasports.com\/pt\/players\/\u00c1lvaro-Sanz-Catal\u00e1n-162167\"><img decoding=\"async\" src=\"https:\/\/soccer.aidatasports.com\/images\/players\/162167.png\" alt=\"\u00c1lvaro Sanz Catal\u00e1n\" onerror=\"this.onerror=null;this.src='https:\/\/soccer.aidatasports.com\/images\/players\/default-player.png';\"><span>\u00c1lvaro Sanz Catal\u00e1n<\/span><\/a><\/div>\n<div class=\"player\"><a href=\"https:\/\/soccer.aidatasports.com\/pt\/players\/Josep-Se\u00f1\u00e9-104841\"><img decoding=\"async\" src=\"https:\/\/soccer.aidatasports.com\/images\/players\/104841.png\" alt=\"Josep Se\u00f1\u00e9\" onerror=\"this.onerror=null;this.src='https:\/\/soccer.aidatasports.com\/images\/players\/default-player.png';\"><span>Josep Se\u00f1\u00e9<\/span><\/a><\/div>\n<div class=\"player\"><a href=\"https:\/\/soccer.aidatasports.com\/pt\/players\/Heber-Pena-Picos-125059\"><img decoding=\"async\" src=\"https:\/\/soccer.aidatasports.com\/images\/players\/125059.png\" alt=\"Heber Pena Picos\" onerror=\"this.onerror=null;this.src='https:\/\/soccer.aidatasports.com\/images\/players\/default-player.png';\"><span>Heber Pena Picos<\/span><\/a><\/div>\n<div class=\"player\"><a href=\"https:\/\/soccer.aidatasports.com\/pt\/players\/\u00c1lvaro-Gim\u00e9nez-46931\"><img decoding=\"async\" src=\"https:\/\/soccer.aidatasports.com\/images\/players\/46931.png\" alt=\"\u00c1lvaro Gim\u00e9nez\" onerror=\"this.onerror=null;this.src='https:\/\/soccer.aidatasports.com\/images\/players\/default-player.png';\"><span>\u00c1lvaro Gim\u00e9nez<\/span><\/a><\/div>\n<div class=\"player\"><a href=\"https:\/\/soccer.aidatasports.com\/pt\/players\/Eneko-Jauregi-104903\"><img decoding=\"async\" src=\"https:\/\/soccer.aidatasports.com\/images\/players\/104903.png\" alt=\"Eneko Jauregi\" onerror=\"this.onerror=null;this.src='https:\/\/soccer.aidatasports.com\/images\/players\/default-player.png';\"><span>Eneko Jauregi<\/span><\/a><\/div>\n<\/div>\n<div>\n<h4>Suplentes:<\/h4>\n<div class=\"player\"><a href=\"https:\/\/soccer.aidatasports.com\/pt\/players\/Naim-Garc\u00eda-327622\"><img decoding=\"async\" src=\"https:\/\/soccer.aidatasports.com\/images\/players\/327622.png\" alt=\"Naim Garc\u00eda\" onerror=\"this.onerror=null;this.src='https:\/\/soccer.aidatasports.com\/images\/players\/default-player.png';\"><span>Naim Garc\u00eda<\/span><\/a><\/div>\n<div class=\"player\"><a href=\"https:\/\/soccer.aidatasports.com\/pt\/players\/Naldo-47330\"><img decoding=\"async\" src=\"https:\/\/soccer.aidatasports.com\/images\/players\/47330.png\" alt=\"Naldo\" onerror=\"this.onerror=null;this.src='https:\/\/soccer.aidatasports.com\/images\/players\/default-player.png';\"><span>Naldo<\/span><\/a><\/div>\n<div class=\"player\"><a href=\"https:\/\/soccer.aidatasports.com\/pt\/players\/Nacho-S\u00e1nchez-47148\"><img decoding=\"async\" src=\"https:\/\/soccer.aidatasports.com\/images\/players\/47148.png\" alt=\"Nacho S\u00e1nchez\" onerror=\"this.onerror=null;this.src='https:\/\/soccer.aidatasports.com\/images\/players\/default-player.png';\"><span>Nacho S\u00e1nchez<\/span><\/a><\/div>\n<div class=\"player\"><a href=\"https:\/\/soccer.aidatasports.com\/pt\/players\/Jes\u00fas-Ruiz-135152\"><img decoding=\"async\" src=\"https:\/\/soccer.aidatasports.com\/images\/players\/135152.png\" alt=\"Jes\u00fas Ruiz\" onerror=\"this.onerror=null;this.src='https:\/\/soccer.aidatasports.com\/images\/players\/default-player.png';\"><span>Jes\u00fas Ruiz<\/span><\/a><\/div>\n<div class=\"player\"><a href=\"https:\/\/soccer.aidatasports.com\/pt\/players\/Emilio-Bernad-163198\"><img decoding=\"async\" src=\"https:\/\/soccer.aidatasports.com\/images\/players\/163198.png\" alt=\"Emilio Bernad\" onerror=\"this.onerror=null;this.src='https:\/\/soccer.aidatasports.com\/images\/players\/default-player.png';\"><span>Emilio Bernad<\/span><\/a><\/div>\n<div class=\"player\"><a href=\"https:\/\/soccer.aidatasports.com\/pt\/players\/Emanuel-Insua-26735\"><img decoding=\"async\" src=\"https:\/\/soccer.aidatasports.com\/images\/players\/26735.png\" alt=\"Emanuel Insua\" onerror=\"this.onerror=null;this.src='https:\/\/soccer.aidatasports.com\/images\/players\/default-player.png';\"><span>Emanuel Insua<\/span><\/a><\/div>\n<div class=\"player\"><a href=\"https:\/\/soccer.aidatasports.com\/pt\/players\/R\u00f3ber-46757\"><img decoding=\"async\" src=\"https:\/\/soccer.aidatasports.com\/images\/players\/46757.png\" alt=\"R\u00f3ber\" onerror=\"this.onerror=null;this.src='https:\/\/soccer.aidatasports.com\/images\/players\/default-player.png';\"><span>R\u00f3ber<\/span><\/a><\/div>\n<div class=\"player\"><a href=\"https:\/\/soccer.aidatasports.com\/pt\/players\/Aitor-Gelardo-Vegara-237099\"><img decoding=\"async\" src=\"https:\/\/soccer.aidatasports.com\/images\/players\/237099.png\" alt=\"Aitor Gelardo Vegara\" onerror=\"this.onerror=null;this.src='https:\/\/soccer.aidatasports.com\/images\/players\/default-player.png';\"><span>Aitor Gelardo Vegara<\/span><\/a><\/div>\n<div class=\"player\"><a href=\"https:\/\/soccer.aidatasports.com\/pt\/players\/Francisco-De-La-Manzanara-47465\"><img decoding=\"async\" src=\"https:\/\/soccer.aidatasports.com\/images\/players\/47465.png\" alt=\"Francisco De La Manzanara\" onerror=\"this.onerror=null;this.src='https:\/\/soccer.aidatasports.com\/images\/players\/default-player.png';\"><span>Francisco De La Manzanara<\/span><\/a><\/div>\n<div class=\"player\"><a href=\"https:\/\/soccer.aidatasports.com\/pt\/players\/Christian-Borrego-182472\"><img decoding=\"async\" src=\"https:\/\/soccer.aidatasports.com\/images\/players\/182472.png\" alt=\"Christian Borrego\" onerror=\"this.onerror=null;this.src='https:\/\/soccer.aidatasports.com\/images\/players\/default-player.png';\"><span>Christian Borrego<\/span><\/a><\/div>\n<div class=\"player\"><a href=\"https:\/\/soccer.aidatasports.com\/pt\/players\/Ra\u00fal-Blanco-278896\"><img decoding=\"async\" src=\"https:\/\/soccer.aidatasports.com\/images\/players\/278896.png\" alt=\"Ra\u00fal Blanco\" onerror=\"this.onerror=null;this.src='https:\/\/soccer.aidatasports.com\/images\/players\/default-player.png';\"><span>Ra\u00fal Blanco<\/span><\/a><\/div>\n<\/div>\n<\/div>\n<\/div>\n<div class=\"team-lineup\">\n<h3>Eibar<\/h3>\n<p><img decoding=\"async\" src=\"https:\/\/media.api-sports.io\/football\/teams\/545.png\" alt=\"Eibar\" style=\"width: 50px; height: 50px;\"><\/p>\n<div class=\"players-container\">\n<div>\n<h4>Titulares:<\/h4>\n<div class=\"player\"><a href=\"https:\/\/soccer.aidatasports.com\/pt\/players\/Jon-Mikel-Magunagoitia-178932\"><img decoding=\"async\" src=\"https:\/\/soccer.aidatasports.com\/images\/players\/178932.png\" alt=\"Jon Mikel Magunagoitia\" onerror=\"this.onerror=null;this.src='https:\/\/soccer.aidatasports.com\/images\/players\/default-player.png';\"><span>Jon Mikel Magunagoitia<\/span><\/a><\/div>\n<div class=\"player\"><a href=\"https:\/\/soccer.aidatasports.com\/pt\/players\/Sergio-Cubero-181866\"><img decoding=\"async\" src=\"https:\/\/soccer.aidatasports.com\/images\/players\/181866.png\" alt=\"Sergio Cubero\" onerror=\"this.onerror=null;this.src='https:\/\/soccer.aidatasports.com\/images\/players\/default-player.png';\"><span>Sergio Cubero<\/span><\/a><\/div>\n<div class=\"player\"><a href=\"https:\/\/soccer.aidatasports.com\/pt\/players\/Arnau-Comas-162695\"><img decoding=\"async\" src=\"https:\/\/soccer.aidatasports.com\/images\/players\/162695.png\" alt=\"Arnau Comas\" onerror=\"this.onerror=null;this.src='https:\/\/soccer.aidatasports.com\/images\/players\/default-player.png';\"><span>Arnau Comas<\/span><\/a><\/div>\n<div class=\"player\"><a href=\"https:\/\/soccer.aidatasports.com\/pt\/players\/Anaitz-Arbilla-47377\"><img decoding=\"async\" src=\"https:\/\/soccer.aidatasports.com\/images\/players\/47377.png\" alt=\"Anaitz Arbilla\" onerror=\"this.onerror=null;this.src='https:\/\/soccer.aidatasports.com\/images\/players\/default-player.png';\"><span>Anaitz Arbilla<\/span><\/a><\/div>\n<div class=\"player\"><a href=\"https:\/\/soccer.aidatasports.com\/pt\/players\/Cristian-Guti\u00e9rrez-137441\"><img decoding=\"async\" src=\"https:\/\/soccer.aidatasports.com\/images\/players\/137441.png\" alt=\"Cristian Guti\u00e9rrez\" onerror=\"this.onerror=null;this.src='https:\/\/soccer.aidatasports.com\/images\/players\/default-player.png';\"><span>Cristian Guti\u00e9rrez<\/span><\/a><\/div>\n<div class=\"player\"><a href=\"https:\/\/soccer.aidatasports.com\/pt\/players\/Peru-Nolaskoain-Esnal-47286\"><img decoding=\"async\" src=\"https:\/\/soccer.aidatasports.com\/images\/players\/47286.png\" alt=\"Peru Nolaskoain Esnal\" onerror=\"this.onerror=null;this.src='https:\/\/soccer.aidatasports.com\/images\/players\/default-player.png';\"><span>Peru Nolaskoain Esnal<\/span><\/a><\/div>\n<div class=\"player\"><a href=\"https:\/\/soccer.aidatasports.com\/pt\/players\/Matheus-Pereira-871\"><img decoding=\"async\" src=\"https:\/\/soccer.aidatasports.com\/images\/players\/871.png\" alt=\"Matheus Pereira\" onerror=\"this.onerror=null;this.src='https:\/\/soccer.aidatasports.com\/images\/players\/default-player.png';\"><span>Matheus Pereira<\/span><\/a><\/div>\n<div class=\"player\"><a href=\"https:\/\/soccer.aidatasports.com\/pt\/players\/Jos\u00e9-Corpas-46929\"><img decoding=\"async\" src=\"https:\/\/soccer.aidatasports.com\/images\/players\/46929.png\" alt=\"Jos\u00e9 Corpas\" onerror=\"this.onerror=null;this.src='https:\/\/soccer.aidatasports.com\/images\/players\/default-player.png';\"><span>Jos\u00e9 Corpas<\/span><\/a><\/div>\n<div class=\"player\"><a href=\"https:\/\/soccer.aidatasports.com\/pt\/players\/Jorge-Pascual-290482\"><img decoding=\"async\" src=\"https:\/\/soccer.aidatasports.com\/images\/players\/290482.png\" alt=\"Jorge Pascual\" onerror=\"this.onerror=null;this.src='https:\/\/soccer.aidatasports.com\/images\/players\/default-player.png';\"><span>Jorge Pascual<\/span><\/a><\/div>\n<div class=\"player\"><a href=\"https:\/\/soccer.aidatasports.com\/pt\/players\/Xeber-Alkain-107217\"><img decoding=\"async\" src=\"https:\/\/soccer.aidatasports.com\/images\/players\/107217.png\" alt=\"Xeber Alkain\" onerror=\"this.onerror=null;this.src='https:\/\/soccer.aidatasports.com\/images\/players\/default-player.png';\"><span>Xeber Alkain<\/span><\/a><\/div>\n<div class=\"player\"><a href=\"https:\/\/soccer.aidatasports.com\/pt\/players\/Jon-Bautista-47318\"><img decoding=\"async\" src=\"https:\/\/soccer.aidatasports.com\/images\/players\/47318.png\" alt=\"Jon Bautista\" onerror=\"this.onerror=null;this.src='https:\/\/soccer.aidatasports.com\/images\/players\/default-player.png';\"><span>Jon Bautista<\/span><\/a><\/div>\n<\/div>\n<div>\n<h4>Suplentes:<\/h4>\n<div class=\"player\"><a href=\"https:\/\/soccer.aidatasports.com\/pt\/players\/Antonio-Puertas-46689\"><img decoding=\"async\" src=\"https:\/\/soccer.aidatasports.com\/images\/players\/46689.png\" alt=\"Antonio Puertas\" onerror=\"this.onerror=null;this.src='https:\/\/soccer.aidatasports.com\/images\/players\/default-player.png';\"><span>Antonio Puertas<\/span><\/a><\/div>\n<div class=\"player\"><a href=\"https:\/\/soccer.aidatasports.com\/pt\/players\/\u00c1lvaro-Carrillo-237174\"><img decoding=\"async\" src=\"https:\/\/soccer.aidatasports.com\/images\/players\/237174.png\" alt=\"\u00c1lvaro Carrillo\" onerror=\"this.onerror=null;this.src='https:\/\/soccer.aidatasports.com\/images\/players\/default-player.png';\"><span>\u00c1lvaro Carrillo<\/span><\/a><\/div>\n<div class=\"player\"><a href=\"https:\/\/soccer.aidatasports.com\/pt\/players\/Javi-Mart\u00ednez-46660\"><img decoding=\"async\" src=\"https:\/\/soccer.aidatasports.com\/images\/players\/46660.png\" alt=\"Javi Mart\u00ednez\" onerror=\"this.onerror=null;this.src='https:\/\/soccer.aidatasports.com\/images\/players\/default-player.png';\"><span>Javi Mart\u00ednez<\/span><\/a><\/div>\n<div class=\"player\"><a href=\"https:\/\/soccer.aidatasports.com\/pt\/players\/Alex-Dom\u00ednguez-47351\"><img decoding=\"async\" src=\"https:\/\/soccer.aidatasports.com\/images\/players\/47351.png\" alt=\"Alex Dom\u00ednguez\" onerror=\"this.onerror=null;this.src='https:\/\/soccer.aidatasports.com\/images\/players\/default-player.png';\"><span>Alex Dom\u00ednguez<\/span><\/a><\/div>\n<div class=\"player\"><a href=\"https:\/\/soccer.aidatasports.com\/pt\/players\/Iker-Alday-333327\"><img decoding=\"async\" src=\"https:\/\/soccer.aidatasports.com\/images\/players\/333327.png\" alt=\"Iker Alday\" onerror=\"this.onerror=null;this.src='https:\/\/soccer.aidatasports.com\/images\/players\/default-player.png';\"><span>Iker Alday<\/span><\/a><\/div>\n<div class=\"player\"><a href=\"https:\/\/soccer.aidatasports.com\/pt\/players\/Hodei-Arrillaga-387997\"><img decoding=\"async\" src=\"https:\/\/soccer.aidatasports.com\/images\/players\/387997.png\" alt=\"Hodei Arrillaga\" onerror=\"this.onerror=null;this.src='https:\/\/soccer.aidatasports.com\/images\/players\/default-player.png';\"><span>Hodei Arrillaga<\/span><\/a><\/div>\n<div class=\"player\"><a href=\"https:\/\/soccer.aidatasports.com\/pt\/players\/Aritz-Arambarri-131492\"><img decoding=\"async\" src=\"https:\/\/soccer.aidatasports.com\/images\/players\/131492.png\" alt=\"Aritz Arambarri\" onerror=\"this.onerror=null;this.src='https:\/\/soccer.aidatasports.com\/images\/players\/default-player.png';\"><span>Aritz Arambarri<\/span><\/a><\/div>\n<div class=\"player\"><a href=\"https:\/\/soccer.aidatasports.com\/pt\/players\/Toni-Villa-47492\"><img decoding=\"async\" src=\"https:\/\/soccer.aidatasports.com\/images\/players\/47492.png\" alt=\"Toni Villa\" onerror=\"this.onerror=null;this.src='https:\/\/soccer.aidatasports.com\/images\/players\/default-player.png';\"><span>Toni Villa<\/span><\/a><\/div>\n<div class=\"player\"><a href=\"https:\/\/soccer.aidatasports.com\/pt\/players\/Sergio-\u00c1lvarez-47385\"><img decoding=\"async\" src=\"https:\/\/soccer.aidatasports.com\/images\/players\/47385.png\" alt=\"Sergio \u00c1lvarez\" onerror=\"this.onerror=null;this.src='https:\/\/soccer.aidatasports.com\/images\/players\/default-player.png';\"><span>Sergio \u00c1lvarez<\/span><\/a><\/div>\n<div class=\"player\"><a href=\"https:\/\/soccer.aidatasports.com\/pt\/players\/Jon-Guruzeta-183735\"><img decoding=\"async\" src=\"https:\/\/soccer.aidatasports.com\/images\/players\/183735.png\" alt=\"Jon Guruzeta\" onerror=\"this.onerror=null;this.src='https:\/\/soccer.aidatasports.com\/images\/players\/default-player.png';\"><span>Jon Guruzeta<\/span><\/a><\/div>\n<div class=\"player\"><a href=\"https:\/\/soccer.aidatasports.com\/pt\/players\/Mart\u00edn-Merquelanz-47322\"><img decoding=\"async\" src=\"https:\/\/soccer.aidatasports.com\/images\/players\/47322.png\" alt=\"Mart\u00edn Merquelanz\" onerror=\"this.onerror=null;this.src='https:\/\/soccer.aidatasports.com\/images\/players\/default-player.png';\"><span>Mart\u00edn Merquelanz<\/span><\/a><\/div>\n<\/div>\n<\/div>\n<\/div>\n<\/div>\n<div id=\"wg-api-football-game\"\n                    data-host=\"xxxxx\"\n                    data-key=\"xxxx\"\n                    data-id=\"1217838\"\n                    data-theme=\"\"\n                    data-refresh=\"15\"\n                    data-show-errors=\"false\"\n                    data-show-logos=\"true\"><br \/>\n                    class=&#8221;wg_loader&#8221;>\n                <\/div>\n<div id=\"wg-api-football-standings\"\n                    data-host=\"xxxx\"\n                    data-key=\"ddddd\"\n                    data-league=\"141\"\n                    data-team=\"\"\n                    data-season=\"2024\"\n                    data-theme=\"\"\n                    data-show-errors=\"false\"\n                    data-show-logos=\"true\"\n                    class=\"wg_loader\">\n                <\/div>\n<p>                <script\n                    type=\"module\"\n                    src=\"https:\/\/soccer.aidatasports.com\/wp-content\/customjs\/widgetslocal.js\">\n                <\/script><\/p>\n","protected":false},"excerpt":{"rendered":"<p>Portugu\u00eas O Eibar venceu o Racing Ferrol numa partida disputada no Est\u00e1dio Municipal de A&hellip;<\/p>\n","protected":false},"author":1,"featured_media":83213,"comment_status":"open","ping_status":"open","sticky":false,"template":"","format":"standard","meta":{"content-type":"","pmpro_default_level":"","_lmt_disableupdate":"","_lmt_disable":"","_league":15837,"_fixture":1217838,"penci_pfeatured_image_ratio":"","penci_single_style":"","footnotes":""},"categories":[15837],"tags":[656,6638],"class_list":["post-83214","post","type-post","status-publish","format-standard","has-post-thumbnail","hentry","category-matches","tag-eibar-spain-545","tag-racing-ferrol-spain-9409","pmpro-has-access"],"_links":{"self":[{"href":"https:\/\/soccer.aidatasports.com\/pt\/wp-json\/wp\/v2\/posts\/83214"}],"collection":[{"href":"https:\/\/soccer.aidatasports.com\/pt\/wp-json\/wp\/v2\/posts"}],"about":[{"href":"https:\/\/soccer.aidatasports.com\/pt\/wp-json\/wp\/v2\/types\/post"}],"author":[{"embeddable":true,"href":"https:\/\/soccer.aidatasports.com\/pt\/wp-json\/wp\/v2\/users\/1"}],"replies":[{"embeddable":true,"href":"https:\/\/soccer.aidatasports.com\/pt\/wp-json\/wp\/v2\/comments?post=83214"}],"version-history":[{"count":0,"href":"https:\/\/soccer.aidatasports.com\/pt\/wp-json\/wp\/v2\/posts\/83214\/revisions"}],"wp:featuredmedia":[{"embeddable":true,"href":"https:\/\/soccer.aidatasports.com\/pt\/wp-json\/wp\/v2\/media\/83213"}],"wp:attachment":[{"href":"https:\/\/soccer.aidatasports.com\/pt\/wp-json\/wp\/v2\/media?parent=83214"}],"wp:term":[{"taxonomy":"category","embeddable":true,"href":"https:\/\/soccer.aidatasports.com\/pt\/wp-json\/wp\/v2\/categories?post=83214"},{"taxonomy":"post_tag","embeddable":true,"href":"https:\/\/soccer.aidatasports.com\/pt\/wp-json\/wp\/v2\/tags?post=83214"}],"curies":[{"name":"wp","href":"https:\/\/api.w.org\/{rel}","templated":true}]}}