{"id":82293,"date":"2025-03-08T17:15:51","date_gmt":"2025-03-08T17:15:51","guid":{"rendered":"https:\/\/soccer.aidatasports.com\/pt\/uncategorized\/lierse-kempenzonen-vs-rsc-anderlecht-ii-mar-08-2025-1500-utc\/"},"modified":"2025-03-08T17:15:51","modified_gmt":"2025-03-08T17:15:51","slug":"lierse-kempenzonen-vs-rsc-anderlecht-ii-mar-08-2025-1500-utc","status":"publish","type":"post","link":"https:\/\/soccer.aidatasports.com\/pt\/matches\/lierse-kempenzonen-vs-rsc-anderlecht-ii-mar-08-2025-1500-utc\/","title":{"rendered":"Lierse Kempenzonen vs RSC Anderlecht II Mar 08 2025 15:00 UTC"},"content":{"rendered":"<p><strong>Portugu\u00eas<\/strong><\/p>\n<p>Lierse Kempenzonen vence RSC Anderlecht II em emocionante confronto<\/p>\n<p>Lier, B\u00e9lgica &#8211; O Lierse Kempenzonen derrotou o RSC Anderlecht II por 3 a 1 em uma partida emocionante disputada na AsterX Group-f Arena em Lier, B\u00e9lgica, pela 25\u00aa rodada da Challenger Pro League. A partida, realizada em 8 de mar\u00e7o de 2025, foi marcada pela efici\u00eancia do time da casa e pela luta constante do time visitante.<\/p>\n<p>O Lierse Kempenzonen abriu o placar cedo com um gol de Dailly aos 7 minutos, com assist\u00eancia de De Buyser. De Buyser ampliou a vantagem para o Lierse Kempenzonen antes do intervalo, marcando aos 38 minutos com assist\u00eancia de De Kerf. O Anderlecht II descontou no in\u00edcio do segundo tempo gra\u00e7as a um gol de Sternal (47 minutos), mas Dailly voltou a marcar para o Lierse Kempenzonen aos 48 minutos, praticamente selando a vit\u00f3ria.<\/p>\n<p>Apesar de maior posse de bola para o RSC Anderlecht II (58%), o Lierse Kempenzonen foi mais efetivo no ataque, com 8 chutes (5 no alvo), contra 7 chutes (3 no alvo) do seu advers\u00e1rio. Ambas as equipes mostraram intensidade, refletida nas numerosas faltas cometidas: 15 pelo Lierse Kempenzonen e 13 pelo RSC Anderlecht II. Al\u00e9m disso, cada equipe recebeu 3 cart\u00f5es amarelos.<\/p>\n<p>Substitui\u00f5es na equipe de rsc anderlecht ii: Aos 46 minutos, J. Dom entrou e I. Baouf saiu., Aos 58 minutos, J. Onia Seke entrou e E. Dao saiu., Aos 75 minutos, D. De Corte entrou e M. Robberechts saiu., Aos 75 minutos, G. Sylla entrou e R. Ure saiu., Aos 83 minutos, L. Vergeylen entrou e L. Wola-Wetshay saiu. <\/p>\n<p>Substitui\u00f5es na equipe de lierse kempenzonen: Aos 86 minutos, P. De Schrijver entrou e N. Dailly saiu., Aos 90 minutos, C. Pinillo entrou e B. De Kerf saiu. <\/p>\n<p>As equipes se alinharam da seguinte forma:<\/p>\n<div class=\"lineups-container\">\n<style>\n                .lineups-container {\n                    display: flex;\n                    justify-content: space-around;\n                    flex-wrap: wrap;\n                }\n                .team-lineup {\n                    width: 49%;\n                    margin-bottom: 20px;\n                    border: 1px solid #ccc;\n                    padding: 5px;\n                }\n                .team-lineup h3 {\n                    text-align: center;\n                    margin-bottom: 10px;\n                }\n                .players-container {\n                    display: flex;\n                    justify-content: space-between;\n                }\n                .players-container div {\n                    width: 100%;\n                }\n                .player {\n                    display: flex;\n                    align-items: center;\n                    margin-bottom: 5px;\n                }\n                .player img {\n                    width: 30px;\n                    height: 30px;\n                    border-radius: 50%;\n                    margin-right: 10px;\n                }\n                    @media (max-width: 600px) {\n                    .team-lineup {\n                        width: 100%;\n                    }\n                }\n                <\/style>\n<div class=\"team-lineup\">\n<h3>Lierse Kempenzonen<\/h3>\n<p><img decoding=\"async\" src=\"https:\/\/media.api-sports.io\/football\/teams\/6219.png\" alt=\"Lierse Kempenzonen\" style=\"width: 50px; height: 50px;\"><\/p>\n<div class=\"players-container\">\n<div>\n<h4>Titulares:<\/h4>\n<div class=\"player\"><a href=\"https:\/\/soccer.aidatasports.com\/pt\/players\/Kjell-Peersman-313077\"><img decoding=\"async\" src=\"https:\/\/soccer.aidatasports.com\/images\/players\/313077.png\" alt=\"Kjell Peersman\" onerror=\"this.onerror=null;this.src='https:\/\/soccer.aidatasports.com\/images\/players\/default-player.png';\"><span>Kjell Peersman<\/span><\/a><\/div>\n<div class=\"player\"><a href=\"https:\/\/soccer.aidatasports.com\/pt\/players\/Noah-Mawete-Kinsiona-340164\"><img decoding=\"async\" src=\"https:\/\/soccer.aidatasports.com\/images\/players\/340164.png\" alt=\"Noah Mawete Kinsiona\" onerror=\"this.onerror=null;this.src='https:\/\/soccer.aidatasports.com\/images\/players\/default-player.png';\"><span>Noah Mawete Kinsiona<\/span><\/a><\/div>\n<div class=\"player\"><a href=\"https:\/\/soccer.aidatasports.com\/pt\/players\/Luc-Marijnissen-287793\"><img decoding=\"async\" src=\"https:\/\/soccer.aidatasports.com\/images\/players\/287793.png\" alt=\"Luc Marijnissen\" onerror=\"this.onerror=null;this.src='https:\/\/soccer.aidatasports.com\/images\/players\/default-player.png';\"><span>Luc Marijnissen<\/span><\/a><\/div>\n<div class=\"player\"><a href=\"https:\/\/soccer.aidatasports.com\/pt\/players\/Pietro-Perdichizzi-8956\"><img decoding=\"async\" src=\"https:\/\/soccer.aidatasports.com\/images\/players\/8956.png\" alt=\"Pietro Perdichizzi\" onerror=\"this.onerror=null;this.src='https:\/\/soccer.aidatasports.com\/images\/players\/default-player.png';\"><span>Pietro Perdichizzi<\/span><\/a><\/div>\n<div class=\"player\"><a href=\"https:\/\/soccer.aidatasports.com\/pt\/players\/Wout-De-Buyser-162548\"><img decoding=\"async\" src=\"https:\/\/soccer.aidatasports.com\/images\/players\/162548.png\" alt=\"Wout De Buyser\" onerror=\"this.onerror=null;this.src='https:\/\/soccer.aidatasports.com\/images\/players\/default-player.png';\"><span>Wout De Buyser<\/span><\/a><\/div>\n<div class=\"player\"><a href=\"https:\/\/soccer.aidatasports.com\/pt\/players\/Sam-Vanderhallen-381691\"><img decoding=\"async\" src=\"https:\/\/soccer.aidatasports.com\/images\/players\/381691.png\" alt=\"Sam Vanderhallen\" onerror=\"this.onerror=null;this.src='https:\/\/soccer.aidatasports.com\/images\/players\/default-player.png';\"><span>Sam Vanderhallen<\/span><\/a><\/div>\n<div class=\"player\"><a href=\"https:\/\/soccer.aidatasports.com\/pt\/players\/Bo-De-Kerf-486446\"><img decoding=\"async\" src=\"https:\/\/soccer.aidatasports.com\/images\/players\/486446.png\" alt=\"Bo De Kerf\" onerror=\"this.onerror=null;this.src='https:\/\/soccer.aidatasports.com\/images\/players\/default-player.png';\"><span>Bo De Kerf<\/span><\/a><\/div>\n<div class=\"player\"><a href=\"https:\/\/soccer.aidatasports.com\/pt\/players\/Victor-Daguin-174829\"><img decoding=\"async\" src=\"https:\/\/soccer.aidatasports.com\/images\/players\/174829.png\" alt=\"Victor Daguin\" onerror=\"this.onerror=null;this.src='https:\/\/soccer.aidatasports.com\/images\/players\/default-player.png';\"><span>Victor Daguin<\/span><\/a><\/div>\n<div class=\"player\"><a href=\"https:\/\/soccer.aidatasports.com\/pt\/players\/Emmanuel-Matuta-271957\"><img decoding=\"async\" src=\"https:\/\/soccer.aidatasports.com\/images\/players\/271957.png\" alt=\"Emmanuel Matuta\" onerror=\"this.onerror=null;this.src='https:\/\/soccer.aidatasports.com\/images\/players\/default-player.png';\"><span>Emmanuel Matuta<\/span><\/a><\/div>\n<div class=\"player\"><a href=\"https:\/\/soccer.aidatasports.com\/pt\/players\/Glenn-Claes-8843\"><img decoding=\"async\" src=\"https:\/\/soccer.aidatasports.com\/images\/players\/8843.png\" alt=\"Glenn Claes\" onerror=\"this.onerror=null;this.src='https:\/\/soccer.aidatasports.com\/images\/players\/default-player.png';\"><span>Glenn Claes<\/span><\/a><\/div>\n<div class=\"player\"><a href=\"https:\/\/soccer.aidatasports.com\/pt\/players\/Niklo-Dailly-268745\"><img decoding=\"async\" src=\"https:\/\/soccer.aidatasports.com\/images\/players\/268745.png\" alt=\"Niklo Dailly\" onerror=\"this.onerror=null;this.src='https:\/\/soccer.aidatasports.com\/images\/players\/default-player.png';\"><span>Niklo Dailly<\/span><\/a><\/div>\n<\/div>\n<div>\n<h4>Suplentes:<\/h4>\n<div class=\"player\"><a href=\"https:\/\/soccer.aidatasports.com\/pt\/players\/Jarno-De-Smet-8521\"><img decoding=\"async\" src=\"https:\/\/soccer.aidatasports.com\/images\/players\/8521.png\" alt=\"Jarno De Smet\" onerror=\"this.onerror=null;this.src='https:\/\/soccer.aidatasports.com\/images\/players\/default-player.png';\"><span>Jarno De Smet<\/span><\/a><\/div>\n<div class=\"player\"><a href=\"https:\/\/soccer.aidatasports.com\/pt\/players\/Lennard-Leyssens-432760\"><img decoding=\"async\" src=\"https:\/\/soccer.aidatasports.com\/images\/players\/432760.png\" alt=\"Lennard Leyssens\" onerror=\"this.onerror=null;this.src='https:\/\/soccer.aidatasports.com\/images\/players\/default-player.png';\"><span>Lennard Leyssens<\/span><\/a><\/div>\n<div class=\"player\"><a href=\"https:\/\/soccer.aidatasports.com\/pt\/players\/Lander-Verbist-486066\"><img decoding=\"async\" src=\"https:\/\/soccer.aidatasports.com\/images\/players\/486066.png\" alt=\"Lander Verbist\" onerror=\"this.onerror=null;this.src='https:\/\/soccer.aidatasports.com\/images\/players\/default-player.png';\"><span>Lander Verbist<\/span><\/a><\/div>\n<div class=\"player\"><a href=\"https:\/\/soccer.aidatasports.com\/pt\/players\/Camilo-Pinillo-506394\"><img decoding=\"async\" src=\"https:\/\/soccer.aidatasports.com\/images\/players\/506394.png\" alt=\"Camilo Pinillo\" onerror=\"this.onerror=null;this.src='https:\/\/soccer.aidatasports.com\/images\/players\/default-player.png';\"><span>Camilo Pinillo<\/span><\/a><\/div>\n<div class=\"player\"><a href=\"https:\/\/soccer.aidatasports.com\/pt\/players\/Pieter-De-Schrijver-289537\"><img decoding=\"async\" src=\"https:\/\/soccer.aidatasports.com\/images\/players\/289537.png\" alt=\"Pieter De Schrijver\" onerror=\"this.onerror=null;this.src='https:\/\/soccer.aidatasports.com\/images\/players\/default-player.png';\"><span>Pieter De Schrijver<\/span><\/a><\/div>\n<div class=\"player\"><a href=\"https:\/\/soccer.aidatasports.com\/pt\/players\/Daan-De-Peuter-482885\"><img decoding=\"async\" src=\"https:\/\/soccer.aidatasports.com\/images\/players\/482885.png\" alt=\"Daan De Peuter\" onerror=\"this.onerror=null;this.src='https:\/\/soccer.aidatasports.com\/images\/players\/default-player.png';\"><span>Daan De Peuter<\/span><\/a><\/div>\n<div class=\"player\"><a href=\"https:\/\/soccer.aidatasports.com\/pt\/players\/Tiago-Vermeulen-481510\"><img decoding=\"async\" src=\"https:\/\/soccer.aidatasports.com\/images\/players\/481510.png\" alt=\"Tiago Vermeulen\" onerror=\"this.onerror=null;this.src='https:\/\/soccer.aidatasports.com\/images\/players\/default-player.png';\"><span>Tiago Vermeulen<\/span><\/a><\/div>\n<div class=\"player\"><a href=\"https:\/\/soccer.aidatasports.com\/pt\/players\/Samih-El-Touile-405882\"><img decoding=\"async\" src=\"https:\/\/soccer.aidatasports.com\/images\/players\/405882.png\" alt=\"Samih El Touile\" onerror=\"this.onerror=null;this.src='https:\/\/soccer.aidatasports.com\/images\/players\/default-player.png';\"><span>Samih El Touile<\/span><\/a><\/div>\n<div class=\"player\"><a href=\"https:\/\/soccer.aidatasports.com\/pt\/players\/Mauro-Lenaerts-512733\"><img decoding=\"async\" src=\"https:\/\/soccer.aidatasports.com\/images\/players\/512733.png\" alt=\"Mauro Lenaerts\" onerror=\"this.onerror=null;this.src='https:\/\/soccer.aidatasports.com\/images\/players\/default-player.png';\"><span>Mauro Lenaerts<\/span><\/a><\/div>\n<\/div>\n<\/div>\n<\/div>\n<div class=\"team-lineup\">\n<h3>RSC Anderlecht II<\/h3>\n<p><img decoding=\"async\" src=\"https:\/\/media.api-sports.io\/football\/teams\/19046.png\" alt=\"RSC Anderlecht II\" style=\"width: 50px; height: 50px;\"><\/p>\n<div class=\"players-container\">\n<div>\n<h4>Titulares:<\/h4>\n<div class=\"player\"><a href=\"https:\/\/soccer.aidatasports.com\/pt\/players\/Timo-Schlieck-375347\"><img decoding=\"async\" src=\"https:\/\/soccer.aidatasports.com\/images\/players\/375347.png\" alt=\"Timo Schlieck\" onerror=\"this.onerror=null;this.src='https:\/\/soccer.aidatasports.com\/images\/players\/default-player.png';\"><span>Timo Schlieck<\/span><\/a><\/div>\n<div class=\"player\"><a href=\"https:\/\/soccer.aidatasports.com\/pt\/players\/Basile-Vroninks-481515\"><img decoding=\"async\" src=\"https:\/\/soccer.aidatasports.com\/images\/players\/481515.png\" alt=\"Basile Vroninks\" onerror=\"this.onerror=null;this.src='https:\/\/soccer.aidatasports.com\/images\/players\/default-player.png';\"><span>Basile Vroninks<\/span><\/a><\/div>\n<div class=\"player\"><a href=\"https:\/\/soccer.aidatasports.com\/pt\/players\/Isma\u00ebl-Baouf-396198\"><img decoding=\"async\" src=\"https:\/\/soccer.aidatasports.com\/images\/players\/396198.png\" alt=\"Isma\u00ebl Baouf\" onerror=\"this.onerror=null;this.src='https:\/\/soccer.aidatasports.com\/images\/players\/default-player.png';\"><span>Isma\u00ebl Baouf<\/span><\/a><\/div>\n<div class=\"player\"><a href=\"https:\/\/soccer.aidatasports.com\/pt\/players\/Ludovick-Wola-Wetshay-482299\"><img decoding=\"async\" src=\"https:\/\/soccer.aidatasports.com\/images\/players\/482299.png\" alt=\"Ludovick Wola-Wetshay\" onerror=\"this.onerror=null;this.src='https:\/\/soccer.aidatasports.com\/images\/players\/default-player.png';\"><span>Ludovick Wola-Wetshay<\/span><\/a><\/div>\n<div class=\"player\"><a href=\"https:\/\/soccer.aidatasports.com\/pt\/players\/Ka\u00efs-Barry-396220\"><img decoding=\"async\" src=\"https:\/\/soccer.aidatasports.com\/images\/players\/396220.png\" alt=\"Ka\u00efs Barry\" onerror=\"this.onerror=null;this.src='https:\/\/soccer.aidatasports.com\/images\/players\/default-player.png';\"><span>Ka\u00efs Barry<\/span><\/a><\/div>\n<div class=\"player\"><a href=\"https:\/\/soccer.aidatasports.com\/pt\/players\/Nunzio-Engwanda-431984\"><img decoding=\"async\" src=\"https:\/\/soccer.aidatasports.com\/images\/players\/431984.png\" alt=\"Nunzio Engwanda\" onerror=\"this.onerror=null;this.src='https:\/\/soccer.aidatasports.com\/images\/players\/default-player.png';\"><span>Nunzio Engwanda<\/span><\/a><\/div>\n<div class=\"player\"><a href=\"https:\/\/soccer.aidatasports.com\/pt\/players\/Nathan-De-Cat-453903\"><img decoding=\"async\" src=\"https:\/\/soccer.aidatasports.com\/images\/players\/453903.png\" alt=\"Nathan De Cat\" onerror=\"this.onerror=null;this.src='https:\/\/soccer.aidatasports.com\/images\/players\/default-player.png';\"><span>Nathan De Cat<\/span><\/a><\/div>\n<div class=\"player\"><a href=\"https:\/\/soccer.aidatasports.com\/pt\/players\/Elyess-Dao-471432\"><img decoding=\"async\" src=\"https:\/\/soccer.aidatasports.com\/images\/players\/471432.png\" alt=\"Elyess Dao\" onerror=\"this.onerror=null;this.src='https:\/\/soccer.aidatasports.com\/images\/players\/default-player.png';\"><span>Elyess Dao<\/span><\/a><\/div>\n<div class=\"player\"><a href=\"https:\/\/soccer.aidatasports.com\/pt\/players\/Enzo-Sternal-449660\"><img decoding=\"async\" src=\"https:\/\/soccer.aidatasports.com\/images\/players\/449660.png\" alt=\"Enzo Sternal\" onerror=\"this.onerror=null;this.src='https:\/\/soccer.aidatasports.com\/images\/players\/default-player.png';\"><span>Enzo Sternal<\/span><\/a><\/div>\n<div class=\"player\"><a href=\"https:\/\/soccer.aidatasports.com\/pt\/players\/Milan-Robberechts-338229\"><img decoding=\"async\" src=\"https:\/\/soccer.aidatasports.com\/images\/players\/338229.png\" alt=\"Milan Robberechts\" onerror=\"this.onerror=null;this.src='https:\/\/soccer.aidatasports.com\/images\/players\/default-player.png';\"><span>Milan Robberechts<\/span><\/a><\/div>\n<div class=\"player\"><a href=\"https:\/\/soccer.aidatasports.com\/pt\/players\/Robbie-Ure-327536\"><img decoding=\"async\" src=\"https:\/\/soccer.aidatasports.com\/images\/players\/327536.png\" alt=\"Robbie Ure\" onerror=\"this.onerror=null;this.src='https:\/\/soccer.aidatasports.com\/images\/players\/default-player.png';\"><span>Robbie Ure<\/span><\/a><\/div>\n<\/div>\n<div>\n<h4>Suplentes:<\/h4>\n<div class=\"player\"><a href=\"https:\/\/soccer.aidatasports.com\/pt\/players\/Joren-Dom-8894\"><img decoding=\"async\" src=\"https:\/\/soccer.aidatasports.com\/images\/players\/8894.png\" alt=\"Joren Dom\" onerror=\"this.onerror=null;this.src='https:\/\/soccer.aidatasports.com\/images\/players\/default-player.png';\"><span>Joren Dom<\/span><\/a><\/div>\n<div class=\"player\"><a href=\"https:\/\/soccer.aidatasports.com\/pt\/players\/Nicholas-Rutgeerts-381689\"><img decoding=\"async\" src=\"https:\/\/soccer.aidatasports.com\/images\/players\/381689.png\" alt=\"Nicholas Rutgeerts\" onerror=\"this.onerror=null;this.src='https:\/\/soccer.aidatasports.com\/images\/players\/default-player.png';\"><span>Nicholas Rutgeerts<\/span><\/a><\/div>\n<div class=\"player\"><a href=\"https:\/\/soccer.aidatasports.com\/pt\/players\/Lilian-Vergeylen-406012\"><img decoding=\"async\" src=\"https:\/\/soccer.aidatasports.com\/images\/players\/406012.png\" alt=\"Lilian Vergeylen\" onerror=\"this.onerror=null;this.src='https:\/\/soccer.aidatasports.com\/images\/players\/default-player.png';\"><span>Lilian Vergeylen<\/span><\/a><\/div>\n<div class=\"player\"><a href=\"https:\/\/soccer.aidatasports.com\/pt\/players\/Devon-De-Corte-453902\"><img decoding=\"async\" src=\"https:\/\/soccer.aidatasports.com\/images\/players\/453902.png\" alt=\"Devon De Corte\" onerror=\"this.onerror=null;this.src='https:\/\/soccer.aidatasports.com\/images\/players\/default-player.png';\"><span>Devon De Corte<\/span><\/a><\/div>\n<div class=\"player\"><a href=\"https:\/\/soccer.aidatasports.com\/pt\/players\/Jo\u00ebl-Kana-493403\"><img decoding=\"async\" src=\"https:\/\/soccer.aidatasports.com\/images\/players\/493403.png\" alt=\"Jo\u00ebl Kana\" onerror=\"this.onerror=null;this.src='https:\/\/soccer.aidatasports.com\/images\/players\/default-player.png';\"><span>Jo\u00ebl Kana<\/span><\/a><\/div>\n<div class=\"player\"><a href=\"https:\/\/soccer.aidatasports.com\/pt\/players\/Jayden-Onia-Seke-482300\"><img decoding=\"async\" src=\"https:\/\/soccer.aidatasports.com\/images\/players\/482300.png\" alt=\"Jayden Onia Seke\" onerror=\"this.onerror=null;this.src='https:\/\/soccer.aidatasports.com\/images\/players\/default-player.png';\"><span>Jayden Onia Seke<\/span><\/a><\/div>\n<div class=\"player\"><a href=\"https:\/\/soccer.aidatasports.com\/pt\/players\/Gassimou-Sylla-482301\"><img decoding=\"async\" src=\"https:\/\/soccer.aidatasports.com\/images\/players\/482301.png\" alt=\"Gassimou Sylla\" onerror=\"this.onerror=null;this.src='https:\/\/soccer.aidatasports.com\/images\/players\/default-player.png';\"><span>Gassimou Sylla<\/span><\/a><\/div>\n<\/div>\n<\/div>\n<\/div>\n<\/div>\n<div id=\"wg-api-football-game\"\n                    data-host=\"xxxxx\"\n                    data-key=\"xxxx\"\n                    data-id=\"1206590\"\n                    data-theme=\"\"\n                    data-refresh=\"15\"\n                    data-show-errors=\"false\"\n                    data-show-logos=\"true\"><br \/>\n                    class=&#8221;wg_loader&#8221;>\n                <\/div>\n<div id=\"wg-api-football-standings\"\n                    data-host=\"xxxx\"\n                    data-key=\"ddddd\"\n                    data-league=\"145\"\n                    data-team=\"\"\n                    data-season=\"2024\"\n                    data-theme=\"\"\n                    data-show-errors=\"false\"\n                    data-show-logos=\"true\"\n                    class=\"wg_loader\">\n                <\/div>\n<p>                <script\n                    type=\"module\"\n                    src=\"https:\/\/soccer.aidatasports.com\/wp-content\/customjs\/widgetslocal.js\">\n                <\/script><\/p>\n","protected":false},"excerpt":{"rendered":"<p>Portugu\u00eas Lierse Kempenzonen vence RSC Anderlecht II em emocionante confronto Lier, B\u00e9lgica &#8211; O Lierse&hellip;<\/p>\n","protected":false},"author":1,"featured_media":82292,"comment_status":"open","ping_status":"open","sticky":false,"template":"","format":"standard","meta":{"content-type":"","pmpro_default_level":"","_lmt_disableupdate":"","_lmt_disable":"","_league":15837,"_fixture":1206590,"penci_pfeatured_image_ratio":"","penci_single_style":"","footnotes":""},"categories":[15837],"tags":[4573,11351],"class_list":["post-82293","post","type-post","status-publish","format-standard","has-post-thumbnail","hentry","category-matches","tag-lierse-kempenzonen-belgium-6219","tag-rsc-anderlecht-ii-belgium-19046","pmpro-has-access"],"_links":{"self":[{"href":"https:\/\/soccer.aidatasports.com\/pt\/wp-json\/wp\/v2\/posts\/82293"}],"collection":[{"href":"https:\/\/soccer.aidatasports.com\/pt\/wp-json\/wp\/v2\/posts"}],"about":[{"href":"https:\/\/soccer.aidatasports.com\/pt\/wp-json\/wp\/v2\/types\/post"}],"author":[{"embeddable":true,"href":"https:\/\/soccer.aidatasports.com\/pt\/wp-json\/wp\/v2\/users\/1"}],"replies":[{"embeddable":true,"href":"https:\/\/soccer.aidatasports.com\/pt\/wp-json\/wp\/v2\/comments?post=82293"}],"version-history":[{"count":0,"href":"https:\/\/soccer.aidatasports.com\/pt\/wp-json\/wp\/v2\/posts\/82293\/revisions"}],"wp:featuredmedia":[{"embeddable":true,"href":"https:\/\/soccer.aidatasports.com\/pt\/wp-json\/wp\/v2\/media\/82292"}],"wp:attachment":[{"href":"https:\/\/soccer.aidatasports.com\/pt\/wp-json\/wp\/v2\/media?parent=82293"}],"wp:term":[{"taxonomy":"category","embeddable":true,"href":"https:\/\/soccer.aidatasports.com\/pt\/wp-json\/wp\/v2\/categories?post=82293"},{"taxonomy":"post_tag","embeddable":true,"href":"https:\/\/soccer.aidatasports.com\/pt\/wp-json\/wp\/v2\/tags?post=82293"}],"curies":[{"name":"wp","href":"https:\/\/api.w.org\/{rel}","templated":true}]}}