{"id":79583,"date":"2025-02-16T20:21:04","date_gmt":"2025-02-16T20:21:04","guid":{"rendered":"https:\/\/soccer.aidatasports.com\/pt\/uncategorized\/cercle-brugge-vs-kvc-westerlo-feb-16-2025-1815-utc\/"},"modified":"2025-02-16T20:21:04","modified_gmt":"2025-02-16T20:21:04","slug":"cercle-brugge-vs-kvc-westerlo-feb-16-2025-1815-utc","status":"publish","type":"post","link":"https:\/\/soccer.aidatasports.com\/pt\/matches\/cercle-brugge-vs-kvc-westerlo-feb-16-2025-1815-utc\/","title":{"rendered":"Cercle Brugge vs KVC Westerlo Feb 16 2025 18:15 UTC"},"content":{"rendered":"<p><strong>Portugu\u00eas<\/strong><\/p>\n<p><strong>Cercle Brugge vence o KVC Westerlo em jogo emocionante<\/strong><\/p>\n<p>O Cercle Brugge venceu o KVC Westerlo em uma partida emocionante disputada no Jan Breydelstadion, em Bruges. O jogo, v\u00e1lido pela 26\u00aa rodada da Jupiler Pro League, terminou com o placar de 2-1 para a equipe da casa.<\/p>\n<p>O KVC Westerlo abriu o placar aos 26 minutos com um gol de I. Sakamoto, com assist\u00eancia de G. Yow. No entanto, o Cercle Brugge respondeu com for\u00e7a. Ap\u00f3s uma penalidade perdida por Felipe Augusto aos 44 minutos, a equipe da casa empatou aos 73 minutos com um gol de A. Minda, assist\u00eancia de Erick.<\/p>\n<p>A partida foi marcada pela tens\u00e3o, com cart\u00f5es amarelos para ambas as equipes. I. Sakamoto e E. Bayram receberam cart\u00f5es amarelos para o Westerlo, enquanto H. van der Bruggen foi advertido para o Cercle Brugge. O VAR anulou um gol do Cercle Brugge por impedimento aos 59 minutos.  Por fim, a equipe da casa dominou a posse de bola (56%) e criou mais chances de gol (24 chutes), garantindo a vit\u00f3ria.<\/p>\n<p>Substitui\u00f5es na equipe de kvc westerlo: Aos 64 minutos, A. Lapage entrou e A. Sayyadmanesh saiu., Aos 82 minutos, R. Youlley entrou e G. Yow saiu., Aos 88 minutos, M. Fixelles entrou e J. Alcocer saiu., Aos 88 minutos, I. Slimani entrou e M. Frigan saiu. <\/p>\n<p>Substitui\u00f5es na equipe de cercle brugge: Aos 67 minutos, A. Minda entrou e A. Francis saiu., Aos 81 minutos, Nazinho entrou e H. van der Bruggen saiu., Aos 90 minutos, I. Diakite entrou e L. Perrin saiu., Aos 90 minutos, H. Jurado entrou e Felipe Augusto saiu. <\/p>\n<p>As equipes se alinharam da seguinte forma:<\/p>\n<div class=\"lineups-container\">\n<style>\n                .lineups-container {\n                    display: flex;\n                    justify-content: space-around;\n                    flex-wrap: wrap;\n                }\n                .team-lineup {\n                    width: 49%;\n                    margin-bottom: 20px;\n                    border: 1px solid #ccc;\n                    padding: 5px;\n                }\n                .team-lineup h3 {\n                    text-align: center;\n                    margin-bottom: 10px;\n                }\n                .players-container {\n                    display: flex;\n                    justify-content: space-between;\n                }\n                .players-container div {\n                    width: 100%;\n                }\n                .player {\n                    display: flex;\n                    align-items: center;\n                    margin-bottom: 5px;\n                }\n                .player img {\n                    width: 30px;\n                    height: 30px;\n                    border-radius: 50%;\n                    margin-right: 10px;\n                }\n                    @media (max-width: 600px) {\n                    .team-lineup {\n                        width: 100%;\n                    }\n                }\n                <\/style>\n<div class=\"team-lineup\">\n<h3>Cercle Brugge<\/h3>\n<p><img decoding=\"async\" src=\"https:\/\/media.api-sports.io\/football\/teams\/741.png\" alt=\"Cercle Brugge\" style=\"width: 50px; height: 50px;\"><\/p>\n<div class=\"players-container\">\n<div>\n<h4>Titulares:<\/h4>\n<div class=\"player\"><a href=\"https:\/\/soccer.aidatasports.com\/pt\/players\/Maxime-Delanghe-38714\"><img decoding=\"async\" src=\"https:\/\/soccer.aidatasports.com\/images\/players\/38714.png\" alt=\"Maxime Delanghe\" onerror=\"this.onerror=null;this.src='https:\/\/soccer.aidatasports.com\/images\/players\/default-player.png';\"><span>Maxime Delanghe<\/span><\/a><\/div>\n<div class=\"player\"><a href=\"https:\/\/soccer.aidatasports.com\/pt\/players\/Edgaras-Utkus-163019\"><img decoding=\"async\" src=\"https:\/\/soccer.aidatasports.com\/images\/players\/163019.png\" alt=\"Edgaras Utkus\" onerror=\"this.onerror=null;this.src='https:\/\/soccer.aidatasports.com\/images\/players\/default-player.png';\"><span>Edgaras Utkus<\/span><\/a><\/div>\n<div class=\"player\"><a href=\"https:\/\/soccer.aidatasports.com\/pt\/players\/Christiaan-Ravych-355012\"><img decoding=\"async\" src=\"https:\/\/soccer.aidatasports.com\/images\/players\/355012.png\" alt=\"Christiaan Ravych\" onerror=\"this.onerror=null;this.src='https:\/\/soccer.aidatasports.com\/images\/players\/default-player.png';\"><span>Christiaan Ravych<\/span><\/a><\/div>\n<div class=\"player\"><a href=\"https:\/\/soccer.aidatasports.com\/pt\/players\/Lucas-Perrin-67953\"><img decoding=\"async\" src=\"https:\/\/soccer.aidatasports.com\/images\/players\/67953.png\" alt=\"Lucas Perrin\" onerror=\"this.onerror=null;this.src='https:\/\/soccer.aidatasports.com\/images\/players\/default-player.png';\"><span>Lucas Perrin<\/span><\/a><\/div>\n<div class=\"player\"><a href=\"https:\/\/soccer.aidatasports.com\/pt\/players\/Erick-Nunes-415077\"><img decoding=\"async\" src=\"https:\/\/soccer.aidatasports.com\/images\/players\/415077.png\" alt=\"Erick Nunes\" onerror=\"this.onerror=null;this.src='https:\/\/soccer.aidatasports.com\/images\/players\/default-player.png';\"><span>Erick Nunes<\/span><\/a><\/div>\n<div class=\"player\"><a href=\"https:\/\/soccer.aidatasports.com\/pt\/players\/Abu-Francis-118345\"><img decoding=\"async\" src=\"https:\/\/soccer.aidatasports.com\/images\/players\/118345.png\" alt=\"Abu Francis\" onerror=\"this.onerror=null;this.src='https:\/\/soccer.aidatasports.com\/images\/players\/default-player.png';\"><span>Abu Francis<\/span><\/a><\/div>\n<div class=\"player\"><a href=\"https:\/\/soccer.aidatasports.com\/pt\/players\/Hannes-Van-Der-Bruggen-8539\"><img decoding=\"async\" src=\"https:\/\/soccer.aidatasports.com\/images\/players\/8539.png\" alt=\"Hannes Van Der Bruggen\" onerror=\"this.onerror=null;this.src='https:\/\/soccer.aidatasports.com\/images\/players\/default-player.png';\"><span>Hannes Van Der Bruggen<\/span><\/a><\/div>\n<div class=\"player\"><a href=\"https:\/\/soccer.aidatasports.com\/pt\/players\/Gary-Magnee-127416\"><img decoding=\"async\" src=\"https:\/\/soccer.aidatasports.com\/images\/players\/127416.png\" alt=\"Gary Magnee\" onerror=\"this.onerror=null;this.src='https:\/\/soccer.aidatasports.com\/images\/players\/default-player.png';\"><span>Gary Magnee<\/span><\/a><\/div>\n<div class=\"player\"><a href=\"https:\/\/soccer.aidatasports.com\/pt\/players\/Lawrence-Agyekum-352500\"><img decoding=\"async\" src=\"https:\/\/soccer.aidatasports.com\/images\/players\/352500.png\" alt=\"Lawrence Agyekum\" onerror=\"this.onerror=null;this.src='https:\/\/soccer.aidatasports.com\/images\/players\/default-player.png';\"><span>Lawrence Agyekum<\/span><\/a><\/div>\n<div class=\"player\"><a href=\"https:\/\/soccer.aidatasports.com\/pt\/players\/Thibo-Somers-157987\"><img decoding=\"async\" src=\"https:\/\/soccer.aidatasports.com\/images\/players\/157987.png\" alt=\"Thibo Somers\" onerror=\"this.onerror=null;this.src='https:\/\/soccer.aidatasports.com\/images\/players\/default-player.png';\"><span>Thibo Somers<\/span><\/a><\/div>\n<div class=\"player\"><a href=\"https:\/\/soccer.aidatasports.com\/pt\/players\/Felipe-Augusto-306854\"><img decoding=\"async\" src=\"https:\/\/soccer.aidatasports.com\/images\/players\/306854.png\" alt=\"Felipe Augusto\" onerror=\"this.onerror=null;this.src='https:\/\/soccer.aidatasports.com\/images\/players\/default-player.png';\"><span>Felipe Augusto<\/span><\/a><\/div>\n<\/div>\n<div>\n<h4>Suplentes:<\/h4>\n<div class=\"player\"><a href=\"https:\/\/soccer.aidatasports.com\/pt\/players\/Warleson-80367\"><img decoding=\"async\" src=\"https:\/\/soccer.aidatasports.com\/images\/players\/80367.png\" alt=\"Warleson\" onerror=\"this.onerror=null;this.src='https:\/\/soccer.aidatasports.com\/images\/players\/default-player.png';\"><span>Warleson<\/span><\/a><\/div>\n<div class=\"player\"><a href=\"https:\/\/soccer.aidatasports.com\/pt\/players\/Fl\u00e1vio-Nazinho-294722\"><img decoding=\"async\" src=\"https:\/\/soccer.aidatasports.com\/images\/players\/294722.png\" alt=\"Fl\u00e1vio Nazinho\" onerror=\"this.onerror=null;this.src='https:\/\/soccer.aidatasports.com\/images\/players\/default-player.png';\"><span>Fl\u00e1vio Nazinho<\/span><\/a><\/div>\n<div class=\"player\"><a href=\"https:\/\/soccer.aidatasports.com\/pt\/players\/Emmanuel-Kakou-467599\"><img decoding=\"async\" src=\"https:\/\/soccer.aidatasports.com\/images\/players\/467599.png\" alt=\"Emmanuel Kakou\" onerror=\"this.onerror=null;this.src='https:\/\/soccer.aidatasports.com\/images\/players\/default-player.png';\"><span>Emmanuel Kakou<\/span><\/a><\/div>\n<div class=\"player\"><a href=\"https:\/\/soccer.aidatasports.com\/pt\/players\/Ibrahim-Diakit\u00e9-327691\"><img decoding=\"async\" src=\"https:\/\/soccer.aidatasports.com\/images\/players\/327691.png\" alt=\"Ibrahim Diakit\u00e9\" onerror=\"this.onerror=null;this.src='https:\/\/soccer.aidatasports.com\/images\/players\/default-player.png';\"><span>Ibrahim Diakit\u00e9<\/span><\/a><\/div>\n<div class=\"player\"><a href=\"https:\/\/soccer.aidatasports.com\/pt\/players\/Alan-Minda-280695\"><img decoding=\"async\" src=\"https:\/\/soccer.aidatasports.com\/images\/players\/280695.png\" alt=\"Alan Minda\" onerror=\"this.onerror=null;this.src='https:\/\/soccer.aidatasports.com\/images\/players\/default-player.png';\"><span>Alan Minda<\/span><\/a><\/div>\n<div class=\"player\"><a href=\"https:\/\/soccer.aidatasports.com\/pt\/players\/Nils-De-Wilde-321745\"><img decoding=\"async\" src=\"https:\/\/soccer.aidatasports.com\/images\/players\/321745.png\" alt=\"Nils De Wilde\" onerror=\"this.onerror=null;this.src='https:\/\/soccer.aidatasports.com\/images\/players\/default-player.png';\"><span>Nils De Wilde<\/span><\/a><\/div>\n<div class=\"player\"><a href=\"https:\/\/soccer.aidatasports.com\/pt\/players\/Alama-Bayo-431985\"><img decoding=\"async\" src=\"https:\/\/soccer.aidatasports.com\/images\/players\/431985.png\" alt=\"Alama Bayo\" onerror=\"this.onerror=null;this.src='https:\/\/soccer.aidatasports.com\/images\/players\/default-player.png';\"><span>Alama Bayo<\/span><\/a><\/div>\n<div class=\"player\"><a href=\"https:\/\/soccer.aidatasports.com\/pt\/players\/Malamine-Efekele-374499\"><img decoding=\"async\" src=\"https:\/\/soccer.aidatasports.com\/images\/players\/374499.png\" alt=\"Malamine Efekele\" onerror=\"this.onerror=null;this.src='https:\/\/soccer.aidatasports.com\/images\/players\/default-player.png';\"><span>Malamine Efekele<\/span><\/a><\/div>\n<div class=\"player\"><a href=\"https:\/\/soccer.aidatasports.com\/pt\/players\/Heriberto-Jurado-341969\"><img decoding=\"async\" src=\"https:\/\/soccer.aidatasports.com\/images\/players\/341969.png\" alt=\"Heriberto Jurado\" onerror=\"this.onerror=null;this.src='https:\/\/soccer.aidatasports.com\/images\/players\/default-player.png';\"><span>Heriberto Jurado<\/span><\/a><\/div>\n<\/div>\n<\/div>\n<\/div>\n<div class=\"team-lineup\">\n<h3>KVC Westerlo<\/h3>\n<p><img decoding=\"async\" src=\"https:\/\/media.api-sports.io\/football\/teams\/261.png\" alt=\"KVC Westerlo\" style=\"width: 50px; height: 50px;\"><\/p>\n<div class=\"players-container\">\n<div>\n<h4>Titulares:<\/h4>\n<div class=\"player\"><a href=\"https:\/\/soccer.aidatasports.com\/pt\/players\/Andreas-Jungdal-277175\"><img decoding=\"async\" src=\"https:\/\/soccer.aidatasports.com\/images\/players\/277175.png\" alt=\"Andreas Jungdal\" onerror=\"this.onerror=null;this.src='https:\/\/soccer.aidatasports.com\/images\/players\/default-player.png';\"><span>Andreas Jungdal<\/span><\/a><\/div>\n<div class=\"player\"><a href=\"https:\/\/soccer.aidatasports.com\/pt\/players\/Emin-Bayram-162513\"><img decoding=\"async\" src=\"https:\/\/soccer.aidatasports.com\/images\/players\/162513.png\" alt=\"Emin Bayram\" onerror=\"this.onerror=null;this.src='https:\/\/soccer.aidatasports.com\/images\/players\/default-player.png';\"><span>Emin Bayram<\/span><\/a><\/div>\n<div class=\"player\"><a href=\"https:\/\/soccer.aidatasports.com\/pt\/players\/Roman-Neust\u00e4dter-1348\"><img decoding=\"async\" src=\"https:\/\/soccer.aidatasports.com\/images\/players\/1348.png\" alt=\"Roman Neust\u00e4dter\" onerror=\"this.onerror=null;this.src='https:\/\/soccer.aidatasports.com\/images\/players\/default-player.png';\"><span>Roman Neust\u00e4dter<\/span><\/a><\/div>\n<div class=\"player\"><a href=\"https:\/\/soccer.aidatasports.com\/pt\/players\/Luka-Vu\u0161kovi\u0107-387521\"><img decoding=\"async\" src=\"https:\/\/soccer.aidatasports.com\/images\/players\/387521.png\" alt=\"Luka Vu\u0161kovi\u0107\" onerror=\"this.onerror=null;this.src='https:\/\/soccer.aidatasports.com\/images\/players\/default-player.png';\"><span>Luka Vu\u0161kovi\u0107<\/span><\/a><\/div>\n<div class=\"player\"><a href=\"https:\/\/soccer.aidatasports.com\/pt\/players\/Josimar-Alc\u00f3cer-323942\"><img decoding=\"async\" src=\"https:\/\/soccer.aidatasports.com\/images\/players\/323942.png\" alt=\"Josimar Alc\u00f3cer\" onerror=\"this.onerror=null;this.src='https:\/\/soccer.aidatasports.com\/images\/players\/default-player.png';\"><span>Josimar Alc\u00f3cer<\/span><\/a><\/div>\n<div class=\"player\"><a href=\"https:\/\/soccer.aidatasports.com\/pt\/players\/Thomas-Van-den-Keybus-161995\"><img decoding=\"async\" src=\"https:\/\/soccer.aidatasports.com\/images\/players\/161995.png\" alt=\"Thomas Van den Keybus\" onerror=\"this.onerror=null;this.src='https:\/\/soccer.aidatasports.com\/images\/players\/default-player.png';\"><span>Thomas Van den Keybus<\/span><\/a><\/div>\n<div class=\"player\"><a href=\"https:\/\/soccer.aidatasports.com\/pt\/players\/Do\u011fucan-Haspolat-37887\"><img decoding=\"async\" src=\"https:\/\/soccer.aidatasports.com\/images\/players\/37887.png\" alt=\"Do\u011fucan Haspolat\" onerror=\"this.onerror=null;this.src='https:\/\/soccer.aidatasports.com\/images\/players\/default-player.png';\"><span>Do\u011fucan Haspolat<\/span><\/a><\/div>\n<div class=\"player\"><a href=\"https:\/\/soccer.aidatasports.com\/pt\/players\/Griffin-Yow-50774\"><img decoding=\"async\" src=\"https:\/\/soccer.aidatasports.com\/images\/players\/50774.png\" alt=\"Griffin Yow\" onerror=\"this.onerror=null;this.src='https:\/\/soccer.aidatasports.com\/images\/players\/default-player.png';\"><span>Griffin Yow<\/span><\/a><\/div>\n<div class=\"player\"><a href=\"https:\/\/soccer.aidatasports.com\/pt\/players\/Isa-Sakamoto-278950\"><img decoding=\"async\" src=\"https:\/\/soccer.aidatasports.com\/images\/players\/278950.png\" alt=\"Isa Sakamoto\" onerror=\"this.onerror=null;this.src='https:\/\/soccer.aidatasports.com\/images\/players\/default-player.png';\"><span>Isa Sakamoto<\/span><\/a><\/div>\n<div class=\"player\"><a href=\"https:\/\/soccer.aidatasports.com\/pt\/players\/Allahyar-Sayyadmanesh-29784\"><img decoding=\"async\" src=\"https:\/\/soccer.aidatasports.com\/images\/players\/29784.png\" alt=\"Allahyar Sayyadmanesh\" onerror=\"this.onerror=null;this.src='https:\/\/soccer.aidatasports.com\/images\/players\/default-player.png';\"><span>Allahyar Sayyadmanesh<\/span><\/a><\/div>\n<div class=\"player\"><a href=\"https:\/\/soccer.aidatasports.com\/pt\/players\/Matija-Frigan-292543\"><img decoding=\"async\" src=\"https:\/\/soccer.aidatasports.com\/images\/players\/292543.png\" alt=\"Matija Frigan\" onerror=\"this.onerror=null;this.src='https:\/\/soccer.aidatasports.com\/images\/players\/default-player.png';\"><span>Matija Frigan<\/span><\/a><\/div>\n<\/div>\n<div>\n<h4>Suplentes:<\/h4>\n<div class=\"player\"><a href=\"https:\/\/soccer.aidatasports.com\/pt\/players\/Koen-Van-Langendonck-8974\"><img decoding=\"async\" src=\"https:\/\/soccer.aidatasports.com\/images\/players\/8974.png\" alt=\"Koen Van Langendonck\" onerror=\"this.onerror=null;this.src='https:\/\/soccer.aidatasports.com\/images\/players\/default-player.png';\"><span>Koen Van Langendonck<\/span><\/a><\/div>\n<div class=\"player\"><a href=\"https:\/\/soccer.aidatasports.com\/pt\/players\/Amando-Lapage-372563\"><img decoding=\"async\" src=\"https:\/\/soccer.aidatasports.com\/images\/players\/372563.png\" alt=\"Amando Lapage\" onerror=\"this.onerror=null;this.src='https:\/\/soccer.aidatasports.com\/images\/players\/default-player.png';\"><span>Amando Lapage<\/span><\/a><\/div>\n<div class=\"player\"><a href=\"https:\/\/soccer.aidatasports.com\/pt\/players\/Edisson-Jordanov-1666\"><img decoding=\"async\" src=\"https:\/\/soccer.aidatasports.com\/images\/players\/1666.png\" alt=\"Edisson Jordanov\" onerror=\"this.onerror=null;this.src='https:\/\/soccer.aidatasports.com\/images\/players\/default-player.png';\"><span>Edisson Jordanov<\/span><\/a><\/div>\n<div class=\"player\"><a href=\"https:\/\/soccer.aidatasports.com\/pt\/players\/Mathias-Fixelles-8969\"><img decoding=\"async\" src=\"https:\/\/soccer.aidatasports.com\/images\/players\/8969.png\" alt=\"Mathias Fixelles\" onerror=\"this.onerror=null;this.src='https:\/\/soccer.aidatasports.com\/images\/players\/default-player.png';\"><span>Mathias Fixelles<\/span><\/a><\/div>\n<div class=\"player\"><a href=\"https:\/\/soccer.aidatasports.com\/pt\/players\/Rhys-Youlley-375995\"><img decoding=\"async\" src=\"https:\/\/soccer.aidatasports.com\/images\/players\/375995.png\" alt=\"Rhys Youlley\" onerror=\"this.onerror=null;this.src='https:\/\/soccer.aidatasports.com\/images\/players\/default-player.png';\"><span>Rhys Youlley<\/span><\/a><\/div>\n<div class=\"player\"><a href=\"https:\/\/soccer.aidatasports.com\/pt\/players\/Serhiy-Sydorchuk-2180\"><img decoding=\"async\" src=\"https:\/\/soccer.aidatasports.com\/images\/players\/2180.png\" alt=\"Serhiy Sydorchuk\" onerror=\"this.onerror=null;this.src='https:\/\/soccer.aidatasports.com\/images\/players\/default-player.png';\"><span>Serhiy Sydorchuk<\/span><\/a><\/div>\n<div class=\"player\"><a href=\"https:\/\/soccer.aidatasports.com\/pt\/players\/Raf-Smekens-354875\"><img decoding=\"async\" src=\"https:\/\/soccer.aidatasports.com\/images\/players\/354875.png\" alt=\"Raf Smekens\" onerror=\"this.onerror=null;this.src='https:\/\/soccer.aidatasports.com\/images\/players\/default-player.png';\"><span>Raf Smekens<\/span><\/a><\/div>\n<div class=\"player\"><a href=\"https:\/\/soccer.aidatasports.com\/pt\/players\/Islam-Slimani-1374\"><img decoding=\"async\" src=\"https:\/\/soccer.aidatasports.com\/images\/players\/1374.png\" alt=\"Islam Slimani\" onerror=\"this.onerror=null;this.src='https:\/\/soccer.aidatasports.com\/images\/players\/default-player.png';\"><span>Islam Slimani<\/span><\/a><\/div>\n<\/div>\n<\/div>\n<\/div>\n<\/div>\n<div id=\"wg-api-football-game\"\n                    data-host=\"xxxxx\"\n                    data-key=\"xxxx\"\n                    data-id=\"1213405\"\n                    data-theme=\"\"\n                    data-refresh=\"15\"\n                    data-show-errors=\"false\"\n                    data-show-logos=\"true\"><br \/>\n                    class=&#8221;wg_loader&#8221;>\n                <\/div>\n<div id=\"wg-api-football-standings\"\n                    data-host=\"xxxx\"\n                    data-key=\"ddddd\"\n                    data-league=\"144\"\n                    data-team=\"\"\n                    data-season=\"2024\"\n                    data-theme=\"\"\n                    data-show-errors=\"false\"\n                    data-show-logos=\"true\"\n                    class=\"wg_loader\">\n                <\/div>\n<p>                <script\n                    type=\"module\"\n                    src=\"https:\/\/soccer.aidatasports.com\/wp-content\/customjs\/widgetslocal.js\">\n                <\/script><\/p>\n","protected":false},"excerpt":{"rendered":"<p>Portugu\u00eas Cercle Brugge vence o KVC Westerlo em jogo emocionante O Cercle Brugge venceu o&hellip;<\/p>\n","protected":false},"author":1,"featured_media":79582,"comment_status":"open","ping_status":"open","sticky":false,"template":"","format":"standard","meta":{"content-type":"","pmpro_default_level":"","_lmt_disableupdate":"","_lmt_disable":"","_league":15837,"_fixture":1213405,"penci_pfeatured_image_ratio":"","penci_single_style":"","footnotes":""},"categories":[15837],"tags":[824,381],"class_list":["post-79583","post","type-post","status-publish","format-standard","has-post-thumbnail","hentry","category-matches","tag-cercle-brugge-belgium-741","tag-kvc-westerlo-belgium-261","pmpro-has-access"],"_links":{"self":[{"href":"https:\/\/soccer.aidatasports.com\/pt\/wp-json\/wp\/v2\/posts\/79583"}],"collection":[{"href":"https:\/\/soccer.aidatasports.com\/pt\/wp-json\/wp\/v2\/posts"}],"about":[{"href":"https:\/\/soccer.aidatasports.com\/pt\/wp-json\/wp\/v2\/types\/post"}],"author":[{"embeddable":true,"href":"https:\/\/soccer.aidatasports.com\/pt\/wp-json\/wp\/v2\/users\/1"}],"replies":[{"embeddable":true,"href":"https:\/\/soccer.aidatasports.com\/pt\/wp-json\/wp\/v2\/comments?post=79583"}],"version-history":[{"count":0,"href":"https:\/\/soccer.aidatasports.com\/pt\/wp-json\/wp\/v2\/posts\/79583\/revisions"}],"wp:featuredmedia":[{"embeddable":true,"href":"https:\/\/soccer.aidatasports.com\/pt\/wp-json\/wp\/v2\/media\/79582"}],"wp:attachment":[{"href":"https:\/\/soccer.aidatasports.com\/pt\/wp-json\/wp\/v2\/media?parent=79583"}],"wp:term":[{"taxonomy":"category","embeddable":true,"href":"https:\/\/soccer.aidatasports.com\/pt\/wp-json\/wp\/v2\/categories?post=79583"},{"taxonomy":"post_tag","embeddable":true,"href":"https:\/\/soccer.aidatasports.com\/pt\/wp-json\/wp\/v2\/tags?post=79583"}],"curies":[{"name":"wp","href":"https:\/\/api.w.org\/{rel}","templated":true}]}}