{"id":79275,"date":"2025-02-15T19:01:32","date_gmt":"2025-02-15T19:01:32","guid":{"rendered":"https:\/\/soccer.aidatasports.com\/pt\/uncategorized\/granad-tenerife-w-vs-eibar-w-feb-15-2025-1700-utc\/"},"modified":"2025-02-15T19:01:32","modified_gmt":"2025-02-15T19:01:32","slug":"granad-tenerife-w-vs-eibar-w-feb-15-2025-1700-utc","status":"publish","type":"post","link":"https:\/\/soccer.aidatasports.com\/pt\/matches\/granad-tenerife-w-vs-eibar-w-feb-15-2025-1700-utc\/","title":{"rendered":"Granad. Tenerife W vs Eibar W Feb 15 2025 17:00 UTC"},"content":{"rendered":"<p><strong>Portugu\u00eas<\/strong><\/p>\n<p><strong>Granada Tenerife vence o Eibar em partida com dom\u00ednio visitante<\/strong><\/p>\n<p>O Granada Tenerife venceu o Eibar por 2-1 em partida disputada no Campo de F\u00fatbol de Adeje, Adeje, Espanha, referente \u00e0 19\u00aa rodada da Primera Divisi\u00f3n Femenina. A partida, arbitrada por Lorena Trujilano, foi marcada pelo dom\u00ednio territorial da equipe visitante.<\/p>\n<p>O Granada Tenerife, com 72% de posse de bola, mostrou-se superior em finaliza\u00e7\u00f5es, registrando 10 chutes, 3 deles no alvo. Apesar disso, o Eibar abriu o placar com um p\u00eanalti convertido por C. Alvarez aos 18 minutos.  No entanto, a superioridade do Granada Tenerife acabou se refletindo no placar. J. Blom marcou o gol de empate aos 85 minutos, com assist\u00eancia de R. Pena Rodriguez. A vit\u00f3ria por um gol de diferen\u00e7a foi definida para os visitantes.<\/p>\n<p>O Eibar, por sua vez, criou poucas chances de perigo, com apenas 5 chutes, um deles na dire\u00e7\u00e3o do gol. A escassez de finaliza\u00e7\u00f5es se refletiu no resultado final. Ambas as equipes receberam v\u00e1rios cart\u00f5es amarelos: dois para o Granada Tenerife e tr\u00eas para o Eibar.<\/p>\n<p>Substitui\u00f5es na equipe de granad. tenerife w: Aos 46 minutos, J. Blom entrou e Bicho saiu., Aos 46 minutos, F. Dembele entrou e Cinta Rodriguez saiu., Aos 63 minutos, S. Ouzraoui Diki entrou e M. Perez saiu., Aos 73 minutos, A. Zaremba entrou e M. E. del Valle saiu. <\/p>\n<p>Substitui\u00f5es na equipe de eibar w: Aos 71 minutos, E. Pizarro entrou e C. Alvarez saiu. <\/p>\n<p>As equipes se alinharam da seguinte forma:<\/p>\n<div class=\"lineups-container\">\n<style>\n                .lineups-container {\n                    display: flex;\n                    justify-content: space-around;\n                    flex-wrap: wrap;\n                }\n                .team-lineup {\n                    width: 49%;\n                    margin-bottom: 20px;\n                    border: 1px solid #ccc;\n                    padding: 5px;\n                }\n                .team-lineup h3 {\n                    text-align: center;\n                    margin-bottom: 10px;\n                }\n                .players-container {\n                    display: flex;\n                    justify-content: space-between;\n                }\n                .players-container div {\n                    width: 100%;\n                }\n                .player {\n                    display: flex;\n                    align-items: center;\n                    margin-bottom: 5px;\n                }\n                .player img {\n                    width: 30px;\n                    height: 30px;\n                    border-radius: 50%;\n                    margin-right: 10px;\n                }\n                    @media (max-width: 600px) {\n                    .team-lineup {\n                        width: 100%;\n                    }\n                }\n                <\/style>\n<div class=\"team-lineup\">\n<h3>Granad. Tenerife W<\/h3>\n<p><img decoding=\"async\" src=\"https:\/\/media.api-sports.io\/football\/teams\/1913.png\" alt=\"Granad. Tenerife W\" style=\"width: 50px; height: 50px;\"><\/p>\n<div class=\"players-container\">\n<div>\n<h4>Titulares:<\/h4>\n<div class=\"player\"><a href=\"https:\/\/soccer.aidatasports.com\/pt\/players\/Noelia-Ramos-\u00c1lvarez-99921\"><img decoding=\"async\" src=\"https:\/\/soccer.aidatasports.com\/images\/players\/99921.png\" alt=\"Noelia Ramos \u00c1lvarez\" onerror=\"this.onerror=null;this.src='https:\/\/soccer.aidatasports.com\/images\/players\/default-player.png';\"><span>Noelia Ramos \u00c1lvarez<\/span><\/a><\/div>\n<div class=\"player\"><a href=\"https:\/\/soccer.aidatasports.com\/pt\/players\/Mar\u00eda-Estella-del-Valle-99685\"><img decoding=\"async\" src=\"https:\/\/soccer.aidatasports.com\/images\/players\/99685.png\" alt=\"Mar\u00eda Estella del Valle\" onerror=\"this.onerror=null;this.src='https:\/\/soccer.aidatasports.com\/images\/players\/default-player.png';\"><span>Mar\u00eda Estella del Valle<\/span><\/a><\/div>\n<div class=\"player\"><a href=\"https:\/\/soccer.aidatasports.com\/pt\/players\/Cinta-del-Mar-Rodr\u00edguez-99935\"><img decoding=\"async\" src=\"https:\/\/soccer.aidatasports.com\/images\/players\/99935.png\" alt=\"Cinta del Mar Rodr\u00edguez\" onerror=\"this.onerror=null;this.src='https:\/\/soccer.aidatasports.com\/images\/players\/default-player.png';\"><span>Cinta del Mar Rodr\u00edguez<\/span><\/a><\/div>\n<div class=\"player\"><a href=\"https:\/\/soccer.aidatasports.com\/pt\/players\/Patricia-Gavira-Collado-99925\"><img decoding=\"async\" src=\"https:\/\/soccer.aidatasports.com\/images\/players\/99925.png\" alt=\"Patricia Gavira Collado\" onerror=\"this.onerror=null;this.src='https:\/\/soccer.aidatasports.com\/images\/players\/default-player.png';\"><span>Patricia Gavira Collado<\/span><\/a><\/div>\n<div class=\"player\"><a href=\"https:\/\/soccer.aidatasports.com\/pt\/players\/Pisco-99775\"><img decoding=\"async\" src=\"https:\/\/soccer.aidatasports.com\/images\/players\/99775.png\" alt=\"Pisco\" onerror=\"this.onerror=null;this.src='https:\/\/soccer.aidatasports.com\/images\/players\/default-player.png';\"><span>Pisco<\/span><\/a><\/div>\n<div class=\"player\"><a href=\"https:\/\/soccer.aidatasports.com\/pt\/players\/Thea-Gammelgaard-S\u00f8rbo-315409\"><img decoding=\"async\" src=\"https:\/\/soccer.aidatasports.com\/images\/players\/315409.png\" alt=\"Thea Gammelgaard S\u00f8rbo\" onerror=\"this.onerror=null;this.src='https:\/\/soccer.aidatasports.com\/images\/players\/default-player.png';\"><span>Thea Gammelgaard S\u00f8rbo<\/span><\/a><\/div>\n<div class=\"player\"><a href=\"https:\/\/soccer.aidatasports.com\/pt\/players\/Sandra-Castell\u00f3-Oliver-99819\"><img decoding=\"async\" src=\"https:\/\/soccer.aidatasports.com\/images\/players\/99819.png\" alt=\"Sandra Castell\u00f3 Oliver\" onerror=\"this.onerror=null;this.src='https:\/\/soccer.aidatasports.com\/images\/players\/default-player.png';\"><span>Sandra Castell\u00f3 Oliver<\/span><\/a><\/div>\n<div class=\"player\"><a href=\"https:\/\/soccer.aidatasports.com\/pt\/players\/Claudia-Iglesias-Bicho-299731\"><img decoding=\"async\" src=\"https:\/\/soccer.aidatasports.com\/images\/players\/299731.png\" alt=\"Claudia Iglesias Bicho\" onerror=\"this.onerror=null;this.src='https:\/\/soccer.aidatasports.com\/images\/players\/default-player.png';\"><span>Claudia Iglesias Bicho<\/span><\/a><\/div>\n<div class=\"player\"><a href=\"https:\/\/soccer.aidatasports.com\/pt\/players\/Mar\u00eda-Jos\u00e9-P\u00e9rez-Gonz\u00e1lez-99684\"><img decoding=\"async\" src=\"https:\/\/soccer.aidatasports.com\/images\/players\/99684.png\" alt=\"Mar\u00eda Jos\u00e9 P\u00e9rez Gonz\u00e1lez\" onerror=\"this.onerror=null;this.src='https:\/\/soccer.aidatasports.com\/images\/players\/default-player.png';\"><span>Mar\u00eda Jos\u00e9 P\u00e9rez Gonz\u00e1lez<\/span><\/a><\/div>\n<div class=\"player\"><a href=\"https:\/\/soccer.aidatasports.com\/pt\/players\/Gift-Monday-317958\"><img decoding=\"async\" src=\"https:\/\/soccer.aidatasports.com\/images\/players\/317958.png\" alt=\"Gift Monday\" onerror=\"this.onerror=null;this.src='https:\/\/soccer.aidatasports.com\/images\/players\/default-player.png';\"><span>Gift Monday<\/span><\/a><\/div>\n<div class=\"player\"><a href=\"https:\/\/soccer.aidatasports.com\/pt\/players\/Rinsola-Babajide-81819\"><img decoding=\"async\" src=\"https:\/\/soccer.aidatasports.com\/images\/players\/81819.png\" alt=\"Rinsola Babajide\" onerror=\"this.onerror=null;this.src='https:\/\/soccer.aidatasports.com\/images\/players\/default-player.png';\"><span>Rinsola Babajide<\/span><\/a><\/div>\n<\/div>\n<div>\n<h4>Suplentes:<\/h4>\n<div class=\"player\"><a href=\"https:\/\/soccer.aidatasports.com\/pt\/players\/Fatou-Dembele-440795\"><img decoding=\"async\" src=\"https:\/\/soccer.aidatasports.com\/images\/players\/440795.png\" alt=\"Fatou Dembele\" onerror=\"this.onerror=null;this.src='https:\/\/soccer.aidatasports.com\/images\/players\/default-player.png';\"><span>Fatou Dembele<\/span><\/a><\/div>\n<div class=\"player\"><a href=\"https:\/\/soccer.aidatasports.com\/pt\/players\/Jassina-Blom-93313\"><img decoding=\"async\" src=\"https:\/\/soccer.aidatasports.com\/images\/players\/93313.png\" alt=\"Jassina Blom\" onerror=\"this.onerror=null;this.src='https:\/\/soccer.aidatasports.com\/images\/players\/default-player.png';\"><span>Jassina Blom<\/span><\/a><\/div>\n<div class=\"player\"><a href=\"https:\/\/soccer.aidatasports.com\/pt\/players\/Sakina-Ouzraoui-Diki-213119\"><img decoding=\"async\" src=\"https:\/\/soccer.aidatasports.com\/images\/players\/213119.png\" alt=\"Sakina Ouzraoui Diki\" onerror=\"this.onerror=null;this.src='https:\/\/soccer.aidatasports.com\/images\/players\/default-player.png';\"><span>Sakina Ouzraoui Diki<\/span><\/a><\/div>\n<div class=\"player\"><a href=\"https:\/\/soccer.aidatasports.com\/pt\/players\/Mar\u00eda-Echezarreta-460945\"><img decoding=\"async\" src=\"https:\/\/soccer.aidatasports.com\/images\/players\/460945.png\" alt=\"Mar\u00eda Echezarreta\" onerror=\"this.onerror=null;this.src='https:\/\/soccer.aidatasports.com\/images\/players\/default-player.png';\"><span>Mar\u00eda Echezarreta<\/span><\/a><\/div>\n<div class=\"player\"><a href=\"https:\/\/soccer.aidatasports.com\/pt\/players\/Aleksandra-Zaremba-99683\"><img decoding=\"async\" src=\"https:\/\/soccer.aidatasports.com\/images\/players\/99683.png\" alt=\"Aleksandra Zaremba\" onerror=\"this.onerror=null;this.src='https:\/\/soccer.aidatasports.com\/images\/players\/default-player.png';\"><span>Aleksandra Zaremba<\/span><\/a><\/div>\n<div class=\"player\"><a href=\"https:\/\/soccer.aidatasports.com\/pt\/players\/Beatriz-Beltr\u00e1n-Sanz-99853\"><img decoding=\"async\" src=\"https:\/\/soccer.aidatasports.com\/images\/players\/99853.png\" alt=\"Beatriz Beltr\u00e1n Sanz\" onerror=\"this.onerror=null;this.src='https:\/\/soccer.aidatasports.com\/images\/players\/default-player.png';\"><span>Beatriz Beltr\u00e1n Sanz<\/span><\/a><\/div>\n<div class=\"player\"><a href=\"https:\/\/soccer.aidatasports.com\/pt\/players\/Claudia-Rold\u00e1n-Blanco-99825\"><img decoding=\"async\" src=\"https:\/\/soccer.aidatasports.com\/images\/players\/99825.png\" alt=\"Claudia Rold\u00e1n Blanco\" onerror=\"this.onerror=null;this.src='https:\/\/soccer.aidatasports.com\/images\/players\/default-player.png';\"><span>Claudia Rold\u00e1n Blanco<\/span><\/a><\/div>\n<div class=\"player\"><a href=\"https:\/\/soccer.aidatasports.com\/pt\/players\/Linn\u00e9a-Solvoll-Laupstad-315374\"><img decoding=\"async\" src=\"https:\/\/soccer.aidatasports.com\/images\/players\/315374.png\" alt=\"Linn\u00e9a Solvoll Laupstad\" onerror=\"this.onerror=null;this.src='https:\/\/soccer.aidatasports.com\/images\/players\/default-player.png';\"><span>Linn\u00e9a Solvoll Laupstad<\/span><\/a><\/div>\n<div class=\"player\"><a href=\"https:\/\/soccer.aidatasports.com\/pt\/players\/Nina-Richard-332589\"><img decoding=\"async\" src=\"https:\/\/soccer.aidatasports.com\/images\/players\/332589.png\" alt=\"Nina Richard\" onerror=\"this.onerror=null;this.src='https:\/\/soccer.aidatasports.com\/images\/players\/default-player.png';\"><span>Nina Richard<\/span><\/a><\/div>\n<\/div>\n<\/div>\n<\/div>\n<div class=\"team-lineup\">\n<h3>Eibar W<\/h3>\n<p><img decoding=\"async\" src=\"https:\/\/media.api-sports.io\/football\/teams\/15225.png\" alt=\"Eibar W\" style=\"width: 50px; height: 50px;\"><\/p>\n<div class=\"players-container\">\n<div>\n<h4>Titulares:<\/h4>\n<div class=\"player\"><a href=\"https:\/\/soccer.aidatasports.com\/pt\/players\/Mar\u00eda-Miralles-440207\"><img decoding=\"async\" src=\"https:\/\/soccer.aidatasports.com\/images\/players\/440207.png\" alt=\"Mar\u00eda Miralles\" onerror=\"this.onerror=null;this.src='https:\/\/soccer.aidatasports.com\/images\/players\/default-player.png';\"><span>Mar\u00eda Miralles<\/span><\/a><\/div>\n<div class=\"player\"><a href=\"https:\/\/soccer.aidatasports.com\/pt\/players\/Carla-Andr\u00e9s-440209\"><img decoding=\"async\" src=\"https:\/\/soccer.aidatasports.com\/images\/players\/440209.png\" alt=\"Carla Andr\u00e9s\" onerror=\"this.onerror=null;this.src='https:\/\/soccer.aidatasports.com\/images\/players\/default-player.png';\"><span>Carla Andr\u00e9s<\/span><\/a><\/div>\n<div class=\"player\"><a href=\"https:\/\/soccer.aidatasports.com\/pt\/players\/Mireia-Masegur-487804\"><img decoding=\"async\" src=\"https:\/\/soccer.aidatasports.com\/images\/players\/487804.png\" alt=\"Mireia Masegur\" onerror=\"this.onerror=null;this.src='https:\/\/soccer.aidatasports.com\/images\/players\/default-player.png';\"><span>Mireia Masegur<\/span><\/a><\/div>\n<div class=\"player\"><a href=\"https:\/\/soccer.aidatasports.com\/pt\/players\/Elba-Verg\u00e9s-99712\"><img decoding=\"async\" src=\"https:\/\/soccer.aidatasports.com\/images\/players\/99712.png\" alt=\"Elba Verg\u00e9s\" onerror=\"this.onerror=null;this.src='https:\/\/soccer.aidatasports.com\/images\/players\/default-player.png';\"><span>Elba Verg\u00e9s<\/span><\/a><\/div>\n<div class=\"player\"><a href=\"https:\/\/soccer.aidatasports.com\/pt\/players\/Annelie-Leitner-317623\"><img decoding=\"async\" src=\"https:\/\/soccer.aidatasports.com\/images\/players\/317623.png\" alt=\"Annelie Leitner\" onerror=\"this.onerror=null;this.src='https:\/\/soccer.aidatasports.com\/images\/players\/default-player.png';\"><span>Annelie Leitner<\/span><\/a><\/div>\n<div class=\"player\"><a href=\"https:\/\/soccer.aidatasports.com\/pt\/players\/Eider-Arana-440205\"><img decoding=\"async\" src=\"https:\/\/soccer.aidatasports.com\/images\/players\/440205.png\" alt=\"Eider Arana\" onerror=\"this.onerror=null;this.src='https:\/\/soccer.aidatasports.com\/images\/players\/default-player.png';\"><span>Eider Arana<\/span><\/a><\/div>\n<div class=\"player\"><a href=\"https:\/\/soccer.aidatasports.com\/pt\/players\/Laura-Camino-443235\"><img decoding=\"async\" src=\"https:\/\/soccer.aidatasports.com\/images\/players\/443235.png\" alt=\"Laura Camino\" onerror=\"this.onerror=null;this.src='https:\/\/soccer.aidatasports.com\/images\/players\/default-player.png';\"><span>Laura Camino<\/span><\/a><\/div>\n<div class=\"player\"><a href=\"https:\/\/soccer.aidatasports.com\/pt\/players\/Mariana-Cerro-309544\"><img decoding=\"async\" src=\"https:\/\/soccer.aidatasports.com\/images\/players\/309544.png\" alt=\"Mariana Cerro\" onerror=\"this.onerror=null;this.src='https:\/\/soccer.aidatasports.com\/images\/players\/default-player.png';\"><span>Mariana Cerro<\/span><\/a><\/div>\n<div class=\"player\"><a href=\"https:\/\/soccer.aidatasports.com\/pt\/players\/Bernadette-Amani-440206\"><img decoding=\"async\" src=\"https:\/\/soccer.aidatasports.com\/images\/players\/440206.png\" alt=\"Bernadette Amani\" onerror=\"this.onerror=null;this.src='https:\/\/soccer.aidatasports.com\/images\/players\/default-player.png';\"><span>Bernadette Amani<\/span><\/a><\/div>\n<div class=\"player\"><a href=\"https:\/\/soccer.aidatasports.com\/pt\/players\/Margherita-Monnecchi-148073\"><img decoding=\"async\" src=\"https:\/\/soccer.aidatasports.com\/images\/players\/148073.png\" alt=\"Margherita Monnecchi\" onerror=\"this.onerror=null;this.src='https:\/\/soccer.aidatasports.com\/images\/players\/default-player.png';\"><span>Margherita Monnecchi<\/span><\/a><\/div>\n<div class=\"player\"><a href=\"https:\/\/soccer.aidatasports.com\/pt\/players\/Carmen-\u00c1lvarez-317426\"><img decoding=\"async\" src=\"https:\/\/soccer.aidatasports.com\/images\/players\/317426.png\" alt=\"Carmen \u00c1lvarez\" onerror=\"this.onerror=null;this.src='https:\/\/soccer.aidatasports.com\/images\/players\/default-player.png';\"><span>Carmen \u00c1lvarez<\/span><\/a><\/div>\n<\/div>\n<div>\n<h4>Suplentes:<\/h4>\n<div class=\"player\"><a href=\"https:\/\/soccer.aidatasports.com\/pt\/players\/Noelia-Garc\u00eda-289526\"><img decoding=\"async\" src=\"https:\/\/soccer.aidatasports.com\/images\/players\/289526.png\" alt=\"Noelia Garc\u00eda\" onerror=\"this.onerror=null;this.src='https:\/\/soccer.aidatasports.com\/images\/players\/default-player.png';\"><span>Noelia Garc\u00eda<\/span><\/a><\/div>\n<div class=\"player\"><a href=\"https:\/\/soccer.aidatasports.com\/pt\/players\/Eunate-Astralaga-393839\"><img decoding=\"async\" src=\"https:\/\/soccer.aidatasports.com\/images\/players\/393839.png\" alt=\"Eunate Astralaga\" onerror=\"this.onerror=null;this.src='https:\/\/soccer.aidatasports.com\/images\/players\/default-player.png';\"><span>Eunate Astralaga<\/span><\/a><\/div>\n<div class=\"player\"><a href=\"https:\/\/soccer.aidatasports.com\/pt\/players\/Marta-L\u00f3pez-Guerenu-318075\"><img decoding=\"async\" src=\"https:\/\/soccer.aidatasports.com\/images\/players\/318075.png\" alt=\"Marta L\u00f3pez Guerenu\" onerror=\"this.onerror=null;this.src='https:\/\/soccer.aidatasports.com\/images\/players\/default-player.png';\"><span>Marta L\u00f3pez Guerenu<\/span><\/a><\/div>\n<div class=\"player\"><a href=\"https:\/\/soccer.aidatasports.com\/pt\/players\/Esperanza-Pizarro-317319\"><img decoding=\"async\" src=\"https:\/\/soccer.aidatasports.com\/images\/players\/317319.png\" alt=\"Esperanza Pizarro\" onerror=\"this.onerror=null;this.src='https:\/\/soccer.aidatasports.com\/images\/players\/default-player.png';\"><span>Esperanza Pizarro<\/span><\/a><\/div>\n<div class=\"player\"><a href=\"https:\/\/soccer.aidatasports.com\/pt\/players\/Alena-P\u011b\u010dkov\u00e1-329049\"><img decoding=\"async\" src=\"https:\/\/soccer.aidatasports.com\/images\/players\/329049.png\" alt=\"Alena P\u011b\u010dkov\u00e1\" onerror=\"this.onerror=null;this.src='https:\/\/soccer.aidatasports.com\/images\/players\/default-player.png';\"><span>Alena P\u011b\u010dkov\u00e1<\/span><\/a><\/div>\n<div class=\"player\"><a href=\"https:\/\/soccer.aidatasports.com\/pt\/players\/Natalia-Cano-443236\"><img decoding=\"async\" src=\"https:\/\/soccer.aidatasports.com\/images\/players\/443236.png\" alt=\"Natalia Cano\" onerror=\"this.onerror=null;this.src='https:\/\/soccer.aidatasports.com\/images\/players\/default-player.png';\"><span>Natalia Cano<\/span><\/a><\/div>\n<div class=\"player\"><a href=\"https:\/\/soccer.aidatasports.com\/pt\/players\/Eva-Van-Deursen-348134\"><img decoding=\"async\" src=\"https:\/\/soccer.aidatasports.com\/images\/players\/348134.png\" alt=\"Eva Van Deursen\" onerror=\"this.onerror=null;this.src='https:\/\/soccer.aidatasports.com\/images\/players\/default-player.png';\"><span>Eva Van Deursen<\/span><\/a><\/div>\n<\/div>\n<\/div>\n<\/div>\n<\/div>\n<div id=\"wg-api-football-game\"\n                    data-host=\"xxxxx\"\n                    data-key=\"xxxx\"\n                    data-id=\"1293579\"\n                    data-theme=\"\"\n                    data-refresh=\"15\"\n                    data-show-errors=\"false\"\n                    data-show-logos=\"true\"><br \/>\n                    class=&#8221;wg_loader&#8221;>\n                <\/div>\n<div id=\"wg-api-football-standings\"\n                    data-host=\"xxxx\"\n                    data-key=\"ddddd\"\n                    data-league=\"142\"\n                    data-team=\"\"\n                    data-season=\"2024\"\n                    data-theme=\"\"\n                    data-show-errors=\"false\"\n                    data-show-logos=\"true\"\n                    class=\"wg_loader\">\n                <\/div>\n<p>                <script\n                    type=\"module\"\n                    src=\"https:\/\/soccer.aidatasports.com\/wp-content\/customjs\/widgetslocal.js\">\n                <\/script><\/p>\n","protected":false},"excerpt":{"rendered":"<p>Portugu\u00eas Granada Tenerife vence o Eibar em partida com dom\u00ednio visitante O Granada Tenerife venceu&hellip;<\/p>\n","protected":false},"author":1,"featured_media":79274,"comment_status":"open","ping_status":"open","sticky":false,"template":"","format":"standard","meta":{"content-type":"","pmpro_default_level":"","_lmt_disableupdate":"","_lmt_disable":"","_league":15837,"_fixture":1293579,"penci_pfeatured_image_ratio":"","penci_single_style":"","footnotes":""},"categories":[15837],"tags":[9232,1779],"class_list":["post-79275","post","type-post","status-publish","format-standard","has-post-thumbnail","hentry","category-matches","tag-eibar-w-spain-15225","tag-granad-tenerife-w-spain-1913","pmpro-has-access"],"_links":{"self":[{"href":"https:\/\/soccer.aidatasports.com\/pt\/wp-json\/wp\/v2\/posts\/79275"}],"collection":[{"href":"https:\/\/soccer.aidatasports.com\/pt\/wp-json\/wp\/v2\/posts"}],"about":[{"href":"https:\/\/soccer.aidatasports.com\/pt\/wp-json\/wp\/v2\/types\/post"}],"author":[{"embeddable":true,"href":"https:\/\/soccer.aidatasports.com\/pt\/wp-json\/wp\/v2\/users\/1"}],"replies":[{"embeddable":true,"href":"https:\/\/soccer.aidatasports.com\/pt\/wp-json\/wp\/v2\/comments?post=79275"}],"version-history":[{"count":0,"href":"https:\/\/soccer.aidatasports.com\/pt\/wp-json\/wp\/v2\/posts\/79275\/revisions"}],"wp:featuredmedia":[{"embeddable":true,"href":"https:\/\/soccer.aidatasports.com\/pt\/wp-json\/wp\/v2\/media\/79274"}],"wp:attachment":[{"href":"https:\/\/soccer.aidatasports.com\/pt\/wp-json\/wp\/v2\/media?parent=79275"}],"wp:term":[{"taxonomy":"category","embeddable":true,"href":"https:\/\/soccer.aidatasports.com\/pt\/wp-json\/wp\/v2\/categories?post=79275"},{"taxonomy":"post_tag","embeddable":true,"href":"https:\/\/soccer.aidatasports.com\/pt\/wp-json\/wp\/v2\/tags?post=79275"}],"curies":[{"name":"wp","href":"https:\/\/api.w.org\/{rel}","templated":true}]}}