{"id":79057,"date":"2025-02-15T00:30:57","date_gmt":"2025-02-15T00:30:57","guid":{"rendered":"https:\/\/soccer.aidatasports.com\/pt\/uncategorized\/cusco-vs-fbc-melgar-feb-14-2025-2230-utc\/"},"modified":"2025-02-15T00:30:57","modified_gmt":"2025-02-15T00:30:57","slug":"cusco-vs-fbc-melgar-feb-14-2025-2230-utc","status":"publish","type":"post","link":"https:\/\/soccer.aidatasports.com\/pt\/matches\/cusco-vs-fbc-melgar-feb-14-2025-2230-utc\/","title":{"rendered":"Cusco vs FBC Melgar Feb 14 2025 22:30 UTC"},"content":{"rendered":"<p><strong>Portugu\u00eas<\/strong><\/p>\n<p><strong>Melgar vence o Cusco por apertado 1-0<\/strong><\/p>\n<p>Em uma partida disputada no Est\u00e1dio Inca Garcilaso de la Vega, em Cusco, o FBC Melgar conquistou uma importante vit\u00f3ria por 1-0 sobre seu advers\u00e1rio. Apesar de ter 64% de posse de bola, o time da casa n\u00e3o conseguiu ser t\u00e3o eficiente no ataque quanto o Melgar. O gol saiu aos 42 minutos, com F. Castro marcando, ap\u00f3s assist\u00eancia de N. Cabanillas. A partida foi marcada pela intensidade, com 10 faltas para o Cusco e 13 para o Melgar, al\u00e9m de dois cart\u00f5es amarelos para o time visitante (Orzan e Cabanillas).  Apesar do grande n\u00famero de chutes (11 para o Cusco e 18 para o Melgar), apenas um gol foi marcado, mostrando a solidez defensiva de ambas as equipes. A vit\u00f3ria coloca o Melgar em boa posi\u00e7\u00e3o na tabela da segunda rodada da fase Apertura da Primera Divisi\u00f3n Peruana 2025.<\/p>\n<p>Substitui\u00f5es na equipe de cusco: Aos 55 minutos, P. Cardenas entrou e P. Da Silva saiu., Aos 55 minutos, M. Ruidias entrou e J. Zevallos saiu., Aos 65 minutos, J. Aquino entrou e N. Silva saiu., Aos 65 minutos, F. Callejo entrou e C. Diez saiu. <\/p>\n<p>Substitui\u00f5es na equipe de fbc melgar: Aos 70 minutos, G. Rodriguez entrou e F. Castro saiu., Aos 77 minutos, L. Guzman entrou e T. Martinez saiu., Aos 77 minutos, A. Arias entrou e H. Orzan saiu., Aos 86 minutos, E. Ramos entrou e C. Bordacahar saiu., Aos 86 minutos, P. Liza entrou e K. G. Cabrera Nakamura saiu. <\/p>\n<p>As equipes se alinharam da seguinte forma:<\/p>\n<div class=\"lineups-container\">\n<style>\n                .lineups-container {\n                    display: flex;\n                    justify-content: space-around;\n                    flex-wrap: wrap;\n                }\n                .team-lineup {\n                    width: 49%;\n                    margin-bottom: 20px;\n                    border: 1px solid #ccc;\n                    padding: 5px;\n                }\n                .team-lineup h3 {\n                    text-align: center;\n                    margin-bottom: 10px;\n                }\n                .players-container {\n                    display: flex;\n                    justify-content: space-between;\n                }\n                .players-container div {\n                    width: 100%;\n                }\n                .player {\n                    display: flex;\n                    align-items: center;\n                    margin-bottom: 5px;\n                }\n                .player img {\n                    width: 30px;\n                    height: 30px;\n                    border-radius: 50%;\n                    margin-right: 10px;\n                }\n                    @media (max-width: 600px) {\n                    .team-lineup {\n                        width: 100%;\n                    }\n                }\n                <\/style>\n<div class=\"team-lineup\">\n<h3>Cusco<\/h3>\n<p><img decoding=\"async\" src=\"https:\/\/media.api-sports.io\/football\/teams\/10013.png\" alt=\"Cusco\" style=\"width: 50px; height: 50px;\"><\/p>\n<div class=\"players-container\">\n<div>\n<h4>Titulares:<\/h4>\n<div class=\"player\"><a href=\"https:\/\/soccer.aidatasports.com\/pt\/players\/Andy-Vidal-39475\"><img decoding=\"async\" src=\"https:\/\/soccer.aidatasports.com\/images\/players\/39475.png\" alt=\"Andy Vidal\" onerror=\"this.onerror=null;this.src='https:\/\/soccer.aidatasports.com\/images\/players\/default-player.png';\"><span>Andy Vidal<\/span><\/a><\/div>\n<div class=\"player\"><a href=\"https:\/\/soccer.aidatasports.com\/pt\/players\/Jos\u00e9-Zevallos-39876\"><img decoding=\"async\" src=\"https:\/\/soccer.aidatasports.com\/images\/players\/39876.png\" alt=\"Jos\u00e9 Zevallos\" onerror=\"this.onerror=null;this.src='https:\/\/soccer.aidatasports.com\/images\/players\/default-player.png';\"><span>Jos\u00e9 Zevallos<\/span><\/a><\/div>\n<div class=\"player\"><a href=\"https:\/\/soccer.aidatasports.com\/pt\/players\/Marco-Saravia-40143\"><img decoding=\"async\" src=\"https:\/\/soccer.aidatasports.com\/images\/players\/40143.png\" alt=\"Marco Saravia\" onerror=\"this.onerror=null;this.src='https:\/\/soccer.aidatasports.com\/images\/players\/default-player.png';\"><span>Marco Saravia<\/span><\/a><\/div>\n<div class=\"player\"><a href=\"https:\/\/soccer.aidatasports.com\/pt\/players\/Carlos-Gamarra-39630\"><img decoding=\"async\" src=\"https:\/\/soccer.aidatasports.com\/images\/players\/39630.png\" alt=\"Carlos Gamarra\" onerror=\"this.onerror=null;this.src='https:\/\/soccer.aidatasports.com\/images\/players\/default-player.png';\"><span>Carlos Gamarra<\/span><\/a><\/div>\n<div class=\"player\"><a href=\"https:\/\/soccer.aidatasports.com\/pt\/players\/Alvaro-Ampuero-39590\"><img decoding=\"async\" src=\"https:\/\/soccer.aidatasports.com\/images\/players\/39590.png\" alt=\"Alvaro Ampuero\" onerror=\"this.onerror=null;this.src='https:\/\/soccer.aidatasports.com\/images\/players\/default-player.png';\"><span>Alvaro Ampuero<\/span><\/a><\/div>\n<div class=\"player\"><a href=\"https:\/\/soccer.aidatasports.com\/pt\/players\/Carlos-Diez-39618\"><img decoding=\"async\" src=\"https:\/\/soccer.aidatasports.com\/images\/players\/39618.png\" alt=\"Carlos Diez\" onerror=\"this.onerror=null;this.src='https:\/\/soccer.aidatasports.com\/images\/players\/default-player.png';\"><span>Carlos Diez<\/span><\/a><\/div>\n<div class=\"player\"><a href=\"https:\/\/soccer.aidatasports.com\/pt\/players\/Oswaldo-Valenzuela-39430\"><img decoding=\"async\" src=\"https:\/\/soccer.aidatasports.com\/images\/players\/39430.png\" alt=\"Oswaldo Valenzuela\" onerror=\"this.onerror=null;this.src='https:\/\/soccer.aidatasports.com\/images\/players\/default-player.png';\"><span>Oswaldo Valenzuela<\/span><\/a><\/div>\n<div class=\"player\"><a href=\"https:\/\/soccer.aidatasports.com\/pt\/players\/Pierre-Da-Silva-102919\"><img decoding=\"async\" src=\"https:\/\/soccer.aidatasports.com\/images\/players\/102919.png\" alt=\"Pierre Da Silva\" onerror=\"this.onerror=null;this.src='https:\/\/soccer.aidatasports.com\/images\/players\/default-player.png';\"><span>Pierre Da Silva<\/span><\/a><\/div>\n<div class=\"player\"><a href=\"https:\/\/soccer.aidatasports.com\/pt\/players\/Iv\u00e1n-Colman-6273\"><img decoding=\"async\" src=\"https:\/\/soccer.aidatasports.com\/images\/players\/6273.png\" alt=\"Iv\u00e1n Colman\" onerror=\"this.onerror=null;this.src='https:\/\/soccer.aidatasports.com\/images\/players\/default-player.png';\"><span>Iv\u00e1n Colman<\/span><\/a><\/div>\n<div class=\"player\"><a href=\"https:\/\/soccer.aidatasports.com\/pt\/players\/Nicol\u00e1s-Silva-6390\"><img decoding=\"async\" src=\"https:\/\/soccer.aidatasports.com\/images\/players\/6390.png\" alt=\"Nicol\u00e1s Silva\" onerror=\"this.onerror=null;this.src='https:\/\/soccer.aidatasports.com\/images\/players\/default-player.png';\"><span>Nicol\u00e1s Silva<\/span><\/a><\/div>\n<div class=\"player\"><a href=\"https:\/\/soccer.aidatasports.com\/pt\/players\/Juan-T\u00e9vez-16543\"><img decoding=\"async\" src=\"https:\/\/soccer.aidatasports.com\/images\/players\/16543.png\" alt=\"Juan T\u00e9vez\" onerror=\"this.onerror=null;this.src='https:\/\/soccer.aidatasports.com\/images\/players\/default-player.png';\"><span>Juan T\u00e9vez<\/span><\/a><\/div>\n<\/div>\n<div>\n<h4>Suplentes:<\/h4>\n<div class=\"player\"><a href=\"https:\/\/soccer.aidatasports.com\/pt\/players\/Pablo-C\u00e1rdenas-11787\"><img decoding=\"async\" src=\"https:\/\/soccer.aidatasports.com\/images\/players\/11787.png\" alt=\"Pablo C\u00e1rdenas\" onerror=\"this.onerror=null;this.src='https:\/\/soccer.aidatasports.com\/images\/players\/default-player.png';\"><span>Pablo C\u00e1rdenas<\/span><\/a><\/div>\n<div class=\"player\"><a href=\"https:\/\/soccer.aidatasports.com\/pt\/players\/Marlon-Ruid\u00edas-196673\"><img decoding=\"async\" src=\"https:\/\/soccer.aidatasports.com\/images\/players\/196673.png\" alt=\"Marlon Ruid\u00edas\" onerror=\"this.onerror=null;this.src='https:\/\/soccer.aidatasports.com\/images\/players\/default-player.png';\"><span>Marlon Ruid\u00edas<\/span><\/a><\/div>\n<div class=\"player\"><a href=\"https:\/\/soccer.aidatasports.com\/pt\/players\/Juli\u00e1n-Aquino-503973\"><img decoding=\"async\" src=\"https:\/\/soccer.aidatasports.com\/images\/players\/503973.png\" alt=\"Juli\u00e1n Aquino\" onerror=\"this.onerror=null;this.src='https:\/\/soccer.aidatasports.com\/images\/players\/default-player.png';\"><span>Juli\u00e1n Aquino<\/span><\/a><\/div>\n<div class=\"player\"><a href=\"https:\/\/soccer.aidatasports.com\/pt\/players\/Facundo-Callejo-5709\"><img decoding=\"async\" src=\"https:\/\/soccer.aidatasports.com\/images\/players\/5709.png\" alt=\"Facundo Callejo\" onerror=\"this.onerror=null;this.src='https:\/\/soccer.aidatasports.com\/images\/players\/default-player.png';\"><span>Facundo Callejo<\/span><\/a><\/div>\n<div class=\"player\"><a href=\"https:\/\/soccer.aidatasports.com\/pt\/players\/Pedro-Diaz-39498\"><img decoding=\"async\" src=\"https:\/\/soccer.aidatasports.com\/images\/players\/39498.png\" alt=\"Pedro Diaz\" onerror=\"this.onerror=null;this.src='https:\/\/soccer.aidatasports.com\/images\/players\/default-player.png';\"><span>Pedro Diaz<\/span><\/a><\/div>\n<div class=\"player\"><a href=\"https:\/\/soccer.aidatasports.com\/pt\/players\/Alessandro-Milesi-32211\"><img decoding=\"async\" src=\"https:\/\/soccer.aidatasports.com\/images\/players\/32211.png\" alt=\"Alessandro Milesi\" onerror=\"this.onerror=null;this.src='https:\/\/soccer.aidatasports.com\/images\/players\/default-player.png';\"><span>Alessandro Milesi<\/span><\/a><\/div>\n<div class=\"player\"><a href=\"https:\/\/soccer.aidatasports.com\/pt\/players\/Alex-Miguel-Custodio-200567\"><img decoding=\"async\" src=\"https:\/\/soccer.aidatasports.com\/images\/players\/200567.png\" alt=\"Alex Miguel Custodio\" onerror=\"this.onerror=null;this.src='https:\/\/soccer.aidatasports.com\/images\/players\/default-player.png';\"><span>Alex Miguel Custodio<\/span><\/a><\/div>\n<div class=\"player\"><a href=\"https:\/\/soccer.aidatasports.com\/pt\/players\/Eslyn-Correa-404367\"><img decoding=\"async\" src=\"https:\/\/soccer.aidatasports.com\/images\/players\/404367.png\" alt=\"Eslyn Correa\" onerror=\"this.onerror=null;this.src='https:\/\/soccer.aidatasports.com\/images\/players\/default-player.png';\"><span>Eslyn Correa<\/span><\/a><\/div>\n<div class=\"player\"><a href=\"https:\/\/soccer.aidatasports.com\/pt\/players\/Santiago-G\u00e1lvez-404369\"><img decoding=\"async\" src=\"https:\/\/soccer.aidatasports.com\/images\/players\/404369.png\" alt=\"Santiago G\u00e1lvez\" onerror=\"this.onerror=null;this.src='https:\/\/soccer.aidatasports.com\/images\/players\/default-player.png';\"><span>Santiago G\u00e1lvez<\/span><\/a><\/div>\n<\/div>\n<\/div>\n<\/div>\n<div class=\"team-lineup\">\n<h3>FBC Melgar<\/h3>\n<p><img decoding=\"async\" src=\"https:\/\/media.api-sports.io\/football\/teams\/2554.png\" alt=\"FBC Melgar\" style=\"width: 50px; height: 50px;\"><\/p>\n<div class=\"players-container\">\n<div>\n<h4>Titulares:<\/h4>\n<div class=\"player\"><a href=\"https:\/\/soccer.aidatasports.com\/pt\/players\/Carlos-C\u00e1ceda-2415\"><img decoding=\"async\" src=\"https:\/\/soccer.aidatasports.com\/images\/players\/2415.png\" alt=\"Carlos C\u00e1ceda\" onerror=\"this.onerror=null;this.src='https:\/\/soccer.aidatasports.com\/images\/players\/default-player.png';\"><span>Carlos C\u00e1ceda<\/span><\/a><\/div>\n<div class=\"player\"><a href=\"https:\/\/soccer.aidatasports.com\/pt\/players\/Mat\u00edas-Lazo-288297\"><img decoding=\"async\" src=\"https:\/\/soccer.aidatasports.com\/images\/players\/288297.png\" alt=\"Mat\u00edas Lazo\" onerror=\"this.onerror=null;this.src='https:\/\/soccer.aidatasports.com\/images\/players\/default-player.png';\"><span>Mat\u00edas Lazo<\/span><\/a><\/div>\n<div class=\"player\"><a href=\"https:\/\/soccer.aidatasports.com\/pt\/players\/Pier-Barrios-6020\"><img decoding=\"async\" src=\"https:\/\/soccer.aidatasports.com\/images\/players\/6020.png\" alt=\"Pier Barrios\" onerror=\"this.onerror=null;this.src='https:\/\/soccer.aidatasports.com\/images\/players\/default-player.png';\"><span>Pier Barrios<\/span><\/a><\/div>\n<div class=\"player\"><a href=\"https:\/\/soccer.aidatasports.com\/pt\/players\/Leonel-Gonz\u00e1lez-59040\"><img decoding=\"async\" src=\"https:\/\/soccer.aidatasports.com\/images\/players\/59040.png\" alt=\"Leonel Gonz\u00e1lez\" onerror=\"this.onerror=null;this.src='https:\/\/soccer.aidatasports.com\/images\/players\/default-player.png';\"><span>Leonel Gonz\u00e1lez<\/span><\/a><\/div>\n<div class=\"player\"><a href=\"https:\/\/soccer.aidatasports.com\/pt\/players\/Nelson-Cabanillas-39879\"><img decoding=\"async\" src=\"https:\/\/soccer.aidatasports.com\/images\/players\/39879.png\" alt=\"Nelson Cabanillas\" onerror=\"this.onerror=null;this.src='https:\/\/soccer.aidatasports.com\/images\/players\/default-player.png';\"><span>Nelson Cabanillas<\/span><\/a><\/div>\n<div class=\"player\"><a href=\"https:\/\/soccer.aidatasports.com\/pt\/players\/Cristian-Bordacahar-5448\"><img decoding=\"async\" src=\"https:\/\/soccer.aidatasports.com\/images\/players\/5448.png\" alt=\"Cristian Bordacahar\" onerror=\"this.onerror=null;this.src='https:\/\/soccer.aidatasports.com\/images\/players\/default-player.png';\"><span>Cristian Bordacahar<\/span><\/a><\/div>\n<div class=\"player\"><a href=\"https:\/\/soccer.aidatasports.com\/pt\/players\/Walter-Tandazo-39642\"><img decoding=\"async\" src=\"https:\/\/soccer.aidatasports.com\/images\/players\/39642.png\" alt=\"Walter Tandazo\" onerror=\"this.onerror=null;this.src='https:\/\/soccer.aidatasports.com\/images\/players\/default-player.png';\"><span>Walter Tandazo<\/span><\/a><\/div>\n<div class=\"player\"><a href=\"https:\/\/soccer.aidatasports.com\/pt\/players\/Horacio-Orzan-16686\"><img decoding=\"async\" src=\"https:\/\/soccer.aidatasports.com\/images\/players\/16686.png\" alt=\"Horacio Orzan\" onerror=\"this.onerror=null;this.src='https:\/\/soccer.aidatasports.com\/images\/players\/default-player.png';\"><span>Horacio Orzan<\/span><\/a><\/div>\n<div class=\"player\"><a href=\"https:\/\/soccer.aidatasports.com\/pt\/players\/Kenji-Cabrera-288295\"><img decoding=\"async\" src=\"https:\/\/soccer.aidatasports.com\/images\/players\/288295.png\" alt=\"Kenji Cabrera\" onerror=\"this.onerror=null;this.src='https:\/\/soccer.aidatasports.com\/images\/players\/default-player.png';\"><span>Kenji Cabrera<\/span><\/a><\/div>\n<div class=\"player\"><a href=\"https:\/\/soccer.aidatasports.com\/pt\/players\/Tom\u00e1s-Mart\u00ednez-51091\"><img decoding=\"async\" src=\"https:\/\/soccer.aidatasports.com\/images\/players\/51091.png\" alt=\"Tom\u00e1s Mart\u00ednez\" onerror=\"this.onerror=null;this.src='https:\/\/soccer.aidatasports.com\/images\/players\/default-player.png';\"><span>Tom\u00e1s Mart\u00ednez<\/span><\/a><\/div>\n<div class=\"player\"><a href=\"https:\/\/soccer.aidatasports.com\/pt\/players\/Facundo-Castro-59329\"><img decoding=\"async\" src=\"https:\/\/soccer.aidatasports.com\/images\/players\/59329.png\" alt=\"Facundo Castro\" onerror=\"this.onerror=null;this.src='https:\/\/soccer.aidatasports.com\/images\/players\/default-player.png';\"><span>Facundo Castro<\/span><\/a><\/div>\n<\/div>\n<div>\n<h4>Suplentes:<\/h4>\n<div class=\"player\"><a href=\"https:\/\/soccer.aidatasports.com\/pt\/players\/Gregorio-Rodriguez-319396\"><img decoding=\"async\" src=\"https:\/\/soccer.aidatasports.com\/images\/players\/319396.png\" alt=\"Gregorio Rodriguez\" onerror=\"this.onerror=null;this.src='https:\/\/soccer.aidatasports.com\/images\/players\/default-player.png';\"><span>Gregorio Rodriguez<\/span><\/a><\/div>\n<div class=\"player\"><a href=\"https:\/\/soccer.aidatasports.com\/pt\/players\/Jorge-Cabezudo-196680\"><img decoding=\"async\" src=\"https:\/\/soccer.aidatasports.com\/images\/players\/196680.png\" alt=\"Jorge Cabezudo\" onerror=\"this.onerror=null;this.src='https:\/\/soccer.aidatasports.com\/images\/players\/default-player.png';\"><span>Jorge Cabezudo<\/span><\/a><\/div>\n<div class=\"player\"><a href=\"https:\/\/soccer.aidatasports.com\/pt\/players\/Alejandro-Ramos-39447\"><img decoding=\"async\" src=\"https:\/\/soccer.aidatasports.com\/images\/players\/39447.png\" alt=\"Alejandro Ramos\" onerror=\"this.onerror=null;this.src='https:\/\/soccer.aidatasports.com\/images\/players\/default-player.png';\"><span>Alejandro Ramos<\/span><\/a><\/div>\n<div class=\"player\"><a href=\"https:\/\/soccer.aidatasports.com\/pt\/players\/Mathias-Llontop-196693\"><img decoding=\"async\" src=\"https:\/\/soccer.aidatasports.com\/images\/players\/196693.png\" alt=\"Mathias Llontop\" onerror=\"this.onerror=null;this.src='https:\/\/soccer.aidatasports.com\/images\/players\/default-player.png';\"><span>Mathias Llontop<\/span><\/a><\/div>\n<div class=\"player\"><a href=\"https:\/\/soccer.aidatasports.com\/pt\/players\/Alec-Deneumostier-39617\"><img decoding=\"async\" src=\"https:\/\/soccer.aidatasports.com\/images\/players\/39617.png\" alt=\"Alec Deneumostier\" onerror=\"this.onerror=null;this.src='https:\/\/soccer.aidatasports.com\/images\/players\/default-player.png';\"><span>Alec Deneumostier<\/span><\/a><\/div>\n<div class=\"player\"><a href=\"https:\/\/soccer.aidatasports.com\/pt\/players\/Lautaro-Guzm\u00e1n-76122\"><img decoding=\"async\" src=\"https:\/\/soccer.aidatasports.com\/images\/players\/76122.png\" alt=\"Lautaro Guzm\u00e1n\" onerror=\"this.onerror=null;this.src='https:\/\/soccer.aidatasports.com\/images\/players\/default-player.png';\"><span>Lautaro Guzm\u00e1n<\/span><\/a><\/div>\n<div class=\"player\"><a href=\"https:\/\/soccer.aidatasports.com\/pt\/players\/Alexis-Arias-2425\"><img decoding=\"async\" src=\"https:\/\/soccer.aidatasports.com\/images\/players\/2425.png\" alt=\"Alexis Arias\" onerror=\"this.onerror=null;this.src='https:\/\/soccer.aidatasports.com\/images\/players\/default-player.png';\"><span>Alexis Arias<\/span><\/a><\/div>\n<div class=\"player\"><a href=\"https:\/\/soccer.aidatasports.com\/pt\/players\/Gian-Garc\u00eda-454338\"><img decoding=\"async\" src=\"https:\/\/soccer.aidatasports.com\/images\/players\/454338.png\" alt=\"Gian Garc\u00eda\" onerror=\"this.onerror=null;this.src='https:\/\/soccer.aidatasports.com\/images\/players\/default-player.png';\"><span>Gian Garc\u00eda<\/span><\/a><\/div>\n<div class=\"player\"><a href=\"https:\/\/soccer.aidatasports.com\/pt\/players\/Percy-Liza-39806\"><img decoding=\"async\" src=\"https:\/\/soccer.aidatasports.com\/images\/players\/39806.png\" alt=\"Percy Liza\" onerror=\"this.onerror=null;this.src='https:\/\/soccer.aidatasports.com\/images\/players\/default-player.png';\"><span>Percy Liza<\/span><\/a><\/div>\n<\/div>\n<\/div>\n<\/div>\n<\/div>\n<div id=\"wg-api-football-game\"\n                    data-host=\"xxxxx\"\n                    data-key=\"xxxx\"\n                    data-id=\"1335682\"\n                    data-theme=\"\"\n                    data-refresh=\"15\"\n                    data-show-errors=\"false\"\n                    data-show-logos=\"true\"><br \/>\n                    class=&#8221;wg_loader&#8221;>\n                <\/div>\n<div id=\"wg-api-football-standings\"\n                    data-host=\"xxxx\"\n                    data-key=\"ddddd\"\n                    data-league=\"281\"\n                    data-team=\"\"\n                    data-season=\"2025\"\n                    data-theme=\"\"\n                    data-show-errors=\"false\"\n                    data-show-logos=\"true\"\n                    class=\"wg_loader\">\n                <\/div>\n<p>                <script\n                    type=\"module\"\n                    src=\"https:\/\/soccer.aidatasports.com\/wp-content\/customjs\/widgetslocal.js\">\n                <\/script><\/p>\n","protected":false},"excerpt":{"rendered":"<p>Portugu\u00eas Melgar vence o Cusco por apertado 1-0 Em uma partida disputada no Est\u00e1dio Inca&hellip;<\/p>\n","protected":false},"author":1,"featured_media":79056,"comment_status":"open","ping_status":"open","sticky":false,"template":"","format":"standard","meta":{"content-type":"","pmpro_default_level":"","_lmt_disableupdate":"","_lmt_disable":"","_league":15837,"_fixture":1335682,"penci_pfeatured_image_ratio":"","penci_single_style":"","footnotes":""},"categories":[15837],"tags":[7039,2272],"class_list":["post-79057","post","type-post","status-publish","format-standard","has-post-thumbnail","hentry","category-matches","tag-cusco-peru-10013","tag-fbc-melgar-peru-2554","pmpro-has-access"],"_links":{"self":[{"href":"https:\/\/soccer.aidatasports.com\/pt\/wp-json\/wp\/v2\/posts\/79057"}],"collection":[{"href":"https:\/\/soccer.aidatasports.com\/pt\/wp-json\/wp\/v2\/posts"}],"about":[{"href":"https:\/\/soccer.aidatasports.com\/pt\/wp-json\/wp\/v2\/types\/post"}],"author":[{"embeddable":true,"href":"https:\/\/soccer.aidatasports.com\/pt\/wp-json\/wp\/v2\/users\/1"}],"replies":[{"embeddable":true,"href":"https:\/\/soccer.aidatasports.com\/pt\/wp-json\/wp\/v2\/comments?post=79057"}],"version-history":[{"count":0,"href":"https:\/\/soccer.aidatasports.com\/pt\/wp-json\/wp\/v2\/posts\/79057\/revisions"}],"wp:featuredmedia":[{"embeddable":true,"href":"https:\/\/soccer.aidatasports.com\/pt\/wp-json\/wp\/v2\/media\/79056"}],"wp:attachment":[{"href":"https:\/\/soccer.aidatasports.com\/pt\/wp-json\/wp\/v2\/media?parent=79057"}],"wp:term":[{"taxonomy":"category","embeddable":true,"href":"https:\/\/soccer.aidatasports.com\/pt\/wp-json\/wp\/v2\/categories?post=79057"},{"taxonomy":"post_tag","embeddable":true,"href":"https:\/\/soccer.aidatasports.com\/pt\/wp-json\/wp\/v2\/tags?post=79057"}],"curies":[{"name":"wp","href":"https:\/\/api.w.org\/{rel}","templated":true}]}}