{"id":78720,"date":"2025-02-10T21:30:42","date_gmt":"2025-02-10T21:30:42","guid":{"rendered":"https:\/\/soccer.aidatasports.com\/pt\/uncategorized\/oviedo-vs-eldense-feb-10-2025-1930-utc\/"},"modified":"2025-02-10T21:30:42","modified_gmt":"2025-02-10T21:30:42","slug":"oviedo-vs-eldense-feb-10-2025-1930-utc","status":"publish","type":"post","link":"https:\/\/soccer.aidatasports.com\/pt\/matches\/oviedo-vs-eldense-feb-10-2025-1930-utc\/","title":{"rendered":"Oviedo vs Eldense Feb 10 2025 19:30 UTC"},"content":{"rendered":"<p><strong>Portugu\u00eas<\/strong><\/p>\n<p>O Real Oviedo venceu o Eldense em uma partida disputada no Est\u00e1dio Nuevo Carlos Tartiere, correspondente \u00e0 26\u00aa rodada da Segunda Divis\u00e3o. A partida, marcada pela superioridade do Oviedo na posse de bola (68% contra 32%), terminou com um placar de 2-0 a favor da equipe da casa. Apesar da diferen\u00e7a na posse de bola, o Eldense mostrou resist\u00eancia, embora n\u00e3o tenha conseguido amea\u00e7ar o gol advers\u00e1rio nenhuma vez. O jogo foi tenso, com um total de 29 faltas (16 do Oviedo e 13 do Eldense) e sete cart\u00f5es amarelos: dois para o Oviedo (Pomares e Paraschiv) e cinco para o Eldense (Gamez, Llabres, Fede, Mendez e Ortuno). O Oviedo criou mais chances de gol com 9 chutes (3 no alvo), enquanto o Eldense s\u00f3 conseguiu 5 chutes, todos para fora. A posse de bola e maior efici\u00eancia no ataque deram a vit\u00f3ria ao Real Oviedo em uma partida decidida por uma pequena margem.<\/p>\n<p>Substitui\u00f5es na equipe de oviedo: Aos 56 minutos, D. Paraschiv entrou e P. de la Fuente saiu., Aos 67 minutos, H. Hassan entrou e F. Moyano saiu., Aos 67 minutos, J. Seoane entrou e F. Portillo saiu., Aos 77 minutos, S. Cazorla entrou e C. de la Hoz saiu., Aos 77 minutos, R. Alhassane entrou e C. Pomares saiu. <\/p>\n<p>Substitui\u00f5es na equipe de eldense: Aos 64 minutos, Quintana Nacho entrou e D. Collado saiu., Aos 64 minutos, D. Timor entrou e V. Camarasa saiu., Aos 77 minutos, Fede entrou e J. Llabres saiu., Aos 88 minutos, J. Ortuno entrou e V. Garcia saiu., Aos 88 minutos, R. Parra entrou e F. Gamez saiu. <\/p>\n<p>As equipes se alinharam da seguinte forma:<\/p>\n<div class=\"lineups-container\">\n<style>\n                .lineups-container {\n                    display: flex;\n                    justify-content: space-around;\n                    flex-wrap: wrap;\n                }\n                .team-lineup {\n                    width: 49%;\n                    margin-bottom: 20px;\n                    border: 1px solid #ccc;\n                    padding: 5px;\n                }\n                .team-lineup h3 {\n                    text-align: center;\n                    margin-bottom: 10px;\n                }\n                .players-container {\n                    display: flex;\n                    justify-content: space-between;\n                }\n                .players-container div {\n                    width: 100%;\n                }\n                .player {\n                    display: flex;\n                    align-items: center;\n                    margin-bottom: 5px;\n                }\n                .player img {\n                    width: 30px;\n                    height: 30px;\n                    border-radius: 50%;\n                    margin-right: 10px;\n                }\n                    @media (max-width: 600px) {\n                    .team-lineup {\n                        width: 100%;\n                    }\n                }\n                <\/style>\n<div class=\"team-lineup\">\n<h3>Oviedo<\/h3>\n<p><img decoding=\"async\" src=\"https:\/\/media.api-sports.io\/football\/teams\/718.png\" alt=\"Oviedo\" style=\"width: 50px; height: 50px;\"><\/p>\n<div class=\"players-container\">\n<div>\n<h4>Titulares:<\/h4>\n<div class=\"player\"><a href=\"https:\/\/soccer.aidatasports.com\/pt\/players\/Aar\u00f3n-Escandell-46673\"><img decoding=\"async\" src=\"https:\/\/soccer.aidatasports.com\/images\/players\/46673.png\" alt=\"Aar\u00f3n Escandell\" onerror=\"this.onerror=null;this.src='https:\/\/soccer.aidatasports.com\/images\/players\/default-player.png';\"><span>Aar\u00f3n Escandell<\/span><\/a><\/div>\n<div class=\"player\"><a href=\"https:\/\/soccer.aidatasports.com\/pt\/players\/Nacho-Vidal-46657\"><img decoding=\"async\" src=\"https:\/\/soccer.aidatasports.com\/images\/players\/46657.png\" alt=\"Nacho Vidal\" onerror=\"this.onerror=null;this.src='https:\/\/soccer.aidatasports.com\/images\/players\/default-player.png';\"><span>Nacho Vidal<\/span><\/a><\/div>\n<div class=\"player\"><a href=\"https:\/\/soccer.aidatasports.com\/pt\/players\/David-Costas-47429\"><img decoding=\"async\" src=\"https:\/\/soccer.aidatasports.com\/images\/players\/47429.png\" alt=\"David Costas\" onerror=\"this.onerror=null;this.src='https:\/\/soccer.aidatasports.com\/images\/players\/default-player.png';\"><span>David Costas<\/span><\/a><\/div>\n<div class=\"player\"><a href=\"https:\/\/soccer.aidatasports.com\/pt\/players\/Dani-Calvo-46966\"><img decoding=\"async\" src=\"https:\/\/soccer.aidatasports.com\/images\/players\/46966.png\" alt=\"Dani Calvo\" onerror=\"this.onerror=null;this.src='https:\/\/soccer.aidatasports.com\/images\/players\/default-player.png';\"><span>Dani Calvo<\/span><\/a><\/div>\n<div class=\"player\"><a href=\"https:\/\/soccer.aidatasports.com\/pt\/players\/Carlos-Pomares-47026\"><img decoding=\"async\" src=\"https:\/\/soccer.aidatasports.com\/images\/players\/47026.png\" alt=\"Carlos Pomares\" onerror=\"this.onerror=null;this.src='https:\/\/soccer.aidatasports.com\/images\/players\/default-player.png';\"><span>Carlos Pomares<\/span><\/a><\/div>\n<div class=\"player\"><a href=\"https:\/\/soccer.aidatasports.com\/pt\/players\/Paulino-de-la-Fuente-47369\"><img decoding=\"async\" src=\"https:\/\/soccer.aidatasports.com\/images\/players\/47369.png\" alt=\"Paulino de la Fuente\" onerror=\"this.onerror=null;this.src='https:\/\/soccer.aidatasports.com\/images\/players\/default-player.png';\"><span>Paulino de la Fuente<\/span><\/a><\/div>\n<div class=\"player\"><a href=\"https:\/\/soccer.aidatasports.com\/pt\/players\/C\u00e9sar-de-la-Hoz-46919\"><img decoding=\"async\" src=\"https:\/\/soccer.aidatasports.com\/images\/players\/46919.png\" alt=\"C\u00e9sar de la Hoz\" onerror=\"this.onerror=null;this.src='https:\/\/soccer.aidatasports.com\/images\/players\/default-player.png';\"><span>C\u00e9sar de la Hoz<\/span><\/a><\/div>\n<div class=\"player\"><a href=\"https:\/\/soccer.aidatasports.com\/pt\/players\/Santiago-Colombatto-30927\"><img decoding=\"async\" src=\"https:\/\/soccer.aidatasports.com\/images\/players\/30927.png\" alt=\"Santiago Colombatto\" onerror=\"this.onerror=null;this.src='https:\/\/soccer.aidatasports.com\/images\/players\/default-player.png';\"><span>Santiago Colombatto<\/span><\/a><\/div>\n<div class=\"player\"><a href=\"https:\/\/soccer.aidatasports.com\/pt\/players\/Sebas-Moyano-104894\"><img decoding=\"async\" src=\"https:\/\/soccer.aidatasports.com\/images\/players\/104894.png\" alt=\"Sebas Moyano\" onerror=\"this.onerror=null;this.src='https:\/\/soccer.aidatasports.com\/images\/players\/default-player.png';\"><span>Sebas Moyano<\/span><\/a><\/div>\n<div class=\"player\"><a href=\"https:\/\/soccer.aidatasports.com\/pt\/players\/Francisco-Portillo-47262\"><img decoding=\"async\" src=\"https:\/\/soccer.aidatasports.com\/images\/players\/47262.png\" alt=\"Francisco Portillo\" onerror=\"this.onerror=null;this.src='https:\/\/soccer.aidatasports.com\/images\/players\/default-player.png';\"><span>Francisco Portillo<\/span><\/a><\/div>\n<div class=\"player\"><a href=\"https:\/\/soccer.aidatasports.com\/pt\/players\/Alem\u00e3o-91745\"><img decoding=\"async\" src=\"https:\/\/soccer.aidatasports.com\/images\/players\/91745.png\" alt=\"Alem\u00e3o\" onerror=\"this.onerror=null;this.src='https:\/\/soccer.aidatasports.com\/images\/players\/default-player.png';\"><span>Alem\u00e3o<\/span><\/a><\/div>\n<\/div>\n<div>\n<h4>Suplentes:<\/h4>\n<div class=\"player\"><a href=\"https:\/\/soccer.aidatasports.com\/pt\/players\/Daniel-Paraschiv-42754\"><img decoding=\"async\" src=\"https:\/\/soccer.aidatasports.com\/images\/players\/42754.png\" alt=\"Daniel Paraschiv\" onerror=\"this.onerror=null;this.src='https:\/\/soccer.aidatasports.com\/images\/players\/default-player.png';\"><span>Daniel Paraschiv<\/span><\/a><\/div>\n<div class=\"player\"><a href=\"https:\/\/soccer.aidatasports.com\/pt\/players\/Jaime-Seoane-755\"><img decoding=\"async\" src=\"https:\/\/soccer.aidatasports.com\/images\/players\/755.png\" alt=\"Jaime Seoane\" onerror=\"this.onerror=null;this.src='https:\/\/soccer.aidatasports.com\/images\/players\/default-player.png';\"><span>Jaime Seoane<\/span><\/a><\/div>\n<div class=\"player\"><a href=\"https:\/\/soccer.aidatasports.com\/pt\/players\/Haissem-Hassan-20844\"><img decoding=\"async\" src=\"https:\/\/soccer.aidatasports.com\/images\/players\/20844.png\" alt=\"Haissem Hassan\" onerror=\"this.onerror=null;this.src='https:\/\/soccer.aidatasports.com\/images\/players\/default-player.png';\"><span>Haissem Hassan<\/span><\/a><\/div>\n<div class=\"player\"><a href=\"https:\/\/soccer.aidatasports.com\/pt\/players\/Quentin-Braat-21078\"><img decoding=\"async\" src=\"https:\/\/soccer.aidatasports.com\/images\/players\/21078.png\" alt=\"Quentin Braat\" onerror=\"this.onerror=null;this.src='https:\/\/soccer.aidatasports.com\/images\/players\/default-player.png';\"><span>Quentin Braat<\/span><\/a><\/div>\n<div class=\"player\"><a href=\"https:\/\/soccer.aidatasports.com\/pt\/players\/Lucas-Ahijado-131548\"><img decoding=\"async\" src=\"https:\/\/soccer.aidatasports.com\/images\/players\/131548.png\" alt=\"Lucas Ahijado\" onerror=\"this.onerror=null;this.src='https:\/\/soccer.aidatasports.com\/images\/players\/default-player.png';\"><span>Lucas Ahijado<\/span><\/a><\/div>\n<div class=\"player\"><a href=\"https:\/\/soccer.aidatasports.com\/pt\/players\/Chukwuma-Eze-384207\"><img decoding=\"async\" src=\"https:\/\/soccer.aidatasports.com\/images\/players\/384207.png\" alt=\"Chukwuma Eze\" onerror=\"this.onerror=null;this.src='https:\/\/soccer.aidatasports.com\/images\/players\/default-player.png';\"><span>Chukwuma Eze<\/span><\/a><\/div>\n<div class=\"player\"><a href=\"https:\/\/soccer.aidatasports.com\/pt\/players\/Abdel-Rahim-Alhassane-295223\"><img decoding=\"async\" src=\"https:\/\/soccer.aidatasports.com\/images\/players\/295223.png\" alt=\"Abdel Rahim Alhassane\" onerror=\"this.onerror=null;this.src='https:\/\/soccer.aidatasports.com\/images\/players\/default-player.png';\"><span>Abdel Rahim Alhassane<\/span><\/a><\/div>\n<div class=\"player\"><a href=\"https:\/\/soccer.aidatasports.com\/pt\/players\/Oier-Luengo-107140\"><img decoding=\"async\" src=\"https:\/\/soccer.aidatasports.com\/images\/players\/107140.png\" alt=\"Oier Luengo\" onerror=\"this.onerror=null;this.src='https:\/\/soccer.aidatasports.com\/images\/players\/default-player.png';\"><span>Oier Luengo<\/span><\/a><\/div>\n<div class=\"player\"><a href=\"https:\/\/soccer.aidatasports.com\/pt\/players\/\u00c1lex-Cardero-286564\"><img decoding=\"async\" src=\"https:\/\/soccer.aidatasports.com\/images\/players\/286564.png\" alt=\"\u00c1lex Cardero\" onerror=\"this.onerror=null;this.src='https:\/\/soccer.aidatasports.com\/images\/players\/default-player.png';\"><span>\u00c1lex Cardero<\/span><\/a><\/div>\n<div class=\"player\"><a href=\"https:\/\/soccer.aidatasports.com\/pt\/players\/Santi-Cazorla-1695\"><img decoding=\"async\" src=\"https:\/\/soccer.aidatasports.com\/images\/players\/1695.png\" alt=\"Santi Cazorla\" onerror=\"this.onerror=null;this.src='https:\/\/soccer.aidatasports.com\/images\/players\/default-player.png';\"><span>Santi Cazorla<\/span><\/a><\/div>\n<div class=\"player\"><a href=\"https:\/\/soccer.aidatasports.com\/pt\/players\/Kwasi-Sibo-3608\"><img decoding=\"async\" src=\"https:\/\/soccer.aidatasports.com\/images\/players\/3608.png\" alt=\"Kwasi Sibo\" onerror=\"this.onerror=null;this.src='https:\/\/soccer.aidatasports.com\/images\/players\/default-player.png';\"><span>Kwasi Sibo<\/span><\/a><\/div>\n<\/div>\n<\/div>\n<\/div>\n<div class=\"team-lineup\">\n<h3>Eldense<\/h3>\n<p><img decoding=\"async\" src=\"https:\/\/media.api-sports.io\/football\/teams\/9692.png\" alt=\"Eldense\" style=\"width: 50px; height: 50px;\"><\/p>\n<div class=\"players-container\">\n<div>\n<h4>Titulares:<\/h4>\n<div class=\"player\"><a href=\"https:\/\/soccer.aidatasports.com\/pt\/players\/Dani-Mart\u00edn-46871\"><img decoding=\"async\" src=\"https:\/\/soccer.aidatasports.com\/images\/players\/46871.png\" alt=\"Dani Mart\u00edn\" onerror=\"this.onerror=null;this.src='https:\/\/soccer.aidatasports.com\/images\/players\/default-player.png';\"><span>Dani Mart\u00edn<\/span><\/a><\/div>\n<div class=\"player\"><a href=\"https:\/\/soccer.aidatasports.com\/pt\/players\/Fran-G\u00e1mez-46732\"><img decoding=\"async\" src=\"https:\/\/soccer.aidatasports.com\/images\/players\/46732.png\" alt=\"Fran G\u00e1mez\" onerror=\"this.onerror=null;this.src='https:\/\/soccer.aidatasports.com\/images\/players\/default-player.png';\"><span>Fran G\u00e1mez<\/span><\/a><\/div>\n<div class=\"player\"><a href=\"https:\/\/soccer.aidatasports.com\/pt\/players\/I\u00f1igo-Sebasti\u00e1n-Magana-179266\"><img decoding=\"async\" src=\"https:\/\/soccer.aidatasports.com\/images\/players\/179266.png\" alt=\"I\u00f1igo Sebasti\u00e1n Magana\" onerror=\"this.onerror=null;this.src='https:\/\/soccer.aidatasports.com\/images\/players\/default-player.png';\"><span>I\u00f1igo Sebasti\u00e1n Magana<\/span><\/a><\/div>\n<div class=\"player\"><a href=\"https:\/\/soccer.aidatasports.com\/pt\/players\/Matia-Barzi\u0107-436785\"><img decoding=\"async\" src=\"https:\/\/soccer.aidatasports.com\/images\/players\/436785.png\" alt=\"Matia Barzi\u0107\" onerror=\"this.onerror=null;this.src='https:\/\/soccer.aidatasports.com\/images\/players\/default-player.png';\"><span>Matia Barzi\u0107<\/span><\/a><\/div>\n<div class=\"player\"><a href=\"https:\/\/soccer.aidatasports.com\/pt\/players\/Marc-Mateu-47139\"><img decoding=\"async\" src=\"https:\/\/soccer.aidatasports.com\/images\/players\/47139.png\" alt=\"Marc Mateu\" onerror=\"this.onerror=null;this.src='https:\/\/soccer.aidatasports.com\/images\/players\/default-player.png';\"><span>Marc Mateu<\/span><\/a><\/div>\n<div class=\"player\"><a href=\"https:\/\/soccer.aidatasports.com\/pt\/players\/Sergio-Ortu\u00f1o-128035\"><img decoding=\"async\" src=\"https:\/\/soccer.aidatasports.com\/images\/players\/128035.png\" alt=\"Sergio Ortu\u00f1o\" onerror=\"this.onerror=null;this.src='https:\/\/soccer.aidatasports.com\/images\/players\/default-player.png';\"><span>Sergio Ortu\u00f1o<\/span><\/a><\/div>\n<div class=\"player\"><a href=\"https:\/\/soccer.aidatasports.com\/pt\/players\/Diego-Mendez-333378\"><img decoding=\"async\" src=\"https:\/\/soccer.aidatasports.com\/images\/players\/333378.png\" alt=\"Diego Mendez\" onerror=\"this.onerror=null;this.src='https:\/\/soccer.aidatasports.com\/images\/players\/default-player.png';\"><span>Diego Mendez<\/span><\/a><\/div>\n<div class=\"player\"><a href=\"https:\/\/soccer.aidatasports.com\/pt\/players\/V\u00edctor-Camarasa-18998\"><img decoding=\"async\" src=\"https:\/\/soccer.aidatasports.com\/images\/players\/18998.png\" alt=\"V\u00edctor Camarasa\" onerror=\"this.onerror=null;this.src='https:\/\/soccer.aidatasports.com\/images\/players\/default-player.png';\"><span>V\u00edctor Camarasa<\/span><\/a><\/div>\n<div class=\"player\"><a href=\"https:\/\/soccer.aidatasports.com\/pt\/players\/V\u00edctor-Garc\u00eda-46790\"><img decoding=\"async\" src=\"https:\/\/soccer.aidatasports.com\/images\/players\/46790.png\" alt=\"V\u00edctor Garc\u00eda\" onerror=\"this.onerror=null;this.src='https:\/\/soccer.aidatasports.com\/images\/players\/default-player.png';\"><span>V\u00edctor Garc\u00eda<\/span><\/a><\/div>\n<div class=\"player\"><a href=\"https:\/\/soccer.aidatasports.com\/pt\/players\/Diego-Collado-182685\"><img decoding=\"async\" src=\"https:\/\/soccer.aidatasports.com\/images\/players\/182685.png\" alt=\"Diego Collado\" onerror=\"this.onerror=null;this.src='https:\/\/soccer.aidatasports.com\/images\/players\/default-player.png';\"><span>Diego Collado<\/span><\/a><\/div>\n<div class=\"player\"><a href=\"https:\/\/soccer.aidatasports.com\/pt\/players\/Javi-Llabr\u00e9s-293604\"><img decoding=\"async\" src=\"https:\/\/soccer.aidatasports.com\/images\/players\/293604.png\" alt=\"Javi Llabr\u00e9s\" onerror=\"this.onerror=null;this.src='https:\/\/soccer.aidatasports.com\/images\/players\/default-player.png';\"><span>Javi Llabr\u00e9s<\/span><\/a><\/div>\n<\/div>\n<div>\n<h4>Suplentes:<\/h4>\n<div class=\"player\"><a href=\"https:\/\/soccer.aidatasports.com\/pt\/players\/David-Timor-47010\"><img decoding=\"async\" src=\"https:\/\/soccer.aidatasports.com\/images\/players\/47010.png\" alt=\"David Timor\" onerror=\"this.onerror=null;this.src='https:\/\/soccer.aidatasports.com\/images\/players\/default-player.png';\"><span>David Timor<\/span><\/a><\/div>\n<div class=\"player\"><a href=\"https:\/\/soccer.aidatasports.com\/pt\/players\/Nacho-Quintana-161962\"><img decoding=\"async\" src=\"https:\/\/soccer.aidatasports.com\/images\/players\/161962.png\" alt=\"Nacho Quintana\" onerror=\"this.onerror=null;this.src='https:\/\/soccer.aidatasports.com\/images\/players\/default-player.png';\"><span>Nacho Quintana<\/span><\/a><\/div>\n<div class=\"player\"><a href=\"https:\/\/soccer.aidatasports.com\/pt\/players\/Alvaro-Aceves-Catalina-309917\"><img decoding=\"async\" src=\"https:\/\/soccer.aidatasports.com\/images\/players\/309917.png\" alt=\"Alvaro Aceves Catalina\" onerror=\"this.onerror=null;this.src='https:\/\/soccer.aidatasports.com\/images\/players\/default-player.png';\"><span>Alvaro Aceves Catalina<\/span><\/a><\/div>\n<div class=\"player\"><a href=\"https:\/\/soccer.aidatasports.com\/pt\/players\/Ian-Mackay-Abad-122811\"><img decoding=\"async\" src=\"https:\/\/soccer.aidatasports.com\/images\/players\/122811.png\" alt=\"Ian Mackay Abad\" onerror=\"this.onerror=null;this.src='https:\/\/soccer.aidatasports.com\/images\/players\/default-player.png';\"><span>Ian Mackay Abad<\/span><\/a><\/div>\n<div class=\"player\"><a href=\"https:\/\/soccer.aidatasports.com\/pt\/players\/Ra\u00fal-Parra-185810\"><img decoding=\"async\" src=\"https:\/\/soccer.aidatasports.com\/images\/players\/185810.png\" alt=\"Ra\u00fal Parra\" onerror=\"this.onerror=null;this.src='https:\/\/soccer.aidatasports.com\/images\/players\/default-player.png';\"><span>Ra\u00fal Parra<\/span><\/a><\/div>\n<div class=\"player\"><a href=\"https:\/\/soccer.aidatasports.com\/pt\/players\/Nacho-Monsalve-36834\"><img decoding=\"async\" src=\"https:\/\/soccer.aidatasports.com\/images\/players\/36834.png\" alt=\"Nacho Monsalve\" onerror=\"this.onerror=null;this.src='https:\/\/soccer.aidatasports.com\/images\/players\/default-player.png';\"><span>Nacho Monsalve<\/span><\/a><\/div>\n<div class=\"player\"><a href=\"https:\/\/soccer.aidatasports.com\/pt\/players\/Iv\u00e1n-Martos-46910\"><img decoding=\"async\" src=\"https:\/\/soccer.aidatasports.com\/images\/players\/46910.png\" alt=\"Iv\u00e1n Martos\" onerror=\"this.onerror=null;this.src='https:\/\/soccer.aidatasports.com\/images\/players\/default-player.png';\"><span>Iv\u00e1n Martos<\/span><\/a><\/div>\n<div class=\"player\"><a href=\"https:\/\/soccer.aidatasports.com\/pt\/players\/Alex-Bernal-181248\"><img decoding=\"async\" src=\"https:\/\/soccer.aidatasports.com\/images\/players\/181248.png\" alt=\"Alex Bernal\" onerror=\"this.onerror=null;this.src='https:\/\/soccer.aidatasports.com\/images\/players\/default-player.png';\"><span>Alex Bernal<\/span><\/a><\/div>\n<div class=\"player\"><a href=\"https:\/\/soccer.aidatasports.com\/pt\/players\/Fede-Vico-46693\"><img decoding=\"async\" src=\"https:\/\/soccer.aidatasports.com\/images\/players\/46693.png\" alt=\"Fede Vico\" onerror=\"this.onerror=null;this.src='https:\/\/soccer.aidatasports.com\/images\/players\/default-player.png';\"><span>Fede Vico<\/span><\/a><\/div>\n<div class=\"player\"><a href=\"https:\/\/soccer.aidatasports.com\/pt\/players\/Sekou-Gassama-104865\"><img decoding=\"async\" src=\"https:\/\/soccer.aidatasports.com\/images\/players\/104865.png\" alt=\"Sekou Gassama\" onerror=\"this.onerror=null;this.src='https:\/\/soccer.aidatasports.com\/images\/players\/default-player.png';\"><span>Sekou Gassama<\/span><\/a><\/div>\n<div class=\"player\"><a href=\"https:\/\/soccer.aidatasports.com\/pt\/players\/Juanto-Ortu\u00f1o-104425\"><img decoding=\"async\" src=\"https:\/\/soccer.aidatasports.com\/images\/players\/104425.png\" alt=\"Juanto Ortu\u00f1o\" onerror=\"this.onerror=null;this.src='https:\/\/soccer.aidatasports.com\/images\/players\/default-player.png';\"><span>Juanto Ortu\u00f1o<\/span><\/a><\/div>\n<div class=\"player\"><a href=\"https:\/\/soccer.aidatasports.com\/pt\/players\/Simo-Bouzaidi-163416\"><img decoding=\"async\" src=\"https:\/\/soccer.aidatasports.com\/images\/players\/163416.png\" alt=\"Simo Bouzaidi\" onerror=\"this.onerror=null;this.src='https:\/\/soccer.aidatasports.com\/images\/players\/default-player.png';\"><span>Simo Bouzaidi<\/span><\/a><\/div>\n<\/div>\n<\/div>\n<\/div>\n<\/div>\n<div id=\"wg-api-football-game\"\n                    data-host=\"xxxxx\"\n                    data-key=\"xxxx\"\n                    data-id=\"1217783\"\n                    data-theme=\"\"\n                    data-refresh=\"15\"\n                    data-show-errors=\"false\"\n                    data-show-logos=\"true\"><br \/>\n                    class=&#8221;wg_loader&#8221;>\n                <\/div>\n<div id=\"wg-api-football-standings\"\n                    data-host=\"xxxx\"\n                    data-key=\"ddddd\"\n                    data-league=\"141\"\n                    data-team=\"\"\n                    data-season=\"2024\"\n                    data-theme=\"\"\n                    data-show-errors=\"false\"\n                    data-show-logos=\"true\"\n                    class=\"wg_loader\">\n                <\/div>\n<p>                <script\n                    type=\"module\"\n                    src=\"https:\/\/soccer.aidatasports.com\/wp-content\/customjs\/widgetslocal.js\">\n                <\/script><\/p>\n","protected":false},"excerpt":{"rendered":"<p>Portugu\u00eas O Real Oviedo venceu o Eldense em uma partida disputada no Est\u00e1dio Nuevo Carlos&hellip;<\/p>\n","protected":false},"author":1,"featured_media":78719,"comment_status":"open","ping_status":"open","sticky":false,"template":"","format":"standard","meta":{"content-type":"","pmpro_default_level":"","_lmt_disableupdate":"","_lmt_disable":"","_league":15837,"_fixture":1217783,"penci_pfeatured_image_ratio":"","penci_single_style":"","footnotes":""},"categories":[15837],"tags":[6823,804],"class_list":["post-78720","post","type-post","status-publish","format-standard","has-post-thumbnail","hentry","category-matches","tag-eldense-spain-9692","tag-oviedo-spain-718","pmpro-has-access"],"_links":{"self":[{"href":"https:\/\/soccer.aidatasports.com\/pt\/wp-json\/wp\/v2\/posts\/78720"}],"collection":[{"href":"https:\/\/soccer.aidatasports.com\/pt\/wp-json\/wp\/v2\/posts"}],"about":[{"href":"https:\/\/soccer.aidatasports.com\/pt\/wp-json\/wp\/v2\/types\/post"}],"author":[{"embeddable":true,"href":"https:\/\/soccer.aidatasports.com\/pt\/wp-json\/wp\/v2\/users\/1"}],"replies":[{"embeddable":true,"href":"https:\/\/soccer.aidatasports.com\/pt\/wp-json\/wp\/v2\/comments?post=78720"}],"version-history":[{"count":0,"href":"https:\/\/soccer.aidatasports.com\/pt\/wp-json\/wp\/v2\/posts\/78720\/revisions"}],"wp:featuredmedia":[{"embeddable":true,"href":"https:\/\/soccer.aidatasports.com\/pt\/wp-json\/wp\/v2\/media\/78719"}],"wp:attachment":[{"href":"https:\/\/soccer.aidatasports.com\/pt\/wp-json\/wp\/v2\/media?parent=78720"}],"wp:term":[{"taxonomy":"category","embeddable":true,"href":"https:\/\/soccer.aidatasports.com\/pt\/wp-json\/wp\/v2\/categories?post=78720"},{"taxonomy":"post_tag","embeddable":true,"href":"https:\/\/soccer.aidatasports.com\/pt\/wp-json\/wp\/v2\/tags?post=78720"}],"curies":[{"name":"wp","href":"https:\/\/api.w.org\/{rel}","templated":true}]}}