{"id":72846,"date":"2024-10-28T20:01:16","date_gmt":"2024-10-28T20:01:16","guid":{"rendered":"https:\/\/soccer.aidatasports.com\/pt\/uncategorized\/mafra-vs-uniao-de-leiria-oct-28-2024-1800-utc\/"},"modified":"2024-10-28T20:01:16","modified_gmt":"2024-10-28T20:01:16","slug":"mafra-vs-uniao-de-leiria-oct-28-2024-1800-utc","status":"publish","type":"post","link":"https:\/\/soccer.aidatasports.com\/pt\/matches\/mafra-vs-uniao-de-leiria-oct-28-2024-1800-utc\/","title":{"rendered":"Mafra vs Uni\u00e3o de Leiria Oct 28 2024 18:00 UTC"},"content":{"rendered":"<p>**<\/p>\n<h1>Mafra e Uni\u00e3o de Leiria empatam em jogo emocionante<\/h1>\n<p><strong>Mafra e Uni\u00e3o de Leiria empataram em 2-2 num jogo emocionante que se realizou no Est\u00e1dio Municipal de Mafra no dia 28 de outubro de 2024.<\/strong><\/p>\n<p>O jogo come\u00e7ou com um ritmo intenso, com ambas as equipas a terem oportunidades de golo. No entanto, foi o Mafra que abriu o marcador aos 34 minutos, com um grande golo de Samuel Iheanacho.<\/p>\n<p>A Uni\u00e3o de Leiria reagiu aos 47 minutos, empatando o marcador com um golo de Iheanacho, mas rapidamente voltou a colocar-se em vantagem aos 52 minutos com um golo de Crystopher.<\/p>\n<p>O jogo continuou a ser muito disputado e aos 85 minutos, a Uni\u00e3o de Leiria teve a oportunidade de ampliar a sua vantagem atrav\u00e9s de um pen\u00e1lti, mas D. dos Anjos falhou a cobran\u00e7a.<\/p>\n<p>O Mafra aproveitou a oportunidade e conseguiu empatar o jogo aos 87 minutos com um golo de F. Etim.<\/p>\n<p>Ambas as equipas procuraram a vit\u00f3ria nos minutos finais, mas o marcador n\u00e3o se alterou e o jogo terminou num emocionante 2-2.<\/p>\n<p>**<\/p>\n<p>Substitui\u00f5es na equipe de uni\u00e3o de leiria: Aos 46 minutos, Alisson Santos entrou e Ze Vitor saiu., Aos 66 minutos, J. Munoz entrou e J. Silva saiu., Aos 66 minutos, S. Singh entrou e D. D&#8217;Avilla saiu., Aos 80 minutos, M. Baixinho entrou e H. Sylla saiu., Aos 81 minutos, J. Resende entrou e Crystopher saiu. <\/p>\n<p>Substitui\u00f5es na equipe de mafra: Aos 74 minutos, M. Fale entrou e S. Iheanacho saiu., Aos 86 minutos, J. Kolawole entrou e Chriso saiu., Aos 90 minutos, A. Kamara entrou e A. Nibe saiu., Aos 90 minutos, P. Pereira entrou e F. Etim saiu. <\/p>\n<p>As equipes se alinharam da seguinte forma:<\/p>\n<div class=\"lineups-container\">\n<style>\n                .lineups-container {\n                    display: flex;\n                    justify-content: space-around;\n                    flex-wrap: wrap;\n                }\n                .team-lineup {\n                    width: 49%;\n                    margin-bottom: 20px;\n                    border: 1px solid #ccc;\n                    padding: 5px;\n                }\n                .team-lineup h3 {\n                    text-align: center;\n                    margin-bottom: 10px;\n                }\n                .players-container {\n                    display: flex;\n                    justify-content: space-between;\n                }\n                .players-container div {\n                    width: 100%;\n                }\n                .player {\n                    display: flex;\n                    align-items: center;\n                    margin-bottom: 5px;\n                }\n                .player img {\n                    width: 30px;\n                    height: 30px;\n                    border-radius: 50%;\n                    margin-right: 10px;\n                }\n                    @media (max-width: 600px) {\n                    .team-lineup {\n                        width: 100%;\n                    }\n                }\n                <\/style>\n<div class=\"team-lineup\">\n<h3>Mafra<\/h3>\n<p><img decoding=\"async\" src=\"https:\/\/media.api-sports.io\/football\/teams\/245.png\" alt=\"Mafra\" style=\"width: 50px; height: 50px;\"><\/p>\n<div class=\"players-container\">\n<div>\n<h4>Titulares:<\/h4>\n<div class=\"player\"><a href=\"https:\/\/soccer.aidatasports.com\/pt\/players\/Martin-Fraisl-43202\"><img decoding=\"async\" src=\"https:\/\/soccer.aidatasports.com\/images\/players\/43202.png\" alt=\"Martin Fraisl\" onerror=\"this.onerror=null;this.src='https:\/\/soccer.aidatasports.com\/images\/players\/default-player.png';\"><span>Martin Fraisl<\/span><\/a><\/div>\n<div class=\"player\"><a href=\"https:\/\/soccer.aidatasports.com\/pt\/players\/Pontus-Texel-340613\"><img decoding=\"async\" src=\"https:\/\/soccer.aidatasports.com\/images\/players\/340613.png\" alt=\"Pontus Texel\" onerror=\"this.onerror=null;this.src='https:\/\/soccer.aidatasports.com\/images\/players\/default-player.png';\"><span>Pontus Texel<\/span><\/a><\/div>\n<div class=\"player\"><a href=\"https:\/\/soccer.aidatasports.com\/pt\/players\/Bryan-Passi-21573\"><img decoding=\"async\" src=\"https:\/\/soccer.aidatasports.com\/images\/players\/21573.png\" alt=\"Bryan Passi\" onerror=\"this.onerror=null;this.src='https:\/\/soccer.aidatasports.com\/images\/players\/default-player.png';\"><span>Bryan Passi<\/span><\/a><\/div>\n<div class=\"player\"><a href=\"https:\/\/soccer.aidatasports.com\/pt\/players\/Diogo-Capit\u00e3o-278723\"><img decoding=\"async\" src=\"https:\/\/soccer.aidatasports.com\/images\/players\/278723.png\" alt=\"Diogo Capit\u00e3o\" onerror=\"this.onerror=null;this.src='https:\/\/soccer.aidatasports.com\/images\/players\/default-player.png';\"><span>Diogo Capit\u00e3o<\/span><\/a><\/div>\n<div class=\"player\"><a href=\"https:\/\/soccer.aidatasports.com\/pt\/players\/Beni-Junior-435266\"><img decoding=\"async\" src=\"https:\/\/soccer.aidatasports.com\/images\/players\/435266.png\" alt=\"Beni Junior\" onerror=\"this.onerror=null;this.src='https:\/\/soccer.aidatasports.com\/images\/players\/default-player.png';\"><span>Beni Junior<\/span><\/a><\/div>\n<div class=\"player\"><a href=\"https:\/\/soccer.aidatasports.com\/pt\/players\/Chris-Kouakou-49453\"><img decoding=\"async\" src=\"https:\/\/soccer.aidatasports.com\/images\/players\/49453.png\" alt=\"Chris Kouakou\" onerror=\"this.onerror=null;this.src='https:\/\/soccer.aidatasports.com\/images\/players\/default-player.png';\"><span>Chris Kouakou<\/span><\/a><\/div>\n<div class=\"player\"><a href=\"https:\/\/soccer.aidatasports.com\/pt\/players\/Yacouba-Maiga-477357\"><img decoding=\"async\" src=\"https:\/\/soccer.aidatasports.com\/images\/players\/477357.png\" alt=\"Yacouba Maiga\" onerror=\"this.onerror=null;this.src='https:\/\/soccer.aidatasports.com\/images\/players\/default-player.png';\"><span>Yacouba Maiga<\/span><\/a><\/div>\n<div class=\"player\"><a href=\"https:\/\/soccer.aidatasports.com\/pt\/players\/Stanley-Iheanacho-438628\"><img decoding=\"async\" src=\"https:\/\/soccer.aidatasports.com\/images\/players\/438628.png\" alt=\"Stanley Iheanacho\" onerror=\"this.onerror=null;this.src='https:\/\/soccer.aidatasports.com\/images\/players\/default-player.png';\"><span>Stanley Iheanacho<\/span><\/a><\/div>\n<div class=\"player\"><a href=\"https:\/\/soccer.aidatasports.com\/pt\/players\/Andreas-Hansen-340611\"><img decoding=\"async\" src=\"https:\/\/soccer.aidatasports.com\/images\/players\/340611.png\" alt=\"Andreas Hansen\" onerror=\"this.onerror=null;this.src='https:\/\/soccer.aidatasports.com\/images\/players\/default-player.png';\"><span>Andreas Hansen<\/span><\/a><\/div>\n<div class=\"player\"><a href=\"https:\/\/soccer.aidatasports.com\/pt\/players\/Guilherme-41800\"><img decoding=\"async\" src=\"https:\/\/soccer.aidatasports.com\/images\/players\/41800.png\" alt=\"Guilherme\" onerror=\"this.onerror=null;this.src='https:\/\/soccer.aidatasports.com\/images\/players\/default-player.png';\"><span>Guilherme<\/span><\/a><\/div>\n<div class=\"player\"><a href=\"https:\/\/soccer.aidatasports.com\/pt\/players\/Friday-Etim-351146\"><img decoding=\"async\" src=\"https:\/\/soccer.aidatasports.com\/images\/players\/351146.png\" alt=\"Friday Etim\" onerror=\"this.onerror=null;this.src='https:\/\/soccer.aidatasports.com\/images\/players\/default-player.png';\"><span>Friday Etim<\/span><\/a><\/div>\n<\/div>\n<div>\n<h4>Suplentes:<\/h4>\n<div class=\"player\"><a href=\"https:\/\/soccer.aidatasports.com\/pt\/players\/Francisco-Lemos-380235\"><img decoding=\"async\" src=\"https:\/\/soccer.aidatasports.com\/images\/players\/380235.png\" alt=\"Francisco Lemos\" onerror=\"this.onerror=null;this.src='https:\/\/soccer.aidatasports.com\/images\/players\/default-player.png';\"><span>Francisco Lemos<\/span><\/a><\/div>\n<div class=\"player\"><a href=\"https:\/\/soccer.aidatasports.com\/pt\/players\/Pedro-Pereira-410261\"><img decoding=\"async\" src=\"https:\/\/soccer.aidatasports.com\/images\/players\/410261.png\" alt=\"Pedro Pereira\" onerror=\"this.onerror=null;this.src='https:\/\/soccer.aidatasports.com\/images\/players\/default-player.png';\"><span>Pedro Pereira<\/span><\/a><\/div>\n<div class=\"player\"><a href=\"https:\/\/soccer.aidatasports.com\/pt\/players\/F\u00e1bio-Baptista-161936\"><img decoding=\"async\" src=\"https:\/\/soccer.aidatasports.com\/images\/players\/161936.png\" alt=\"F\u00e1bio Baptista\" onerror=\"this.onerror=null;this.src='https:\/\/soccer.aidatasports.com\/images\/players\/default-player.png';\"><span>F\u00e1bio Baptista<\/span><\/a><\/div>\n<div class=\"player\"><a href=\"https:\/\/soccer.aidatasports.com\/pt\/players\/V\u00edtor-Gon\u00e7alves-41473\"><img decoding=\"async\" src=\"https:\/\/soccer.aidatasports.com\/images\/players\/41473.png\" alt=\"V\u00edtor Gon\u00e7alves\" onerror=\"this.onerror=null;this.src='https:\/\/soccer.aidatasports.com\/images\/players\/default-player.png';\"><span>V\u00edtor Gon\u00e7alves<\/span><\/a><\/div>\n<div class=\"player\"><a href=\"https:\/\/soccer.aidatasports.com\/pt\/players\/Rodrigo-Matos-335055\"><img decoding=\"async\" src=\"https:\/\/soccer.aidatasports.com\/images\/players\/335055.png\" alt=\"Rodrigo Matos\" onerror=\"this.onerror=null;this.src='https:\/\/soccer.aidatasports.com\/images\/players\/default-player.png';\"><span>Rodrigo Matos<\/span><\/a><\/div>\n<div class=\"player\"><a href=\"https:\/\/soccer.aidatasports.com\/pt\/players\/Miguel-Fal\u00e9-279102\"><img decoding=\"async\" src=\"https:\/\/soccer.aidatasports.com\/images\/players\/279102.png\" alt=\"Miguel Fal\u00e9\" onerror=\"this.onerror=null;this.src='https:\/\/soccer.aidatasports.com\/images\/players\/default-player.png';\"><span>Miguel Fal\u00e9<\/span><\/a><\/div>\n<div class=\"player\"><a href=\"https:\/\/soccer.aidatasports.com\/pt\/players\/Oluwatomiwa-Kolawole-401543\"><img decoding=\"async\" src=\"https:\/\/soccer.aidatasports.com\/images\/players\/401543.png\" alt=\"Oluwatomiwa Kolawole\" onerror=\"this.onerror=null;this.src='https:\/\/soccer.aidatasports.com\/images\/players\/default-player.png';\"><span>Oluwatomiwa Kolawole<\/span><\/a><\/div>\n<div class=\"player\"><a href=\"https:\/\/soccer.aidatasports.com\/pt\/players\/Jose-Marques-381714\"><img decoding=\"async\" src=\"https:\/\/soccer.aidatasports.com\/images\/players\/381714.png\" alt=\"Jose Marques\" onerror=\"this.onerror=null;this.src='https:\/\/soccer.aidatasports.com\/images\/players\/default-player.png';\"><span>Jose Marques<\/span><\/a><\/div>\n<div class=\"player\"><a href=\"https:\/\/soccer.aidatasports.com\/pt\/players\/Alhaji-Kamara-15762\"><img decoding=\"async\" src=\"https:\/\/soccer.aidatasports.com\/images\/players\/15762.png\" alt=\"Alhaji Kamara\" onerror=\"this.onerror=null;this.src='https:\/\/soccer.aidatasports.com\/images\/players\/default-player.png';\"><span>Alhaji Kamara<\/span><\/a><\/div>\n<\/div>\n<\/div>\n<\/div>\n<div class=\"team-lineup\">\n<h3>Uni\u00e3o de Leiria<\/h3>\n<p><img decoding=\"async\" src=\"https:\/\/media.api-sports.io\/football\/teams\/4662.png\" alt=\"Uni\u00e3o de Leiria\" style=\"width: 50px; height: 50px;\"><\/p>\n<div class=\"players-container\">\n<div>\n<h4>Titulares:<\/h4>\n<div class=\"player\"><a href=\"https:\/\/soccer.aidatasports.com\/pt\/players\/Pawe\u0142-Kieszek-46811\"><img decoding=\"async\" src=\"https:\/\/soccer.aidatasports.com\/images\/players\/46811.png\" alt=\"Pawe\u0142 Kieszek\" onerror=\"this.onerror=null;this.src='https:\/\/soccer.aidatasports.com\/images\/players\/default-player.png';\"><span>Pawe\u0142 Kieszek<\/span><\/a><\/div>\n<div class=\"player\"><a href=\"https:\/\/soccer.aidatasports.com\/pt\/players\/Z\u00e9-Vitor-352387\"><img decoding=\"async\" src=\"https:\/\/soccer.aidatasports.com\/images\/players\/352387.png\" alt=\"Z\u00e9 Vitor\" onerror=\"this.onerror=null;this.src='https:\/\/soccer.aidatasports.com\/images\/players\/default-player.png';\"><span>Z\u00e9 Vitor<\/span><\/a><\/div>\n<div class=\"player\"><a href=\"https:\/\/soccer.aidatasports.com\/pt\/players\/Tiago-Ferreira-43044\"><img decoding=\"async\" src=\"https:\/\/soccer.aidatasports.com\/images\/players\/43044.png\" alt=\"Tiago Ferreira\" onerror=\"this.onerror=null;this.src='https:\/\/soccer.aidatasports.com\/images\/players\/default-player.png';\"><span>Tiago Ferreira<\/span><\/a><\/div>\n<div class=\"player\"><a href=\"https:\/\/soccer.aidatasports.com\/pt\/players\/Victor-Rofino-336955\"><img decoding=\"async\" src=\"https:\/\/soccer.aidatasports.com\/images\/players\/336955.png\" alt=\"Victor Rofino\" onerror=\"this.onerror=null;this.src='https:\/\/soccer.aidatasports.com\/images\/players\/default-player.png';\"><span>Victor Rofino<\/span><\/a><\/div>\n<div class=\"player\"><a href=\"https:\/\/soccer.aidatasports.com\/pt\/players\/Habib-Sylla-279280\"><img decoding=\"async\" src=\"https:\/\/soccer.aidatasports.com\/images\/players\/279280.png\" alt=\"Habib Sylla\" onerror=\"this.onerror=null;this.src='https:\/\/soccer.aidatasports.com\/images\/players\/default-player.png';\"><span>Habib Sylla<\/span><\/a><\/div>\n<div class=\"player\"><a href=\"https:\/\/soccer.aidatasports.com\/pt\/players\/Ryan-306063\"><img decoding=\"async\" src=\"https:\/\/soccer.aidatasports.com\/images\/players\/306063.png\" alt=\"Ryan\" onerror=\"this.onerror=null;this.src='https:\/\/soccer.aidatasports.com\/images\/players\/default-player.png';\"><span>Ryan<\/span><\/a><\/div>\n<div class=\"player\"><a href=\"https:\/\/soccer.aidatasports.com\/pt\/players\/Dje-Tah-D'Avilla-355405\"><img decoding=\"async\" src=\"https:\/\/soccer.aidatasports.com\/images\/players\/355405.png\" alt=\"Dje Tah D'Avilla\" onerror=\"this.onerror=null;this.src='https:\/\/soccer.aidatasports.com\/images\/players\/default-player.png';\"><span>Dje Tah D&#8217;Avilla<\/span><\/a><\/div>\n<div class=\"player\"><a href=\"https:\/\/soccer.aidatasports.com\/pt\/players\/Crystopher-54760\"><img decoding=\"async\" src=\"https:\/\/soccer.aidatasports.com\/images\/players\/54760.png\" alt=\"Crystopher\" onerror=\"this.onerror=null;this.src='https:\/\/soccer.aidatasports.com\/images\/players\/default-player.png';\"><span>Crystopher<\/span><\/a><\/div>\n<div class=\"player\"><a href=\"https:\/\/soccer.aidatasports.com\/pt\/players\/Marc-Bar\u00f3-179070\"><img decoding=\"async\" src=\"https:\/\/soccer.aidatasports.com\/images\/players\/179070.png\" alt=\"Marc Bar\u00f3\" onerror=\"this.onerror=null;this.src='https:\/\/soccer.aidatasports.com\/images\/players\/default-player.png';\"><span>Marc Bar\u00f3<\/span><\/a><\/div>\n<div class=\"player\"><a href=\"https:\/\/soccer.aidatasports.com\/pt\/players\/Daniel-dos-Anjos-41591\"><img decoding=\"async\" src=\"https:\/\/soccer.aidatasports.com\/images\/players\/41591.png\" alt=\"Daniel dos Anjos\" onerror=\"this.onerror=null;this.src='https:\/\/soccer.aidatasports.com\/images\/players\/default-player.png';\"><span>Daniel dos Anjos<\/span><\/a><\/div>\n<div class=\"player\"><a href=\"https:\/\/soccer.aidatasports.com\/pt\/players\/Jair-da-Silva-279326\"><img decoding=\"async\" src=\"https:\/\/soccer.aidatasports.com\/images\/players\/279326.png\" alt=\"Jair da Silva\" onerror=\"this.onerror=null;this.src='https:\/\/soccer.aidatasports.com\/images\/players\/default-player.png';\"><span>Jair da Silva<\/span><\/a><\/div>\n<\/div>\n<div>\n<h4>Suplentes:<\/h4>\n<div class=\"player\"><a href=\"https:\/\/soccer.aidatasports.com\/pt\/players\/F\u00e1bio-Ferreira-142194\"><img decoding=\"async\" src=\"https:\/\/soccer.aidatasports.com\/images\/players\/142194.png\" alt=\"F\u00e1bio Ferreira\" onerror=\"this.onerror=null;this.src='https:\/\/soccer.aidatasports.com\/images\/players\/default-player.png';\"><span>F\u00e1bio Ferreira<\/span><\/a><\/div>\n<div class=\"player\"><a href=\"https:\/\/soccer.aidatasports.com\/pt\/players\/Marco-Baixinho-41516\"><img decoding=\"async\" src=\"https:\/\/soccer.aidatasports.com\/images\/players\/41516.png\" alt=\"Marco Baixinho\" onerror=\"this.onerror=null;this.src='https:\/\/soccer.aidatasports.com\/images\/players\/default-player.png';\"><span>Marco Baixinho<\/span><\/a><\/div>\n<div class=\"player\"><a href=\"https:\/\/soccer.aidatasports.com\/pt\/players\/Kaka-116559\"><img decoding=\"async\" src=\"https:\/\/soccer.aidatasports.com\/images\/players\/116559.png\" alt=\"Kaka\" onerror=\"this.onerror=null;this.src='https:\/\/soccer.aidatasports.com\/images\/players\/default-player.png';\"><span>Kaka<\/span><\/a><\/div>\n<div class=\"player\"><a href=\"https:\/\/soccer.aidatasports.com\/pt\/players\/Diogo-Amado-42303\"><img decoding=\"async\" src=\"https:\/\/soccer.aidatasports.com\/images\/players\/42303.png\" alt=\"Diogo Amado\" onerror=\"this.onerror=null;this.src='https:\/\/soccer.aidatasports.com\/images\/players\/default-player.png';\"><span>Diogo Amado<\/span><\/a><\/div>\n<div class=\"player\"><a href=\"https:\/\/soccer.aidatasports.com\/pt\/players\/Alisson-Santos-310943\"><img decoding=\"async\" src=\"https:\/\/soccer.aidatasports.com\/images\/players\/310943.png\" alt=\"Alisson Santos\" onerror=\"this.onerror=null;this.src='https:\/\/soccer.aidatasports.com\/images\/players\/default-player.png';\"><span>Alisson Santos<\/span><\/a><\/div>\n<div class=\"player\"><a href=\"https:\/\/soccer.aidatasports.com\/pt\/players\/Sarpreet-Singh-6935\"><img decoding=\"async\" src=\"https:\/\/soccer.aidatasports.com\/images\/players\/6935.png\" alt=\"Sarpreet Singh\" onerror=\"this.onerror=null;this.src='https:\/\/soccer.aidatasports.com\/images\/players\/default-player.png';\"><span>Sarpreet Singh<\/span><\/a><\/div>\n<div class=\"player\"><a href=\"https:\/\/soccer.aidatasports.com\/pt\/players\/Matheus-Alessandro-10433\"><img decoding=\"async\" src=\"https:\/\/soccer.aidatasports.com\/images\/players\/10433.png\" alt=\"Matheus Alessandro\" onerror=\"this.onerror=null;this.src='https:\/\/soccer.aidatasports.com\/images\/players\/default-player.png';\"><span>Matheus Alessandro<\/span><\/a><\/div>\n<div class=\"player\"><a href=\"https:\/\/soccer.aidatasports.com\/pt\/players\/Juan-Mu\u00f1oz-46957\"><img decoding=\"async\" src=\"https:\/\/soccer.aidatasports.com\/images\/players\/46957.png\" alt=\"Juan Mu\u00f1oz\" onerror=\"this.onerror=null;this.src='https:\/\/soccer.aidatasports.com\/images\/players\/default-player.png';\"><span>Juan Mu\u00f1oz<\/span><\/a><\/div>\n<div class=\"player\"><a href=\"https:\/\/soccer.aidatasports.com\/pt\/players\/Jo\u00e3o-Resende-313569\"><img decoding=\"async\" src=\"https:\/\/soccer.aidatasports.com\/images\/players\/313569.png\" alt=\"Jo\u00e3o Resende\" onerror=\"this.onerror=null;this.src='https:\/\/soccer.aidatasports.com\/images\/players\/default-player.png';\"><span>Jo\u00e3o Resende<\/span><\/a><\/div>\n<\/div>\n<\/div>\n<\/div>\n<\/div>\n<div id=\"wg-api-football-game\"\n                    data-host=\"xxxxx\"\n                    data-key=\"xxxx\"\n                    data-id=\"1231497\"\n                    data-theme=\"\"\n                    data-refresh=\"15\"\n                    data-show-errors=\"false\"\n                    data-show-logos=\"true\"><br \/>\n                    class=&#8221;wg_loader&#8221;>\n                <\/div>\n<div id=\"wg-api-football-standings\"\n                    data-host=\"xxxx\"\n                    data-key=\"ddddd\"\n                    data-league=\"95\"\n                    data-team=\"\"\n                    data-season=\"2024\"\n                    data-theme=\"\"\n                    data-show-errors=\"false\"\n                    data-show-logos=\"true\"\n                    class=\"wg_loader\">\n                <\/div>\n<p>                <script\n                    type=\"module\"\n                    src=\"https:\/\/soccer.aidatasports.com\/wp-content\/customjs\/widgetslocal.js\">\n                <\/script><\/p>\n","protected":false},"excerpt":{"rendered":"<p>** Mafra e Uni\u00e3o de Leiria empatam em jogo emocionante Mafra e Uni\u00e3o de Leiria&hellip;<\/p>\n","protected":false},"author":1,"featured_media":72845,"comment_status":"open","ping_status":"open","sticky":false,"template":"","format":"standard","meta":{"content-type":"","pmpro_default_level":"","_lmt_disableupdate":"","_lmt_disable":"","_league":15837,"_fixture":1231497,"penci_pfeatured_image_ratio":"","penci_single_style":"","footnotes":""},"categories":[15837],"tags":[365,3610],"class_list":["post-72846","post","type-post","status-publish","format-standard","has-post-thumbnail","hentry","category-matches","tag-mafra-portugal-245","tag-uniao-de-leiria-portugal-4662","pmpro-has-access"],"_links":{"self":[{"href":"https:\/\/soccer.aidatasports.com\/pt\/wp-json\/wp\/v2\/posts\/72846"}],"collection":[{"href":"https:\/\/soccer.aidatasports.com\/pt\/wp-json\/wp\/v2\/posts"}],"about":[{"href":"https:\/\/soccer.aidatasports.com\/pt\/wp-json\/wp\/v2\/types\/post"}],"author":[{"embeddable":true,"href":"https:\/\/soccer.aidatasports.com\/pt\/wp-json\/wp\/v2\/users\/1"}],"replies":[{"embeddable":true,"href":"https:\/\/soccer.aidatasports.com\/pt\/wp-json\/wp\/v2\/comments?post=72846"}],"version-history":[{"count":0,"href":"https:\/\/soccer.aidatasports.com\/pt\/wp-json\/wp\/v2\/posts\/72846\/revisions"}],"wp:featuredmedia":[{"embeddable":true,"href":"https:\/\/soccer.aidatasports.com\/pt\/wp-json\/wp\/v2\/media\/72845"}],"wp:attachment":[{"href":"https:\/\/soccer.aidatasports.com\/pt\/wp-json\/wp\/v2\/media?parent=72846"}],"wp:term":[{"taxonomy":"category","embeddable":true,"href":"https:\/\/soccer.aidatasports.com\/pt\/wp-json\/wp\/v2\/categories?post=72846"},{"taxonomy":"post_tag","embeddable":true,"href":"https:\/\/soccer.aidatasports.com\/pt\/wp-json\/wp\/v2\/tags?post=72846"}],"curies":[{"name":"wp","href":"https:\/\/api.w.org\/{rel}","templated":true}]}}