{"id":68593,"date":"2024-10-22T11:42:53","date_gmt":"2024-10-22T11:42:53","guid":{"rendered":"https:\/\/soccer.aidatasports.com\/pt\/uncategorized\/patro-eisden-vs-zulte-waregem-oct-20-2024-1400-utc\/"},"modified":"2024-10-22T11:42:53","modified_gmt":"2024-10-22T11:42:53","slug":"patro-eisden-vs-zulte-waregem-oct-20-2024-1400-utc","status":"publish","type":"post","link":"https:\/\/soccer.aidatasports.com\/pt\/matches\/patro-eisden-vs-zulte-waregem-oct-20-2024-1400-utc\/","title":{"rendered":"Patro Eisden vs Zulte Waregem Oct 20 2024 14:00 UTC"},"content":{"rendered":"<h1>Zulte Waregem vence o Patro Eisden em um jogo emocionante<\/h1>\n<p><strong>O Zulte Waregem conquistou uma vit\u00f3ria importante ao derrotar o Patro Eisden por 1-0 em uma partida da Challenger Pro League disputada no Patrostadion de Maasmechelen.<\/strong><\/p>\n<p>A partida come\u00e7ou com um ritmo intenso e com o Zulte Waregem dominando a posse de bola. O primeiro cart\u00e3o amarelo do jogo foi para o Zulte Waregem no primeiro minuto, quando Y. Challouk foi advertido. Aos 26 minutos, Y. Challouk abriu o placar para o Zulte Waregem com um gol que deu a vantagem ao time visitante. O Patro Eisden tentou responder, mas sua tentativa de gol foi frustrada pela defesa do Zulte Waregem.<\/p>\n<p>No minuto 29, R. Wilmots recebeu um cart\u00e3o amarelo para o Patro Eisden. O Zulte Waregem continuou pressionando e criou v\u00e1rias oportunidades de gol. O time visitante tamb\u00e9m teve que lidar com cart\u00f5es amarelos para L. Willen no minuto 55 e N. Rommens no minuto 63. Apesar dos avisos, o Zulte Waregem manteve a posse de bola e a vantagem no placar.<\/p>\n<p>O Patro Eisden tentou mudar o rumo do jogo com algumas mudan\u00e7as no segundo tempo, mas o Zulte Waregem manteve sua defesa s\u00f3lida e acabou obtendo uma vit\u00f3ria crucial. O jogo terminou com um cart\u00e3o amarelo para Kiki no minuto 90.<\/p>\n<p><strong>O Zulte Waregem alcan\u00e7ou uma vit\u00f3ria crucial para suas aspira\u00e7\u00f5es na Challenger Pro League, enquanto o Patro Eisden ter\u00e1 que se recuperar da derrota.<\/strong><\/p>\n<p>Substitui\u00f5es na equipe de zulte waregem: Aos 72 minutos, T. Nnadi entrou e J. Erenbjerg saiu., Aos 83 minutos, L. Lemoine entrou e Y. Challouk saiu., Aos 90 minutos, A. Traore entrou e J. Vossen saiu. <\/p>\n<p>Substitui\u00f5es na equipe de patro eisden: Aos 73 minutos, V. Kiankaulua entrou e B. Dansoko saiu., Aos 81 minutos, P. Ndior entrou e R. Wilmots saiu., Aos 81 minutos, W. Simba entrou e K. Borry saiu. <\/p>\n<p>As equipes se alinharam da seguinte forma:<\/p>\n<div class=\"lineups-container\">\n<style>\n                .lineups-container {\n                    display: flex;\n                    justify-content: space-around;\n                    flex-wrap: wrap;\n                }\n                .team-lineup {\n                    width: 49%;\n                    margin-bottom: 20px;\n                    border: 1px solid #ccc;\n                    padding: 5px;\n                }\n                .team-lineup h3 {\n                    text-align: center;\n                    margin-bottom: 10px;\n                }\n                .players-container {\n                    display: flex;\n                    justify-content: space-between;\n                }\n                .players-container div {\n                    width: 100%;\n                }\n                .player {\n                    display: flex;\n                    align-items: center;\n                    margin-bottom: 5px;\n                }\n                .player img {\n                    width: 30px;\n                    height: 30px;\n                    border-radius: 50%;\n                    margin-right: 10px;\n                }\n                    @media (max-width: 600px) {\n                    .team-lineup {\n                        width: 100%;\n                    }\n                }\n                <\/style>\n<div class=\"team-lineup\">\n<h3>Patro Eisden<\/h3>\n<p><img decoding=\"async\" src=\"https:\/\/media.api-sports.io\/football\/teams\/6222.png\" alt=\"Patro Eisden\" style=\"width: 50px; height: 50px;\"><\/p>\n<div class=\"players-container\">\n<div>\n<h4>Titulares:<\/h4>\n<div class=\"player\"><a href=\"https:\/\/soccer.aidatasports.com\/pt\/players\/Jordi-Belin-136306\"><img decoding=\"async\" src=\"https:\/\/soccer.aidatasports.com\/images\/players\/136306.png\" alt=\"Jordi Belin\" onerror=\"this.onerror=null;this.src='https:\/\/soccer.aidatasports.com\/images\/players\/default-player.png';\"><span>Jordi Belin<\/span><\/a><\/div>\n<div class=\"player\"><a href=\"https:\/\/soccer.aidatasports.com\/pt\/players\/Henk-Dijkhuizen-37060\"><img decoding=\"async\" src=\"https:\/\/soccer.aidatasports.com\/images\/players\/37060.png\" alt=\"Henk Dijkhuizen\" onerror=\"this.onerror=null;this.src='https:\/\/soccer.aidatasports.com\/images\/players\/default-player.png';\"><span>Henk Dijkhuizen<\/span><\/a><\/div>\n<div class=\"player\"><a href=\"https:\/\/soccer.aidatasports.com\/pt\/players\/Jordan-Renson-114051\"><img decoding=\"async\" src=\"https:\/\/soccer.aidatasports.com\/images\/players\/114051.png\" alt=\"Jordan Renson\" onerror=\"this.onerror=null;this.src='https:\/\/soccer.aidatasports.com\/images\/players\/default-player.png';\"><span>Jordan Renson<\/span><\/a><\/div>\n<div class=\"player\"><a href=\"https:\/\/soccer.aidatasports.com\/pt\/players\/Kjetil-Borry-8803\"><img decoding=\"async\" src=\"https:\/\/soccer.aidatasports.com\/images\/players\/8803.png\" alt=\"Kjetil Borry\" onerror=\"this.onerror=null;this.src='https:\/\/soccer.aidatasports.com\/images\/players\/default-player.png';\"><span>Kjetil Borry<\/span><\/a><\/div>\n<div class=\"player\"><a href=\"https:\/\/soccer.aidatasports.com\/pt\/players\/Kevin-Kis-8954\"><img decoding=\"async\" src=\"https:\/\/soccer.aidatasports.com\/images\/players\/8954.png\" alt=\"Kevin Kis\" onerror=\"this.onerror=null;this.src='https:\/\/soccer.aidatasports.com\/images\/players\/default-player.png';\"><span>Kevin Kis<\/span><\/a><\/div>\n<div class=\"player\"><a href=\"https:\/\/soccer.aidatasports.com\/pt\/players\/Reno-Wilmots-31243\"><img decoding=\"async\" src=\"https:\/\/soccer.aidatasports.com\/images\/players\/31243.png\" alt=\"Reno Wilmots\" onerror=\"this.onerror=null;this.src='https:\/\/soccer.aidatasports.com\/images\/players\/default-player.png';\"><span>Reno Wilmots<\/span><\/a><\/div>\n<div class=\"player\"><a href=\"https:\/\/soccer.aidatasports.com\/pt\/players\/Lukas-Van-Eenoo-8992\"><img decoding=\"async\" src=\"https:\/\/soccer.aidatasports.com\/images\/players\/8992.png\" alt=\"Lukas Van Eenoo\" onerror=\"this.onerror=null;this.src='https:\/\/soccer.aidatasports.com\/images\/players\/default-player.png';\"><span>Lukas Van Eenoo<\/span><\/a><\/div>\n<div class=\"player\"><a href=\"https:\/\/soccer.aidatasports.com\/pt\/players\/Adnane-Abid-342945\"><img decoding=\"async\" src=\"https:\/\/soccer.aidatasports.com\/images\/players\/342945.png\" alt=\"Adnane Abid\" onerror=\"this.onerror=null;this.src='https:\/\/soccer.aidatasports.com\/images\/players\/default-player.png';\"><span>Adnane Abid<\/span><\/a><\/div>\n<div class=\"player\"><a href=\"https:\/\/soccer.aidatasports.com\/pt\/players\/Simon-Bammens-106394\"><img decoding=\"async\" src=\"https:\/\/soccer.aidatasports.com\/images\/players\/106394.png\" alt=\"Simon Bammens\" onerror=\"this.onerror=null;this.src='https:\/\/soccer.aidatasports.com\/images\/players\/default-player.png';\"><span>Simon Bammens<\/span><\/a><\/div>\n<div class=\"player\"><a href=\"https:\/\/soccer.aidatasports.com\/pt\/players\/Bafode-Dansoko-107439\"><img decoding=\"async\" src=\"https:\/\/soccer.aidatasports.com\/images\/players\/107439.png\" alt=\"Bafode Dansoko\" onerror=\"this.onerror=null;this.src='https:\/\/soccer.aidatasports.com\/images\/players\/default-player.png';\"><span>Bafode Dansoko<\/span><\/a><\/div>\n<div class=\"player\"><a href=\"https:\/\/soccer.aidatasports.com\/pt\/players\/Keano-Vanrafelghem-181810\"><img decoding=\"async\" src=\"https:\/\/soccer.aidatasports.com\/images\/players\/181810.png\" alt=\"Keano Vanrafelghem\" onerror=\"this.onerror=null;this.src='https:\/\/soccer.aidatasports.com\/images\/players\/default-player.png';\"><span>Keano Vanrafelghem<\/span><\/a><\/div>\n<\/div>\n<div>\n<h4>Suplentes:<\/h4>\n<div class=\"player\"><a href=\"https:\/\/soccer.aidatasports.com\/pt\/players\/Vicky-Kiankaulua-201338\"><img decoding=\"async\" src=\"https:\/\/soccer.aidatasports.com\/images\/players\/201338.png\" alt=\"Vicky Kiankaulua\" onerror=\"this.onerror=null;this.src='https:\/\/soccer.aidatasports.com\/images\/players\/default-player.png';\"><span>Vicky Kiankaulua<\/span><\/a><\/div>\n<div class=\"player\"><a href=\"https:\/\/soccer.aidatasports.com\/pt\/players\/William-Simba-268743\"><img decoding=\"async\" src=\"https:\/\/soccer.aidatasports.com\/images\/players\/268743.png\" alt=\"William Simba\" onerror=\"this.onerror=null;this.src='https:\/\/soccer.aidatasports.com\/images\/players\/default-player.png';\"><span>William Simba<\/span><\/a><\/div>\n<div class=\"player\"><a href=\"https:\/\/soccer.aidatasports.com\/pt\/players\/Papa-Demba-Ndior-481513\"><img decoding=\"async\" src=\"https:\/\/soccer.aidatasports.com\/images\/players\/481513.png\" alt=\"Papa Demba Ndior\" onerror=\"this.onerror=null;this.src='https:\/\/soccer.aidatasports.com\/images\/players\/default-player.png';\"><span>Papa Demba Ndior<\/span><\/a><\/div>\n<div class=\"player\"><a href=\"https:\/\/soccer.aidatasports.com\/pt\/players\/Gian\u00a0Gelad\u00e9-281703\"><img decoding=\"async\" src=\"https:\/\/soccer.aidatasports.com\/images\/players\/281703.png\" alt=\"Gian\u00a0Gelad\u00e9\" onerror=\"this.onerror=null;this.src='https:\/\/soccer.aidatasports.com\/images\/players\/default-player.png';\"><span>Gian\u00a0Gelad\u00e9<\/span><\/a><\/div>\n<div class=\"player\"><a href=\"https:\/\/soccer.aidatasports.com\/pt\/players\/Stef-Kempeneers-482345\"><img decoding=\"async\" src=\"https:\/\/soccer.aidatasports.com\/images\/players\/482345.png\" alt=\"Stef Kempeneers\" onerror=\"this.onerror=null;this.src='https:\/\/soccer.aidatasports.com\/images\/players\/default-player.png';\"><span>Stef Kempeneers<\/span><\/a><\/div>\n<div class=\"player\"><a href=\"https:\/\/soccer.aidatasports.com\/pt\/players\/Raoul-Kenne-79155\"><img decoding=\"async\" src=\"https:\/\/soccer.aidatasports.com\/images\/players\/79155.png\" alt=\"Raoul Kenne\" onerror=\"this.onerror=null;this.src='https:\/\/soccer.aidatasports.com\/images\/players\/default-player.png';\"><span>Raoul Kenne<\/span><\/a><\/div>\n<div class=\"player\"><a href=\"https:\/\/soccer.aidatasports.com\/pt\/players\/Francisco-Mederick-489931\"><img decoding=\"async\" src=\"https:\/\/soccer.aidatasports.com\/images\/players\/489931.png\" alt=\"Francisco Mederick\" onerror=\"this.onerror=null;this.src='https:\/\/soccer.aidatasports.com\/images\/players\/default-player.png';\"><span>Francisco Mederick<\/span><\/a><\/div>\n<div class=\"player\"><a href=\"https:\/\/soccer.aidatasports.com\/pt\/players\/Sebas-Vreys-482344\"><img decoding=\"async\" src=\"https:\/\/soccer.aidatasports.com\/images\/players\/482344.png\" alt=\"Sebas Vreys\" onerror=\"this.onerror=null;this.src='https:\/\/soccer.aidatasports.com\/images\/players\/default-player.png';\"><span>Sebas Vreys<\/span><\/a><\/div>\n<\/div>\n<\/div>\n<\/div>\n<div class=\"team-lineup\">\n<h3>Zulte Waregem<\/h3>\n<p><img decoding=\"async\" src=\"https:\/\/media.api-sports.io\/football\/teams\/600.png\" alt=\"Zulte Waregem\" style=\"width: 50px; height: 50px;\"><\/p>\n<div class=\"players-container\">\n<div>\n<h4>Titulares:<\/h4>\n<div class=\"player\"><a href=\"https:\/\/soccer.aidatasports.com\/pt\/players\/Ennio-Van-Der-Gouw-166989\"><img decoding=\"async\" src=\"https:\/\/soccer.aidatasports.com\/images\/players\/166989.png\" alt=\"Ennio Van Der Gouw\" onerror=\"this.onerror=null;this.src='https:\/\/soccer.aidatasports.com\/images\/players\/default-player.png';\"><span>Ennio Van Der Gouw<\/span><\/a><\/div>\n<div class=\"player\"><a href=\"https:\/\/soccer.aidatasports.com\/pt\/players\/Benoit-Nyssen-157231\"><img decoding=\"async\" src=\"https:\/\/soccer.aidatasports.com\/images\/players\/157231.png\" alt=\"Benoit Nyssen\" onerror=\"this.onerror=null;this.src='https:\/\/soccer.aidatasports.com\/images\/players\/default-player.png';\"><span>Benoit Nyssen<\/span><\/a><\/div>\n<div class=\"player\"><a href=\"https:\/\/soccer.aidatasports.com\/pt\/players\/Anton-Tanghe-162912\"><img decoding=\"async\" src=\"https:\/\/soccer.aidatasports.com\/images\/players\/162912.png\" alt=\"Anton Tanghe\" onerror=\"this.onerror=null;this.src='https:\/\/soccer.aidatasports.com\/images\/players\/default-player.png';\"><span>Anton Tanghe<\/span><\/a><\/div>\n<div class=\"player\"><a href=\"https:\/\/soccer.aidatasports.com\/pt\/players\/Lukas-Willen-337946\"><img decoding=\"async\" src=\"https:\/\/soccer.aidatasports.com\/images\/players\/337946.png\" alt=\"Lukas Willen\" onerror=\"this.onerror=null;this.src='https:\/\/soccer.aidatasports.com\/images\/players\/default-player.png';\"><span>Lukas Willen<\/span><\/a><\/div>\n<div class=\"player\"><a href=\"https:\/\/soccer.aidatasports.com\/pt\/players\/Atli-Barkarson-151502\"><img decoding=\"async\" src=\"https:\/\/soccer.aidatasports.com\/images\/players\/151502.png\" alt=\"Atli Barkarson\" onerror=\"this.onerror=null;this.src='https:\/\/soccer.aidatasports.com\/images\/players\/default-player.png';\"><span>Atli Barkarson<\/span><\/a><\/div>\n<div class=\"player\"><a href=\"https:\/\/soccer.aidatasports.com\/pt\/players\/Pape-Diop-339417\"><img decoding=\"async\" src=\"https:\/\/soccer.aidatasports.com\/images\/players\/339417.png\" alt=\"Pape Diop\" onerror=\"this.onerror=null;this.src='https:\/\/soccer.aidatasports.com\/images\/players\/default-player.png';\"><span>Pape Diop<\/span><\/a><\/div>\n<div class=\"player\"><a href=\"https:\/\/soccer.aidatasports.com\/pt\/players\/Nicolas-Rommens-8991\"><img decoding=\"async\" src=\"https:\/\/soccer.aidatasports.com\/images\/players\/8991.png\" alt=\"Nicolas Rommens\" onerror=\"this.onerror=null;this.src='https:\/\/soccer.aidatasports.com\/images\/players\/default-player.png';\"><span>Nicolas Rommens<\/span><\/a><\/div>\n<div class=\"player\"><a href=\"https:\/\/soccer.aidatasports.com\/pt\/players\/Jeppe-Erenbjerg-294856\"><img decoding=\"async\" src=\"https:\/\/soccer.aidatasports.com\/images\/players\/294856.png\" alt=\"Jeppe Erenbjerg\" onerror=\"this.onerror=null;this.src='https:\/\/soccer.aidatasports.com\/images\/players\/default-player.png';\"><span>Jeppe Erenbjerg<\/span><\/a><\/div>\n<div class=\"player\"><a href=\"https:\/\/soccer.aidatasports.com\/pt\/players\/Youssef-Challouk-131961\"><img decoding=\"async\" src=\"https:\/\/soccer.aidatasports.com\/images\/players\/131961.png\" alt=\"Youssef Challouk\" onerror=\"this.onerror=null;this.src='https:\/\/soccer.aidatasports.com\/images\/players\/default-player.png';\"><span>Youssef Challouk<\/span><\/a><\/div>\n<div class=\"player\"><a href=\"https:\/\/soccer.aidatasports.com\/pt\/players\/Joseph-Okopu-490151\"><img decoding=\"async\" src=\"https:\/\/soccer.aidatasports.com\/images\/players\/490151.png\" alt=\"Joseph Okopu\" onerror=\"this.onerror=null;this.src='https:\/\/soccer.aidatasports.com\/images\/players\/default-player.png';\"><span>Joseph Okopu<\/span><\/a><\/div>\n<div class=\"player\"><a href=\"https:\/\/soccer.aidatasports.com\/pt\/players\/Jelle-Vossen-89\"><img decoding=\"async\" src=\"https:\/\/soccer.aidatasports.com\/images\/players\/89.png\" alt=\"Jelle Vossen\" onerror=\"this.onerror=null;this.src='https:\/\/soccer.aidatasports.com\/images\/players\/default-player.png';\"><span>Jelle Vossen<\/span><\/a><\/div>\n<\/div>\n<div>\n<h4>Suplentes:<\/h4>\n<div class=\"player\"><a href=\"https:\/\/soccer.aidatasports.com\/pt\/players\/Tochukwu-Nadi-354298\"><img decoding=\"async\" src=\"https:\/\/soccer.aidatasports.com\/images\/players\/354298.png\" alt=\"Tochukwu Nadi\" onerror=\"this.onerror=null;this.src='https:\/\/soccer.aidatasports.com\/images\/players\/default-player.png';\"><span>Tochukwu Nadi<\/span><\/a><\/div>\n<div class=\"player\"><a href=\"https:\/\/soccer.aidatasports.com\/pt\/players\/Louis-Bostyn-8606\"><img decoding=\"async\" src=\"https:\/\/soccer.aidatasports.com\/images\/players\/8606.png\" alt=\"Louis Bostyn\" onerror=\"this.onerror=null;this.src='https:\/\/soccer.aidatasports.com\/images\/players\/default-player.png';\"><span>Louis Bostyn<\/span><\/a><\/div>\n<div class=\"player\"><a href=\"https:\/\/soccer.aidatasports.com\/pt\/players\/Laurent-Lemoine-8929\"><img decoding=\"async\" src=\"https:\/\/soccer.aidatasports.com\/images\/players\/8929.png\" alt=\"Laurent Lemoine\" onerror=\"this.onerror=null;this.src='https:\/\/soccer.aidatasports.com\/images\/players\/default-player.png';\"><span>Laurent Lemoine<\/span><\/a><\/div>\n<div class=\"player\"><a href=\"https:\/\/soccer.aidatasports.com\/pt\/players\/Yannick-Cappelle-447097\"><img decoding=\"async\" src=\"https:\/\/soccer.aidatasports.com\/images\/players\/447097.png\" alt=\"Yannick Cappelle\" onerror=\"this.onerror=null;this.src='https:\/\/soccer.aidatasports.com\/images\/players\/default-player.png';\"><span>Yannick Cappelle<\/span><\/a><\/div>\n<div class=\"player\"><a href=\"https:\/\/soccer.aidatasports.com\/pt\/players\/Andres-Labie-392042\"><img decoding=\"async\" src=\"https:\/\/soccer.aidatasports.com\/images\/players\/392042.png\" alt=\"Andres Labie\" onerror=\"this.onerror=null;this.src='https:\/\/soccer.aidatasports.com\/images\/players\/default-player.png';\"><span>Andres Labie<\/span><\/a><\/div>\n<div class=\"player\"><a href=\"https:\/\/soccer.aidatasports.com\/pt\/players\/Dylan-Demuynck-375312\"><img decoding=\"async\" src=\"https:\/\/soccer.aidatasports.com\/images\/players\/375312.png\" alt=\"Dylan Demuynck\" onerror=\"this.onerror=null;this.src='https:\/\/soccer.aidatasports.com\/images\/players\/default-player.png';\"><span>Dylan Demuynck<\/span><\/a><\/div>\n<div class=\"player\"><a href=\"https:\/\/soccer.aidatasports.com\/pt\/players\/Abdoulaye-Traore-395617\"><img decoding=\"async\" src=\"https:\/\/soccer.aidatasports.com\/images\/players\/395617.png\" alt=\"Abdoulaye Traore\" onerror=\"this.onerror=null;this.src='https:\/\/soccer.aidatasports.com\/images\/players\/default-player.png';\"><span>Abdoulaye Traore<\/span><\/a><\/div>\n<div class=\"player\"><a href=\"https:\/\/soccer.aidatasports.com\/pt\/players\/Thibaud-Sergeant-432648\"><img decoding=\"async\" src=\"https:\/\/soccer.aidatasports.com\/images\/players\/432648.png\" alt=\"Thibaud Sergeant\" onerror=\"this.onerror=null;this.src='https:\/\/soccer.aidatasports.com\/images\/players\/default-player.png';\"><span>Thibaud Sergeant<\/span><\/a><\/div>\n<div class=\"player\"><a href=\"https:\/\/soccer.aidatasports.com\/pt\/players\/Nathan-Fraser-303019\"><img decoding=\"async\" src=\"https:\/\/soccer.aidatasports.com\/images\/players\/303019.png\" alt=\"Nathan Fraser\" onerror=\"this.onerror=null;this.src='https:\/\/soccer.aidatasports.com\/images\/players\/default-player.png';\"><span>Nathan Fraser<\/span><\/a><\/div>\n<\/div>\n<\/div>\n<\/div>\n<\/div>\n<div id=\"wg-api-football-game\"\n                    data-host=\"xxxxx\"\n                    data-key=\"xxxx\"\n                    data-id=\"1206458\"\n                    data-theme=\"\"\n                    data-refresh=\"15\"\n                    data-show-errors=\"false\"\n                    data-show-logos=\"true\"><br \/>\n                    class=&#8221;wg_loader&#8221;>\n                <\/div>\n<div id=\"wg-api-football-standings\"\n                    data-host=\"xxxx\"\n                    data-key=\"ddddd\"\n                    data-league=\"145\"\n                    data-team=\"\"\n                    data-season=\"2024\"\n                    data-theme=\"\"\n                    data-show-errors=\"false\"\n                    data-show-logos=\"true\"\n                    class=\"wg_loader\">\n                <\/div>\n<p>                <script\n                    type=\"module\"\n                    src=\"https:\/\/soccer.aidatasports.com\/wp-content\/customjs\/widgetslocal.js\">\n                <\/script><\/p>\n","protected":false},"excerpt":{"rendered":"<p>Zulte Waregem vence o Patro Eisden em um jogo emocionante O Zulte Waregem conquistou uma&hellip;<\/p>\n","protected":false},"author":1,"featured_media":68592,"comment_status":"open","ping_status":"open","sticky":false,"template":"","format":"standard","meta":{"content-type":"","pmpro_default_level":"","_lmt_disableupdate":"","_lmt_disable":"","_league":15837,"_fixture":1206458,"penci_pfeatured_image_ratio":"","penci_single_style":"","footnotes":""},"categories":[15837],"tags":[4576,703],"class_list":["post-68593","post","type-post","status-publish","format-standard","has-post-thumbnail","hentry","category-matches","tag-patro-eisden-belgium-6222","tag-zulte-waregem-belgium-600","pmpro-has-access"],"_links":{"self":[{"href":"https:\/\/soccer.aidatasports.com\/pt\/wp-json\/wp\/v2\/posts\/68593"}],"collection":[{"href":"https:\/\/soccer.aidatasports.com\/pt\/wp-json\/wp\/v2\/posts"}],"about":[{"href":"https:\/\/soccer.aidatasports.com\/pt\/wp-json\/wp\/v2\/types\/post"}],"author":[{"embeddable":true,"href":"https:\/\/soccer.aidatasports.com\/pt\/wp-json\/wp\/v2\/users\/1"}],"replies":[{"embeddable":true,"href":"https:\/\/soccer.aidatasports.com\/pt\/wp-json\/wp\/v2\/comments?post=68593"}],"version-history":[{"count":0,"href":"https:\/\/soccer.aidatasports.com\/pt\/wp-json\/wp\/v2\/posts\/68593\/revisions"}],"wp:featuredmedia":[{"embeddable":true,"href":"https:\/\/soccer.aidatasports.com\/pt\/wp-json\/wp\/v2\/media\/68592"}],"wp:attachment":[{"href":"https:\/\/soccer.aidatasports.com\/pt\/wp-json\/wp\/v2\/media?parent=68593"}],"wp:term":[{"taxonomy":"category","embeddable":true,"href":"https:\/\/soccer.aidatasports.com\/pt\/wp-json\/wp\/v2\/categories?post=68593"},{"taxonomy":"post_tag","embeddable":true,"href":"https:\/\/soccer.aidatasports.com\/pt\/wp-json\/wp\/v2\/tags?post=68593"}],"curies":[{"name":"wp","href":"https:\/\/api.w.org\/{rel}","templated":true}]}}