{"id":57482,"date":"2024-09-30T19:30:25","date_gmt":"2024-09-30T19:30:25","guid":{"rendered":"https:\/\/soccer.aidatasports.com\/pt\/uncategorized\/sudtirol-vs-palermo-sep-30-2024-1730-utc\/"},"modified":"2024-09-30T19:30:25","modified_gmt":"2024-09-30T19:30:25","slug":"sudtirol-vs-palermo-sep-30-2024-1730-utc","status":"publish","type":"post","link":"https:\/\/soccer.aidatasports.com\/pt\/uncategorized\/sudtirol-vs-palermo-sep-30-2024-1730-utc\/","title":{"rendered":"Sudtirol vs Palermo Sep 30 2024 17:30 UTC"},"content":{"rendered":"<h1>Palermo atropela o Sudtirol em jogo emocionante<\/h1>\n<p><strong>O Palermo venceu o Sudtirol com autoridade por 4 a 1 em um jogo emocionante que aconteceu no Stadio Marco Druso, em Bolzano. Os rosanegros demonstraram sua superioridade em campo, com um jogo ofensivo e eficaz que lhes permitiu levar os tr\u00eas pontos.<\/strong><\/p>\n<p>O jogo come\u00e7ou com um ritmo intenso e o Palermo abriu o placar aos 20 minutos com <strong>R. Baniya<\/strong>, aproveitando um passe de <strong>F. Ranocchia<\/strong>. No entanto, o Sudtirol n\u00e3o se intimidou e teve v\u00e1rias chances de empatar. <strong>D. Casiraghi<\/strong> conseguiu marcar o 1 a 1 aos 52 minutos, mas a alegria durou pouco para os locais.<\/p>\n<p>O Palermo retomou o controle do jogo e <strong>S. Diakite<\/strong> ampliou a vantagem aos 64 minutos, tamb\u00e9m com uma assist\u00eancia de <strong>F. Ranocchia<\/strong>. O dom\u00ednio dos rosanegros se tornou evidente no segundo tempo e <strong>R. Insigne<\/strong> marcou o terceiro gol aos 81 minutos, selando a vit\u00f3ria para o Palermo. <strong>R. Insigne<\/strong> voltou a marcar aos 81 minutos para confirmar a vit\u00f3ria.<\/p>\n<p>O Sudtirol lutou at\u00e9 o final, mas n\u00e3o conseguiu encontrar o caminho de volta para o jogo. Os rosanegros somaram tr\u00eas pontos valiosos em sua luta pela classifica\u00e7\u00e3o para a Serie A.<\/p>\n<p><strong>Estat\u00edsticas:<\/strong><\/p>\n<p>* <strong>Sudtirol:<\/strong> 53% de posse de bola, 14 chutes (4 no alvo, 6 para fora), 3 escanteios, 15 faltas, 4 cart\u00f5es amarelos.<br \/>\n* <strong>Palermo:<\/strong> 47% de posse de bola, 7 chutes (3 no alvo, 3 para fora), 6 escanteios, 15 faltas, 2 cart\u00f5es amarelos.<\/p>\n<p><strong>Detalhes do jogo:<\/strong><\/p>\n<p>* <strong>Data:<\/strong> 30 de setembro de 2024<br \/>\n* <strong>Cidade:<\/strong> Bolzano<br \/>\n* <strong>Est\u00e1dio:<\/strong> Stadio Marco Druso<br \/>\n* <strong>\u00c1rbitro:<\/strong> Simone Galipo, It\u00e1lia<br \/>\n* <strong>Liga:<\/strong> Serie B<br \/>\n* <strong>Temporada:<\/strong> 2024<br \/>\n* <strong>Rodada:<\/strong> Temporada regular &#8211; 7<br \/>\n* <strong>Pa\u00eds:<\/strong> It\u00e1lia<\/p>\n<p>Substitui\u00f5es na equipe de palermo: Aos 59 minutos, R. Insigne entrou e J. Le Douaron saiu., Aos 76 minutos, D. Saric entrou e F. Ranocchia saiu., Aos 76 minutos, M. Brunori entrou e T. Henry saiu., Aos 77 minutos, F. Di Francesco entrou e F. Di Mariano saiu., Aos 87 minutos, P. Ceccaroni entrou e J. Segre saiu. <\/p>\n<p>Substitui\u00f5es na equipe de sudtirol: Aos 61 minutos, S. Merkaj entrou e R. Odogwu saiu., Aos 63 minutos, H. El Kaouakibi entrou e S. Molina saiu., Aos 63 minutos, M. Praszelik entrou e F. Tait saiu., Aos 81 minutos, K. Zedadka entrou e D. Casiraghi saiu., Aos 82 minutos, V. Crespi entrou e J. Kurtic saiu. <\/p>\n<p>As equipes se alinharam da seguinte forma:<\/p>\n<div class=\"lineups-container\">\n<style>\n                .lineups-container {\n                    display: flex;\n                    justify-content: space-around;\n                    flex-wrap: wrap;\n                }\n                .team-lineup {\n                    width: 49%;\n                    margin-bottom: 20px;\n                    border: 1px solid #ccc;\n                    padding: 5px;\n                }\n                .team-lineup h3 {\n                    text-align: center;\n                    margin-bottom: 10px;\n                }\n                .players-container {\n                    display: flex;\n                    justify-content: space-between;\n                }\n                .players-container div {\n                    width: 100%;\n                }\n                .player {\n                    display: flex;\n                    align-items: center;\n                    margin-bottom: 5px;\n                }\n                .player img {\n                    width: 30px;\n                    height: 30px;\n                    border-radius: 50%;\n                    margin-right: 10px;\n                }\n                    @media (max-width: 600px) {\n                    .team-lineup {\n                        width: 100%;\n                    }\n                }\n                <\/style>\n<div class=\"team-lineup\">\n<h3>Sudtirol<\/h3>\n<p><img decoding=\"async\" src=\"https:\/\/media.api-sports.io\/football\/teams\/1578.png\" alt=\"Sudtirol\" style=\"width: 50px; height: 50px;\"><\/p>\n<div class=\"players-container\">\n<div>\n<h4>Titulares:<\/h4>\n<div class=\"player\"><a href=\"https:\/\/soccer.aidatasports.com\/pt\/players\/Giacomo-Poluzzi-30851\"><img decoding=\"async\" src=\"https:\/\/soccer.aidatasports.com\/images\/players\/30851.png\" alt=\"Giacomo Poluzzi\" onerror=\"this.onerror=null;this.src='https:\/\/soccer.aidatasports.com\/images\/players\/default-player.png';\"><span>Giacomo Poluzzi<\/span><\/a><\/div>\n<div class=\"player\"><a href=\"https:\/\/soccer.aidatasports.com\/pt\/players\/Raphael-Kofler-377118\"><img decoding=\"async\" src=\"https:\/\/soccer.aidatasports.com\/images\/players\/377118.png\" alt=\"Raphael Kofler\" onerror=\"this.onerror=null;this.src='https:\/\/soccer.aidatasports.com\/images\/players\/default-player.png';\"><span>Raphael Kofler<\/span><\/a><\/div>\n<div class=\"player\"><a href=\"https:\/\/soccer.aidatasports.com\/pt\/players\/Luca-Ceppitelli-30549\"><img decoding=\"async\" src=\"https:\/\/soccer.aidatasports.com\/images\/players\/30549.png\" alt=\"Luca Ceppitelli\" onerror=\"this.onerror=null;this.src='https:\/\/soccer.aidatasports.com\/images\/players\/default-player.png';\"><span>Luca Ceppitelli<\/span><\/a><\/div>\n<div class=\"player\"><a href=\"https:\/\/soccer.aidatasports.com\/pt\/players\/Andrea-Giorgini-137098\"><img decoding=\"async\" src=\"https:\/\/soccer.aidatasports.com\/images\/players\/137098.png\" alt=\"Andrea Giorgini\" onerror=\"this.onerror=null;this.src='https:\/\/soccer.aidatasports.com\/images\/players\/default-player.png';\"><span>Andrea Giorgini<\/span><\/a><\/div>\n<div class=\"player\"><a href=\"https:\/\/soccer.aidatasports.com\/pt\/players\/Salvatore-Molina-30994\"><img decoding=\"async\" src=\"https:\/\/soccer.aidatasports.com\/images\/players\/30994.png\" alt=\"Salvatore Molina\" onerror=\"this.onerror=null;this.src='https:\/\/soccer.aidatasports.com\/images\/players\/default-player.png';\"><span>Salvatore Molina<\/span><\/a><\/div>\n<div class=\"player\"><a href=\"https:\/\/soccer.aidatasports.com\/pt\/players\/Tommaso-Arrigoni-32185\"><img decoding=\"async\" src=\"https:\/\/soccer.aidatasports.com\/images\/players\/32185.png\" alt=\"Tommaso Arrigoni\" onerror=\"this.onerror=null;this.src='https:\/\/soccer.aidatasports.com\/images\/players\/default-player.png';\"><span>Tommaso Arrigoni<\/span><\/a><\/div>\n<div class=\"player\"><a href=\"https:\/\/soccer.aidatasports.com\/pt\/players\/Jasmin-Kurti\u0107-30865\"><img decoding=\"async\" src=\"https:\/\/soccer.aidatasports.com\/images\/players\/30865.png\" alt=\"Jasmin Kurti\u0107\" onerror=\"this.onerror=null;this.src='https:\/\/soccer.aidatasports.com\/images\/players\/default-player.png';\"><span>Jasmin Kurti\u0107<\/span><\/a><\/div>\n<div class=\"player\"><a href=\"https:\/\/soccer.aidatasports.com\/pt\/players\/Matteo-Rover-31535\"><img decoding=\"async\" src=\"https:\/\/soccer.aidatasports.com\/images\/players\/31535.png\" alt=\"Matteo Rover\" onerror=\"this.onerror=null;this.src='https:\/\/soccer.aidatasports.com\/images\/players\/default-player.png';\"><span>Matteo Rover<\/span><\/a><\/div>\n<div class=\"player\"><a href=\"https:\/\/soccer.aidatasports.com\/pt\/players\/Fabian-Tait-31109\"><img decoding=\"async\" src=\"https:\/\/soccer.aidatasports.com\/images\/players\/31109.png\" alt=\"Fabian Tait\" onerror=\"this.onerror=null;this.src='https:\/\/soccer.aidatasports.com\/images\/players\/default-player.png';\"><span>Fabian Tait<\/span><\/a><\/div>\n<div class=\"player\"><a href=\"https:\/\/soccer.aidatasports.com\/pt\/players\/Raphael-Odogwu-127945\"><img decoding=\"async\" src=\"https:\/\/soccer.aidatasports.com\/images\/players\/127945.png\" alt=\"Raphael Odogwu\" onerror=\"this.onerror=null;this.src='https:\/\/soccer.aidatasports.com\/images\/players\/default-player.png';\"><span>Raphael Odogwu<\/span><\/a><\/div>\n<div class=\"player\"><a href=\"https:\/\/soccer.aidatasports.com\/pt\/players\/Daniele-Casiraghi-56620\"><img decoding=\"async\" src=\"https:\/\/soccer.aidatasports.com\/images\/players\/56620.png\" alt=\"Daniele Casiraghi\" onerror=\"this.onerror=null;this.src='https:\/\/soccer.aidatasports.com\/images\/players\/default-player.png';\"><span>Daniele Casiraghi<\/span><\/a><\/div>\n<\/div>\n<div>\n<h4>Suplentes:<\/h4>\n<div class=\"player\"><a href=\"https:\/\/soccer.aidatasports.com\/pt\/players\/Hamza-El-Kaouakibi-32038\"><img decoding=\"async\" src=\"https:\/\/soccer.aidatasports.com\/images\/players\/32038.png\" alt=\"Hamza El Kaouakibi\" onerror=\"this.onerror=null;this.src='https:\/\/soccer.aidatasports.com\/images\/players\/default-player.png';\"><span>Hamza El Kaouakibi<\/span><\/a><\/div>\n<div class=\"player\"><a href=\"https:\/\/soccer.aidatasports.com\/pt\/players\/Mateusz-Praszelik-40399\"><img decoding=\"async\" src=\"https:\/\/soccer.aidatasports.com\/images\/players\/40399.png\" alt=\"Mateusz Praszelik\" onerror=\"this.onerror=null;this.src='https:\/\/soccer.aidatasports.com\/images\/players\/default-player.png';\"><span>Mateusz Praszelik<\/span><\/a><\/div>\n<div class=\"player\"><a href=\"https:\/\/soccer.aidatasports.com\/pt\/players\/Silvio-Merkaj-330680\"><img decoding=\"async\" src=\"https:\/\/soccer.aidatasports.com\/images\/players\/330680.png\" alt=\"Silvio Merkaj\" onerror=\"this.onerror=null;this.src='https:\/\/soccer.aidatasports.com\/images\/players\/default-player.png';\"><span>Silvio Merkaj<\/span><\/a><\/div>\n<div class=\"player\"><a href=\"https:\/\/soccer.aidatasports.com\/pt\/players\/Giacomo-Drago-30671\"><img decoding=\"async\" src=\"https:\/\/soccer.aidatasports.com\/images\/players\/30671.png\" alt=\"Giacomo Drago\" onerror=\"this.onerror=null;this.src='https:\/\/soccer.aidatasports.com\/images\/players\/default-player.png';\"><span>Giacomo Drago<\/span><\/a><\/div>\n<div class=\"player\"><a href=\"https:\/\/soccer.aidatasports.com\/pt\/players\/Jakob-Tsch\u00f6ll-452401\"><img decoding=\"async\" src=\"https:\/\/soccer.aidatasports.com\/images\/players\/452401.png\" alt=\"Jakob Tsch\u00f6ll\" onerror=\"this.onerror=null;this.src='https:\/\/soccer.aidatasports.com\/images\/players\/default-player.png';\"><span>Jakob Tsch\u00f6ll<\/span><\/a><\/div>\n<div class=\"player\"><a href=\"https:\/\/soccer.aidatasports.com\/pt\/players\/Alessandro-Vimercati-375966\"><img decoding=\"async\" src=\"https:\/\/soccer.aidatasports.com\/images\/players\/375966.png\" alt=\"Alessandro Vimercati\" onerror=\"this.onerror=null;this.src='https:\/\/soccer.aidatasports.com\/images\/players\/default-player.png';\"><span>Alessandro Vimercati<\/span><\/a><\/div>\n<div class=\"player\"><a href=\"https:\/\/soccer.aidatasports.com\/pt\/players\/Federico-Davi-378281\"><img decoding=\"async\" src=\"https:\/\/soccer.aidatasports.com\/images\/players\/378281.png\" alt=\"Federico Davi\" onerror=\"this.onerror=null;this.src='https:\/\/soccer.aidatasports.com\/images\/players\/default-player.png';\"><span>Federico Davi<\/span><\/a><\/div>\n<div class=\"player\"><a href=\"https:\/\/soccer.aidatasports.com\/pt\/players\/Nicola-Pietrangeli-106232\"><img decoding=\"async\" src=\"https:\/\/soccer.aidatasports.com\/images\/players\/106232.png\" alt=\"Nicola Pietrangeli\" onerror=\"this.onerror=null;this.src='https:\/\/soccer.aidatasports.com\/images\/players\/default-player.png';\"><span>Nicola Pietrangeli<\/span><\/a><\/div>\n<div class=\"player\"><a href=\"https:\/\/soccer.aidatasports.com\/pt\/players\/Benedikt-Rottensteiner-452817\"><img decoding=\"async\" src=\"https:\/\/soccer.aidatasports.com\/images\/players\/452817.png\" alt=\"Benedikt Rottensteiner\" onerror=\"this.onerror=null;this.src='https:\/\/soccer.aidatasports.com\/images\/players\/default-player.png';\"><span>Benedikt Rottensteiner<\/span><\/a><\/div>\n<div class=\"player\"><a href=\"https:\/\/soccer.aidatasports.com\/pt\/players\/Karim-Zedadka-323\"><img decoding=\"async\" src=\"https:\/\/soccer.aidatasports.com\/images\/players\/323.png\" alt=\"Karim Zedadka\" onerror=\"this.onerror=null;this.src='https:\/\/soccer.aidatasports.com\/images\/players\/default-player.png';\"><span>Karim Zedadka<\/span><\/a><\/div>\n<div class=\"player\"><a href=\"https:\/\/soccer.aidatasports.com\/pt\/players\/Jacopo-Martini-349464\"><img decoding=\"async\" src=\"https:\/\/soccer.aidatasports.com\/images\/players\/349464.png\" alt=\"Jacopo Martini\" onerror=\"this.onerror=null;this.src='https:\/\/soccer.aidatasports.com\/images\/players\/default-player.png';\"><span>Jacopo Martini<\/span><\/a><\/div>\n<div class=\"player\"><a href=\"https:\/\/soccer.aidatasports.com\/pt\/players\/Valerio-Crespi-432074\"><img decoding=\"async\" src=\"https:\/\/soccer.aidatasports.com\/images\/players\/432074.png\" alt=\"Valerio Crespi\" onerror=\"this.onerror=null;this.src='https:\/\/soccer.aidatasports.com\/images\/players\/default-player.png';\"><span>Valerio Crespi<\/span><\/a><\/div>\n<\/div>\n<\/div>\n<\/div>\n<div class=\"team-lineup\">\n<h3>Palermo<\/h3>\n<p><img decoding=\"async\" src=\"https:\/\/media.api-sports.io\/football\/teams\/522.png\" alt=\"Palermo\" style=\"width: 50px; height: 50px;\"><\/p>\n<div class=\"players-container\">\n<div>\n<h4>Titulares:<\/h4>\n<div class=\"player\"><a href=\"https:\/\/soccer.aidatasports.com\/pt\/players\/Sebastiano-Desplanches-322859\"><img decoding=\"async\" src=\"https:\/\/soccer.aidatasports.com\/images\/players\/322859.png\" alt=\"Sebastiano Desplanches\" onerror=\"this.onerror=null;this.src='https:\/\/soccer.aidatasports.com\/images\/players\/default-player.png';\"><span>Sebastiano Desplanches<\/span><\/a><\/div>\n<div class=\"player\"><a href=\"https:\/\/soccer.aidatasports.com\/pt\/players\/Salim-Diakit\u00e9-280801\"><img decoding=\"async\" src=\"https:\/\/soccer.aidatasports.com\/images\/players\/280801.png\" alt=\"Salim Diakit\u00e9\" onerror=\"this.onerror=null;this.src='https:\/\/soccer.aidatasports.com\/images\/players\/default-player.png';\"><span>Salim Diakit\u00e9<\/span><\/a><\/div>\n<div class=\"player\"><a href=\"https:\/\/soccer.aidatasports.com\/pt\/players\/Rayyan-Baniya-119182\"><img decoding=\"async\" src=\"https:\/\/soccer.aidatasports.com\/images\/players\/119182.png\" alt=\"Rayyan Baniya\" onerror=\"this.onerror=null;this.src='https:\/\/soccer.aidatasports.com\/images\/players\/default-player.png';\"><span>Rayyan Baniya<\/span><\/a><\/div>\n<div class=\"player\"><a href=\"https:\/\/soccer.aidatasports.com\/pt\/players\/Dimitris-Nikolaou-31045\"><img decoding=\"async\" src=\"https:\/\/soccer.aidatasports.com\/images\/players\/31045.png\" alt=\"Dimitris Nikolaou\" onerror=\"this.onerror=null;this.src='https:\/\/soccer.aidatasports.com\/images\/players\/default-player.png';\"><span>Dimitris Nikolaou<\/span><\/a><\/div>\n<div class=\"player\"><a href=\"https:\/\/soccer.aidatasports.com\/pt\/players\/Kristoffer-Lund-162386\"><img decoding=\"async\" src=\"https:\/\/soccer.aidatasports.com\/images\/players\/162386.png\" alt=\"Kristoffer Lund\" onerror=\"this.onerror=null;this.src='https:\/\/soccer.aidatasports.com\/images\/players\/default-player.png';\"><span>Kristoffer Lund<\/span><\/a><\/div>\n<div class=\"player\"><a href=\"https:\/\/soccer.aidatasports.com\/pt\/players\/Claudio-Gomes-632\"><img decoding=\"async\" src=\"https:\/\/soccer.aidatasports.com\/images\/players\/632.png\" alt=\"Claudio Gomes\" onerror=\"this.onerror=null;this.src='https:\/\/soccer.aidatasports.com\/images\/players\/default-player.png';\"><span>Claudio Gomes<\/span><\/a><\/div>\n<div class=\"player\"><a href=\"https:\/\/soccer.aidatasports.com\/pt\/players\/J\u00e9r\u00e9my-Le-Douaron-85772\"><img decoding=\"async\" src=\"https:\/\/soccer.aidatasports.com\/images\/players\/85772.png\" alt=\"J\u00e9r\u00e9my Le Douaron\" onerror=\"this.onerror=null;this.src='https:\/\/soccer.aidatasports.com\/images\/players\/default-player.png';\"><span>J\u00e9r\u00e9my Le Douaron<\/span><\/a><\/div>\n<div class=\"player\"><a href=\"https:\/\/soccer.aidatasports.com\/pt\/players\/Jacopo-Segre-31370\"><img decoding=\"async\" src=\"https:\/\/soccer.aidatasports.com\/images\/players\/31370.png\" alt=\"Jacopo Segre\" onerror=\"this.onerror=null;this.src='https:\/\/soccer.aidatasports.com\/images\/players\/default-player.png';\"><span>Jacopo Segre<\/span><\/a><\/div>\n<div class=\"player\"><a href=\"https:\/\/soccer.aidatasports.com\/pt\/players\/Filippo-Ranocchia-31402\"><img decoding=\"async\" src=\"https:\/\/soccer.aidatasports.com\/images\/players\/31402.png\" alt=\"Filippo Ranocchia\" onerror=\"this.onerror=null;this.src='https:\/\/soccer.aidatasports.com\/images\/players\/default-player.png';\"><span>Filippo Ranocchia<\/span><\/a><\/div>\n<div class=\"player\"><a href=\"https:\/\/soccer.aidatasports.com\/pt\/players\/Francesco-Di-Mariano-31376\"><img decoding=\"async\" src=\"https:\/\/soccer.aidatasports.com\/images\/players\/31376.png\" alt=\"Francesco Di Mariano\" onerror=\"this.onerror=null;this.src='https:\/\/soccer.aidatasports.com\/images\/players\/default-player.png';\"><span>Francesco Di Mariano<\/span><\/a><\/div>\n<div class=\"player\"><a href=\"https:\/\/soccer.aidatasports.com\/pt\/players\/Thomas-Henry-8793\"><img decoding=\"async\" src=\"https:\/\/soccer.aidatasports.com\/images\/players\/8793.png\" alt=\"Thomas Henry\" onerror=\"this.onerror=null;this.src='https:\/\/soccer.aidatasports.com\/images\/players\/default-player.png';\"><span>Thomas Henry<\/span><\/a><\/div>\n<\/div>\n<div>\n<h4>Suplentes:<\/h4>\n<div class=\"player\"><a href=\"https:\/\/soccer.aidatasports.com\/pt\/players\/Roberto-Insigne-30637\"><img decoding=\"async\" src=\"https:\/\/soccer.aidatasports.com\/images\/players\/30637.png\" alt=\"Roberto Insigne\" onerror=\"this.onerror=null;this.src='https:\/\/soccer.aidatasports.com\/images\/players\/default-player.png';\"><span>Roberto Insigne<\/span><\/a><\/div>\n<div class=\"player\"><a href=\"https:\/\/soccer.aidatasports.com\/pt\/players\/Salvatore-Sirigu-30495\"><img decoding=\"async\" src=\"https:\/\/soccer.aidatasports.com\/images\/players\/30495.png\" alt=\"Salvatore Sirigu\" onerror=\"this.onerror=null;this.src='https:\/\/soccer.aidatasports.com\/images\/players\/default-player.png';\"><span>Salvatore Sirigu<\/span><\/a><\/div>\n<div class=\"player\"><a href=\"https:\/\/soccer.aidatasports.com\/pt\/players\/Fabio-Lucioni-31725\"><img decoding=\"async\" src=\"https:\/\/soccer.aidatasports.com\/images\/players\/31725.png\" alt=\"Fabio Lucioni\" onerror=\"this.onerror=null;this.src='https:\/\/soccer.aidatasports.com\/images\/players\/default-player.png';\"><span>Fabio Lucioni<\/span><\/a><\/div>\n<div class=\"player\"><a href=\"https:\/\/soccer.aidatasports.com\/pt\/players\/Alessio-Buttaro-324095\"><img decoding=\"async\" src=\"https:\/\/soccer.aidatasports.com\/images\/players\/324095.png\" alt=\"Alessio Buttaro\" onerror=\"this.onerror=null;this.src='https:\/\/soccer.aidatasports.com\/images\/players\/default-player.png';\"><span>Alessio Buttaro<\/span><\/a><\/div>\n<div class=\"player\"><a href=\"https:\/\/soccer.aidatasports.com\/pt\/players\/Pietro-Ceccaroni-31415\"><img decoding=\"async\" src=\"https:\/\/soccer.aidatasports.com\/images\/players\/31415.png\" alt=\"Pietro Ceccaroni\" onerror=\"this.onerror=null;this.src='https:\/\/soccer.aidatasports.com\/images\/players\/default-player.png';\"><span>Pietro Ceccaroni<\/span><\/a><\/div>\n<div class=\"player\"><a href=\"https:\/\/soccer.aidatasports.com\/pt\/players\/Ionu\u021b-Nedelcearu-53704\"><img decoding=\"async\" src=\"https:\/\/soccer.aidatasports.com\/images\/players\/53704.png\" alt=\"Ionu\u021b Nedelcearu\" onerror=\"this.onerror=null;this.src='https:\/\/soccer.aidatasports.com\/images\/players\/default-player.png';\"><span>Ionu\u021b Nedelcearu<\/span><\/a><\/div>\n<div class=\"player\"><a href=\"https:\/\/soccer.aidatasports.com\/pt\/players\/Dario-\u0160ari\u0107-31241\"><img decoding=\"async\" src=\"https:\/\/soccer.aidatasports.com\/images\/players\/31241.png\" alt=\"Dario \u0160ari\u0107\" onerror=\"this.onerror=null;this.src='https:\/\/soccer.aidatasports.com\/images\/players\/default-player.png';\"><span>Dario \u0160ari\u0107<\/span><\/a><\/div>\n<div class=\"player\"><a href=\"https:\/\/soccer.aidatasports.com\/pt\/players\/Aljo\u0161a-Vasi\u0107-197788\"><img decoding=\"async\" src=\"https:\/\/soccer.aidatasports.com\/images\/players\/197788.png\" alt=\"Aljo\u0161a Vasi\u0107\" onerror=\"this.onerror=null;this.src='https:\/\/soccer.aidatasports.com\/images\/players\/default-player.png';\"><span>Aljo\u0161a Vasi\u0107<\/span><\/a><\/div>\n<div class=\"player\"><a href=\"https:\/\/soccer.aidatasports.com\/pt\/players\/Valerio-Verre-31403\"><img decoding=\"async\" src=\"https:\/\/soccer.aidatasports.com\/images\/players\/31403.png\" alt=\"Valerio Verre\" onerror=\"this.onerror=null;this.src='https:\/\/soccer.aidatasports.com\/images\/players\/default-player.png';\"><span>Valerio Verre<\/span><\/a><\/div>\n<div class=\"player\"><a href=\"https:\/\/soccer.aidatasports.com\/pt\/players\/Stredair-Appuah-368909\"><img decoding=\"async\" src=\"https:\/\/soccer.aidatasports.com\/images\/players\/368909.png\" alt=\"Stredair Appuah\" onerror=\"this.onerror=null;this.src='https:\/\/soccer.aidatasports.com\/images\/players\/default-player.png';\"><span>Stredair Appuah<\/span><\/a><\/div>\n<div class=\"player\"><a href=\"https:\/\/soccer.aidatasports.com\/pt\/players\/Matteo-Brunori-56176\"><img decoding=\"async\" src=\"https:\/\/soccer.aidatasports.com\/images\/players\/56176.png\" alt=\"Matteo Brunori\" onerror=\"this.onerror=null;this.src='https:\/\/soccer.aidatasports.com\/images\/players\/default-player.png';\"><span>Matteo Brunori<\/span><\/a><\/div>\n<div class=\"player\"><a href=\"https:\/\/soccer.aidatasports.com\/pt\/players\/Federico-Di-Francesco-30539\"><img decoding=\"async\" src=\"https:\/\/soccer.aidatasports.com\/images\/players\/30539.png\" alt=\"Federico Di Francesco\" onerror=\"this.onerror=null;this.src='https:\/\/soccer.aidatasports.com\/images\/players\/default-player.png';\"><span>Federico Di Francesco<\/span><\/a><\/div>\n<\/div>\n<\/div>\n<\/div>\n<\/div>\n<div id=\"wg-api-football-game\"\n                    data-host=\"xxxxx\"\n                    data-key=\"xxxx\"\n                    data-id=\"1234699\"\n                    data-theme=\"\"\n                    data-refresh=\"15\"\n                    data-show-errors=\"false\"\n                    data-show-logos=\"true\"><br \/>\n                    class=&#8221;wg_loader&#8221;>\n                <\/div>\n<div id=\"wg-api-football-standings\"\n                    data-host=\"xxxx\"\n                    data-key=\"ddddd\"\n                    data-league=\"136\"\n                    data-team=\"\"\n                    data-season=\"2024\"\n                    data-theme=\"\"\n                    data-show-errors=\"false\"\n                    data-show-logos=\"true\"\n                    class=\"wg_loader\">\n                <\/div>\n<p>                <script\n                    type=\"module\"\n                    src=\"https:\/\/soccer.aidatasports.com\/wp-content\/customjs\/widgetslocal.js\">\n                <\/script><\/p>\n","protected":false},"excerpt":{"rendered":"<p>Palermo atropela o Sudtirol em jogo emocionante O Palermo venceu o Sudtirol com autoridade por&hellip;<\/p>\n","protected":false},"author":1,"featured_media":57481,"comment_status":"open","ping_status":"open","sticky":false,"template":"","format":"standard","meta":{"content-type":"","pmpro_default_level":"","_lmt_disableupdate":"","_lmt_disable":"","_league":1,"_fixture":1234699,"penci_pfeatured_image_ratio":"","penci_single_style":"","footnotes":""},"categories":[1],"tags":[633,1530],"class_list":["post-57482","post","type-post","status-publish","format-standard","has-post-thumbnail","hentry","category-uncategorized","tag-palermo-italy-522","tag-sudtirol-italy-1578","pmpro-has-access"],"_links":{"self":[{"href":"https:\/\/soccer.aidatasports.com\/pt\/wp-json\/wp\/v2\/posts\/57482"}],"collection":[{"href":"https:\/\/soccer.aidatasports.com\/pt\/wp-json\/wp\/v2\/posts"}],"about":[{"href":"https:\/\/soccer.aidatasports.com\/pt\/wp-json\/wp\/v2\/types\/post"}],"author":[{"embeddable":true,"href":"https:\/\/soccer.aidatasports.com\/pt\/wp-json\/wp\/v2\/users\/1"}],"replies":[{"embeddable":true,"href":"https:\/\/soccer.aidatasports.com\/pt\/wp-json\/wp\/v2\/comments?post=57482"}],"version-history":[{"count":0,"href":"https:\/\/soccer.aidatasports.com\/pt\/wp-json\/wp\/v2\/posts\/57482\/revisions"}],"wp:featuredmedia":[{"embeddable":true,"href":"https:\/\/soccer.aidatasports.com\/pt\/wp-json\/wp\/v2\/media\/57481"}],"wp:attachment":[{"href":"https:\/\/soccer.aidatasports.com\/pt\/wp-json\/wp\/v2\/media?parent=57482"}],"wp:term":[{"taxonomy":"category","embeddable":true,"href":"https:\/\/soccer.aidatasports.com\/pt\/wp-json\/wp\/v2\/categories?post=57482"},{"taxonomy":"post_tag","embeddable":true,"href":"https:\/\/soccer.aidatasports.com\/pt\/wp-json\/wp\/v2\/tags?post=57482"}],"curies":[{"name":"wp","href":"https:\/\/api.w.org\/{rel}","templated":true}]}}