{"id":56071,"date":"2024-09-28T16:40:27","date_gmt":"2024-09-28T16:40:27","guid":{"rendered":"https:\/\/soccer.aidatasports.com\/pt\/uncategorized\/cadiz-vs-eldense-sep-28-2024-1415-utc\/"},"modified":"2024-09-28T16:40:27","modified_gmt":"2024-09-28T16:40:27","slug":"cadiz-vs-eldense-sep-28-2024-1415-utc","status":"publish","type":"post","link":"https:\/\/soccer.aidatasports.com\/pt\/uncategorized\/cadiz-vs-eldense-sep-28-2024-1415-utc\/","title":{"rendered":"Cadiz vs Eldense Sep 28 2024 14:15 UTC"},"content":{"rendered":"<h1>O Eldense consegue um empate emocionante contra o Cadiz<\/h1>\n<p>O Eldense conseguiu um empate emocionante de 2 a 2 contra o Cadiz em um jogo emocionante disputado no Est\u00e1dio Nuevo Mirandilla.<\/p>\n<p>A partida come\u00e7ou com o Cadiz dominando a posse de bola e criando mais chances. No entanto, o Eldense soube se defender bem e aproveitar suas oportunidades.<\/p>\n<p>No minuto 20, o Eldense abriu o placar com um gol de V\u00edctor Garc\u00eda, com assist\u00eancia de Francisco Gamez.<\/p>\n<p>O Cadiz empatou no minuto 65, com um gol de Jes\u00fas Ontiveros, com assist\u00eancia de Rub\u00e9n Kouam\u00e9.<\/p>\n<p>O Eldense empatou novamente no minuto 72, com um p\u00eanalti convertido por Marcos Mateu.<\/p>\n<p>O jogo permaneceu equilibrado at\u00e9 o apito final, com ambas as equipes buscando a vit\u00f3ria. O Eldense teve mais chances claras de gol, mas o Cadiz soube se defender com solidez.<\/p>\n<p><strong>Estat\u00edsticas do jogo:<\/strong><\/p>\n<p>* <strong>Posse de bola:<\/strong> Cadiz 55%, Eldense 45%<br \/>\n* <strong>Chutes:<\/strong> Cadiz 20 (6 no alvo), Eldense 15 (6 no alvo)<br \/>\n* <strong>Escanteios:<\/strong> Cadiz 2, Eldense 4<br \/>\n* <strong>Faltas:<\/strong> Cadiz 23, Eldense 17<br \/>\n* <strong>Cart\u00f5es amarelos:<\/strong> Cadiz 1, Eldense 5<br \/>\n* <strong>Cart\u00f5es vermelhos:<\/strong> Nenhum<\/p>\n<p><strong>Eventos importantes:<\/strong><\/p>\n<p>* <strong>Minuto 8:<\/strong> Cart\u00e3o amarelo para Antonio Bernal (Eldense)<br \/>\n* <strong>Minuto 20:<\/strong> Gol do Eldense por V\u00edctor Garc\u00eda (assist\u00eancia de Francisco Gamez)<br \/>\n* <strong>Minuto 24:<\/strong> Cart\u00e3o amarelo para Nacho Quintana (Eldense)<br \/>\n* <strong>Minuto 65:<\/strong> Gol do Cadiz por Jes\u00fas Ontiveros (assist\u00eancia de Rub\u00e9n Kouam\u00e9)<br \/>\n* <strong>Minuto 72:<\/strong> Gol do Eldense por Marcos Mateu (p\u00eanalti)<br \/>\n* <strong>Minuto 75:<\/strong> Cart\u00e3o amarelo para Francisco Gamez (Eldense)<br \/>\n* <strong>Minuto 77:<\/strong> Cart\u00e3o amarelo para Youness (Eldense)<br \/>\n* <strong>Minuto 89:<\/strong> Cart\u00e3o amarelo para Marcos Mateu (Eldense)<br \/>\n* <strong>Minuto 90:<\/strong> Cart\u00e3o amarelo para \u00c1lex Fern\u00e1ndez (Cadiz)<\/p>\n<p><strong>Conclus\u00e3o:<\/strong><\/p>\n<p>O Eldense conquistou um ponto importante na sua visita ao Cadiz. A equipe de Elda demonstrou car\u00e1ter e capacidade de rea\u00e7\u00e3o para empatar uma partida que se complicou. O Cadiz, por sua vez, precisar\u00e1 melhorar a sua efici\u00eancia na frente do gol se quiser lutar pelas posi\u00e7\u00f5es de acesso.<\/p>\n<p>Substitui\u00f5es na equipe de cadiz: Aos 30 minutos, F. Mwepu entrou e F. San Emeterio saiu., Aos 46 minutos, I. Alejo entrou e B. Ocampo saiu., Aos 58 minutos, R. Kouame entrou e G. Escalante saiu., Aos 80 minutos, A. Fernandez entrou e R. Alcaraz saiu., Aos 80 minutos, C. Fernandez entrou e Matos Jose saiu. <\/p>\n<p>Substitui\u00f5es na equipe de eldense: Aos 57 minutos, D. Timor entrou e V. Camarasa saiu., Aos 57 minutos, I. Martos entrou e I. Chapela saiu., Aos 74 minutos, J. Ortuno entrou e A. Bernal saiu., Aos 74 minutos, Youness entrou e Quintana Nacho saiu., Aos 90 minutos, N. Monsalve entrou e M. Mateu saiu. <\/p>\n<p>As equipes se alinharam da seguinte forma:<\/p>\n<div class=\"lineups-container\">\n<style>\n                .lineups-container {\n                    display: flex;\n                    justify-content: space-around;\n                    flex-wrap: wrap;\n                }\n                .team-lineup {\n                    width: 49%;\n                    margin-bottom: 20px;\n                    border: 1px solid #ccc;\n                    padding: 5px;\n                }\n                .team-lineup h3 {\n                    text-align: center;\n                    margin-bottom: 10px;\n                }\n                .players-container {\n                    display: flex;\n                    justify-content: space-between;\n                }\n                .players-container div {\n                    width: 100%;\n                }\n                .player {\n                    display: flex;\n                    align-items: center;\n                    margin-bottom: 5px;\n                }\n                .player img {\n                    width: 30px;\n                    height: 30px;\n                    border-radius: 50%;\n                    margin-right: 10px;\n                }\n                    @media (max-width: 600px) {\n                    .team-lineup {\n                        width: 100%;\n                    }\n                }\n                <\/style>\n<div class=\"team-lineup\">\n<h3>Cadiz<\/h3>\n<p><img decoding=\"async\" src=\"https:\/\/media.api-sports.io\/football\/teams\/724.png\" alt=\"Cadiz\" style=\"width: 50px; height: 50px;\"><\/p>\n<div class=\"players-container\">\n<div>\n<h4>Titulares:<\/h4>\n<div class=\"player\"><a href=\"https:\/\/soccer.aidatasports.com\/pt\/players\/David-Gil-46755\"><img decoding=\"async\" src=\"https:\/\/soccer.aidatasports.com\/images\/players\/46755.png\" alt=\"David Gil\" onerror=\"this.onerror=null;this.src='https:\/\/soccer.aidatasports.com\/images\/players\/default-player.png';\"><span>David Gil<\/span><\/a><\/div>\n<div class=\"player\"><a href=\"https:\/\/soccer.aidatasports.com\/pt\/players\/Iza-Carcel\u00e9n-47100\"><img decoding=\"async\" src=\"https:\/\/soccer.aidatasports.com\/images\/players\/47100.png\" alt=\"Iza Carcel\u00e9n\" onerror=\"this.onerror=null;this.src='https:\/\/soccer.aidatasports.com\/images\/players\/default-player.png';\"><span>Iza Carcel\u00e9n<\/span><\/a><\/div>\n<div class=\"player\"><a href=\"https:\/\/soccer.aidatasports.com\/pt\/players\/V\u00edctor-Chust-162058\"><img decoding=\"async\" src=\"https:\/\/soccer.aidatasports.com\/images\/players\/162058.png\" alt=\"V\u00edctor Chust\" onerror=\"this.onerror=null;this.src='https:\/\/soccer.aidatasports.com\/images\/players\/default-player.png';\"><span>V\u00edctor Chust<\/span><\/a><\/div>\n<div class=\"player\"><a href=\"https:\/\/soccer.aidatasports.com\/pt\/players\/Cristian-Glauder-80112\"><img decoding=\"async\" src=\"https:\/\/soccer.aidatasports.com\/images\/players\/80112.png\" alt=\"Cristian Glauder\" onerror=\"this.onerror=null;this.src='https:\/\/soccer.aidatasports.com\/images\/players\/default-player.png';\"><span>Cristian Glauder<\/span><\/a><\/div>\n<div class=\"player\"><a href=\"https:\/\/soccer.aidatasports.com\/pt\/players\/Jose-Matos-46763\"><img decoding=\"async\" src=\"https:\/\/soccer.aidatasports.com\/images\/players\/46763.png\" alt=\"Jose Matos\" onerror=\"this.onerror=null;this.src='https:\/\/soccer.aidatasports.com\/images\/players\/default-player.png';\"><span>Jose Matos<\/span><\/a><\/div>\n<div class=\"player\"><a href=\"https:\/\/soccer.aidatasports.com\/pt\/players\/Gonzalo-Escalante-47388\"><img decoding=\"async\" src=\"https:\/\/soccer.aidatasports.com\/images\/players\/47388.png\" alt=\"Gonzalo Escalante\" onerror=\"this.onerror=null;this.src='https:\/\/soccer.aidatasports.com\/images\/players\/default-player.png';\"><span>Gonzalo Escalante<\/span><\/a><\/div>\n<div class=\"player\"><a href=\"https:\/\/soccer.aidatasports.com\/pt\/players\/Fede-San-Emeterio-46691\"><img decoding=\"async\" src=\"https:\/\/soccer.aidatasports.com\/images\/players\/46691.png\" alt=\"Fede San Emeterio\" onerror=\"this.onerror=null;this.src='https:\/\/soccer.aidatasports.com\/images\/players\/default-player.png';\"><span>Fede San Emeterio<\/span><\/a><\/div>\n<div class=\"player\"><a href=\"https:\/\/soccer.aidatasports.com\/pt\/players\/Rub\u00e9n-Alcaraz-47485\"><img decoding=\"async\" src=\"https:\/\/soccer.aidatasports.com\/images\/players\/47485.png\" alt=\"Rub\u00e9n Alcaraz\" onerror=\"this.onerror=null;this.src='https:\/\/soccer.aidatasports.com\/images\/players\/default-player.png';\"><span>Rub\u00e9n Alcaraz<\/span><\/a><\/div>\n<div class=\"player\"><a href=\"https:\/\/soccer.aidatasports.com\/pt\/players\/Brian-Ocampo-51588\"><img decoding=\"async\" src=\"https:\/\/soccer.aidatasports.com\/images\/players\/51588.png\" alt=\"Brian Ocampo\" onerror=\"this.onerror=null;this.src='https:\/\/soccer.aidatasports.com\/images\/players\/default-player.png';\"><span>Brian Ocampo<\/span><\/a><\/div>\n<div class=\"player\"><a href=\"https:\/\/soccer.aidatasports.com\/pt\/players\/Chris-Ramos-104792\"><img decoding=\"async\" src=\"https:\/\/soccer.aidatasports.com\/images\/players\/104792.png\" alt=\"Chris Ramos\" onerror=\"this.onerror=null;this.src='https:\/\/soccer.aidatasports.com\/images\/players\/default-player.png';\"><span>Chris Ramos<\/span><\/a><\/div>\n<div class=\"player\"><a href=\"https:\/\/soccer.aidatasports.com\/pt\/players\/Javier-Ontiveros-46832\"><img decoding=\"async\" src=\"https:\/\/soccer.aidatasports.com\/images\/players\/46832.png\" alt=\"Javier Ontiveros\" onerror=\"this.onerror=null;this.src='https:\/\/soccer.aidatasports.com\/images\/players\/default-player.png';\"><span>Javier Ontiveros<\/span><\/a><\/div>\n<\/div>\n<div>\n<h4>Suplentes:<\/h4>\n<div class=\"player\"><a href=\"https:\/\/soccer.aidatasports.com\/pt\/players\/Francisco-Mwepu-276995\"><img decoding=\"async\" src=\"https:\/\/soccer.aidatasports.com\/images\/players\/276995.png\" alt=\"Francisco Mwepu\" onerror=\"this.onerror=null;this.src='https:\/\/soccer.aidatasports.com\/images\/players\/default-player.png';\"><span>Francisco Mwepu<\/span><\/a><\/div>\n<div class=\"player\"><a href=\"https:\/\/soccer.aidatasports.com\/pt\/players\/Iv\u00e1n-Alejo-46824\"><img decoding=\"async\" src=\"https:\/\/soccer.aidatasports.com\/images\/players\/46824.png\" alt=\"Iv\u00e1n Alejo\" onerror=\"this.onerror=null;this.src='https:\/\/soccer.aidatasports.com\/images\/players\/default-player.png';\"><span>Iv\u00e1n Alejo<\/span><\/a><\/div>\n<div class=\"player\"><a href=\"https:\/\/soccer.aidatasports.com\/pt\/players\/Rominigue-Kouam\u00e9-20608\"><img decoding=\"async\" src=\"https:\/\/soccer.aidatasports.com\/images\/players\/20608.png\" alt=\"Rominigue Kouam\u00e9\" onerror=\"this.onerror=null;this.src='https:\/\/soccer.aidatasports.com\/images\/players\/default-player.png';\"><span>Rominigue Kouam\u00e9<\/span><\/a><\/div>\n<div class=\"player\"><a href=\"https:\/\/soccer.aidatasports.com\/pt\/players\/Jos\u00e9-Antonio-Caro-46698\"><img decoding=\"async\" src=\"https:\/\/soccer.aidatasports.com\/images\/players\/46698.png\" alt=\"Jos\u00e9 Antonio Caro\" onerror=\"this.onerror=null;this.src='https:\/\/soccer.aidatasports.com\/images\/players\/default-player.png';\"><span>Jos\u00e9 Antonio Caro<\/span><\/a><\/div>\n<div class=\"player\"><a href=\"https:\/\/soccer.aidatasports.com\/pt\/players\/Julio-Cabrera-385441\"><img decoding=\"async\" src=\"https:\/\/soccer.aidatasports.com\/images\/players\/385441.png\" alt=\"Julio Cabrera\" onerror=\"this.onerror=null;this.src='https:\/\/soccer.aidatasports.com\/images\/players\/default-player.png';\"><span>Julio Cabrera<\/span><\/a><\/div>\n<div class=\"player\"><a href=\"https:\/\/soccer.aidatasports.com\/pt\/players\/Bojan-Kova\u010devi\u0107-335921\"><img decoding=\"async\" src=\"https:\/\/soccer.aidatasports.com\/images\/players\/335921.png\" alt=\"Bojan Kova\u010devi\u0107\" onerror=\"this.onerror=null;this.src='https:\/\/soccer.aidatasports.com\/images\/players\/default-player.png';\"><span>Bojan Kova\u010devi\u0107<\/span><\/a><\/div>\n<div class=\"player\"><a href=\"https:\/\/soccer.aidatasports.com\/pt\/players\/Joseba-Zald\u00faa-47307\"><img decoding=\"async\" src=\"https:\/\/soccer.aidatasports.com\/images\/players\/47307.png\" alt=\"Joseba Zald\u00faa\" onerror=\"this.onerror=null;this.src='https:\/\/soccer.aidatasports.com\/images\/players\/default-player.png';\"><span>Joseba Zald\u00faa<\/span><\/a><\/div>\n<div class=\"player\"><a href=\"https:\/\/soccer.aidatasports.com\/pt\/players\/\u00c1lex-Fern\u00e1ndez-46769\"><img decoding=\"async\" src=\"https:\/\/soccer.aidatasports.com\/images\/players\/46769.png\" alt=\"\u00c1lex Fern\u00e1ndez\" onerror=\"this.onerror=null;this.src='https:\/\/soccer.aidatasports.com\/images\/players\/default-player.png';\"><span>\u00c1lex Fern\u00e1ndez<\/span><\/a><\/div>\n<div class=\"player\"><a href=\"https:\/\/soccer.aidatasports.com\/pt\/players\/Rub\u00e9n-Sobrino-937\"><img decoding=\"async\" src=\"https:\/\/soccer.aidatasports.com\/images\/players\/937.png\" alt=\"Rub\u00e9n Sobrino\" onerror=\"this.onerror=null;this.src='https:\/\/soccer.aidatasports.com\/images\/players\/default-player.png';\"><span>Rub\u00e9n Sobrino<\/span><\/a><\/div>\n<div class=\"player\"><a href=\"https:\/\/soccer.aidatasports.com\/pt\/players\/Jose-Antonio-de-la-Rosa-386491\"><img decoding=\"async\" src=\"https:\/\/soccer.aidatasports.com\/images\/players\/386491.png\" alt=\"Jose Antonio de la Rosa\" onerror=\"this.onerror=null;this.src='https:\/\/soccer.aidatasports.com\/images\/players\/default-player.png';\"><span>Jose Antonio de la Rosa<\/span><\/a><\/div>\n<div class=\"player\"><a href=\"https:\/\/soccer.aidatasports.com\/pt\/players\/Carlos-Fern\u00e1ndez-46808\"><img decoding=\"async\" src=\"https:\/\/soccer.aidatasports.com\/images\/players\/46808.png\" alt=\"Carlos Fern\u00e1ndez\" onerror=\"this.onerror=null;this.src='https:\/\/soccer.aidatasports.com\/images\/players\/default-player.png';\"><span>Carlos Fern\u00e1ndez<\/span><\/a><\/div>\n<\/div>\n<\/div>\n<\/div>\n<div class=\"team-lineup\">\n<h3>Eldense<\/h3>\n<p><img decoding=\"async\" src=\"https:\/\/media.api-sports.io\/football\/teams\/9692.png\" alt=\"Eldense\" style=\"width: 50px; height: 50px;\"><\/p>\n<div class=\"players-container\">\n<div>\n<h4>Titulares:<\/h4>\n<div class=\"player\"><a href=\"https:\/\/soccer.aidatasports.com\/pt\/players\/Ian-Mackay-Abad-122811\"><img decoding=\"async\" src=\"https:\/\/soccer.aidatasports.com\/images\/players\/122811.png\" alt=\"Ian Mackay Abad\" onerror=\"this.onerror=null;this.src='https:\/\/soccer.aidatasports.com\/images\/players\/default-player.png';\"><span>Ian Mackay Abad<\/span><\/a><\/div>\n<div class=\"player\"><a href=\"https:\/\/soccer.aidatasports.com\/pt\/players\/Fran-G\u00e1mez-46732\"><img decoding=\"async\" src=\"https:\/\/soccer.aidatasports.com\/images\/players\/46732.png\" alt=\"Fran G\u00e1mez\" onerror=\"this.onerror=null;this.src='https:\/\/soccer.aidatasports.com\/images\/players\/default-player.png';\"><span>Fran G\u00e1mez<\/span><\/a><\/div>\n<div class=\"player\"><a href=\"https:\/\/soccer.aidatasports.com\/pt\/players\/Dario-\u0110umi\u0107-25117\"><img decoding=\"async\" src=\"https:\/\/soccer.aidatasports.com\/images\/players\/25117.png\" alt=\"Dario \u0110umi\u0107\" onerror=\"this.onerror=null;this.src='https:\/\/soccer.aidatasports.com\/images\/players\/default-player.png';\"><span>Dario \u0110umi\u0107<\/span><\/a><\/div>\n<div class=\"player\"><a href=\"https:\/\/soccer.aidatasports.com\/pt\/players\/I\u00f1igo-Sebasti\u00e1n-Magana-179266\"><img decoding=\"async\" src=\"https:\/\/soccer.aidatasports.com\/images\/players\/179266.png\" alt=\"I\u00f1igo Sebasti\u00e1n Magana\" onerror=\"this.onerror=null;this.src='https:\/\/soccer.aidatasports.com\/images\/players\/default-player.png';\"><span>I\u00f1igo Sebasti\u00e1n Magana<\/span><\/a><\/div>\n<div class=\"player\"><a href=\"https:\/\/soccer.aidatasports.com\/pt\/players\/Marc-Mateu-47139\"><img decoding=\"async\" src=\"https:\/\/soccer.aidatasports.com\/images\/players\/47139.png\" alt=\"Marc Mateu\" onerror=\"this.onerror=null;this.src='https:\/\/soccer.aidatasports.com\/images\/players\/default-player.png';\"><span>Marc Mateu<\/span><\/a><\/div>\n<div class=\"player\"><a href=\"https:\/\/soccer.aidatasports.com\/pt\/players\/V\u00edctor-Garc\u00eda-46790\"><img decoding=\"async\" src=\"https:\/\/soccer.aidatasports.com\/images\/players\/46790.png\" alt=\"V\u00edctor Garc\u00eda\" onerror=\"this.onerror=null;this.src='https:\/\/soccer.aidatasports.com\/images\/players\/default-player.png';\"><span>V\u00edctor Garc\u00eda<\/span><\/a><\/div>\n<div class=\"player\"><a href=\"https:\/\/soccer.aidatasports.com\/pt\/players\/V\u00edctor-Camarasa-18998\"><img decoding=\"async\" src=\"https:\/\/soccer.aidatasports.com\/images\/players\/18998.png\" alt=\"V\u00edctor Camarasa\" onerror=\"this.onerror=null;this.src='https:\/\/soccer.aidatasports.com\/images\/players\/default-player.png';\"><span>V\u00edctor Camarasa<\/span><\/a><\/div>\n<div class=\"player\"><a href=\"https:\/\/soccer.aidatasports.com\/pt\/players\/Sergio-Ortu\u00f1o-128035\"><img decoding=\"async\" src=\"https:\/\/soccer.aidatasports.com\/images\/players\/128035.png\" alt=\"Sergio Ortu\u00f1o\" onerror=\"this.onerror=null;this.src='https:\/\/soccer.aidatasports.com\/images\/players\/default-player.png';\"><span>Sergio Ortu\u00f1o<\/span><\/a><\/div>\n<div class=\"player\"><a href=\"https:\/\/soccer.aidatasports.com\/pt\/players\/Iv\u00e1n-Chapela-182757\"><img decoding=\"async\" src=\"https:\/\/soccer.aidatasports.com\/images\/players\/182757.png\" alt=\"Iv\u00e1n Chapela\" onerror=\"this.onerror=null;this.src='https:\/\/soccer.aidatasports.com\/images\/players\/default-player.png';\"><span>Iv\u00e1n Chapela<\/span><\/a><\/div>\n<div class=\"player\"><a href=\"https:\/\/soccer.aidatasports.com\/pt\/players\/Nacho-Quintana-161962\"><img decoding=\"async\" src=\"https:\/\/soccer.aidatasports.com\/images\/players\/161962.png\" alt=\"Nacho Quintana\" onerror=\"this.onerror=null;this.src='https:\/\/soccer.aidatasports.com\/images\/players\/default-player.png';\"><span>Nacho Quintana<\/span><\/a><\/div>\n<div class=\"player\"><a href=\"https:\/\/soccer.aidatasports.com\/pt\/players\/Alex-Bernal-181248\"><img decoding=\"async\" src=\"https:\/\/soccer.aidatasports.com\/images\/players\/181248.png\" alt=\"Alex Bernal\" onerror=\"this.onerror=null;this.src='https:\/\/soccer.aidatasports.com\/images\/players\/default-player.png';\"><span>Alex Bernal<\/span><\/a><\/div>\n<\/div>\n<div>\n<h4>Suplentes:<\/h4>\n<div class=\"player\"><a href=\"https:\/\/soccer.aidatasports.com\/pt\/players\/Iv\u00e1n-Martos-46910\"><img decoding=\"async\" src=\"https:\/\/soccer.aidatasports.com\/images\/players\/46910.png\" alt=\"Iv\u00e1n Martos\" onerror=\"this.onerror=null;this.src='https:\/\/soccer.aidatasports.com\/images\/players\/default-player.png';\"><span>Iv\u00e1n Martos<\/span><\/a><\/div>\n<div class=\"player\"><a href=\"https:\/\/soccer.aidatasports.com\/pt\/players\/David-Timor-47010\"><img decoding=\"async\" src=\"https:\/\/soccer.aidatasports.com\/images\/players\/47010.png\" alt=\"David Timor\" onerror=\"this.onerror=null;this.src='https:\/\/soccer.aidatasports.com\/images\/players\/default-player.png';\"><span>David Timor<\/span><\/a><\/div>\n<div class=\"player\"><a href=\"https:\/\/soccer.aidatasports.com\/pt\/players\/Dani-Mart\u00edn-46871\"><img decoding=\"async\" src=\"https:\/\/soccer.aidatasports.com\/images\/players\/46871.png\" alt=\"Dani Mart\u00edn\" onerror=\"this.onerror=null;this.src='https:\/\/soccer.aidatasports.com\/images\/players\/default-player.png';\"><span>Dani Mart\u00edn<\/span><\/a><\/div>\n<div class=\"player\"><a href=\"https:\/\/soccer.aidatasports.com\/pt\/players\/Nacho-Monsalve-36834\"><img decoding=\"async\" src=\"https:\/\/soccer.aidatasports.com\/images\/players\/36834.png\" alt=\"Nacho Monsalve\" onerror=\"this.onerror=null;this.src='https:\/\/soccer.aidatasports.com\/images\/players\/default-player.png';\"><span>Nacho Monsalve<\/span><\/a><\/div>\n<div class=\"player\"><a href=\"https:\/\/soccer.aidatasports.com\/pt\/players\/Youness-Lachhab-185106\"><img decoding=\"async\" src=\"https:\/\/soccer.aidatasports.com\/images\/players\/185106.png\" alt=\"Youness Lachhab\" onerror=\"this.onerror=null;this.src='https:\/\/soccer.aidatasports.com\/images\/players\/default-player.png';\"><span>Youness Lachhab<\/span><\/a><\/div>\n<div class=\"player\"><a href=\"https:\/\/soccer.aidatasports.com\/pt\/players\/Christian-Montes-15387\"><img decoding=\"async\" src=\"https:\/\/soccer.aidatasports.com\/images\/players\/15387.png\" alt=\"Christian Montes\" onerror=\"this.onerror=null;this.src='https:\/\/soccer.aidatasports.com\/images\/players\/default-player.png';\"><span>Christian Montes<\/span><\/a><\/div>\n<div class=\"player\"><a href=\"https:\/\/soccer.aidatasports.com\/pt\/players\/Francisco-Geraldes-1487\"><img decoding=\"async\" src=\"https:\/\/soccer.aidatasports.com\/images\/players\/1487.png\" alt=\"Francisco Geraldes\" onerror=\"this.onerror=null;this.src='https:\/\/soccer.aidatasports.com\/images\/players\/default-player.png';\"><span>Francisco Geraldes<\/span><\/a><\/div>\n<div class=\"player\"><a href=\"https:\/\/soccer.aidatasports.com\/pt\/players\/Juanto-Ortu\u00f1o-104425\"><img decoding=\"async\" src=\"https:\/\/soccer.aidatasports.com\/images\/players\/104425.png\" alt=\"Juanto Ortu\u00f1o\" onerror=\"this.onerror=null;this.src='https:\/\/soccer.aidatasports.com\/images\/players\/default-player.png';\"><span>Juanto Ortu\u00f1o<\/span><\/a><\/div>\n<div class=\"player\"><a href=\"https:\/\/soccer.aidatasports.com\/pt\/players\/Simo-Bouzaidi-163416\"><img decoding=\"async\" src=\"https:\/\/soccer.aidatasports.com\/images\/players\/163416.png\" alt=\"Simo Bouzaidi\" onerror=\"this.onerror=null;this.src='https:\/\/soccer.aidatasports.com\/images\/players\/default-player.png';\"><span>Simo Bouzaidi<\/span><\/a><\/div>\n<div class=\"player\"><a href=\"https:\/\/soccer.aidatasports.com\/pt\/players\/Unai-Ropero-197800\"><img decoding=\"async\" src=\"https:\/\/soccer.aidatasports.com\/images\/players\/197800.png\" alt=\"Unai Ropero\" onerror=\"this.onerror=null;this.src='https:\/\/soccer.aidatasports.com\/images\/players\/default-player.png';\"><span>Unai Ropero<\/span><\/a><\/div>\n<div class=\"player\"><a href=\"https:\/\/soccer.aidatasports.com\/pt\/players\/Sixtus-Ogbuehi-405719\"><img decoding=\"async\" src=\"https:\/\/soccer.aidatasports.com\/images\/players\/405719.png\" alt=\"Sixtus Ogbuehi\" onerror=\"this.onerror=null;this.src='https:\/\/soccer.aidatasports.com\/images\/players\/default-player.png';\"><span>Sixtus Ogbuehi<\/span><\/a><\/div>\n<div class=\"player\"><a href=\"https:\/\/soccer.aidatasports.com\/pt\/players\/Joel-Jorquera-183927\"><img decoding=\"async\" src=\"https:\/\/soccer.aidatasports.com\/images\/players\/183927.png\" alt=\"Joel Jorquera\" onerror=\"this.onerror=null;this.src='https:\/\/soccer.aidatasports.com\/images\/players\/default-player.png';\"><span>Joel Jorquera<\/span><\/a><\/div>\n<\/div>\n<\/div>\n<\/div>\n<\/div>\n<div id=\"wg-api-football-game\"\n                    data-host=\"xxxxx\"\n                    data-key=\"xxxx\"\n                    data-id=\"1217567\"\n                    data-theme=\"\"\n                    data-refresh=\"15\"\n                    data-show-errors=\"false\"\n                    data-show-logos=\"true\"><br \/>\n                    class=&#8221;wg_loader&#8221;>\n                <\/div>\n<div id=\"wg-api-football-standings\"\n                    data-host=\"xxxx\"\n                    data-key=\"ddddd\"\n                    data-league=\"141\"\n                    data-team=\"\"\n                    data-season=\"2024\"\n                    data-theme=\"\"\n                    data-show-errors=\"false\"\n                    data-show-logos=\"true\"\n                    class=\"wg_loader\">\n                <\/div>\n<p>                <script\n                    type=\"module\"\n                    src=\"https:\/\/soccer.aidatasports.com\/wp-content\/customjs\/widgetslocal.js\">\n                <\/script><\/p>\n","protected":false},"excerpt":{"rendered":"<p>O Eldense consegue um empate emocionante contra o Cadiz O Eldense conseguiu um empate emocionante&hellip;<\/p>\n","protected":false},"author":1,"featured_media":56070,"comment_status":"open","ping_status":"open","sticky":false,"template":"","format":"standard","meta":{"content-type":"","pmpro_default_level":"","_lmt_disableupdate":"","_lmt_disable":"","_league":1,"_fixture":1217567,"penci_pfeatured_image_ratio":"","penci_single_style":"","footnotes":""},"categories":[1],"tags":[809,6823],"class_list":["post-56071","post","type-post","status-publish","format-standard","has-post-thumbnail","hentry","category-uncategorized","tag-cadiz-spain-724","tag-eldense-spain-9692","pmpro-has-access"],"_links":{"self":[{"href":"https:\/\/soccer.aidatasports.com\/pt\/wp-json\/wp\/v2\/posts\/56071"}],"collection":[{"href":"https:\/\/soccer.aidatasports.com\/pt\/wp-json\/wp\/v2\/posts"}],"about":[{"href":"https:\/\/soccer.aidatasports.com\/pt\/wp-json\/wp\/v2\/types\/post"}],"author":[{"embeddable":true,"href":"https:\/\/soccer.aidatasports.com\/pt\/wp-json\/wp\/v2\/users\/1"}],"replies":[{"embeddable":true,"href":"https:\/\/soccer.aidatasports.com\/pt\/wp-json\/wp\/v2\/comments?post=56071"}],"version-history":[{"count":0,"href":"https:\/\/soccer.aidatasports.com\/pt\/wp-json\/wp\/v2\/posts\/56071\/revisions"}],"wp:featuredmedia":[{"embeddable":true,"href":"https:\/\/soccer.aidatasports.com\/pt\/wp-json\/wp\/v2\/media\/56070"}],"wp:attachment":[{"href":"https:\/\/soccer.aidatasports.com\/pt\/wp-json\/wp\/v2\/media?parent=56071"}],"wp:term":[{"taxonomy":"category","embeddable":true,"href":"https:\/\/soccer.aidatasports.com\/pt\/wp-json\/wp\/v2\/categories?post=56071"},{"taxonomy":"post_tag","embeddable":true,"href":"https:\/\/soccer.aidatasports.com\/pt\/wp-json\/wp\/v2\/tags?post=56071"}],"curies":[{"name":"wp","href":"https:\/\/api.w.org\/{rel}","templated":true}]}}