{"id":48029,"date":"2024-09-16T20:01:51","date_gmt":"2024-09-16T20:01:51","guid":{"rendered":"https:\/\/soccer.aidatasports.com\/pt\/uncategorized\/jong-psv-vs-ado-den-haag-sep-16-2024-1800-utc\/"},"modified":"2024-09-16T20:01:51","modified_gmt":"2024-09-16T20:01:51","slug":"jong-psv-vs-ado-den-haag-sep-16-2024-1800-utc","status":"publish","type":"post","link":"https:\/\/soccer.aidatasports.com\/pt\/uncategorized\/jong-psv-vs-ado-den-haag-sep-16-2024-1800-utc\/","title":{"rendered":"Jong PSV vs ADO Den Haag Sep 16 2024 18:00 UTC"},"content":{"rendered":"<h1>Jong PSV vs ADO Den Haag: Um jogo renhido com vit\u00f3ria do ADO Den Haag<\/h1>\n<p><strong>Eindhoven, Pa\u00edses Baixos &#8211;<\/strong> Jong PSV e ADO Den Haag se enfrentaram em uma emocionante partida da Eerste Divisie em 16 de setembro de 2024. O ADO Den Haag venceu por 3-2 em um encontro marcado pela igualdade e intensidade.<\/p>\n<p>O primeiro gol aconteceu no minuto 23, quando E. Bars abriu o placar para o Jong PSV. No entanto, o ADO Den Haag conseguiu empatar no minuto 48 com um gol de F. de Bruin. O time visitante assumiu a lideran\u00e7a no placar no minuto 60 gra\u00e7as a um gol de D. van Mieghem.<\/p>\n<p>O Jong PSV tentou reagir, mas o ADO Den Haag foi muito s\u00f3lido na defesa. Finalmente, no minuto 88, S. van der Plas marcou um gol para o Jong PSV, mas o ADO Den Haag selou a vit\u00f3ria com um gol no minuto 88 de um jogador n\u00e3o identificado.<\/p>\n<p>A partida foi bastante renhida, com ambas as equipes tendo chances de gol. O Jong PSV teve mais posse de bola (56%), mas o ADO Den Haag chutou mais vezes a gol (3 contra 3) e foi mais eficaz no ataque. O ADO Den Haag tamb\u00e9m foi mais agressivo, cometendo 20 faltas contra 14 do Jong PSV.<\/p>\n<p><strong>Em resumo, o ADO Den Haag conquistou uma importante vit\u00f3ria em uma partida muito disputada.<\/strong><\/p>\n<p>Substitui\u00f5es na equipe de jong psv: Aos 58 minutos, D. Gilbert entrou e J. Simons saiu., Aos 74 minutos, M. Younis entrou e J. Bawuah saiu., Aos 74 minutos, J. Ndala entrou e T. Abed saiu., Aos 80 minutos, N. Verkooijen entrou e E. Bars saiu. <\/p>\n<p>Substitui\u00f5es na equipe de ado den haag: Aos 59 minutos, D. Granli entrou e S. Esajas saiu., Aos 80 minutos, E. Mohammad entrou e S. Van Der Sloot saiu., Aos 88 minutos, M. Hokke entrou e S. Sylla saiu. <\/p>\n<p>As equipes se alinharam da seguinte forma:<\/p>\n<div class=\"lineups-container\">\n<style>\n                .lineups-container {\n                    display: flex;\n                    justify-content: space-around;\n                    flex-wrap: wrap;\n                }\n                .team-lineup {\n                    width: 49%;\n                    margin-bottom: 20px;\n                    border: 1px solid #ccc;\n                    padding: 5px;\n                }\n                .team-lineup h3 {\n                    text-align: center;\n                    margin-bottom: 10px;\n                }\n                .players-container {\n                    display: flex;\n                    justify-content: space-between;\n                }\n                .players-container div {\n                    width: 100%;\n                }\n                .player {\n                    display: flex;\n                    align-items: center;\n                    margin-bottom: 5px;\n                }\n                .player img {\n                    width: 30px;\n                    height: 30px;\n                    border-radius: 50%;\n                    margin-right: 10px;\n                }\n                    @media (max-width: 600px) {\n                    .team-lineup {\n                        width: 100%;\n                    }\n                }\n                <\/style>\n<div class=\"team-lineup\">\n<h3>Jong PSV<\/h3>\n<p><img decoding=\"async\" src=\"https:\/\/media.api-sports.io\/football\/teams\/411.png\" alt=\"Jong PSV\" style=\"width: 50px; height: 50px;\"><\/p>\n<div class=\"players-container\">\n<div>\n<h4>Titulares:<\/h4>\n<div class=\"player\"><a href=\"https:\/\/soccer.aidatasports.com\/pt\/players\/Tijn-Smolenaars-371523\"><img decoding=\"async\" src=\"https:\/\/soccer.aidatasports.com\/images\/players\/371523.png\" alt=\"Tijn Smolenaars\" onerror=\"this.onerror=null;this.src='https:\/\/soccer.aidatasports.com\/images\/players\/default-player.png';\"><span>Tijn Smolenaars<\/span><\/a><\/div>\n<div class=\"player\"><a href=\"https:\/\/soccer.aidatasports.com\/pt\/players\/Emmanuel-van-de-Blaak-312841\"><img decoding=\"async\" src=\"https:\/\/soccer.aidatasports.com\/images\/players\/312841.png\" alt=\"Emmanuel van de Blaak\" onerror=\"this.onerror=null;this.src='https:\/\/soccer.aidatasports.com\/images\/players\/default-player.png';\"><span>Emmanuel van de Blaak<\/span><\/a><\/div>\n<div class=\"player\"><a href=\"https:\/\/soccer.aidatasports.com\/pt\/players\/Sven-van-der-Plas-419628\"><img decoding=\"async\" src=\"https:\/\/soccer.aidatasports.com\/images\/players\/419628.png\" alt=\"Sven van der Plas\" onerror=\"this.onerror=null;this.src='https:\/\/soccer.aidatasports.com\/images\/players\/default-player.png';\"><span>Sven van der Plas<\/span><\/a><\/div>\n<div class=\"player\"><a href=\"https:\/\/soccer.aidatasports.com\/pt\/players\/Madi-Monamay-340676\"><img decoding=\"async\" src=\"https:\/\/soccer.aidatasports.com\/images\/players\/340676.png\" alt=\"Madi Monamay\" onerror=\"this.onerror=null;this.src='https:\/\/soccer.aidatasports.com\/images\/players\/default-player.png';\"><span>Madi Monamay<\/span><\/a><\/div>\n<div class=\"player\"><a href=\"https:\/\/soccer.aidatasports.com\/pt\/players\/Raf-van-de-Riet-439828\"><img decoding=\"async\" src=\"https:\/\/soccer.aidatasports.com\/images\/players\/439828.png\" alt=\"Raf van de Riet\" onerror=\"this.onerror=null;this.src='https:\/\/soccer.aidatasports.com\/images\/players\/default-player.png';\"><span>Raf van de Riet<\/span><\/a><\/div>\n<div class=\"player\"><a href=\"https:\/\/soccer.aidatasports.com\/pt\/players\/Enzo-Geerts-361350\"><img decoding=\"async\" src=\"https:\/\/soccer.aidatasports.com\/images\/players\/361350.png\" alt=\"Enzo Geerts\" onerror=\"this.onerror=null;this.src='https:\/\/soccer.aidatasports.com\/images\/players\/default-player.png';\"><span>Enzo Geerts<\/span><\/a><\/div>\n<div class=\"player\"><a href=\"https:\/\/soccer.aidatasports.com\/pt\/players\/Jordy-Bawuah-439829\"><img decoding=\"async\" src=\"https:\/\/soccer.aidatasports.com\/images\/players\/439829.png\" alt=\"Jordy Bawuah\" onerror=\"this.onerror=null;this.src='https:\/\/soccer.aidatasports.com\/images\/players\/default-player.png';\"><span>Jordy Bawuah<\/span><\/a><\/div>\n<div class=\"player\"><a href=\"https:\/\/soccer.aidatasports.com\/pt\/players\/Tay-Abed-Kassus-328139\"><img decoding=\"async\" src=\"https:\/\/soccer.aidatasports.com\/images\/players\/328139.png\" alt=\"Tay Abed Kassus\" onerror=\"this.onerror=null;this.src='https:\/\/soccer.aidatasports.com\/images\/players\/default-player.png';\"><span>Tay Abed Kassus<\/span><\/a><\/div>\n<div class=\"player\"><a href=\"https:\/\/soccer.aidatasports.com\/pt\/players\/Jevon-Simons-432485\"><img decoding=\"async\" src=\"https:\/\/soccer.aidatasports.com\/images\/players\/432485.png\" alt=\"Jevon Simons\" onerror=\"this.onerror=null;this.src='https:\/\/soccer.aidatasports.com\/images\/players\/default-player.png';\"><span>Jevon Simons<\/span><\/a><\/div>\n<div class=\"player\"><a href=\"https:\/\/soccer.aidatasports.com\/pt\/players\/Emir-Bars-339888\"><img decoding=\"async\" src=\"https:\/\/soccer.aidatasports.com\/images\/players\/339888.png\" alt=\"Emir Bars\" onerror=\"this.onerror=null;this.src='https:\/\/soccer.aidatasports.com\/images\/players\/default-player.png';\"><span>Emir Bars<\/span><\/a><\/div>\n<div class=\"player\"><a href=\"https:\/\/soccer.aidatasports.com\/pt\/players\/Jesper-Uneken-409840\"><img decoding=\"async\" src=\"https:\/\/soccer.aidatasports.com\/images\/players\/409840.png\" alt=\"Jesper Uneken\" onerror=\"this.onerror=null;this.src='https:\/\/soccer.aidatasports.com\/images\/players\/default-player.png';\"><span>Jesper Uneken<\/span><\/a><\/div>\n<\/div>\n<div>\n<h4>Suplentes:<\/h4>\n<div class=\"player\"><a href=\"https:\/\/soccer.aidatasports.com\/pt\/players\/Dantaye-Gilbert-413079\"><img decoding=\"async\" src=\"https:\/\/soccer.aidatasports.com\/images\/players\/413079.png\" alt=\"Dantaye Gilbert\" onerror=\"this.onerror=null;this.src='https:\/\/soccer.aidatasports.com\/images\/players\/default-player.png';\"><span>Dantaye Gilbert<\/span><\/a><\/div>\n<div class=\"player\"><a href=\"https:\/\/soccer.aidatasports.com\/pt\/players\/Mikkel-Markdal-396214\"><img decoding=\"async\" src=\"https:\/\/soccer.aidatasports.com\/images\/players\/396214.png\" alt=\"Mikkel Markdal\" onerror=\"this.onerror=null;this.src='https:\/\/soccer.aidatasports.com\/images\/players\/default-player.png';\"><span>Mikkel Markdal<\/span><\/a><\/div>\n<div class=\"player\"><a href=\"https:\/\/soccer.aidatasports.com\/pt\/players\/Jens-Heylen-441046\"><img decoding=\"async\" src=\"https:\/\/soccer.aidatasports.com\/images\/players\/441046.png\" alt=\"Jens Heylen\" onerror=\"this.onerror=null;this.src='https:\/\/soccer.aidatasports.com\/images\/players\/default-player.png';\"><span>Jens Heylen<\/span><\/a><\/div>\n<div class=\"player\"><a href=\"https:\/\/soccer.aidatasports.com\/pt\/players\/Muhlis-Dagasan-390602\"><img decoding=\"async\" src=\"https:\/\/soccer.aidatasports.com\/images\/players\/390602.png\" alt=\"Muhlis Dagasan\" onerror=\"this.onerror=null;this.src='https:\/\/soccer.aidatasports.com\/images\/players\/default-player.png';\"><span>Muhlis Dagasan<\/span><\/a><\/div>\n<div class=\"player\"><a href=\"https:\/\/soccer.aidatasports.com\/pt\/players\/Nicolas-Verkooijen-441047\"><img decoding=\"async\" src=\"https:\/\/soccer.aidatasports.com\/images\/players\/441047.png\" alt=\"Nicolas Verkooijen\" onerror=\"this.onerror=null;this.src='https:\/\/soccer.aidatasports.com\/images\/players\/default-player.png';\"><span>Nicolas Verkooijen<\/span><\/a><\/div>\n<div class=\"player\"><a href=\"https:\/\/soccer.aidatasports.com\/pt\/players\/Marcus-Younis-404057\"><img decoding=\"async\" src=\"https:\/\/soccer.aidatasports.com\/images\/players\/404057.png\" alt=\"Marcus Younis\" onerror=\"this.onerror=null;this.src='https:\/\/soccer.aidatasports.com\/images\/players\/default-player.png';\"><span>Marcus Younis<\/span><\/a><\/div>\n<div class=\"player\"><a href=\"https:\/\/soccer.aidatasports.com\/pt\/players\/Tim-van-den-Heuvel-361480\"><img decoding=\"async\" src=\"https:\/\/soccer.aidatasports.com\/images\/players\/361480.png\" alt=\"Tim van den Heuvel\" onerror=\"this.onerror=null;this.src='https:\/\/soccer.aidatasports.com\/images\/players\/default-player.png';\"><span>Tim van den Heuvel<\/span><\/a><\/div>\n<div class=\"player\"><a href=\"https:\/\/soccer.aidatasports.com\/pt\/players\/Joel-Ndala-328096\"><img decoding=\"async\" src=\"https:\/\/soccer.aidatasports.com\/images\/players\/328096.png\" alt=\"Joel Ndala\" onerror=\"this.onerror=null;this.src='https:\/\/soccer.aidatasports.com\/images\/players\/default-player.png';\"><span>Joel Ndala<\/span><\/a><\/div>\n<div class=\"player\"><a href=\"https:\/\/soccer.aidatasports.com\/pt\/players\/Iggy-Houben-369530\"><img decoding=\"async\" src=\"https:\/\/soccer.aidatasports.com\/images\/players\/369530.png\" alt=\"Iggy Houben\" onerror=\"this.onerror=null;this.src='https:\/\/soccer.aidatasports.com\/images\/players\/default-player.png';\"><span>Iggy Houben<\/span><\/a><\/div>\n<\/div>\n<\/div>\n<\/div>\n<div class=\"team-lineup\">\n<h3>ADO Den Haag<\/h3>\n<p><img decoding=\"async\" src=\"https:\/\/media.api-sports.io\/football\/teams\/198.png\" alt=\"ADO Den Haag\" style=\"width: 50px; height: 50px;\"><\/p>\n<div class=\"players-container\">\n<div>\n<h4>Titulares:<\/h4>\n<div class=\"player\"><a href=\"https:\/\/soccer.aidatasports.com\/pt\/players\/Kilian-Niki\u00e8ma-140946\"><img decoding=\"async\" src=\"https:\/\/soccer.aidatasports.com\/images\/players\/140946.png\" alt=\"Kilian Niki\u00e8ma\" onerror=\"this.onerror=null;this.src='https:\/\/soccer.aidatasports.com\/images\/players\/default-player.png';\"><span>Kilian Niki\u00e8ma<\/span><\/a><\/div>\n<div class=\"player\"><a href=\"https:\/\/soccer.aidatasports.com\/pt\/players\/Steven-Van-Der-Sloot-161882\"><img decoding=\"async\" src=\"https:\/\/soccer.aidatasports.com\/images\/players\/161882.png\" alt=\"Steven Van Der Sloot\" onerror=\"this.onerror=null;this.src='https:\/\/soccer.aidatasports.com\/images\/players\/default-player.png';\"><span>Steven Van Der Sloot<\/span><\/a><\/div>\n<div class=\"player\"><a href=\"https:\/\/soccer.aidatasports.com\/pt\/players\/Silvinho-Esajas-309867\"><img decoding=\"async\" src=\"https:\/\/soccer.aidatasports.com\/images\/players\/309867.png\" alt=\"Silvinho Esajas\" onerror=\"this.onerror=null;this.src='https:\/\/soccer.aidatasports.com\/images\/players\/default-player.png';\"><span>Silvinho Esajas<\/span><\/a><\/div>\n<div class=\"player\"><a href=\"https:\/\/soccer.aidatasports.com\/pt\/players\/Diogo-Tomas-55311\"><img decoding=\"async\" src=\"https:\/\/soccer.aidatasports.com\/images\/players\/55311.png\" alt=\"Diogo Tomas\" onerror=\"this.onerror=null;this.src='https:\/\/soccer.aidatasports.com\/images\/players\/default-player.png';\"><span>Diogo Tomas<\/span><\/a><\/div>\n<div class=\"player\"><a href=\"https:\/\/soccer.aidatasports.com\/pt\/players\/Sekou-Sylla-37960\"><img decoding=\"async\" src=\"https:\/\/soccer.aidatasports.com\/images\/players\/37960.png\" alt=\"Sekou Sylla\" onerror=\"this.onerror=null;this.src='https:\/\/soccer.aidatasports.com\/images\/players\/default-player.png';\"><span>Sekou Sylla<\/span><\/a><\/div>\n<div class=\"player\"><a href=\"https:\/\/soccer.aidatasports.com\/pt\/players\/Daryl-van-Mieghem-37245\"><img decoding=\"async\" src=\"https:\/\/soccer.aidatasports.com\/images\/players\/37245.png\" alt=\"Daryl van Mieghem\" onerror=\"this.onerror=null;this.src='https:\/\/soccer.aidatasports.com\/images\/players\/default-player.png';\"><span>Daryl van Mieghem<\/span><\/a><\/div>\n<div class=\"player\"><a href=\"https:\/\/soccer.aidatasports.com\/pt\/players\/Juho-Kilo-202529\"><img decoding=\"async\" src=\"https:\/\/soccer.aidatasports.com\/images\/players\/202529.png\" alt=\"Juho Kilo\" onerror=\"this.onerror=null;this.src='https:\/\/soccer.aidatasports.com\/images\/players\/default-player.png';\"><span>Juho Kilo<\/span><\/a><\/div>\n<div class=\"player\"><a href=\"https:\/\/soccer.aidatasports.com\/pt\/players\/Finn-de-Bruin-452643\"><img decoding=\"async\" src=\"https:\/\/soccer.aidatasports.com\/images\/players\/452643.png\" alt=\"Finn de Bruin\" onerror=\"this.onerror=null;this.src='https:\/\/soccer.aidatasports.com\/images\/players\/default-player.png';\"><span>Finn de Bruin<\/span><\/a><\/div>\n<div class=\"player\"><a href=\"https:\/\/soccer.aidatasports.com\/pt\/players\/Joel-Ideho-270660\"><img decoding=\"async\" src=\"https:\/\/soccer.aidatasports.com\/images\/players\/270660.png\" alt=\"Joel Ideho\" onerror=\"this.onerror=null;this.src='https:\/\/soccer.aidatasports.com\/images\/players\/default-player.png';\"><span>Joel Ideho<\/span><\/a><\/div>\n<div class=\"player\"><a href=\"https:\/\/soccer.aidatasports.com\/pt\/players\/Lee-Bonis-135545\"><img decoding=\"async\" src=\"https:\/\/soccer.aidatasports.com\/images\/players\/135545.png\" alt=\"Lee Bonis\" onerror=\"this.onerror=null;this.src='https:\/\/soccer.aidatasports.com\/images\/players\/default-player.png';\"><span>Lee Bonis<\/span><\/a><\/div>\n<div class=\"player\"><a href=\"https:\/\/soccer.aidatasports.com\/pt\/players\/Jari-Vlak-37753\"><img decoding=\"async\" src=\"https:\/\/soccer.aidatasports.com\/images\/players\/37753.png\" alt=\"Jari Vlak\" onerror=\"this.onerror=null;this.src='https:\/\/soccer.aidatasports.com\/images\/players\/default-player.png';\"><span>Jari Vlak<\/span><\/a><\/div>\n<\/div>\n<div>\n<h4>Suplentes:<\/h4>\n<div class=\"player\"><a href=\"https:\/\/soccer.aidatasports.com\/pt\/players\/Daniel-Granli-48137\"><img decoding=\"async\" src=\"https:\/\/soccer.aidatasports.com\/images\/players\/48137.png\" alt=\"Daniel Granli\" onerror=\"this.onerror=null;this.src='https:\/\/soccer.aidatasports.com\/images\/players\/default-player.png';\"><span>Daniel Granli<\/span><\/a><\/div>\n<div class=\"player\"><a href=\"https:\/\/soccer.aidatasports.com\/pt\/players\/Tim-Coremans-37417\"><img decoding=\"async\" src=\"https:\/\/soccer.aidatasports.com\/images\/players\/37417.png\" alt=\"Tim Coremans\" onerror=\"this.onerror=null;this.src='https:\/\/soccer.aidatasports.com\/images\/players\/default-player.png';\"><span>Tim Coremans<\/span><\/a><\/div>\n<div class=\"player\"><a href=\"https:\/\/soccer.aidatasports.com\/pt\/players\/David-van-de-Riet-351789\"><img decoding=\"async\" src=\"https:\/\/soccer.aidatasports.com\/images\/players\/351789.png\" alt=\"David van de Riet\" onerror=\"this.onerror=null;this.src='https:\/\/soccer.aidatasports.com\/images\/players\/default-player.png';\"><span>David van de Riet<\/span><\/a><\/div>\n<div class=\"player\"><a href=\"https:\/\/soccer.aidatasports.com\/pt\/players\/Ronny-Boakye-467908\"><img decoding=\"async\" src=\"https:\/\/soccer.aidatasports.com\/images\/players\/467908.png\" alt=\"Ronny Boakye\" onerror=\"this.onerror=null;this.src='https:\/\/soccer.aidatasports.com\/images\/players\/default-player.png';\"><span>Ronny Boakye<\/span><\/a><\/div>\n<div class=\"player\"><a href=\"https:\/\/soccer.aidatasports.com\/pt\/players\/Milan-Hokke-361886\"><img decoding=\"async\" src=\"https:\/\/soccer.aidatasports.com\/images\/players\/361886.png\" alt=\"Milan Hokke\" onerror=\"this.onerror=null;this.src='https:\/\/soccer.aidatasports.com\/images\/players\/default-player.png';\"><span>Milan Hokke<\/span><\/a><\/div>\n<div class=\"player\"><a href=\"https:\/\/soccer.aidatasports.com\/pt\/players\/Elias-Mohammed-338847\"><img decoding=\"async\" src=\"https:\/\/soccer.aidatasports.com\/images\/players\/338847.png\" alt=\"Elias Mohammed\" onerror=\"this.onerror=null;this.src='https:\/\/soccer.aidatasports.com\/images\/players\/default-player.png';\"><span>Elias Mohammed<\/span><\/a><\/div>\n<div class=\"player\"><a href=\"https:\/\/soccer.aidatasports.com\/pt\/players\/Lorenzo-Maasland-480394\"><img decoding=\"async\" src=\"https:\/\/soccer.aidatasports.com\/images\/players\/480394.png\" alt=\"Lorenzo Maasland\" onerror=\"this.onerror=null;this.src='https:\/\/soccer.aidatasports.com\/images\/players\/default-player.png';\"><span>Lorenzo Maasland<\/span><\/a><\/div>\n<div class=\"player\"><a href=\"https:\/\/soccer.aidatasports.com\/pt\/players\/Dano-Lourens-377268\"><img decoding=\"async\" src=\"https:\/\/soccer.aidatasports.com\/images\/players\/377268.png\" alt=\"Dano Lourens\" onerror=\"this.onerror=null;this.src='https:\/\/soccer.aidatasports.com\/images\/players\/default-player.png';\"><span>Dano Lourens<\/span><\/a><\/div>\n<div class=\"player\"><a href=\"https:\/\/soccer.aidatasports.com\/pt\/players\/Maikey-Houwaart-452388\"><img decoding=\"async\" src=\"https:\/\/soccer.aidatasports.com\/images\/players\/452388.png\" alt=\"Maikey Houwaart\" onerror=\"this.onerror=null;this.src='https:\/\/soccer.aidatasports.com\/images\/players\/default-player.png';\"><span>Maikey Houwaart<\/span><\/a><\/div>\n<\/div>\n<\/div>\n<\/div>\n<\/div>\n<div id=\"wg-api-football-game\"\n                    data-host=\"xxxxx\"\n                    data-key=\"xxxx\"\n                    data-id=\"1209884\"\n                    data-theme=\"\"\n                    data-refresh=\"15\"\n                    data-show-errors=\"false\"\n                    data-show-logos=\"true\"><br \/>\n                    class=&#8221;wg_loader&#8221;>\n                <\/div>\n<div id=\"wg-api-football-standings\"\n                    data-host=\"xxxx\"\n                    data-key=\"ddddd\"\n                    data-league=\"89\"\n                    data-team=\"\"\n                    data-season=\"2024\"\n                    data-theme=\"\"\n                    data-show-errors=\"false\"\n                    data-show-logos=\"true\"\n                    class=\"wg_loader\">\n                <\/div>\n<p>                <script\n                    type=\"module\"\n                    src=\"https:\/\/soccer.aidatasports.com\/wp-content\/customjs\/widgetslocal.js\">\n                <\/script><\/p>\n","protected":false},"excerpt":{"rendered":"<p>Jong PSV vs ADO Den Haag: Um jogo renhido com vit\u00f3ria do ADO Den Haag&hellip;<\/p>\n","protected":false},"author":1,"featured_media":48028,"comment_status":"open","ping_status":"open","sticky":false,"template":"","format":"standard","meta":{"content-type":"","pmpro_default_level":"","_lmt_disableupdate":"","_lmt_disable":"","_league":1,"_fixture":1209884,"penci_pfeatured_image_ratio":"","penci_single_style":"","footnotes":""},"categories":[1],"tags":[321,525],"class_list":["post-48029","post","type-post","status-publish","format-standard","has-post-thumbnail","hentry","category-uncategorized","tag-ado-den-haag-netherlands-198","tag-jong-psv-netherlands-411","pmpro-has-access"],"_links":{"self":[{"href":"https:\/\/soccer.aidatasports.com\/pt\/wp-json\/wp\/v2\/posts\/48029"}],"collection":[{"href":"https:\/\/soccer.aidatasports.com\/pt\/wp-json\/wp\/v2\/posts"}],"about":[{"href":"https:\/\/soccer.aidatasports.com\/pt\/wp-json\/wp\/v2\/types\/post"}],"author":[{"embeddable":true,"href":"https:\/\/soccer.aidatasports.com\/pt\/wp-json\/wp\/v2\/users\/1"}],"replies":[{"embeddable":true,"href":"https:\/\/soccer.aidatasports.com\/pt\/wp-json\/wp\/v2\/comments?post=48029"}],"version-history":[{"count":0,"href":"https:\/\/soccer.aidatasports.com\/pt\/wp-json\/wp\/v2\/posts\/48029\/revisions"}],"wp:featuredmedia":[{"embeddable":true,"href":"https:\/\/soccer.aidatasports.com\/pt\/wp-json\/wp\/v2\/media\/48028"}],"wp:attachment":[{"href":"https:\/\/soccer.aidatasports.com\/pt\/wp-json\/wp\/v2\/media?parent=48029"}],"wp:term":[{"taxonomy":"category","embeddable":true,"href":"https:\/\/soccer.aidatasports.com\/pt\/wp-json\/wp\/v2\/categories?post=48029"},{"taxonomy":"post_tag","embeddable":true,"href":"https:\/\/soccer.aidatasports.com\/pt\/wp-json\/wp\/v2\/tags?post=48029"}],"curies":[{"name":"wp","href":"https:\/\/api.w.org\/{rel}","templated":true}]}}