{"id":37721,"date":"2024-08-30T20:33:07","date_gmt":"2024-08-30T20:33:07","guid":{"rendered":"https:\/\/soccer.aidatasports.com\/pt\/uncategorized\/vitesse-vs-fc-eindhoven-aug-30-2024-1800-utc\/"},"modified":"2024-08-30T20:33:07","modified_gmt":"2024-08-30T20:33:07","slug":"vitesse-vs-fc-eindhoven-aug-30-2024-1800-utc","status":"publish","type":"post","link":"https:\/\/soccer.aidatasports.com\/pt\/uncategorized\/vitesse-vs-fc-eindhoven-aug-30-2024-1800-utc\/","title":{"rendered":"Vitesse vs FC Eindhoven Aug 30 2024 18:00 UTC"},"content":{"rendered":"<h1>Vitesse vence o FC Eindhoven em um jogo acirrado<\/h1>\n<p><strong>Arnhem, Pa\u00edses Baixos.<\/strong> O Vitesse venceu o FC Eindhoven por 1 a 0 em um jogo disputado no GelreDome, pela 4\u00aa rodada da Eerste Divisie. A partida foi marcada pela tens\u00e3o e pela disputa pelo controle da bola, com o Vitesse dominando a posse de bola (52% a 48%).<\/p>\n<p>O primeiro gol aconteceu aos 27 minutos, quando A. Buttner marcou de p\u00eanalti para o Vitesse. O jogo permaneceu equilibrado at\u00e9 aos 49 minutos, quando B. van Schuppen empatou para o FC Eindhoven, tamb\u00e9m de p\u00eanalti. O resto da partida foi uma batalha pela supremacia, com ambas as equipes tendo suas oportunidades.<\/p>\n<p>Apesar do placar apertado, o Vitesse foi mais decisivo no ataque, registrando 12 chutes a gol contra 7 do FC Eindhoven. No entanto, a diferen\u00e7a em chutes a gol foi m\u00ednima (1 a 3). A vit\u00f3ria do Vitesse se deveu em parte \u00e0 sua maior efici\u00eancia na \u00e1rea advers\u00e1ria, mas tamb\u00e9m \u00e0 sua solidez defensiva, que conseguiu conter os ataques do FC Eindhoven.<\/p>\n<p><strong>O jogo foi marcado por v\u00e1rios cart\u00f5es amarelos<\/strong>: M. Tielemans (Vitesse) recebeu um cart\u00e3o amarelo aos 36 minutos, enquanto S. Simons (FC Eindhoven) recebeu o seu aos 75. G. Van Zwam tamb\u00e9m viu um cart\u00e3o amarelo aos 90 minutos para o Vitesse.<\/p>\n<p>Substitui\u00f5es na equipe de fc eindhoven: Aos 59 minutos, R. Janga entrou e H. Deenen saiu., Aos 59 minutos, T. Douglas entrou e L. Verheij saiu., Aos 83 minutos, A. El Bouchataoui entrou e D. Huisman saiu. <\/p>\n<p>Substitui\u00f5es na equipe de vitesse: Aos 74 minutos, E. Cornelisse entrou e I. Yegoian saiu., Aos 74 minutos, T. Gudelj entrou e A. Visser saiu., Aos 74 minutos, G. de Regt entrou e M. Jonathans saiu., Aos 82 minutos, J. Koller entrou e M. Tielemans saiu., Aos 90 minutos, M. Steffen entrou e G. Van Zwam saiu. <\/p>\n<p>As equipes se alinharam da seguinte forma:<\/p>\n<div class=\"lineups-container\">\n<style>\n                .lineups-container {\n                    display: flex;\n                    justify-content: space-around;\n                    flex-wrap: wrap;\n                }\n                .team-lineup {\n                    width: 49%;\n                    margin-bottom: 20px;\n                    border: 1px solid #ccc;\n                    padding: 5px;\n                }\n                .team-lineup h3 {\n                    text-align: center;\n                    margin-bottom: 10px;\n                }\n                .players-container {\n                    display: flex;\n                    justify-content: space-between;\n                }\n                .players-container div {\n                    width: 100%;\n                }\n                .player {\n                    display: flex;\n                    align-items: center;\n                    margin-bottom: 5px;\n                }\n                .player img {\n                    width: 30px;\n                    height: 30px;\n                    border-radius: 50%;\n                    margin-right: 10px;\n                }\n                    @media (max-width: 600px) {\n                    .team-lineup {\n                        width: 100%;\n                    }\n                }\n                <\/style>\n<div class=\"team-lineup\">\n<h3>Vitesse<\/h3>\n<p><img decoding=\"async\" src=\"https:\/\/media.api-sports.io\/football\/teams\/200.png\" alt=\"Vitesse\" style=\"width: 50px; height: 50px;\"><\/p>\n<div class=\"players-container\">\n<div>\n<h4>Titulares:<\/h4>\n<div class=\"player\"><a href=\"https:\/\/soccer.aidatasports.com\/pt\/players\/Tom-Bramel-437783\"><img decoding=\"async\" src=\"https:\/\/soccer.aidatasports.com\/images\/players\/437783.png\" alt=\"Tom Bramel\" onerror=\"this.onerror=null;this.src='https:\/\/soccer.aidatasports.com\/images\/players\/default-player.png';\"><span>Tom Bramel<\/span><\/a><\/div>\n<div class=\"player\"><a href=\"https:\/\/soccer.aidatasports.com\/pt\/players\/Mats-Egbring-431651\"><img decoding=\"async\" src=\"https:\/\/soccer.aidatasports.com\/images\/players\/431651.png\" alt=\"Mats Egbring\" onerror=\"this.onerror=null;this.src='https:\/\/soccer.aidatasports.com\/images\/players\/default-player.png';\"><span>Mats Egbring<\/span><\/a><\/div>\n<div class=\"player\"><a href=\"https:\/\/soccer.aidatasports.com\/pt\/players\/Giovanni-van-Zwam-312903\"><img decoding=\"async\" src=\"https:\/\/soccer.aidatasports.com\/images\/players\/312903.png\" alt=\"Giovanni van Zwam\" onerror=\"this.onerror=null;this.src='https:\/\/soccer.aidatasports.com\/images\/players\/default-player.png';\"><span>Giovanni van Zwam<\/span><\/a><\/div>\n<div class=\"player\"><a href=\"https:\/\/soccer.aidatasports.com\/pt\/players\/Justin-Bakker-38812\"><img decoding=\"async\" src=\"https:\/\/soccer.aidatasports.com\/images\/players\/38812.png\" alt=\"Justin Bakker\" onerror=\"this.onerror=null;this.src='https:\/\/soccer.aidatasports.com\/images\/players\/default-player.png';\"><span>Justin Bakker<\/span><\/a><\/div>\n<div class=\"player\"><a href=\"https:\/\/soccer.aidatasports.com\/pt\/players\/Alexander-B\u00fcttner-37114\"><img decoding=\"async\" src=\"https:\/\/soccer.aidatasports.com\/images\/players\/37114.png\" alt=\"Alexander B\u00fcttner\" onerror=\"this.onerror=null;this.src='https:\/\/soccer.aidatasports.com\/images\/players\/default-player.png';\"><span>Alexander B\u00fcttner<\/span><\/a><\/div>\n<div class=\"player\"><a href=\"https:\/\/soccer.aidatasports.com\/pt\/players\/Angelos-Tsingaras-26782\"><img decoding=\"async\" src=\"https:\/\/soccer.aidatasports.com\/images\/players\/26782.png\" alt=\"Angelos Tsingaras\" onerror=\"this.onerror=null;this.src='https:\/\/soccer.aidatasports.com\/images\/players\/default-player.png';\"><span>Angelos Tsingaras<\/span><\/a><\/div>\n<div class=\"player\"><a href=\"https:\/\/soccer.aidatasports.com\/pt\/players\/Miliano-Jonathans-364809\"><img decoding=\"async\" src=\"https:\/\/soccer.aidatasports.com\/images\/players\/364809.png\" alt=\"Miliano Jonathans\" onerror=\"this.onerror=null;this.src='https:\/\/soccer.aidatasports.com\/images\/players\/default-player.png';\"><span>Miliano Jonathans<\/span><\/a><\/div>\n<div class=\"player\"><a href=\"https:\/\/soccer.aidatasports.com\/pt\/players\/Irakli-Yegoian-371231\"><img decoding=\"async\" src=\"https:\/\/soccer.aidatasports.com\/images\/players\/371231.png\" alt=\"Irakli Yegoian\" onerror=\"this.onerror=null;this.src='https:\/\/soccer.aidatasports.com\/images\/players\/default-player.png';\"><span>Irakli Yegoian<\/span><\/a><\/div>\n<div class=\"player\"><a href=\"https:\/\/soccer.aidatasports.com\/pt\/players\/Mathijs-Tielemans-290543\"><img decoding=\"async\" src=\"https:\/\/soccer.aidatasports.com\/images\/players\/290543.png\" alt=\"Mathijs Tielemans\" onerror=\"this.onerror=null;this.src='https:\/\/soccer.aidatasports.com\/images\/players\/default-player.png';\"><span>Mathijs Tielemans<\/span><\/a><\/div>\n<div class=\"player\"><a href=\"https:\/\/soccer.aidatasports.com\/pt\/players\/Dillon-Hoogerwerf-153432\"><img decoding=\"async\" src=\"https:\/\/soccer.aidatasports.com\/images\/players\/153432.png\" alt=\"Dillon Hoogerwerf\" onerror=\"this.onerror=null;this.src='https:\/\/soccer.aidatasports.com\/images\/players\/default-player.png';\"><span>Dillon Hoogerwerf<\/span><\/a><\/div>\n<div class=\"player\"><a href=\"https:\/\/soccer.aidatasports.com\/pt\/players\/Andy-Visser-450926\"><img decoding=\"async\" src=\"https:\/\/soccer.aidatasports.com\/images\/players\/450926.png\" alt=\"Andy Visser\" onerror=\"this.onerror=null;this.src='https:\/\/soccer.aidatasports.com\/images\/players\/default-player.png';\"><span>Andy Visser<\/span><\/a><\/div>\n<\/div>\n<div>\n<h4>Suplentes:<\/h4>\n<div class=\"player\"><a href=\"https:\/\/soccer.aidatasports.com\/pt\/players\/Enzo-Cornelisse-272728\"><img decoding=\"async\" src=\"https:\/\/soccer.aidatasports.com\/images\/players\/272728.png\" alt=\"Enzo Cornelisse\" onerror=\"this.onerror=null;this.src='https:\/\/soccer.aidatasports.com\/images\/players\/default-player.png';\"><span>Enzo Cornelisse<\/span><\/a><\/div>\n<div class=\"player\"><a href=\"https:\/\/soccer.aidatasports.com\/pt\/players\/Gyan-de-Regt-349595\"><img decoding=\"async\" src=\"https:\/\/soccer.aidatasports.com\/images\/players\/349595.png\" alt=\"Gyan de Regt\" onerror=\"this.onerror=null;this.src='https:\/\/soccer.aidatasports.com\/images\/players\/default-player.png';\"><span>Gyan de Regt<\/span><\/a><\/div>\n<div class=\"player\"><a href=\"https:\/\/soccer.aidatasports.com\/pt\/players\/Tomislav-Gudelj-128701\"><img decoding=\"async\" src=\"https:\/\/soccer.aidatasports.com\/images\/players\/128701.png\" alt=\"Tomislav Gudelj\" onerror=\"this.onerror=null;this.src='https:\/\/soccer.aidatasports.com\/images\/players\/default-player.png';\"><span>Tomislav Gudelj<\/span><\/a><\/div>\n<div class=\"player\"><a href=\"https:\/\/soccer.aidatasports.com\/pt\/players\/Sil-Milder-480307\"><img decoding=\"async\" src=\"https:\/\/soccer.aidatasports.com\/images\/players\/480307.png\" alt=\"Sil Milder\" onerror=\"this.onerror=null;this.src='https:\/\/soccer.aidatasports.com\/images\/players\/default-player.png';\"><span>Sil Milder<\/span><\/a><\/div>\n<div class=\"player\"><a href=\"https:\/\/soccer.aidatasports.com\/pt\/players\/Sep-van-der-Heijden-349284\"><img decoding=\"async\" src=\"https:\/\/soccer.aidatasports.com\/images\/players\/349284.png\" alt=\"Sep van der Heijden\" onerror=\"this.onerror=null;this.src='https:\/\/soccer.aidatasports.com\/images\/players\/default-player.png';\"><span>Sep van der Heijden<\/span><\/a><\/div>\n<div class=\"player\"><a href=\"https:\/\/soccer.aidatasports.com\/pt\/players\/Roan-van-der-Plaat-409187\"><img decoding=\"async\" src=\"https:\/\/soccer.aidatasports.com\/images\/players\/409187.png\" alt=\"Roan van der Plaat\" onerror=\"this.onerror=null;this.src='https:\/\/soccer.aidatasports.com\/images\/players\/default-player.png';\"><span>Roan van der Plaat<\/span><\/a><\/div>\n<div class=\"player\"><a href=\"https:\/\/soccer.aidatasports.com\/pt\/players\/Mees-Kreekels-163184\"><img decoding=\"async\" src=\"https:\/\/soccer.aidatasports.com\/images\/players\/163184.png\" alt=\"Mees Kreekels\" onerror=\"this.onerror=null;this.src='https:\/\/soccer.aidatasports.com\/images\/players\/default-player.png';\"><span>Mees Kreekels<\/span><\/a><\/div>\n<div class=\"player\"><a href=\"https:\/\/soccer.aidatasports.com\/pt\/players\/Marcus-Steffen-359522\"><img decoding=\"async\" src=\"https:\/\/soccer.aidatasports.com\/images\/players\/359522.png\" alt=\"Marcus Steffen\" onerror=\"this.onerror=null;this.src='https:\/\/soccer.aidatasports.com\/images\/players\/default-player.png';\"><span>Marcus Steffen<\/span><\/a><\/div>\n<div class=\"player\"><a href=\"https:\/\/soccer.aidatasports.com\/pt\/players\/Loek-Postma-340712\"><img decoding=\"async\" src=\"https:\/\/soccer.aidatasports.com\/images\/players\/340712.png\" alt=\"Loek Postma\" onerror=\"this.onerror=null;this.src='https:\/\/soccer.aidatasports.com\/images\/players\/default-player.png';\"><span>Loek Postma<\/span><\/a><\/div>\n<div class=\"player\"><a href=\"https:\/\/soccer.aidatasports.com\/pt\/players\/Jim-Koller-453712\"><img decoding=\"async\" src=\"https:\/\/soccer.aidatasports.com\/images\/players\/453712.png\" alt=\"Jim Koller\" onerror=\"this.onerror=null;this.src='https:\/\/soccer.aidatasports.com\/images\/players\/default-player.png';\"><span>Jim Koller<\/span><\/a><\/div>\n<div class=\"player\"><a href=\"https:\/\/soccer.aidatasports.com\/pt\/players\/Michael-Dokunmu-417826\"><img decoding=\"async\" src=\"https:\/\/soccer.aidatasports.com\/images\/players\/417826.png\" alt=\"Michael Dokunmu\" onerror=\"this.onerror=null;this.src='https:\/\/soccer.aidatasports.com\/images\/players\/default-player.png';\"><span>Michael Dokunmu<\/span><\/a><\/div>\n<div class=\"player\"><a href=\"https:\/\/soccer.aidatasports.com\/pt\/players\/Simon-van-Duivenbooden-357047\"><img decoding=\"async\" src=\"https:\/\/soccer.aidatasports.com\/images\/players\/357047.png\" alt=\"Simon van Duivenbooden\" onerror=\"this.onerror=null;this.src='https:\/\/soccer.aidatasports.com\/images\/players\/default-player.png';\"><span>Simon van Duivenbooden<\/span><\/a><\/div>\n<\/div>\n<\/div>\n<\/div>\n<div class=\"team-lineup\">\n<h3>FC Eindhoven<\/h3>\n<p><img decoding=\"async\" src=\"https:\/\/media.api-sports.io\/football\/teams\/422.png\" alt=\"FC Eindhoven\" style=\"width: 50px; height: 50px;\"><\/p>\n<div class=\"players-container\">\n<div>\n<h4>Titulares:<\/h4>\n<div class=\"player\"><a href=\"https:\/\/soccer.aidatasports.com\/pt\/players\/Jorn-Brondeel-36826\"><img decoding=\"async\" src=\"https:\/\/soccer.aidatasports.com\/images\/players\/36826.png\" alt=\"Jorn Brondeel\" onerror=\"this.onerror=null;this.src='https:\/\/soccer.aidatasports.com\/images\/players\/default-player.png';\"><span>Jorn Brondeel<\/span><\/a><\/div>\n<div class=\"player\"><a href=\"https:\/\/soccer.aidatasports.com\/pt\/players\/Luuk-Verheij-468421\"><img decoding=\"async\" src=\"https:\/\/soccer.aidatasports.com\/images\/players\/468421.png\" alt=\"Luuk Verheij\" onerror=\"this.onerror=null;this.src='https:\/\/soccer.aidatasports.com\/images\/players\/default-player.png';\"><span>Luuk Verheij<\/span><\/a><\/div>\n<div class=\"player\"><a href=\"https:\/\/soccer.aidatasports.com\/pt\/players\/Farouq-Limouri-302912\"><img decoding=\"async\" src=\"https:\/\/soccer.aidatasports.com\/images\/players\/302912.png\" alt=\"Farouq Limouri\" onerror=\"this.onerror=null;this.src='https:\/\/soccer.aidatasports.com\/images\/players\/default-player.png';\"><span>Farouq Limouri<\/span><\/a><\/div>\n<div class=\"player\"><a href=\"https:\/\/soccer.aidatasports.com\/pt\/players\/Collin-Seedorf-37638\"><img decoding=\"async\" src=\"https:\/\/soccer.aidatasports.com\/images\/players\/37638.png\" alt=\"Collin Seedorf\" onerror=\"this.onerror=null;this.src='https:\/\/soccer.aidatasports.com\/images\/players\/default-player.png';\"><span>Collin Seedorf<\/span><\/a><\/div>\n<div class=\"player\"><a href=\"https:\/\/soccer.aidatasports.com\/pt\/players\/Tyrese-Simons-455129\"><img decoding=\"async\" src=\"https:\/\/soccer.aidatasports.com\/images\/players\/455129.png\" alt=\"Tyrese Simons\" onerror=\"this.onerror=null;this.src='https:\/\/soccer.aidatasports.com\/images\/players\/default-player.png';\"><span>Tyrese Simons<\/span><\/a><\/div>\n<div class=\"player\"><a href=\"https:\/\/soccer.aidatasports.com\/pt\/players\/Dyon-Dorenbosch-373797\"><img decoding=\"async\" src=\"https:\/\/soccer.aidatasports.com\/images\/players\/373797.png\" alt=\"Dyon Dorenbosch\" onerror=\"this.onerror=null;this.src='https:\/\/soccer.aidatasports.com\/images\/players\/default-player.png';\"><span>Dyon Dorenbosch<\/span><\/a><\/div>\n<div class=\"player\"><a href=\"https:\/\/soccer.aidatasports.com\/pt\/players\/Sven-Simons-357051\"><img decoding=\"async\" src=\"https:\/\/soccer.aidatasports.com\/images\/players\/357051.png\" alt=\"Sven Simons\" onerror=\"this.onerror=null;this.src='https:\/\/soccer.aidatasports.com\/images\/players\/default-player.png';\"><span>Sven Simons<\/span><\/a><\/div>\n<div class=\"player\"><a href=\"https:\/\/soccer.aidatasports.com\/pt\/players\/Sven-Blummel-37467\"><img decoding=\"async\" src=\"https:\/\/soccer.aidatasports.com\/images\/players\/37467.png\" alt=\"Sven Blummel\" onerror=\"this.onerror=null;this.src='https:\/\/soccer.aidatasports.com\/images\/players\/default-player.png';\"><span>Sven Blummel<\/span><\/a><\/div>\n<div class=\"player\"><a href=\"https:\/\/soccer.aidatasports.com\/pt\/players\/Boris-van-Schuppen-288301\"><img decoding=\"async\" src=\"https:\/\/soccer.aidatasports.com\/images\/players\/288301.png\" alt=\"Boris van Schuppen\" onerror=\"this.onerror=null;this.src='https:\/\/soccer.aidatasports.com\/images\/players\/default-player.png';\"><span>Boris van Schuppen<\/span><\/a><\/div>\n<div class=\"player\"><a href=\"https:\/\/soccer.aidatasports.com\/pt\/players\/Hugo-Deenen-379608\"><img decoding=\"async\" src=\"https:\/\/soccer.aidatasports.com\/images\/players\/379608.png\" alt=\"Hugo Deenen\" onerror=\"this.onerror=null;this.src='https:\/\/soccer.aidatasports.com\/images\/players\/default-player.png';\"><span>Hugo Deenen<\/span><\/a><\/div>\n<div class=\"player\"><a href=\"https:\/\/soccer.aidatasports.com\/pt\/players\/Daan-Huisman-272729\"><img decoding=\"async\" src=\"https:\/\/soccer.aidatasports.com\/images\/players\/272729.png\" alt=\"Daan Huisman\" onerror=\"this.onerror=null;this.src='https:\/\/soccer.aidatasports.com\/images\/players\/default-player.png';\"><span>Daan Huisman<\/span><\/a><\/div>\n<\/div>\n<div>\n<h4>Suplentes:<\/h4>\n<div class=\"player\"><a href=\"https:\/\/soccer.aidatasports.com\/pt\/players\/Terrence-Douglas-38736\"><img decoding=\"async\" src=\"https:\/\/soccer.aidatasports.com\/images\/players\/38736.png\" alt=\"Terrence Douglas\" onerror=\"this.onerror=null;this.src='https:\/\/soccer.aidatasports.com\/images\/players\/default-player.png';\"><span>Terrence Douglas<\/span><\/a><\/div>\n<div class=\"player\"><a href=\"https:\/\/soccer.aidatasports.com\/pt\/players\/Rangelo-Janga-2242\"><img decoding=\"async\" src=\"https:\/\/soccer.aidatasports.com\/images\/players\/2242.png\" alt=\"Rangelo Janga\" onerror=\"this.onerror=null;this.src='https:\/\/soccer.aidatasports.com\/images\/players\/default-player.png';\"><span>Rangelo Janga<\/span><\/a><\/div>\n<div class=\"player\"><a href=\"https:\/\/soccer.aidatasports.com\/pt\/players\/Dylan-Fancito-371660\"><img decoding=\"async\" src=\"https:\/\/soccer.aidatasports.com\/images\/players\/371660.png\" alt=\"Dylan Fancito\" onerror=\"this.onerror=null;this.src='https:\/\/soccer.aidatasports.com\/images\/players\/default-player.png';\"><span>Dylan Fancito<\/span><\/a><\/div>\n<div class=\"player\"><a href=\"https:\/\/soccer.aidatasports.com\/pt\/players\/Jort-Borgmans-193295\"><img decoding=\"async\" src=\"https:\/\/soccer.aidatasports.com\/images\/players\/193295.png\" alt=\"Jort Borgmans\" onerror=\"this.onerror=null;this.src='https:\/\/soccer.aidatasports.com\/images\/players\/default-player.png';\"><span>Jort Borgmans<\/span><\/a><\/div>\n<div class=\"player\"><a href=\"https:\/\/soccer.aidatasports.com\/pt\/players\/Yael-Gil-y-Mui\u00f1os-313940\"><img decoding=\"async\" src=\"https:\/\/soccer.aidatasports.com\/images\/players\/313940.png\" alt=\"Yael Gil y Mui\u00f1os\" onerror=\"this.onerror=null;this.src='https:\/\/soccer.aidatasports.com\/images\/players\/default-player.png';\"><span>Yael Gil y Mui\u00f1os<\/span><\/a><\/div>\n<div class=\"player\"><a href=\"https:\/\/soccer.aidatasports.com\/pt\/players\/Julian-Kwaaitaal-426541\"><img decoding=\"async\" src=\"https:\/\/soccer.aidatasports.com\/images\/players\/426541.png\" alt=\"Julian Kwaaitaal\" onerror=\"this.onerror=null;this.src='https:\/\/soccer.aidatasports.com\/images\/players\/default-player.png';\"><span>Julian Kwaaitaal<\/span><\/a><\/div>\n<div class=\"player\"><a href=\"https:\/\/soccer.aidatasports.com\/pt\/players\/Achraf-El-Bouchataoui-129046\"><img decoding=\"async\" src=\"https:\/\/soccer.aidatasports.com\/images\/players\/129046.png\" alt=\"Achraf El Bouchataoui\" onerror=\"this.onerror=null;this.src='https:\/\/soccer.aidatasports.com\/images\/players\/default-player.png';\"><span>Achraf El Bouchataoui<\/span><\/a><\/div>\n<div class=\"player\"><a href=\"https:\/\/soccer.aidatasports.com\/pt\/players\/Thijs-Muller-476868\"><img decoding=\"async\" src=\"https:\/\/soccer.aidatasports.com\/images\/players\/476868.png\" alt=\"Thijs Muller\" onerror=\"this.onerror=null;this.src='https:\/\/soccer.aidatasports.com\/images\/players\/default-player.png';\"><span>Thijs Muller<\/span><\/a><\/div>\n<div class=\"player\"><a href=\"https:\/\/soccer.aidatasports.com\/pt\/players\/Ruben-van-Ejindhoven-476870\"><img decoding=\"async\" src=\"https:\/\/soccer.aidatasports.com\/images\/players\/476870.png\" alt=\"Ruben van Ejindhoven\" onerror=\"this.onerror=null;this.src='https:\/\/soccer.aidatasports.com\/images\/players\/default-player.png';\"><span>Ruben van Ejindhoven<\/span><\/a><\/div>\n<\/div>\n<\/div>\n<\/div>\n<\/div>\n<div id=\"wg-api-football-game\"\n                    data-host=\"xxxxx\"\n                    data-key=\"xxxx\"\n                    data-id=\"1209873\"\n                    data-theme=\"\"\n                    data-refresh=\"15\"\n                    data-show-errors=\"false\"\n                    data-show-logos=\"true\"><br \/>\n                    class=&#8221;wg_loader&#8221;>\n                <\/div>\n<div id=\"wg-api-football-standings\"\n                    data-host=\"xxxx\"\n                    data-key=\"ddddd\"\n                    data-league=\"89\"\n                    data-team=\"\"\n                    data-season=\"2024\"\n                    data-theme=\"\"\n                    data-show-errors=\"false\"\n                    data-show-logos=\"true\"\n                    class=\"wg_loader\">\n                <\/div>\n<p>                <script\n                    type=\"module\"\n                    src=\"https:\/\/soccer.aidatasports.com\/wp-content\/customjs\/widgetslocal.js\">\n                <\/script><\/p>\n","protected":false},"excerpt":{"rendered":"<p>Vitesse vence o FC Eindhoven em um jogo acirrado Arnhem, Pa\u00edses Baixos. O Vitesse venceu&hellip;<\/p>\n","protected":false},"author":1,"featured_media":37720,"comment_status":"open","ping_status":"open","sticky":false,"template":"","format":"standard","meta":{"content-type":"","pmpro_default_level":"","_lmt_disableupdate":"","_lmt_disable":"","_league":1,"_fixture":1209873,"penci_pfeatured_image_ratio":"","penci_single_style":"","footnotes":""},"categories":[1],"tags":[536,323],"class_list":["post-37721","post","type-post","status-publish","format-standard","has-post-thumbnail","hentry","category-uncategorized","tag-fc-eindhoven-netherlands-422","tag-vitesse-netherlands-200","pmpro-has-access"],"_links":{"self":[{"href":"https:\/\/soccer.aidatasports.com\/pt\/wp-json\/wp\/v2\/posts\/37721"}],"collection":[{"href":"https:\/\/soccer.aidatasports.com\/pt\/wp-json\/wp\/v2\/posts"}],"about":[{"href":"https:\/\/soccer.aidatasports.com\/pt\/wp-json\/wp\/v2\/types\/post"}],"author":[{"embeddable":true,"href":"https:\/\/soccer.aidatasports.com\/pt\/wp-json\/wp\/v2\/users\/1"}],"replies":[{"embeddable":true,"href":"https:\/\/soccer.aidatasports.com\/pt\/wp-json\/wp\/v2\/comments?post=37721"}],"version-history":[{"count":0,"href":"https:\/\/soccer.aidatasports.com\/pt\/wp-json\/wp\/v2\/posts\/37721\/revisions"}],"wp:featuredmedia":[{"embeddable":true,"href":"https:\/\/soccer.aidatasports.com\/pt\/wp-json\/wp\/v2\/media\/37720"}],"wp:attachment":[{"href":"https:\/\/soccer.aidatasports.com\/pt\/wp-json\/wp\/v2\/media?parent=37721"}],"wp:term":[{"taxonomy":"category","embeddable":true,"href":"https:\/\/soccer.aidatasports.com\/pt\/wp-json\/wp\/v2\/categories?post=37721"},{"taxonomy":"post_tag","embeddable":true,"href":"https:\/\/soccer.aidatasports.com\/pt\/wp-json\/wp\/v2\/tags?post=37721"}],"curies":[{"name":"wp","href":"https:\/\/api.w.org\/{rel}","templated":true}]}}