{"id":29064,"date":"2024-08-24T17:02:50","date_gmt":"2024-08-24T17:02:50","guid":{"rendered":"https:\/\/soccer.aidatasports.com\/pt\/uncategorized\/sporting-gijon-vs-eldense-aug-24-2024-1500-utc\/"},"modified":"2024-08-24T17:02:50","modified_gmt":"2024-08-24T17:02:50","slug":"sporting-gijon-vs-eldense-aug-24-2024-1500-utc","status":"publish","type":"post","link":"https:\/\/soccer.aidatasports.com\/pt\/uncategorized\/sporting-gijon-vs-eldense-aug-24-2024-1500-utc\/","title":{"rendered":"Sporting Gijon vs Eldense Aug 24 2024 15:00 UTC"},"content":{"rendered":"<h1>Sporting Gij\u00f3n vs. Eldense: Vit\u00f3ria suada para o Sporting<\/h1>\n<p><strong>Sporting Gij\u00f3n<\/strong> venceu o <strong>Eldense<\/strong> em uma partida intensa disputada no <strong>Estadio Municipal El Molin\u00f3n<\/strong>, em <strong>Gij\u00f3n<\/strong>, com o placar final de <strong>1-0<\/strong>. O dom\u00ednio da bola pelo Sporting foi not\u00e1vel, com <strong>59% de posse<\/strong>, mas a efetividade no ataque foi crucial para a vit\u00f3ria.<\/p>\n<p>A partida foi marcada pela intensidade e pelos cart\u00f5es amarelos. <strong>G. Rosas<\/strong> do Sporting e <strong>I. Chapela<\/strong> do Eldense receberam cart\u00f5es amarelos no minuto <strong>32<\/strong>.  <strong>N. Martin<\/strong> do Sporting tamb\u00e9m recebeu um cart\u00e3o amarelo no minuto <strong>66<\/strong>.<\/p>\n<p>No segundo tempo, o Eldense tentou se aproximar da \u00e1rea advers\u00e1ria, mas a defesa do Sporting se manteve firme.  Apesar das constantes mudan\u00e7as em ambas as equipes, n\u00e3o houve gols na segunda etapa.<\/p>\n<p><strong>Sporting Gij\u00f3n<\/strong> garantiu a vit\u00f3ria gra\u00e7as a um gol no primeiro tempo, mantendo assim seu bom in\u00edcio de temporada.<\/p>\n<p>Substitui\u00f5es na equipe de sporting gijon: Aos 46 minutos, J. Bernal entrou e E. Curbelo saiu., Aos 69 minutos, D. Queipo entrou e N. Martin saiu., Aos 77 minutos, V. Campuzano entrou e G. Campos saiu., Aos 77 minutos, C. Gelabert Pina entrou e J. Otero saiu., Aos 90 minutos, I. Martinez entrou e G. Rosas saiu. <\/p>\n<p>Substitui\u00f5es na equipe de eldense: Aos 57 minutos, J. Ortuno entrou e I. Chapela saiu., Aos 57 minutos, C. Montes entrou e J. Jorquera Romero saiu., Aos 69 minutos, A. Godoy entrou e A. Bernal saiu., Aos 69 minutos, V. Camarasa entrou e Quintana Nacho saiu., Aos 88 minutos, N. Monsalve entrou e S. Ortuno saiu. <\/p>\n<p>As equipes se alinharam da seguinte forma:<\/p>\n<div class=\"lineups-container\">\n<style>\n                .lineups-container {\n                    display: flex;\n                    justify-content: space-around;\n                    flex-wrap: wrap;\n                }\n                .team-lineup {\n                    width: 49%;\n                    margin-bottom: 20px;\n                    border: 1px solid #ccc;\n                    padding: 5px;\n                }\n                .team-lineup h3 {\n                    text-align: center;\n                    margin-bottom: 10px;\n                }\n                .players-container {\n                    display: flex;\n                    justify-content: space-between;\n                }\n                .players-container div {\n                    width: 100%;\n                }\n                .player {\n                    display: flex;\n                    align-items: center;\n                    margin-bottom: 5px;\n                }\n                .player img {\n                    width: 30px;\n                    height: 30px;\n                    border-radius: 50%;\n                    margin-right: 10px;\n                }\n                    @media (max-width: 600px) {\n                    .team-lineup {\n                        width: 100%;\n                    }\n                }\n                <\/style>\n<div class=\"team-lineup\">\n<h3>Sporting Gijon<\/h3>\n<p><img decoding=\"async\" src=\"https:\/\/media.api-sports.io\/football\/teams\/731.png\" alt=\"Sporting Gijon\" style=\"width: 50px; height: 50px;\"><\/p>\n<div class=\"players-container\">\n<div>\n<h4>Titulares:<\/h4>\n<div class=\"player\"><a href=\"https:\/\/soccer.aidatasports.com\/pt\/players\/Rub\u00e9n-Y\u00e1\u00f1ez-47248\"><img decoding=\"async\" src=\"https:\/\/soccer.aidatasports.com\/images\/players\/47248.png\" alt=\"Rub\u00e9n Y\u00e1\u00f1ez\" onerror=\"this.onerror=null;this.src='https:\/\/soccer.aidatasports.com\/images\/players\/default-player.png';\"><span>Rub\u00e9n Y\u00e1\u00f1ez<\/span><\/a><\/div>\n<div class=\"player\"><a href=\"https:\/\/soccer.aidatasports.com\/pt\/players\/Guille-Rosas-182522\"><img decoding=\"async\" src=\"https:\/\/soccer.aidatasports.com\/images\/players\/182522.png\" alt=\"Guille Rosas\" onerror=\"this.onerror=null;this.src='https:\/\/soccer.aidatasports.com\/images\/players\/default-player.png';\"><span>Guille Rosas<\/span><\/a><\/div>\n<div class=\"player\"><a href=\"https:\/\/soccer.aidatasports.com\/pt\/players\/Eric-Curbelo-46993\"><img decoding=\"async\" src=\"https:\/\/soccer.aidatasports.com\/images\/players\/46993.png\" alt=\"Eric Curbelo\" onerror=\"this.onerror=null;this.src='https:\/\/soccer.aidatasports.com\/images\/players\/default-player.png';\"><span>Eric Curbelo<\/span><\/a><\/div>\n<div class=\"player\"><a href=\"https:\/\/soccer.aidatasports.com\/pt\/players\/Diego-Sanchez-286801\"><img decoding=\"async\" src=\"https:\/\/soccer.aidatasports.com\/images\/players\/286801.png\" alt=\"Diego Sanchez\" onerror=\"this.onerror=null;this.src='https:\/\/soccer.aidatasports.com\/images\/players\/default-player.png';\"><span>Diego Sanchez<\/span><\/a><\/div>\n<div class=\"player\"><a href=\"https:\/\/soccer.aidatasports.com\/pt\/players\/Jos\u00e9-\u00c1ngel-47384\"><img decoding=\"async\" src=\"https:\/\/soccer.aidatasports.com\/images\/players\/47384.png\" alt=\"Jos\u00e9 \u00c1ngel\" onerror=\"this.onerror=null;this.src='https:\/\/soccer.aidatasports.com\/images\/players\/default-player.png';\"><span>Jos\u00e9 \u00c1ngel<\/span><\/a><\/div>\n<div class=\"player\"><a href=\"https:\/\/soccer.aidatasports.com\/pt\/players\/Ignacio-M\u00e9ndez-46893\"><img decoding=\"async\" src=\"https:\/\/soccer.aidatasports.com\/images\/players\/46893.png\" alt=\"Ignacio M\u00e9ndez\" onerror=\"this.onerror=null;this.src='https:\/\/soccer.aidatasports.com\/images\/players\/default-player.png';\"><span>Ignacio M\u00e9ndez<\/span><\/a><\/div>\n<div class=\"player\"><a href=\"https:\/\/soccer.aidatasports.com\/pt\/players\/Ignacio-Mart\u00edn-286793\"><img decoding=\"async\" src=\"https:\/\/soccer.aidatasports.com\/images\/players\/286793.png\" alt=\"Ignacio Mart\u00edn\" onerror=\"this.onerror=null;this.src='https:\/\/soccer.aidatasports.com\/images\/players\/default-player.png';\"><span>Ignacio Mart\u00edn<\/span><\/a><\/div>\n<div class=\"player\"><a href=\"https:\/\/soccer.aidatasports.com\/pt\/players\/Lander-Olaetxea-122584\"><img decoding=\"async\" src=\"https:\/\/soccer.aidatasports.com\/images\/players\/122584.png\" alt=\"Lander Olaetxea\" onerror=\"this.onerror=null;this.src='https:\/\/soccer.aidatasports.com\/images\/players\/default-player.png';\"><span>Lander Olaetxea<\/span><\/a><\/div>\n<div class=\"player\"><a href=\"https:\/\/soccer.aidatasports.com\/pt\/players\/Jonathan-Dubasin-183931\"><img decoding=\"async\" src=\"https:\/\/soccer.aidatasports.com\/images\/players\/183931.png\" alt=\"Jonathan Dubasin\" onerror=\"this.onerror=null;this.src='https:\/\/soccer.aidatasports.com\/images\/players\/default-player.png';\"><span>Jonathan Dubasin<\/span><\/a><\/div>\n<div class=\"player\"><a href=\"https:\/\/soccer.aidatasports.com\/pt\/players\/Juan-Otero-21395\"><img decoding=\"async\" src=\"https:\/\/soccer.aidatasports.com\/images\/players\/21395.png\" alt=\"Juan Otero\" onerror=\"this.onerror=null;this.src='https:\/\/soccer.aidatasports.com\/images\/players\/default-player.png';\"><span>Juan Otero<\/span><\/a><\/div>\n<div class=\"player\"><a href=\"https:\/\/soccer.aidatasports.com\/pt\/players\/Gaspar-Campos-182473\"><img decoding=\"async\" src=\"https:\/\/soccer.aidatasports.com\/images\/players\/182473.png\" alt=\"Gaspar Campos\" onerror=\"this.onerror=null;this.src='https:\/\/soccer.aidatasports.com\/images\/players\/default-player.png';\"><span>Gaspar Campos<\/span><\/a><\/div>\n<\/div>\n<div>\n<h4>Suplentes:<\/h4>\n<div class=\"player\"><a href=\"https:\/\/soccer.aidatasports.com\/pt\/players\/Jes\u00fas-Bernal-122592\"><img decoding=\"async\" src=\"https:\/\/soccer.aidatasports.com\/images\/players\/122592.png\" alt=\"Jes\u00fas Bernal\" onerror=\"this.onerror=null;this.src='https:\/\/soccer.aidatasports.com\/images\/players\/default-player.png';\"><span>Jes\u00fas Bernal<\/span><\/a><\/div>\n<div class=\"player\"><a href=\"https:\/\/soccer.aidatasports.com\/pt\/players\/Dani-Queipo-286799\"><img decoding=\"async\" src=\"https:\/\/soccer.aidatasports.com\/images\/players\/286799.png\" alt=\"Dani Queipo\" onerror=\"this.onerror=null;this.src='https:\/\/soccer.aidatasports.com\/images\/players\/default-player.png';\"><span>Dani Queipo<\/span><\/a><\/div>\n<div class=\"player\"><a href=\"https:\/\/soccer.aidatasports.com\/pt\/players\/C\u00e9sar-Gelabert-163076\"><img decoding=\"async\" src=\"https:\/\/soccer.aidatasports.com\/images\/players\/163076.png\" alt=\"C\u00e9sar Gelabert\" onerror=\"this.onerror=null;this.src='https:\/\/soccer.aidatasports.com\/images\/players\/default-player.png';\"><span>C\u00e9sar Gelabert<\/span><\/a><\/div>\n<div class=\"player\"><a href=\"https:\/\/soccer.aidatasports.com\/pt\/players\/V\u00edctor-Campuzano-47344\"><img decoding=\"async\" src=\"https:\/\/soccer.aidatasports.com\/images\/players\/47344.png\" alt=\"V\u00edctor Campuzano\" onerror=\"this.onerror=null;this.src='https:\/\/soccer.aidatasports.com\/images\/players\/default-player.png';\"><span>V\u00edctor Campuzano<\/span><\/a><\/div>\n<div class=\"player\"><a href=\"https:\/\/soccer.aidatasports.com\/pt\/players\/Christian-Sanchez-46872\"><img decoding=\"async\" src=\"https:\/\/soccer.aidatasports.com\/images\/players\/46872.png\" alt=\"Christian Sanchez\" onerror=\"this.onerror=null;this.src='https:\/\/soccer.aidatasports.com\/images\/players\/default-player.png';\"><span>Christian Sanchez<\/span><\/a><\/div>\n<div class=\"player\"><a href=\"https:\/\/soccer.aidatasports.com\/pt\/players\/Pablo-Garc\u00eda-182484\"><img decoding=\"async\" src=\"https:\/\/soccer.aidatasports.com\/images\/players\/182484.png\" alt=\"Pablo Garc\u00eda\" onerror=\"this.onerror=null;this.src='https:\/\/soccer.aidatasports.com\/images\/players\/default-player.png';\"><span>Pablo Garc\u00eda<\/span><\/a><\/div>\n<div class=\"player\"><a href=\"https:\/\/soccer.aidatasports.com\/pt\/players\/Yann-Kembo-68136\"><img decoding=\"async\" src=\"https:\/\/soccer.aidatasports.com\/images\/players\/68136.png\" alt=\"Yann Kembo\" onerror=\"this.onerror=null;this.src='https:\/\/soccer.aidatasports.com\/images\/players\/default-player.png';\"><span>Yann Kembo<\/span><\/a><\/div>\n<div class=\"player\"><a href=\"https:\/\/soccer.aidatasports.com\/pt\/players\/Iker-Martinez-458210\"><img decoding=\"async\" src=\"https:\/\/soccer.aidatasports.com\/images\/players\/458210.png\" alt=\"Iker Martinez\" onerror=\"this.onerror=null;this.src='https:\/\/soccer.aidatasports.com\/images\/players\/default-player.png';\"><span>Iker Martinez<\/span><\/a><\/div>\n<div class=\"player\"><a href=\"https:\/\/soccer.aidatasports.com\/pt\/players\/Esteban-Lozano-268380\"><img decoding=\"async\" src=\"https:\/\/soccer.aidatasports.com\/images\/players\/268380.png\" alt=\"Esteban Lozano\" onerror=\"this.onerror=null;this.src='https:\/\/soccer.aidatasports.com\/images\/players\/default-player.png';\"><span>Esteban Lozano<\/span><\/a><\/div>\n<div class=\"player\"><a href=\"https:\/\/soccer.aidatasports.com\/pt\/players\/Alejandro-Oyon-306922\"><img decoding=\"async\" src=\"https:\/\/soccer.aidatasports.com\/images\/players\/306922.png\" alt=\"Alejandro Oyon\" onerror=\"this.onerror=null;this.src='https:\/\/soccer.aidatasports.com\/images\/players\/default-player.png';\"><span>Alejandro Oyon<\/span><\/a><\/div>\n<\/div>\n<\/div>\n<\/div>\n<div class=\"team-lineup\">\n<h3>Eldense<\/h3>\n<p><img decoding=\"async\" src=\"https:\/\/media.api-sports.io\/football\/teams\/9692.png\" alt=\"Eldense\" style=\"width: 50px; height: 50px;\"><\/p>\n<div class=\"players-container\">\n<div>\n<h4>Titulares:<\/h4>\n<div class=\"player\"><a href=\"https:\/\/soccer.aidatasports.com\/pt\/players\/Dani-Mart\u00edn-46871\"><img decoding=\"async\" src=\"https:\/\/soccer.aidatasports.com\/images\/players\/46871.png\" alt=\"Dani Mart\u00edn\" onerror=\"this.onerror=null;this.src='https:\/\/soccer.aidatasports.com\/images\/players\/default-player.png';\"><span>Dani Mart\u00edn<\/span><\/a><\/div>\n<div class=\"player\"><a href=\"https:\/\/soccer.aidatasports.com\/pt\/players\/V\u00edctor-Garc\u00eda-46790\"><img decoding=\"async\" src=\"https:\/\/soccer.aidatasports.com\/images\/players\/46790.png\" alt=\"V\u00edctor Garc\u00eda\" onerror=\"this.onerror=null;this.src='https:\/\/soccer.aidatasports.com\/images\/players\/default-player.png';\"><span>V\u00edctor Garc\u00eda<\/span><\/a><\/div>\n<div class=\"player\"><a href=\"https:\/\/soccer.aidatasports.com\/pt\/players\/Dario-\u0110umi\u0107-25117\"><img decoding=\"async\" src=\"https:\/\/soccer.aidatasports.com\/images\/players\/25117.png\" alt=\"Dario \u0110umi\u0107\" onerror=\"this.onerror=null;this.src='https:\/\/soccer.aidatasports.com\/images\/players\/default-player.png';\"><span>Dario \u0110umi\u0107<\/span><\/a><\/div>\n<div class=\"player\"><a href=\"https:\/\/soccer.aidatasports.com\/pt\/players\/I\u00f1igo-Sebasti\u00e1n-Magana-179266\"><img decoding=\"async\" src=\"https:\/\/soccer.aidatasports.com\/images\/players\/179266.png\" alt=\"I\u00f1igo Sebasti\u00e1n Magana\" onerror=\"this.onerror=null;this.src='https:\/\/soccer.aidatasports.com\/images\/players\/default-player.png';\"><span>I\u00f1igo Sebasti\u00e1n Magana<\/span><\/a><\/div>\n<div class=\"player\"><a href=\"https:\/\/soccer.aidatasports.com\/pt\/players\/Marc-Mateu-47139\"><img decoding=\"async\" src=\"https:\/\/soccer.aidatasports.com\/images\/players\/47139.png\" alt=\"Marc Mateu\" onerror=\"this.onerror=null;this.src='https:\/\/soccer.aidatasports.com\/images\/players\/default-player.png';\"><span>Marc Mateu<\/span><\/a><\/div>\n<div class=\"player\"><a href=\"https:\/\/soccer.aidatasports.com\/pt\/players\/Iv\u00e1n-Chapela-182757\"><img decoding=\"async\" src=\"https:\/\/soccer.aidatasports.com\/images\/players\/182757.png\" alt=\"Iv\u00e1n Chapela\" onerror=\"this.onerror=null;this.src='https:\/\/soccer.aidatasports.com\/images\/players\/default-player.png';\"><span>Iv\u00e1n Chapela<\/span><\/a><\/div>\n<div class=\"player\"><a href=\"https:\/\/soccer.aidatasports.com\/pt\/players\/Sergio-Ortu\u00f1o-128035\"><img decoding=\"async\" src=\"https:\/\/soccer.aidatasports.com\/images\/players\/128035.png\" alt=\"Sergio Ortu\u00f1o\" onerror=\"this.onerror=null;this.src='https:\/\/soccer.aidatasports.com\/images\/players\/default-player.png';\"><span>Sergio Ortu\u00f1o<\/span><\/a><\/div>\n<div class=\"player\"><a href=\"https:\/\/soccer.aidatasports.com\/pt\/players\/David-Timor-47010\"><img decoding=\"async\" src=\"https:\/\/soccer.aidatasports.com\/images\/players\/47010.png\" alt=\"David Timor\" onerror=\"this.onerror=null;this.src='https:\/\/soccer.aidatasports.com\/images\/players\/default-player.png';\"><span>David Timor<\/span><\/a><\/div>\n<div class=\"player\"><a href=\"https:\/\/soccer.aidatasports.com\/pt\/players\/Joel-Jorquera-183927\"><img decoding=\"async\" src=\"https:\/\/soccer.aidatasports.com\/images\/players\/183927.png\" alt=\"Joel Jorquera\" onerror=\"this.onerror=null;this.src='https:\/\/soccer.aidatasports.com\/images\/players\/default-player.png';\"><span>Joel Jorquera<\/span><\/a><\/div>\n<div class=\"player\"><a href=\"https:\/\/soccer.aidatasports.com\/pt\/players\/Nacho-Quintana-161962\"><img decoding=\"async\" src=\"https:\/\/soccer.aidatasports.com\/images\/players\/161962.png\" alt=\"Nacho Quintana\" onerror=\"this.onerror=null;this.src='https:\/\/soccer.aidatasports.com\/images\/players\/default-player.png';\"><span>Nacho Quintana<\/span><\/a><\/div>\n<div class=\"player\"><a href=\"https:\/\/soccer.aidatasports.com\/pt\/players\/Alex-Bernal-181248\"><img decoding=\"async\" src=\"https:\/\/soccer.aidatasports.com\/images\/players\/181248.png\" alt=\"Alex Bernal\" onerror=\"this.onerror=null;this.src='https:\/\/soccer.aidatasports.com\/images\/players\/default-player.png';\"><span>Alex Bernal<\/span><\/a><\/div>\n<\/div>\n<div>\n<h4>Suplentes:<\/h4>\n<div class=\"player\"><a href=\"https:\/\/soccer.aidatasports.com\/pt\/players\/Christian-Montes-15387\"><img decoding=\"async\" src=\"https:\/\/soccer.aidatasports.com\/images\/players\/15387.png\" alt=\"Christian Montes\" onerror=\"this.onerror=null;this.src='https:\/\/soccer.aidatasports.com\/images\/players\/default-player.png';\"><span>Christian Montes<\/span><\/a><\/div>\n<div class=\"player\"><a href=\"https:\/\/soccer.aidatasports.com\/pt\/players\/Juanto-Ortu\u00f1o-104425\"><img decoding=\"async\" src=\"https:\/\/soccer.aidatasports.com\/images\/players\/104425.png\" alt=\"Juanto Ortu\u00f1o\" onerror=\"this.onerror=null;this.src='https:\/\/soccer.aidatasports.com\/images\/players\/default-player.png';\"><span>Juanto Ortu\u00f1o<\/span><\/a><\/div>\n<div class=\"player\"><a href=\"https:\/\/soccer.aidatasports.com\/pt\/players\/V\u00edctor-Camarasa-18998\"><img decoding=\"async\" src=\"https:\/\/soccer.aidatasports.com\/images\/players\/18998.png\" alt=\"V\u00edctor Camarasa\" onerror=\"this.onerror=null;this.src='https:\/\/soccer.aidatasports.com\/images\/players\/default-player.png';\"><span>V\u00edctor Camarasa<\/span><\/a><\/div>\n<div class=\"player\"><a href=\"https:\/\/soccer.aidatasports.com\/pt\/players\/Alan-Godoy-182556\"><img decoding=\"async\" src=\"https:\/\/soccer.aidatasports.com\/images\/players\/182556.png\" alt=\"Alan Godoy\" onerror=\"this.onerror=null;this.src='https:\/\/soccer.aidatasports.com\/images\/players\/default-player.png';\"><span>Alan Godoy<\/span><\/a><\/div>\n<div class=\"player\"><a href=\"https:\/\/soccer.aidatasports.com\/pt\/players\/Ian-Mackay-Abad-122811\"><img decoding=\"async\" src=\"https:\/\/soccer.aidatasports.com\/images\/players\/122811.png\" alt=\"Ian Mackay Abad\" onerror=\"this.onerror=null;this.src='https:\/\/soccer.aidatasports.com\/images\/players\/default-player.png';\"><span>Ian Mackay Abad<\/span><\/a><\/div>\n<div class=\"player\"><a href=\"https:\/\/soccer.aidatasports.com\/pt\/players\/Nacho-Monsalve-36834\"><img decoding=\"async\" src=\"https:\/\/soccer.aidatasports.com\/images\/players\/36834.png\" alt=\"Nacho Monsalve\" onerror=\"this.onerror=null;this.src='https:\/\/soccer.aidatasports.com\/images\/players\/default-player.png';\"><span>Nacho Monsalve<\/span><\/a><\/div>\n<div class=\"player\"><a href=\"https:\/\/soccer.aidatasports.com\/pt\/players\/Ricardo-Grigore-43180\"><img decoding=\"async\" src=\"https:\/\/soccer.aidatasports.com\/images\/players\/43180.png\" alt=\"Ricardo Grigore\" onerror=\"this.onerror=null;this.src='https:\/\/soccer.aidatasports.com\/images\/players\/default-player.png';\"><span>Ricardo Grigore<\/span><\/a><\/div>\n<div class=\"player\"><a href=\"https:\/\/soccer.aidatasports.com\/pt\/players\/Derick-Poloni-41750\"><img decoding=\"async\" src=\"https:\/\/soccer.aidatasports.com\/images\/players\/41750.png\" alt=\"Derick Poloni\" onerror=\"this.onerror=null;this.src='https:\/\/soccer.aidatasports.com\/images\/players\/default-player.png';\"><span>Derick Poloni<\/span><\/a><\/div>\n<div class=\"player\"><a href=\"https:\/\/soccer.aidatasports.com\/pt\/players\/Fran-G\u00e1mez-46732\"><img decoding=\"async\" src=\"https:\/\/soccer.aidatasports.com\/images\/players\/46732.png\" alt=\"Fran G\u00e1mez\" onerror=\"this.onerror=null;this.src='https:\/\/soccer.aidatasports.com\/images\/players\/default-player.png';\"><span>Fran G\u00e1mez<\/span><\/a><\/div>\n<div class=\"player\"><a href=\"https:\/\/soccer.aidatasports.com\/pt\/players\/Unai-Ropero-197800\"><img decoding=\"async\" src=\"https:\/\/soccer.aidatasports.com\/images\/players\/197800.png\" alt=\"Unai Ropero\" onerror=\"this.onerror=null;this.src='https:\/\/soccer.aidatasports.com\/images\/players\/default-player.png';\"><span>Unai Ropero<\/span><\/a><\/div>\n<div class=\"player\"><a href=\"https:\/\/soccer.aidatasports.com\/pt\/players\/Sixtus-Ogbuehi-405719\"><img decoding=\"async\" src=\"https:\/\/soccer.aidatasports.com\/images\/players\/405719.png\" alt=\"Sixtus Ogbuehi\" onerror=\"this.onerror=null;this.src='https:\/\/soccer.aidatasports.com\/images\/players\/default-player.png';\"><span>Sixtus Ogbuehi<\/span><\/a><\/div>\n<\/div>\n<\/div>\n<\/div>\n<\/div>\n<div id=\"wg-api-football-game\"\n                    data-host=\"xxxxx\"\n                    data-key=\"xxxx\"\n                    data-id=\"1217520\"\n                    data-theme=\"\"\n                    data-refresh=\"15\"\n                    data-show-errors=\"false\"\n                    data-show-logos=\"true\"><br \/>\n                    class=&#8221;wg_loader&#8221;>\n                <\/div>\n<div id=\"wg-api-football-standings\"\n                    data-host=\"xxxx\"\n                    data-key=\"ddddd\"\n                    data-league=\"141\"\n                    data-team=\"\"\n                    data-season=\"2024\"\n                    data-theme=\"\"\n                    data-show-errors=\"false\"\n                    data-show-logos=\"true\"\n                    class=\"wg_loader\">\n                <\/div>\n<p>                <script\n                    type=\"module\"\n                    src=\"https:\/\/soccer.aidatasports.com\/wp-content\/customjs\/widgetslocal.js\">\n                <\/script><\/p>\n","protected":false},"excerpt":{"rendered":"<p>Sporting Gij\u00f3n vs. Eldense: Vit\u00f3ria suada para o Sporting Sporting Gij\u00f3n venceu o Eldense em&hellip;<\/p>\n","protected":false},"author":1,"featured_media":29063,"comment_status":"open","ping_status":"open","sticky":false,"template":"","format":"standard","meta":{"content-type":"","pmpro_default_level":"","_lmt_disableupdate":"","_lmt_disable":"","_league":1,"_fixture":1217520,"penci_pfeatured_image_ratio":"","penci_single_style":"","footnotes":""},"categories":[1],"tags":[6823,815],"class_list":["post-29064","post","type-post","status-publish","format-standard","has-post-thumbnail","hentry","category-uncategorized","tag-eldense-spain-9692","tag-sporting-gijon-spain-731","pmpro-has-access"],"_links":{"self":[{"href":"https:\/\/soccer.aidatasports.com\/pt\/wp-json\/wp\/v2\/posts\/29064"}],"collection":[{"href":"https:\/\/soccer.aidatasports.com\/pt\/wp-json\/wp\/v2\/posts"}],"about":[{"href":"https:\/\/soccer.aidatasports.com\/pt\/wp-json\/wp\/v2\/types\/post"}],"author":[{"embeddable":true,"href":"https:\/\/soccer.aidatasports.com\/pt\/wp-json\/wp\/v2\/users\/1"}],"replies":[{"embeddable":true,"href":"https:\/\/soccer.aidatasports.com\/pt\/wp-json\/wp\/v2\/comments?post=29064"}],"version-history":[{"count":0,"href":"https:\/\/soccer.aidatasports.com\/pt\/wp-json\/wp\/v2\/posts\/29064\/revisions"}],"wp:featuredmedia":[{"embeddable":true,"href":"https:\/\/soccer.aidatasports.com\/pt\/wp-json\/wp\/v2\/media\/29063"}],"wp:attachment":[{"href":"https:\/\/soccer.aidatasports.com\/pt\/wp-json\/wp\/v2\/media?parent=29064"}],"wp:term":[{"taxonomy":"category","embeddable":true,"href":"https:\/\/soccer.aidatasports.com\/pt\/wp-json\/wp\/v2\/categories?post=29064"},{"taxonomy":"post_tag","embeddable":true,"href":"https:\/\/soccer.aidatasports.com\/pt\/wp-json\/wp\/v2\/tags?post=29064"}],"curies":[{"name":"wp","href":"https:\/\/api.w.org\/{rel}","templated":true}]}}