{"id":24231,"date":"2024-08-17T17:02:03","date_gmt":"2024-08-17T17:02:03","guid":{"rendered":"https:\/\/soccer.aidatasports.com\/pt\/uncategorized\/eibar-vs-castellon-aug-17-2024-1500-utc\/"},"modified":"2024-08-17T17:02:03","modified_gmt":"2024-08-17T17:02:03","slug":"eibar-vs-castellon-aug-17-2024-1500-utc","status":"publish","type":"post","link":"https:\/\/soccer.aidatasports.com\/pt\/uncategorized\/eibar-vs-castellon-aug-17-2024-1500-utc\/","title":{"rendered":"Eibar vs Castell\u00f3n Aug 17 2024 15:00 UTC"},"content":{"rendered":"<h1>O Eibar vence o Castell\u00f3n em um jogo com muitos cart\u00f5es<\/h1>\n<p>O Eibar saiu vitorioso em casa contra o Castell\u00f3n em uma partida emocionante marcada pela disciplina. O time da casa abriu o placar aos 2 minutos com um gol de B. Jon, assistido por J. Guruzeta.<\/p>\n<p>O Castell\u00f3n buscou o empate com afinco, mas encontrou uma defesa do Eibar bem organizada. O \u00e1rbitro, Eder Mallo Fernandez, teve um papel de destaque na partida, mostrando cart\u00f5es amarelos para A. Arbilla e J. Guruzeta pelo Eibar, e para A. Jimenez pelo Castell\u00f3n. Al\u00e9m disso, um gol do Castell\u00f3n foi anulado por impedimento aos 38 minutos.<\/p>\n<p>Apesar da posse esmagadora do Castell\u00f3n (65% contra 35% do Eibar), a efic\u00e1cia no ataque foi a chave para a vit\u00f3ria do Eibar. O time da casa fez 8 chutes, 3 deles a gol, enquanto o Castell\u00f3n, apesar de seus 11 chutes, s\u00f3 conseguiu colocar 4 na dire\u00e7\u00e3o do gol.<\/p>\n<p>O Eibar levou os tr\u00eas pontos em um jogo que promete um bom come\u00e7o de temporada.<\/p>\n<p>Substitui\u00f5es na equipe de eibar: Aos 46 minutos, A. Madariaga entrou e J. Guruzeta saiu., Aos 50 minutos, S. Alvarez entrou e A. Carrillo saiu., Aos 64 minutos, S. Cubero entrou e J. Corpas saiu., Aos 64 minutos, A. Puertas entrou e M. Merquelanz saiu., Aos 77 minutos, Slavy entrou e J. Pascual saiu. <\/p>\n<p>Substitui\u00f5es na equipe de castell\u00f3n: Aos 61 minutos, T. van den Belt entrou e S. Moyita saiu., Aos 61 minutos, J. Calavera entrou e O. Gil saiu., Aos 79 minutos, I. Suero entrou e R. Sanchez saiu., Aos 83 minutos, P. M. Suner entrou e A. Jimenez saiu. <\/p>\n<p>As equipes se alinharam da seguinte forma:<\/p>\n<div class=\"lineups-container\">\n<style>\n                .lineups-container {\n                    display: flex;\n                    justify-content: space-around;\n                    flex-wrap: wrap;\n                }\n                .team-lineup {\n                    width: 49%;\n                    margin-bottom: 20px;\n                    border: 1px solid #ccc;\n                    padding: 5px;\n                }\n                .team-lineup h3 {\n                    text-align: center;\n                    margin-bottom: 10px;\n                }\n                .players-container {\n                    display: flex;\n                    justify-content: space-between;\n                }\n                .players-container div {\n                    width: 100%;\n                }\n                .player {\n                    display: flex;\n                    align-items: center;\n                    margin-bottom: 5px;\n                }\n                .player img {\n                    width: 30px;\n                    height: 30px;\n                    border-radius: 50%;\n                    margin-right: 10px;\n                }\n                    @media (max-width: 600px) {\n                    .team-lineup {\n                        width: 100%;\n                    }\n                }\n                <\/style>\n<div class=\"team-lineup\">\n<h3>Eibar<\/h3>\n<p><img decoding=\"async\" src=\"https:\/\/media.api-sports.io\/football\/teams\/545.png\" alt=\"Eibar\" style=\"width: 50px; height: 50px;\"><\/p>\n<div class=\"players-container\">\n<div>\n<h4>Titulares:<\/h4>\n<div class=\"player\"><a href=\"https:\/\/soccer.aidatasports.com\/pt\/players\/Jon-Mikel-Magunagoitia-178932\"><img decoding=\"async\" src=\"https:\/\/soccer.aidatasports.com\/images\/players\/178932.png\" alt=\"Jon Mikel Magunagoitia\" onerror=\"this.onerror=null;this.src='https:\/\/soccer.aidatasports.com\/images\/players\/default-player.png';\"><span>Jon Mikel Magunagoitia<\/span><\/a><\/div>\n<div class=\"player\"><a href=\"https:\/\/soccer.aidatasports.com\/pt\/players\/Jos\u00e9-Corpas-46929\"><img decoding=\"async\" src=\"https:\/\/soccer.aidatasports.com\/images\/players\/46929.png\" alt=\"Jos\u00e9 Corpas\" onerror=\"this.onerror=null;this.src='https:\/\/soccer.aidatasports.com\/images\/players\/default-player.png';\"><span>Jos\u00e9 Corpas<\/span><\/a><\/div>\n<div class=\"player\"><a href=\"https:\/\/soccer.aidatasports.com\/pt\/players\/\u00c1lvaro-Carrillo-237174\"><img decoding=\"async\" src=\"https:\/\/soccer.aidatasports.com\/images\/players\/237174.png\" alt=\"\u00c1lvaro Carrillo\" onerror=\"this.onerror=null;this.src='https:\/\/soccer.aidatasports.com\/images\/players\/default-player.png';\"><span>\u00c1lvaro Carrillo<\/span><\/a><\/div>\n<div class=\"player\"><a href=\"https:\/\/soccer.aidatasports.com\/pt\/players\/Anaitz-Arbilla-47377\"><img decoding=\"async\" src=\"https:\/\/soccer.aidatasports.com\/images\/players\/47377.png\" alt=\"Anaitz Arbilla\" onerror=\"this.onerror=null;this.src='https:\/\/soccer.aidatasports.com\/images\/players\/default-player.png';\"><span>Anaitz Arbilla<\/span><\/a><\/div>\n<div class=\"player\"><a href=\"https:\/\/soccer.aidatasports.com\/pt\/players\/Hodei-Arrillaga-387997\"><img decoding=\"async\" src=\"https:\/\/soccer.aidatasports.com\/images\/players\/387997.png\" alt=\"Hodei Arrillaga\" onerror=\"this.onerror=null;this.src='https:\/\/soccer.aidatasports.com\/images\/players\/default-player.png';\"><span>Hodei Arrillaga<\/span><\/a><\/div>\n<div class=\"player\"><a href=\"https:\/\/soccer.aidatasports.com\/pt\/players\/Peru-Nolaskoain-Esnal-47286\"><img decoding=\"async\" src=\"https:\/\/soccer.aidatasports.com\/images\/players\/47286.png\" alt=\"Peru Nolaskoain Esnal\" onerror=\"this.onerror=null;this.src='https:\/\/soccer.aidatasports.com\/images\/players\/default-player.png';\"><span>Peru Nolaskoain Esnal<\/span><\/a><\/div>\n<div class=\"player\"><a href=\"https:\/\/soccer.aidatasports.com\/pt\/players\/Matheus-Pereira-871\"><img decoding=\"async\" src=\"https:\/\/soccer.aidatasports.com\/images\/players\/871.png\" alt=\"Matheus Pereira\" onerror=\"this.onerror=null;this.src='https:\/\/soccer.aidatasports.com\/images\/players\/default-player.png';\"><span>Matheus Pereira<\/span><\/a><\/div>\n<div class=\"player\"><a href=\"https:\/\/soccer.aidatasports.com\/pt\/players\/Jon-Guruzeta-183735\"><img decoding=\"async\" src=\"https:\/\/soccer.aidatasports.com\/images\/players\/183735.png\" alt=\"Jon Guruzeta\" onerror=\"this.onerror=null;this.src='https:\/\/soccer.aidatasports.com\/images\/players\/default-player.png';\"><span>Jon Guruzeta<\/span><\/a><\/div>\n<div class=\"player\"><a href=\"https:\/\/soccer.aidatasports.com\/pt\/players\/Jorge-Pascual-290482\"><img decoding=\"async\" src=\"https:\/\/soccer.aidatasports.com\/images\/players\/290482.png\" alt=\"Jorge Pascual\" onerror=\"this.onerror=null;this.src='https:\/\/soccer.aidatasports.com\/images\/players\/default-player.png';\"><span>Jorge Pascual<\/span><\/a><\/div>\n<div class=\"player\"><a href=\"https:\/\/soccer.aidatasports.com\/pt\/players\/Mart\u00edn-Merquelanz-47322\"><img decoding=\"async\" src=\"https:\/\/soccer.aidatasports.com\/images\/players\/47322.png\" alt=\"Mart\u00edn Merquelanz\" onerror=\"this.onerror=null;this.src='https:\/\/soccer.aidatasports.com\/images\/players\/default-player.png';\"><span>Mart\u00edn Merquelanz<\/span><\/a><\/div>\n<div class=\"player\"><a href=\"https:\/\/soccer.aidatasports.com\/pt\/players\/Jon-Bautista-47318\"><img decoding=\"async\" src=\"https:\/\/soccer.aidatasports.com\/images\/players\/47318.png\" alt=\"Jon Bautista\" onerror=\"this.onerror=null;this.src='https:\/\/soccer.aidatasports.com\/images\/players\/default-player.png';\"><span>Jon Bautista<\/span><\/a><\/div>\n<\/div>\n<div>\n<h4>Suplentes:<\/h4>\n<div class=\"player\"><a href=\"https:\/\/soccer.aidatasports.com\/pt\/players\/Ander-Madariaga-288527\"><img decoding=\"async\" src=\"https:\/\/soccer.aidatasports.com\/images\/players\/288527.png\" alt=\"Ander Madariaga\" onerror=\"this.onerror=null;this.src='https:\/\/soccer.aidatasports.com\/images\/players\/default-player.png';\"><span>Ander Madariaga<\/span><\/a><\/div>\n<div class=\"player\"><a href=\"https:\/\/soccer.aidatasports.com\/pt\/players\/Sergio-\u00c1lvarez-47385\"><img decoding=\"async\" src=\"https:\/\/soccer.aidatasports.com\/images\/players\/47385.png\" alt=\"Sergio \u00c1lvarez\" onerror=\"this.onerror=null;this.src='https:\/\/soccer.aidatasports.com\/images\/players\/default-player.png';\"><span>Sergio \u00c1lvarez<\/span><\/a><\/div>\n<div class=\"player\"><a href=\"https:\/\/soccer.aidatasports.com\/pt\/players\/Sergio-Cubero-181866\"><img decoding=\"async\" src=\"https:\/\/soccer.aidatasports.com\/images\/players\/181866.png\" alt=\"Sergio Cubero\" onerror=\"this.onerror=null;this.src='https:\/\/soccer.aidatasports.com\/images\/players\/default-player.png';\"><span>Sergio Cubero<\/span><\/a><\/div>\n<div class=\"player\"><a href=\"https:\/\/soccer.aidatasports.com\/pt\/players\/Antonio-Puertas-46689\"><img decoding=\"async\" src=\"https:\/\/soccer.aidatasports.com\/images\/players\/46689.png\" alt=\"Antonio Puertas\" onerror=\"this.onerror=null;this.src='https:\/\/soccer.aidatasports.com\/images\/players\/default-player.png';\"><span>Antonio Puertas<\/span><\/a><\/div>\n<div class=\"player\"><a href=\"https:\/\/soccer.aidatasports.com\/pt\/players\/Slavy-194662\"><img decoding=\"async\" src=\"https:\/\/soccer.aidatasports.com\/images\/players\/194662.png\" alt=\"Slavy\" onerror=\"this.onerror=null;this.src='https:\/\/soccer.aidatasports.com\/images\/players\/default-player.png';\"><span>Slavy<\/span><\/a><\/div>\n<div class=\"player\"><a href=\"https:\/\/soccer.aidatasports.com\/pt\/players\/Daniel-Fuzato-763\"><img decoding=\"async\" src=\"https:\/\/soccer.aidatasports.com\/images\/players\/763.png\" alt=\"Daniel Fuzato\" onerror=\"this.onerror=null;this.src='https:\/\/soccer.aidatasports.com\/images\/players\/default-player.png';\"><span>Daniel Fuzato<\/span><\/a><\/div>\n<div class=\"player\"><a href=\"https:\/\/soccer.aidatasports.com\/pt\/players\/Cristian-Guti\u00e9rrez-137441\"><img decoding=\"async\" src=\"https:\/\/soccer.aidatasports.com\/images\/players\/137441.png\" alt=\"Cristian Guti\u00e9rrez\" onerror=\"this.onerror=null;this.src='https:\/\/soccer.aidatasports.com\/images\/players\/default-player.png';\"><span>Cristian Guti\u00e9rrez<\/span><\/a><\/div>\n<div class=\"player\"><a href=\"https:\/\/soccer.aidatasports.com\/pt\/players\/Chema-47459\"><img decoding=\"async\" src=\"https:\/\/soccer.aidatasports.com\/images\/players\/47459.png\" alt=\"Chema\" onerror=\"this.onerror=null;this.src='https:\/\/soccer.aidatasports.com\/images\/players\/default-player.png';\"><span>Chema<\/span><\/a><\/div>\n<div class=\"player\"><a href=\"https:\/\/soccer.aidatasports.com\/pt\/players\/Yanis-Rahmani-113587\"><img decoding=\"async\" src=\"https:\/\/soccer.aidatasports.com\/images\/players\/113587.png\" alt=\"Yanis Rahmani\" onerror=\"this.onerror=null;this.src='https:\/\/soccer.aidatasports.com\/images\/players\/default-player.png';\"><span>Yanis Rahmani<\/span><\/a><\/div>\n<div class=\"player\"><a href=\"https:\/\/soccer.aidatasports.com\/pt\/players\/Oscar-Carrasco-327493\"><img decoding=\"async\" src=\"https:\/\/soccer.aidatasports.com\/images\/players\/327493.png\" alt=\"Oscar Carrasco\" onerror=\"this.onerror=null;this.src='https:\/\/soccer.aidatasports.com\/images\/players\/default-player.png';\"><span>Oscar Carrasco<\/span><\/a><\/div>\n<\/div>\n<\/div>\n<\/div>\n<div class=\"team-lineup\">\n<h3>Castell\u00f3n<\/h3>\n<p><img decoding=\"async\" src=\"https:\/\/media.api-sports.io\/football\/teams\/5254.png\" alt=\"Castell\u00f3n\" style=\"width: 50px; height: 50px;\"><\/p>\n<div class=\"players-container\">\n<div>\n<h4>Titulares:<\/h4>\n<div class=\"player\"><a href=\"https:\/\/soccer.aidatasports.com\/pt\/players\/Gonzalo-Crettaz-129054\"><img decoding=\"async\" src=\"https:\/\/soccer.aidatasports.com\/images\/players\/129054.png\" alt=\"Gonzalo Crettaz\" onerror=\"this.onerror=null;this.src='https:\/\/soccer.aidatasports.com\/images\/players\/default-player.png';\"><span>Gonzalo Crettaz<\/span><\/a><\/div>\n<div class=\"player\"><a href=\"https:\/\/soccer.aidatasports.com\/pt\/players\/Daijiro-Chirino-295771\"><img decoding=\"async\" src=\"https:\/\/soccer.aidatasports.com\/images\/players\/295771.png\" alt=\"Daijiro Chirino\" onerror=\"this.onerror=null;this.src='https:\/\/soccer.aidatasports.com\/images\/players\/default-player.png';\"><span>Daijiro Chirino<\/span><\/a><\/div>\n<div class=\"player\"><a href=\"https:\/\/soccer.aidatasports.com\/pt\/players\/Alberto-Jim\u00e9nez-47075\"><img decoding=\"async\" src=\"https:\/\/soccer.aidatasports.com\/images\/players\/47075.png\" alt=\"Alberto Jim\u00e9nez\" onerror=\"this.onerror=null;this.src='https:\/\/soccer.aidatasports.com\/images\/players\/default-player.png';\"><span>Alberto Jim\u00e9nez<\/span><\/a><\/div>\n<div class=\"player\"><a href=\"https:\/\/soccer.aidatasports.com\/pt\/players\/Jozhua-Vertrouwd-314006\"><img decoding=\"async\" src=\"https:\/\/soccer.aidatasports.com\/images\/players\/314006.png\" alt=\"Jozhua Vertrouwd\" onerror=\"this.onerror=null;this.src='https:\/\/soccer.aidatasports.com\/images\/players\/default-player.png';\"><span>Jozhua Vertrouwd<\/span><\/a><\/div>\n<div class=\"player\"><a href=\"https:\/\/soccer.aidatasports.com\/pt\/players\/Kenneth-Obinna-Mamah-372574\"><img decoding=\"async\" src=\"https:\/\/soccer.aidatasports.com\/images\/players\/372574.png\" alt=\"Kenneth Obinna Mamah\" onerror=\"this.onerror=null;this.src='https:\/\/soccer.aidatasports.com\/images\/players\/default-player.png';\"><span>Kenneth Obinna Mamah<\/span><\/a><\/div>\n<div class=\"player\"><a href=\"https:\/\/soccer.aidatasports.com\/pt\/players\/Sergio-Moyita-107198\"><img decoding=\"async\" src=\"https:\/\/soccer.aidatasports.com\/images\/players\/107198.png\" alt=\"Sergio Moyita\" onerror=\"this.onerror=null;this.src='https:\/\/soccer.aidatasports.com\/images\/players\/default-player.png';\"><span>Sergio Moyita<\/span><\/a><\/div>\n<div class=\"player\"><a href=\"https:\/\/soccer.aidatasports.com\/pt\/players\/Oscar-Gil-105020\"><img decoding=\"async\" src=\"https:\/\/soccer.aidatasports.com\/images\/players\/105020.png\" alt=\"Oscar Gil\" onerror=\"this.onerror=null;this.src='https:\/\/soccer.aidatasports.com\/images\/players\/default-player.png';\"><span>Oscar Gil<\/span><\/a><\/div>\n<div class=\"player\"><a href=\"https:\/\/soccer.aidatasports.com\/pt\/players\/Mats-Seuntjens-36903\"><img decoding=\"async\" src=\"https:\/\/soccer.aidatasports.com\/images\/players\/36903.png\" alt=\"Mats Seuntjens\" onerror=\"this.onerror=null;this.src='https:\/\/soccer.aidatasports.com\/images\/players\/default-player.png';\"><span>Mats Seuntjens<\/span><\/a><\/div>\n<div class=\"player\"><a href=\"https:\/\/soccer.aidatasports.com\/pt\/players\/Ra\u00fal-S\u00e1nchez-104963\"><img decoding=\"async\" src=\"https:\/\/soccer.aidatasports.com\/images\/players\/104963.png\" alt=\"Ra\u00fal S\u00e1nchez\" onerror=\"this.onerror=null;this.src='https:\/\/soccer.aidatasports.com\/images\/players\/default-player.png';\"><span>Ra\u00fal S\u00e1nchez<\/span><\/a><\/div>\n<div class=\"player\"><a href=\"https:\/\/soccer.aidatasports.com\/pt\/players\/Douglas-Aur\u00e9lio-41249\"><img decoding=\"async\" src=\"https:\/\/soccer.aidatasports.com\/images\/players\/41249.png\" alt=\"Douglas Aur\u00e9lio\" onerror=\"this.onerror=null;this.src='https:\/\/soccer.aidatasports.com\/images\/players\/default-player.png';\"><span>Douglas Aur\u00e9lio<\/span><\/a><\/div>\n<div class=\"player\"><a href=\"https:\/\/soccer.aidatasports.com\/pt\/players\/Jes\u00fas-de-Miguel-119963\"><img decoding=\"async\" src=\"https:\/\/soccer.aidatasports.com\/images\/players\/119963.png\" alt=\"Jes\u00fas de Miguel\" onerror=\"this.onerror=null;this.src='https:\/\/soccer.aidatasports.com\/images\/players\/default-player.png';\"><span>Jes\u00fas de Miguel<\/span><\/a><\/div>\n<\/div>\n<div>\n<h4>Suplentes:<\/h4>\n<div class=\"player\"><a href=\"https:\/\/soccer.aidatasports.com\/pt\/players\/Thomas-Van-den-Belt-36934\"><img decoding=\"async\" src=\"https:\/\/soccer.aidatasports.com\/images\/players\/36934.png\" alt=\"Thomas Van den Belt\" onerror=\"this.onerror=null;this.src='https:\/\/soccer.aidatasports.com\/images\/players\/default-player.png';\"><span>Thomas Van den Belt<\/span><\/a><\/div>\n<div class=\"player\"><a href=\"https:\/\/soccer.aidatasports.com\/pt\/players\/\u00c1lex-Calatrava-286038\"><img decoding=\"async\" src=\"https:\/\/soccer.aidatasports.com\/images\/players\/286038.png\" alt=\"\u00c1lex Calatrava\" onerror=\"this.onerror=null;this.src='https:\/\/soccer.aidatasports.com\/images\/players\/default-player.png';\"><span>\u00c1lex Calatrava<\/span><\/a><\/div>\n<div class=\"player\"><a href=\"https:\/\/soccer.aidatasports.com\/pt\/players\/Israel-Suero-Fern\u00e1ndez-25717\"><img decoding=\"async\" src=\"https:\/\/soccer.aidatasports.com\/images\/players\/25717.png\" alt=\"Israel Suero Fern\u00e1ndez\" onerror=\"this.onerror=null;this.src='https:\/\/soccer.aidatasports.com\/images\/players\/default-player.png';\"><span>Israel Suero Fern\u00e1ndez<\/span><\/a><\/div>\n<div class=\"player\"><a href=\"https:\/\/soccer.aidatasports.com\/pt\/players\/Pere-Marco-384220\"><img decoding=\"async\" src=\"https:\/\/soccer.aidatasports.com\/images\/players\/384220.png\" alt=\"Pere Marco\" onerror=\"this.onerror=null;this.src='https:\/\/soccer.aidatasports.com\/images\/players\/default-player.png';\"><span>Pere Marco<\/span><\/a><\/div>\n<div class=\"player\"><a href=\"https:\/\/soccer.aidatasports.com\/pt\/players\/Brian-Schwake-266733\"><img decoding=\"async\" src=\"https:\/\/soccer.aidatasports.com\/images\/players\/266733.png\" alt=\"Brian Schwake\" onerror=\"this.onerror=null;this.src='https:\/\/soccer.aidatasports.com\/images\/players\/default-player.png';\"><span>Brian Schwake<\/span><\/a><\/div>\n<div class=\"player\"><a href=\"https:\/\/soccer.aidatasports.com\/pt\/players\/Jetro-Willems-1813\"><img decoding=\"async\" src=\"https:\/\/soccer.aidatasports.com\/images\/players\/1813.png\" alt=\"Jetro Willems\" onerror=\"this.onerror=null;this.src='https:\/\/soccer.aidatasports.com\/images\/players\/default-player.png';\"><span>Jetro Willems<\/span><\/a><\/div>\n<div class=\"player\"><a href=\"https:\/\/soccer.aidatasports.com\/pt\/players\/Jos\u00e9-Albert-351956\"><img decoding=\"async\" src=\"https:\/\/soccer.aidatasports.com\/images\/players\/351956.png\" alt=\"Jos\u00e9 Albert\" onerror=\"this.onerror=null;this.src='https:\/\/soccer.aidatasports.com\/images\/players\/default-player.png';\"><span>Jos\u00e9 Albert<\/span><\/a><\/div>\n<div class=\"player\"><a href=\"https:\/\/soccer.aidatasports.com\/pt\/players\/Josep-Calavera-122760\"><img decoding=\"async\" src=\"https:\/\/soccer.aidatasports.com\/images\/players\/122760.png\" alt=\"Josep Calavera\" onerror=\"this.onerror=null;this.src='https:\/\/soccer.aidatasports.com\/images\/players\/default-player.png';\"><span>Josep Calavera<\/span><\/a><\/div>\n<div class=\"player\"><a href=\"https:\/\/soccer.aidatasports.com\/pt\/players\/Albert-Lottin-1268\"><img decoding=\"async\" src=\"https:\/\/soccer.aidatasports.com\/images\/players\/1268.png\" alt=\"Albert Lottin\" onerror=\"this.onerror=null;this.src='https:\/\/soccer.aidatasports.com\/images\/players\/default-player.png';\"><span>Albert Lottin<\/span><\/a><\/div>\n<div class=\"player\"><a href=\"https:\/\/soccer.aidatasports.com\/pt\/players\/Daniel-Villahermosa-182719\"><img decoding=\"async\" src=\"https:\/\/soccer.aidatasports.com\/images\/players\/182719.png\" alt=\"Daniel Villahermosa\" onerror=\"this.onerror=null;this.src='https:\/\/soccer.aidatasports.com\/images\/players\/default-player.png';\"><span>Daniel Villahermosa<\/span><\/a><\/div>\n<div class=\"player\"><a href=\"https:\/\/soccer.aidatasports.com\/pt\/players\/Iker-Punzano-436521\"><img decoding=\"async\" src=\"https:\/\/soccer.aidatasports.com\/images\/players\/436521.png\" alt=\"Iker Punzano\" onerror=\"this.onerror=null;this.src='https:\/\/soccer.aidatasports.com\/images\/players\/default-player.png';\"><span>Iker Punzano<\/span><\/a><\/div>\n<div class=\"player\"><a href=\"https:\/\/soccer.aidatasports.com\/pt\/players\/Brian-Cipenga-279482\"><img decoding=\"async\" src=\"https:\/\/soccer.aidatasports.com\/images\/players\/279482.png\" alt=\"Brian Cipenga\" onerror=\"this.onerror=null;this.src='https:\/\/soccer.aidatasports.com\/images\/players\/default-player.png';\"><span>Brian Cipenga<\/span><\/a><\/div>\n<\/div>\n<\/div>\n<\/div>\n<\/div>\n<div id=\"wg-api-football-game\"\n                    data-host=\"xxxxx\"\n                    data-key=\"xxxx\"\n                    data-id=\"1217507\"\n                    data-theme=\"\"\n                    data-refresh=\"15\"\n                    data-show-errors=\"false\"\n                    data-show-logos=\"true\"><br \/>\n                    class=&#8221;wg_loader&#8221;>\n                <\/div>\n<div id=\"wg-api-football-standings\"\n                    data-host=\"xxxx\"\n                    data-key=\"ddddd\"\n                    data-league=\"141\"\n                    data-team=\"\"\n                    data-season=\"2024\"\n                    data-theme=\"\"\n                    data-show-errors=\"false\"\n                    data-show-logos=\"true\"\n                    class=\"wg_loader\">\n                <\/div>\n<p>                <script\n                    type=\"module\"\n                    src=\"https:\/\/soccer.aidatasports.com\/wp-content\/customjs\/widgetslocal.js\">\n                <\/script><\/p>\n","protected":false},"excerpt":{"rendered":"<p>O Eibar vence o Castell\u00f3n em um jogo com muitos cart\u00f5es O Eibar saiu vitorioso&hellip;<\/p>\n","protected":false},"author":1,"featured_media":24230,"comment_status":"open","ping_status":"open","sticky":false,"template":"","format":"standard","meta":{"content-type":"","pmpro_default_level":"","_lmt_disableupdate":"","_lmt_disable":"","_league":0,"_fixture":1217507,"penci_pfeatured_image_ratio":"","penci_single_style":"","footnotes":""},"categories":[],"tags":[3967,656],"class_list":["post-24231","post","type-post","status-publish","format-standard","has-post-thumbnail","hentry","tag-castellon-spain-5254","tag-eibar-spain-545","pmpro-has-access"],"_links":{"self":[{"href":"https:\/\/soccer.aidatasports.com\/pt\/wp-json\/wp\/v2\/posts\/24231"}],"collection":[{"href":"https:\/\/soccer.aidatasports.com\/pt\/wp-json\/wp\/v2\/posts"}],"about":[{"href":"https:\/\/soccer.aidatasports.com\/pt\/wp-json\/wp\/v2\/types\/post"}],"author":[{"embeddable":true,"href":"https:\/\/soccer.aidatasports.com\/pt\/wp-json\/wp\/v2\/users\/1"}],"replies":[{"embeddable":true,"href":"https:\/\/soccer.aidatasports.com\/pt\/wp-json\/wp\/v2\/comments?post=24231"}],"version-history":[{"count":0,"href":"https:\/\/soccer.aidatasports.com\/pt\/wp-json\/wp\/v2\/posts\/24231\/revisions"}],"wp:featuredmedia":[{"embeddable":true,"href":"https:\/\/soccer.aidatasports.com\/pt\/wp-json\/wp\/v2\/media\/24230"}],"wp:attachment":[{"href":"https:\/\/soccer.aidatasports.com\/pt\/wp-json\/wp\/v2\/media?parent=24231"}],"wp:term":[{"taxonomy":"category","embeddable":true,"href":"https:\/\/soccer.aidatasports.com\/pt\/wp-json\/wp\/v2\/categories?post=24231"},{"taxonomy":"post_tag","embeddable":true,"href":"https:\/\/soccer.aidatasports.com\/pt\/wp-json\/wp\/v2\/tags?post=24231"}],"curies":[{"name":"wp","href":"https:\/\/api.w.org\/{rel}","templated":true}]}}