{"id":127373,"date":"2026-02-22T19:32:25","date_gmt":"2026-02-22T19:32:25","guid":{"rendered":"https:\/\/soccer.aidatasports.com\/pt\/uncategorized\/zulte-waregem-vs-anderlecht-feb-22-2026-1730-utc\/"},"modified":"2026-02-22T19:32:25","modified_gmt":"2026-02-22T19:32:25","slug":"zulte-waregem-vs-anderlecht-feb-22-2026-1730-utc","status":"publish","type":"post","link":"https:\/\/soccer.aidatasports.com\/pt\/matches\/zulte-waregem-vs-anderlecht-feb-22-2026-1730-utc\/","title":{"rendered":"Zulte Waregem vs Anderlecht Feb 22 2026 17:30 UTC"},"content":{"rendered":"<p><strong>Portugu\u00eas<\/strong><\/p>\n<p><strong>Hat-Trick de Hazard Impulsiona Vit\u00f3ria do Anderlecht em Waregem<\/strong><\/p>\n<p>Waregem, B\u00e9lgica \u2013 Em um jogo emocionante realizado na Elindus Arena, o Anderlecht demonstrou seu poder ofensivo ao derrotar o Zulte Waregem. Apesar da maior posse de bola da equipe da casa (55%), o Anderlecht se mostrou mais eficaz em frente ao gol. A partida, arbitrada por Bert Verbeke, foi repleta de a\u00e7\u00e3o desde o in\u00edcio.<\/p>\n<p>O Anderlecht teve um gol de A. Bertaccini anulado pelo VAR por impedimento aos 18 minutos, mas T. Hazard abriu o placar com um p\u00eanalti aos 38 minutos. Pouco depois, Hazard ampliou a vantagem com um gol em jogada aos 41 minutos, assistido por N. De Cat. I. Camara aumentou ainda mais a diferen\u00e7a aos 43 minutos com outro gol em jogada, assistido por T. Degreef.<\/p>\n<p>No segundo tempo, o Zulte Waregem tentou reagir, com A. Ementa marcando aos 53 minutos, assistido por E. Soglo. No entanto, T. Hazard completou seu hat-trick aos 85 minutos, novamente assistido por N. De Cat, solidificando a vit\u00f3ria do Anderlecht. M. Ake marcou um gol para o Zulte Waregem aos 90 minutos, mas foi apenas um consolo.<\/p>\n<p>O Anderlecht criou menos oportunidades (12 chutes contra 28 do Zulte Waregem), mas foi mais preciso, com 5 chutes a gol em compara\u00e7\u00e3o com os 6 do advers\u00e1rio. A partida tamb\u00e9m teve sua quota de cart\u00f5es, com um cart\u00e3o amarelo para cada equipe. No final, o Anderlecht garantiu a vit\u00f3ria nesta partida da rodada 26 da Jupiler Pro League.<\/p>\n<p>Substitui\u00f5es na equipe de anderlecht: Aos 64 minutos, I. Camara entrou e K. Sardella saiu., Aos 64 minutos, L. Augustinsson entrou e A. Maamar saiu., Aos 64 minutos, Y. Verschaeren entrou e I. Kanate saiu., Aos 76 minutos, A. Bertaccini entrou e M. Stroeykens saiu., Aos 89 minutos, T. Hazard entrou e E. Llansana saiu. <\/p>\n<p>Substitui\u00f5es na equipe de zulte waregem: Aos 73 minutos, B. Nyssen entrou e M. Ake saiu., Aos 79 minutos, J. Opoku entrou e T. Hedl saiu., Aos 79 minutos, E. Soglo entrou e S. Gavriel saiu., Aos 79 minutos, J. Erenbjerg entrou e M. Mbaye saiu., Aos 88 minutos, J. Kiilerich entrou e J. Vossen saiu. <\/p>\n<p>As equipes se alinharam da seguinte forma:<\/p>\n<div class=\"lineups-container\">\n<style>\n                .lineups-container {\n                    display: flex;\n                    justify-content: space-around;\n                    flex-wrap: wrap;\n                }\n                .team-lineup {\n                    width: 49%;\n                    margin-bottom: 20px;\n                    border: 1px solid #ccc;\n                    padding: 5px;\n                }\n                .team-lineup h3 {\n                    text-align: center;\n                    margin-bottom: 10px;\n                }\n                .players-container {\n                    display: flex;\n                    justify-content: space-between;\n                }\n                .players-container div {\n                    width: 100%;\n                }\n                .player {\n                    display: flex;\n                    align-items: center;\n                    margin-bottom: 5px;\n                }\n                .player img {\n                    width: 30px;\n                    height: 30px;\n                    border-radius: 50%;\n                    margin-right: 10px;\n                }\n                    @media (max-width: 600px) {\n                    .team-lineup {\n                        width: 100%;\n                    }\n                }\n                <\/style>\n<div class=\"team-lineup\">\n<h3>Zulte Waregem<\/h3>\n<p><img decoding=\"async\" src=\"https:\/\/media.api-sports.io\/football\/teams\/600.png\" alt=\"Zulte Waregem\" style=\"width: 50px; height: 50px;\"><\/p>\n<div class=\"players-container\">\n<div>\n<h4>Titulares:<\/h4>\n<div class=\"player\"><a href=\"https:\/\/soccer.aidatasports.com\/pt\/players\/Brent-Gabriel-61\"><img decoding=\"async\" src=\"https:\/\/soccer.aidatasports.com\/images\/players\/61.png\" alt=\"Brent Gabriel\" onerror=\"this.onerror=null;this.src='https:\/\/soccer.aidatasports.com\/images\/players\/default-player.png';\"><span>Brent Gabriel<\/span><\/a><\/div>\n<div class=\"player\"><a href=\"https:\/\/soccer.aidatasports.com\/pt\/players\/Benoit-De-Jaegere-517388\"><img decoding=\"async\" src=\"https:\/\/soccer.aidatasports.com\/images\/players\/517388.png\" alt=\"Benoit De Jaegere\" onerror=\"this.onerror=null;this.src='https:\/\/soccer.aidatasports.com\/images\/players\/default-player.png';\"><span>Benoit De Jaegere<\/span><\/a><\/div>\n<div class=\"player\"><a href=\"https:\/\/soccer.aidatasports.com\/pt\/players\/Jakob-Kiilerich-118343\"><img decoding=\"async\" src=\"https:\/\/soccer.aidatasports.com\/images\/players\/118343.png\" alt=\"Jakob Kiilerich\" onerror=\"this.onerror=null;this.src='https:\/\/soccer.aidatasports.com\/images\/players\/default-player.png';\"><span>Jakob Kiilerich<\/span><\/a><\/div>\n<div class=\"player\"><a href=\"https:\/\/soccer.aidatasports.com\/pt\/players\/Lukas-Willen-337946\"><img decoding=\"async\" src=\"https:\/\/soccer.aidatasports.com\/images\/players\/337946.png\" alt=\"Lukas Willen\" onerror=\"this.onerror=null;this.src='https:\/\/soccer.aidatasports.com\/images\/players\/default-player.png';\"><span>Lukas Willen<\/span><\/a><\/div>\n<div class=\"player\"><a href=\"https:\/\/soccer.aidatasports.com\/pt\/players\/Benoit-Nyssen-157231\"><img decoding=\"async\" src=\"https:\/\/soccer.aidatasports.com\/images\/players\/157231.png\" alt=\"Benoit Nyssen\" onerror=\"this.onerror=null;this.src='https:\/\/soccer.aidatasports.com\/images\/players\/default-player.png';\"><span>Benoit Nyssen<\/span><\/a><\/div>\n<div class=\"player\"><a href=\"https:\/\/soccer.aidatasports.com\/pt\/players\/Dirk-Asare-338228\"><img decoding=\"async\" src=\"https:\/\/soccer.aidatasports.com\/images\/players\/338228.png\" alt=\"Dirk Asare\" onerror=\"this.onerror=null;this.src='https:\/\/soccer.aidatasports.com\/images\/players\/default-player.png';\"><span>Dirk Asare<\/span><\/a><\/div>\n<div class=\"player\"><a href=\"https:\/\/soccer.aidatasports.com\/pt\/players\/Thomas-Claes-358102\"><img decoding=\"async\" src=\"https:\/\/soccer.aidatasports.com\/images\/players\/358102.png\" alt=\"Thomas Claes\" onerror=\"this.onerror=null;this.src='https:\/\/soccer.aidatasports.com\/images\/players\/default-player.png';\"><span>Thomas Claes<\/span><\/a><\/div>\n<div class=\"player\"><a href=\"https:\/\/soccer.aidatasports.com\/pt\/players\/Emran-Soglo-343211\"><img decoding=\"async\" src=\"https:\/\/soccer.aidatasports.com\/images\/players\/343211.png\" alt=\"Emran Soglo\" onerror=\"this.onerror=null;this.src='https:\/\/soccer.aidatasports.com\/images\/players\/default-player.png';\"><span>Emran Soglo<\/span><\/a><\/div>\n<div class=\"player\"><a href=\"https:\/\/soccer.aidatasports.com\/pt\/players\/Jeppe-Erenbjerg-294856\"><img decoding=\"async\" src=\"https:\/\/soccer.aidatasports.com\/images\/players\/294856.png\" alt=\"Jeppe Erenbjerg\" onerror=\"this.onerror=null;this.src='https:\/\/soccer.aidatasports.com\/images\/players\/default-player.png';\"><span>Jeppe Erenbjerg<\/span><\/a><\/div>\n<div class=\"player\"><a href=\"https:\/\/soccer.aidatasports.com\/pt\/players\/Joseph-Opoku-490151\"><img decoding=\"async\" src=\"https:\/\/soccer.aidatasports.com\/images\/players\/490151.png\" alt=\"Joseph Opoku\" onerror=\"this.onerror=null;this.src='https:\/\/soccer.aidatasports.com\/images\/players\/default-player.png';\"><span>Joseph Opoku<\/span><\/a><\/div>\n<div class=\"player\"><a href=\"https:\/\/soccer.aidatasports.com\/pt\/players\/Anosike-Ementa-295971\"><img decoding=\"async\" src=\"https:\/\/soccer.aidatasports.com\/images\/players\/295971.png\" alt=\"Anosike Ementa\" onerror=\"this.onerror=null;this.src='https:\/\/soccer.aidatasports.com\/images\/players\/default-player.png';\"><span>Anosike Ementa<\/span><\/a><\/div>\n<\/div>\n<div>\n<h4>Suplentes:<\/h4>\n<div class=\"player\"><a href=\"https:\/\/soccer.aidatasports.com\/pt\/players\/Marley-Ak\u00e9-129687\"><img decoding=\"async\" src=\"https:\/\/soccer.aidatasports.com\/images\/players\/129687.png\" alt=\"Marley Ak\u00e9\" onerror=\"this.onerror=null;this.src='https:\/\/soccer.aidatasports.com\/images\/players\/default-player.png';\"><span>Marley Ak\u00e9<\/span><\/a><\/div>\n<div class=\"player\"><a href=\"https:\/\/soccer.aidatasports.com\/pt\/players\/Stavros-Gavriel-161703\"><img decoding=\"async\" src=\"https:\/\/soccer.aidatasports.com\/images\/players\/161703.png\" alt=\"Stavros Gavriel\" onerror=\"this.onerror=null;this.src='https:\/\/soccer.aidatasports.com\/images\/players\/default-player.png';\"><span>Stavros Gavriel<\/span><\/a><\/div>\n<div class=\"player\"><a href=\"https:\/\/soccer.aidatasports.com\/pt\/players\/Tobias-Hedl-272239\"><img decoding=\"async\" src=\"https:\/\/soccer.aidatasports.com\/images\/players\/272239.png\" alt=\"Tobias Hedl\" onerror=\"this.onerror=null;this.src='https:\/\/soccer.aidatasports.com\/images\/players\/default-player.png';\"><span>Tobias Hedl<\/span><\/a><\/div>\n<div class=\"player\"><a href=\"https:\/\/soccer.aidatasports.com\/pt\/players\/Malick-Mbaye-403883\"><img decoding=\"async\" src=\"https:\/\/soccer.aidatasports.com\/images\/players\/403883.png\" alt=\"Malick Mbaye\" onerror=\"this.onerror=null;this.src='https:\/\/soccer.aidatasports.com\/images\/players\/default-player.png';\"><span>Malick Mbaye<\/span><\/a><\/div>\n<div class=\"player\"><a href=\"https:\/\/soccer.aidatasports.com\/pt\/players\/Louis-Bostyn-8606\"><img decoding=\"async\" src=\"https:\/\/soccer.aidatasports.com\/images\/players\/8606.png\" alt=\"Louis Bostyn\" onerror=\"this.onerror=null;this.src='https:\/\/soccer.aidatasports.com\/images\/players\/default-player.png';\"><span>Louis Bostyn<\/span><\/a><\/div>\n<div class=\"player\"><a href=\"https:\/\/soccer.aidatasports.com\/pt\/players\/Wilguens-Paugain-275367\"><img decoding=\"async\" src=\"https:\/\/soccer.aidatasports.com\/images\/players\/275367.png\" alt=\"Wilguens Paugain\" onerror=\"this.onerror=null;this.src='https:\/\/soccer.aidatasports.com\/images\/players\/default-player.png';\"><span>Wilguens Paugain<\/span><\/a><\/div>\n<div class=\"player\"><a href=\"https:\/\/soccer.aidatasports.com\/pt\/players\/Anton-Tanghe-162912\"><img decoding=\"async\" src=\"https:\/\/soccer.aidatasports.com\/images\/players\/162912.png\" alt=\"Anton Tanghe\" onerror=\"this.onerror=null;this.src='https:\/\/soccer.aidatasports.com\/images\/players\/default-player.png';\"><span>Anton Tanghe<\/span><\/a><\/div>\n<div class=\"player\"><a href=\"https:\/\/soccer.aidatasports.com\/pt\/players\/Yannick-Cappelle-447097\"><img decoding=\"async\" src=\"https:\/\/soccer.aidatasports.com\/images\/players\/447097.png\" alt=\"Yannick Cappelle\" onerror=\"this.onerror=null;this.src='https:\/\/soccer.aidatasports.com\/images\/players\/default-player.png';\"><span>Yannick Cappelle<\/span><\/a><\/div>\n<div class=\"player\"><a href=\"https:\/\/soccer.aidatasports.com\/pt\/players\/Jelle-Vossen-89\"><img decoding=\"async\" src=\"https:\/\/soccer.aidatasports.com\/images\/players\/89.png\" alt=\"Jelle Vossen\" onerror=\"this.onerror=null;this.src='https:\/\/soccer.aidatasports.com\/images\/players\/default-player.png';\"><span>Jelle Vossen<\/span><\/a><\/div>\n<\/div>\n<\/div>\n<\/div>\n<div class=\"team-lineup\">\n<h3>Anderlecht<\/h3>\n<p><img decoding=\"async\" src=\"https:\/\/media.api-sports.io\/football\/teams\/554.png\" alt=\"Anderlecht\" style=\"width: 50px; height: 50px;\"><\/p>\n<div class=\"players-container\">\n<div>\n<h4>Titulares:<\/h4>\n<div class=\"player\"><a href=\"https:\/\/soccer.aidatasports.com\/pt\/players\/Colin-Coosemans-8469\"><img decoding=\"async\" src=\"https:\/\/soccer.aidatasports.com\/images\/players\/8469.png\" alt=\"Colin Coosemans\" onerror=\"this.onerror=null;this.src='https:\/\/soccer.aidatasports.com\/images\/players\/default-player.png';\"><span>Colin Coosemans<\/span><\/a><\/div>\n<div class=\"player\"><a href=\"https:\/\/soccer.aidatasports.com\/pt\/players\/Ilay-Camara-371839\"><img decoding=\"async\" src=\"https:\/\/soccer.aidatasports.com\/images\/players\/371839.png\" alt=\"Ilay Camara\" onerror=\"this.onerror=null;this.src='https:\/\/soccer.aidatasports.com\/images\/players\/default-player.png';\"><span>Ilay Camara<\/span><\/a><\/div>\n<div class=\"player\"><a href=\"https:\/\/soccer.aidatasports.com\/pt\/players\/Lucas-Hey-315615\"><img decoding=\"async\" src=\"https:\/\/soccer.aidatasports.com\/images\/players\/315615.png\" alt=\"Lucas Hey\" onerror=\"this.onerror=null;this.src='https:\/\/soccer.aidatasports.com\/images\/players\/default-player.png';\"><span>Lucas Hey<\/span><\/a><\/div>\n<div class=\"player\"><a href=\"https:\/\/soccer.aidatasports.com\/pt\/players\/Mihajlo-Ili\u0107-346923\"><img decoding=\"async\" src=\"https:\/\/soccer.aidatasports.com\/images\/players\/346923.png\" alt=\"Mihajlo Ili\u0107\" onerror=\"this.onerror=null;this.src='https:\/\/soccer.aidatasports.com\/images\/players\/default-player.png';\"><span>Mihajlo Ili\u0107<\/span><\/a><\/div>\n<div class=\"player\"><a href=\"https:\/\/soccer.aidatasports.com\/pt\/players\/Ludwig-Augustinsson-2852\"><img decoding=\"async\" src=\"https:\/\/soccer.aidatasports.com\/images\/players\/2852.png\" alt=\"Ludwig Augustinsson\" onerror=\"this.onerror=null;this.src='https:\/\/soccer.aidatasports.com\/images\/players\/default-player.png';\"><span>Ludwig Augustinsson<\/span><\/a><\/div>\n<div class=\"player\"><a href=\"https:\/\/soccer.aidatasports.com\/pt\/players\/Nathan-Dylan-Saliba-294824\"><img decoding=\"async\" src=\"https:\/\/soccer.aidatasports.com\/images\/players\/294824.png\" alt=\"Nathan-Dylan Saliba\" onerror=\"this.onerror=null;this.src='https:\/\/soccer.aidatasports.com\/images\/players\/default-player.png';\"><span>Nathan-Dylan Saliba<\/span><\/a><\/div>\n<div class=\"player\"><a href=\"https:\/\/soccer.aidatasports.com\/pt\/players\/Nathan-De-Cat-453903\"><img decoding=\"async\" src=\"https:\/\/soccer.aidatasports.com\/images\/players\/453903.png\" alt=\"Nathan De Cat\" onerror=\"this.onerror=null;this.src='https:\/\/soccer.aidatasports.com\/images\/players\/default-player.png';\"><span>Nathan De Cat<\/span><\/a><\/div>\n<div class=\"player\"><a href=\"https:\/\/soccer.aidatasports.com\/pt\/players\/Tristan-Degreef-400844\"><img decoding=\"async\" src=\"https:\/\/soccer.aidatasports.com\/images\/players\/400844.png\" alt=\"Tristan Degreef\" onerror=\"this.onerror=null;this.src='https:\/\/soccer.aidatasports.com\/images\/players\/default-player.png';\"><span>Tristan Degreef<\/span><\/a><\/div>\n<div class=\"player\"><a href=\"https:\/\/soccer.aidatasports.com\/pt\/players\/Yari-Verschaeren-1429\"><img decoding=\"async\" src=\"https:\/\/soccer.aidatasports.com\/images\/players\/1429.png\" alt=\"Yari Verschaeren\" onerror=\"this.onerror=null;this.src='https:\/\/soccer.aidatasports.com\/images\/players\/default-player.png';\"><span>Yari Verschaeren<\/span><\/a><\/div>\n<div class=\"player\"><a href=\"https:\/\/soccer.aidatasports.com\/pt\/players\/Adriano-Bertaccini-129126\"><img decoding=\"async\" src=\"https:\/\/soccer.aidatasports.com\/images\/players\/129126.png\" alt=\"Adriano Bertaccini\" onerror=\"this.onerror=null;this.src='https:\/\/soccer.aidatasports.com\/images\/players\/default-player.png';\"><span>Adriano Bertaccini<\/span><\/a><\/div>\n<div class=\"player\"><a href=\"https:\/\/soccer.aidatasports.com\/pt\/players\/Thorgan-Hazard-2929\"><img decoding=\"async\" src=\"https:\/\/soccer.aidatasports.com\/images\/players\/2929.png\" alt=\"Thorgan Hazard\" onerror=\"this.onerror=null;this.src='https:\/\/soccer.aidatasports.com\/images\/players\/default-player.png';\"><span>Thorgan Hazard<\/span><\/a><\/div>\n<\/div>\n<div>\n<h4>Suplentes:<\/h4>\n<div class=\"player\"><a href=\"https:\/\/soccer.aidatasports.com\/pt\/players\/Killian-Sardella-127418\"><img decoding=\"async\" src=\"https:\/\/soccer.aidatasports.com\/images\/players\/127418.png\" alt=\"Killian Sardella\" onerror=\"this.onerror=null;this.src='https:\/\/soccer.aidatasports.com\/images\/players\/default-player.png';\"><span>Killian Sardella<\/span><\/a><\/div>\n<div class=\"player\"><a href=\"https:\/\/soccer.aidatasports.com\/pt\/players\/Ali-Maamar-401367\"><img decoding=\"async\" src=\"https:\/\/soccer.aidatasports.com\/images\/players\/401367.png\" alt=\"Ali Maamar\" onerror=\"this.onerror=null;this.src='https:\/\/soccer.aidatasports.com\/images\/players\/default-player.png';\"><span>Ali Maamar<\/span><\/a><\/div>\n<div class=\"player\"><a href=\"https:\/\/soccer.aidatasports.com\/pt\/players\/Ibrahim-Kanate-418189\"><img decoding=\"async\" src=\"https:\/\/soccer.aidatasports.com\/images\/players\/418189.png\" alt=\"Ibrahim Kanate\" onerror=\"this.onerror=null;this.src='https:\/\/soccer.aidatasports.com\/images\/players\/default-player.png';\"><span>Ibrahim Kanate<\/span><\/a><\/div>\n<div class=\"player\"><a href=\"https:\/\/soccer.aidatasports.com\/pt\/players\/Mario-Stroeykens-296455\"><img decoding=\"async\" src=\"https:\/\/soccer.aidatasports.com\/images\/players\/296455.png\" alt=\"Mario Stroeykens\" onerror=\"this.onerror=null;this.src='https:\/\/soccer.aidatasports.com\/images\/players\/default-player.png';\"><span>Mario Stroeykens<\/span><\/a><\/div>\n<div class=\"player\"><a href=\"https:\/\/soccer.aidatasports.com\/pt\/players\/Justin-Heekeren-106792\"><img decoding=\"async\" src=\"https:\/\/soccer.aidatasports.com\/images\/players\/106792.png\" alt=\"Justin Heekeren\" onerror=\"this.onerror=null;this.src='https:\/\/soccer.aidatasports.com\/images\/players\/default-player.png';\"><span>Justin Heekeren<\/span><\/a><\/div>\n<div class=\"player\"><a href=\"https:\/\/soccer.aidatasports.com\/pt\/players\/Mathys-Angely-449714\"><img decoding=\"async\" src=\"https:\/\/soccer.aidatasports.com\/images\/players\/449714.png\" alt=\"Mathys Angely\" onerror=\"this.onerror=null;this.src='https:\/\/soccer.aidatasports.com\/images\/players\/default-player.png';\"><span>Mathys Angely<\/span><\/a><\/div>\n<div class=\"player\"><a href=\"https:\/\/soccer.aidatasports.com\/pt\/players\/Enric-Llansana-38745\"><img decoding=\"async\" src=\"https:\/\/soccer.aidatasports.com\/images\/players\/38745.png\" alt=\"Enric Llansana\" onerror=\"this.onerror=null;this.src='https:\/\/soccer.aidatasports.com\/images\/players\/default-player.png';\"><span>Enric Llansana<\/span><\/a><\/div>\n<div class=\"player\"><a href=\"https:\/\/soccer.aidatasports.com\/pt\/players\/Mihajlo-Cvetkovi\u0107-398190\"><img decoding=\"async\" src=\"https:\/\/soccer.aidatasports.com\/images\/players\/398190.png\" alt=\"Mihajlo Cvetkovi\u0107\" onerror=\"this.onerror=null;this.src='https:\/\/soccer.aidatasports.com\/images\/players\/default-player.png';\"><span>Mihajlo Cvetkovi\u0107<\/span><\/a><\/div>\n<div class=\"player\"><a href=\"https:\/\/soccer.aidatasports.com\/pt\/players\/Danylo-Sikan-107303\"><img decoding=\"async\" src=\"https:\/\/soccer.aidatasports.com\/images\/players\/107303.png\" alt=\"Danylo Sikan\" onerror=\"this.onerror=null;this.src='https:\/\/soccer.aidatasports.com\/images\/players\/default-player.png';\"><span>Danylo Sikan<\/span><\/a><\/div>\n<\/div>\n<\/div>\n<\/div>\n<\/div>\n<div id=\"wg-api-football-game\"\n                    data-host=\"xxxxx\"\n                    data-key=\"xxxx\"\n                    data-id=\"1382631\"\n                    data-theme=\"\"\n                    data-refresh=\"15\"\n                    data-show-errors=\"false\"\n                    data-show-logos=\"true\"><br \/>\n                    class=&#8221;wg_loader&#8221;>\n                <\/div>\n<div id=\"wg-api-football-standings\"\n                    data-host=\"xxxx\"\n                    data-key=\"ddddd\"\n                    data-league=\"144\"\n                    data-team=\"\"\n                    data-season=\"2025\"\n                    data-theme=\"\"\n                    data-show-errors=\"false\"\n                    data-show-logos=\"true\"\n                    class=\"wg_loader\">\n                <\/div>\n<p>                <script\n                    type=\"module\"\n                    src=\"https:\/\/soccer.aidatasports.com\/wp-content\/customjs\/widgetslocal.js\">\n                <\/script><\/p>\n","protected":false},"excerpt":{"rendered":"<p>Portugu\u00eas Hat-Trick de Hazard Impulsiona Vit\u00f3ria do Anderlecht em Waregem Waregem, B\u00e9lgica \u2013 Em um&hellip;<\/p>\n","protected":false},"author":1,"featured_media":127372,"comment_status":"open","ping_status":"open","sticky":false,"template":"","format":"standard","meta":{"content-type":"","pmpro_default_level":"","_lmt_disableupdate":"","_lmt_disable":"","_league":15837,"_fixture":1382631,"penci_pfeatured_image_ratio":"","penci_single_style":"","footnotes":""},"categories":[15837],"tags":[665,703],"class_list":["post-127373","post","type-post","status-publish","format-standard","has-post-thumbnail","hentry","category-matches","tag-anderlecht-belgium-554","tag-zulte-waregem-belgium-600","pmpro-has-access"],"_links":{"self":[{"href":"https:\/\/soccer.aidatasports.com\/pt\/wp-json\/wp\/v2\/posts\/127373"}],"collection":[{"href":"https:\/\/soccer.aidatasports.com\/pt\/wp-json\/wp\/v2\/posts"}],"about":[{"href":"https:\/\/soccer.aidatasports.com\/pt\/wp-json\/wp\/v2\/types\/post"}],"author":[{"embeddable":true,"href":"https:\/\/soccer.aidatasports.com\/pt\/wp-json\/wp\/v2\/users\/1"}],"replies":[{"embeddable":true,"href":"https:\/\/soccer.aidatasports.com\/pt\/wp-json\/wp\/v2\/comments?post=127373"}],"version-history":[{"count":0,"href":"https:\/\/soccer.aidatasports.com\/pt\/wp-json\/wp\/v2\/posts\/127373\/revisions"}],"wp:featuredmedia":[{"embeddable":true,"href":"https:\/\/soccer.aidatasports.com\/pt\/wp-json\/wp\/v2\/media\/127372"}],"wp:attachment":[{"href":"https:\/\/soccer.aidatasports.com\/pt\/wp-json\/wp\/v2\/media?parent=127373"}],"wp:term":[{"taxonomy":"category","embeddable":true,"href":"https:\/\/soccer.aidatasports.com\/pt\/wp-json\/wp\/v2\/categories?post=127373"},{"taxonomy":"post_tag","embeddable":true,"href":"https:\/\/soccer.aidatasports.com\/pt\/wp-json\/wp\/v2\/tags?post=127373"}],"curies":[{"name":"wp","href":"https:\/\/api.w.org\/{rel}","templated":true}]}}