{"id":127359,"date":"2026-02-22T19:03:17","date_gmt":"2026-02-22T19:03:17","guid":{"rendered":"https:\/\/soccer.aidatasports.com\/pt\/uncategorized\/fatih-karagumruk-vs-samsunspor-feb-22-2026-1700-utc\/"},"modified":"2026-02-22T19:03:17","modified_gmt":"2026-02-22T19:03:17","slug":"fatih-karagumruk-vs-samsunspor-feb-22-2026-1700-utc","status":"publish","type":"post","link":"https:\/\/soccer.aidatasports.com\/pt\/matches\/fatih-karagumruk-vs-samsunspor-feb-22-2026-1700-utc\/","title":{"rendered":"Fatih Karag\u00fcmr\u00fck vs Samsunspor Feb 22 2026 17:00 UTC"},"content":{"rendered":"<p><strong>Portugu\u00eas<\/strong><\/p>\n<p><strong>Posse de Bola N\u00e3o se Traduz em Gols em Confronto em Istambul<\/strong><\/p>\n<p>Istambul, Turquia \u2013 Em uma partida realizada no Atat\u00fcrk Olimpiyat Stad\u0131, o Samsunspor dominou a posse de bola com 66%, mas n\u00e3o conseguiu converter essa superioridade em gols contra um Fatih Karag\u00fcmr\u00fck defensivamente s\u00f3lido. A partida, correspondente \u00e0 23\u00aa rodada da S\u00fcper Lig, temporada 2025, viu o Karag\u00fcmr\u00fck defender seu territ\u00f3rio com unhas e dentes.<\/p>\n<p>O Fatih Karag\u00fcmr\u00fck, com 34% de posse de bola, tentou surpreender com 12 chutes, dos quais 5 foram ao alvo, embora sem sucesso. O Samsunspor, por outro lado, gerou 7 chutes, mas nenhum preocupou seriamente o goleiro advers\u00e1rio. A partida foi jogada com intensidade, refletida nas 14 faltas cometidas por cada equipe. O \u00e1rbitro Oguzhan Cakir mostrou cart\u00f5es amarelos a J. Mendes do Samsunspor e a B. Kalayci do Fatih Karag\u00fcmr\u00fck. Apesar das in\u00fameras oportunidades e superioridade na posse de bola, o Samsunspor n\u00e3o conseguiu levar a vit\u00f3ria de Istambul.<\/p>\n<p>Substitui\u00f5es na equipe de fatih karag\u00fcmr\u00fck: Aos 73 minutos, B. Ozcan entrou e T. Cukur saiu., Aos 73 minutos, S. Babicka entrou e Serginho saiu., Aos 84 minutos, S. Larsson entrou e B. Kalayci saiu., Aos 84 minutos, D. Verde entrou e T. Ahmed saiu. <\/p>\n<p>Substitui\u00f5es na equipe de samsunspor: Aos 76 minutos, Z. Yavru entrou e E. Tavsan saiu., Aos 76 minutos, C. Ndiaye entrou e Marius saiu., Aos 76 minutos, A. Makoumbou entrou e Y. Kayan saiu. <\/p>\n<p>As equipes se alinharam da seguinte forma:<\/p>\n<div class=\"lineups-container\">\n<style>\n                .lineups-container {\n                    display: flex;\n                    justify-content: space-around;\n                    flex-wrap: wrap;\n                }\n                .team-lineup {\n                    width: 49%;\n                    margin-bottom: 20px;\n                    border: 1px solid #ccc;\n                    padding: 5px;\n                }\n                .team-lineup h3 {\n                    text-align: center;\n                    margin-bottom: 10px;\n                }\n                .players-container {\n                    display: flex;\n                    justify-content: space-between;\n                }\n                .players-container div {\n                    width: 100%;\n                }\n                .player {\n                    display: flex;\n                    align-items: center;\n                    margin-bottom: 5px;\n                }\n                .player img {\n                    width: 30px;\n                    height: 30px;\n                    border-radius: 50%;\n                    margin-right: 10px;\n                }\n                    @media (max-width: 600px) {\n                    .team-lineup {\n                        width: 100%;\n                    }\n                }\n                <\/style>\n<div class=\"team-lineup\">\n<h3>Fatih Karag\u00fcmr\u00fck<\/h3>\n<p><img decoding=\"async\" src=\"https:\/\/media.api-sports.io\/football\/teams\/3589.png\" alt=\"Fatih Karag\u00fcmr\u00fck\" style=\"width: 50px; height: 50px;\"><\/p>\n<div class=\"players-container\">\n<div>\n<h4>Titulares:<\/h4>\n<div class=\"player\"><a href=\"https:\/\/soccer.aidatasports.com\/pt\/players\/Ivo-Grbi\u0107-14382\"><img decoding=\"async\" src=\"https:\/\/soccer.aidatasports.com\/images\/players\/14382.png\" alt=\"Ivo Grbi\u0107\" onerror=\"this.onerror=null;this.src='https:\/\/soccer.aidatasports.com\/images\/players\/default-player.png';\"><span>Ivo Grbi\u0107<\/span><\/a><\/div>\n<div class=\"player\"><a href=\"https:\/\/soccer.aidatasports.com\/pt\/players\/Ricardo-Esgaio-41099\"><img decoding=\"async\" src=\"https:\/\/soccer.aidatasports.com\/images\/players\/41099.png\" alt=\"Ricardo Esgaio\" onerror=\"this.onerror=null;this.src='https:\/\/soccer.aidatasports.com\/images\/players\/default-player.png';\"><span>Ricardo Esgaio<\/span><\/a><\/div>\n<div class=\"player\"><a href=\"https:\/\/soccer.aidatasports.com\/pt\/players\/Davide-Biraschi-30769\"><img decoding=\"async\" src=\"https:\/\/soccer.aidatasports.com\/images\/players\/30769.png\" alt=\"Davide Biraschi\" onerror=\"this.onerror=null;this.src='https:\/\/soccer.aidatasports.com\/images\/players\/default-player.png';\"><span>Davide Biraschi<\/span><\/a><\/div>\n<div class=\"player\"><a href=\"https:\/\/soccer.aidatasports.com\/pt\/players\/Igor-Lichnovsky-2552\"><img decoding=\"async\" src=\"https:\/\/soccer.aidatasports.com\/images\/players\/2552.png\" alt=\"Igor Lichnovsky\" onerror=\"this.onerror=null;this.src='https:\/\/soccer.aidatasports.com\/images\/players\/default-player.png';\"><span>Igor Lichnovsky<\/span><\/a><\/div>\n<div class=\"player\"><a href=\"https:\/\/soccer.aidatasports.com\/pt\/players\/Filip-Mladenovi\u0107-2820\"><img decoding=\"async\" src=\"https:\/\/soccer.aidatasports.com\/images\/players\/2820.png\" alt=\"Filip Mladenovi\u0107\" onerror=\"this.onerror=null;this.src='https:\/\/soccer.aidatasports.com\/images\/players\/default-player.png';\"><span>Filip Mladenovi\u0107<\/span><\/a><\/div>\n<div class=\"player\"><a href=\"https:\/\/soccer.aidatasports.com\/pt\/players\/Mat\u00edas-Kranevitter-1211\"><img decoding=\"async\" src=\"https:\/\/soccer.aidatasports.com\/images\/players\/1211.png\" alt=\"Mat\u00edas Kranevitter\" onerror=\"this.onerror=null;this.src='https:\/\/soccer.aidatasports.com\/images\/players\/default-player.png';\"><span>Mat\u00edas Kranevitter<\/span><\/a><\/div>\n<div class=\"player\"><a href=\"https:\/\/soccer.aidatasports.com\/pt\/players\/Bartu\u011f-Elmaz-162004\"><img decoding=\"async\" src=\"https:\/\/soccer.aidatasports.com\/images\/players\/162004.png\" alt=\"Bartu\u011f Elmaz\" onerror=\"this.onerror=null;this.src='https:\/\/soccer.aidatasports.com\/images\/players\/default-player.png';\"><span>Bartu\u011f Elmaz<\/span><\/a><\/div>\n<div class=\"player\"><a href=\"https:\/\/soccer.aidatasports.com\/pt\/players\/Shavy-Warren-Babicka-328648\"><img decoding=\"async\" src=\"https:\/\/soccer.aidatasports.com\/images\/players\/328648.png\" alt=\"Shavy Warren Babicka\" onerror=\"this.onerror=null;this.src='https:\/\/soccer.aidatasports.com\/images\/players\/default-player.png';\"><span>Shavy Warren Babicka<\/span><\/a><\/div>\n<div class=\"player\"><a href=\"https:\/\/soccer.aidatasports.com\/pt\/players\/Berkay-\u00d6zcan-24885\"><img decoding=\"async\" src=\"https:\/\/soccer.aidatasports.com\/images\/players\/24885.png\" alt=\"Berkay \u00d6zcan\" onerror=\"this.onerror=null;this.src='https:\/\/soccer.aidatasports.com\/images\/players\/default-player.png';\"><span>Berkay \u00d6zcan<\/span><\/a><\/div>\n<div class=\"player\"><a href=\"https:\/\/soccer.aidatasports.com\/pt\/players\/Daniele-Verde-47500\"><img decoding=\"async\" src=\"https:\/\/soccer.aidatasports.com\/images\/players\/47500.png\" alt=\"Daniele Verde\" onerror=\"this.onerror=null;this.src='https:\/\/soccer.aidatasports.com\/images\/players\/default-player.png';\"><span>Daniele Verde<\/span><\/a><\/div>\n<div class=\"player\"><a href=\"https:\/\/soccer.aidatasports.com\/pt\/players\/Sam-Larsson-2865\"><img decoding=\"async\" src=\"https:\/\/soccer.aidatasports.com\/images\/players\/2865.png\" alt=\"Sam Larsson\" onerror=\"this.onerror=null;this.src='https:\/\/soccer.aidatasports.com\/images\/players\/default-player.png';\"><span>Sam Larsson<\/span><\/a><\/div>\n<\/div>\n<div>\n<h4>Suplentes:<\/h4>\n<div class=\"player\"><a href=\"https:\/\/soccer.aidatasports.com\/pt\/players\/Serginho-109559\"><img decoding=\"async\" src=\"https:\/\/soccer.aidatasports.com\/images\/players\/109559.png\" alt=\"Serginho\" onerror=\"this.onerror=null;this.src='https:\/\/soccer.aidatasports.com\/images\/players\/default-player.png';\"><span>Serginho<\/span><\/a><\/div>\n<div class=\"player\"><a href=\"https:\/\/soccer.aidatasports.com\/pt\/players\/Tiago-Cukur-309815\"><img decoding=\"async\" src=\"https:\/\/soccer.aidatasports.com\/images\/players\/309815.png\" alt=\"Tiago Cukur\" onerror=\"this.onerror=null;this.src='https:\/\/soccer.aidatasports.com\/images\/players\/default-player.png';\"><span>Tiago Cukur<\/span><\/a><\/div>\n<div class=\"player\"><a href=\"https:\/\/soccer.aidatasports.com\/pt\/players\/Furkan-Beklevi\u00e7-50133\"><img decoding=\"async\" src=\"https:\/\/soccer.aidatasports.com\/images\/players\/50133.png\" alt=\"Furkan Beklevi\u00e7\" onerror=\"this.onerror=null;this.src='https:\/\/soccer.aidatasports.com\/images\/players\/default-player.png';\"><span>Furkan Beklevi\u00e7<\/span><\/a><\/div>\n<div class=\"player\"><a href=\"https:\/\/soccer.aidatasports.com\/pt\/players\/\u00c7a\u011ftay-Kurukal\u0131p-50059\"><img decoding=\"async\" src=\"https:\/\/soccer.aidatasports.com\/images\/players\/50059.png\" alt=\"\u00c7a\u011ftay Kurukal\u0131p\" onerror=\"this.onerror=null;this.src='https:\/\/soccer.aidatasports.com\/images\/players\/default-player.png';\"><span>\u00c7a\u011ftay Kurukal\u0131p<\/span><\/a><\/div>\n<div class=\"player\"><a href=\"https:\/\/soccer.aidatasports.com\/pt\/players\/An\u0131l-Yi\u011fit-\u00c7\u0131nar-362488\"><img decoding=\"async\" src=\"https:\/\/soccer.aidatasports.com\/images\/players\/362488.png\" alt=\"An\u0131l Yi\u011fit \u00c7\u0131nar\" onerror=\"this.onerror=null;this.src='https:\/\/soccer.aidatasports.com\/images\/players\/default-player.png';\"><span>An\u0131l Yi\u011fit \u00c7\u0131nar<\/span><\/a><\/div>\n<div class=\"player\"><a href=\"https:\/\/soccer.aidatasports.com\/pt\/players\/Burhan-Ersoy-551023\"><img decoding=\"async\" src=\"https:\/\/soccer.aidatasports.com\/images\/players\/551023.png\" alt=\"Burhan Ersoy\" onerror=\"this.onerror=null;this.src='https:\/\/soccer.aidatasports.com\/images\/players\/default-player.png';\"><span>Burhan Ersoy<\/span><\/a><\/div>\n<div class=\"player\"><a href=\"https:\/\/soccer.aidatasports.com\/pt\/players\/Yaya-Onogo-639384\"><img decoding=\"async\" src=\"https:\/\/soccer.aidatasports.com\/images\/players\/639384.png\" alt=\"Yaya Onogo\" onerror=\"this.onerror=null;this.src='https:\/\/soccer.aidatasports.com\/images\/players\/default-player.png';\"><span>Yaya Onogo<\/span><\/a><\/div>\n<div class=\"player\"><a href=\"https:\/\/soccer.aidatasports.com\/pt\/players\/Abdul-Kader-Moussa-Kone-631629\"><img decoding=\"async\" src=\"https:\/\/soccer.aidatasports.com\/images\/players\/631629.png\" alt=\"Abdul Kader Moussa Kone\" onerror=\"this.onerror=null;this.src='https:\/\/soccer.aidatasports.com\/images\/players\/default-player.png';\"><span>Abdul Kader Moussa Kone<\/span><\/a><\/div>\n<div class=\"player\"><a href=\"https:\/\/soccer.aidatasports.com\/pt\/players\/Baris-Kalayci-366016\"><img decoding=\"async\" src=\"https:\/\/soccer.aidatasports.com\/images\/players\/366016.png\" alt=\"Baris Kalayci\" onerror=\"this.onerror=null;this.src='https:\/\/soccer.aidatasports.com\/images\/players\/default-player.png';\"><span>Baris Kalayci<\/span><\/a><\/div>\n<div class=\"player\"><a href=\"https:\/\/soccer.aidatasports.com\/pt\/players\/Ahmed-Traore-631627\"><img decoding=\"async\" src=\"https:\/\/soccer.aidatasports.com\/images\/players\/631627.png\" alt=\"Ahmed Traore\" onerror=\"this.onerror=null;this.src='https:\/\/soccer.aidatasports.com\/images\/players\/default-player.png';\"><span>Ahmed Traore<\/span><\/a><\/div>\n<\/div>\n<\/div>\n<\/div>\n<div class=\"team-lineup\">\n<h3>Samsunspor<\/h3>\n<p><img decoding=\"async\" src=\"https:\/\/media.api-sports.io\/football\/teams\/3603.png\" alt=\"Samsunspor\" style=\"width: 50px; height: 50px;\"><\/p>\n<div class=\"players-container\">\n<div>\n<h4>Titulares:<\/h4>\n<div class=\"player\"><a href=\"https:\/\/soccer.aidatasports.com\/pt\/players\/Okan-Kocuk-50217\"><img decoding=\"async\" src=\"https:\/\/soccer.aidatasports.com\/images\/players\/50217.png\" alt=\"Okan Kocuk\" onerror=\"this.onerror=null;this.src='https:\/\/soccer.aidatasports.com\/images\/players\/default-player.png';\"><span>Okan Kocuk<\/span><\/a><\/div>\n<div class=\"player\"><a href=\"https:\/\/soccer.aidatasports.com\/pt\/players\/Zeki-Yavru-2139\"><img decoding=\"async\" src=\"https:\/\/soccer.aidatasports.com\/images\/players\/2139.png\" alt=\"Zeki Yavru\" onerror=\"this.onerror=null;this.src='https:\/\/soccer.aidatasports.com\/images\/players\/default-player.png';\"><span>Zeki Yavru<\/span><\/a><\/div>\n<div class=\"player\"><a href=\"https:\/\/soccer.aidatasports.com\/pt\/players\/\u013dubom\u00edr-\u0160atka-55949\"><img decoding=\"async\" src=\"https:\/\/soccer.aidatasports.com\/images\/players\/55949.png\" alt=\"\u013dubom\u00edr \u0160atka\" onerror=\"this.onerror=null;this.src='https:\/\/soccer.aidatasports.com\/images\/players\/default-player.png';\"><span>\u013dubom\u00edr \u0160atka<\/span><\/a><\/div>\n<div class=\"player\"><a href=\"https:\/\/soccer.aidatasports.com\/pt\/players\/Rick-Van-Drongelen-24873\"><img decoding=\"async\" src=\"https:\/\/soccer.aidatasports.com\/images\/players\/24873.png\" alt=\"Rick Van Drongelen\" onerror=\"this.onerror=null;this.src='https:\/\/soccer.aidatasports.com\/images\/players\/default-player.png';\"><span>Rick Van Drongelen<\/span><\/a><\/div>\n<div class=\"player\"><a href=\"https:\/\/soccer.aidatasports.com\/pt\/players\/Logi-Tomasson-28806\"><img decoding=\"async\" src=\"https:\/\/soccer.aidatasports.com\/images\/players\/28806.png\" alt=\"Logi Tomasson\" onerror=\"this.onerror=null;this.src='https:\/\/soccer.aidatasports.com\/images\/players\/default-player.png';\"><span>Logi Tomasson<\/span><\/a><\/div>\n<div class=\"player\"><a href=\"https:\/\/soccer.aidatasports.com\/pt\/players\/Celil-Y\u00fcksel-453\"><img decoding=\"async\" src=\"https:\/\/soccer.aidatasports.com\/images\/players\/453.png\" alt=\"Celil Y\u00fcksel\" onerror=\"this.onerror=null;this.src='https:\/\/soccer.aidatasports.com\/images\/players\/default-player.png';\"><span>Celil Y\u00fcksel<\/span><\/a><\/div>\n<div class=\"player\"><a href=\"https:\/\/soccer.aidatasports.com\/pt\/players\/Antoine-Makoumbou-290046\"><img decoding=\"async\" src=\"https:\/\/soccer.aidatasports.com\/images\/players\/290046.png\" alt=\"Antoine Makoumbou\" onerror=\"this.onerror=null;this.src='https:\/\/soccer.aidatasports.com\/images\/players\/default-player.png';\"><span>Antoine Makoumbou<\/span><\/a><\/div>\n<div class=\"player\"><a href=\"https:\/\/soccer.aidatasports.com\/pt\/players\/Josafat-Mendes-310029\"><img decoding=\"async\" src=\"https:\/\/soccer.aidatasports.com\/images\/players\/310029.png\" alt=\"Josafat Mendes\" onerror=\"this.onerror=null;this.src='https:\/\/soccer.aidatasports.com\/images\/players\/default-player.png';\"><span>Josafat Mendes<\/span><\/a><\/div>\n<div class=\"player\"><a href=\"https:\/\/soccer.aidatasports.com\/pt\/players\/Carlo-Holse-15837\"><img decoding=\"async\" src=\"https:\/\/soccer.aidatasports.com\/images\/players\/15837.png\" alt=\"Carlo Holse\" onerror=\"this.onerror=null;this.src='https:\/\/soccer.aidatasports.com\/images\/players\/default-player.png';\"><span>Carlo Holse<\/span><\/a><\/div>\n<div class=\"player\"><a href=\"https:\/\/soccer.aidatasports.com\/pt\/players\/Jaures-Assoumou-356998\"><img decoding=\"async\" src=\"https:\/\/soccer.aidatasports.com\/images\/players\/356998.png\" alt=\"Jaures Assoumou\" onerror=\"this.onerror=null;this.src='https:\/\/soccer.aidatasports.com\/images\/players\/default-player.png';\"><span>Jaures Assoumou<\/span><\/a><\/div>\n<div class=\"player\"><a href=\"https:\/\/soccer.aidatasports.com\/pt\/players\/Cherif-Ndiaye-14379\"><img decoding=\"async\" src=\"https:\/\/soccer.aidatasports.com\/images\/players\/14379.png\" alt=\"Cherif Ndiaye\" onerror=\"this.onerror=null;this.src='https:\/\/soccer.aidatasports.com\/images\/players\/default-player.png';\"><span>Cherif Ndiaye<\/span><\/a><\/div>\n<\/div>\n<div>\n<h4>Suplentes:<\/h4>\n<div class=\"player\"><a href=\"https:\/\/soccer.aidatasports.com\/pt\/players\/Yal\u00e7\u0131n-Kayan-50181\"><img decoding=\"async\" src=\"https:\/\/soccer.aidatasports.com\/images\/players\/50181.png\" alt=\"Yal\u00e7\u0131n Kayan\" onerror=\"this.onerror=null;this.src='https:\/\/soccer.aidatasports.com\/images\/players\/default-player.png';\"><span>Yal\u00e7\u0131n Kayan<\/span><\/a><\/div>\n<div class=\"player\"><a href=\"https:\/\/soccer.aidatasports.com\/pt\/players\/Elayis-Tavsan-93001\"><img decoding=\"async\" src=\"https:\/\/soccer.aidatasports.com\/images\/players\/93001.png\" alt=\"Elayis Tavsan\" onerror=\"this.onerror=null;this.src='https:\/\/soccer.aidatasports.com\/images\/players\/default-player.png';\"><span>Elayis Tavsan<\/span><\/a><\/div>\n<div class=\"player\"><a href=\"https:\/\/soccer.aidatasports.com\/pt\/players\/Marius-Mouandilmadji-531370\"><img decoding=\"async\" src=\"https:\/\/soccer.aidatasports.com\/images\/players\/531370.png\" alt=\"Marius Mouandilmadji\" onerror=\"this.onerror=null;this.src='https:\/\/soccer.aidatasports.com\/images\/players\/default-player.png';\"><span>Marius Mouandilmadji<\/span><\/a><\/div>\n<div class=\"player\"><a href=\"https:\/\/soccer.aidatasports.com\/pt\/players\/\u0130rfan-Can-E\u011fribayat-62137\"><img decoding=\"async\" src=\"https:\/\/soccer.aidatasports.com\/images\/players\/62137.png\" alt=\"\u0130rfan Can E\u011fribayat\" onerror=\"this.onerror=null;this.src='https:\/\/soccer.aidatasports.com\/images\/players\/default-player.png';\"><span>\u0130rfan Can E\u011fribayat<\/span><\/a><\/div>\n<div class=\"player\"><a href=\"https:\/\/soccer.aidatasports.com\/pt\/players\/Efe-Berat-T\u00f6r\u00fcz-502903\"><img decoding=\"async\" src=\"https:\/\/soccer.aidatasports.com\/images\/players\/502903.png\" alt=\"Efe Berat T\u00f6r\u00fcz\" onerror=\"this.onerror=null;this.src='https:\/\/soccer.aidatasports.com\/images\/players\/default-player.png';\"><span>Efe Berat T\u00f6r\u00fcz<\/span><\/a><\/div>\n<div class=\"player\"><a href=\"https:\/\/soccer.aidatasports.com\/pt\/players\/Soner-G\u00f6n\u00fcl-62681\"><img decoding=\"async\" src=\"https:\/\/soccer.aidatasports.com\/images\/players\/62681.png\" alt=\"Soner G\u00f6n\u00fcl\" onerror=\"this.onerror=null;this.src='https:\/\/soccer.aidatasports.com\/images\/players\/default-player.png';\"><span>Soner G\u00f6n\u00fcl<\/span><\/a><\/div>\n<div class=\"player\"><a href=\"https:\/\/soccer.aidatasports.com\/pt\/players\/Toni-Borevkovi\u0107-41172\"><img decoding=\"async\" src=\"https:\/\/soccer.aidatasports.com\/images\/players\/41172.png\" alt=\"Toni Borevkovi\u0107\" onerror=\"this.onerror=null;this.src='https:\/\/soccer.aidatasports.com\/images\/players\/default-player.png';\"><span>Toni Borevkovi\u0107<\/span><\/a><\/div>\n<div class=\"player\"><a href=\"https:\/\/soccer.aidatasports.com\/pt\/players\/Enes-Albak-394819\"><img decoding=\"async\" src=\"https:\/\/soccer.aidatasports.com\/images\/players\/394819.png\" alt=\"Enes Albak\" onerror=\"this.onerror=null;this.src='https:\/\/soccer.aidatasports.com\/images\/players\/default-player.png';\"><span>Enes Albak<\/span><\/a><\/div>\n<div class=\"player\"><a href=\"https:\/\/soccer.aidatasports.com\/pt\/players\/Yunus-Emre-\u00c7ift-273762\"><img decoding=\"async\" src=\"https:\/\/soccer.aidatasports.com\/images\/players\/273762.png\" alt=\"Yunus Emre \u00c7ift\" onerror=\"this.onerror=null;this.src='https:\/\/soccer.aidatasports.com\/images\/players\/default-player.png';\"><span>Yunus Emre \u00c7ift<\/span><\/a><\/div>\n<div class=\"player\"><a href=\"https:\/\/soccer.aidatasports.com\/pt\/players\/Ali-Diabat\u00e9-631673\"><img decoding=\"async\" src=\"https:\/\/soccer.aidatasports.com\/images\/players\/631673.png\" alt=\"Ali Diabat\u00e9\" onerror=\"this.onerror=null;this.src='https:\/\/soccer.aidatasports.com\/images\/players\/default-player.png';\"><span>Ali Diabat\u00e9<\/span><\/a><\/div>\n<\/div>\n<\/div>\n<\/div>\n<\/div>\n<div id=\"wg-api-football-game\"\n                    data-host=\"xxxxx\"\n                    data-key=\"xxxx\"\n                    data-id=\"1394636\"\n                    data-theme=\"\"\n                    data-refresh=\"15\"\n                    data-show-errors=\"false\"\n                    data-show-logos=\"true\"><br \/>\n                    class=&#8221;wg_loader&#8221;>\n                <\/div>\n<div id=\"wg-api-football-standings\"\n                    data-host=\"xxxx\"\n                    data-key=\"ddddd\"\n                    data-league=\"203\"\n                    data-team=\"\"\n                    data-season=\"2025\"\n                    data-theme=\"\"\n                    data-show-errors=\"false\"\n                    data-show-logos=\"true\"\n                    class=\"wg_loader\">\n                <\/div>\n<p>                <script\n                    type=\"module\"\n                    src=\"https:\/\/soccer.aidatasports.com\/wp-content\/customjs\/widgetslocal.js\">\n                <\/script><\/p>\n","protected":false},"excerpt":{"rendered":"<p>Portugu\u00eas Posse de Bola N\u00e3o se Traduz em Gols em Confronto em Istambul Istambul, Turquia&hellip;<\/p>\n","protected":false},"author":1,"featured_media":127358,"comment_status":"open","ping_status":"open","sticky":false,"template":"","format":"standard","meta":{"content-type":"","pmpro_default_level":"","_lmt_disableupdate":"","_lmt_disable":"","_league":15837,"_fixture":1394636,"penci_pfeatured_image_ratio":"","penci_single_style":"","footnotes":""},"categories":[15837],"tags":[2902,2912],"class_list":["post-127359","post","type-post","status-publish","format-standard","has-post-thumbnail","hentry","category-matches","tag-fatih-karagumruk-turkey-3589","tag-samsunspor-turkey-3603","pmpro-has-access"],"_links":{"self":[{"href":"https:\/\/soccer.aidatasports.com\/pt\/wp-json\/wp\/v2\/posts\/127359"}],"collection":[{"href":"https:\/\/soccer.aidatasports.com\/pt\/wp-json\/wp\/v2\/posts"}],"about":[{"href":"https:\/\/soccer.aidatasports.com\/pt\/wp-json\/wp\/v2\/types\/post"}],"author":[{"embeddable":true,"href":"https:\/\/soccer.aidatasports.com\/pt\/wp-json\/wp\/v2\/users\/1"}],"replies":[{"embeddable":true,"href":"https:\/\/soccer.aidatasports.com\/pt\/wp-json\/wp\/v2\/comments?post=127359"}],"version-history":[{"count":0,"href":"https:\/\/soccer.aidatasports.com\/pt\/wp-json\/wp\/v2\/posts\/127359\/revisions"}],"wp:featuredmedia":[{"embeddable":true,"href":"https:\/\/soccer.aidatasports.com\/pt\/wp-json\/wp\/v2\/media\/127358"}],"wp:attachment":[{"href":"https:\/\/soccer.aidatasports.com\/pt\/wp-json\/wp\/v2\/media?parent=127359"}],"wp:term":[{"taxonomy":"category","embeddable":true,"href":"https:\/\/soccer.aidatasports.com\/pt\/wp-json\/wp\/v2\/categories?post=127359"},{"taxonomy":"post_tag","embeddable":true,"href":"https:\/\/soccer.aidatasports.com\/pt\/wp-json\/wp\/v2\/tags?post=127359"}],"curies":[{"name":"wp","href":"https:\/\/api.w.org\/{rel}","templated":true}]}}