{"id":123950,"date":"2026-02-07T16:03:13","date_gmt":"2026-02-07T16:03:13","guid":{"rendered":"https:\/\/soccer.aidatasports.com\/pt\/uncategorized\/fk-jablonec-vs-slovacko-feb-07-2026-1400-utc\/"},"modified":"2026-02-07T16:03:13","modified_gmt":"2026-02-07T16:03:13","slug":"fk-jablonec-vs-slovacko-feb-07-2026-1400-utc","status":"publish","type":"post","link":"https:\/\/soccer.aidatasports.com\/pt\/matches\/fk-jablonec-vs-slovacko-feb-07-2026-1400-utc\/","title":{"rendered":"FK Jablonec vs Slov\u00e1cko Feb 07 2026 14:00 UTC"},"content":{"rendered":"<p><strong>Portugu\u00eas<\/strong><\/p>\n<p><strong>Jogo Empatado sem Gols em Jablonec Deixa Torcedores Desapontados<\/strong><\/p>\n<p>Jablonec nad Nisou, Rep\u00fablica Tcheca \u2013 FK Jablonec e Slov\u00e1cko empataram em 0-0 em sua partida da Liga Tcheca no Stadion Strelnice. A partida, arbitrada por Lukas Nehasil, ocorreu na 21\u00aa rodada da temporada.<\/p>\n<p>O Slov\u00e1cko dominou a posse de bola com 53% em compara\u00e7\u00e3o com os 47% do Jablonec. O Slov\u00e1cko tamb\u00e9m foi mais ativo no ataque, registrando 14 chutes, dos quais 5 foram no alvo e 6 foram para fora. O Jablonec conseguiu 6 chutes, com 3 atingindo o alvo e 2 errando.<\/p>\n<p>O Slov\u00e1cko tamb\u00e9m teve mais escanteios, com 8 em compara\u00e7\u00e3o com os 5 do Jablonec. Em rela\u00e7\u00e3o \u00e0 disciplina, o Slov\u00e1cko recebeu dois cart\u00f5es amarelos, enquanto o Jablonec permaneceu sem nenhuma advert\u00eancia. A partida teve um n\u00famero moderado de faltas, com o Jablonec cometendo 11 e o Slov\u00e1cko 10. Apesar das chances criadas, nenhuma das equipes conseguiu quebrar o impasse, resultando em um empate sem gols.<\/p>\n<p>Substitui\u00f5es na equipe de fk jablonec: Aos 46 minutos, M. Polidar entrou e E. Sobol saiu., Aos 58 minutos, F. Zorvan entrou e D. Holly saiu., Aos 58 minutos, A. Alegue entrou e J. Chramosta saiu., Aos 76 minutos, S. Nebyla entrou e J. Suchan saiu., Aos 79 minutos, L. Jawo entrou e D. Puskac saiu. <\/p>\n<p>Substitui\u00f5es na equipe de slov\u00e1cko: Aos 46 minutos, A. Marinelli entrou e M. Krmencik saiu., Aos 54 minutos, M. Travnik entrou e P. Juroska saiu., Aos 75 minutos, P. Blahut entrou e P. Ndubuisi saiu., Aos 75 minutos, A. Ouanda entrou e M. Petrzela saiu., Aos 86 minutos, M. Rundic entrou e P. Reinberk saiu. <\/p>\n<p>As equipes se alinharam da seguinte forma:<\/p>\n<div class=\"lineups-container\">\n<style>\n                .lineups-container {\n                    display: flex;\n                    justify-content: space-around;\n                    flex-wrap: wrap;\n                }\n                .team-lineup {\n                    width: 49%;\n                    margin-bottom: 20px;\n                    border: 1px solid #ccc;\n                    padding: 5px;\n                }\n                .team-lineup h3 {\n                    text-align: center;\n                    margin-bottom: 10px;\n                }\n                .players-container {\n                    display: flex;\n                    justify-content: space-between;\n                }\n                .players-container div {\n                    width: 100%;\n                }\n                .player {\n                    display: flex;\n                    align-items: center;\n                    margin-bottom: 5px;\n                }\n                .player img {\n                    width: 30px;\n                    height: 30px;\n                    border-radius: 50%;\n                    margin-right: 10px;\n                }\n                    @media (max-width: 600px) {\n                    .team-lineup {\n                        width: 100%;\n                    }\n                }\n                <\/style>\n<div class=\"team-lineup\">\n<h3>FK Jablonec<\/h3>\n<p><img decoding=\"async\" src=\"https:\/\/media.api-sports.io\/football\/teams\/1122.png\" alt=\"FK Jablonec\" style=\"width: 50px; height: 50px;\"><\/p>\n<div class=\"players-container\">\n<div>\n<h4>Titulares:<\/h4>\n<div class=\"player\"><a href=\"https:\/\/soccer.aidatasports.com\/pt\/players\/Klemen-Mihelak-131323\"><img decoding=\"async\" src=\"https:\/\/soccer.aidatasports.com\/images\/players\/131323.png\" alt=\"Klemen Mihelak\" onerror=\"this.onerror=null;this.src='https:\/\/soccer.aidatasports.com\/images\/players\/default-player.png';\"><span>Klemen Mihelak<\/span><\/a><\/div>\n<div class=\"player\"><a href=\"https:\/\/soccer.aidatasports.com\/pt\/players\/Renato-Pantalon-14502\"><img decoding=\"async\" src=\"https:\/\/soccer.aidatasports.com\/images\/players\/14502.png\" alt=\"Renato Pantalon\" onerror=\"this.onerror=null;this.src='https:\/\/soccer.aidatasports.com\/images\/players\/default-player.png';\"><span>Renato Pantalon<\/span><\/a><\/div>\n<div class=\"player\"><a href=\"https:\/\/soccer.aidatasports.com\/pt\/players\/Nemanja-Tekija\u0161ki-46022\"><img decoding=\"async\" src=\"https:\/\/soccer.aidatasports.com\/images\/players\/46022.png\" alt=\"Nemanja Tekija\u0161ki\" onerror=\"this.onerror=null;this.src='https:\/\/soccer.aidatasports.com\/images\/players\/default-player.png';\"><span>Nemanja Tekija\u0161ki<\/span><\/a><\/div>\n<div class=\"player\"><a href=\"https:\/\/soccer.aidatasports.com\/pt\/players\/Filip-Nov\u00e1k-49874\"><img decoding=\"async\" src=\"https:\/\/soccer.aidatasports.com\/images\/players\/49874.png\" alt=\"Filip Nov\u00e1k\" onerror=\"this.onerror=null;this.src='https:\/\/soccer.aidatasports.com\/images\/players\/default-player.png';\"><span>Filip Nov\u00e1k<\/span><\/a><\/div>\n<div class=\"player\"><a href=\"https:\/\/soccer.aidatasports.com\/pt\/players\/Vakhtang-Chanturishvili-55948\"><img decoding=\"async\" src=\"https:\/\/soccer.aidatasports.com\/images\/players\/55948.png\" alt=\"Vakhtang Chanturishvili\" onerror=\"this.onerror=null;this.src='https:\/\/soccer.aidatasports.com\/images\/players\/default-player.png';\"><span>Vakhtang Chanturishvili<\/span><\/a><\/div>\n<div class=\"player\"><a href=\"https:\/\/soccer.aidatasports.com\/pt\/players\/Sebastian-Nebyla-144722\"><img decoding=\"async\" src=\"https:\/\/soccer.aidatasports.com\/images\/players\/144722.png\" alt=\"Sebastian Nebyla\" onerror=\"this.onerror=null;this.src='https:\/\/soccer.aidatasports.com\/images\/players\/default-player.png';\"><span>Sebastian Nebyla<\/span><\/a><\/div>\n<div class=\"player\"><a href=\"https:\/\/soccer.aidatasports.com\/pt\/players\/Richard-Sedl\u00e1\u010dek-38823\"><img decoding=\"async\" src=\"https:\/\/soccer.aidatasports.com\/images\/players\/38823.png\" alt=\"Richard Sedl\u00e1\u010dek\" onerror=\"this.onerror=null;this.src='https:\/\/soccer.aidatasports.com\/images\/players\/default-player.png';\"><span>Richard Sedl\u00e1\u010dek<\/span><\/a><\/div>\n<div class=\"player\"><a href=\"https:\/\/soccer.aidatasports.com\/pt\/players\/Mat\u011bj-Polidar-66164\"><img decoding=\"async\" src=\"https:\/\/soccer.aidatasports.com\/images\/players\/66164.png\" alt=\"Mat\u011bj Polidar\" onerror=\"this.onerror=null;this.src='https:\/\/soccer.aidatasports.com\/images\/players\/default-player.png';\"><span>Mat\u011bj Polidar<\/span><\/a><\/div>\n<div class=\"player\"><a href=\"https:\/\/soccer.aidatasports.com\/pt\/players\/Filip-Zorvan-66439\"><img decoding=\"async\" src=\"https:\/\/soccer.aidatasports.com\/images\/players\/66439.png\" alt=\"Filip Zorvan\" onerror=\"this.onerror=null;this.src='https:\/\/soccer.aidatasports.com\/images\/players\/default-player.png';\"><span>Filip Zorvan<\/span><\/a><\/div>\n<div class=\"player\"><a href=\"https:\/\/soccer.aidatasports.com\/pt\/players\/Lamin-Jawo-66390\"><img decoding=\"async\" src=\"https:\/\/soccer.aidatasports.com\/images\/players\/66390.png\" alt=\"Lamin Jawo\" onerror=\"this.onerror=null;this.src='https:\/\/soccer.aidatasports.com\/images\/players\/default-player.png';\"><span>Lamin Jawo<\/span><\/a><\/div>\n<div class=\"player\"><a href=\"https:\/\/soccer.aidatasports.com\/pt\/players\/Alexis-Alegue-21260\"><img decoding=\"async\" src=\"https:\/\/soccer.aidatasports.com\/images\/players\/21260.png\" alt=\"Alexis Alegue\" onerror=\"this.onerror=null;this.src='https:\/\/soccer.aidatasports.com\/images\/players\/default-player.png';\"><span>Alexis Alegue<\/span><\/a><\/div>\n<\/div>\n<div>\n<h4>Suplentes:<\/h4>\n<div class=\"player\"><a href=\"https:\/\/soccer.aidatasports.com\/pt\/players\/Eduard-Sobol-2259\"><img decoding=\"async\" src=\"https:\/\/soccer.aidatasports.com\/images\/players\/2259.png\" alt=\"Eduard Sobol\" onerror=\"this.onerror=null;this.src='https:\/\/soccer.aidatasports.com\/images\/players\/default-player.png';\"><span>Eduard Sobol<\/span><\/a><\/div>\n<div class=\"player\"><a href=\"https:\/\/soccer.aidatasports.com\/pt\/players\/Albert-Kotlin-456930\"><img decoding=\"async\" src=\"https:\/\/soccer.aidatasports.com\/images\/players\/456930.png\" alt=\"Albert Kotlin\" onerror=\"this.onerror=null;this.src='https:\/\/soccer.aidatasports.com\/images\/players\/default-player.png';\"><span>Albert Kotlin<\/span><\/a><\/div>\n<div class=\"player\"><a href=\"https:\/\/soccer.aidatasports.com\/pt\/players\/David-\u0160t\u011bp\u00e1nek-80518\"><img decoding=\"async\" src=\"https:\/\/soccer.aidatasports.com\/images\/players\/80518.png\" alt=\"David \u0160t\u011bp\u00e1nek\" onerror=\"this.onerror=null;this.src='https:\/\/soccer.aidatasports.com\/images\/players\/default-player.png';\"><span>David \u0160t\u011bp\u00e1nek<\/span><\/a><\/div>\n<div class=\"player\"><a href=\"https:\/\/soccer.aidatasports.com\/pt\/players\/Daniel-Sou\u010dek-66222\"><img decoding=\"async\" src=\"https:\/\/soccer.aidatasports.com\/images\/players\/66222.png\" alt=\"Daniel Sou\u010dek\" onerror=\"this.onerror=null;this.src='https:\/\/soccer.aidatasports.com\/images\/players\/default-player.png';\"><span>Daniel Sou\u010dek<\/span><\/a><\/div>\n<div class=\"player\"><a href=\"https:\/\/soccer.aidatasports.com\/pt\/players\/Jan-Suchan-66203\"><img decoding=\"async\" src=\"https:\/\/soccer.aidatasports.com\/images\/players\/66203.png\" alt=\"Jan Suchan\" onerror=\"this.onerror=null;this.src='https:\/\/soccer.aidatasports.com\/images\/players\/default-player.png';\"><span>Jan Suchan<\/span><\/a><\/div>\n<div class=\"player\"><a href=\"https:\/\/soccer.aidatasports.com\/pt\/players\/Samuel-Lavrin\u010d\u00edk-162280\"><img decoding=\"async\" src=\"https:\/\/soccer.aidatasports.com\/images\/players\/162280.png\" alt=\"Samuel Lavrin\u010d\u00edk\" onerror=\"this.onerror=null;this.src='https:\/\/soccer.aidatasports.com\/images\/players\/default-player.png';\"><span>Samuel Lavrin\u010d\u00edk<\/span><\/a><\/div>\n<div class=\"player\"><a href=\"https:\/\/soccer.aidatasports.com\/pt\/players\/Samuel-Obinaya-458529\"><img decoding=\"async\" src=\"https:\/\/soccer.aidatasports.com\/images\/players\/458529.png\" alt=\"Samuel Obinaya\" onerror=\"this.onerror=null;this.src='https:\/\/soccer.aidatasports.com\/images\/players\/default-player.png';\"><span>Samuel Obinaya<\/span><\/a><\/div>\n<div class=\"player\"><a href=\"https:\/\/soccer.aidatasports.com\/pt\/players\/Matej-Malen\u0161ek-366835\"><img decoding=\"async\" src=\"https:\/\/soccer.aidatasports.com\/images\/players\/366835.png\" alt=\"Matej Malen\u0161ek\" onerror=\"this.onerror=null;this.src='https:\/\/soccer.aidatasports.com\/images\/players\/default-player.png';\"><span>Matej Malen\u0161ek<\/span><\/a><\/div>\n<div class=\"player\"><a href=\"https:\/\/soccer.aidatasports.com\/pt\/players\/David-Pu\u0161k\u00e1\u010d-66154\"><img decoding=\"async\" src=\"https:\/\/soccer.aidatasports.com\/images\/players\/66154.png\" alt=\"David Pu\u0161k\u00e1\u010d\" onerror=\"this.onerror=null;this.src='https:\/\/soccer.aidatasports.com\/images\/players\/default-player.png';\"><span>David Pu\u0161k\u00e1\u010d<\/span><\/a><\/div>\n<div class=\"player\"><a href=\"https:\/\/soccer.aidatasports.com\/pt\/players\/Dominik-Holl\u00fd-314370\"><img decoding=\"async\" src=\"https:\/\/soccer.aidatasports.com\/images\/players\/314370.png\" alt=\"Dominik Holl\u00fd\" onerror=\"this.onerror=null;this.src='https:\/\/soccer.aidatasports.com\/images\/players\/default-player.png';\"><span>Dominik Holl\u00fd<\/span><\/a><\/div>\n<div class=\"player\"><a href=\"https:\/\/soccer.aidatasports.com\/pt\/players\/Jan-Chramosta-2270\"><img decoding=\"async\" src=\"https:\/\/soccer.aidatasports.com\/images\/players\/2270.png\" alt=\"Jan Chramosta\" onerror=\"this.onerror=null;this.src='https:\/\/soccer.aidatasports.com\/images\/players\/default-player.png';\"><span>Jan Chramosta<\/span><\/a><\/div>\n<\/div>\n<\/div>\n<\/div>\n<div class=\"team-lineup\">\n<h3>Slov\u00e1cko<\/h3>\n<p><img decoding=\"async\" src=\"https:\/\/media.api-sports.io\/football\/teams\/3719.png\" alt=\"Slov\u00e1cko\" style=\"width: 50px; height: 50px;\"><\/p>\n<div class=\"players-container\">\n<div>\n<h4>Titulares:<\/h4>\n<div class=\"player\"><a href=\"https:\/\/soccer.aidatasports.com\/pt\/players\/Milan-He\u010da-66010\"><img decoding=\"async\" src=\"https:\/\/soccer.aidatasports.com\/images\/players\/66010.png\" alt=\"Milan He\u010da\" onerror=\"this.onerror=null;this.src='https:\/\/soccer.aidatasports.com\/images\/players\/default-player.png';\"><span>Milan He\u010da<\/span><\/a><\/div>\n<div class=\"player\"><a href=\"https:\/\/soccer.aidatasports.com\/pt\/players\/Andrej-Stojchevski-293316\"><img decoding=\"async\" src=\"https:\/\/soccer.aidatasports.com\/images\/players\/293316.png\" alt=\"Andrej Stojchevski\" onerror=\"this.onerror=null;this.src='https:\/\/soccer.aidatasports.com\/images\/players\/default-player.png';\"><span>Andrej Stojchevski<\/span><\/a><\/div>\n<div class=\"player\"><a href=\"https:\/\/soccer.aidatasports.com\/pt\/players\/Milan-Rundi\u0107-66191\"><img decoding=\"async\" src=\"https:\/\/soccer.aidatasports.com\/images\/players\/66191.png\" alt=\"Milan Rundi\u0107\" onerror=\"this.onerror=null;this.src='https:\/\/soccer.aidatasports.com\/images\/players\/default-player.png';\"><span>Milan Rundi\u0107<\/span><\/a><\/div>\n<div class=\"player\"><a href=\"https:\/\/soccer.aidatasports.com\/pt\/players\/Jonathan-Mulder-291988\"><img decoding=\"async\" src=\"https:\/\/soccer.aidatasports.com\/images\/players\/291988.png\" alt=\"Jonathan Mulder\" onerror=\"this.onerror=null;this.src='https:\/\/soccer.aidatasports.com\/images\/players\/default-player.png';\"><span>Jonathan Mulder<\/span><\/a><\/div>\n<div class=\"player\"><a href=\"https:\/\/soccer.aidatasports.com\/pt\/players\/Gigli-Ndefe-36858\"><img decoding=\"async\" src=\"https:\/\/soccer.aidatasports.com\/images\/players\/36858.png\" alt=\"Gigli Ndefe\" onerror=\"this.onerror=null;this.src='https:\/\/soccer.aidatasports.com\/images\/players\/default-player.png';\"><span>Gigli Ndefe<\/span><\/a><\/div>\n<div class=\"player\"><a href=\"https:\/\/soccer.aidatasports.com\/pt\/players\/Marek-Havl\u00edk-66096\"><img decoding=\"async\" src=\"https:\/\/soccer.aidatasports.com\/images\/players\/66096.png\" alt=\"Marek Havl\u00edk\" onerror=\"this.onerror=null;this.src='https:\/\/soccer.aidatasports.com\/images\/players\/default-player.png';\"><span>Marek Havl\u00edk<\/span><\/a><\/div>\n<div class=\"player\"><a href=\"https:\/\/soccer.aidatasports.com\/pt\/players\/Michal-Tr\u00e1vn\u00edk-2268\"><img decoding=\"async\" src=\"https:\/\/soccer.aidatasports.com\/images\/players\/2268.png\" alt=\"Michal Tr\u00e1vn\u00edk\" onerror=\"this.onerror=null;this.src='https:\/\/soccer.aidatasports.com\/images\/players\/default-player.png';\"><span>Michal Tr\u00e1vn\u00edk<\/span><\/a><\/div>\n<div class=\"player\"><a href=\"https:\/\/soccer.aidatasports.com\/pt\/players\/Daniel-Tetour-66231\"><img decoding=\"async\" src=\"https:\/\/soccer.aidatasports.com\/images\/players\/66231.png\" alt=\"Daniel Tetour\" onerror=\"this.onerror=null;this.src='https:\/\/soccer.aidatasports.com\/images\/players\/default-player.png';\"><span>Daniel Tetour<\/span><\/a><\/div>\n<div class=\"player\"><a href=\"https:\/\/soccer.aidatasports.com\/pt\/players\/Patrik-Blah\u00fat-125200\"><img decoding=\"async\" src=\"https:\/\/soccer.aidatasports.com\/images\/players\/125200.png\" alt=\"Patrik Blah\u00fat\" onerror=\"this.onerror=null;this.src='https:\/\/soccer.aidatasports.com\/images\/players\/default-player.png';\"><span>Patrik Blah\u00fat<\/span><\/a><\/div>\n<div class=\"player\"><a href=\"https:\/\/soccer.aidatasports.com\/pt\/players\/Adonija-Ouanda-561874\"><img decoding=\"async\" src=\"https:\/\/soccer.aidatasports.com\/images\/players\/561874.png\" alt=\"Adonija Ouanda\" onerror=\"this.onerror=null;this.src='https:\/\/soccer.aidatasports.com\/images\/players\/default-player.png';\"><span>Adonija Ouanda<\/span><\/a><\/div>\n<div class=\"player\"><a href=\"https:\/\/soccer.aidatasports.com\/pt\/players\/Alan-Marinelli-6524\"><img decoding=\"async\" src=\"https:\/\/soccer.aidatasports.com\/images\/players\/6524.png\" alt=\"Alan Marinelli\" onerror=\"this.onerror=null;this.src='https:\/\/soccer.aidatasports.com\/images\/players\/default-player.png';\"><span>Alan Marinelli<\/span><\/a><\/div>\n<\/div>\n<div>\n<h4>Suplentes:<\/h4>\n<div class=\"player\"><a href=\"https:\/\/soccer.aidatasports.com\/pt\/players\/Michael-Krmen\u010d\u00edk-820\"><img decoding=\"async\" src=\"https:\/\/soccer.aidatasports.com\/images\/players\/820.png\" alt=\"Michael Krmen\u010d\u00edk\" onerror=\"this.onerror=null;this.src='https:\/\/soccer.aidatasports.com\/images\/players\/default-player.png';\"><span>Michael Krmen\u010d\u00edk<\/span><\/a><\/div>\n<div class=\"player\"><a href=\"https:\/\/soccer.aidatasports.com\/pt\/players\/Urban-Alexandr-428590\"><img decoding=\"async\" src=\"https:\/\/soccer.aidatasports.com\/images\/players\/428590.png\" alt=\"Urban Alexandr\" onerror=\"this.onerror=null;this.src='https:\/\/soccer.aidatasports.com\/images\/players\/default-player.png';\"><span>Urban Alexandr<\/span><\/a><\/div>\n<div class=\"player\"><a href=\"https:\/\/soccer.aidatasports.com\/pt\/players\/Petr-Reinberk-66092\"><img decoding=\"async\" src=\"https:\/\/soccer.aidatasports.com\/images\/players\/66092.png\" alt=\"Petr Reinberk\" onerror=\"this.onerror=null;this.src='https:\/\/soccer.aidatasports.com\/images\/players\/default-player.png';\"><span>Petr Reinberk<\/span><\/a><\/div>\n<div class=\"player\"><a href=\"https:\/\/soccer.aidatasports.com\/pt\/players\/Roman-Hor\u00e1k-338972\"><img decoding=\"async\" src=\"https:\/\/soccer.aidatasports.com\/images\/players\/338972.png\" alt=\"Roman Hor\u00e1k\" onerror=\"this.onerror=null;this.src='https:\/\/soccer.aidatasports.com\/images\/players\/default-player.png';\"><span>Roman Hor\u00e1k<\/span><\/a><\/div>\n<div class=\"player\"><a href=\"https:\/\/soccer.aidatasports.com\/pt\/players\/Stepan-Beran-378832\"><img decoding=\"async\" src=\"https:\/\/soccer.aidatasports.com\/images\/players\/378832.png\" alt=\"Stepan Beran\" onerror=\"this.onerror=null;this.src='https:\/\/soccer.aidatasports.com\/images\/players\/default-player.png';\"><span>Stepan Beran<\/span><\/a><\/div>\n<div class=\"player\"><a href=\"https:\/\/soccer.aidatasports.com\/pt\/players\/Paul-Ndubuisi-574302\"><img decoding=\"async\" src=\"https:\/\/soccer.aidatasports.com\/images\/players\/574302.png\" alt=\"Paul Ndubuisi\" onerror=\"this.onerror=null;this.src='https:\/\/soccer.aidatasports.com\/images\/players\/default-player.png';\"><span>Paul Ndubuisi<\/span><\/a><\/div>\n<div class=\"player\"><a href=\"https:\/\/soccer.aidatasports.com\/pt\/players\/Milan-Petr\u017eela-814\"><img decoding=\"async\" src=\"https:\/\/soccer.aidatasports.com\/images\/players\/814.png\" alt=\"Milan Petr\u017eela\" onerror=\"this.onerror=null;this.src='https:\/\/soccer.aidatasports.com\/images\/players\/default-player.png';\"><span>Milan Petr\u017eela<\/span><\/a><\/div>\n<div class=\"player\"><a href=\"https:\/\/soccer.aidatasports.com\/pt\/players\/Martin-\u0160vidersk\u00fd-282131\"><img decoding=\"async\" src=\"https:\/\/soccer.aidatasports.com\/images\/players\/282131.png\" alt=\"Martin \u0160vidersk\u00fd\" onerror=\"this.onerror=null;this.src='https:\/\/soccer.aidatasports.com\/images\/players\/default-player.png';\"><span>Martin \u0160vidersk\u00fd<\/span><\/a><\/div>\n<div class=\"player\"><a href=\"https:\/\/soccer.aidatasports.com\/pt\/players\/Pavel-Juro\u0161ka-354862\"><img decoding=\"async\" src=\"https:\/\/soccer.aidatasports.com\/images\/players\/354862.png\" alt=\"Pavel Juro\u0161ka\" onerror=\"this.onerror=null;this.src='https:\/\/soccer.aidatasports.com\/images\/players\/default-player.png';\"><span>Pavel Juro\u0161ka<\/span><\/a><\/div>\n<div class=\"player\"><a href=\"https:\/\/soccer.aidatasports.com\/pt\/players\/Daniel-Barat-524739\"><img decoding=\"async\" src=\"https:\/\/soccer.aidatasports.com\/images\/players\/524739.png\" alt=\"Daniel Barat\" onerror=\"this.onerror=null;this.src='https:\/\/soccer.aidatasports.com\/images\/players\/default-player.png';\"><span>Daniel Barat<\/span><\/a><\/div>\n<\/div>\n<\/div>\n<\/div>\n<\/div>\n<div id=\"wg-api-football-game\"\n                    data-host=\"xxxxx\"\n                    data-key=\"xxxx\"\n                    data-id=\"1384813\"\n                    data-theme=\"\"\n                    data-refresh=\"15\"\n                    data-show-errors=\"false\"\n                    data-show-logos=\"true\"><br \/>\n                    class=&#8221;wg_loader&#8221;>\n                <\/div>\n<div id=\"wg-api-football-standings\"\n                    data-host=\"xxxx\"\n                    data-key=\"ddddd\"\n                    data-league=\"345\"\n                    data-team=\"\"\n                    data-season=\"2025\"\n                    data-theme=\"\"\n                    data-show-errors=\"false\"\n                    data-show-logos=\"true\"\n                    class=\"wg_loader\">\n                <\/div>\n<p>                <script\n                    type=\"module\"\n                    src=\"https:\/\/soccer.aidatasports.com\/wp-content\/customjs\/widgetslocal.js\">\n                <\/script><\/p>\n","protected":false},"excerpt":{"rendered":"<p>Portugu\u00eas Jogo Empatado sem Gols em Jablonec Deixa Torcedores Desapontados Jablonec nad Nisou, Rep\u00fablica Tcheca&hellip;<\/p>\n","protected":false},"author":1,"featured_media":123949,"comment_status":"open","ping_status":"open","sticky":false,"template":"","format":"standard","meta":{"content-type":"","pmpro_default_level":"","_lmt_disableupdate":"","_lmt_disable":"","_league":15837,"_fixture":1384813,"penci_pfeatured_image_ratio":"","penci_single_style":"","footnotes":""},"categories":[15837],"tags":[1138,2996],"class_list":["post-123950","post","type-post","status-publish","format-standard","has-post-thumbnail","hentry","category-matches","tag-fk-jablonec-czech-republic-1122","tag-slovacko-czech-republic-3719","pmpro-has-access"],"_links":{"self":[{"href":"https:\/\/soccer.aidatasports.com\/pt\/wp-json\/wp\/v2\/posts\/123950"}],"collection":[{"href":"https:\/\/soccer.aidatasports.com\/pt\/wp-json\/wp\/v2\/posts"}],"about":[{"href":"https:\/\/soccer.aidatasports.com\/pt\/wp-json\/wp\/v2\/types\/post"}],"author":[{"embeddable":true,"href":"https:\/\/soccer.aidatasports.com\/pt\/wp-json\/wp\/v2\/users\/1"}],"replies":[{"embeddable":true,"href":"https:\/\/soccer.aidatasports.com\/pt\/wp-json\/wp\/v2\/comments?post=123950"}],"version-history":[{"count":0,"href":"https:\/\/soccer.aidatasports.com\/pt\/wp-json\/wp\/v2\/posts\/123950\/revisions"}],"wp:featuredmedia":[{"embeddable":true,"href":"https:\/\/soccer.aidatasports.com\/pt\/wp-json\/wp\/v2\/media\/123949"}],"wp:attachment":[{"href":"https:\/\/soccer.aidatasports.com\/pt\/wp-json\/wp\/v2\/media?parent=123950"}],"wp:term":[{"taxonomy":"category","embeddable":true,"href":"https:\/\/soccer.aidatasports.com\/pt\/wp-json\/wp\/v2\/categories?post=123950"},{"taxonomy":"post_tag","embeddable":true,"href":"https:\/\/soccer.aidatasports.com\/pt\/wp-json\/wp\/v2\/tags?post=123950"}],"curies":[{"name":"wp","href":"https:\/\/api.w.org\/{rel}","templated":true}]}}