{"id":122897,"date":"2026-02-01T15:32:05","date_gmt":"2026-02-01T15:32:05","guid":{"rendered":"https:\/\/soccer.aidatasports.com\/pt\/uncategorized\/psv-eindhoven-vs-feyenoord-feb-01-2026-1330-utc\/"},"modified":"2026-02-01T15:32:05","modified_gmt":"2026-02-01T15:32:05","slug":"psv-eindhoven-vs-feyenoord-feb-01-2026-1330-utc","status":"publish","type":"post","link":"https:\/\/soccer.aidatasports.com\/pt\/matches\/psv-eindhoven-vs-feyenoord-feb-01-2026-1330-utc\/","title":{"rendered":"PSV Eindhoven vs Feyenoord Feb 01 2026 13:30 UTC"},"content":{"rendered":"<p><strong>Portugu\u00eas<\/strong><\/p>\n<p><strong>PSV Eindhoven Demolhe o Feyenoord em Casa<\/strong><\/p>\n<p>Eindhoven testemunhou uma partida dominada do in\u00edcio ao fim pelo PSV, que venceu com autoridade o Feyenoord nesta rodada da Eredivisie. Desde o apito inicial, o PSV demonstrou sua superioridade na posse de bola, controlando a bola por 60% do tempo. O primeiro gol veio cedo, aos 10 minutos, com um chute certeiro de A. Obispo ap\u00f3s assist\u00eancia de J. Veerman. Pouco depois, aos 13 minutos, G. Til ampliou a vantagem com outro gol, consolidando o dom\u00ednio local. O terceiro e \u00faltimo gol veio aos 17 minutos, marcado por I. Saibari, com assist\u00eancia de P. Wanner.<\/p>\n<p>O Feyenoord, apesar de uma tentativa de rea\u00e7\u00e3o, n\u00e3o conseguiu conter o ataque implac\u00e1vel do PSV. Seu jogo foi interrompido por v\u00e1rios cart\u00f5es amarelos (A. Ahmedhodzic, M. Deijl e O. Targhalline) e a expuls\u00e3o de G. Borges aos 84 minutos, o que dificultou ainda mais sua recupera\u00e7\u00e3o. O PSV, com um jogo fluido e eficaz, gerou 13 chutes, dos quais 7 foram ao gol, enquanto o Feyenoord conseguiu apenas 8 chutes, com apenas 2 direcionados ao gol. A partida terminou com uma clara vit\u00f3ria para o PSV, que demonstrou sua for\u00e7a no Philips Stadion. Um cart\u00e3o amarelo foi dado para N. Fernandez do PSV.<\/p>\n<p>Substitui\u00f5es na equipe de feyenoord: Aos 46 minutos, A. Hadj Moussa entrou e G. Borges saiu., Aos 46 minutos, J. St. Juste entrou e T. Kraaijeveld saiu., Aos 64 minutos, A. Ueda entrou e J. Moder saiu., Aos 64 minutos, Hwang In-Beom entrou e C. Tengstedt saiu., Aos 79 minutos, L. Sauer entrou e A. Sliti saiu. <\/p>\n<p>Substitui\u00f5es na equipe de psv eindhoven: Aos 65 minutos, I. Saibari entrou e N. Fernandez saiu., Aos 65 minutos, I. Perisic entrou e C. Driouech saiu., Aos 73 minutos, A. Obispo entrou e R. Flamingo saiu., Aos 73 minutos, S. Dest entrou e K. Sildillia saiu., Aos 89 minutos, G. Til entrou e N. Verkooijen saiu. <\/p>\n<p>As equipes se alinharam da seguinte forma:<\/p>\n<div class=\"lineups-container\">\n<style>\n                .lineups-container {\n                    display: flex;\n                    justify-content: space-around;\n                    flex-wrap: wrap;\n                }\n                .team-lineup {\n                    width: 49%;\n                    margin-bottom: 20px;\n                    border: 1px solid #ccc;\n                    padding: 5px;\n                }\n                .team-lineup h3 {\n                    text-align: center;\n                    margin-bottom: 10px;\n                }\n                .players-container {\n                    display: flex;\n                    justify-content: space-between;\n                }\n                .players-container div {\n                    width: 100%;\n                }\n                .player {\n                    display: flex;\n                    align-items: center;\n                    margin-bottom: 5px;\n                }\n                .player img {\n                    width: 30px;\n                    height: 30px;\n                    border-radius: 50%;\n                    margin-right: 10px;\n                }\n                    @media (max-width: 600px) {\n                    .team-lineup {\n                        width: 100%;\n                    }\n                }\n                <\/style>\n<div class=\"team-lineup\">\n<h3>PSV Eindhoven<\/h3>\n<p><img decoding=\"async\" src=\"https:\/\/media.api-sports.io\/football\/teams\/197.png\" alt=\"PSV Eindhoven\" style=\"width: 50px; height: 50px;\"><\/p>\n<div class=\"players-container\">\n<div>\n<h4>Titulares:<\/h4>\n<div class=\"player\"><a href=\"https:\/\/soccer.aidatasports.com\/pt\/players\/Mat\u011bj-Kov\u00e1\u0159-138804\"><img decoding=\"async\" src=\"https:\/\/soccer.aidatasports.com\/images\/players\/138804.png\" alt=\"Mat\u011bj Kov\u00e1\u0159\" onerror=\"this.onerror=null;this.src='https:\/\/soccer.aidatasports.com\/images\/players\/default-player.png';\"><span>Mat\u011bj Kov\u00e1\u0159<\/span><\/a><\/div>\n<div class=\"player\"><a href=\"https:\/\/soccer.aidatasports.com\/pt\/players\/Sergi\u00f1o-Dest-38735\"><img decoding=\"async\" src=\"https:\/\/soccer.aidatasports.com\/images\/players\/38735.png\" alt=\"Sergi\u00f1o Dest\" onerror=\"this.onerror=null;this.src='https:\/\/soccer.aidatasports.com\/images\/players\/default-player.png';\"><span>Sergi\u00f1o Dest<\/span><\/a><\/div>\n<div class=\"player\"><a href=\"https:\/\/soccer.aidatasports.com\/pt\/players\/Jerdy-Schouten-37890\"><img decoding=\"async\" src=\"https:\/\/soccer.aidatasports.com\/images\/players\/37890.png\" alt=\"Jerdy Schouten\" onerror=\"this.onerror=null;this.src='https:\/\/soccer.aidatasports.com\/images\/players\/default-player.png';\"><span>Jerdy Schouten<\/span><\/a><\/div>\n<div class=\"player\"><a href=\"https:\/\/soccer.aidatasports.com\/pt\/players\/Armando-Obispo-228\"><img decoding=\"async\" src=\"https:\/\/soccer.aidatasports.com\/images\/players\/228.png\" alt=\"Armando Obispo\" onerror=\"this.onerror=null;this.src='https:\/\/soccer.aidatasports.com\/images\/players\/default-player.png';\"><span>Armando Obispo<\/span><\/a><\/div>\n<div class=\"player\"><a href=\"https:\/\/soccer.aidatasports.com\/pt\/players\/Mauro-J\u00fanior-233\"><img decoding=\"async\" src=\"https:\/\/soccer.aidatasports.com\/images\/players\/233.png\" alt=\"Mauro J\u00fanior\" onerror=\"this.onerror=null;this.src='https:\/\/soccer.aidatasports.com\/images\/players\/default-player.png';\"><span>Mauro J\u00fanior<\/span><\/a><\/div>\n<div class=\"player\"><a href=\"https:\/\/soccer.aidatasports.com\/pt\/players\/Paul-Wanner-327895\"><img decoding=\"async\" src=\"https:\/\/soccer.aidatasports.com\/images\/players\/327895.png\" alt=\"Paul Wanner\" onerror=\"this.onerror=null;this.src='https:\/\/soccer.aidatasports.com\/images\/players\/default-player.png';\"><span>Paul Wanner<\/span><\/a><\/div>\n<div class=\"player\"><a href=\"https:\/\/soccer.aidatasports.com\/pt\/players\/Joey-Veerman-37749\"><img decoding=\"async\" src=\"https:\/\/soccer.aidatasports.com\/images\/players\/37749.png\" alt=\"Joey Veerman\" onerror=\"this.onerror=null;this.src='https:\/\/soccer.aidatasports.com\/images\/players\/default-player.png';\"><span>Joey Veerman<\/span><\/a><\/div>\n<div class=\"player\"><a href=\"https:\/\/soccer.aidatasports.com\/pt\/players\/Ismael-Saibari-161897\"><img decoding=\"async\" src=\"https:\/\/soccer.aidatasports.com\/images\/players\/161897.png\" alt=\"Ismael Saibari\" onerror=\"this.onerror=null;this.src='https:\/\/soccer.aidatasports.com\/images\/players\/default-player.png';\"><span>Ismael Saibari<\/span><\/a><\/div>\n<div class=\"player\"><a href=\"https:\/\/soccer.aidatasports.com\/pt\/players\/Esmir-Bajraktarevi\u0107-329409\"><img decoding=\"async\" src=\"https:\/\/soccer.aidatasports.com\/images\/players\/329409.png\" alt=\"Esmir Bajraktarevi\u0107\" onerror=\"this.onerror=null;this.src='https:\/\/soccer.aidatasports.com\/images\/players\/default-player.png';\"><span>Esmir Bajraktarevi\u0107<\/span><\/a><\/div>\n<div class=\"player\"><a href=\"https:\/\/soccer.aidatasports.com\/pt\/players\/Guus-Til-36905\"><img decoding=\"async\" src=\"https:\/\/soccer.aidatasports.com\/images\/players\/36905.png\" alt=\"Guus Til\" onerror=\"this.onerror=null;this.src='https:\/\/soccer.aidatasports.com\/images\/players\/default-player.png';\"><span>Guus Til<\/span><\/a><\/div>\n<div class=\"player\"><a href=\"https:\/\/soccer.aidatasports.com\/pt\/players\/Ivan-Peri\u0161i\u0107-207\"><img decoding=\"async\" src=\"https:\/\/soccer.aidatasports.com\/images\/players\/207.png\" alt=\"Ivan Peri\u0161i\u0107\" onerror=\"this.onerror=null;this.src='https:\/\/soccer.aidatasports.com\/images\/players\/default-player.png';\"><span>Ivan Peri\u0161i\u0107<\/span><\/a><\/div>\n<\/div>\n<div>\n<h4>Suplentes:<\/h4>\n<div class=\"player\"><a href=\"https:\/\/soccer.aidatasports.com\/pt\/players\/Noah-Fernandez-474550\"><img decoding=\"async\" src=\"https:\/\/soccer.aidatasports.com\/images\/players\/474550.png\" alt=\"Noah Fernandez\" onerror=\"this.onerror=null;this.src='https:\/\/soccer.aidatasports.com\/images\/players\/default-player.png';\"><span>Noah Fernandez<\/span><\/a><\/div>\n<div class=\"player\"><a href=\"https:\/\/soccer.aidatasports.com\/pt\/players\/Couhaib-Driouech-272543\"><img decoding=\"async\" src=\"https:\/\/soccer.aidatasports.com\/images\/players\/272543.png\" alt=\"Couhaib Driouech\" onerror=\"this.onerror=null;this.src='https:\/\/soccer.aidatasports.com\/images\/players\/default-player.png';\"><span>Couhaib Driouech<\/span><\/a><\/div>\n<div class=\"player\"><a href=\"https:\/\/soccer.aidatasports.com\/pt\/players\/Kiliann-Sildillia-191233\"><img decoding=\"async\" src=\"https:\/\/soccer.aidatasports.com\/images\/players\/191233.png\" alt=\"Kiliann Sildillia\" onerror=\"this.onerror=null;this.src='https:\/\/soccer.aidatasports.com\/images\/players\/default-player.png';\"><span>Kiliann Sildillia<\/span><\/a><\/div>\n<div class=\"player\"><a href=\"https:\/\/soccer.aidatasports.com\/pt\/players\/Ryan-Flamingo-342054\"><img decoding=\"async\" src=\"https:\/\/soccer.aidatasports.com\/images\/players\/342054.png\" alt=\"Ryan Flamingo\" onerror=\"this.onerror=null;this.src='https:\/\/soccer.aidatasports.com\/images\/players\/default-player.png';\"><span>Ryan Flamingo<\/span><\/a><\/div>\n<div class=\"player\"><a href=\"https:\/\/soccer.aidatasports.com\/pt\/players\/Tijn-Smolenaars-371523\"><img decoding=\"async\" src=\"https:\/\/soccer.aidatasports.com\/images\/players\/371523.png\" alt=\"Tijn Smolenaars\" onerror=\"this.onerror=null;this.src='https:\/\/soccer.aidatasports.com\/images\/players\/default-player.png';\"><span>Tijn Smolenaars<\/span><\/a><\/div>\n<div class=\"player\"><a href=\"https:\/\/soccer.aidatasports.com\/pt\/players\/Niek-Schiks-328193\"><img decoding=\"async\" src=\"https:\/\/soccer.aidatasports.com\/images\/players\/328193.png\" alt=\"Niek Schiks\" onerror=\"this.onerror=null;this.src='https:\/\/soccer.aidatasports.com\/images\/players\/default-player.png';\"><span>Niek Schiks<\/span><\/a><\/div>\n<div class=\"player\"><a href=\"https:\/\/soccer.aidatasports.com\/pt\/players\/Yarek-Gasiorowski-361385\"><img decoding=\"async\" src=\"https:\/\/soccer.aidatasports.com\/images\/players\/361385.png\" alt=\"Yarek Gasiorowski\" onerror=\"this.onerror=null;this.src='https:\/\/soccer.aidatasports.com\/images\/players\/default-player.png';\"><span>Yarek Gasiorowski<\/span><\/a><\/div>\n<div class=\"player\"><a href=\"https:\/\/soccer.aidatasports.com\/pt\/players\/Anass-Salah-Eddine-162451\"><img decoding=\"async\" src=\"https:\/\/soccer.aidatasports.com\/images\/players\/162451.png\" alt=\"Anass Salah-Eddine\" onerror=\"this.onerror=null;this.src='https:\/\/soccer.aidatasports.com\/images\/players\/default-player.png';\"><span>Anass Salah-Eddine<\/span><\/a><\/div>\n<div class=\"player\"><a href=\"https:\/\/soccer.aidatasports.com\/pt\/players\/Nicolas-Verkooijen-441047\"><img decoding=\"async\" src=\"https:\/\/soccer.aidatasports.com\/images\/players\/441047.png\" alt=\"Nicolas Verkooijen\" onerror=\"this.onerror=null;this.src='https:\/\/soccer.aidatasports.com\/images\/players\/default-player.png';\"><span>Nicolas Verkooijen<\/span><\/a><\/div>\n<div class=\"player\"><a href=\"https:\/\/soccer.aidatasports.com\/pt\/players\/Joel-Van-Den-Berg-434623\"><img decoding=\"async\" src=\"https:\/\/soccer.aidatasports.com\/images\/players\/434623.png\" alt=\"Joel Van Den Berg\" onerror=\"this.onerror=null;this.src='https:\/\/soccer.aidatasports.com\/images\/players\/default-player.png';\"><span>Joel Van Den Berg<\/span><\/a><\/div>\n<\/div>\n<\/div>\n<\/div>\n<div class=\"team-lineup\">\n<h3>Feyenoord<\/h3>\n<p><img decoding=\"async\" src=\"https:\/\/media.api-sports.io\/football\/teams\/209.png\" alt=\"Feyenoord\" style=\"width: 50px; height: 50px;\"><\/p>\n<div class=\"players-container\">\n<div>\n<h4>Titulares:<\/h4>\n<div class=\"player\"><a href=\"https:\/\/soccer.aidatasports.com\/pt\/players\/Timon-Wellenreuther-36776\"><img decoding=\"async\" src=\"https:\/\/soccer.aidatasports.com\/images\/players\/36776.png\" alt=\"Timon Wellenreuther\" onerror=\"this.onerror=null;this.src='https:\/\/soccer.aidatasports.com\/images\/players\/default-player.png';\"><span>Timon Wellenreuther<\/span><\/a><\/div>\n<div class=\"player\"><a href=\"https:\/\/soccer.aidatasports.com\/pt\/players\/Mats-Deijl-37451\"><img decoding=\"async\" src=\"https:\/\/soccer.aidatasports.com\/images\/players\/37451.png\" alt=\"Mats Deijl\" onerror=\"this.onerror=null;this.src='https:\/\/soccer.aidatasports.com\/images\/players\/default-player.png';\"><span>Mats Deijl<\/span><\/a><\/div>\n<div class=\"player\"><a href=\"https:\/\/soccer.aidatasports.com\/pt\/players\/Jeremiah-St.-Juste-37148\"><img decoding=\"async\" src=\"https:\/\/soccer.aidatasports.com\/images\/players\/37148.png\" alt=\"Jeremiah St. Juste\" onerror=\"this.onerror=null;this.src='https:\/\/soccer.aidatasports.com\/images\/players\/default-player.png';\"><span>Jeremiah St. Juste<\/span><\/a><\/div>\n<div class=\"player\"><a href=\"https:\/\/soccer.aidatasports.com\/pt\/players\/Anel-Ahmedhod\u017ei\u0107-1949\"><img decoding=\"async\" src=\"https:\/\/soccer.aidatasports.com\/images\/players\/1949.png\" alt=\"Anel Ahmedhod\u017ei\u0107\" onerror=\"this.onerror=null;this.src='https:\/\/soccer.aidatasports.com\/images\/players\/default-player.png';\"><span>Anel Ahmedhod\u017ei\u0107<\/span><\/a><\/div>\n<div class=\"player\"><a href=\"https:\/\/soccer.aidatasports.com\/pt\/players\/Jordan-Bos-337587\"><img decoding=\"async\" src=\"https:\/\/soccer.aidatasports.com\/images\/players\/337587.png\" alt=\"Jordan Bos\" onerror=\"this.onerror=null;this.src='https:\/\/soccer.aidatasports.com\/images\/players\/default-player.png';\"><span>Jordan Bos<\/span><\/a><\/div>\n<div class=\"player\"><a href=\"https:\/\/soccer.aidatasports.com\/pt\/players\/Oussama-Targhalline-284071\"><img decoding=\"async\" src=\"https:\/\/soccer.aidatasports.com\/images\/players\/284071.png\" alt=\"Oussama Targhalline\" onerror=\"this.onerror=null;this.src='https:\/\/soccer.aidatasports.com\/images\/players\/default-player.png';\"><span>Oussama Targhalline<\/span><\/a><\/div>\n<div class=\"player\"><a href=\"https:\/\/soccer.aidatasports.com\/pt\/players\/Luciano-Valente-314266\"><img decoding=\"async\" src=\"https:\/\/soccer.aidatasports.com\/images\/players\/314266.png\" alt=\"Luciano Valente\" onerror=\"this.onerror=null;this.src='https:\/\/soccer.aidatasports.com\/images\/players\/default-player.png';\"><span>Luciano Valente<\/span><\/a><\/div>\n<div class=\"player\"><a href=\"https:\/\/soccer.aidatasports.com\/pt\/players\/Anis-Hadj-Moussa-326067\"><img decoding=\"async\" src=\"https:\/\/soccer.aidatasports.com\/images\/players\/326067.png\" alt=\"Anis Hadj Moussa\" onerror=\"this.onerror=null;this.src='https:\/\/soccer.aidatasports.com\/images\/players\/default-player.png';\"><span>Anis Hadj Moussa<\/span><\/a><\/div>\n<div class=\"player\"><a href=\"https:\/\/soccer.aidatasports.com\/pt\/players\/In-Beom-Hwang-2901\"><img decoding=\"async\" src=\"https:\/\/soccer.aidatasports.com\/images\/players\/2901.png\" alt=\"In-Beom Hwang\" onerror=\"this.onerror=null;this.src='https:\/\/soccer.aidatasports.com\/images\/players\/default-player.png';\"><span>In-Beom Hwang<\/span><\/a><\/div>\n<div class=\"player\"><a href=\"https:\/\/soccer.aidatasports.com\/pt\/players\/Leo-Sauer-342163\"><img decoding=\"async\" src=\"https:\/\/soccer.aidatasports.com\/images\/players\/342163.png\" alt=\"Leo Sauer\" onerror=\"this.onerror=null;this.src='https:\/\/soccer.aidatasports.com\/images\/players\/default-player.png';\"><span>Leo Sauer<\/span><\/a><\/div>\n<div class=\"player\"><a href=\"https:\/\/soccer.aidatasports.com\/pt\/players\/Ayase-Ueda-72155\"><img decoding=\"async\" src=\"https:\/\/soccer.aidatasports.com\/images\/players\/72155.png\" alt=\"Ayase Ueda\" onerror=\"this.onerror=null;this.src='https:\/\/soccer.aidatasports.com\/images\/players\/default-player.png';\"><span>Ayase Ueda<\/span><\/a><\/div>\n<\/div>\n<div>\n<h4>Suplentes:<\/h4>\n<div class=\"player\"><a href=\"https:\/\/soccer.aidatasports.com\/pt\/players\/Thijs-Kraaijeveld-371228\"><img decoding=\"async\" src=\"https:\/\/soccer.aidatasports.com\/images\/players\/371228.png\" alt=\"Thijs Kraaijeveld\" onerror=\"this.onerror=null;this.src='https:\/\/soccer.aidatasports.com\/images\/players\/default-player.png';\"><span>Thijs Kraaijeveld<\/span><\/a><\/div>\n<div class=\"player\"><a href=\"https:\/\/soccer.aidatasports.com\/pt\/players\/Gon\u00e7alo-Borges-128385\"><img decoding=\"async\" src=\"https:\/\/soccer.aidatasports.com\/images\/players\/128385.png\" alt=\"Gon\u00e7alo Borges\" onerror=\"this.onerror=null;this.src='https:\/\/soccer.aidatasports.com\/images\/players\/default-player.png';\"><span>Gon\u00e7alo Borges<\/span><\/a><\/div>\n<div class=\"player\"><a href=\"https:\/\/soccer.aidatasports.com\/pt\/players\/Jakub-Moder-40911\"><img decoding=\"async\" src=\"https:\/\/soccer.aidatasports.com\/images\/players\/40911.png\" alt=\"Jakub Moder\" onerror=\"this.onerror=null;this.src='https:\/\/soccer.aidatasports.com\/images\/players\/default-player.png';\"><span>Jakub Moder<\/span><\/a><\/div>\n<div class=\"player\"><a href=\"https:\/\/soccer.aidatasports.com\/pt\/players\/Casper-Tengstedt-162703\"><img decoding=\"async\" src=\"https:\/\/soccer.aidatasports.com\/images\/players\/162703.png\" alt=\"Casper Tengstedt\" onerror=\"this.onerror=null;this.src='https:\/\/soccer.aidatasports.com\/images\/players\/default-player.png';\"><span>Casper Tengstedt<\/span><\/a><\/div>\n<div class=\"player\"><a href=\"https:\/\/soccer.aidatasports.com\/pt\/players\/Mannou-Berger-374500\"><img decoding=\"async\" src=\"https:\/\/soccer.aidatasports.com\/images\/players\/374500.png\" alt=\"Mannou Berger\" onerror=\"this.onerror=null;this.src='https:\/\/soccer.aidatasports.com\/images\/players\/default-player.png';\"><span>Mannou Berger<\/span><\/a><\/div>\n<div class=\"player\"><a href=\"https:\/\/soccer.aidatasports.com\/pt\/players\/Liam-Bossin-198483\"><img decoding=\"async\" src=\"https:\/\/soccer.aidatasports.com\/images\/players\/198483.png\" alt=\"Liam Bossin\" onerror=\"this.onerror=null;this.src='https:\/\/soccer.aidatasports.com\/images\/players\/default-player.png';\"><span>Liam Bossin<\/span><\/a><\/div>\n<div class=\"player\"><a href=\"https:\/\/soccer.aidatasports.com\/pt\/players\/Jordan-Lotomba-945\"><img decoding=\"async\" src=\"https:\/\/soccer.aidatasports.com\/images\/players\/945.png\" alt=\"Jordan Lotomba\" onerror=\"this.onerror=null;this.src='https:\/\/soccer.aidatasports.com\/images\/players\/default-player.png';\"><span>Jordan Lotomba<\/span><\/a><\/div>\n<div class=\"player\"><a href=\"https:\/\/soccer.aidatasports.com\/pt\/players\/Bart-Nieuwkoop-37147\"><img decoding=\"async\" src=\"https:\/\/soccer.aidatasports.com\/images\/players\/37147.png\" alt=\"Bart Nieuwkoop\" onerror=\"this.onerror=null;this.src='https:\/\/soccer.aidatasports.com\/images\/players\/default-player.png';\"><span>Bart Nieuwkoop<\/span><\/a><\/div>\n<div class=\"player\"><a href=\"https:\/\/soccer.aidatasports.com\/pt\/players\/Jan-Plug-441221\"><img decoding=\"async\" src=\"https:\/\/soccer.aidatasports.com\/images\/players\/441221.png\" alt=\"Jan Plug\" onerror=\"this.onerror=null;this.src='https:\/\/soccer.aidatasports.com\/images\/players\/default-player.png';\"><span>Jan Plug<\/span><\/a><\/div>\n<div class=\"player\"><a href=\"https:\/\/soccer.aidatasports.com\/pt\/players\/Aymen-Sliti-412873\"><img decoding=\"async\" src=\"https:\/\/soccer.aidatasports.com\/images\/players\/412873.png\" alt=\"Aymen Sliti\" onerror=\"this.onerror=null;this.src='https:\/\/soccer.aidatasports.com\/images\/players\/default-player.png';\"><span>Aymen Sliti<\/span><\/a><\/div>\n<div class=\"player\"><a href=\"https:\/\/soccer.aidatasports.com\/pt\/players\/Tobias-van-den-Elshout-491239\"><img decoding=\"async\" src=\"https:\/\/soccer.aidatasports.com\/images\/players\/491239.png\" alt=\"Tobias van den Elshout\" onerror=\"this.onerror=null;this.src='https:\/\/soccer.aidatasports.com\/images\/players\/default-player.png';\"><span>Tobias van den Elshout<\/span><\/a><\/div>\n<\/div>\n<\/div>\n<\/div>\n<\/div>\n<div id=\"wg-api-football-game\"\n                    data-host=\"xxxxx\"\n                    data-key=\"xxxx\"\n                    data-id=\"1381053\"\n                    data-theme=\"\"\n                    data-refresh=\"15\"\n                    data-show-errors=\"false\"\n                    data-show-logos=\"true\"><br \/>\n                    class=&#8221;wg_loader&#8221;>\n                <\/div>\n<div id=\"wg-api-football-standings\"\n                    data-host=\"xxxx\"\n                    data-key=\"ddddd\"\n                    data-league=\"88\"\n                    data-team=\"\"\n                    data-season=\"2025\"\n                    data-theme=\"\"\n                    data-show-errors=\"false\"\n                    data-show-logos=\"true\"\n                    class=\"wg_loader\">\n                <\/div>\n<p>                <script\n                    type=\"module\"\n                    src=\"https:\/\/soccer.aidatasports.com\/wp-content\/customjs\/widgetslocal.js\">\n                <\/script><\/p>\n","protected":false},"excerpt":{"rendered":"<p>Portugu\u00eas PSV Eindhoven Demolhe o Feyenoord em Casa Eindhoven testemunhou uma partida dominada do in\u00edcio&hellip;<\/p>\n","protected":false},"author":1,"featured_media":122896,"comment_status":"open","ping_status":"open","sticky":false,"template":"","format":"standard","meta":{"content-type":"","pmpro_default_level":"","_lmt_disableupdate":"","_lmt_disable":"","_league":15837,"_fixture":1381053,"penci_pfeatured_image_ratio":"","penci_single_style":"","footnotes":""},"categories":[15837],"tags":[332,320],"class_list":["post-122897","post","type-post","status-publish","format-standard","has-post-thumbnail","hentry","category-matches","tag-feyenoord-netherlands-209","tag-psv-eindhoven-netherlands-197","pmpro-has-access"],"_links":{"self":[{"href":"https:\/\/soccer.aidatasports.com\/pt\/wp-json\/wp\/v2\/posts\/122897"}],"collection":[{"href":"https:\/\/soccer.aidatasports.com\/pt\/wp-json\/wp\/v2\/posts"}],"about":[{"href":"https:\/\/soccer.aidatasports.com\/pt\/wp-json\/wp\/v2\/types\/post"}],"author":[{"embeddable":true,"href":"https:\/\/soccer.aidatasports.com\/pt\/wp-json\/wp\/v2\/users\/1"}],"replies":[{"embeddable":true,"href":"https:\/\/soccer.aidatasports.com\/pt\/wp-json\/wp\/v2\/comments?post=122897"}],"version-history":[{"count":0,"href":"https:\/\/soccer.aidatasports.com\/pt\/wp-json\/wp\/v2\/posts\/122897\/revisions"}],"wp:featuredmedia":[{"embeddable":true,"href":"https:\/\/soccer.aidatasports.com\/pt\/wp-json\/wp\/v2\/media\/122896"}],"wp:attachment":[{"href":"https:\/\/soccer.aidatasports.com\/pt\/wp-json\/wp\/v2\/media?parent=122897"}],"wp:term":[{"taxonomy":"category","embeddable":true,"href":"https:\/\/soccer.aidatasports.com\/pt\/wp-json\/wp\/v2\/categories?post=122897"},{"taxonomy":"post_tag","embeddable":true,"href":"https:\/\/soccer.aidatasports.com\/pt\/wp-json\/wp\/v2\/tags?post=122897"}],"curies":[{"name":"wp","href":"https:\/\/api.w.org\/{rel}","templated":true}]}}