{"id":116077,"date":"2025-12-12T21:12:26","date_gmt":"2025-12-12T21:12:26","guid":{"rendered":"https:\/\/soccer.aidatasports.com\/pt\/uncategorized\/fc-oss-vs-ado-den-haag-dec-12-2025-1900-utc\/"},"modified":"2025-12-12T21:12:26","modified_gmt":"2025-12-12T21:12:26","slug":"fc-oss-vs-ado-den-haag-dec-12-2025-1900-utc","status":"publish","type":"post","link":"https:\/\/soccer.aidatasports.com\/pt\/matches\/fc-oss-vs-ado-den-haag-dec-12-2025-1900-utc\/","title":{"rendered":"FC OSS vs ADO Den Haag Dec 12 2025 19:00 UTC"},"content":{"rendered":"<p><strong>Portugu\u00eas<\/strong><\/p>\n<p><strong>Partida cheia de gols em Oss termina com vit\u00f3ria para ADO Den Haag<\/strong><\/p>\n<p>Oss, Pa\u00edses Baixos \u2013 Em uma partida emocionante disputada no Frans Heesen Stadion, o ADO Den Haag conquistou a vit\u00f3ria sobre o FC Oss em um jogo repleto de gols. A equipe de Haia dominou a posse de bola com 64%, gerando 18 chutes, embora apenas 6 deles tenham ido ao alvo.<\/p>\n<p>O ADO Den Haag abriu o placar rapidamente com um gol de L. Reischl aos 5 minutos, assistido por D. van Mieghem. M. Jimenez ampliou a vantagem aos 23 minutos, assistido por J. Kilo.<\/p>\n<p>O FC Oss respondeu no segundo tempo, com M. Remans marcando aos 53 minutos gra\u00e7as a uma assist\u00eancia de S. Doucoure. A alegria local durou pouco, j\u00e1 que L. Reischl marcou novamente para o ADO Den Haag apenas um minuto depois, desta vez assistido por S. Sylla.<\/p>\n<p>O FC Oss n\u00e3o desistiu e K. de Wit marcou aos 62 minutos, diminuindo a diferen\u00e7a. S. Doucoure empatou aos 73 minutos, assistido por M. Erkan, desencadeando a euforia no Frans Heesen Stadion. No entanto, aos 90 minutos, J. Kilo selou o jogo para o ADO Den Haag, com uma assist\u00eancia de M. Hokke, garantindo a vit\u00f3ria para os visitantes.<\/p>\n<p>Apesar da derrota, o FC Oss mostrou garra e efic\u00e1cia, aproveitando suas oportunidades apesar de ter menos posse de bola (36%) e menos chutes totais (10) do que seu rival. O ADO Den Haag, por outro lado, foi contundente no ataque e soube aproveitar sua superioridade no jogo. A partida terminou com um total de sete escanteios para o FC Oss, onze para o ADO Den Haag. A equipe da casa cometeu 19 faltas, enquanto a equipe visitante chegou a 23. Nenhuma das duas equipes recebeu cart\u00f5es amarelos ou vermelhos.<\/p>\n<p>Substitui\u00f5es na equipe de fc oss: Aos 61 minutos, J. Zimmerman entrou e M. Erkan saiu., Aos 61 minutos, D. Vianello entrou e K. de Wit saiu., Aos 62 minutos, M. Remans entrou e L. Mol saiu., Aos 77 minutos, S. Doucoure entrou e T. Wildeboer saiu. <\/p>\n<p>Substitui\u00f5es na equipe de ado den haag: Aos 65 minutos, L. Reischl entrou e J. Bal saiu., Aos 65 minutos, C. Peupion entrou e F. de Bruin saiu., Aos 77 minutos, M. Jimenez entrou e N. Thomas saiu., Aos 85 minutos, M. Waem entrou e D. Tomas saiu. <\/p>\n<p>As equipes se alinharam da seguinte forma:<\/p>\n<div class=\"lineups-container\">\n<style>\n                .lineups-container {\n                    display: flex;\n                    justify-content: space-around;\n                    flex-wrap: wrap;\n                }\n                .team-lineup {\n                    width: 49%;\n                    margin-bottom: 20px;\n                    border: 1px solid #ccc;\n                    padding: 5px;\n                }\n                .team-lineup h3 {\n                    text-align: center;\n                    margin-bottom: 10px;\n                }\n                .players-container {\n                    display: flex;\n                    justify-content: space-between;\n                }\n                .players-container div {\n                    width: 100%;\n                }\n                .player {\n                    display: flex;\n                    align-items: center;\n                    margin-bottom: 5px;\n                }\n                .player img {\n                    width: 30px;\n                    height: 30px;\n                    border-radius: 50%;\n                    margin-right: 10px;\n                }\n                    @media (max-width: 600px) {\n                    .team-lineup {\n                        width: 100%;\n                    }\n                }\n                <\/style>\n<div class=\"team-lineup\">\n<h3>FC OSS<\/h3>\n<p><img decoding=\"async\" src=\"https:\/\/media.api-sports.io\/football\/teams\/423.png\" alt=\"FC OSS\" style=\"width: 50px; height: 50px;\"><\/p>\n<div class=\"players-container\">\n<div>\n<h4>Titulares:<\/h4>\n<div class=\"player\"><a href=\"https:\/\/soccer.aidatasports.com\/pt\/players\/Mike-Havekotte-37919\"><img decoding=\"async\" src=\"https:\/\/soccer.aidatasports.com\/images\/players\/37919.png\" alt=\"Mike Havekotte\" onerror=\"this.onerror=null;this.src='https:\/\/soccer.aidatasports.com\/images\/players\/default-player.png';\"><span>Mike Havekotte<\/span><\/a><\/div>\n<div class=\"player\"><a href=\"https:\/\/soccer.aidatasports.com\/pt\/players\/Maurilio-de-Lannoy-389067\"><img decoding=\"async\" src=\"https:\/\/soccer.aidatasports.com\/images\/players\/389067.png\" alt=\"Maurilio de Lannoy\" onerror=\"this.onerror=null;this.src='https:\/\/soccer.aidatasports.com\/images\/players\/default-player.png';\"><span>Maurilio de Lannoy<\/span><\/a><\/div>\n<div class=\"player\"><a href=\"https:\/\/soccer.aidatasports.com\/pt\/players\/Leonel-Miguel-277759\"><img decoding=\"async\" src=\"https:\/\/soccer.aidatasports.com\/images\/players\/277759.png\" alt=\"Leonel Miguel\" onerror=\"this.onerror=null;this.src='https:\/\/soccer.aidatasports.com\/images\/players\/default-player.png';\"><span>Leonel Miguel<\/span><\/a><\/div>\n<div class=\"player\"><a href=\"https:\/\/soccer.aidatasports.com\/pt\/players\/Xander-Lambrix-162462\"><img decoding=\"async\" src=\"https:\/\/soccer.aidatasports.com\/images\/players\/162462.png\" alt=\"Xander Lambrix\" onerror=\"this.onerror=null;this.src='https:\/\/soccer.aidatasports.com\/images\/players\/default-player.png';\"><span>Xander Lambrix<\/span><\/a><\/div>\n<div class=\"player\"><a href=\"https:\/\/soccer.aidatasports.com\/pt\/players\/Julian-Kuijpers-350644\"><img decoding=\"async\" src=\"https:\/\/soccer.aidatasports.com\/images\/players\/350644.png\" alt=\"Julian Kuijpers\" onerror=\"this.onerror=null;this.src='https:\/\/soccer.aidatasports.com\/images\/players\/default-player.png';\"><span>Julian Kuijpers<\/span><\/a><\/div>\n<div class=\"player\"><a href=\"https:\/\/soccer.aidatasports.com\/pt\/players\/Delano-Vianello-93012\"><img decoding=\"async\" src=\"https:\/\/soccer.aidatasports.com\/images\/players\/93012.png\" alt=\"Delano Vianello\" onerror=\"this.onerror=null;this.src='https:\/\/soccer.aidatasports.com\/images\/players\/default-player.png';\"><span>Delano Vianello<\/span><\/a><\/div>\n<div class=\"player\"><a href=\"https:\/\/soccer.aidatasports.com\/pt\/players\/Marcelencio-Esajas-330359\"><img decoding=\"async\" src=\"https:\/\/soccer.aidatasports.com\/images\/players\/330359.png\" alt=\"Marcelencio Esajas\" onerror=\"this.onerror=null;this.src='https:\/\/soccer.aidatasports.com\/images\/players\/default-player.png';\"><span>Marcelencio Esajas<\/span><\/a><\/div>\n<div class=\"player\"><a href=\"https:\/\/soccer.aidatasports.com\/pt\/players\/Joshua-Zimmerman-154868\"><img decoding=\"async\" src=\"https:\/\/soccer.aidatasports.com\/images\/players\/154868.png\" alt=\"Joshua Zimmerman\" onerror=\"this.onerror=null;this.src='https:\/\/soccer.aidatasports.com\/images\/players\/default-player.png';\"><span>Joshua Zimmerman<\/span><\/a><\/div>\n<div class=\"player\"><a href=\"https:\/\/soccer.aidatasports.com\/pt\/players\/Mart-Remans-37082\"><img decoding=\"async\" src=\"https:\/\/soccer.aidatasports.com\/images\/players\/37082.png\" alt=\"Mart Remans\" onerror=\"this.onerror=null;this.src='https:\/\/soccer.aidatasports.com\/images\/players\/default-player.png';\"><span>Mart Remans<\/span><\/a><\/div>\n<div class=\"player\"><a href=\"https:\/\/soccer.aidatasports.com\/pt\/players\/Mauresmo-Hinoke-472308\"><img decoding=\"async\" src=\"https:\/\/soccer.aidatasports.com\/images\/players\/472308.png\" alt=\"Mauresmo Hinoke\" onerror=\"this.onerror=null;this.src='https:\/\/soccer.aidatasports.com\/images\/players\/default-player.png';\"><span>Mauresmo Hinoke<\/span><\/a><\/div>\n<div class=\"player\"><a href=\"https:\/\/soccer.aidatasports.com\/pt\/players\/Sirin\u00e9-Doucour\u00e9-190831\"><img decoding=\"async\" src=\"https:\/\/soccer.aidatasports.com\/images\/players\/190831.png\" alt=\"Sirin\u00e9 Doucour\u00e9\" onerror=\"this.onerror=null;this.src='https:\/\/soccer.aidatasports.com\/images\/players\/default-player.png';\"><span>Sirin\u00e9 Doucour\u00e9<\/span><\/a><\/div>\n<\/div>\n<div>\n<h4>Suplentes:<\/h4>\n<div class=\"player\"><a href=\"https:\/\/soccer.aidatasports.com\/pt\/players\/Kas-de-Wit-378958\"><img decoding=\"async\" src=\"https:\/\/soccer.aidatasports.com\/images\/players\/378958.png\" alt=\"Kas de Wit\" onerror=\"this.onerror=null;this.src='https:\/\/soccer.aidatasports.com\/images\/players\/default-player.png';\"><span>Kas de Wit<\/span><\/a><\/div>\n<div class=\"player\"><a href=\"https:\/\/soccer.aidatasports.com\/pt\/players\/Mert-Erkan-503552\"><img decoding=\"async\" src=\"https:\/\/soccer.aidatasports.com\/images\/players\/503552.png\" alt=\"Mert Erkan\" onerror=\"this.onerror=null;this.src='https:\/\/soccer.aidatasports.com\/images\/players\/default-player.png';\"><span>Mert Erkan<\/span><\/a><\/div>\n<div class=\"player\"><a href=\"https:\/\/soccer.aidatasports.com\/pt\/players\/Lars-Mol-433623\"><img decoding=\"async\" src=\"https:\/\/soccer.aidatasports.com\/images\/players\/433623.png\" alt=\"Lars Mol\" onerror=\"this.onerror=null;this.src='https:\/\/soccer.aidatasports.com\/images\/players\/default-player.png';\"><span>Lars Mol<\/span><\/a><\/div>\n<div class=\"player\"><a href=\"https:\/\/soccer.aidatasports.com\/pt\/players\/Sil-Milder-480307\"><img decoding=\"async\" src=\"https:\/\/soccer.aidatasports.com\/images\/players\/480307.png\" alt=\"Sil Milder\" onerror=\"this.onerror=null;this.src='https:\/\/soccer.aidatasports.com\/images\/players\/default-player.png';\"><span>Sil Milder<\/span><\/a><\/div>\n<div class=\"player\"><a href=\"https:\/\/soccer.aidatasports.com\/pt\/players\/Devin-Remie-322862\"><img decoding=\"async\" src=\"https:\/\/soccer.aidatasports.com\/images\/players\/322862.png\" alt=\"Devin Remie\" onerror=\"this.onerror=null;this.src='https:\/\/soccer.aidatasports.com\/images\/players\/default-player.png';\"><span>Devin Remie<\/span><\/a><\/div>\n<div class=\"player\"><a href=\"https:\/\/soccer.aidatasports.com\/pt\/players\/Maxim-Mariani-403199\"><img decoding=\"async\" src=\"https:\/\/soccer.aidatasports.com\/images\/players\/403199.png\" alt=\"Maxim Mariani\" onerror=\"this.onerror=null;this.src='https:\/\/soccer.aidatasports.com\/images\/players\/default-player.png';\"><span>Maxim Mariani<\/span><\/a><\/div>\n<div class=\"player\"><a href=\"https:\/\/soccer.aidatasports.com\/pt\/players\/Jules-Van-Bost-271872\"><img decoding=\"async\" src=\"https:\/\/soccer.aidatasports.com\/images\/players\/271872.png\" alt=\"Jules Van Bost\" onerror=\"this.onerror=null;this.src='https:\/\/soccer.aidatasports.com\/images\/players\/default-player.png';\"><span>Jules Van Bost<\/span><\/a><\/div>\n<div class=\"player\"><a href=\"https:\/\/soccer.aidatasports.com\/pt\/players\/Jillian-Bernardina-512692\"><img decoding=\"async\" src=\"https:\/\/soccer.aidatasports.com\/images\/players\/512692.png\" alt=\"Jillian Bernardina\" onerror=\"this.onerror=null;this.src='https:\/\/soccer.aidatasports.com\/images\/players\/default-player.png';\"><span>Jillian Bernardina<\/span><\/a><\/div>\n<div class=\"player\"><a href=\"https:\/\/soccer.aidatasports.com\/pt\/players\/Luciano-Slagveer-37311\"><img decoding=\"async\" src=\"https:\/\/soccer.aidatasports.com\/images\/players\/37311.png\" alt=\"Luciano Slagveer\" onerror=\"this.onerror=null;this.src='https:\/\/soccer.aidatasports.com\/images\/players\/default-player.png';\"><span>Luciano Slagveer<\/span><\/a><\/div>\n<div class=\"player\"><a href=\"https:\/\/soccer.aidatasports.com\/pt\/players\/Nico-Pinto-527680\"><img decoding=\"async\" src=\"https:\/\/soccer.aidatasports.com\/images\/players\/527680.png\" alt=\"Nico Pinto\" onerror=\"this.onerror=null;this.src='https:\/\/soccer.aidatasports.com\/images\/players\/default-player.png';\"><span>Nico Pinto<\/span><\/a><\/div>\n<div class=\"player\"><a href=\"https:\/\/soccer.aidatasports.com\/pt\/players\/Tijmen-Wildeboer-272696\"><img decoding=\"async\" src=\"https:\/\/soccer.aidatasports.com\/images\/players\/272696.png\" alt=\"Tijmen Wildeboer\" onerror=\"this.onerror=null;this.src='https:\/\/soccer.aidatasports.com\/images\/players\/default-player.png';\"><span>Tijmen Wildeboer<\/span><\/a><\/div>\n<div class=\"player\"><a href=\"https:\/\/soccer.aidatasports.com\/pt\/players\/Yaid-Marhoum-415246\"><img decoding=\"async\" src=\"https:\/\/soccer.aidatasports.com\/images\/players\/415246.png\" alt=\"Yaid Marhoum\" onerror=\"this.onerror=null;this.src='https:\/\/soccer.aidatasports.com\/images\/players\/default-player.png';\"><span>Yaid Marhoum<\/span><\/a><\/div>\n<\/div>\n<\/div>\n<\/div>\n<div class=\"team-lineup\">\n<h3>ADO Den Haag<\/h3>\n<p><img decoding=\"async\" src=\"https:\/\/media.api-sports.io\/football\/teams\/198.png\" alt=\"ADO Den Haag\" style=\"width: 50px; height: 50px;\"><\/p>\n<div class=\"players-container\">\n<div>\n<h4>Titulares:<\/h4>\n<div class=\"player\"><a href=\"https:\/\/soccer.aidatasports.com\/pt\/players\/Kilian-Niki\u00e8ma-140946\"><img decoding=\"async\" src=\"https:\/\/soccer.aidatasports.com\/images\/players\/140946.png\" alt=\"Kilian Niki\u00e8ma\" onerror=\"this.onerror=null;this.src='https:\/\/soccer.aidatasports.com\/images\/players\/default-player.png';\"><span>Kilian Niki\u00e8ma<\/span><\/a><\/div>\n<div class=\"player\"><a href=\"https:\/\/soccer.aidatasports.com\/pt\/players\/Steven-Van-Der-Sloot-161882\"><img decoding=\"async\" src=\"https:\/\/soccer.aidatasports.com\/images\/players\/161882.png\" alt=\"Steven Van Der Sloot\" onerror=\"this.onerror=null;this.src='https:\/\/soccer.aidatasports.com\/images\/players\/default-player.png';\"><span>Steven Van Der Sloot<\/span><\/a><\/div>\n<div class=\"player\"><a href=\"https:\/\/soccer.aidatasports.com\/pt\/players\/Milan-Hokke-361886\"><img decoding=\"async\" src=\"https:\/\/soccer.aidatasports.com\/images\/players\/361886.png\" alt=\"Milan Hokke\" onerror=\"this.onerror=null;this.src='https:\/\/soccer.aidatasports.com\/images\/players\/default-player.png';\"><span>Milan Hokke<\/span><\/a><\/div>\n<div class=\"player\"><a href=\"https:\/\/soccer.aidatasports.com\/pt\/players\/Matteo-Waem-275581\"><img decoding=\"async\" src=\"https:\/\/soccer.aidatasports.com\/images\/players\/275581.png\" alt=\"Matteo Waem\" onerror=\"this.onerror=null;this.src='https:\/\/soccer.aidatasports.com\/images\/players\/default-player.png';\"><span>Matteo Waem<\/span><\/a><\/div>\n<div class=\"player\"><a href=\"https:\/\/soccer.aidatasports.com\/pt\/players\/Sekou-Sylla-37960\"><img decoding=\"async\" src=\"https:\/\/soccer.aidatasports.com\/images\/players\/37960.png\" alt=\"Sekou Sylla\" onerror=\"this.onerror=null;this.src='https:\/\/soccer.aidatasports.com\/images\/players\/default-player.png';\"><span>Sekou Sylla<\/span><\/a><\/div>\n<div class=\"player\"><a href=\"https:\/\/soccer.aidatasports.com\/pt\/players\/Juho-Kilo-202529\"><img decoding=\"async\" src=\"https:\/\/soccer.aidatasports.com\/images\/players\/202529.png\" alt=\"Juho Kilo\" onerror=\"this.onerror=null;this.src='https:\/\/soccer.aidatasports.com\/images\/players\/default-player.png';\"><span>Juho Kilo<\/span><\/a><\/div>\n<div class=\"player\"><a href=\"https:\/\/soccer.aidatasports.com\/pt\/players\/Mylian-Jimenez-309764\"><img decoding=\"async\" src=\"https:\/\/soccer.aidatasports.com\/images\/players\/309764.png\" alt=\"Mylian Jimenez\" onerror=\"this.onerror=null;this.src='https:\/\/soccer.aidatasports.com\/images\/players\/default-player.png';\"><span>Mylian Jimenez<\/span><\/a><\/div>\n<div class=\"player\"><a href=\"https:\/\/soccer.aidatasports.com\/pt\/players\/Daryl-van-Mieghem-37245\"><img decoding=\"async\" src=\"https:\/\/soccer.aidatasports.com\/images\/players\/37245.png\" alt=\"Daryl van Mieghem\" onerror=\"this.onerror=null;this.src='https:\/\/soccer.aidatasports.com\/images\/players\/default-player.png';\"><span>Daryl van Mieghem<\/span><\/a><\/div>\n<div class=\"player\"><a href=\"https:\/\/soccer.aidatasports.com\/pt\/players\/Evan-Rottier-277753\"><img decoding=\"async\" src=\"https:\/\/soccer.aidatasports.com\/images\/players\/277753.png\" alt=\"Evan Rottier\" onerror=\"this.onerror=null;this.src='https:\/\/soccer.aidatasports.com\/images\/players\/default-player.png';\"><span>Evan Rottier<\/span><\/a><\/div>\n<div class=\"player\"><a href=\"https:\/\/soccer.aidatasports.com\/pt\/players\/Cameron-Peupion-216809\"><img decoding=\"async\" src=\"https:\/\/soccer.aidatasports.com\/images\/players\/216809.png\" alt=\"Cameron Peupion\" onerror=\"this.onerror=null;this.src='https:\/\/soccer.aidatasports.com\/images\/players\/default-player.png';\"><span>Cameron Peupion<\/span><\/a><\/div>\n<div class=\"player\"><a href=\"https:\/\/soccer.aidatasports.com\/pt\/players\/Luka-Reischl-271562\"><img decoding=\"async\" src=\"https:\/\/soccer.aidatasports.com\/images\/players\/271562.png\" alt=\"Luka Reischl\" onerror=\"this.onerror=null;this.src='https:\/\/soccer.aidatasports.com\/images\/players\/default-player.png';\"><span>Luka Reischl<\/span><\/a><\/div>\n<\/div>\n<div>\n<h4>Suplentes:<\/h4>\n<div class=\"player\"><a href=\"https:\/\/soccer.aidatasports.com\/pt\/players\/Finn-de-Bruin-452643\"><img decoding=\"async\" src=\"https:\/\/soccer.aidatasports.com\/images\/players\/452643.png\" alt=\"Finn de Bruin\" onerror=\"this.onerror=null;this.src='https:\/\/soccer.aidatasports.com\/images\/players\/default-player.png';\"><span>Finn de Bruin<\/span><\/a><\/div>\n<div class=\"player\"><a href=\"https:\/\/soccer.aidatasports.com\/pt\/players\/Jesse-Bal-412880\"><img decoding=\"async\" src=\"https:\/\/soccer.aidatasports.com\/images\/players\/412880.png\" alt=\"Jesse Bal\" onerror=\"this.onerror=null;this.src='https:\/\/soccer.aidatasports.com\/images\/players\/default-player.png';\"><span>Jesse Bal<\/span><\/a><\/div>\n<div class=\"player\"><a href=\"https:\/\/soccer.aidatasports.com\/pt\/players\/Sem-Eekhout-452387\"><img decoding=\"async\" src=\"https:\/\/soccer.aidatasports.com\/images\/players\/452387.png\" alt=\"Sem Eekhout\" onerror=\"this.onerror=null;this.src='https:\/\/soccer.aidatasports.com\/images\/players\/default-player.png';\"><span>Sem Eekhout<\/span><\/a><\/div>\n<div class=\"player\"><a href=\"https:\/\/soccer.aidatasports.com\/pt\/players\/Antoine-Lejoly-8889\"><img decoding=\"async\" src=\"https:\/\/soccer.aidatasports.com\/images\/players\/8889.png\" alt=\"Antoine Lejoly\" onerror=\"this.onerror=null;this.src='https:\/\/soccer.aidatasports.com\/images\/players\/default-player.png';\"><span>Antoine Lejoly<\/span><\/a><\/div>\n<div class=\"player\"><a href=\"https:\/\/soccer.aidatasports.com\/pt\/players\/Diogo-Tomas-55311\"><img decoding=\"async\" src=\"https:\/\/soccer.aidatasports.com\/images\/players\/55311.png\" alt=\"Diogo Tomas\" onerror=\"this.onerror=null;this.src='https:\/\/soccer.aidatasports.com\/images\/players\/default-player.png';\"><span>Diogo Tomas<\/span><\/a><\/div>\n<div class=\"player\"><a href=\"https:\/\/soccer.aidatasports.com\/pt\/players\/Mees-Kreekels-163184\"><img decoding=\"async\" src=\"https:\/\/soccer.aidatasports.com\/images\/players\/163184.png\" alt=\"Mees Kreekels\" onerror=\"this.onerror=null;this.src='https:\/\/soccer.aidatasports.com\/images\/players\/default-player.png';\"><span>Mees Kreekels<\/span><\/a><\/div>\n<div class=\"player\"><a href=\"https:\/\/soccer.aidatasports.com\/pt\/players\/Joey-Brandt-503095\"><img decoding=\"async\" src=\"https:\/\/soccer.aidatasports.com\/images\/players\/503095.png\" alt=\"Joey Brandt\" onerror=\"this.onerror=null;this.src='https:\/\/soccer.aidatasports.com\/images\/players\/default-player.png';\"><span>Joey Brandt<\/span><\/a><\/div>\n<div class=\"player\"><a href=\"https:\/\/soccer.aidatasports.com\/pt\/players\/Nigel-Thomas-38730\"><img decoding=\"async\" src=\"https:\/\/soccer.aidatasports.com\/images\/players\/38730.png\" alt=\"Nigel Thomas\" onerror=\"this.onerror=null;this.src='https:\/\/soccer.aidatasports.com\/images\/players\/default-player.png';\"><span>Nigel Thomas<\/span><\/a><\/div>\n<div class=\"player\"><a href=\"https:\/\/soccer.aidatasports.com\/pt\/players\/Ruben-Silva-Richards-367874\"><img decoding=\"async\" src=\"https:\/\/soccer.aidatasports.com\/images\/players\/367874.png\" alt=\"Ruben Silva-Richards\" onerror=\"this.onerror=null;this.src='https:\/\/soccer.aidatasports.com\/images\/players\/default-player.png';\"><span>Ruben Silva-Richards<\/span><\/a><\/div>\n<div class=\"player\"><a href=\"https:\/\/soccer.aidatasports.com\/pt\/players\/Devyn-Payne-467907\"><img decoding=\"async\" src=\"https:\/\/soccer.aidatasports.com\/images\/players\/467907.png\" alt=\"Devyn Payne\" onerror=\"this.onerror=null;this.src='https:\/\/soccer.aidatasports.com\/images\/players\/default-player.png';\"><span>Devyn Payne<\/span><\/a><\/div>\n<div class=\"player\"><a href=\"https:\/\/soccer.aidatasports.com\/pt\/players\/Sanyika-Bergtop-528349\"><img decoding=\"async\" src=\"https:\/\/soccer.aidatasports.com\/images\/players\/528349.png\" alt=\"Sanyika Bergtop\" onerror=\"this.onerror=null;this.src='https:\/\/soccer.aidatasports.com\/images\/players\/default-player.png';\"><span>Sanyika Bergtop<\/span><\/a><\/div>\n<\/div>\n<\/div>\n<\/div>\n<\/div>\n<div id=\"wg-api-football-game\"\n                    data-host=\"xxxxx\"\n                    data-key=\"xxxx\"\n                    data-id=\"1382111\"\n                    data-theme=\"\"\n                    data-refresh=\"15\"\n                    data-show-errors=\"false\"\n                    data-show-logos=\"true\"><br \/>\n                    class=&#8221;wg_loader&#8221;>\n                <\/div>\n<div id=\"wg-api-football-standings\"\n                    data-host=\"xxxx\"\n                    data-key=\"ddddd\"\n                    data-league=\"89\"\n                    data-team=\"\"\n                    data-season=\"2025\"\n                    data-theme=\"\"\n                    data-show-errors=\"false\"\n                    data-show-logos=\"true\"\n                    class=\"wg_loader\">\n                <\/div>\n<p>                <script\n                    type=\"module\"\n                    src=\"https:\/\/soccer.aidatasports.com\/wp-content\/customjs\/widgetslocal.js\">\n                <\/script><\/p>\n","protected":false},"excerpt":{"rendered":"<p>Portugu\u00eas Partida cheia de gols em Oss termina com vit\u00f3ria para ADO Den Haag Oss,&hellip;<\/p>\n","protected":false},"author":1,"featured_media":116076,"comment_status":"open","ping_status":"open","sticky":false,"template":"","format":"standard","meta":{"content-type":"","pmpro_default_level":"","_lmt_disableupdate":"","_lmt_disable":"","_league":15837,"_fixture":1382111,"penci_pfeatured_image_ratio":"","penci_single_style":"","footnotes":""},"categories":[15837],"tags":[321,537],"class_list":["post-116077","post","type-post","status-publish","format-standard","has-post-thumbnail","hentry","category-matches","tag-ado-den-haag-netherlands-198","tag-fc-oss-netherlands-423","pmpro-has-access"],"_links":{"self":[{"href":"https:\/\/soccer.aidatasports.com\/pt\/wp-json\/wp\/v2\/posts\/116077"}],"collection":[{"href":"https:\/\/soccer.aidatasports.com\/pt\/wp-json\/wp\/v2\/posts"}],"about":[{"href":"https:\/\/soccer.aidatasports.com\/pt\/wp-json\/wp\/v2\/types\/post"}],"author":[{"embeddable":true,"href":"https:\/\/soccer.aidatasports.com\/pt\/wp-json\/wp\/v2\/users\/1"}],"replies":[{"embeddable":true,"href":"https:\/\/soccer.aidatasports.com\/pt\/wp-json\/wp\/v2\/comments?post=116077"}],"version-history":[{"count":0,"href":"https:\/\/soccer.aidatasports.com\/pt\/wp-json\/wp\/v2\/posts\/116077\/revisions"}],"wp:featuredmedia":[{"embeddable":true,"href":"https:\/\/soccer.aidatasports.com\/pt\/wp-json\/wp\/v2\/media\/116076"}],"wp:attachment":[{"href":"https:\/\/soccer.aidatasports.com\/pt\/wp-json\/wp\/v2\/media?parent=116077"}],"wp:term":[{"taxonomy":"category","embeddable":true,"href":"https:\/\/soccer.aidatasports.com\/pt\/wp-json\/wp\/v2\/categories?post=116077"},{"taxonomy":"post_tag","embeddable":true,"href":"https:\/\/soccer.aidatasports.com\/pt\/wp-json\/wp\/v2\/tags?post=116077"}],"curies":[{"name":"wp","href":"https:\/\/api.w.org\/{rel}","templated":true}]}}