{"id":106709,"date":"2025-10-30T01:20:48","date_gmt":"2025-10-30T01:20:48","guid":{"rendered":"https:\/\/soccer.aidatasports.com\/pt\/uncategorized\/junior-vs-santa-fe-oct-29-2025-2310-utc\/"},"modified":"2025-10-30T01:20:48","modified_gmt":"2025-10-30T01:20:48","slug":"junior-vs-santa-fe-oct-29-2025-2310-utc","status":"publish","type":"post","link":"https:\/\/soccer.aidatasports.com\/pt\/matches\/junior-vs-santa-fe-oct-29-2025-2310-utc\/","title":{"rendered":"Junior vs Santa Fe Oct 29 2025 23:10 UTC"},"content":{"rendered":"<p><strong>Portugu\u00eas:<\/strong><\/p>\n<p><strong>Santa Fe surpreende Junior em Barranquilla com vit\u00f3ria tardia<\/strong><\/p>\n<p>Barranquilla, Col\u00f4mbia &#8211; Em um emocionante confronto realizado no Est\u00e1dio Metropolitano Roberto Mel\u00e9ndez, o Santa Fe surpreendeu o Junior com uma vit\u00f3ria por 2 a 1 na 18\u00aa rodada do Clausura da Primera A. A partida, apitada por Diego Ulloa Angulo, foi cheia de intensidade e momentos chave.<\/p>\n<p>O Junior abriu o placar logo aos 8 minutos com um gol de Y. Chara, ap\u00f3s um in\u00edcio de jogo com um ritmo alto. No entanto, a alegria da equipe da casa foi de curta dura\u00e7\u00e3o quando, aos 28 minutos, um gol de E. Olivera para o Santa Fe foi anulado por impedimento ap\u00f3s revis\u00e3o do VAR. O primeiro tempo terminou com a equipe de Barranquilla mantendo uma vantagem m\u00ednima.<\/p>\n<p>O segundo tempo viu um Santa Fe mais agressivo. H. Rodallega empatou aos 73 minutos com um gol que acendeu a esperan\u00e7a para a equipe visitante. A posse de bola foi ligeiramente a favor do Santa Fe com 52%, refletindo sua inten\u00e7\u00e3o de buscar a vit\u00f3ria. O momento decisivo ocorreu aos 90 minutos, quando H. Mosquera, assistido por Rodallega, marcou o gol da vit\u00f3ria para o Santa Fe, provocando euforia no banco de reservas visitante.<\/p>\n<p>A partida n\u00e3o ficou isenta de cart\u00f5es amarelos, com H. Mosquera e C. Mafla advertidos pelo Santa Fe, e C. Esparragoza e J. Enamorado pelo Junior. O Junior dominou em chutes totais com 23 (8 no alvo), enquanto o Santa Fe foi mais eficiente com 14 chutes totais (6 no alvo). Apesar de ter menos posse de bola (48%), o Junior tentou gerar perigo com 6 escanteios, um a menos que o Santa Fe.<\/p>\n<p>A vit\u00f3ria permite que o Santa Fe suba na tabela, enquanto o Junior ter\u00e1 que analisar o que aconteceu para recuperar o rumo nas pr\u00f3ximas rodadas.<\/p>\n<p>Substitui\u00f5es na equipe de junior: Aos 62 minutos, C. Esparragoza entrou e H. Rivera saiu., Aos 68 minutos, Y. Chara entrou e Titi saiu., Aos 68 minutos, G. Paiva entrou e T. Gutierrez saiu., Aos 81 minutos, J. Enamorado entrou e S. Acuna saiu., Aos 82 minutos, J. Guerrero entrou e E. Herrera saiu. <\/p>\n<p>Substitui\u00f5es na equipe de santa fe: Aos 65 minutos, J. Melendez entrou e I. R. Scarpeta Silgado saiu., Aos 75 minutos, C. Mafla entrou e J. Ramos saiu., Aos 80 minutos, A. Zapata entrou e A. Rodriguez saiu., Aos 80 minutos, D. Torres entrou e M. Meli saiu. <\/p>\n<p>As equipes se alinharam da seguinte forma:<\/p>\n<div class=\"lineups-container\">\n<style>\n                .lineups-container {\n                    display: flex;\n                    justify-content: space-around;\n                    flex-wrap: wrap;\n                }\n                .team-lineup {\n                    width: 49%;\n                    margin-bottom: 20px;\n                    border: 1px solid #ccc;\n                    padding: 5px;\n                }\n                .team-lineup h3 {\n                    text-align: center;\n                    margin-bottom: 10px;\n                }\n                .players-container {\n                    display: flex;\n                    justify-content: space-between;\n                }\n                .players-container div {\n                    width: 100%;\n                }\n                .player {\n                    display: flex;\n                    align-items: center;\n                    margin-bottom: 5px;\n                }\n                .player img {\n                    width: 30px;\n                    height: 30px;\n                    border-radius: 50%;\n                    margin-right: 10px;\n                }\n                    @media (max-width: 600px) {\n                    .team-lineup {\n                        width: 100%;\n                    }\n                }\n                <\/style>\n<div class=\"team-lineup\">\n<h3>Junior<\/h3>\n<p><img decoding=\"async\" src=\"https:\/\/media.api-sports.io\/football\/teams\/1135.png\" alt=\"Junior\" style=\"width: 50px; height: 50px;\"><\/p>\n<div class=\"players-container\">\n<div>\n<h4>Titulares:<\/h4>\n<div class=\"player\"><a href=\"https:\/\/soccer.aidatasports.com\/pt\/players\/Mauro-Silveira-51764\"><img decoding=\"async\" src=\"https:\/\/soccer.aidatasports.com\/images\/players\/51764.png\" alt=\"Mauro Silveira\" onerror=\"this.onerror=null;this.src='https:\/\/soccer.aidatasports.com\/images\/players\/default-player.png';\"><span>Mauro Silveira<\/span><\/a><\/div>\n<div class=\"player\"><a href=\"https:\/\/soccer.aidatasports.com\/pt\/players\/Jhonier-Guerrero-353428\"><img decoding=\"async\" src=\"https:\/\/soccer.aidatasports.com\/images\/players\/353428.png\" alt=\"Jhonier Guerrero\" onerror=\"this.onerror=null;this.src='https:\/\/soccer.aidatasports.com\/images\/players\/default-player.png';\"><span>Jhonier Guerrero<\/span><\/a><\/div>\n<div class=\"player\"><a href=\"https:\/\/soccer.aidatasports.com\/pt\/players\/Javier-B\u00e1ez-36159\"><img decoding=\"async\" src=\"https:\/\/soccer.aidatasports.com\/images\/players\/36159.png\" alt=\"Javier B\u00e1ez\" onerror=\"this.onerror=null;this.src='https:\/\/soccer.aidatasports.com\/images\/players\/default-player.png';\"><span>Javier B\u00e1ez<\/span><\/a><\/div>\n<div class=\"player\"><a href=\"https:\/\/soccer.aidatasports.com\/pt\/players\/Jos\u00e9-Cuen\u00fa-59692\"><img decoding=\"async\" src=\"https:\/\/soccer.aidatasports.com\/images\/players\/59692.png\" alt=\"Jos\u00e9 Cuen\u00fa\" onerror=\"this.onerror=null;this.src='https:\/\/soccer.aidatasports.com\/images\/players\/default-player.png';\"><span>Jos\u00e9 Cuen\u00fa<\/span><\/a><\/div>\n<div class=\"player\"><a href=\"https:\/\/soccer.aidatasports.com\/pt\/players\/Jeison-Su\u00e1rez-59441\"><img decoding=\"async\" src=\"https:\/\/soccer.aidatasports.com\/images\/players\/59441.png\" alt=\"Jeison Su\u00e1rez\" onerror=\"this.onerror=null;this.src='https:\/\/soccer.aidatasports.com\/images\/players\/default-player.png';\"><span>Jeison Su\u00e1rez<\/span><\/a><\/div>\n<div class=\"player\"><a href=\"https:\/\/soccer.aidatasports.com\/pt\/players\/Didier-Moreno-46804\"><img decoding=\"async\" src=\"https:\/\/soccer.aidatasports.com\/images\/players\/46804.png\" alt=\"Didier Moreno\" onerror=\"this.onerror=null;this.src='https:\/\/soccer.aidatasports.com\/images\/players\/default-player.png';\"><span>Didier Moreno<\/span><\/a><\/div>\n<div class=\"player\"><a href=\"https:\/\/soccer.aidatasports.com\/pt\/players\/Carlos-Esparragoza-59406\"><img decoding=\"async\" src=\"https:\/\/soccer.aidatasports.com\/images\/players\/59406.png\" alt=\"Carlos Esparragoza\" onerror=\"this.onerror=null;this.src='https:\/\/soccer.aidatasports.com\/images\/players\/default-player.png';\"><span>Carlos Esparragoza<\/span><\/a><\/div>\n<div class=\"player\"><a href=\"https:\/\/soccer.aidatasports.com\/pt\/players\/Yimmi-Char\u00e1-2492\"><img decoding=\"async\" src=\"https:\/\/soccer.aidatasports.com\/images\/players\/2492.png\" alt=\"Yimmi Char\u00e1\" onerror=\"this.onerror=null;this.src='https:\/\/soccer.aidatasports.com\/images\/players\/default-player.png';\"><span>Yimmi Char\u00e1<\/span><\/a><\/div>\n<div class=\"player\"><a href=\"https:\/\/soccer.aidatasports.com\/pt\/players\/Jos\u00e9-Enamorado-13616\"><img decoding=\"async\" src=\"https:\/\/soccer.aidatasports.com\/images\/players\/13616.png\" alt=\"Jos\u00e9 Enamorado\" onerror=\"this.onerror=null;this.src='https:\/\/soccer.aidatasports.com\/images\/players\/default-player.png';\"><span>Jos\u00e9 Enamorado<\/span><\/a><\/div>\n<div class=\"player\"><a href=\"https:\/\/soccer.aidatasports.com\/pt\/players\/Guillermo-Paiva-53128\"><img decoding=\"async\" src=\"https:\/\/soccer.aidatasports.com\/images\/players\/53128.png\" alt=\"Guillermo Paiva\" onerror=\"this.onerror=null;this.src='https:\/\/soccer.aidatasports.com\/images\/players\/default-player.png';\"><span>Guillermo Paiva<\/span><\/a><\/div>\n<div class=\"player\"><a href=\"https:\/\/soccer.aidatasports.com\/pt\/players\/Bryan-Castrill\u00f3n-13524\"><img decoding=\"async\" src=\"https:\/\/soccer.aidatasports.com\/images\/players\/13524.png\" alt=\"Bryan Castrill\u00f3n\" onerror=\"this.onerror=null;this.src='https:\/\/soccer.aidatasports.com\/images\/players\/default-player.png';\"><span>Bryan Castrill\u00f3n<\/span><\/a><\/div>\n<\/div>\n<div>\n<h4>Suplentes:<\/h4>\n<div class=\"player\"><a href=\"https:\/\/soccer.aidatasports.com\/pt\/players\/Harold-Rivera-13153\"><img decoding=\"async\" src=\"https:\/\/soccer.aidatasports.com\/images\/players\/13153.png\" alt=\"Harold Rivera\" onerror=\"this.onerror=null;this.src='https:\/\/soccer.aidatasports.com\/images\/players\/default-player.png';\"><span>Harold Rivera<\/span><\/a><\/div>\n<div class=\"player\"><a href=\"https:\/\/soccer.aidatasports.com\/pt\/players\/Steven-Rodr\u00edguez-13530\"><img decoding=\"async\" src=\"https:\/\/soccer.aidatasports.com\/images\/players\/13530.png\" alt=\"Steven Rodr\u00edguez\" onerror=\"this.onerror=null;this.src='https:\/\/soccer.aidatasports.com\/images\/players\/default-player.png';\"><span>Steven Rodr\u00edguez<\/span><\/a><\/div>\n<div class=\"player\"><a href=\"https:\/\/soccer.aidatasports.com\/pt\/players\/Te\u00f3filo-Guti\u00e9rrez-13592\"><img decoding=\"async\" src=\"https:\/\/soccer.aidatasports.com\/images\/players\/13592.png\" alt=\"Te\u00f3filo Guti\u00e9rrez\" onerror=\"this.onerror=null;this.src='https:\/\/soccer.aidatasports.com\/images\/players\/default-player.png';\"><span>Te\u00f3filo Guti\u00e9rrez<\/span><\/a><\/div>\n<div class=\"player\"><a href=\"https:\/\/soccer.aidatasports.com\/pt\/players\/Stiwart-Acu\u00f1a-59417\"><img decoding=\"async\" src=\"https:\/\/soccer.aidatasports.com\/images\/players\/59417.png\" alt=\"Stiwart Acu\u00f1a\" onerror=\"this.onerror=null;this.src='https:\/\/soccer.aidatasports.com\/images\/players\/default-player.png';\"><span>Stiwart Acu\u00f1a<\/span><\/a><\/div>\n<div class=\"player\"><a href=\"https:\/\/soccer.aidatasports.com\/pt\/players\/Edwin-Herrera-13787\"><img decoding=\"async\" src=\"https:\/\/soccer.aidatasports.com\/images\/players\/13787.png\" alt=\"Edwin Herrera\" onerror=\"this.onerror=null;this.src='https:\/\/soccer.aidatasports.com\/images\/players\/default-player.png';\"><span>Edwin Herrera<\/span><\/a><\/div>\n<div class=\"player\"><a href=\"https:\/\/soccer.aidatasports.com\/pt\/players\/Jefersson-Mart\u00ednez-13457\"><img decoding=\"async\" src=\"https:\/\/soccer.aidatasports.com\/images\/players\/13457.png\" alt=\"Jefersson Mart\u00ednez\" onerror=\"this.onerror=null;this.src='https:\/\/soccer.aidatasports.com\/images\/players\/default-player.png';\"><span>Jefersson Mart\u00ednez<\/span><\/a><\/div>\n<div class=\"player\"><a href=\"https:\/\/soccer.aidatasports.com\/pt\/players\/Daniel-Rivera-59634\"><img decoding=\"async\" src=\"https:\/\/soccer.aidatasports.com\/images\/players\/59634.png\" alt=\"Daniel Rivera\" onerror=\"this.onerror=null;this.src='https:\/\/soccer.aidatasports.com\/images\/players\/default-player.png';\"><span>Daniel Rivera<\/span><\/a><\/div>\n<\/div>\n<\/div>\n<\/div>\n<div class=\"team-lineup\">\n<h3>Santa Fe<\/h3>\n<p><img decoding=\"async\" src=\"https:\/\/media.api-sports.io\/football\/teams\/1139.png\" alt=\"Santa Fe\" style=\"width: 50px; height: 50px;\"><\/p>\n<div class=\"players-container\">\n<div>\n<h4>Titulares:<\/h4>\n<div class=\"player\"><a href=\"https:\/\/soccer.aidatasports.com\/pt\/players\/Andr\u00e9s-Mosquera-13496\"><img decoding=\"async\" src=\"https:\/\/soccer.aidatasports.com\/images\/players\/13496.png\" alt=\"Andr\u00e9s Mosquera\" onerror=\"this.onerror=null;this.src='https:\/\/soccer.aidatasports.com\/images\/players\/default-player.png';\"><span>Andr\u00e9s Mosquera<\/span><\/a><\/div>\n<div class=\"player\"><a href=\"https:\/\/soccer.aidatasports.com\/pt\/players\/Jhon-Mel\u00e9ndez-59617\"><img decoding=\"async\" src=\"https:\/\/soccer.aidatasports.com\/images\/players\/59617.png\" alt=\"Jhon Mel\u00e9ndez\" onerror=\"this.onerror=null;this.src='https:\/\/soccer.aidatasports.com\/images\/players\/default-player.png';\"><span>Jhon Mel\u00e9ndez<\/span><\/a><\/div>\n<div class=\"player\"><a href=\"https:\/\/soccer.aidatasports.com\/pt\/players\/Emanuel-Olivera-6639\"><img decoding=\"async\" src=\"https:\/\/soccer.aidatasports.com\/images\/players\/6639.png\" alt=\"Emanuel Olivera\" onerror=\"this.onerror=null;this.src='https:\/\/soccer.aidatasports.com\/images\/players\/default-player.png';\"><span>Emanuel Olivera<\/span><\/a><\/div>\n<div class=\"player\"><a href=\"https:\/\/soccer.aidatasports.com\/pt\/players\/Victor-Moreno-13258\"><img decoding=\"async\" src=\"https:\/\/soccer.aidatasports.com\/images\/players\/13258.png\" alt=\"Victor Moreno\" onerror=\"this.onerror=null;this.src='https:\/\/soccer.aidatasports.com\/images\/players\/default-player.png';\"><span>Victor Moreno<\/span><\/a><\/div>\n<div class=\"player\"><a href=\"https:\/\/soccer.aidatasports.com\/pt\/players\/Christian-Mafla-13287\"><img decoding=\"async\" src=\"https:\/\/soccer.aidatasports.com\/images\/players\/13287.png\" alt=\"Christian Mafla\" onerror=\"this.onerror=null;this.src='https:\/\/soccer.aidatasports.com\/images\/players\/default-player.png';\"><span>Christian Mafla<\/span><\/a><\/div>\n<div class=\"player\"><a href=\"https:\/\/soccer.aidatasports.com\/pt\/players\/Johan-Torres-379104\"><img decoding=\"async\" src=\"https:\/\/soccer.aidatasports.com\/images\/players\/379104.png\" alt=\"Johan Torres\" onerror=\"this.onerror=null;this.src='https:\/\/soccer.aidatasports.com\/images\/players\/default-player.png';\"><span>Johan Torres<\/span><\/a><\/div>\n<div class=\"player\"><a href=\"https:\/\/soccer.aidatasports.com\/pt\/players\/Daniel-Torres-46720\"><img decoding=\"async\" src=\"https:\/\/soccer.aidatasports.com\/images\/players\/46720.png\" alt=\"Daniel Torres\" onerror=\"this.onerror=null;this.src='https:\/\/soccer.aidatasports.com\/images\/players\/default-player.png';\"><span>Daniel Torres<\/span><\/a><\/div>\n<div class=\"player\"><a href=\"https:\/\/soccer.aidatasports.com\/pt\/players\/Harold-Santiago-Mosquera-51135\"><img decoding=\"async\" src=\"https:\/\/soccer.aidatasports.com\/images\/players\/51135.png\" alt=\"Harold Santiago Mosquera\" onerror=\"this.onerror=null;this.src='https:\/\/soccer.aidatasports.com\/images\/players\/default-player.png';\"><span>Harold Santiago Mosquera<\/span><\/a><\/div>\n<div class=\"player\"><a href=\"https:\/\/soccer.aidatasports.com\/pt\/players\/Alexis-Zapata-13485\"><img decoding=\"async\" src=\"https:\/\/soccer.aidatasports.com\/images\/players\/13485.png\" alt=\"Alexis Zapata\" onerror=\"this.onerror=null;this.src='https:\/\/soccer.aidatasports.com\/images\/players\/default-player.png';\"><span>Alexis Zapata<\/span><\/a><\/div>\n<div class=\"player\"><a href=\"https:\/\/soccer.aidatasports.com\/pt\/players\/Edwar-L\u00f3pez-6417\"><img decoding=\"async\" src=\"https:\/\/soccer.aidatasports.com\/images\/players\/6417.png\" alt=\"Edwar L\u00f3pez\" onerror=\"this.onerror=null;this.src='https:\/\/soccer.aidatasports.com\/images\/players\/default-player.png';\"><span>Edwar L\u00f3pez<\/span><\/a><\/div>\n<div class=\"player\"><a href=\"https:\/\/soccer.aidatasports.com\/pt\/players\/Hugo-Rodallega-49892\"><img decoding=\"async\" src=\"https:\/\/soccer.aidatasports.com\/images\/players\/49892.png\" alt=\"Hugo Rodallega\" onerror=\"this.onerror=null;this.src='https:\/\/soccer.aidatasports.com\/images\/players\/default-player.png';\"><span>Hugo Rodallega<\/span><\/a><\/div>\n<\/div>\n<div>\n<h4>Suplentes:<\/h4>\n<div class=\"player\"><a href=\"https:\/\/soccer.aidatasports.com\/pt\/players\/Ivan-Scarpeta-59416\"><img decoding=\"async\" src=\"https:\/\/soccer.aidatasports.com\/images\/players\/59416.png\" alt=\"Ivan Scarpeta\" onerror=\"this.onerror=null;this.src='https:\/\/soccer.aidatasports.com\/images\/players\/default-player.png';\"><span>Ivan Scarpeta<\/span><\/a><\/div>\n<div class=\"player\"><a href=\"https:\/\/soccer.aidatasports.com\/pt\/players\/Jorge-Ramos-13379\"><img decoding=\"async\" src=\"https:\/\/soccer.aidatasports.com\/images\/players\/13379.png\" alt=\"Jorge Ramos\" onerror=\"this.onerror=null;this.src='https:\/\/soccer.aidatasports.com\/images\/players\/default-player.png';\"><span>Jorge Ramos<\/span><\/a><\/div>\n<div class=\"player\"><a href=\"https:\/\/soccer.aidatasports.com\/pt\/players\/Marcelo-Meli-6583\"><img decoding=\"async\" src=\"https:\/\/soccer.aidatasports.com\/images\/players\/6583.png\" alt=\"Marcelo Meli\" onerror=\"this.onerror=null;this.src='https:\/\/soccer.aidatasports.com\/images\/players\/default-player.png';\"><span>Marcelo Meli<\/span><\/a><\/div>\n<div class=\"player\"><a href=\"https:\/\/soccer.aidatasports.com\/pt\/players\/\u00c1ngelo-Rodr\u00edguez-51165\"><img decoding=\"async\" src=\"https:\/\/soccer.aidatasports.com\/images\/players\/51165.png\" alt=\"\u00c1ngelo Rodr\u00edguez\" onerror=\"this.onerror=null;this.src='https:\/\/soccer.aidatasports.com\/images\/players\/default-player.png';\"><span>\u00c1ngelo Rodr\u00edguez<\/span><\/a><\/div>\n<div class=\"player\"><a href=\"https:\/\/soccer.aidatasports.com\/pt\/players\/Weibmar-Asprilla-13494\"><img decoding=\"async\" src=\"https:\/\/soccer.aidatasports.com\/images\/players\/13494.png\" alt=\"Weibmar Asprilla\" onerror=\"this.onerror=null;this.src='https:\/\/soccer.aidatasports.com\/images\/players\/default-player.png';\"><span>Weibmar Asprilla<\/span><\/a><\/div>\n<div class=\"player\"><a href=\"https:\/\/soccer.aidatasports.com\/pt\/players\/Jeison-Angulo-35902\"><img decoding=\"async\" src=\"https:\/\/soccer.aidatasports.com\/images\/players\/35902.png\" alt=\"Jeison Angulo\" onerror=\"this.onerror=null;this.src='https:\/\/soccer.aidatasports.com\/images\/players\/default-player.png';\"><span>Jeison Angulo<\/span><\/a><\/div>\n<div class=\"player\"><a href=\"https:\/\/soccer.aidatasports.com\/pt\/players\/Tomas-Molina-449018\"><img decoding=\"async\" src=\"https:\/\/soccer.aidatasports.com\/images\/players\/449018.png\" alt=\"Tomas Molina\" onerror=\"this.onerror=null;this.src='https:\/\/soccer.aidatasports.com\/images\/players\/default-player.png';\"><span>Tomas Molina<\/span><\/a><\/div>\n<div class=\"player\"><a href=\"https:\/\/soccer.aidatasports.com\/pt\/players\/Marlon-Balanta-510410\"><img decoding=\"async\" src=\"https:\/\/soccer.aidatasports.com\/images\/players\/510410.png\" alt=\"Marlon Balanta\" onerror=\"this.onerror=null;this.src='https:\/\/soccer.aidatasports.com\/images\/players\/default-player.png';\"><span>Marlon Balanta<\/span><\/a><\/div>\n<\/div>\n<\/div>\n<\/div>\n<\/div>\n<div id=\"wg-api-football-game\"\n                    data-host=\"xxxxx\"\n                    data-key=\"xxxx\"\n                    data-id=\"1392523\"\n                    data-theme=\"\"\n                    data-refresh=\"15\"\n                    data-show-errors=\"false\"\n                    data-show-logos=\"true\"><br \/>\n                    class=&#8221;wg_loader&#8221;>\n                <\/div>\n<div id=\"wg-api-football-standings\"\n                    data-host=\"xxxx\"\n                    data-key=\"ddddd\"\n                    data-league=\"239\"\n                    data-team=\"\"\n                    data-season=\"2025\"\n                    data-theme=\"\"\n                    data-show-errors=\"false\"\n                    data-show-logos=\"true\"\n                    class=\"wg_loader\">\n                <\/div>\n<p>                <script\n                    type=\"module\"\n                    src=\"https:\/\/soccer.aidatasports.com\/wp-content\/customjs\/widgetslocal.js\">\n                <\/script><\/p>\n","protected":false},"excerpt":{"rendered":"<p>Portugu\u00eas: Santa Fe surpreende Junior em Barranquilla com vit\u00f3ria tardia Barranquilla, Col\u00f4mbia &#8211; Em um&hellip;<\/p>\n","protected":false},"author":1,"featured_media":106708,"comment_status":"open","ping_status":"open","sticky":false,"template":"","format":"standard","meta":{"content-type":"","pmpro_default_level":"","_lmt_disableupdate":"","_lmt_disable":"","_league":15837,"_fixture":1392523,"penci_pfeatured_image_ratio":"","penci_single_style":"","footnotes":""},"categories":[15837],"tags":[1151,1155],"class_list":["post-106709","post","type-post","status-publish","format-standard","has-post-thumbnail","hentry","category-matches","tag-junior-colombia-1135","tag-santa-fe-colombia-1139","pmpro-has-access"],"_links":{"self":[{"href":"https:\/\/soccer.aidatasports.com\/pt\/wp-json\/wp\/v2\/posts\/106709"}],"collection":[{"href":"https:\/\/soccer.aidatasports.com\/pt\/wp-json\/wp\/v2\/posts"}],"about":[{"href":"https:\/\/soccer.aidatasports.com\/pt\/wp-json\/wp\/v2\/types\/post"}],"author":[{"embeddable":true,"href":"https:\/\/soccer.aidatasports.com\/pt\/wp-json\/wp\/v2\/users\/1"}],"replies":[{"embeddable":true,"href":"https:\/\/soccer.aidatasports.com\/pt\/wp-json\/wp\/v2\/comments?post=106709"}],"version-history":[{"count":0,"href":"https:\/\/soccer.aidatasports.com\/pt\/wp-json\/wp\/v2\/posts\/106709\/revisions"}],"wp:featuredmedia":[{"embeddable":true,"href":"https:\/\/soccer.aidatasports.com\/pt\/wp-json\/wp\/v2\/media\/106708"}],"wp:attachment":[{"href":"https:\/\/soccer.aidatasports.com\/pt\/wp-json\/wp\/v2\/media?parent=106709"}],"wp:term":[{"taxonomy":"category","embeddable":true,"href":"https:\/\/soccer.aidatasports.com\/pt\/wp-json\/wp\/v2\/categories?post=106709"},{"taxonomy":"post_tag","embeddable":true,"href":"https:\/\/soccer.aidatasports.com\/pt\/wp-json\/wp\/v2\/tags?post=106709"}],"curies":[{"name":"wp","href":"https:\/\/api.w.org\/{rel}","templated":true}]}}