{"id":103893,"date":"2025-10-19T16:06:56","date_gmt":"2025-10-19T16:06:56","guid":{"rendered":"https:\/\/soccer.aidatasports.com\/pt\/uncategorized\/dender-vs-kv-mechelen-oct-19-2025-1400-utc\/"},"modified":"2025-10-19T16:06:56","modified_gmt":"2025-10-19T16:06:56","slug":"dender-vs-kv-mechelen-oct-19-2025-1400-utc","status":"publish","type":"post","link":"https:\/\/soccer.aidatasports.com\/pt\/matches\/dender-vs-kv-mechelen-oct-19-2025-1400-utc\/","title":{"rendered":"Dender vs KV Mechelen Oct 19 2025 14:00 UTC"},"content":{"rendered":"<p><strong>Portugu\u00eas<\/strong><\/p>\n<p><strong>KV Mechelen Garante Vit\u00f3ria em Jogo Emocionante Contra o Dender<\/strong><\/p>\n<p>Denderleeuw, B\u00e9lgica \u2013 Em uma partida disputada no DENDER Football Complex, o KV Mechelen saiu vitorioso contra o Dender em um confronto cheio de a\u00e7\u00e3o. A equipe visitante demonstrou efic\u00e1cia em frente ao gol, aproveitando as oportunidades criadas. M. Konate abriu o placar logo aos 7 minutos, dando ao KV Mechelen uma vantagem inicial. No segundo tempo, M. van Brederode ampliou a vantagem aos 62 minutos. Embora o Dender tenha dominado a posse de bola com 54%, n\u00e3o conseguiu traduzir esse dom\u00ednio em gols at\u00e9 o final da partida. O KV Mechelen, com 46% de posse, foi mais direto e preciso em seus ataques. J\u00e1 nos acr\u00e9scimos, L. Lauberbach selou a vit\u00f3ria para o KV Mechelen aos 90 minutos. No entanto, o Dender n\u00e3o desistiu e B. Nsimba marcou um gol de p\u00eanalti no \u00faltimo minuto, melhorando o resultado final. A partida terminou com um total de 15 chutes para o Dender, dos quais apenas 4 foram no alvo, enquanto o KV Mechelen realizou 11 chutes, com 6 direcionados ao gol.<\/p>\n<p>Substitui\u00f5es na equipe de kv mechelen: Aos 34 minutos, K. Mrabti entrou e D. Salifou saiu., Aos 75 minutos, M. Zekri entrou e B. Antonio saiu., Aos 82 minutos, M. van Brederode entrou e B. Raman saiu., Aos 82 minutos, T. Koudou entrou e G. Diouf saiu. <\/p>\n<p>Substitui\u00f5es na equipe de dender: Aos 59 minutos, M. Sambu entrou e D. Hrncar saiu., Aos 59 minutos, M. Berte entrou e J. A. Kadiri saiu., Aos 71 minutos, L. De Fougerolles entrou e B. Fredrick saiu., Aos 71 minutos, N. Rodes entrou e N. Moutha-Sebtaoui saiu., Aos 83 minutos, K. Cools entrou e R. Oratmangoen saiu. <\/p>\n<p>As equipes se alinharam da seguinte forma:<\/p>\n<div class=\"lineups-container\">\n<style>\n                .lineups-container {\n                    display: flex;\n                    justify-content: space-around;\n                    flex-wrap: wrap;\n                }\n                .team-lineup {\n                    width: 49%;\n                    margin-bottom: 20px;\n                    border: 1px solid #ccc;\n                    padding: 5px;\n                }\n                .team-lineup h3 {\n                    text-align: center;\n                    margin-bottom: 10px;\n                }\n                .players-container {\n                    display: flex;\n                    justify-content: space-between;\n                }\n                .players-container div {\n                    width: 100%;\n                }\n                .player {\n                    display: flex;\n                    align-items: center;\n                    margin-bottom: 5px;\n                }\n                .player img {\n                    width: 30px;\n                    height: 30px;\n                    border-radius: 50%;\n                    margin-right: 10px;\n                }\n                    @media (max-width: 600px) {\n                    .team-lineup {\n                        width: 100%;\n                    }\n                }\n                <\/style>\n<div class=\"team-lineup\">\n<h3>Dender<\/h3>\n<p><img decoding=\"async\" src=\"https:\/\/media.api-sports.io\/football\/teams\/6215.png\" alt=\"Dender\" style=\"width: 50px; height: 50px;\"><\/p>\n<div class=\"players-container\">\n<div>\n<h4>Titulares:<\/h4>\n<div class=\"player\"><a href=\"https:\/\/soccer.aidatasports.com\/pt\/players\/Guillaume-Dietsch-20518\"><img decoding=\"async\" src=\"https:\/\/soccer.aidatasports.com\/images\/players\/20518.png\" alt=\"Guillaume Dietsch\" onerror=\"this.onerror=null;this.src='https:\/\/soccer.aidatasports.com\/images\/players\/default-player.png';\"><span>Guillaume Dietsch<\/span><\/a><\/div>\n<div class=\"player\"><a href=\"https:\/\/soccer.aidatasports.com\/pt\/players\/Junior-Marsoni-Sambu-Mansoni\u200b-131664\"><img decoding=\"async\" src=\"https:\/\/soccer.aidatasports.com\/images\/players\/131664.png\" alt=\"Junior Marsoni Sambu Mansoni\u200b\" onerror=\"this.onerror=null;this.src='https:\/\/soccer.aidatasports.com\/images\/players\/default-player.png';\"><span>Junior Marsoni Sambu Mansoni\u200b<\/span><\/a><\/div>\n<div class=\"player\"><a href=\"https:\/\/soccer.aidatasports.com\/pt\/players\/Luc-Marijnissen-287793\"><img decoding=\"async\" src=\"https:\/\/soccer.aidatasports.com\/images\/players\/287793.png\" alt=\"Luc Marijnissen\" onerror=\"this.onerror=null;this.src='https:\/\/soccer.aidatasports.com\/images\/players\/default-player.png';\"><span>Luc Marijnissen<\/span><\/a><\/div>\n<div class=\"player\"><a href=\"https:\/\/soccer.aidatasports.com\/pt\/players\/Kobe-Cools-134694\"><img decoding=\"async\" src=\"https:\/\/soccer.aidatasports.com\/images\/players\/134694.png\" alt=\"Kobe Cools\" onerror=\"this.onerror=null;this.src='https:\/\/soccer.aidatasports.com\/images\/players\/default-player.png';\"><span>Kobe Cools<\/span><\/a><\/div>\n<div class=\"player\"><a href=\"https:\/\/soccer.aidatasports.com\/pt\/players\/Luc-De-Fougerolles-327738\"><img decoding=\"async\" src=\"https:\/\/soccer.aidatasports.com\/images\/players\/327738.png\" alt=\"Luc De Fougerolles\" onerror=\"this.onerror=null;this.src='https:\/\/soccer.aidatasports.com\/images\/players\/default-player.png';\"><span>Luc De Fougerolles<\/span><\/a><\/div>\n<div class=\"player\"><a href=\"https:\/\/soccer.aidatasports.com\/pt\/players\/Fabio-Ferraro-338230\"><img decoding=\"async\" src=\"https:\/\/soccer.aidatasports.com\/images\/players\/338230.png\" alt=\"Fabio Ferraro\" onerror=\"this.onerror=null;this.src='https:\/\/soccer.aidatasports.com\/images\/players\/default-player.png';\"><span>Fabio Ferraro<\/span><\/a><\/div>\n<div class=\"player\"><a href=\"https:\/\/soccer.aidatasports.com\/pt\/players\/Nathan-Rodes-8569\"><img decoding=\"async\" src=\"https:\/\/soccer.aidatasports.com\/images\/players\/8569.png\" alt=\"Nathan Rodes\" onerror=\"this.onerror=null;this.src='https:\/\/soccer.aidatasports.com\/images\/players\/default-player.png';\"><span>Nathan Rodes<\/span><\/a><\/div>\n<div class=\"player\"><a href=\"https:\/\/soccer.aidatasports.com\/pt\/players\/Noah-Mbamba-298006\"><img decoding=\"async\" src=\"https:\/\/soccer.aidatasports.com\/images\/players\/298006.png\" alt=\"Noah Mbamba\" onerror=\"this.onerror=null;this.src='https:\/\/soccer.aidatasports.com\/images\/players\/default-player.png';\"><span>Noah Mbamba<\/span><\/a><\/div>\n<div class=\"player\"><a href=\"https:\/\/soccer.aidatasports.com\/pt\/players\/Roman-Kvet-66175\"><img decoding=\"async\" src=\"https:\/\/soccer.aidatasports.com\/images\/players\/66175.png\" alt=\"Roman Kvet\" onerror=\"this.onerror=null;this.src='https:\/\/soccer.aidatasports.com\/images\/players\/default-player.png';\"><span>Roman Kvet<\/span><\/a><\/div>\n<div class=\"player\"><a href=\"https:\/\/soccer.aidatasports.com\/pt\/players\/Mohamed-Berte-315025\"><img decoding=\"async\" src=\"https:\/\/soccer.aidatasports.com\/images\/players\/315025.png\" alt=\"Mohamed Berte\" onerror=\"this.onerror=null;this.src='https:\/\/soccer.aidatasports.com\/images\/players\/default-player.png';\"><span>Mohamed Berte<\/span><\/a><\/div>\n<div class=\"player\"><a href=\"https:\/\/soccer.aidatasports.com\/pt\/players\/Bruny-Nsimba-267723\"><img decoding=\"async\" src=\"https:\/\/soccer.aidatasports.com\/images\/players\/267723.png\" alt=\"Bruny Nsimba\" onerror=\"this.onerror=null;this.src='https:\/\/soccer.aidatasports.com\/images\/players\/default-player.png';\"><span>Bruny Nsimba<\/span><\/a><\/div>\n<\/div>\n<div>\n<h4>Suplentes:<\/h4>\n<div class=\"player\"><a href=\"https:\/\/soccer.aidatasports.com\/pt\/players\/David-Hrn\u010d\u00e1r-98855\"><img decoding=\"async\" src=\"https:\/\/soccer.aidatasports.com\/images\/players\/98855.png\" alt=\"David Hrn\u010d\u00e1r\" onerror=\"this.onerror=null;this.src='https:\/\/soccer.aidatasports.com\/images\/players\/default-player.png';\"><span>David Hrn\u010d\u00e1r<\/span><\/a><\/div>\n<div class=\"player\"><a href=\"https:\/\/soccer.aidatasports.com\/pt\/players\/Jordan-Attah-Kadiri-130838\"><img decoding=\"async\" src=\"https:\/\/soccer.aidatasports.com\/images\/players\/130838.png\" alt=\"Jordan Attah Kadiri\" onerror=\"this.onerror=null;this.src='https:\/\/soccer.aidatasports.com\/images\/players\/default-player.png';\"><span>Jordan Attah Kadiri<\/span><\/a><\/div>\n<div class=\"player\"><a href=\"https:\/\/soccer.aidatasports.com\/pt\/players\/Benjamin-Fredrick-408221\"><img decoding=\"async\" src=\"https:\/\/soccer.aidatasports.com\/images\/players\/408221.png\" alt=\"Benjamin Fredrick\" onerror=\"this.onerror=null;this.src='https:\/\/soccer.aidatasports.com\/images\/players\/default-player.png';\"><span>Benjamin Fredrick<\/span><\/a><\/div>\n<div class=\"player\"><a href=\"https:\/\/soccer.aidatasports.com\/pt\/players\/Nail-Moutha-Sebtaoui-415495\"><img decoding=\"async\" src=\"https:\/\/soccer.aidatasports.com\/images\/players\/415495.png\" alt=\"Nail Moutha-Sebtaoui\" onerror=\"this.onerror=null;this.src='https:\/\/soccer.aidatasports.com\/images\/players\/default-player.png';\"><span>Nail Moutha-Sebtaoui<\/span><\/a><\/div>\n<div class=\"player\"><a href=\"https:\/\/soccer.aidatasports.com\/pt\/players\/Ragnar-Oratmangoen-37839\"><img decoding=\"async\" src=\"https:\/\/soccer.aidatasports.com\/images\/players\/37839.png\" alt=\"Ragnar Oratmangoen\" onerror=\"this.onerror=null;this.src='https:\/\/soccer.aidatasports.com\/images\/players\/default-player.png';\"><span>Ragnar Oratmangoen<\/span><\/a><\/div>\n<div class=\"player\"><a href=\"https:\/\/soccer.aidatasports.com\/pt\/players\/Louis-Fortin-267724\"><img decoding=\"async\" src=\"https:\/\/soccer.aidatasports.com\/images\/players\/267724.png\" alt=\"Louis Fortin\" onerror=\"this.onerror=null;this.src='https:\/\/soccer.aidatasports.com\/images\/players\/default-player.png';\"><span>Louis Fortin<\/span><\/a><\/div>\n<div class=\"player\"><a href=\"https:\/\/soccer.aidatasports.com\/pt\/players\/Bryan-Goncalves-87037\"><img decoding=\"async\" src=\"https:\/\/soccer.aidatasports.com\/images\/players\/87037.png\" alt=\"Bryan Goncalves\" onerror=\"this.onerror=null;this.src='https:\/\/soccer.aidatasports.com\/images\/players\/default-player.png';\"><span>Bryan Goncalves<\/span><\/a><\/div>\n<div class=\"player\"><a href=\"https:\/\/soccer.aidatasports.com\/pt\/players\/Krzysztof-Koton-375157\"><img decoding=\"async\" src=\"https:\/\/soccer.aidatasports.com\/images\/players\/375157.png\" alt=\"Krzysztof Koton\" onerror=\"this.onerror=null;this.src='https:\/\/soccer.aidatasports.com\/images\/players\/default-player.png';\"><span>Krzysztof Koton<\/span><\/a><\/div>\n<div class=\"player\"><a href=\"https:\/\/soccer.aidatasports.com\/pt\/players\/Desmond-Acquah-373826\"><img decoding=\"async\" src=\"https:\/\/soccer.aidatasports.com\/images\/players\/373826.png\" alt=\"Desmond Acquah\" onerror=\"this.onerror=null;this.src='https:\/\/soccer.aidatasports.com\/images\/players\/default-player.png';\"><span>Desmond Acquah<\/span><\/a><\/div>\n<\/div>\n<\/div>\n<\/div>\n<div class=\"team-lineup\">\n<h3>KV Mechelen<\/h3>\n<p><img decoding=\"async\" src=\"https:\/\/media.api-sports.io\/football\/teams\/266.png\" alt=\"KV Mechelen\" style=\"width: 50px; height: 50px;\"><\/p>\n<div class=\"players-container\">\n<div>\n<h4>Titulares:<\/h4>\n<div class=\"player\"><a href=\"https:\/\/soccer.aidatasports.com\/pt\/players\/Nacho-Miras-182825\"><img decoding=\"async\" src=\"https:\/\/soccer.aidatasports.com\/images\/players\/182825.png\" alt=\"Nacho Miras\" onerror=\"this.onerror=null;this.src='https:\/\/soccer.aidatasports.com\/images\/players\/default-player.png';\"><span>Nacho Miras<\/span><\/a><\/div>\n<div class=\"player\"><a href=\"https:\/\/soccer.aidatasports.com\/pt\/players\/Redouane-Halhal-326183\"><img decoding=\"async\" src=\"https:\/\/soccer.aidatasports.com\/images\/players\/326183.png\" alt=\"Redouane Halhal\" onerror=\"this.onerror=null;this.src='https:\/\/soccer.aidatasports.com\/images\/players\/default-player.png';\"><span>Redouane Halhal<\/span><\/a><\/div>\n<div class=\"player\"><a href=\"https:\/\/soccer.aidatasports.com\/pt\/players\/Mory-Konate-90956\"><img decoding=\"async\" src=\"https:\/\/soccer.aidatasports.com\/images\/players\/90956.png\" alt=\"Mory Konate\" onerror=\"this.onerror=null;this.src='https:\/\/soccer.aidatasports.com\/images\/players\/default-player.png';\"><span>Mory Konate<\/span><\/a><\/div>\n<div class=\"player\"><a href=\"https:\/\/soccer.aidatasports.com\/pt\/players\/Jos\u00e9-Mars\u00e0-162562\"><img decoding=\"async\" src=\"https:\/\/soccer.aidatasports.com\/images\/players\/162562.png\" alt=\"Jos\u00e9 Mars\u00e0\" onerror=\"this.onerror=null;this.src='https:\/\/soccer.aidatasports.com\/images\/players\/default-player.png';\"><span>Jos\u00e9 Mars\u00e0<\/span><\/a><\/div>\n<div class=\"player\"><a href=\"https:\/\/soccer.aidatasports.com\/pt\/players\/Th\u00e9rence-Koudou-327692\"><img decoding=\"async\" src=\"https:\/\/soccer.aidatasports.com\/images\/players\/327692.png\" alt=\"Th\u00e9rence Koudou\" onerror=\"this.onerror=null;this.src='https:\/\/soccer.aidatasports.com\/images\/players\/default-player.png';\"><span>Th\u00e9rence Koudou<\/span><\/a><\/div>\n<div class=\"player\"><a href=\"https:\/\/soccer.aidatasports.com\/pt\/players\/Fredrik-Hammar-100279\"><img decoding=\"async\" src=\"https:\/\/soccer.aidatasports.com\/images\/players\/100279.png\" alt=\"Fredrik Hammar\" onerror=\"this.onerror=null;this.src='https:\/\/soccer.aidatasports.com\/images\/players\/default-player.png';\"><span>Fredrik Hammar<\/span><\/a><\/div>\n<div class=\"player\"><a href=\"https:\/\/soccer.aidatasports.com\/pt\/players\/Mathis-Servais-295233\"><img decoding=\"async\" src=\"https:\/\/soccer.aidatasports.com\/images\/players\/295233.png\" alt=\"Mathis Servais\" onerror=\"this.onerror=null;this.src='https:\/\/soccer.aidatasports.com\/images\/players\/default-player.png';\"><span>Mathis Servais<\/span><\/a><\/div>\n<div class=\"player\"><a href=\"https:\/\/soccer.aidatasports.com\/pt\/players\/Moncef-Zekri-515985\"><img decoding=\"async\" src=\"https:\/\/soccer.aidatasports.com\/images\/players\/515985.png\" alt=\"Moncef Zekri\" onerror=\"this.onerror=null;this.src='https:\/\/soccer.aidatasports.com\/images\/players\/default-player.png';\"><span>Moncef Zekri<\/span><\/a><\/div>\n<div class=\"player\"><a href=\"https:\/\/soccer.aidatasports.com\/pt\/players\/Kerim-Mrabti-19532\"><img decoding=\"async\" src=\"https:\/\/soccer.aidatasports.com\/images\/players\/19532.png\" alt=\"Kerim Mrabti\" onerror=\"this.onerror=null;this.src='https:\/\/soccer.aidatasports.com\/images\/players\/default-player.png';\"><span>Kerim Mrabti<\/span><\/a><\/div>\n<div class=\"player\"><a href=\"https:\/\/soccer.aidatasports.com\/pt\/players\/Lion-Lauberbach-26438\"><img decoding=\"async\" src=\"https:\/\/soccer.aidatasports.com\/images\/players\/26438.png\" alt=\"Lion Lauberbach\" onerror=\"this.onerror=null;this.src='https:\/\/soccer.aidatasports.com\/images\/players\/default-player.png';\"><span>Lion Lauberbach<\/span><\/a><\/div>\n<div class=\"player\"><a href=\"https:\/\/soccer.aidatasports.com\/pt\/players\/Myron-Van-Brederode-287797\"><img decoding=\"async\" src=\"https:\/\/soccer.aidatasports.com\/images\/players\/287797.png\" alt=\"Myron Van Brederode\" onerror=\"this.onerror=null;this.src='https:\/\/soccer.aidatasports.com\/images\/players\/default-player.png';\"><span>Myron Van Brederode<\/span><\/a><\/div>\n<\/div>\n<div>\n<h4>Suplentes:<\/h4>\n<div class=\"player\"><a href=\"https:\/\/soccer.aidatasports.com\/pt\/players\/Dikeni-Salifou-279924\"><img decoding=\"async\" src=\"https:\/\/soccer.aidatasports.com\/images\/players\/279924.png\" alt=\"Dikeni Salifou\" onerror=\"this.onerror=null;this.src='https:\/\/soccer.aidatasports.com\/images\/players\/default-player.png';\"><span>Dikeni Salifou<\/span><\/a><\/div>\n<div class=\"player\"><a href=\"https:\/\/soccer.aidatasports.com\/pt\/players\/Bill-Antonio-345357\"><img decoding=\"async\" src=\"https:\/\/soccer.aidatasports.com\/images\/players\/345357.png\" alt=\"Bill Antonio\" onerror=\"this.onerror=null;this.src='https:\/\/soccer.aidatasports.com\/images\/players\/default-player.png';\"><span>Bill Antonio<\/span><\/a><\/div>\n<div class=\"player\"><a href=\"https:\/\/soccer.aidatasports.com\/pt\/players\/Gora-Diouf-388568\"><img decoding=\"async\" src=\"https:\/\/soccer.aidatasports.com\/images\/players\/388568.png\" alt=\"Gora Diouf\" onerror=\"this.onerror=null;this.src='https:\/\/soccer.aidatasports.com\/images\/players\/default-player.png';\"><span>Gora Diouf<\/span><\/a><\/div>\n<div class=\"player\"><a href=\"https:\/\/soccer.aidatasports.com\/pt\/players\/Benito-Raman-25467\"><img decoding=\"async\" src=\"https:\/\/soccer.aidatasports.com\/images\/players\/25467.png\" alt=\"Benito Raman\" onerror=\"this.onerror=null;this.src='https:\/\/soccer.aidatasports.com\/images\/players\/default-player.png';\"><span>Benito Raman<\/span><\/a><\/div>\n<div class=\"player\"><a href=\"https:\/\/soccer.aidatasports.com\/pt\/players\/Tijn-Van-Ingelgom-441809\"><img decoding=\"async\" src=\"https:\/\/soccer.aidatasports.com\/images\/players\/441809.png\" alt=\"Tijn Van Ingelgom\" onerror=\"this.onerror=null;this.src='https:\/\/soccer.aidatasports.com\/images\/players\/default-player.png';\"><span>Tijn Van Ingelgom<\/span><\/a><\/div>\n<div class=\"player\"><a href=\"https:\/\/soccer.aidatasports.com\/pt\/players\/Ian-Struyf-270175\"><img decoding=\"async\" src=\"https:\/\/soccer.aidatasports.com\/images\/players\/270175.png\" alt=\"Ian Struyf\" onerror=\"this.onerror=null;this.src='https:\/\/soccer.aidatasports.com\/images\/players\/default-player.png';\"><span>Ian Struyf<\/span><\/a><\/div>\n<div class=\"player\"><a href=\"https:\/\/soccer.aidatasports.com\/pt\/players\/Massimo-Decoene-375308\"><img decoding=\"async\" src=\"https:\/\/soccer.aidatasports.com\/images\/players\/375308.png\" alt=\"Massimo Decoene\" onerror=\"this.onerror=null;this.src='https:\/\/soccer.aidatasports.com\/images\/players\/default-player.png';\"><span>Massimo Decoene<\/span><\/a><\/div>\n<div class=\"player\"><a href=\"https:\/\/soccer.aidatasports.com\/pt\/players\/Lovro-Goli\u010d-367877\"><img decoding=\"async\" src=\"https:\/\/soccer.aidatasports.com\/images\/players\/367877.png\" alt=\"Lovro Goli\u010d\" onerror=\"this.onerror=null;this.src='https:\/\/soccer.aidatasports.com\/images\/players\/default-player.png';\"><span>Lovro Goli\u010d<\/span><\/a><\/div>\n<div class=\"player\"><a href=\"https:\/\/soccer.aidatasports.com\/pt\/players\/Bilal-Bafdili-403253\"><img decoding=\"async\" src=\"https:\/\/soccer.aidatasports.com\/images\/players\/403253.png\" alt=\"Bilal Bafdili\" onerror=\"this.onerror=null;this.src='https:\/\/soccer.aidatasports.com\/images\/players\/default-player.png';\"><span>Bilal Bafdili<\/span><\/a><\/div>\n<\/div>\n<\/div>\n<\/div>\n<\/div>\n<div id=\"wg-api-football-game\"\n                    data-host=\"xxxxx\"\n                    data-key=\"xxxx\"\n                    data-id=\"1382512\"\n                    data-theme=\"\"\n                    data-refresh=\"15\"\n                    data-show-errors=\"false\"\n                    data-show-logos=\"true\"><br \/>\n                    class=&#8221;wg_loader&#8221;>\n                <\/div>\n<div id=\"wg-api-football-standings\"\n                    data-host=\"xxxx\"\n                    data-key=\"ddddd\"\n                    data-league=\"144\"\n                    data-team=\"\"\n                    data-season=\"2025\"\n                    data-theme=\"\"\n                    data-show-errors=\"false\"\n                    data-show-logos=\"true\"\n                    class=\"wg_loader\">\n                <\/div>\n<p>                <script\n                    type=\"module\"\n                    src=\"https:\/\/soccer.aidatasports.com\/wp-content\/customjs\/widgetslocal.js\">\n                <\/script><\/p>\n","protected":false},"excerpt":{"rendered":"<p>Portugu\u00eas KV Mechelen Garante Vit\u00f3ria em Jogo Emocionante Contra o Dender Denderleeuw, B\u00e9lgica \u2013 Em&hellip;<\/p>\n","protected":false},"author":1,"featured_media":103892,"comment_status":"open","ping_status":"open","sticky":false,"template":"","format":"standard","meta":{"content-type":"","pmpro_default_level":"","_lmt_disableupdate":"","_lmt_disable":"","_league":15837,"_fixture":1382512,"penci_pfeatured_image_ratio":"","penci_single_style":"","footnotes":""},"categories":[15837],"tags":[4569,384],"class_list":["post-103893","post","type-post","status-publish","format-standard","has-post-thumbnail","hentry","category-matches","tag-dender-belgium-6215","tag-kv-mechelen-belgium-266","pmpro-has-access"],"_links":{"self":[{"href":"https:\/\/soccer.aidatasports.com\/pt\/wp-json\/wp\/v2\/posts\/103893"}],"collection":[{"href":"https:\/\/soccer.aidatasports.com\/pt\/wp-json\/wp\/v2\/posts"}],"about":[{"href":"https:\/\/soccer.aidatasports.com\/pt\/wp-json\/wp\/v2\/types\/post"}],"author":[{"embeddable":true,"href":"https:\/\/soccer.aidatasports.com\/pt\/wp-json\/wp\/v2\/users\/1"}],"replies":[{"embeddable":true,"href":"https:\/\/soccer.aidatasports.com\/pt\/wp-json\/wp\/v2\/comments?post=103893"}],"version-history":[{"count":0,"href":"https:\/\/soccer.aidatasports.com\/pt\/wp-json\/wp\/v2\/posts\/103893\/revisions"}],"wp:featuredmedia":[{"embeddable":true,"href":"https:\/\/soccer.aidatasports.com\/pt\/wp-json\/wp\/v2\/media\/103892"}],"wp:attachment":[{"href":"https:\/\/soccer.aidatasports.com\/pt\/wp-json\/wp\/v2\/media?parent=103893"}],"wp:term":[{"taxonomy":"category","embeddable":true,"href":"https:\/\/soccer.aidatasports.com\/pt\/wp-json\/wp\/v2\/categories?post=103893"},{"taxonomy":"post_tag","embeddable":true,"href":"https:\/\/soccer.aidatasports.com\/pt\/wp-json\/wp\/v2\/tags?post=103893"}],"curies":[{"name":"wp","href":"https:\/\/api.w.org\/{rel}","templated":true}]}}