{"id":103492,"date":"2025-10-18T16:10:07","date_gmt":"2025-10-18T16:10:07","guid":{"rendered":"https:\/\/soccer.aidatasports.com\/pt\/uncategorized\/raal-la-louviere-vs-kvc-westerlo-oct-18-2025-1400-utc\/"},"modified":"2025-10-18T16:10:07","modified_gmt":"2025-10-18T16:10:07","slug":"raal-la-louviere-vs-kvc-westerlo-oct-18-2025-1400-utc","status":"publish","type":"post","link":"https:\/\/soccer.aidatasports.com\/pt\/matches\/raal-la-louviere-vs-kvc-westerlo-oct-18-2025-1400-utc\/","title":{"rendered":"RAAL La Louvi\u00e8re vs KVC Westerlo Oct 18 2025 14:00 UTC"},"content":{"rendered":"<p><strong>Portugu\u00eas<\/strong><\/p>\n<p><strong>Partida Empatada sem Gols em La Louvi\u00e8re<\/strong><\/p>\n<p>La Louvi\u00e8re, B\u00e9lgica \u2013 Um encontro sem emo\u00e7\u00e3o e sem gols foi o que se viu hoje no Easi Arena, onde o RAAL La Louvi\u00e8re e o KVC Westerlo empataram em 0-0 em partida v\u00e1lida pela 11\u00aa rodada da Jupiler Pro League. Apesar do KVC Westerlo dominar a posse de bola com 62%, n\u00e3o conseguiu traduzir esse dom\u00ednio em oportunidades claras de gol. Os visitantes chutaram seis vezes, mas nenhum de seus chutes foi a gol.<\/p>\n<p>O RAAL La Louvi\u00e8re, por sua vez, viu-se limitado a 38% de posse, mas tentou ser mais incisivo no ataque, ainda que sem sucesso. De seus seis chutes, apenas um encontrou o gol advers\u00e1rio. A partida foi interrompida em v\u00e1rias ocasi\u00f5es, resultando em seis faltas para cada equipe. O \u00fanico incidente disciplinar foi um cart\u00e3o amarelo mostrado a D. Haspolat do KVC Westerlo. O \u00e1rbitro Massimiliano Ledda controlou o encontro, que terminou com um empate que n\u00e3o satisfaz nenhuma das duas equipes.<\/p>\n<p>Substitui\u00f5es na equipe de kvc westerlo: Aos 8 minutos, T. Rommens entrou e T. Van den Keybus saiu., Aos 46 minutos, J. Alcocer entrou e A. Mebude saiu., Aos 76 minutos, A. Sayyadmanesh entrou e G. Yow saiu., Aos 76 minutos, Nacho entrou e K. Vaesen saiu., Aos 90 minutos, I. Sakamoto entrou e M. Fixelles saiu. <\/p>\n<p>Substitui\u00f5es na equipe de raal la louvi\u00e8re: Aos 61 minutos, O. Mendy entrou e P. M. Fall saiu., Aos 72 minutos, T. Lutonda entrou e D. Benavides saiu., Aos 72 minutos, O. Maes entrou e M. Pau saiu., Aos 85 minutos, J. Afriyie entrou e M. Guindo saiu., Aos 85 minutos, S. Lahssaini entrou e S. Gueulette saiu. <\/p>\n<p>As equipes se alinharam da seguinte forma:<\/p>\n<div class=\"lineups-container\">\n<style>\n                .lineups-container {\n                    display: flex;\n                    justify-content: space-around;\n                    flex-wrap: wrap;\n                }\n                .team-lineup {\n                    width: 49%;\n                    margin-bottom: 20px;\n                    border: 1px solid #ccc;\n                    padding: 5px;\n                }\n                .team-lineup h3 {\n                    text-align: center;\n                    margin-bottom: 10px;\n                }\n                .players-container {\n                    display: flex;\n                    justify-content: space-between;\n                }\n                .players-container div {\n                    width: 100%;\n                }\n                .player {\n                    display: flex;\n                    align-items: center;\n                    margin-bottom: 5px;\n                }\n                .player img {\n                    width: 30px;\n                    height: 30px;\n                    border-radius: 50%;\n                    margin-right: 10px;\n                }\n                    @media (max-width: 600px) {\n                    .team-lineup {\n                        width: 100%;\n                    }\n                }\n                <\/style>\n<div class=\"team-lineup\">\n<h3>RAAL La Louvi\u00e8re<\/h3>\n<p><img decoding=\"async\" src=\"https:\/\/media.api-sports.io\/football\/teams\/5902.png\" alt=\"RAAL La Louvi\u00e8re\" style=\"width: 50px; height: 50px;\"><\/p>\n<div class=\"players-container\">\n<div>\n<h4>Titulares:<\/h4>\n<div class=\"player\"><a href=\"https:\/\/soccer.aidatasports.com\/pt\/players\/Marcos-Hern\u00e1n-Peano-6102\"><img decoding=\"async\" src=\"https:\/\/soccer.aidatasports.com\/images\/players\/6102.png\" alt=\"Marcos Hern\u00e1n Peano\" onerror=\"this.onerror=null;this.src='https:\/\/soccer.aidatasports.com\/images\/players\/default-player.png';\"><span>Marcos Hern\u00e1n Peano<\/span><\/a><\/div>\n<div class=\"player\"><a href=\"https:\/\/soccer.aidatasports.com\/pt\/players\/Wagane-Faye-131659\"><img decoding=\"async\" src=\"https:\/\/soccer.aidatasports.com\/images\/players\/131659.png\" alt=\"Wagane Faye\" onerror=\"this.onerror=null;this.src='https:\/\/soccer.aidatasports.com\/images\/players\/default-player.png';\"><span>Wagane Faye<\/span><\/a><\/div>\n<div class=\"player\"><a href=\"https:\/\/soccer.aidatasports.com\/pt\/players\/Yllan-Okou-274299\"><img decoding=\"async\" src=\"https:\/\/soccer.aidatasports.com\/images\/players\/274299.png\" alt=\"Yllan Okou\" onerror=\"this.onerror=null;this.src='https:\/\/soccer.aidatasports.com\/images\/players\/default-player.png';\"><span>Yllan Okou<\/span><\/a><\/div>\n<div class=\"player\"><a href=\"https:\/\/soccer.aidatasports.com\/pt\/players\/Djibril-Lamego-333136\"><img decoding=\"async\" src=\"https:\/\/soccer.aidatasports.com\/images\/players\/333136.png\" alt=\"Djibril Lamego\" onerror=\"this.onerror=null;this.src='https:\/\/soccer.aidatasports.com\/images\/players\/default-player.png';\"><span>Djibril Lamego<\/span><\/a><\/div>\n<div class=\"player\"><a href=\"https:\/\/soccer.aidatasports.com\/pt\/players\/Sami-Lahssaini-106774\"><img decoding=\"async\" src=\"https:\/\/soccer.aidatasports.com\/images\/players\/106774.png\" alt=\"Sami Lahssaini\" onerror=\"this.onerror=null;this.src='https:\/\/soccer.aidatasports.com\/images\/players\/default-player.png';\"><span>Sami Lahssaini<\/span><\/a><\/div>\n<div class=\"player\"><a href=\"https:\/\/soccer.aidatasports.com\/pt\/players\/Jordi-Liongola-175414\"><img decoding=\"async\" src=\"https:\/\/soccer.aidatasports.com\/images\/players\/175414.png\" alt=\"Jordi Liongola\" onerror=\"this.onerror=null;this.src='https:\/\/soccer.aidatasports.com\/images\/players\/default-player.png';\"><span>Jordi Liongola<\/span><\/a><\/div>\n<div class=\"player\"><a href=\"https:\/\/soccer.aidatasports.com\/pt\/players\/Owen-Maes-174853\"><img decoding=\"async\" src=\"https:\/\/soccer.aidatasports.com\/images\/players\/174853.png\" alt=\"Owen Maes\" onerror=\"this.onerror=null;this.src='https:\/\/soccer.aidatasports.com\/images\/players\/default-player.png';\"><span>Owen Maes<\/span><\/a><\/div>\n<div class=\"player\"><a href=\"https:\/\/soccer.aidatasports.com\/pt\/players\/Jo\u00ebl-Ito-281727\"><img decoding=\"async\" src=\"https:\/\/soccer.aidatasports.com\/images\/players\/281727.png\" alt=\"Jo\u00ebl Ito\" onerror=\"this.onerror=null;this.src='https:\/\/soccer.aidatasports.com\/images\/players\/default-player.png';\"><span>Jo\u00ebl Ito<\/span><\/a><\/div>\n<div class=\"player\"><a href=\"https:\/\/soccer.aidatasports.com\/pt\/players\/Thierry-Lutonda-125617\"><img decoding=\"async\" src=\"https:\/\/soccer.aidatasports.com\/images\/players\/125617.png\" alt=\"Thierry Lutonda\" onerror=\"this.onerror=null;this.src='https:\/\/soccer.aidatasports.com\/images\/players\/default-player.png';\"><span>Thierry Lutonda<\/span><\/a><\/div>\n<div class=\"player\"><a href=\"https:\/\/soccer.aidatasports.com\/pt\/players\/Oucasse-Mendy-179402\"><img decoding=\"async\" src=\"https:\/\/soccer.aidatasports.com\/images\/players\/179402.png\" alt=\"Oucasse Mendy\" onerror=\"this.onerror=null;this.src='https:\/\/soccer.aidatasports.com\/images\/players\/default-player.png';\"><span>Oucasse Mendy<\/span><\/a><\/div>\n<div class=\"player\"><a href=\"https:\/\/soccer.aidatasports.com\/pt\/players\/Jerry-Afriyie-508881\"><img decoding=\"async\" src=\"https:\/\/soccer.aidatasports.com\/images\/players\/508881.png\" alt=\"Jerry Afriyie\" onerror=\"this.onerror=null;this.src='https:\/\/soccer.aidatasports.com\/images\/players\/default-player.png';\"><span>Jerry Afriyie<\/span><\/a><\/div>\n<\/div>\n<div>\n<h4>Suplentes:<\/h4>\n<div class=\"player\"><a href=\"https:\/\/soccer.aidatasports.com\/pt\/players\/Celestin-De-Schrevel-297979\"><img decoding=\"async\" src=\"https:\/\/soccer.aidatasports.com\/images\/players\/297979.png\" alt=\"Celestin De Schrevel\" onerror=\"this.onerror=null;this.src='https:\/\/soccer.aidatasports.com\/images\/players\/default-player.png';\"><span>Celestin De Schrevel<\/span><\/a><\/div>\n<div class=\"player\"><a href=\"https:\/\/soccer.aidatasports.com\/pt\/players\/Dar\u00edo-Benavides-335057\"><img decoding=\"async\" src=\"https:\/\/soccer.aidatasports.com\/images\/players\/335057.png\" alt=\"Dar\u00edo Benavides\" onerror=\"this.onerror=null;this.src='https:\/\/soccer.aidatasports.com\/images\/players\/default-player.png';\"><span>Dar\u00edo Benavides<\/span><\/a><\/div>\n<div class=\"player\"><a href=\"https:\/\/soccer.aidatasports.com\/pt\/players\/Norlan-Gillot-191651\"><img decoding=\"async\" src=\"https:\/\/soccer.aidatasports.com\/images\/players\/191651.png\" alt=\"Norlan Gillot\" onerror=\"this.onerror=null;this.src='https:\/\/soccer.aidatasports.com\/images\/players\/default-player.png';\"><span>Norlan Gillot<\/span><\/a><\/div>\n<div class=\"player\"><a href=\"https:\/\/soccer.aidatasports.com\/pt\/players\/Maxence-Maisonneuve-175120\"><img decoding=\"async\" src=\"https:\/\/soccer.aidatasports.com\/images\/players\/175120.png\" alt=\"Maxence Maisonneuve\" onerror=\"this.onerror=null;this.src='https:\/\/soccer.aidatasports.com\/images\/players\/default-player.png';\"><span>Maxence Maisonneuve<\/span><\/a><\/div>\n<div class=\"player\"><a href=\"https:\/\/soccer.aidatasports.com\/pt\/players\/Sekou-Sidibe-128309\"><img decoding=\"async\" src=\"https:\/\/soccer.aidatasports.com\/images\/players\/128309.png\" alt=\"Sekou Sidibe\" onerror=\"this.onerror=null;this.src='https:\/\/soccer.aidatasports.com\/images\/players\/default-player.png';\"><span>Sekou Sidibe<\/span><\/a><\/div>\n<div class=\"player\"><a href=\"https:\/\/soccer.aidatasports.com\/pt\/players\/Maxime-Pau-174604\"><img decoding=\"async\" src=\"https:\/\/soccer.aidatasports.com\/images\/players\/174604.png\" alt=\"Maxime Pau\" onerror=\"this.onerror=null;this.src='https:\/\/soccer.aidatasports.com\/images\/players\/default-player.png';\"><span>Maxime Pau<\/span><\/a><\/div>\n<div class=\"player\"><a href=\"https:\/\/soccer.aidatasports.com\/pt\/players\/Samuel-Gueulette-180470\"><img decoding=\"async\" src=\"https:\/\/soccer.aidatasports.com\/images\/players\/180470.png\" alt=\"Samuel Gueulette\" onerror=\"this.onerror=null;this.src='https:\/\/soccer.aidatasports.com\/images\/players\/default-player.png';\"><span>Samuel Gueulette<\/span><\/a><\/div>\n<div class=\"player\"><a href=\"https:\/\/soccer.aidatasports.com\/pt\/players\/Pape-Fall-437901\"><img decoding=\"async\" src=\"https:\/\/soccer.aidatasports.com\/images\/players\/437901.png\" alt=\"Pape Fall\" onerror=\"this.onerror=null;this.src='https:\/\/soccer.aidatasports.com\/images\/players\/default-player.png';\"><span>Pape Fall<\/span><\/a><\/div>\n<div class=\"player\"><a href=\"https:\/\/soccer.aidatasports.com\/pt\/players\/Mohamed-Guindo-385542\"><img decoding=\"async\" src=\"https:\/\/soccer.aidatasports.com\/images\/players\/385542.png\" alt=\"Mohamed Guindo\" onerror=\"this.onerror=null;this.src='https:\/\/soccer.aidatasports.com\/images\/players\/default-player.png';\"><span>Mohamed Guindo<\/span><\/a><\/div>\n<\/div>\n<\/div>\n<\/div>\n<div class=\"team-lineup\">\n<h3>KVC Westerlo<\/h3>\n<p><img decoding=\"async\" src=\"https:\/\/media.api-sports.io\/football\/teams\/261.png\" alt=\"KVC Westerlo\" style=\"width: 50px; height: 50px;\"><\/p>\n<div class=\"players-container\">\n<div>\n<h4>Titulares:<\/h4>\n<div class=\"player\"><a href=\"https:\/\/soccer.aidatasports.com\/pt\/players\/Andreas-Jungdal-277175\"><img decoding=\"async\" src=\"https:\/\/soccer.aidatasports.com\/images\/players\/277175.png\" alt=\"Andreas Jungdal\" onerror=\"this.onerror=null;this.src='https:\/\/soccer.aidatasports.com\/images\/players\/default-player.png';\"><span>Andreas Jungdal<\/span><\/a><\/div>\n<div class=\"player\"><a href=\"https:\/\/soccer.aidatasports.com\/pt\/players\/Bryan-Reynolds-51144\"><img decoding=\"async\" src=\"https:\/\/soccer.aidatasports.com\/images\/players\/51144.png\" alt=\"Bryan Reynolds\" onerror=\"this.onerror=null;this.src='https:\/\/soccer.aidatasports.com\/images\/players\/default-player.png';\"><span>Bryan Reynolds<\/span><\/a><\/div>\n<div class=\"player\"><a href=\"https:\/\/soccer.aidatasports.com\/pt\/players\/Emin-Bayram-162513\"><img decoding=\"async\" src=\"https:\/\/soccer.aidatasports.com\/images\/players\/162513.png\" alt=\"Emin Bayram\" onerror=\"this.onerror=null;this.src='https:\/\/soccer.aidatasports.com\/images\/players\/default-player.png';\"><span>Emin Bayram<\/span><\/a><\/div>\n<div class=\"player\"><a href=\"https:\/\/soccer.aidatasports.com\/pt\/players\/Seiji-Kimura-109271\"><img decoding=\"async\" src=\"https:\/\/soccer.aidatasports.com\/images\/players\/109271.png\" alt=\"Seiji Kimura\" onerror=\"this.onerror=null;this.src='https:\/\/soccer.aidatasports.com\/images\/players\/default-player.png';\"><span>Seiji Kimura<\/span><\/a><\/div>\n<div class=\"player\"><a href=\"https:\/\/soccer.aidatasports.com\/pt\/players\/Tuur-Rommens-162159\"><img decoding=\"async\" src=\"https:\/\/soccer.aidatasports.com\/images\/players\/162159.png\" alt=\"Tuur Rommens\" onerror=\"this.onerror=null;this.src='https:\/\/soccer.aidatasports.com\/images\/players\/default-player.png';\"><span>Tuur Rommens<\/span><\/a><\/div>\n<div class=\"player\"><a href=\"https:\/\/soccer.aidatasports.com\/pt\/players\/Do\u011fucan-Haspolat-37887\"><img decoding=\"async\" src=\"https:\/\/soccer.aidatasports.com\/images\/players\/37887.png\" alt=\"Do\u011fucan Haspolat\" onerror=\"this.onerror=null;this.src='https:\/\/soccer.aidatasports.com\/images\/players\/default-player.png';\"><span>Do\u011fucan Haspolat<\/span><\/a><\/div>\n<div class=\"player\"><a href=\"https:\/\/soccer.aidatasports.com\/pt\/players\/Arthur-Piedfort-371950\"><img decoding=\"async\" src=\"https:\/\/soccer.aidatasports.com\/images\/players\/371950.png\" alt=\"Arthur Piedfort\" onerror=\"this.onerror=null;this.src='https:\/\/soccer.aidatasports.com\/images\/players\/default-player.png';\"><span>Arthur Piedfort<\/span><\/a><\/div>\n<div class=\"player\"><a href=\"https:\/\/soccer.aidatasports.com\/pt\/players\/Allahyar-Sayyadmanesh-29784\"><img decoding=\"async\" src=\"https:\/\/soccer.aidatasports.com\/images\/players\/29784.png\" alt=\"Allahyar Sayyadmanesh\" onerror=\"this.onerror=null;this.src='https:\/\/soccer.aidatasports.com\/images\/players\/default-player.png';\"><span>Allahyar Sayyadmanesh<\/span><\/a><\/div>\n<div class=\"player\"><a href=\"https:\/\/soccer.aidatasports.com\/pt\/players\/Isa-Sakamoto-278950\"><img decoding=\"async\" src=\"https:\/\/soccer.aidatasports.com\/images\/players\/278950.png\" alt=\"Isa Sakamoto\" onerror=\"this.onerror=null;this.src='https:\/\/soccer.aidatasports.com\/images\/players\/default-player.png';\"><span>Isa Sakamoto<\/span><\/a><\/div>\n<div class=\"player\"><a href=\"https:\/\/soccer.aidatasports.com\/pt\/players\/Josimar-Alc\u00f3cer-323942\"><img decoding=\"async\" src=\"https:\/\/soccer.aidatasports.com\/images\/players\/323942.png\" alt=\"Josimar Alc\u00f3cer\" onerror=\"this.onerror=null;this.src='https:\/\/soccer.aidatasports.com\/images\/players\/default-player.png';\"><span>Josimar Alc\u00f3cer<\/span><\/a><\/div>\n<div class=\"player\"><a href=\"https:\/\/soccer.aidatasports.com\/pt\/players\/Nacho-Ferri-353943\"><img decoding=\"async\" src=\"https:\/\/soccer.aidatasports.com\/images\/players\/353943.png\" alt=\"Nacho Ferri\" onerror=\"this.onerror=null;this.src='https:\/\/soccer.aidatasports.com\/images\/players\/default-player.png';\"><span>Nacho Ferri<\/span><\/a><\/div>\n<\/div>\n<div>\n<h4>Suplentes:<\/h4>\n<div class=\"player\"><a href=\"https:\/\/soccer.aidatasports.com\/pt\/players\/Thomas-Van-den-Keybus-161995\"><img decoding=\"async\" src=\"https:\/\/soccer.aidatasports.com\/images\/players\/161995.png\" alt=\"Thomas Van den Keybus\" onerror=\"this.onerror=null;this.src='https:\/\/soccer.aidatasports.com\/images\/players\/default-player.png';\"><span>Thomas Van den Keybus<\/span><\/a><\/div>\n<div class=\"player\"><a href=\"https:\/\/soccer.aidatasports.com\/pt\/players\/Adedire-Mebude-162418\"><img decoding=\"async\" src=\"https:\/\/soccer.aidatasports.com\/images\/players\/162418.png\" alt=\"Adedire Mebude\" onerror=\"this.onerror=null;this.src='https:\/\/soccer.aidatasports.com\/images\/players\/default-player.png';\"><span>Adedire Mebude<\/span><\/a><\/div>\n<div class=\"player\"><a href=\"https:\/\/soccer.aidatasports.com\/pt\/players\/Koen-Van-Langendonck-8974\"><img decoding=\"async\" src=\"https:\/\/soccer.aidatasports.com\/images\/players\/8974.png\" alt=\"Koen Van Langendonck\" onerror=\"this.onerror=null;this.src='https:\/\/soccer.aidatasports.com\/images\/players\/default-player.png';\"><span>Koen Van Langendonck<\/span><\/a><\/div>\n<div class=\"player\"><a href=\"https:\/\/soccer.aidatasports.com\/pt\/players\/Amando-Lapage-372563\"><img decoding=\"async\" src=\"https:\/\/soccer.aidatasports.com\/images\/players\/372563.png\" alt=\"Amando Lapage\" onerror=\"this.onerror=null;this.src='https:\/\/soccer.aidatasports.com\/images\/players\/default-player.png';\"><span>Amando Lapage<\/span><\/a><\/div>\n<div class=\"player\"><a href=\"https:\/\/soccer.aidatasports.com\/pt\/players\/Raf-Smekens-354875\"><img decoding=\"async\" src=\"https:\/\/soccer.aidatasports.com\/images\/players\/354875.png\" alt=\"Raf Smekens\" onerror=\"this.onerror=null;this.src='https:\/\/soccer.aidatasports.com\/images\/players\/default-player.png';\"><span>Raf Smekens<\/span><\/a><\/div>\n<div class=\"player\"><a href=\"https:\/\/soccer.aidatasports.com\/pt\/players\/Serhiy-Sydorchuk-2180\"><img decoding=\"async\" src=\"https:\/\/soccer.aidatasports.com\/images\/players\/2180.png\" alt=\"Serhiy Sydorchuk\" onerror=\"this.onerror=null;this.src='https:\/\/soccer.aidatasports.com\/images\/players\/default-player.png';\"><span>Serhiy Sydorchuk<\/span><\/a><\/div>\n<div class=\"player\"><a href=\"https:\/\/soccer.aidatasports.com\/pt\/players\/Griffin-Yow-50774\"><img decoding=\"async\" src=\"https:\/\/soccer.aidatasports.com\/images\/players\/50774.png\" alt=\"Griffin Yow\" onerror=\"this.onerror=null;this.src='https:\/\/soccer.aidatasports.com\/images\/players\/default-player.png';\"><span>Griffin Yow<\/span><\/a><\/div>\n<div class=\"player\"><a href=\"https:\/\/soccer.aidatasports.com\/pt\/players\/Mathias-Fixelles-8969\"><img decoding=\"async\" src=\"https:\/\/soccer.aidatasports.com\/images\/players\/8969.png\" alt=\"Mathias Fixelles\" onerror=\"this.onerror=null;this.src='https:\/\/soccer.aidatasports.com\/images\/players\/default-player.png';\"><span>Mathias Fixelles<\/span><\/a><\/div>\n<div class=\"player\"><a href=\"https:\/\/soccer.aidatasports.com\/pt\/players\/Kyan-Vaesen-129172\"><img decoding=\"async\" src=\"https:\/\/soccer.aidatasports.com\/images\/players\/129172.png\" alt=\"Kyan Vaesen\" onerror=\"this.onerror=null;this.src='https:\/\/soccer.aidatasports.com\/images\/players\/default-player.png';\"><span>Kyan Vaesen<\/span><\/a><\/div>\n<\/div>\n<\/div>\n<\/div>\n<\/div>\n<div id=\"wg-api-football-game\"\n                    data-host=\"xxxxx\"\n                    data-key=\"xxxx\"\n                    data-id=\"1382510\"\n                    data-theme=\"\"\n                    data-refresh=\"15\"\n                    data-show-errors=\"false\"\n                    data-show-logos=\"true\"><br \/>\n                    class=&#8221;wg_loader&#8221;>\n                <\/div>\n<div id=\"wg-api-football-standings\"\n                    data-host=\"xxxx\"\n                    data-key=\"ddddd\"\n                    data-league=\"144\"\n                    data-team=\"\"\n                    data-season=\"2025\"\n                    data-theme=\"\"\n                    data-show-errors=\"false\"\n                    data-show-logos=\"true\"\n                    class=\"wg_loader\">\n                <\/div>\n<p>                <script\n                    type=\"module\"\n                    src=\"https:\/\/soccer.aidatasports.com\/wp-content\/customjs\/widgetslocal.js\">\n                <\/script><\/p>\n","protected":false},"excerpt":{"rendered":"<p>Portugu\u00eas Partida Empatada sem Gols em La Louvi\u00e8re La Louvi\u00e8re, B\u00e9lgica \u2013 Um encontro sem&hellip;<\/p>\n","protected":false},"author":1,"featured_media":103491,"comment_status":"open","ping_status":"open","sticky":false,"template":"","format":"standard","meta":{"content-type":"","pmpro_default_level":"","_lmt_disableupdate":"","_lmt_disable":"","_league":15837,"_fixture":1382510,"penci_pfeatured_image_ratio":"","penci_single_style":"","footnotes":""},"categories":[15837],"tags":[381,4382],"class_list":["post-103492","post","type-post","status-publish","format-standard","has-post-thumbnail","hentry","category-matches","tag-kvc-westerlo-belgium-261","tag-raal-la-louviere-belgium-5902","pmpro-has-access"],"_links":{"self":[{"href":"https:\/\/soccer.aidatasports.com\/pt\/wp-json\/wp\/v2\/posts\/103492"}],"collection":[{"href":"https:\/\/soccer.aidatasports.com\/pt\/wp-json\/wp\/v2\/posts"}],"about":[{"href":"https:\/\/soccer.aidatasports.com\/pt\/wp-json\/wp\/v2\/types\/post"}],"author":[{"embeddable":true,"href":"https:\/\/soccer.aidatasports.com\/pt\/wp-json\/wp\/v2\/users\/1"}],"replies":[{"embeddable":true,"href":"https:\/\/soccer.aidatasports.com\/pt\/wp-json\/wp\/v2\/comments?post=103492"}],"version-history":[{"count":0,"href":"https:\/\/soccer.aidatasports.com\/pt\/wp-json\/wp\/v2\/posts\/103492\/revisions"}],"wp:featuredmedia":[{"embeddable":true,"href":"https:\/\/soccer.aidatasports.com\/pt\/wp-json\/wp\/v2\/media\/103491"}],"wp:attachment":[{"href":"https:\/\/soccer.aidatasports.com\/pt\/wp-json\/wp\/v2\/media?parent=103492"}],"wp:term":[{"taxonomy":"category","embeddable":true,"href":"https:\/\/soccer.aidatasports.com\/pt\/wp-json\/wp\/v2\/categories?post=103492"},{"taxonomy":"post_tag","embeddable":true,"href":"https:\/\/soccer.aidatasports.com\/pt\/wp-json\/wp\/v2\/tags?post=103492"}],"curies":[{"name":"wp","href":"https:\/\/api.w.org\/{rel}","templated":true}]}}