{"id":101739,"date":"2025-10-04T20:02:18","date_gmt":"2025-10-04T20:02:18","guid":{"rendered":"https:\/\/soccer.aidatasports.com\/pt\/uncategorized\/pec-zwolle-vs-psv-eindhoven-oct-04-2025-1800-utc\/"},"modified":"2025-10-04T20:02:18","modified_gmt":"2025-10-04T20:02:18","slug":"pec-zwolle-vs-psv-eindhoven-oct-04-2025-1800-utc","status":"publish","type":"post","link":"https:\/\/soccer.aidatasports.com\/pt\/matches\/pec-zwolle-vs-psv-eindhoven-oct-04-2025-1800-utc\/","title":{"rendered":"PEC Zwolle vs PSV Eindhoven Oct 04 2025 18:00 UTC"},"content":{"rendered":"<p><strong>Not\u00edcia em Portugu\u00eas:<\/strong><\/p>\n<p><strong>PSV Eindhoven Domina PEC Zwolle em Vit\u00f3ria Convincente<\/strong><\/p>\n<p>Zwolle, Pa\u00edses Baixos \u2013 Em um jogo disputado no MAC\u00b3PARK Stadion, o PSV Eindhoven demonstrou sua superioridade ao derrotar o PEC Zwolle por 4 a 0 em uma partida v\u00e1lida pela oitava rodada da Eredivisie. A equipe visitante controlou o jogo com 72% de posse de bola, traduzindo-se em uma ofensiva constante que gerou 18 chutes, dos quais 8 foram no alvo.<\/p>\n<p>O primeiro gol saiu aos 23 minutos, gra\u00e7as a I. Saibari, assistido por C. Driouech. Apesar de um gol anulado por impedimento de G. Til logo depois, o PSV manteve a press\u00e3o. D. Man ampliou a vantagem aos 40 minutos, assistido por J. Veerman.<\/p>\n<p>No segundo tempo, J. Veerman praticamente selou o resultado aos 67 minutos, assistido por D. Man. A situa\u00e7\u00e3o do PEC Zwolle ficou ainda mais complicada com a expuls\u00e3o de T. Gooijer aos 62 minutos. Nos acr\u00e9scimos, R. Flamingo deu o toque final com um gol aos 90 minutos, assistido por E. Bajraktarevic.<\/p>\n<p>Apesar dos 4 chutes do PEC Zwolle, nenhum conseguiu incomodar o goleiro do PSV. A partida foi marcada por v\u00e1rios cart\u00f5es, tr\u00eas amarelos para o PSV e um vermelho para o PEC Zwolle. O PSV Eindhoven confirma seu bom momento na temporada.<\/p>\n<p>Substitui\u00f5es na equipe de pec zwolle: Aos 46 minutos, O. Aertssen entrou e T. Gooijer saiu., Aos 70 minutos, T. Oosting entrou e N. Fichtinger saiu., Aos 70 minutos, J. Faberski entrou e D. Voute saiu., Aos 70 minutos, J. Monteiro entrou e S. Shoretire saiu., Aos 84 minutos, K. de Rooij entrou e S. Lagsir saiu. <\/p>\n<p>Substitui\u00f5es na equipe de psv eindhoven: Aos 73 minutos, Mauro Junior entrou e A. Obispo saiu., Aos 73 minutos, J. Veerman entrou e P. Wanner saiu., Aos 73 minutos, S. Dest entrou e R. Flamingo saiu., Aos 80 minutos, D. Man entrou e E. Bajraktarevic saiu., Aos 80 minutos, I. Saibari entrou e N. Fernandez saiu. <\/p>\n<p>As equipes se alinharam da seguinte forma:<\/p>\n<div class=\"lineups-container\">\n<style>\n                .lineups-container {\n                    display: flex;\n                    justify-content: space-around;\n                    flex-wrap: wrap;\n                }\n                .team-lineup {\n                    width: 49%;\n                    margin-bottom: 20px;\n                    border: 1px solid #ccc;\n                    padding: 5px;\n                }\n                .team-lineup h3 {\n                    text-align: center;\n                    margin-bottom: 10px;\n                }\n                .players-container {\n                    display: flex;\n                    justify-content: space-between;\n                }\n                .players-container div {\n                    width: 100%;\n                }\n                .player {\n                    display: flex;\n                    align-items: center;\n                    margin-bottom: 5px;\n                }\n                .player img {\n                    width: 30px;\n                    height: 30px;\n                    border-radius: 50%;\n                    margin-right: 10px;\n                }\n                    @media (max-width: 600px) {\n                    .team-lineup {\n                        width: 100%;\n                    }\n                }\n                <\/style>\n<div class=\"team-lineup\">\n<h3>PEC Zwolle<\/h3>\n<p><img decoding=\"async\" src=\"https:\/\/media.api-sports.io\/football\/teams\/193.png\" alt=\"PEC Zwolle\" style=\"width: 50px; height: 50px;\"><\/p>\n<div class=\"players-container\">\n<div>\n<h4>Titulares:<\/h4>\n<div class=\"player\"><a href=\"https:\/\/soccer.aidatasports.com\/pt\/players\/Tom-de-Graaff-338499\"><img decoding=\"async\" src=\"https:\/\/soccer.aidatasports.com\/images\/players\/338499.png\" alt=\"Tom de Graaff\" onerror=\"this.onerror=null;this.src='https:\/\/soccer.aidatasports.com\/images\/players\/default-player.png';\"><span>Tom de Graaff<\/span><\/a><\/div>\n<div class=\"player\"><a href=\"https:\/\/soccer.aidatasports.com\/pt\/players\/Olivier-Aertssen-271581\"><img decoding=\"async\" src=\"https:\/\/soccer.aidatasports.com\/images\/players\/271581.png\" alt=\"Olivier Aertssen\" onerror=\"this.onerror=null;this.src='https:\/\/soccer.aidatasports.com\/images\/players\/default-player.png';\"><span>Olivier Aertssen<\/span><\/a><\/div>\n<div class=\"player\"><a href=\"https:\/\/soccer.aidatasports.com\/pt\/players\/Simon-Graves-Jensen-15690\"><img decoding=\"async\" src=\"https:\/\/soccer.aidatasports.com\/images\/players\/15690.png\" alt=\"Simon Graves Jensen\" onerror=\"this.onerror=null;this.src='https:\/\/soccer.aidatasports.com\/images\/players\/default-player.png';\"><span>Simon Graves Jensen<\/span><\/a><\/div>\n<div class=\"player\"><a href=\"https:\/\/soccer.aidatasports.com\/pt\/players\/Anselmo-Garcia-McNulty-279868\"><img decoding=\"async\" src=\"https:\/\/soccer.aidatasports.com\/images\/players\/279868.png\" alt=\"Anselmo Garcia McNulty\" onerror=\"this.onerror=null;this.src='https:\/\/soccer.aidatasports.com\/images\/players\/default-player.png';\"><span>Anselmo Garcia McNulty<\/span><\/a><\/div>\n<div class=\"player\"><a href=\"https:\/\/soccer.aidatasports.com\/pt\/players\/Sherel-Floranus-36970\"><img decoding=\"async\" src=\"https:\/\/soccer.aidatasports.com\/images\/players\/36970.png\" alt=\"Sherel Floranus\" onerror=\"this.onerror=null;this.src='https:\/\/soccer.aidatasports.com\/images\/players\/default-player.png';\"><span>Sherel Floranus<\/span><\/a><\/div>\n<div class=\"player\"><a href=\"https:\/\/soccer.aidatasports.com\/pt\/players\/Jan-Faberski-353732\"><img decoding=\"async\" src=\"https:\/\/soccer.aidatasports.com\/images\/players\/353732.png\" alt=\"Jan Faberski\" onerror=\"this.onerror=null;this.src='https:\/\/soccer.aidatasports.com\/images\/players\/default-player.png';\"><span>Jan Faberski<\/span><\/a><\/div>\n<div class=\"player\"><a href=\"https:\/\/soccer.aidatasports.com\/pt\/players\/Thijs-Oosting-38822\"><img decoding=\"async\" src=\"https:\/\/soccer.aidatasports.com\/images\/players\/38822.png\" alt=\"Thijs Oosting\" onerror=\"this.onerror=null;this.src='https:\/\/soccer.aidatasports.com\/images\/players\/default-player.png';\"><span>Thijs Oosting<\/span><\/a><\/div>\n<div class=\"player\"><a href=\"https:\/\/soccer.aidatasports.com\/pt\/players\/Ryan-Thomas-242\"><img decoding=\"async\" src=\"https:\/\/soccer.aidatasports.com\/images\/players\/242.png\" alt=\"Ryan Thomas\" onerror=\"this.onerror=null;this.src='https:\/\/soccer.aidatasports.com\/images\/players\/default-player.png';\"><span>Ryan Thomas<\/span><\/a><\/div>\n<div class=\"player\"><a href=\"https:\/\/soccer.aidatasports.com\/pt\/players\/Jamiro-Monteiro-50745\"><img decoding=\"async\" src=\"https:\/\/soccer.aidatasports.com\/images\/players\/50745.png\" alt=\"Jamiro Monteiro\" onerror=\"this.onerror=null;this.src='https:\/\/soccer.aidatasports.com\/images\/players\/default-player.png';\"><span>Jamiro Monteiro<\/span><\/a><\/div>\n<div class=\"player\"><a href=\"https:\/\/soccer.aidatasports.com\/pt\/players\/Kaj-de-Rooij-37647\"><img decoding=\"async\" src=\"https:\/\/soccer.aidatasports.com\/images\/players\/37647.png\" alt=\"Kaj de Rooij\" onerror=\"this.onerror=null;this.src='https:\/\/soccer.aidatasports.com\/images\/players\/default-player.png';\"><span>Kaj de Rooij<\/span><\/a><\/div>\n<div class=\"player\"><a href=\"https:\/\/soccer.aidatasports.com\/pt\/players\/Koen-Kostons-38780\"><img decoding=\"async\" src=\"https:\/\/soccer.aidatasports.com\/images\/players\/38780.png\" alt=\"Koen Kostons\" onerror=\"this.onerror=null;this.src='https:\/\/soccer.aidatasports.com\/images\/players\/default-player.png';\"><span>Koen Kostons<\/span><\/a><\/div>\n<\/div>\n<div>\n<h4>Suplentes:<\/h4>\n<div class=\"player\"><a href=\"https:\/\/soccer.aidatasports.com\/pt\/players\/Tristan-Gooijer-336582\"><img decoding=\"async\" src=\"https:\/\/soccer.aidatasports.com\/images\/players\/336582.png\" alt=\"Tristan Gooijer\" onerror=\"this.onerror=null;this.src='https:\/\/soccer.aidatasports.com\/images\/players\/default-player.png';\"><span>Tristan Gooijer<\/span><\/a><\/div>\n<div class=\"player\"><a href=\"https:\/\/soccer.aidatasports.com\/pt\/players\/Jasper-Schendelaar-36881\"><img decoding=\"async\" src=\"https:\/\/soccer.aidatasports.com\/images\/players\/36881.png\" alt=\"Jasper Schendelaar\" onerror=\"this.onerror=null;this.src='https:\/\/soccer.aidatasports.com\/images\/players\/default-player.png';\"><span>Jasper Schendelaar<\/span><\/a><\/div>\n<div class=\"player\"><a href=\"https:\/\/soccer.aidatasports.com\/pt\/players\/Duke-Verduin-319928\"><img decoding=\"async\" src=\"https:\/\/soccer.aidatasports.com\/images\/players\/319928.png\" alt=\"Duke Verduin\" onerror=\"this.onerror=null;this.src='https:\/\/soccer.aidatasports.com\/images\/players\/default-player.png';\"><span>Duke Verduin<\/span><\/a><\/div>\n<div class=\"player\"><a href=\"https:\/\/soccer.aidatasports.com\/pt\/players\/David-Voute-387342\"><img decoding=\"async\" src=\"https:\/\/soccer.aidatasports.com\/images\/players\/387342.png\" alt=\"David Voute\" onerror=\"this.onerror=null;this.src='https:\/\/soccer.aidatasports.com\/images\/players\/default-player.png';\"><span>David Voute<\/span><\/a><\/div>\n<div class=\"player\"><a href=\"https:\/\/soccer.aidatasports.com\/pt\/players\/Dylan-Ruward-453956\"><img decoding=\"async\" src=\"https:\/\/soccer.aidatasports.com\/images\/players\/453956.png\" alt=\"Dylan Ruward\" onerror=\"this.onerror=null;this.src='https:\/\/soccer.aidatasports.com\/images\/players\/default-player.png';\"><span>Dylan Ruward<\/span><\/a><\/div>\n<div class=\"player\"><a href=\"https:\/\/soccer.aidatasports.com\/pt\/players\/Nick-Fichtinger-425821\"><img decoding=\"async\" src=\"https:\/\/soccer.aidatasports.com\/images\/players\/425821.png\" alt=\"Nick Fichtinger\" onerror=\"this.onerror=null;this.src='https:\/\/soccer.aidatasports.com\/images\/players\/default-player.png';\"><span>Nick Fichtinger<\/span><\/a><\/div>\n<div class=\"player\"><a href=\"https:\/\/soccer.aidatasports.com\/pt\/players\/Gabriel-Reiziger-474376\"><img decoding=\"async\" src=\"https:\/\/soccer.aidatasports.com\/images\/players\/474376.png\" alt=\"Gabriel Reiziger\" onerror=\"this.onerror=null;this.src='https:\/\/soccer.aidatasports.com\/images\/players\/default-player.png';\"><span>Gabriel Reiziger<\/span><\/a><\/div>\n<div class=\"player\"><a href=\"https:\/\/soccer.aidatasports.com\/pt\/players\/Jadiel-Pereira-da-Gama-525900\"><img decoding=\"async\" src=\"https:\/\/soccer.aidatasports.com\/images\/players\/525900.png\" alt=\"Jadiel Pereira da Gama\" onerror=\"this.onerror=null;this.src='https:\/\/soccer.aidatasports.com\/images\/players\/default-player.png';\"><span>Jadiel Pereira da Gama<\/span><\/a><\/div>\n<div class=\"player\"><a href=\"https:\/\/soccer.aidatasports.com\/pt\/players\/Dylan-Mbayo-8764\"><img decoding=\"async\" src=\"https:\/\/soccer.aidatasports.com\/images\/players\/8764.png\" alt=\"Dylan Mbayo\" onerror=\"this.onerror=null;this.src='https:\/\/soccer.aidatasports.com\/images\/players\/default-player.png';\"><span>Dylan Mbayo<\/span><\/a><\/div>\n<div class=\"player\"><a href=\"https:\/\/soccer.aidatasports.com\/pt\/players\/Samir-Lagsir-287381\"><img decoding=\"async\" src=\"https:\/\/soccer.aidatasports.com\/images\/players\/287381.png\" alt=\"Samir Lagsir\" onerror=\"this.onerror=null;this.src='https:\/\/soccer.aidatasports.com\/images\/players\/default-player.png';\"><span>Samir Lagsir<\/span><\/a><\/div>\n<div class=\"player\"><a href=\"https:\/\/soccer.aidatasports.com\/pt\/players\/Thomas-Buitink-37130\"><img decoding=\"async\" src=\"https:\/\/soccer.aidatasports.com\/images\/players\/37130.png\" alt=\"Thomas Buitink\" onerror=\"this.onerror=null;this.src='https:\/\/soccer.aidatasports.com\/images\/players\/default-player.png';\"><span>Thomas Buitink<\/span><\/a><\/div>\n<div class=\"player\"><a href=\"https:\/\/soccer.aidatasports.com\/pt\/players\/Shola-Shoretire-163054\"><img decoding=\"async\" src=\"https:\/\/soccer.aidatasports.com\/images\/players\/163054.png\" alt=\"Shola Shoretire\" onerror=\"this.onerror=null;this.src='https:\/\/soccer.aidatasports.com\/images\/players\/default-player.png';\"><span>Shola Shoretire<\/span><\/a><\/div>\n<\/div>\n<\/div>\n<\/div>\n<div class=\"team-lineup\">\n<h3>PSV Eindhoven<\/h3>\n<p><img decoding=\"async\" src=\"https:\/\/media.api-sports.io\/football\/teams\/197.png\" alt=\"PSV Eindhoven\" style=\"width: 50px; height: 50px;\"><\/p>\n<div class=\"players-container\">\n<div>\n<h4>Titulares:<\/h4>\n<div class=\"player\"><a href=\"https:\/\/soccer.aidatasports.com\/pt\/players\/Mat\u011bj-Kov\u00e1\u0159-138804\"><img decoding=\"async\" src=\"https:\/\/soccer.aidatasports.com\/images\/players\/138804.png\" alt=\"Mat\u011bj Kov\u00e1\u0159\" onerror=\"this.onerror=null;this.src='https:\/\/soccer.aidatasports.com\/images\/players\/default-player.png';\"><span>Mat\u011bj Kov\u00e1\u0159<\/span><\/a><\/div>\n<div class=\"player\"><a href=\"https:\/\/soccer.aidatasports.com\/pt\/players\/Sergi\u00f1o-Dest-38735\"><img decoding=\"async\" src=\"https:\/\/soccer.aidatasports.com\/images\/players\/38735.png\" alt=\"Sergi\u00f1o Dest\" onerror=\"this.onerror=null;this.src='https:\/\/soccer.aidatasports.com\/images\/players\/default-player.png';\"><span>Sergi\u00f1o Dest<\/span><\/a><\/div>\n<div class=\"player\"><a href=\"https:\/\/soccer.aidatasports.com\/pt\/players\/Jerdy-Schouten-37890\"><img decoding=\"async\" src=\"https:\/\/soccer.aidatasports.com\/images\/players\/37890.png\" alt=\"Jerdy Schouten\" onerror=\"this.onerror=null;this.src='https:\/\/soccer.aidatasports.com\/images\/players\/default-player.png';\"><span>Jerdy Schouten<\/span><\/a><\/div>\n<div class=\"player\"><a href=\"https:\/\/soccer.aidatasports.com\/pt\/players\/Yarek-Gasiorowski-361385\"><img decoding=\"async\" src=\"https:\/\/soccer.aidatasports.com\/images\/players\/361385.png\" alt=\"Yarek Gasiorowski\" onerror=\"this.onerror=null;this.src='https:\/\/soccer.aidatasports.com\/images\/players\/default-player.png';\"><span>Yarek Gasiorowski<\/span><\/a><\/div>\n<div class=\"player\"><a href=\"https:\/\/soccer.aidatasports.com\/pt\/players\/Anass-Salah-Eddine-162451\"><img decoding=\"async\" src=\"https:\/\/soccer.aidatasports.com\/images\/players\/162451.png\" alt=\"Anass Salah-Eddine\" onerror=\"this.onerror=null;this.src='https:\/\/soccer.aidatasports.com\/images\/players\/default-player.png';\"><span>Anass Salah-Eddine<\/span><\/a><\/div>\n<div class=\"player\"><a href=\"https:\/\/soccer.aidatasports.com\/pt\/players\/Mauro-J\u00fanior-233\"><img decoding=\"async\" src=\"https:\/\/soccer.aidatasports.com\/images\/players\/233.png\" alt=\"Mauro J\u00fanior\" onerror=\"this.onerror=null;this.src='https:\/\/soccer.aidatasports.com\/images\/players\/default-player.png';\"><span>Mauro J\u00fanior<\/span><\/a><\/div>\n<div class=\"player\"><a href=\"https:\/\/soccer.aidatasports.com\/pt\/players\/Joey-Veerman-37749\"><img decoding=\"async\" src=\"https:\/\/soccer.aidatasports.com\/images\/players\/37749.png\" alt=\"Joey Veerman\" onerror=\"this.onerror=null;this.src='https:\/\/soccer.aidatasports.com\/images\/players\/default-player.png';\"><span>Joey Veerman<\/span><\/a><\/div>\n<div class=\"player\"><a href=\"https:\/\/soccer.aidatasports.com\/pt\/players\/Dennis-Man-43036\"><img decoding=\"async\" src=\"https:\/\/soccer.aidatasports.com\/images\/players\/43036.png\" alt=\"Dennis Man\" onerror=\"this.onerror=null;this.src='https:\/\/soccer.aidatasports.com\/images\/players\/default-player.png';\"><span>Dennis Man<\/span><\/a><\/div>\n<div class=\"player\"><a href=\"https:\/\/soccer.aidatasports.com\/pt\/players\/Ismael-Saibari-161897\"><img decoding=\"async\" src=\"https:\/\/soccer.aidatasports.com\/images\/players\/161897.png\" alt=\"Ismael Saibari\" onerror=\"this.onerror=null;this.src='https:\/\/soccer.aidatasports.com\/images\/players\/default-player.png';\"><span>Ismael Saibari<\/span><\/a><\/div>\n<div class=\"player\"><a href=\"https:\/\/soccer.aidatasports.com\/pt\/players\/Couhaib-Driouech-272543\"><img decoding=\"async\" src=\"https:\/\/soccer.aidatasports.com\/images\/players\/272543.png\" alt=\"Couhaib Driouech\" onerror=\"this.onerror=null;this.src='https:\/\/soccer.aidatasports.com\/images\/players\/default-player.png';\"><span>Couhaib Driouech<\/span><\/a><\/div>\n<div class=\"player\"><a href=\"https:\/\/soccer.aidatasports.com\/pt\/players\/Guus-Til-36905\"><img decoding=\"async\" src=\"https:\/\/soccer.aidatasports.com\/images\/players\/36905.png\" alt=\"Guus Til\" onerror=\"this.onerror=null;this.src='https:\/\/soccer.aidatasports.com\/images\/players\/default-player.png';\"><span>Guus Til<\/span><\/a><\/div>\n<\/div>\n<div>\n<h4>Suplentes:<\/h4>\n<div class=\"player\"><a href=\"https:\/\/soccer.aidatasports.com\/pt\/players\/Niek-Schiks-328193\"><img decoding=\"async\" src=\"https:\/\/soccer.aidatasports.com\/images\/players\/328193.png\" alt=\"Niek Schiks\" onerror=\"this.onerror=null;this.src='https:\/\/soccer.aidatasports.com\/images\/players\/default-player.png';\"><span>Niek Schiks<\/span><\/a><\/div>\n<div class=\"player\"><a href=\"https:\/\/soccer.aidatasports.com\/pt\/players\/Nick-Olij-37818\"><img decoding=\"async\" src=\"https:\/\/soccer.aidatasports.com\/images\/players\/37818.png\" alt=\"Nick Olij\" onerror=\"this.onerror=null;this.src='https:\/\/soccer.aidatasports.com\/images\/players\/default-player.png';\"><span>Nick Olij<\/span><\/a><\/div>\n<div class=\"player\"><a href=\"https:\/\/soccer.aidatasports.com\/pt\/players\/Adamo-Nagalo-307426\"><img decoding=\"async\" src=\"https:\/\/soccer.aidatasports.com\/images\/players\/307426.png\" alt=\"Adamo Nagalo\" onerror=\"this.onerror=null;this.src='https:\/\/soccer.aidatasports.com\/images\/players\/default-player.png';\"><span>Adamo Nagalo<\/span><\/a><\/div>\n<div class=\"player\"><a href=\"https:\/\/soccer.aidatasports.com\/pt\/players\/Armando-Obispo-228\"><img decoding=\"async\" src=\"https:\/\/soccer.aidatasports.com\/images\/players\/228.png\" alt=\"Armando Obispo\" onerror=\"this.onerror=null;this.src='https:\/\/soccer.aidatasports.com\/images\/players\/default-player.png';\"><span>Armando Obispo<\/span><\/a><\/div>\n<div class=\"player\"><a href=\"https:\/\/soccer.aidatasports.com\/pt\/players\/Ryan-Flamingo-342054\"><img decoding=\"async\" src=\"https:\/\/soccer.aidatasports.com\/images\/players\/342054.png\" alt=\"Ryan Flamingo\" onerror=\"this.onerror=null;this.src='https:\/\/soccer.aidatasports.com\/images\/players\/default-player.png';\"><span>Ryan Flamingo<\/span><\/a><\/div>\n<div class=\"player\"><a href=\"https:\/\/soccer.aidatasports.com\/pt\/players\/Paul-Wanner-327895\"><img decoding=\"async\" src=\"https:\/\/soccer.aidatasports.com\/images\/players\/327895.png\" alt=\"Paul Wanner\" onerror=\"this.onerror=null;this.src='https:\/\/soccer.aidatasports.com\/images\/players\/default-player.png';\"><span>Paul Wanner<\/span><\/a><\/div>\n<div class=\"player\"><a href=\"https:\/\/soccer.aidatasports.com\/pt\/players\/Ivan-Peri\u0161i\u0107-207\"><img decoding=\"async\" src=\"https:\/\/soccer.aidatasports.com\/images\/players\/207.png\" alt=\"Ivan Peri\u0161i\u0107\" onerror=\"this.onerror=null;this.src='https:\/\/soccer.aidatasports.com\/images\/players\/default-player.png';\"><span>Ivan Peri\u0161i\u0107<\/span><\/a><\/div>\n<div class=\"player\"><a href=\"https:\/\/soccer.aidatasports.com\/pt\/players\/Noah-Fernandez-474550\"><img decoding=\"async\" src=\"https:\/\/soccer.aidatasports.com\/images\/players\/474550.png\" alt=\"Noah Fernandez\" onerror=\"this.onerror=null;this.src='https:\/\/soccer.aidatasports.com\/images\/players\/default-player.png';\"><span>Noah Fernandez<\/span><\/a><\/div>\n<div class=\"player\"><a href=\"https:\/\/soccer.aidatasports.com\/pt\/players\/Esmir-Bajraktarevi\u0107-329409\"><img decoding=\"async\" src=\"https:\/\/soccer.aidatasports.com\/images\/players\/329409.png\" alt=\"Esmir Bajraktarevi\u0107\" onerror=\"this.onerror=null;this.src='https:\/\/soccer.aidatasports.com\/images\/players\/default-player.png';\"><span>Esmir Bajraktarevi\u0107<\/span><\/a><\/div>\n<div class=\"player\"><a href=\"https:\/\/soccer.aidatasports.com\/pt\/players\/Robin-van-Duiven-419629\"><img decoding=\"async\" src=\"https:\/\/soccer.aidatasports.com\/images\/players\/419629.png\" alt=\"Robin van Duiven\" onerror=\"this.onerror=null;this.src='https:\/\/soccer.aidatasports.com\/images\/players\/default-player.png';\"><span>Robin van Duiven<\/span><\/a><\/div>\n<\/div>\n<\/div>\n<\/div>\n<\/div>\n<div id=\"wg-api-football-game\"\n                    data-host=\"xxxxx\"\n                    data-key=\"xxxx\"\n                    data-id=\"1380933\"\n                    data-theme=\"\"\n                    data-refresh=\"15\"\n                    data-show-errors=\"false\"\n                    data-show-logos=\"true\"><br \/>\n                    class=&#8221;wg_loader&#8221;>\n                <\/div>\n<div id=\"wg-api-football-standings\"\n                    data-host=\"xxxx\"\n                    data-key=\"ddddd\"\n                    data-league=\"88\"\n                    data-team=\"\"\n                    data-season=\"2025\"\n                    data-theme=\"\"\n                    data-show-errors=\"false\"\n                    data-show-logos=\"true\"\n                    class=\"wg_loader\">\n                <\/div>\n<p>                <script\n                    type=\"module\"\n                    src=\"https:\/\/soccer.aidatasports.com\/wp-content\/customjs\/widgetslocal.js\">\n                <\/script><\/p>\n","protected":false},"excerpt":{"rendered":"<p>Not\u00edcia em Portugu\u00eas: PSV Eindhoven Domina PEC Zwolle em Vit\u00f3ria Convincente Zwolle, Pa\u00edses Baixos \u2013&hellip;<\/p>\n","protected":false},"author":1,"featured_media":101738,"comment_status":"open","ping_status":"open","sticky":false,"template":"","format":"standard","meta":{"content-type":"","pmpro_default_level":"","_lmt_disableupdate":"","_lmt_disable":"","_league":15837,"_fixture":1380933,"penci_pfeatured_image_ratio":"","penci_single_style":"","footnotes":""},"categories":[15837],"tags":[316,320],"class_list":["post-101739","post","type-post","status-publish","format-standard","has-post-thumbnail","hentry","category-matches","tag-pec-zwolle-netherlands-193","tag-psv-eindhoven-netherlands-197","pmpro-has-access"],"_links":{"self":[{"href":"https:\/\/soccer.aidatasports.com\/pt\/wp-json\/wp\/v2\/posts\/101739"}],"collection":[{"href":"https:\/\/soccer.aidatasports.com\/pt\/wp-json\/wp\/v2\/posts"}],"about":[{"href":"https:\/\/soccer.aidatasports.com\/pt\/wp-json\/wp\/v2\/types\/post"}],"author":[{"embeddable":true,"href":"https:\/\/soccer.aidatasports.com\/pt\/wp-json\/wp\/v2\/users\/1"}],"replies":[{"embeddable":true,"href":"https:\/\/soccer.aidatasports.com\/pt\/wp-json\/wp\/v2\/comments?post=101739"}],"version-history":[{"count":0,"href":"https:\/\/soccer.aidatasports.com\/pt\/wp-json\/wp\/v2\/posts\/101739\/revisions"}],"wp:featuredmedia":[{"embeddable":true,"href":"https:\/\/soccer.aidatasports.com\/pt\/wp-json\/wp\/v2\/media\/101738"}],"wp:attachment":[{"href":"https:\/\/soccer.aidatasports.com\/pt\/wp-json\/wp\/v2\/media?parent=101739"}],"wp:term":[{"taxonomy":"category","embeddable":true,"href":"https:\/\/soccer.aidatasports.com\/pt\/wp-json\/wp\/v2\/categories?post=101739"},{"taxonomy":"post_tag","embeddable":true,"href":"https:\/\/soccer.aidatasports.com\/pt\/wp-json\/wp\/v2\/tags?post=101739"}],"curies":[{"name":"wp","href":"https:\/\/api.w.org\/{rel}","templated":true}]}}