{"id":99864,"date":"2025-08-14T09:53:10","date_gmt":"2025-08-14T09:53:10","guid":{"rendered":"https:\/\/soccer.aidatasports.com\/fr\/uncategorized\/cusco-vs-alianza-lima-jul-19-2025-2300-utc\/"},"modified":"2025-08-14T09:53:10","modified_gmt":"2025-08-14T09:53:10","slug":"cusco-vs-alianza-lima-jul-19-2025-2300-utc","status":"publish","type":"post","link":"https:\/\/soccer.aidatasports.com\/fr\/matches\/cusco-vs-alianza-lima-jul-19-2025-2300-utc\/","title":{"rendered":"Cusco vs Alianza Lima Jul 19 2025 23:00 UTC"},"content":{"rendered":"<p><strong>Fran\u00e7ais<\/strong><\/p>\n<p><strong>Cusco Soumet Alianza Lima dans un Match Domin\u00e9<\/strong><\/p>\n<p>Cusco, P\u00e9rou &#8211; Lors d&rsquo;un match disput\u00e9 \u00e0 l&rsquo;Estadio Inca Garcilaso de la Vega, Cusco a affirm\u00e9 sa domination et remport\u00e9 une victoire contre Alianza Lima. Le match, correspondant \u00e0 la premi\u00e8re journ\u00e9e du Clausura de la Primera Divisi\u00f3n p\u00e9ruvienne, s&rsquo;est conclu par un score favorable \u00e0 l&rsquo;\u00e9quipe locale.<\/p>\n<p>D\u00e8s le coup de sifflet initial, Cusco a montr\u00e9 son intention de contr\u00f4ler le match, maintenant la possession du ballon pendant 62% du temps. Cependant, la premi\u00e8re mi-temps s&rsquo;est d\u00e9roul\u00e9e sans but, marqu\u00e9e par un jeu physique qui a entra\u00een\u00e9 un carton jaune pour A. Fuentes de Cusco \u00e0 la 13e minute.<\/p>\n<p>La seconde mi-temps a \u00e9t\u00e9 le th\u00e9\u00e2tre de l&rsquo;action. N. Silva a ouvert le score pour Cusco \u00e0 la 52e minute, sur une passe d\u00e9cisive de L. Colitto. Cusco a continu\u00e9 \u00e0 presser et, \u00e0 la 64e minute, F. Callejo a augment\u00e9 l&rsquo;avance, cette fois gr\u00e2ce \u00e0 une passe d\u00e9cisive de I. Colman.<\/p>\n<p>Alianza Lima, avec 38% de possession, a tent\u00e9 de r\u00e9agir et a g\u00e9n\u00e9r\u00e9 10 tirs, dont seulement 3 cadr\u00e9s. Cependant, la d\u00e9fense de Cusco est rest\u00e9e solide. Le match a \u00e9t\u00e9 interrompu par plusieurs cartons jaunes, notamment P. Cari et M. Succar pour Alianza Lima, et M. Ruidias, I. Colman, M. Aucca et J. Tevez pour Cusco.<\/p>\n<p>Cusco a termin\u00e9 le match avec 17 tirs (6 cadr\u00e9s et 10 non cadr\u00e9s) et 7 corners, tandis qu&rsquo;Alianza Lima n&rsquo;a obtenu que 3 corners. L&rsquo;arbitre Daniel Ureta a contr\u00f4l\u00e9 le match avec fermet\u00e9, distribuant un total de sept cartons jaunes.<\/p>\n<p>Remplacements dans l&rsquo;quipe de alianza lima: \u00c0 la 46e minute, M. Huaman est entr\u00e9 et J. Castillo est sorti., \u00c0 la 61e minute, P. Cari est entr\u00e9 et K. Quevedo est sorti., \u00c0 la 61e minute, J. Archimbaud est entr\u00e9 et A. Burlamaqui est sorti., \u00c0 la 72e minute, G. Gentile est entr\u00e9 et M. Succar est sorti. <\/p>\n<p>Remplacements dans l&rsquo;quipe de cusco: \u00c0 la 73e minute, M. Ruidias est entr\u00e9 et J. Zevallos est sorti., \u00c0 la 82e minute, F. Callejo est entr\u00e9 et J. Tevez est sorti., \u00c0 la 82e minute, N. Silva est entr\u00e9 et A. Milesi est sorti., \u00c0 la 87e minute, L. Colitto est entr\u00e9 et M. Aucca est sorti. <\/p>\n<p>Les \u00e9quipes se sont align\u00e9es comme suit:<\/p>\n<div class=\"lineups-container\">\n<style>\n                .lineups-container {\n                    display: flex;\n                    justify-content: space-around;\n                    flex-wrap: wrap;\n                }\n                .team-lineup {\n                    width: 49%;\n                    margin-bottom: 20px;\n                    border: 1px solid #ccc;\n                    padding: 5px;\n                }\n                .team-lineup h3 {\n                    text-align: center;\n                    margin-bottom: 10px;\n                }\n                .players-container {\n                    display: flex;\n                    justify-content: space-between;\n                }\n                .players-container div {\n                    width: 100%;\n                }\n                .player {\n                    display: flex;\n                    align-items: center;\n                    margin-bottom: 5px;\n                }\n                .player img {\n                    width: 30px;\n                    height: 30px;\n                    border-radius: 50%;\n                    margin-right: 10px;\n                }\n                    @media (max-width: 600px) {\n                    .team-lineup {\n                        width: 100%;\n                    }\n                }\n                <\/style>\n<div class=\"team-lineup\">\n<h3>Cusco<\/h3>\n<p><img decoding=\"async\" src=\"https:\/\/media.api-sports.io\/football\/teams\/10013.png\" alt=\"Cusco\" style=\"width: 50px; height: 50px;\"><\/p>\n<div class=\"players-container\">\n<div>\n<h4>Titulares:<\/h4>\n<div class=\"player\"><a href=\"https:\/\/soccer.aidatasports.com\/fr\/players\/Pedro-Diaz-39498\"><img decoding=\"async\" src=\"https:\/\/soccer.aidatasports.com\/images\/players\/39498.png\" alt=\"Pedro Diaz\" onerror=\"this.onerror=null;this.src='https:\/\/soccer.aidatasports.com\/images\/players\/default-player.png';\"><span>Pedro Diaz<\/span><\/a><\/div>\n<div class=\"player\"><a href=\"https:\/\/soccer.aidatasports.com\/fr\/players\/Marlon-Ruid\u00edas-196673\"><img decoding=\"async\" src=\"https:\/\/soccer.aidatasports.com\/images\/players\/196673.png\" alt=\"Marlon Ruid\u00edas\" onerror=\"this.onerror=null;this.src='https:\/\/soccer.aidatasports.com\/images\/players\/default-player.png';\"><span>Marlon Ruid\u00edas<\/span><\/a><\/div>\n<div class=\"player\"><a href=\"https:\/\/soccer.aidatasports.com\/fr\/players\/Aldair-Fuentes-39425\"><img decoding=\"async\" src=\"https:\/\/soccer.aidatasports.com\/images\/players\/39425.png\" alt=\"Aldair Fuentes\" onerror=\"this.onerror=null;this.src='https:\/\/soccer.aidatasports.com\/images\/players\/default-player.png';\"><span>Aldair Fuentes<\/span><\/a><\/div>\n<div class=\"player\"><a href=\"https:\/\/soccer.aidatasports.com\/fr\/players\/Carlos-Gamarra-39630\"><img decoding=\"async\" src=\"https:\/\/soccer.aidatasports.com\/images\/players\/39630.png\" alt=\"Carlos Gamarra\" onerror=\"this.onerror=null;this.src='https:\/\/soccer.aidatasports.com\/images\/players\/default-player.png';\"><span>Carlos Gamarra<\/span><\/a><\/div>\n<div class=\"player\"><a href=\"https:\/\/soccer.aidatasports.com\/fr\/players\/Alvaro-Ampuero-39590\"><img decoding=\"async\" src=\"https:\/\/soccer.aidatasports.com\/images\/players\/39590.png\" alt=\"Alvaro Ampuero\" onerror=\"this.onerror=null;this.src='https:\/\/soccer.aidatasports.com\/images\/players\/default-player.png';\"><span>Alvaro Ampuero<\/span><\/a><\/div>\n<div class=\"player\"><a href=\"https:\/\/soccer.aidatasports.com\/fr\/players\/Carlos-Diez-39618\"><img decoding=\"async\" src=\"https:\/\/soccer.aidatasports.com\/images\/players\/39618.png\" alt=\"Carlos Diez\" onerror=\"this.onerror=null;this.src='https:\/\/soccer.aidatasports.com\/images\/players\/default-player.png';\"><span>Carlos Diez<\/span><\/a><\/div>\n<div class=\"player\"><a href=\"https:\/\/soccer.aidatasports.com\/fr\/players\/Oswaldo-Valenzuela-39430\"><img decoding=\"async\" src=\"https:\/\/soccer.aidatasports.com\/images\/players\/39430.png\" alt=\"Oswaldo Valenzuela\" onerror=\"this.onerror=null;this.src='https:\/\/soccer.aidatasports.com\/images\/players\/default-player.png';\"><span>Oswaldo Valenzuela<\/span><\/a><\/div>\n<div class=\"player\"><a href=\"https:\/\/soccer.aidatasports.com\/fr\/players\/Nicol\u00e1s-Silva-6390\"><img decoding=\"async\" src=\"https:\/\/soccer.aidatasports.com\/images\/players\/6390.png\" alt=\"Nicol\u00e1s Silva\" onerror=\"this.onerror=null;this.src='https:\/\/soccer.aidatasports.com\/images\/players\/default-player.png';\"><span>Nicol\u00e1s Silva<\/span><\/a><\/div>\n<div class=\"player\"><a href=\"https:\/\/soccer.aidatasports.com\/fr\/players\/Iv\u00e1n-Colman-6273\"><img decoding=\"async\" src=\"https:\/\/soccer.aidatasports.com\/images\/players\/6273.png\" alt=\"Iv\u00e1n Colman\" onerror=\"this.onerror=null;this.src='https:\/\/soccer.aidatasports.com\/images\/players\/default-player.png';\"><span>Iv\u00e1n Colman<\/span><\/a><\/div>\n<div class=\"player\"><a href=\"https:\/\/soccer.aidatasports.com\/fr\/players\/Lucas-Colitto-59218\"><img decoding=\"async\" src=\"https:\/\/soccer.aidatasports.com\/images\/players\/59218.png\" alt=\"Lucas Colitto\" onerror=\"this.onerror=null;this.src='https:\/\/soccer.aidatasports.com\/images\/players\/default-player.png';\"><span>Lucas Colitto<\/span><\/a><\/div>\n<div class=\"player\"><a href=\"https:\/\/soccer.aidatasports.com\/fr\/players\/Facundo-Callejo-5709\"><img decoding=\"async\" src=\"https:\/\/soccer.aidatasports.com\/images\/players\/5709.png\" alt=\"Facundo Callejo\" onerror=\"this.onerror=null;this.src='https:\/\/soccer.aidatasports.com\/images\/players\/default-player.png';\"><span>Facundo Callejo<\/span><\/a><\/div>\n<\/div>\n<div>\n<h4>Suplentes:<\/h4>\n<div class=\"player\"><a href=\"https:\/\/soccer.aidatasports.com\/fr\/players\/Jos\u00e9-Zevallos-39876\"><img decoding=\"async\" src=\"https:\/\/soccer.aidatasports.com\/images\/players\/39876.png\" alt=\"Jos\u00e9 Zevallos\" onerror=\"this.onerror=null;this.src='https:\/\/soccer.aidatasports.com\/images\/players\/default-player.png';\"><span>Jos\u00e9 Zevallos<\/span><\/a><\/div>\n<div class=\"player\"><a href=\"https:\/\/soccer.aidatasports.com\/fr\/players\/Alessandro-Milesi-32211\"><img decoding=\"async\" src=\"https:\/\/soccer.aidatasports.com\/images\/players\/32211.png\" alt=\"Alessandro Milesi\" onerror=\"this.onerror=null;this.src='https:\/\/soccer.aidatasports.com\/images\/players\/default-player.png';\"><span>Alessandro Milesi<\/span><\/a><\/div>\n<div class=\"player\"><a href=\"https:\/\/soccer.aidatasports.com\/fr\/players\/Juan-T\u00e9vez-16543\"><img decoding=\"async\" src=\"https:\/\/soccer.aidatasports.com\/images\/players\/16543.png\" alt=\"Juan T\u00e9vez\" onerror=\"this.onerror=null;this.src='https:\/\/soccer.aidatasports.com\/images\/players\/default-player.png';\"><span>Juan T\u00e9vez<\/span><\/a><\/div>\n<div class=\"player\"><a href=\"https:\/\/soccer.aidatasports.com\/fr\/players\/Miguel-Aucca-39694\"><img decoding=\"async\" src=\"https:\/\/soccer.aidatasports.com\/images\/players\/39694.png\" alt=\"Miguel Aucca\" onerror=\"this.onerror=null;this.src='https:\/\/soccer.aidatasports.com\/images\/players\/default-player.png';\"><span>Miguel Aucca<\/span><\/a><\/div>\n<div class=\"player\"><a href=\"https:\/\/soccer.aidatasports.com\/fr\/players\/Andy-Vidal-39475\"><img decoding=\"async\" src=\"https:\/\/soccer.aidatasports.com\/images\/players\/39475.png\" alt=\"Andy Vidal\" onerror=\"this.onerror=null;this.src='https:\/\/soccer.aidatasports.com\/images\/players\/default-player.png';\"><span>Andy Vidal<\/span><\/a><\/div>\n<div class=\"player\"><a href=\"https:\/\/soccer.aidatasports.com\/fr\/players\/Alex-Miguel-Custodio-200567\"><img decoding=\"async\" src=\"https:\/\/soccer.aidatasports.com\/images\/players\/200567.png\" alt=\"Alex Miguel Custodio\" onerror=\"this.onerror=null;this.src='https:\/\/soccer.aidatasports.com\/images\/players\/default-player.png';\"><span>Alex Miguel Custodio<\/span><\/a><\/div>\n<div class=\"player\"><a href=\"https:\/\/soccer.aidatasports.com\/fr\/players\/Pierre-Da-Silva-102919\"><img decoding=\"async\" src=\"https:\/\/soccer.aidatasports.com\/images\/players\/102919.png\" alt=\"Pierre Da Silva\" onerror=\"this.onerror=null;this.src='https:\/\/soccer.aidatasports.com\/images\/players\/default-player.png';\"><span>Pierre Da Silva<\/span><\/a><\/div>\n<div class=\"player\"><a href=\"https:\/\/soccer.aidatasports.com\/fr\/players\/Anthony-Aoki-39788\"><img decoding=\"async\" src=\"https:\/\/soccer.aidatasports.com\/images\/players\/39788.png\" alt=\"Anthony Aoki\" onerror=\"this.onerror=null;this.src='https:\/\/soccer.aidatasports.com\/images\/players\/default-player.png';\"><span>Anthony Aoki<\/span><\/a><\/div>\n<div class=\"player\"><a href=\"https:\/\/soccer.aidatasports.com\/fr\/players\/Santiago-G\u00e1lvez-404369\"><img decoding=\"async\" src=\"https:\/\/soccer.aidatasports.com\/images\/players\/404369.png\" alt=\"Santiago G\u00e1lvez\" onerror=\"this.onerror=null;this.src='https:\/\/soccer.aidatasports.com\/images\/players\/default-player.png';\"><span>Santiago G\u00e1lvez<\/span><\/a><\/div>\n<\/div>\n<\/div>\n<\/div>\n<div class=\"team-lineup\">\n<h3>Alianza Lima<\/h3>\n<p><img decoding=\"async\" src=\"https:\/\/media.api-sports.io\/football\/teams\/2553.png\" alt=\"Alianza Lima\" style=\"width: 50px; height: 50px;\"><\/p>\n<div class=\"players-container\">\n<div>\n<h4>Titulares:<\/h4>\n<div class=\"player\"><a href=\"https:\/\/soccer.aidatasports.com\/fr\/players\/Guillermo-Viscarra-65681\"><img decoding=\"async\" src=\"https:\/\/soccer.aidatasports.com\/images\/players\/65681.png\" alt=\"Guillermo Viscarra\" onerror=\"this.onerror=null;this.src='https:\/\/soccer.aidatasports.com\/images\/players\/default-player.png';\"><span>Guillermo Viscarra<\/span><\/a><\/div>\n<div class=\"player\"><a href=\"https:\/\/soccer.aidatasports.com\/fr\/players\/Marco-Huaman-291686\"><img decoding=\"async\" src=\"https:\/\/soccer.aidatasports.com\/images\/players\/291686.png\" alt=\"Marco Huaman\" onerror=\"this.onerror=null;this.src='https:\/\/soccer.aidatasports.com\/images\/players\/default-player.png';\"><span>Marco Huaman<\/span><\/a><\/div>\n<div class=\"player\"><a href=\"https:\/\/soccer.aidatasports.com\/fr\/players\/Josu\u00e9-Estrada-39815\"><img decoding=\"async\" src=\"https:\/\/soccer.aidatasports.com\/images\/players\/39815.png\" alt=\"Josu\u00e9 Estrada\" onerror=\"this.onerror=null;this.src='https:\/\/soccer.aidatasports.com\/images\/players\/default-player.png';\"><span>Josu\u00e9 Estrada<\/span><\/a><\/div>\n<div class=\"player\"><a href=\"https:\/\/soccer.aidatasports.com\/fr\/players\/Carlos-Zambrano-48379\"><img decoding=\"async\" src=\"https:\/\/soccer.aidatasports.com\/images\/players\/48379.png\" alt=\"Carlos Zambrano\" onerror=\"this.onerror=null;this.src='https:\/\/soccer.aidatasports.com\/images\/players\/default-player.png';\"><span>Carlos Zambrano<\/span><\/a><\/div>\n<div class=\"player\"><a href=\"https:\/\/soccer.aidatasports.com\/fr\/players\/Renzo-Garces-39534\"><img decoding=\"async\" src=\"https:\/\/soccer.aidatasports.com\/images\/players\/39534.png\" alt=\"Renzo Garces\" onerror=\"this.onerror=null;this.src='https:\/\/soccer.aidatasports.com\/images\/players\/default-player.png';\"><span>Renzo Garces<\/span><\/a><\/div>\n<div class=\"player\"><a href=\"https:\/\/soccer.aidatasports.com\/fr\/players\/Ricardo-Lagos-39505\"><img decoding=\"async\" src=\"https:\/\/soccer.aidatasports.com\/images\/players\/39505.png\" alt=\"Ricardo Lagos\" onerror=\"this.onerror=null;this.src='https:\/\/soccer.aidatasports.com\/images\/players\/default-player.png';\"><span>Ricardo Lagos<\/span><\/a><\/div>\n<div class=\"player\"><a href=\"https:\/\/soccer.aidatasports.com\/fr\/players\/Piero-Cari-505529\"><img decoding=\"async\" src=\"https:\/\/soccer.aidatasports.com\/images\/players\/505529.png\" alt=\"Piero Cari\" onerror=\"this.onerror=null;this.src='https:\/\/soccer.aidatasports.com\/images\/players\/default-player.png';\"><span>Piero Cari<\/span><\/a><\/div>\n<div class=\"player\"><a href=\"https:\/\/soccer.aidatasports.com\/fr\/players\/Gaspar-Gentile-58779\"><img decoding=\"async\" src=\"https:\/\/soccer.aidatasports.com\/images\/players\/58779.png\" alt=\"Gaspar Gentile\" onerror=\"this.onerror=null;this.src='https:\/\/soccer.aidatasports.com\/images\/players\/default-player.png';\"><span>Gaspar Gentile<\/span><\/a><\/div>\n<div class=\"player\"><a href=\"https:\/\/soccer.aidatasports.com\/fr\/players\/Jean-Pierre-Archimbaud-39693\"><img decoding=\"async\" src=\"https:\/\/soccer.aidatasports.com\/images\/players\/39693.png\" alt=\"Jean Pierre Archimbaud\" onerror=\"this.onerror=null;this.src='https:\/\/soccer.aidatasports.com\/images\/players\/default-player.png';\"><span>Jean Pierre Archimbaud<\/span><\/a><\/div>\n<div class=\"player\"><a href=\"https:\/\/soccer.aidatasports.com\/fr\/players\/Hern\u00e1n-Barcos-13308\"><img decoding=\"async\" src=\"https:\/\/soccer.aidatasports.com\/images\/players\/13308.png\" alt=\"Hern\u00e1n Barcos\" onerror=\"this.onerror=null;this.src='https:\/\/soccer.aidatasports.com\/images\/players\/default-player.png';\"><span>Hern\u00e1n Barcos<\/span><\/a><\/div>\n<div class=\"player\"><a href=\"https:\/\/soccer.aidatasports.com\/fr\/players\/Pablo-Ceppelini-13293\"><img decoding=\"async\" src=\"https:\/\/soccer.aidatasports.com\/images\/players\/13293.png\" alt=\"Pablo Ceppelini\" onerror=\"this.onerror=null;this.src='https:\/\/soccer.aidatasports.com\/images\/players\/default-player.png';\"><span>Pablo Ceppelini<\/span><\/a><\/div>\n<\/div>\n<div>\n<h4>Suplentes:<\/h4>\n<div class=\"player\"><a href=\"https:\/\/soccer.aidatasports.com\/fr\/players\/Jes\u00fas-Castillo-39388\"><img decoding=\"async\" src=\"https:\/\/soccer.aidatasports.com\/images\/players\/39388.png\" alt=\"Jes\u00fas Castillo\" onerror=\"this.onerror=null;this.src='https:\/\/soccer.aidatasports.com\/images\/players\/default-player.png';\"><span>Jes\u00fas Castillo<\/span><\/a><\/div>\n<div class=\"player\"><a href=\"https:\/\/soccer.aidatasports.com\/fr\/players\/Alessandro-Burlamaqui-313058\"><img decoding=\"async\" src=\"https:\/\/soccer.aidatasports.com\/images\/players\/313058.png\" alt=\"Alessandro Burlamaqui\" onerror=\"this.onerror=null;this.src='https:\/\/soccer.aidatasports.com\/images\/players\/default-player.png';\"><span>Alessandro Burlamaqui<\/span><\/a><\/div>\n<div class=\"player\"><a href=\"https:\/\/soccer.aidatasports.com\/fr\/players\/Kevin-Quevedo-39433\"><img decoding=\"async\" src=\"https:\/\/soccer.aidatasports.com\/images\/players\/39433.png\" alt=\"Kevin Quevedo\" onerror=\"this.onerror=null;this.src='https:\/\/soccer.aidatasports.com\/images\/players\/default-player.png';\"><span>Kevin Quevedo<\/span><\/a><\/div>\n<div class=\"player\"><a href=\"https:\/\/soccer.aidatasports.com\/fr\/players\/Mat\u00edas-Succar-63979\"><img decoding=\"async\" src=\"https:\/\/soccer.aidatasports.com\/images\/players\/63979.png\" alt=\"Mat\u00edas Succar\" onerror=\"this.onerror=null;this.src='https:\/\/soccer.aidatasports.com\/images\/players\/default-player.png';\"><span>Mat\u00edas Succar<\/span><\/a><\/div>\n<div class=\"player\"><a href=\"https:\/\/soccer.aidatasports.com\/fr\/players\/\u00c1ngelo-Campos-39614\"><img decoding=\"async\" src=\"https:\/\/soccer.aidatasports.com\/images\/players\/39614.png\" alt=\"\u00c1ngelo Campos\" onerror=\"this.onerror=null;this.src='https:\/\/soccer.aidatasports.com\/images\/players\/default-player.png';\"><span>\u00c1ngelo Campos<\/span><\/a><\/div>\n<div class=\"player\"><a href=\"https:\/\/soccer.aidatasports.com\/fr\/players\/Carlos-Daniel-G\u00f3mez-Cassani-350936\"><img decoding=\"async\" src=\"https:\/\/soccer.aidatasports.com\/images\/players\/350936.png\" alt=\"Carlos Daniel G\u00f3mez Cassani\" onerror=\"this.onerror=null;this.src='https:\/\/soccer.aidatasports.com\/images\/players\/default-player.png';\"><span>Carlos Daniel G\u00f3mez Cassani<\/span><\/a><\/div>\n<div class=\"player\"><a href=\"https:\/\/soccer.aidatasports.com\/fr\/players\/Jhoao-Velasquez-363129\"><img decoding=\"async\" src=\"https:\/\/soccer.aidatasports.com\/images\/players\/363129.png\" alt=\"Jhoao Velasquez\" onerror=\"this.onerror=null;this.src='https:\/\/soccer.aidatasports.com\/images\/players\/default-player.png';\"><span>Jhoao Velasquez<\/span><\/a><\/div>\n<div class=\"player\"><a href=\"https:\/\/soccer.aidatasports.com\/fr\/players\/Jhamir-D'Arrigo-196645\"><img decoding=\"async\" src=\"https:\/\/soccer.aidatasports.com\/images\/players\/196645.png\" alt=\"Jhamir D'Arrigo\" onerror=\"this.onerror=null;this.src='https:\/\/soccer.aidatasports.com\/images\/players\/default-player.png';\"><span>Jhamir D&rsquo;Arrigo<\/span><\/a><\/div>\n<div class=\"player\"><a href=\"https:\/\/soccer.aidatasports.com\/fr\/players\/Mauricio-Arrasco-403601\"><img decoding=\"async\" src=\"https:\/\/soccer.aidatasports.com\/images\/players\/403601.png\" alt=\"Mauricio Arrasco\" onerror=\"this.onerror=null;this.src='https:\/\/soccer.aidatasports.com\/images\/players\/default-player.png';\"><span>Mauricio Arrasco<\/span><\/a><\/div>\n<\/div>\n<\/div>\n<\/div>\n<\/div>\n<div id=\"wg-api-football-game\"\n                    data-host=\"xxxxx\"\n                    data-key=\"xxxx\"\n                    data-id=\"1391874\"\n                    data-theme=\"\"\n                    data-refresh=\"15\"\n                    data-show-errors=\"false\"\n                    data-show-logos=\"true\"><br \/>\n                    class=\u00a0\u00bbwg_loader\u00a0\u00bb>\n                <\/div>\n<div id=\"wg-api-football-standings\"\n                    data-host=\"xxxx\"\n                    data-key=\"ddddd\"\n                    data-league=\"281\"\n                    data-team=\"\"\n                    data-season=\"2025\"\n                    data-theme=\"\"\n                    data-show-errors=\"false\"\n                    data-show-logos=\"true\"\n                    class=\"wg_loader\">\n                <\/div>\n<p>                <script\n                    type=\"module\"\n                    src=\"https:\/\/soccer.aidatasports.com\/wp-content\/customjs\/widgetslocal.js\">\n                <\/script><\/p>\n","protected":false},"excerpt":{"rendered":"<p>Fran\u00e7ais Cusco Soumet Alianza Lima dans un Match Domin\u00e9 Cusco, P\u00e9rou &#8211; Lors d&rsquo;un match&hellip;<\/p>\n","protected":false},"author":1,"featured_media":99863,"comment_status":"open","ping_status":"open","sticky":false,"template":"","format":"standard","meta":{"content-type":"","pmpro_default_level":"","_lmt_disableupdate":"","_lmt_disable":"","_league":15837,"_fixture":1391874,"penci_pfeatured_image_ratio":"","penci_single_style":"","footnotes":""},"categories":[15837],"tags":[2271,7039],"class_list":["post-99864","post","type-post","status-publish","format-standard","has-post-thumbnail","hentry","category-matches","tag-alianza-lima-peru-2553","tag-cusco-peru-10013","pmpro-has-access"],"_links":{"self":[{"href":"https:\/\/soccer.aidatasports.com\/fr\/wp-json\/wp\/v2\/posts\/99864"}],"collection":[{"href":"https:\/\/soccer.aidatasports.com\/fr\/wp-json\/wp\/v2\/posts"}],"about":[{"href":"https:\/\/soccer.aidatasports.com\/fr\/wp-json\/wp\/v2\/types\/post"}],"author":[{"embeddable":true,"href":"https:\/\/soccer.aidatasports.com\/fr\/wp-json\/wp\/v2\/users\/1"}],"replies":[{"embeddable":true,"href":"https:\/\/soccer.aidatasports.com\/fr\/wp-json\/wp\/v2\/comments?post=99864"}],"version-history":[{"count":0,"href":"https:\/\/soccer.aidatasports.com\/fr\/wp-json\/wp\/v2\/posts\/99864\/revisions"}],"wp:featuredmedia":[{"embeddable":true,"href":"https:\/\/soccer.aidatasports.com\/fr\/wp-json\/wp\/v2\/media\/99863"}],"wp:attachment":[{"href":"https:\/\/soccer.aidatasports.com\/fr\/wp-json\/wp\/v2\/media?parent=99864"}],"wp:term":[{"taxonomy":"category","embeddable":true,"href":"https:\/\/soccer.aidatasports.com\/fr\/wp-json\/wp\/v2\/categories?post=99864"},{"taxonomy":"post_tag","embeddable":true,"href":"https:\/\/soccer.aidatasports.com\/fr\/wp-json\/wp\/v2\/tags?post=99864"}],"curies":[{"name":"wp","href":"https:\/\/api.w.org\/{rel}","templated":true}]}}