{"id":99347,"date":"2025-06-29T17:01:00","date_gmt":"2025-06-29T17:01:00","guid":{"rendered":"https:\/\/soccer.aidatasports.com\/fr\/uncategorized\/bryne-vs-ham-kam-jun-29-2025-1500-utc\/"},"modified":"2025-06-29T17:01:00","modified_gmt":"2025-06-29T17:01:00","slug":"bryne-vs-ham-kam-jun-29-2025-1500-utc","status":"publish","type":"post","link":"https:\/\/soccer.aidatasports.com\/fr\/matches\/bryne-vs-ham-kam-jun-29-2025-1500-utc\/","title":{"rendered":"Bryne vs Ham-Kam Jun 29 2025 15:00 UTC"},"content":{"rendered":"<p><strong>Fran\u00e7ais<\/strong><\/p>\n<p><strong>Bryne et Ham-Kam Font Match Nul Dans un Match Disput\u00e9 au Bryne Stadion<\/strong><\/p>\n<p>Bryne et Ham-Kam se sont affront\u00e9s lors d&rsquo;un match serr\u00e9 au Bryne Stadion, qui s&rsquo;est sold\u00e9 par un match nul. K. Lien a donn\u00e9 l&rsquo;avantage \u00e0 Ham-Kam \u00e0 la 20e minute, sur une passe d\u00e9cisive d&rsquo;A. Roaldsoy. Cependant, S. Bojadzic a \u00e9galis\u00e9 pour Bryne d\u00e8s le d\u00e9but de la seconde mi-temps, \u00e0 la 46e minute, suite \u00e0 une passe d\u00e9cisive de D. Moreira.<\/p>\n<p>Bryne a domin\u00e9 la possession avec 64% contre 36% pour Ham-Kam. Bryne a \u00e9galement domin\u00e9 Ham-Kam au niveau des tirs avec 14 tentatives, dont 6 cadr\u00e9es, contre 13 tirs pour Ham-Kam, dont 4 cadr\u00e9s. Le match a \u00e9t\u00e9 perturb\u00e9 par de nombreuses fautes, 14 pour Bryne et 12 pour Ham-Kam. L&rsquo;arbitre a distribu\u00e9 trois cartons jaunes \u00e0 Bryne (L. Sodal, A. Kryger et L. Qvigstad) et deux \u00e0 Ham-Kam (A. Roaldsoy et L. Mares).<\/p>\n<p>Malgr\u00e9 leur sup\u00e9riorit\u00e9 en termes de possession et de nombre de tirs, Bryne n&rsquo;a pas r\u00e9ussi \u00e0 concr\u00e9tiser ses occasions, et le match s&rsquo;est termin\u00e9 par un match nul qui laisse les deux \u00e9quipes sur leur faim.<\/p>\n<p>Remplacements dans l&rsquo;quipe de bryne: \u00c0 la 61e minute, L. Sodal est entr\u00e9 et H. Larsen est sorti., \u00c0 la 78e minute, S. Bojadzic est entr\u00e9 et S. Norheim est sorti., \u00c0 la 78e minute, J. Husebo est entr\u00e9 et M. Thornes est sorti., \u00c0 la 85e minute, L. Qvigstad est entr\u00e9 et D. Gaye est sorti., \u00c0 la 85e minute, A. Scriven est entr\u00e9 et J. Tveita est sorti. <\/p>\n<p>Remplacements dans l&rsquo;quipe de ham-kam: \u00c0 la 71e minute, A. Roaldsoy est entr\u00e9 et F. Sjolstad est sorti., \u00c0 la 81e minute, M. Mawa est entr\u00e9 et J. Gonstad est sorti. <\/p>\n<p>Les \u00e9quipes se sont align\u00e9es comme suit:<\/p>\n<div class=\"lineups-container\">\n<style>\n                .lineups-container {\n                    display: flex;\n                    justify-content: space-around;\n                    flex-wrap: wrap;\n                }\n                .team-lineup {\n                    width: 49%;\n                    margin-bottom: 20px;\n                    border: 1px solid #ccc;\n                    padding: 5px;\n                }\n                .team-lineup h3 {\n                    text-align: center;\n                    margin-bottom: 10px;\n                }\n                .players-container {\n                    display: flex;\n                    justify-content: space-between;\n                }\n                .players-container div {\n                    width: 100%;\n                }\n                .player {\n                    display: flex;\n                    align-items: center;\n                    margin-bottom: 5px;\n                }\n                .player img {\n                    width: 30px;\n                    height: 30px;\n                    border-radius: 50%;\n                    margin-right: 10px;\n                }\n                    @media (max-width: 600px) {\n                    .team-lineup {\n                        width: 100%;\n                    }\n                }\n                <\/style>\n<div class=\"team-lineup\">\n<h3>Bryne<\/h3>\n<p><img decoding=\"async\" src=\"https:\/\/media.api-sports.io\/football\/teams\/2142.png\" alt=\"Bryne\" style=\"width: 50px; height: 50px;\"><\/p>\n<div class=\"players-container\">\n<div>\n<h4>Titulares:<\/h4>\n<div class=\"player\"><a href=\"https:\/\/soccer.aidatasports.com\/fr\/players\/Jan-de-Boer-36966\"><img decoding=\"async\" src=\"https:\/\/soccer.aidatasports.com\/images\/players\/36966.png\" alt=\"Jan de Boer\" onerror=\"this.onerror=null;this.src='https:\/\/soccer.aidatasports.com\/images\/players\/default-player.png';\"><span>Jan de Boer<\/span><\/a><\/div>\n<div class=\"player\"><a href=\"https:\/\/soccer.aidatasports.com\/fr\/players\/Axel-Kryger-57292\"><img decoding=\"async\" src=\"https:\/\/soccer.aidatasports.com\/images\/players\/57292.png\" alt=\"Axel Kryger\" onerror=\"this.onerror=null;this.src='https:\/\/soccer.aidatasports.com\/images\/players\/default-player.png';\"><span>Axel Kryger<\/span><\/a><\/div>\n<div class=\"player\"><a href=\"https:\/\/soccer.aidatasports.com\/fr\/players\/Jacob-Haahr-1289\"><img decoding=\"async\" src=\"https:\/\/soccer.aidatasports.com\/images\/players\/1289.png\" alt=\"Jacob Haahr\" onerror=\"this.onerror=null;this.src='https:\/\/soccer.aidatasports.com\/images\/players\/default-player.png';\"><span>Jacob Haahr<\/span><\/a><\/div>\n<div class=\"player\"><a href=\"https:\/\/soccer.aidatasports.com\/fr\/players\/Jens-Berland-Huseb\u00f8-151400\"><img decoding=\"async\" src=\"https:\/\/soccer.aidatasports.com\/images\/players\/151400.png\" alt=\"Jens Berland Huseb\u00f8\" onerror=\"this.onerror=null;this.src='https:\/\/soccer.aidatasports.com\/images\/players\/default-player.png';\"><span>Jens Berland Huseb\u00f8<\/span><\/a><\/div>\n<div class=\"player\"><a href=\"https:\/\/soccer.aidatasports.com\/fr\/players\/Lasse-Qvigstad-318422\"><img decoding=\"async\" src=\"https:\/\/soccer.aidatasports.com\/images\/players\/318422.png\" alt=\"Lasse Qvigstad\" onerror=\"this.onerror=null;this.src='https:\/\/soccer.aidatasports.com\/images\/players\/default-player.png';\"><span>Lasse Qvigstad<\/span><\/a><\/div>\n<div class=\"player\"><a href=\"https:\/\/soccer.aidatasports.com\/fr\/players\/Eirik-Franke-Saunes-151406\"><img decoding=\"async\" src=\"https:\/\/soccer.aidatasports.com\/images\/players\/151406.png\" alt=\"Eirik Franke Saunes\" onerror=\"this.onerror=null;this.src='https:\/\/soccer.aidatasports.com\/images\/players\/default-player.png';\"><span>Eirik Franke Saunes<\/span><\/a><\/div>\n<div class=\"player\"><a href=\"https:\/\/soccer.aidatasports.com\/fr\/players\/Lars-Erik-S\u00f8dal-313999\"><img decoding=\"async\" src=\"https:\/\/soccer.aidatasports.com\/images\/players\/313999.png\" alt=\"Lars Erik S\u00f8dal\" onerror=\"this.onerror=null;this.src='https:\/\/soccer.aidatasports.com\/images\/players\/default-player.png';\"><span>Lars Erik S\u00f8dal<\/span><\/a><\/div>\n<div class=\"player\"><a href=\"https:\/\/soccer.aidatasports.com\/fr\/players\/Nicklas-Strunck-15910\"><img decoding=\"async\" src=\"https:\/\/soccer.aidatasports.com\/images\/players\/15910.png\" alt=\"Nicklas Strunck\" onerror=\"this.onerror=null;this.src='https:\/\/soccer.aidatasports.com\/images\/players\/default-player.png';\"><span>Nicklas Strunck<\/span><\/a><\/div>\n<div class=\"player\"><a href=\"https:\/\/soccer.aidatasports.com\/fr\/players\/Alfred-Scriven-39201\"><img decoding=\"async\" src=\"https:\/\/soccer.aidatasports.com\/images\/players\/39201.png\" alt=\"Alfred Scriven\" onerror=\"this.onerror=null;this.src='https:\/\/soccer.aidatasports.com\/images\/players\/default-player.png';\"><span>Alfred Scriven<\/span><\/a><\/div>\n<div class=\"player\"><a href=\"https:\/\/soccer.aidatasports.com\/fr\/players\/Duarte-Moreira-161589\"><img decoding=\"async\" src=\"https:\/\/soccer.aidatasports.com\/images\/players\/161589.png\" alt=\"Duarte Moreira\" onerror=\"this.onerror=null;this.src='https:\/\/soccer.aidatasports.com\/images\/players\/default-player.png';\"><span>Duarte Moreira<\/span><\/a><\/div>\n<div class=\"player\"><a href=\"https:\/\/soccer.aidatasports.com\/fr\/players\/Sanel-Bojad\u017ei\u0107-318188\"><img decoding=\"async\" src=\"https:\/\/soccer.aidatasports.com\/images\/players\/318188.png\" alt=\"Sanel Bojad\u017ei\u0107\" onerror=\"this.onerror=null;this.src='https:\/\/soccer.aidatasports.com\/images\/players\/default-player.png';\"><span>Sanel Bojad\u017ei\u0107<\/span><\/a><\/div>\n<\/div>\n<div>\n<h4>Suplentes:<\/h4>\n<div class=\"player\"><a href=\"https:\/\/soccer.aidatasports.com\/fr\/players\/Heine-Asen-Larsen-334630\"><img decoding=\"async\" src=\"https:\/\/soccer.aidatasports.com\/images\/players\/334630.png\" alt=\"Heine Asen Larsen\" onerror=\"this.onerror=null;this.src='https:\/\/soccer.aidatasports.com\/images\/players\/default-player.png';\"><span>Heine Asen Larsen<\/span><\/a><\/div>\n<div class=\"player\"><a href=\"https:\/\/soccer.aidatasports.com\/fr\/players\/Anton-Cajtoft-47781\"><img decoding=\"async\" src=\"https:\/\/soccer.aidatasports.com\/images\/players\/47781.png\" alt=\"Anton Cajtoft\" onerror=\"this.onerror=null;this.src='https:\/\/soccer.aidatasports.com\/images\/players\/default-player.png';\"><span>Anton Cajtoft<\/span><\/a><\/div>\n<div class=\"player\"><a href=\"https:\/\/soccer.aidatasports.com\/fr\/players\/Dadi-Dodou-Gaye-57216\"><img decoding=\"async\" src=\"https:\/\/soccer.aidatasports.com\/images\/players\/57216.png\" alt=\"Dadi Dodou Gaye\" onerror=\"this.onerror=null;this.src='https:\/\/soccer.aidatasports.com\/images\/players\/default-player.png';\"><span>Dadi Dodou Gaye<\/span><\/a><\/div>\n<div class=\"player\"><a href=\"https:\/\/soccer.aidatasports.com\/fr\/players\/Sondre-Norheim-94912\"><img decoding=\"async\" src=\"https:\/\/soccer.aidatasports.com\/images\/players\/94912.png\" alt=\"Sondre Norheim\" onerror=\"this.onerror=null;this.src='https:\/\/soccer.aidatasports.com\/images\/players\/default-player.png';\"><span>Sondre Norheim<\/span><\/a><\/div>\n<div class=\"player\"><a href=\"https:\/\/soccer.aidatasports.com\/fr\/players\/Mats-Selmer-Thornes-191728\"><img decoding=\"async\" src=\"https:\/\/soccer.aidatasports.com\/images\/players\/191728.png\" alt=\"Mats Selmer Thornes\" onerror=\"this.onerror=null;this.src='https:\/\/soccer.aidatasports.com\/images\/players\/default-player.png';\"><span>Mats Selmer Thornes<\/span><\/a><\/div>\n<div class=\"player\"><a href=\"https:\/\/soccer.aidatasports.com\/fr\/players\/Christian-Landu-Landu-57300\"><img decoding=\"async\" src=\"https:\/\/soccer.aidatasports.com\/images\/players\/57300.png\" alt=\"Christian Landu-Landu\" onerror=\"this.onerror=null;this.src='https:\/\/soccer.aidatasports.com\/images\/players\/default-player.png';\"><span>Christian Landu-Landu<\/span><\/a><\/div>\n<div class=\"player\"><a href=\"https:\/\/soccer.aidatasports.com\/fr\/players\/Jon-Helge-Tveita-2016\"><img decoding=\"async\" src=\"https:\/\/soccer.aidatasports.com\/images\/players\/2016.png\" alt=\"Jon-Helge Tveita\" onerror=\"this.onerror=null;this.src='https:\/\/soccer.aidatasports.com\/images\/players\/default-player.png';\"><span>Jon-Helge Tveita<\/span><\/a><\/div>\n<div class=\"player\"><a href=\"https:\/\/soccer.aidatasports.com\/fr\/players\/Martin-\u00c5mot-Lye-513018\"><img decoding=\"async\" src=\"https:\/\/soccer.aidatasports.com\/images\/players\/513018.png\" alt=\"Martin \u00c5mot Lye\" onerror=\"this.onerror=null;this.src='https:\/\/soccer.aidatasports.com\/images\/players\/default-player.png';\"><span>Martin \u00c5mot Lye<\/span><\/a><\/div>\n<div class=\"player\"><a href=\"https:\/\/soccer.aidatasports.com\/fr\/players\/Kristian-Skurve-Haland-464052\"><img decoding=\"async\" src=\"https:\/\/soccer.aidatasports.com\/images\/players\/464052.png\" alt=\"Kristian Skurve Haland\" onerror=\"this.onerror=null;this.src='https:\/\/soccer.aidatasports.com\/images\/players\/default-player.png';\"><span>Kristian Skurve Haland<\/span><\/a><\/div>\n<\/div>\n<\/div>\n<\/div>\n<div class=\"team-lineup\">\n<h3>Ham-Kam<\/h3>\n<p><img decoding=\"async\" src=\"https:\/\/media.api-sports.io\/football\/teams\/2159.png\" alt=\"Ham-Kam\" style=\"width: 50px; height: 50px;\"><\/p>\n<div class=\"players-container\">\n<div>\n<h4>Titulares:<\/h4>\n<div class=\"player\"><a href=\"https:\/\/soccer.aidatasports.com\/fr\/players\/Marcus-Sandberg-39276\"><img decoding=\"async\" src=\"https:\/\/soccer.aidatasports.com\/images\/players\/39276.png\" alt=\"Marcus Sandberg\" onerror=\"this.onerror=null;this.src='https:\/\/soccer.aidatasports.com\/images\/players\/default-player.png';\"><span>Marcus Sandberg<\/span><\/a><\/div>\n<div class=\"player\"><a href=\"https:\/\/soccer.aidatasports.com\/fr\/players\/Snorre-Strand-Nilsen-57276\"><img decoding=\"async\" src=\"https:\/\/soccer.aidatasports.com\/images\/players\/57276.png\" alt=\"Snorre Strand Nilsen\" onerror=\"this.onerror=null;this.src='https:\/\/soccer.aidatasports.com\/images\/players\/default-player.png';\"><span>Snorre Strand Nilsen<\/span><\/a><\/div>\n<div class=\"player\"><a href=\"https:\/\/soccer.aidatasports.com\/fr\/players\/Gustav-Granath-47663\"><img decoding=\"async\" src=\"https:\/\/soccer.aidatasports.com\/images\/players\/47663.png\" alt=\"Gustav Granath\" onerror=\"this.onerror=null;this.src='https:\/\/soccer.aidatasports.com\/images\/players\/default-player.png';\"><span>Gustav Granath<\/span><\/a><\/div>\n<div class=\"player\"><a href=\"https:\/\/soccer.aidatasports.com\/fr\/players\/Luc-Mares-38772\"><img decoding=\"async\" src=\"https:\/\/soccer.aidatasports.com\/images\/players\/38772.png\" alt=\"Luc Mares\" onerror=\"this.onerror=null;this.src='https:\/\/soccer.aidatasports.com\/images\/players\/default-player.png';\"><span>Luc Mares<\/span><\/a><\/div>\n<div class=\"player\"><a href=\"https:\/\/soccer.aidatasports.com\/fr\/players\/Brynjar-Ingi-Bjarnason-28775\"><img decoding=\"async\" src=\"https:\/\/soccer.aidatasports.com\/images\/players\/28775.png\" alt=\"Brynjar Ingi Bjarnason\" onerror=\"this.onerror=null;this.src='https:\/\/soccer.aidatasports.com\/images\/players\/default-player.png';\"><span>Brynjar Ingi Bjarnason<\/span><\/a><\/div>\n<div class=\"player\"><a href=\"https:\/\/soccer.aidatasports.com\/fr\/players\/Anton-Ekeroth-269583\"><img decoding=\"async\" src=\"https:\/\/soccer.aidatasports.com\/images\/players\/269583.png\" alt=\"Anton Ekeroth\" onerror=\"this.onerror=null;this.src='https:\/\/soccer.aidatasports.com\/images\/players\/default-player.png';\"><span>Anton Ekeroth<\/span><\/a><\/div>\n<div class=\"player\"><a href=\"https:\/\/soccer.aidatasports.com\/fr\/players\/Gard-Simenstad-57279\"><img decoding=\"async\" src=\"https:\/\/soccer.aidatasports.com\/images\/players\/57279.png\" alt=\"Gard Simenstad\" onerror=\"this.onerror=null;this.src='https:\/\/soccer.aidatasports.com\/images\/players\/default-player.png';\"><span>Gard Simenstad<\/span><\/a><\/div>\n<div class=\"player\"><a href=\"https:\/\/soccer.aidatasports.com\/fr\/players\/Tore-Andre-Soras-57230\"><img decoding=\"async\" src=\"https:\/\/soccer.aidatasports.com\/images\/players\/57230.png\" alt=\"Tore Andre Soras\" onerror=\"this.onerror=null;this.src='https:\/\/soccer.aidatasports.com\/images\/players\/default-player.png';\"><span>Tore Andre Soras<\/span><\/a><\/div>\n<div class=\"player\"><a href=\"https:\/\/soccer.aidatasports.com\/fr\/players\/Alwande-Roaldsoy-336648\"><img decoding=\"async\" src=\"https:\/\/soccer.aidatasports.com\/images\/players\/336648.png\" alt=\"Alwande Roaldsoy\" onerror=\"this.onerror=null;this.src='https:\/\/soccer.aidatasports.com\/images\/players\/default-player.png';\"><span>Alwande Roaldsoy<\/span><\/a><\/div>\n<div class=\"player\"><a href=\"https:\/\/soccer.aidatasports.com\/fr\/players\/Moses-Dramwi-Mawa-57236\"><img decoding=\"async\" src=\"https:\/\/soccer.aidatasports.com\/images\/players\/57236.png\" alt=\"Moses Dramwi Mawa\" onerror=\"this.onerror=null;this.src='https:\/\/soccer.aidatasports.com\/images\/players\/default-player.png';\"><span>Moses Dramwi Mawa<\/span><\/a><\/div>\n<div class=\"player\"><a href=\"https:\/\/soccer.aidatasports.com\/fr\/players\/Kristian-Stromland-Lien-57263\"><img decoding=\"async\" src=\"https:\/\/soccer.aidatasports.com\/images\/players\/57263.png\" alt=\"Kristian Stromland Lien\" onerror=\"this.onerror=null;this.src='https:\/\/soccer.aidatasports.com\/images\/players\/default-player.png';\"><span>Kristian Stromland Lien<\/span><\/a><\/div>\n<\/div>\n<div>\n<h4>Suplentes:<\/h4>\n<div class=\"player\"><a href=\"https:\/\/soccer.aidatasports.com\/fr\/players\/Fredrik-Sjolstad-39046\"><img decoding=\"async\" src=\"https:\/\/soccer.aidatasports.com\/images\/players\/39046.png\" alt=\"Fredrik Sjolstad\" onerror=\"this.onerror=null;this.src='https:\/\/soccer.aidatasports.com\/images\/players\/default-player.png';\"><span>Fredrik Sjolstad<\/span><\/a><\/div>\n<div class=\"player\"><a href=\"https:\/\/soccer.aidatasports.com\/fr\/players\/Alexander-Nilsson-126919\"><img decoding=\"async\" src=\"https:\/\/soccer.aidatasports.com\/images\/players\/126919.png\" alt=\"Alexander Nilsson\" onerror=\"this.onerror=null;this.src='https:\/\/soccer.aidatasports.com\/images\/players\/default-player.png';\"><span>Alexander Nilsson<\/span><\/a><\/div>\n<div class=\"player\"><a href=\"https:\/\/soccer.aidatasports.com\/fr\/players\/Mads-Orrhaug-Larsen-513017\"><img decoding=\"async\" src=\"https:\/\/soccer.aidatasports.com\/images\/players\/513017.png\" alt=\"Mads Orrhaug Larsen\" onerror=\"this.onerror=null;this.src='https:\/\/soccer.aidatasports.com\/images\/players\/default-player.png';\"><span>Mads Orrhaug Larsen<\/span><\/a><\/div>\n<div class=\"player\"><a href=\"https:\/\/soccer.aidatasports.com\/fr\/players\/Vi\u00f0ar-Ari-J\u00f3nsson-57170\"><img decoding=\"async\" src=\"https:\/\/soccer.aidatasports.com\/images\/players\/57170.png\" alt=\"Vi\u00f0ar Ari J\u00f3nsson\" onerror=\"this.onerror=null;this.src='https:\/\/soccer.aidatasports.com\/images\/players\/default-player.png';\"><span>Vi\u00f0ar Ari J\u00f3nsson<\/span><\/a><\/div>\n<div class=\"player\"><a href=\"https:\/\/soccer.aidatasports.com\/fr\/players\/Aksel-Baran-Potur-310130\"><img decoding=\"async\" src=\"https:\/\/soccer.aidatasports.com\/images\/players\/310130.png\" alt=\"Aksel Baran Potur\" onerror=\"this.onerror=null;this.src='https:\/\/soccer.aidatasports.com\/images\/players\/default-player.png';\"><span>Aksel Baran Potur<\/span><\/a><\/div>\n<div class=\"player\"><a href=\"https:\/\/soccer.aidatasports.com\/fr\/players\/Arne-\u00d8deg\u00e5rd-341884\"><img decoding=\"async\" src=\"https:\/\/soccer.aidatasports.com\/images\/players\/341884.png\" alt=\"Arne \u00d8deg\u00e5rd\" onerror=\"this.onerror=null;this.src='https:\/\/soccer.aidatasports.com\/images\/players\/default-player.png';\"><span>Arne \u00d8deg\u00e5rd<\/span><\/a><\/div>\n<div class=\"player\"><a href=\"https:\/\/soccer.aidatasports.com\/fr\/players\/William-Osnes-Ringen-406479\"><img decoding=\"async\" src=\"https:\/\/soccer.aidatasports.com\/images\/players\/406479.png\" alt=\"William Osnes-Ringen\" onerror=\"this.onerror=null;this.src='https:\/\/soccer.aidatasports.com\/images\/players\/default-player.png';\"><span>William Osnes-Ringen<\/span><\/a><\/div>\n<div class=\"player\"><a href=\"https:\/\/soccer.aidatasports.com\/fr\/players\/Julian-Bakkeli-Gonstad-318233\"><img decoding=\"async\" src=\"https:\/\/soccer.aidatasports.com\/images\/players\/318233.png\" alt=\"Julian Bakkeli Gonstad\" onerror=\"this.onerror=null;this.src='https:\/\/soccer.aidatasports.com\/images\/players\/default-player.png';\"><span>Julian Bakkeli Gonstad<\/span><\/a><\/div>\n<\/div>\n<\/div>\n<\/div>\n<\/div>\n<div id=\"wg-api-football-game\"\n                    data-host=\"xxxxx\"\n                    data-key=\"xxxx\"\n                    data-id=\"1342268\"\n                    data-theme=\"\"\n                    data-refresh=\"15\"\n                    data-show-errors=\"false\"\n                    data-show-logos=\"true\"><br \/>\n                    class=\u00a0\u00bbwg_loader\u00a0\u00bb>\n                <\/div>\n<div id=\"wg-api-football-standings\"\n                    data-host=\"xxxx\"\n                    data-key=\"ddddd\"\n                    data-league=\"103\"\n                    data-team=\"\"\n                    data-season=\"2025\"\n                    data-theme=\"\"\n                    data-show-errors=\"false\"\n                    data-show-logos=\"true\"\n                    class=\"wg_loader\">\n                <\/div>\n<p>                <script\n                    type=\"module\"\n                    src=\"https:\/\/soccer.aidatasports.com\/wp-content\/customjs\/widgetslocal.js\">\n                <\/script><\/p>\n","protected":false},"excerpt":{"rendered":"<p>Fran\u00e7ais Bryne et Ham-Kam Font Match Nul Dans un Match Disput\u00e9 au Bryne Stadion Bryne&hellip;<\/p>\n","protected":false},"author":1,"featured_media":99346,"comment_status":"open","ping_status":"open","sticky":false,"template":"","format":"standard","meta":{"content-type":"","pmpro_default_level":"","_lmt_disableupdate":"","_lmt_disable":"","_league":15837,"_fixture":1342268,"penci_pfeatured_image_ratio":"","penci_single_style":"","footnotes":""},"categories":[15837],"tags":[1942,1959],"class_list":["post-99347","post","type-post","status-publish","format-standard","has-post-thumbnail","hentry","category-matches","tag-bryne-norway-2142","tag-ham-kam-norway-2159","pmpro-has-access"],"_links":{"self":[{"href":"https:\/\/soccer.aidatasports.com\/fr\/wp-json\/wp\/v2\/posts\/99347"}],"collection":[{"href":"https:\/\/soccer.aidatasports.com\/fr\/wp-json\/wp\/v2\/posts"}],"about":[{"href":"https:\/\/soccer.aidatasports.com\/fr\/wp-json\/wp\/v2\/types\/post"}],"author":[{"embeddable":true,"href":"https:\/\/soccer.aidatasports.com\/fr\/wp-json\/wp\/v2\/users\/1"}],"replies":[{"embeddable":true,"href":"https:\/\/soccer.aidatasports.com\/fr\/wp-json\/wp\/v2\/comments?post=99347"}],"version-history":[{"count":0,"href":"https:\/\/soccer.aidatasports.com\/fr\/wp-json\/wp\/v2\/posts\/99347\/revisions"}],"wp:featuredmedia":[{"embeddable":true,"href":"https:\/\/soccer.aidatasports.com\/fr\/wp-json\/wp\/v2\/media\/99346"}],"wp:attachment":[{"href":"https:\/\/soccer.aidatasports.com\/fr\/wp-json\/wp\/v2\/media?parent=99347"}],"wp:term":[{"taxonomy":"category","embeddable":true,"href":"https:\/\/soccer.aidatasports.com\/fr\/wp-json\/wp\/v2\/categories?post=99347"},{"taxonomy":"post_tag","embeddable":true,"href":"https:\/\/soccer.aidatasports.com\/fr\/wp-json\/wp\/v2\/tags?post=99347"}],"curies":[{"name":"wp","href":"https:\/\/api.w.org\/{rel}","templated":true}]}}