{"id":98700,"date":"2025-06-13T22:00:51","date_gmt":"2025-06-13T22:00:51","guid":{"rendered":"https:\/\/soccer.aidatasports.com\/fr\/uncategorized\/utc-vs-atletico-grau-jun-13-2025-2000-utc\/"},"modified":"2025-06-13T22:00:51","modified_gmt":"2025-06-13T22:00:51","slug":"utc-vs-atletico-grau-jun-13-2025-2000-utc","status":"publish","type":"post","link":"https:\/\/soccer.aidatasports.com\/fr\/matches\/utc-vs-atletico-grau-jun-13-2025-2000-utc\/","title":{"rendered":"UTC vs Atletico Grau Jun 13 2025 20:00 UTC"},"content":{"rendered":"<p><strong>Fran\u00e7ais<\/strong><\/p>\n<p><strong>Atl\u00e9tico Grau domine UTC dans un match tendu \u00e0 Cajabamba<\/strong><\/p>\n<p>Cajabamba a \u00e9t\u00e9 le th\u00e9\u00e2tre de la victoire d&rsquo;Atl\u00e9tico Grau sur UTC dans un match marqu\u00e9 par l&rsquo;intensit\u00e9 et la controverse. L&rsquo;\u00e9quipe visiteuse a remport\u00e9 les trois points gr\u00e2ce \u00e0 une meilleure efficacit\u00e9 et une meilleure exploitation des occasions, malgr\u00e9 une possession de balle assez \u00e9quilibr\u00e9e.<\/p>\n<p>R. Ruidiaz a ouvert le score d\u00e8s la 9e minute, sur une passe de R. Vilca, donnant l&rsquo;avantage initial \u00e0 Grau. Le match est devenu tendu, avec des cartons jaunes pour E. Rodas de Grau \u00e0 la 23e minute et pour L. Garro d&rsquo;UTC \u00e0 la 29e minute.<\/p>\n<p>La seconde mi-temps a commenc\u00e9 de mani\u00e8re dramatique pour UTC, avec l&rsquo;expulsion de J. A. Rosell Delgado \u00e0 la 47e minute. Malgr\u00e9 le fait de jouer \u00e0 dix, UTC a tent\u00e9 de r\u00e9agir, mais un but de J. Quintero a \u00e9t\u00e9 refus\u00e9 pour hors-jeu apr\u00e8s une r\u00e9vision du VAR \u00e0 la 57e minute.<\/p>\n<p>Atl\u00e9tico Grau a creus\u00e9 l&rsquo;\u00e9cart \u00e0 la 70e minute avec un but de R. Guarderas, sur une passe de D. Franco. Grau a eu l&rsquo;occasion de sceller le match \u00e0 la 76e minute, mais C. Olivares a manqu\u00e9 un penalty. Le match s&rsquo;est termin\u00e9 par une victoire d&rsquo;Atl\u00e9tico Grau, refl\u00e9tant sa plus grande efficacit\u00e9 devant le but adverse.<\/p>\n<p>En ce qui concerne les statistiques, Atl\u00e9tico Grau avait un l\u00e9ger avantage en termes de possession de balle avec 52 %, tandis qu&rsquo;UTC en avait 48 %. UTC a effectu\u00e9 15 tirs, dont 4 cadr\u00e9s, tandis qu&rsquo;Atl\u00e9tico Grau en a r\u00e9alis\u00e9 14, dont 4 cadr\u00e9s.<\/p>\n<p>Remplacements dans l&rsquo;quipe de atletico grau: \u00c0 la 46e minute, D. Franco est entr\u00e9 et E. Rodas est sorti., \u00c0 la 46e minute, J. Rostaing est entr\u00e9 et A. Solis est sorti., \u00c0 la 68e minute, C. Olivares est entr\u00e9 et N. Bandiera est sorti., \u00c0 la 77e minute, A. Vasquez est entr\u00e9 et R. Vilca est sorti., \u00c0 la 77e minute, T. Sandoval est entr\u00e9 et R. Ruidiaz est sorti. <\/p>\n<p>Remplacements dans l&rsquo;quipe de utc: \u00c0 la 57e minute, R. Villamarin est entr\u00e9 et A. Vasquez est sorti., \u00c0 la 72e minute, J. Aguirre est entr\u00e9 et E. Ramirez est sorti., \u00c0 la 80e minute, G. Balanta est entr\u00e9 et L. Garro est sorti. <\/p>\n<p>Les \u00e9quipes se sont align\u00e9es comme suit:<\/p>\n<div class=\"lineups-container\">\n<style>\n                .lineups-container {\n                    display: flex;\n                    justify-content: space-around;\n                    flex-wrap: wrap;\n                }\n                .team-lineup {\n                    width: 49%;\n                    margin-bottom: 20px;\n                    border: 1px solid #ccc;\n                    padding: 5px;\n                }\n                .team-lineup h3 {\n                    text-align: center;\n                    margin-bottom: 10px;\n                }\n                .players-container {\n                    display: flex;\n                    justify-content: space-between;\n                }\n                .players-container div {\n                    width: 100%;\n                }\n                .player {\n                    display: flex;\n                    align-items: center;\n                    margin-bottom: 5px;\n                }\n                .player img {\n                    width: 30px;\n                    height: 30px;\n                    border-radius: 50%;\n                    margin-right: 10px;\n                }\n                    @media (max-width: 600px) {\n                    .team-lineup {\n                        width: 100%;\n                    }\n                }\n                <\/style>\n<div class=\"team-lineup\">\n<h3>UTC<\/h3>\n<p><img decoding=\"async\" src=\"https:\/\/media.api-sports.io\/football\/teams\/2539.png\" alt=\"UTC\" style=\"width: 50px; height: 50px;\"><\/p>\n<div class=\"players-container\">\n<div>\n<h4>Titulares:<\/h4>\n<div class=\"player\"><a href=\"https:\/\/soccer.aidatasports.com\/fr\/players\/Diego-Campos-100901\"><img decoding=\"async\" src=\"https:\/\/soccer.aidatasports.com\/images\/players\/100901.png\" alt=\"Diego Campos\" onerror=\"this.onerror=null;this.src='https:\/\/soccer.aidatasports.com\/images\/players\/default-player.png';\"><span>Diego Campos<\/span><\/a><\/div>\n<div class=\"player\"><a href=\"https:\/\/soccer.aidatasports.com\/fr\/players\/Luis-Garro-39897\"><img decoding=\"async\" src=\"https:\/\/soccer.aidatasports.com\/images\/players\/39897.png\" alt=\"Luis Garro\" onerror=\"this.onerror=null;this.src='https:\/\/soccer.aidatasports.com\/images\/players\/default-player.png';\"><span>Luis Garro<\/span><\/a><\/div>\n<div class=\"player\"><a href=\"https:\/\/soccer.aidatasports.com\/fr\/players\/Leonardo-Rugel-196690\"><img decoding=\"async\" src=\"https:\/\/soccer.aidatasports.com\/images\/players\/196690.png\" alt=\"Leonardo Rugel\" onerror=\"this.onerror=null;this.src='https:\/\/soccer.aidatasports.com\/images\/players\/default-player.png';\"><span>Leonardo Rugel<\/span><\/a><\/div>\n<div class=\"player\"><a href=\"https:\/\/soccer.aidatasports.com\/fr\/players\/Farid-Romero-147880\"><img decoding=\"async\" src=\"https:\/\/soccer.aidatasports.com\/images\/players\/147880.png\" alt=\"Farid Romero\" onerror=\"this.onerror=null;this.src='https:\/\/soccer.aidatasports.com\/images\/players\/default-player.png';\"><span>Farid Romero<\/span><\/a><\/div>\n<div class=\"player\"><a href=\"https:\/\/soccer.aidatasports.com\/fr\/players\/Anthony-Rosell-39415\"><img decoding=\"async\" src=\"https:\/\/soccer.aidatasports.com\/images\/players\/39415.png\" alt=\"Anthony Rosell\" onerror=\"this.onerror=null;this.src='https:\/\/soccer.aidatasports.com\/images\/players\/default-player.png';\"><span>Anthony Rosell<\/span><\/a><\/div>\n<div class=\"player\"><a href=\"https:\/\/soccer.aidatasports.com\/fr\/players\/Luis-Alvarez-39512\"><img decoding=\"async\" src=\"https:\/\/soccer.aidatasports.com\/images\/players\/39512.png\" alt=\"Luis Alvarez\" onerror=\"this.onerror=null;this.src='https:\/\/soccer.aidatasports.com\/images\/players\/default-player.png';\"><span>Luis Alvarez<\/span><\/a><\/div>\n<div class=\"player\"><a href=\"https:\/\/soccer.aidatasports.com\/fr\/players\/Andr\u00e9-Vasquez-315017\"><img decoding=\"async\" src=\"https:\/\/soccer.aidatasports.com\/images\/players\/315017.png\" alt=\"Andr\u00e9 Vasquez\" onerror=\"this.onerror=null;this.src='https:\/\/soccer.aidatasports.com\/images\/players\/default-player.png';\"><span>Andr\u00e9 Vasquez<\/span><\/a><\/div>\n<div class=\"player\"><a href=\"https:\/\/soccer.aidatasports.com\/fr\/players\/Freddy-Oncoy-39729\"><img decoding=\"async\" src=\"https:\/\/soccer.aidatasports.com\/images\/players\/39729.png\" alt=\"Freddy Oncoy\" onerror=\"this.onerror=null;this.src='https:\/\/soccer.aidatasports.com\/images\/players\/default-player.png';\"><span>Freddy Oncoy<\/span><\/a><\/div>\n<div class=\"player\"><a href=\"https:\/\/soccer.aidatasports.com\/fr\/players\/Cristian-Mejia-39492\"><img decoding=\"async\" src=\"https:\/\/soccer.aidatasports.com\/images\/players\/39492.png\" alt=\"Cristian Mejia\" onerror=\"this.onerror=null;this.src='https:\/\/soccer.aidatasports.com\/images\/players\/default-player.png';\"><span>Cristian Mejia<\/span><\/a><\/div>\n<div class=\"player\"><a href=\"https:\/\/soccer.aidatasports.com\/fr\/players\/Erinson-Ramirez-39554\"><img decoding=\"async\" src=\"https:\/\/soccer.aidatasports.com\/images\/players\/39554.png\" alt=\"Erinson Ramirez\" onerror=\"this.onerror=null;this.src='https:\/\/soccer.aidatasports.com\/images\/players\/default-player.png';\"><span>Erinson Ramirez<\/span><\/a><\/div>\n<div class=\"player\"><a href=\"https:\/\/soccer.aidatasports.com\/fr\/players\/Jarlin-Quintero-39833\"><img decoding=\"async\" src=\"https:\/\/soccer.aidatasports.com\/images\/players\/39833.png\" alt=\"Jarlin Quintero\" onerror=\"this.onerror=null;this.src='https:\/\/soccer.aidatasports.com\/images\/players\/default-player.png';\"><span>Jarlin Quintero<\/span><\/a><\/div>\n<\/div>\n<div>\n<h4>Suplentes:<\/h4>\n<div class=\"player\"><a href=\"https:\/\/soccer.aidatasports.com\/fr\/players\/Roberto-Villamar\u00edn-39511\"><img decoding=\"async\" src=\"https:\/\/soccer.aidatasports.com\/images\/players\/39511.png\" alt=\"Roberto Villamar\u00edn\" onerror=\"this.onerror=null;this.src='https:\/\/soccer.aidatasports.com\/images\/players\/default-player.png';\"><span>Roberto Villamar\u00edn<\/span><\/a><\/div>\n<div class=\"player\"><a href=\"https:\/\/soccer.aidatasports.com\/fr\/players\/Joaqu\u00edn-Aguirre-39441\"><img decoding=\"async\" src=\"https:\/\/soccer.aidatasports.com\/images\/players\/39441.png\" alt=\"Joaqu\u00edn Aguirre\" onerror=\"this.onerror=null;this.src='https:\/\/soccer.aidatasports.com\/images\/players\/default-player.png';\"><span>Joaqu\u00edn Aguirre<\/span><\/a><\/div>\n<div class=\"player\"><a href=\"https:\/\/soccer.aidatasports.com\/fr\/players\/Fernando-S\u00e1nchez-463673\"><img decoding=\"async\" src=\"https:\/\/soccer.aidatasports.com\/images\/players\/463673.png\" alt=\"Fernando S\u00e1nchez\" onerror=\"this.onerror=null;this.src='https:\/\/soccer.aidatasports.com\/images\/players\/default-player.png';\"><span>Fernando S\u00e1nchez<\/span><\/a><\/div>\n<div class=\"player\"><a href=\"https:\/\/soccer.aidatasports.com\/fr\/players\/Yehider-Ibarg\u00fcen-306725\"><img decoding=\"async\" src=\"https:\/\/soccer.aidatasports.com\/images\/players\/306725.png\" alt=\"Yehider Ibarg\u00fcen\" onerror=\"this.onerror=null;this.src='https:\/\/soccer.aidatasports.com\/images\/players\/default-player.png';\"><span>Yehider Ibarg\u00fcen<\/span><\/a><\/div>\n<div class=\"player\"><a href=\"https:\/\/soccer.aidatasports.com\/fr\/players\/Jos\u00e9-Luj\u00e1n-39844\"><img decoding=\"async\" src=\"https:\/\/soccer.aidatasports.com\/images\/players\/39844.png\" alt=\"Jos\u00e9 Luj\u00e1n\" onerror=\"this.onerror=null;this.src='https:\/\/soccer.aidatasports.com\/images\/players\/default-player.png';\"><span>Jos\u00e9 Luj\u00e1n<\/span><\/a><\/div>\n<div class=\"player\"><a href=\"https:\/\/soccer.aidatasports.com\/fr\/players\/Mijailov-Cabanillas-466472\"><img decoding=\"async\" src=\"https:\/\/soccer.aidatasports.com\/images\/players\/466472.png\" alt=\"Mijailov Cabanillas\" onerror=\"this.onerror=null;this.src='https:\/\/soccer.aidatasports.com\/images\/players\/default-player.png';\"><span>Mijailov Cabanillas<\/span><\/a><\/div>\n<div class=\"player\"><a href=\"https:\/\/soccer.aidatasports.com\/fr\/players\/Maycol-Infante-371553\"><img decoding=\"async\" src=\"https:\/\/soccer.aidatasports.com\/images\/players\/371553.png\" alt=\"Maycol Infante\" onerror=\"this.onerror=null;this.src='https:\/\/soccer.aidatasports.com\/images\/players\/default-player.png';\"><span>Maycol Infante<\/span><\/a><\/div>\n<div class=\"player\"><a href=\"https:\/\/soccer.aidatasports.com\/fr\/players\/Geimer-Balanta-79552\"><img decoding=\"async\" src=\"https:\/\/soccer.aidatasports.com\/images\/players\/79552.png\" alt=\"Geimer Balanta\" onerror=\"this.onerror=null;this.src='https:\/\/soccer.aidatasports.com\/images\/players\/default-player.png';\"><span>Geimer Balanta<\/span><\/a><\/div>\n<div class=\"player\"><a href=\"https:\/\/soccer.aidatasports.com\/fr\/players\/Jos\u00e9-Verd\u00fan-95288\"><img decoding=\"async\" src=\"https:\/\/soccer.aidatasports.com\/images\/players\/95288.png\" alt=\"Jos\u00e9 Verd\u00fan\" onerror=\"this.onerror=null;this.src='https:\/\/soccer.aidatasports.com\/images\/players\/default-player.png';\"><span>Jos\u00e9 Verd\u00fan<\/span><\/a><\/div>\n<\/div>\n<\/div>\n<\/div>\n<div class=\"team-lineup\">\n<h3>Atletico Grau<\/h3>\n<p><img decoding=\"async\" src=\"https:\/\/media.api-sports.io\/football\/teams\/2564.png\" alt=\"Atletico Grau\" style=\"width: 50px; height: 50px;\"><\/p>\n<div class=\"players-container\">\n<div>\n<h4>Titulares:<\/h4>\n<div class=\"player\"><a href=\"https:\/\/soccer.aidatasports.com\/fr\/players\/Patricio-\u00c1lvarez-39775\"><img decoding=\"async\" src=\"https:\/\/soccer.aidatasports.com\/images\/players\/39775.png\" alt=\"Patricio \u00c1lvarez\" onerror=\"this.onerror=null;this.src='https:\/\/soccer.aidatasports.com\/images\/players\/default-player.png';\"><span>Patricio \u00c1lvarez<\/span><\/a><\/div>\n<div class=\"player\"><a href=\"https:\/\/soccer.aidatasports.com\/fr\/players\/Fabio-Rojas-39819\"><img decoding=\"async\" src=\"https:\/\/soccer.aidatasports.com\/images\/players\/39819.png\" alt=\"Fabio Rojas\" onerror=\"this.onerror=null;this.src='https:\/\/soccer.aidatasports.com\/images\/players\/default-player.png';\"><span>Fabio Rojas<\/span><\/a><\/div>\n<div class=\"player\"><a href=\"https:\/\/soccer.aidatasports.com\/fr\/players\/Rodrigo-Tapia-6372\"><img decoding=\"async\" src=\"https:\/\/soccer.aidatasports.com\/images\/players\/6372.png\" alt=\"Rodrigo Tapia\" onerror=\"this.onerror=null;this.src='https:\/\/soccer.aidatasports.com\/images\/players\/default-player.png';\"><span>Rodrigo Tapia<\/span><\/a><\/div>\n<div class=\"player\"><a href=\"https:\/\/soccer.aidatasports.com\/fr\/players\/Jose-Bolivar-39860\"><img decoding=\"async\" src=\"https:\/\/soccer.aidatasports.com\/images\/players\/39860.png\" alt=\"Jose Bolivar\" onerror=\"this.onerror=null;this.src='https:\/\/soccer.aidatasports.com\/images\/players\/default-player.png';\"><span>Jose Bolivar<\/span><\/a><\/div>\n<div class=\"player\"><a href=\"https:\/\/soccer.aidatasports.com\/fr\/players\/Elsar-Rodas-39539\"><img decoding=\"async\" src=\"https:\/\/soccer.aidatasports.com\/images\/players\/39539.png\" alt=\"Elsar Rodas\" onerror=\"this.onerror=null;this.src='https:\/\/soccer.aidatasports.com\/images\/players\/default-player.png';\"><span>Elsar Rodas<\/span><\/a><\/div>\n<div class=\"player\"><a href=\"https:\/\/soccer.aidatasports.com\/fr\/players\/Leonel-Sol\u00eds-39672\"><img decoding=\"async\" src=\"https:\/\/soccer.aidatasports.com\/images\/players\/39672.png\" alt=\"Leonel Sol\u00eds\" onerror=\"this.onerror=null;this.src='https:\/\/soccer.aidatasports.com\/images\/players\/default-player.png';\"><span>Leonel Sol\u00eds<\/span><\/a><\/div>\n<div class=\"player\"><a href=\"https:\/\/soccer.aidatasports.com\/fr\/players\/Diego-Soto-39799\"><img decoding=\"async\" src=\"https:\/\/soccer.aidatasports.com\/images\/players\/39799.png\" alt=\"Diego Soto\" onerror=\"this.onerror=null;this.src='https:\/\/soccer.aidatasports.com\/images\/players\/default-player.png';\"><span>Diego Soto<\/span><\/a><\/div>\n<div class=\"player\"><a href=\"https:\/\/soccer.aidatasports.com\/fr\/players\/Rodrigo-Vilca-39607\"><img decoding=\"async\" src=\"https:\/\/soccer.aidatasports.com\/images\/players\/39607.png\" alt=\"Rodrigo Vilca\" onerror=\"this.onerror=null;this.src='https:\/\/soccer.aidatasports.com\/images\/players\/default-player.png';\"><span>Rodrigo Vilca<\/span><\/a><\/div>\n<div class=\"player\"><a href=\"https:\/\/soccer.aidatasports.com\/fr\/players\/Rafael-Guarderas-39822\"><img decoding=\"async\" src=\"https:\/\/soccer.aidatasports.com\/images\/players\/39822.png\" alt=\"Rafael Guarderas\" onerror=\"this.onerror=null;this.src='https:\/\/soccer.aidatasports.com\/images\/players\/default-player.png';\"><span>Rafael Guarderas<\/span><\/a><\/div>\n<div class=\"player\"><a href=\"https:\/\/soccer.aidatasports.com\/fr\/players\/Neri-Bandiera-11582\"><img decoding=\"async\" src=\"https:\/\/soccer.aidatasports.com\/images\/players\/11582.png\" alt=\"Neri Bandiera\" onerror=\"this.onerror=null;this.src='https:\/\/soccer.aidatasports.com\/images\/players\/default-player.png';\"><span>Neri Bandiera<\/span><\/a><\/div>\n<div class=\"player\"><a href=\"https:\/\/soccer.aidatasports.com\/fr\/players\/Ra\u00fal-Ruid\u00edaz-51119\"><img decoding=\"async\" src=\"https:\/\/soccer.aidatasports.com\/images\/players\/51119.png\" alt=\"Ra\u00fal Ruid\u00edaz\" onerror=\"this.onerror=null;this.src='https:\/\/soccer.aidatasports.com\/images\/players\/default-player.png';\"><span>Ra\u00fal Ruid\u00edaz<\/span><\/a><\/div>\n<\/div>\n<div>\n<h4>Suplentes:<\/h4>\n<div class=\"player\"><a href=\"https:\/\/soccer.aidatasports.com\/fr\/players\/Jeremy-Rostaing-39540\"><img decoding=\"async\" src=\"https:\/\/soccer.aidatasports.com\/images\/players\/39540.png\" alt=\"Jeremy Rostaing\" onerror=\"this.onerror=null;this.src='https:\/\/soccer.aidatasports.com\/images\/players\/default-player.png';\"><span>Jeremy Rostaing<\/span><\/a><\/div>\n<div class=\"player\"><a href=\"https:\/\/soccer.aidatasports.com\/fr\/players\/Daniel-Franco-11564\"><img decoding=\"async\" src=\"https:\/\/soccer.aidatasports.com\/images\/players\/11564.png\" alt=\"Daniel Franco\" onerror=\"this.onerror=null;this.src='https:\/\/soccer.aidatasports.com\/images\/players\/default-player.png';\"><span>Daniel Franco<\/span><\/a><\/div>\n<div class=\"player\"><a href=\"https:\/\/soccer.aidatasports.com\/fr\/players\/Christopher-Olivares-41164\"><img decoding=\"async\" src=\"https:\/\/soccer.aidatasports.com\/images\/players\/41164.png\" alt=\"Christopher Olivares\" onerror=\"this.onerror=null;this.src='https:\/\/soccer.aidatasports.com\/images\/players\/default-player.png';\"><span>Christopher Olivares<\/span><\/a><\/div>\n<div class=\"player\"><a href=\"https:\/\/soccer.aidatasports.com\/fr\/players\/Aarom-Fuentes-350540\"><img decoding=\"async\" src=\"https:\/\/soccer.aidatasports.com\/images\/players\/350540.png\" alt=\"Aarom Fuentes\" onerror=\"this.onerror=null;this.src='https:\/\/soccer.aidatasports.com\/images\/players\/default-player.png';\"><span>Aarom Fuentes<\/span><\/a><\/div>\n<div class=\"player\"><a href=\"https:\/\/soccer.aidatasports.com\/fr\/players\/Jherson-Reyes-322325\"><img decoding=\"async\" src=\"https:\/\/soccer.aidatasports.com\/images\/players\/322325.png\" alt=\"Jherson Reyes\" onerror=\"this.onerror=null;this.src='https:\/\/soccer.aidatasports.com\/images\/players\/default-player.png';\"><span>Jherson Reyes<\/span><\/a><\/div>\n<div class=\"player\"><a href=\"https:\/\/soccer.aidatasports.com\/fr\/players\/Aldair-Vasquez-314000\"><img decoding=\"async\" src=\"https:\/\/soccer.aidatasports.com\/images\/players\/314000.png\" alt=\"Aldair Vasquez\" onerror=\"this.onerror=null;this.src='https:\/\/soccer.aidatasports.com\/images\/players\/default-player.png';\"><span>Aldair Vasquez<\/span><\/a><\/div>\n<div class=\"player\"><a href=\"https:\/\/soccer.aidatasports.com\/fr\/players\/Benjam\u00edn-Garc\u00eda-311319\"><img decoding=\"async\" src=\"https:\/\/soccer.aidatasports.com\/images\/players\/311319.png\" alt=\"Benjam\u00edn Garc\u00eda\" onerror=\"this.onerror=null;this.src='https:\/\/soccer.aidatasports.com\/images\/players\/default-player.png';\"><span>Benjam\u00edn Garc\u00eda<\/span><\/a><\/div>\n<div class=\"player\"><a href=\"https:\/\/soccer.aidatasports.com\/fr\/players\/Tom\u00e1s-Sandoval-6664\"><img decoding=\"async\" src=\"https:\/\/soccer.aidatasports.com\/images\/players\/6664.png\" alt=\"Tom\u00e1s Sandoval\" onerror=\"this.onerror=null;this.src='https:\/\/soccer.aidatasports.com\/images\/players\/default-player.png';\"><span>Tom\u00e1s Sandoval<\/span><\/a><\/div>\n<div class=\"player\"><a href=\"https:\/\/soccer.aidatasports.com\/fr\/players\/Juan-Garro-6179\"><img decoding=\"async\" src=\"https:\/\/soccer.aidatasports.com\/images\/players\/6179.png\" alt=\"Juan Garro\" onerror=\"this.onerror=null;this.src='https:\/\/soccer.aidatasports.com\/images\/players\/default-player.png';\"><span>Juan Garro<\/span><\/a><\/div>\n<\/div>\n<\/div>\n<\/div>\n<\/div>\n<div id=\"wg-api-football-game\"\n                    data-host=\"xxxxx\"\n                    data-key=\"xxxx\"\n                    data-id=\"1340417\"\n                    data-theme=\"\"\n                    data-refresh=\"15\"\n                    data-show-errors=\"false\"\n                    data-show-logos=\"true\"><br \/>\n                    class=\u00a0\u00bbwg_loader\u00a0\u00bb>\n                <\/div>\n<div id=\"wg-api-football-standings\"\n                    data-host=\"xxxx\"\n                    data-key=\"ddddd\"\n                    data-league=\"281\"\n                    data-team=\"\"\n                    data-season=\"2025\"\n                    data-theme=\"\"\n                    data-show-errors=\"false\"\n                    data-show-logos=\"true\"\n                    class=\"wg_loader\">\n                <\/div>\n<p>                <script\n                    type=\"module\"\n                    src=\"https:\/\/soccer.aidatasports.com\/wp-content\/customjs\/widgetslocal.js\">\n                <\/script><\/p>\n","protected":false},"excerpt":{"rendered":"<p>Fran\u00e7ais Atl\u00e9tico Grau domine UTC dans un match tendu \u00e0 Cajabamba Cajabamba a \u00e9t\u00e9 le&hellip;<\/p>\n","protected":false},"author":1,"featured_media":98699,"comment_status":"open","ping_status":"open","sticky":false,"template":"","format":"standard","meta":{"content-type":"","pmpro_default_level":"","_lmt_disableupdate":"","_lmt_disable":"","_league":15837,"_fixture":1340417,"penci_pfeatured_image_ratio":"","penci_single_style":"","footnotes":""},"categories":[15837],"tags":[2280,2258],"class_list":["post-98700","post","type-post","status-publish","format-standard","has-post-thumbnail","hentry","category-matches","tag-atletico-grau-peru-2564","tag-utc-peru-2539","pmpro-has-access"],"_links":{"self":[{"href":"https:\/\/soccer.aidatasports.com\/fr\/wp-json\/wp\/v2\/posts\/98700"}],"collection":[{"href":"https:\/\/soccer.aidatasports.com\/fr\/wp-json\/wp\/v2\/posts"}],"about":[{"href":"https:\/\/soccer.aidatasports.com\/fr\/wp-json\/wp\/v2\/types\/post"}],"author":[{"embeddable":true,"href":"https:\/\/soccer.aidatasports.com\/fr\/wp-json\/wp\/v2\/users\/1"}],"replies":[{"embeddable":true,"href":"https:\/\/soccer.aidatasports.com\/fr\/wp-json\/wp\/v2\/comments?post=98700"}],"version-history":[{"count":0,"href":"https:\/\/soccer.aidatasports.com\/fr\/wp-json\/wp\/v2\/posts\/98700\/revisions"}],"wp:featuredmedia":[{"embeddable":true,"href":"https:\/\/soccer.aidatasports.com\/fr\/wp-json\/wp\/v2\/media\/98699"}],"wp:attachment":[{"href":"https:\/\/soccer.aidatasports.com\/fr\/wp-json\/wp\/v2\/media?parent=98700"}],"wp:term":[{"taxonomy":"category","embeddable":true,"href":"https:\/\/soccer.aidatasports.com\/fr\/wp-json\/wp\/v2\/categories?post=98700"},{"taxonomy":"post_tag","embeddable":true,"href":"https:\/\/soccer.aidatasports.com\/fr\/wp-json\/wp\/v2\/tags?post=98700"}],"curies":[{"name":"wp","href":"https:\/\/api.w.org\/{rel}","templated":true}]}}