{"id":98604,"date":"2025-06-10T20:41:38","date_gmt":"2025-06-10T20:41:38","guid":{"rendered":"https:\/\/soccer.aidatasports.com\/fr\/uncategorized\/serbia-vs-andorra-jun-10-2025-1845-utc\/"},"modified":"2025-06-10T20:41:38","modified_gmt":"2025-06-10T20:41:38","slug":"serbia-vs-andorra-jun-10-2025-1845-utc","status":"publish","type":"post","link":"https:\/\/soccer.aidatasports.com\/fr\/matches\/serbia-vs-andorra-jun-10-2025-1845-utc\/","title":{"rendered":"Serbia vs Andorra Jun 10 2025 18:45 UTC"},"content":{"rendered":"<p><strong>FRAN\u00c7AIS<\/strong><\/p>\n<p><strong>La Serbie Surpasse Andorre \u00e0 Leskovac avec une Victoire D\u00e9cisive<\/strong><\/p>\n<p>Leskovac, 10 juin 2025 &#8211; Lors d&rsquo;un match disput\u00e9 au Gradski stadion Dubocica, la Serbie a d\u00e9montr\u00e9 sa sup\u00e9riorit\u00e9 face \u00e0 Andorre dans le cadre des qualifications europ\u00e9ennes pour la Coupe du Monde, phase de groupes. L&rsquo;\u00e9quipe serbe a contr\u00f4l\u00e9 le match d\u00e8s le d\u00e9but, comme en t\u00e9moigne une possession \u00e9crasante de 71 %.<\/p>\n<p>Aleksandar Mitrovic a \u00e9t\u00e9 le joueur vedette de la rencontre, marquant deux buts, le premier \u00e0 la 12e minute sur une passe d\u00e9cisive de Dusan Vlahovic, et le deuxi\u00e8me \u00e0 la 24e minute gr\u00e2ce \u00e0 une passe d&rsquo;Andrija Zivkovic. Mitrovic a compl\u00e9t\u00e9 son coup du chapeau en marquant un penalty \u00e0 la 53e minute.<\/p>\n<p>Andorre, de son c\u00f4t\u00e9, a lutt\u00e9 pour contenir l&rsquo;attaque serbe, mais ses efforts n&rsquo;ont pas suffi. L&rsquo;\u00e9quipe visiteuse n&rsquo;a r\u00e9ussi qu&rsquo;\u00e0 obtenir 29 % de possession et cinq tirs, dont aucun n&rsquo;\u00e9tait cadr\u00e9. La discipline a \u00e9galement \u00e9t\u00e9 un probl\u00e8me pour Andorre, qui a \u00e9cop\u00e9 de deux cartons jaunes. L&rsquo;arbitre Aliyar Aghayev a averti E. Vales et E. Izquierdo. La Serbie a re\u00e7u un carton jaune pour U. Racic.<\/p>\n<p>Le match, arbitr\u00e9 par Aliyar Aghayev d&rsquo;Azerba\u00efdjan, s&rsquo;est conclu par une nette victoire pour la Serbie, qui engrange trois points importants dans sa qu\u00eate de qualification pour la Coupe du Monde. La domination serbe s&rsquo;est refl\u00e9t\u00e9e dans les statistiques finales : 19 tirs au total (6 cadr\u00e9s), 8 corners et une plus grande pr\u00e9cision dans les passes. Andorre, malgr\u00e9 ses efforts, a \u00e9t\u00e9 surclass\u00e9e dans tous les aspects du jeu.<\/p>\n<p>Remplacements dans l&rsquo;quipe de serbia: \u00c0 la 60e minute, S. Mitrovic est entr\u00e9 et A. Terzic est sorti., \u00c0 la 61e minute, U. Racic est entr\u00e9 et A. Katai est sorti., \u00c0 la 61e minute, N. Maksimovic est entr\u00e9 et N. Gudelj est sorti., \u00c0 la 76e minute, J. Simic est entr\u00e9 et N. Stojic est sorti., \u00c0 la 83e minute, N. Stulic est entr\u00e9 et A. Mitrovic est sorti. <\/p>\n<p>Remplacements dans l&rsquo;quipe de andorra: \u00c0 la 66e minute, E. Izquierdo est entr\u00e9 et E. Vales est sorti., \u00c0 la 66e minute, A. Martinez est entr\u00e9 et A. Rodrigo Tapia est sorti., \u00c0 la 67e minute, Cucu est entr\u00e9 et G. Lopez est sorti., \u00c0 la 79e minute, Dacu est entr\u00e9 et J. Cervos est sorti., \u00c0 la 87e minute, J. Teixeira est entr\u00e9 et M. Vales est sorti. <\/p>\n<p>Les \u00e9quipes se sont align\u00e9es comme suit:<\/p>\n<div class=\"lineups-container\">\n<style>\n                .lineups-container {\n                    display: flex;\n                    justify-content: space-around;\n                    flex-wrap: wrap;\n                }\n                .team-lineup {\n                    width: 49%;\n                    margin-bottom: 20px;\n                    border: 1px solid #ccc;\n                    padding: 5px;\n                }\n                .team-lineup h3 {\n                    text-align: center;\n                    margin-bottom: 10px;\n                }\n                .players-container {\n                    display: flex;\n                    justify-content: space-between;\n                }\n                .players-container div {\n                    width: 100%;\n                }\n                .player {\n                    display: flex;\n                    align-items: center;\n                    margin-bottom: 5px;\n                }\n                .player img {\n                    width: 30px;\n                    height: 30px;\n                    border-radius: 50%;\n                    margin-right: 10px;\n                }\n                    @media (max-width: 600px) {\n                    .team-lineup {\n                        width: 100%;\n                    }\n                }\n                <\/style>\n<div class=\"team-lineup\">\n<h3>Serbia<\/h3>\n<p><img decoding=\"async\" src=\"https:\/\/media.api-sports.io\/football\/teams\/14.png\" alt=\"Serbia\" style=\"width: 50px; height: 50px;\"><\/p>\n<div class=\"players-container\">\n<div>\n<h4>Titulares:<\/h4>\n<div class=\"player\"><a href=\"https:\/\/soccer.aidatasports.com\/fr\/players\/\u0110or\u0111e-Petrovi\u0107-118307\"><img decoding=\"async\" src=\"https:\/\/soccer.aidatasports.com\/images\/players\/118307.png\" alt=\"\u0110or\u0111e Petrovi\u0107\" onerror=\"this.onerror=null;this.src='https:\/\/soccer.aidatasports.com\/images\/players\/default-player.png';\"><span>\u0110or\u0111e Petrovi\u0107<\/span><\/a><\/div>\n<div class=\"player\"><a href=\"https:\/\/soccer.aidatasports.com\/fr\/players\/Nemanja-Stoji\u0107-133403\"><img decoding=\"async\" src=\"https:\/\/soccer.aidatasports.com\/images\/players\/133403.png\" alt=\"Nemanja Stoji\u0107\" onerror=\"this.onerror=null;this.src='https:\/\/soccer.aidatasports.com\/images\/players\/default-player.png';\"><span>Nemanja Stoji\u0107<\/span><\/a><\/div>\n<div class=\"player\"><a href=\"https:\/\/soccer.aidatasports.com\/fr\/players\/Nikola-Milenkovi\u0107-2817\"><img decoding=\"async\" src=\"https:\/\/soccer.aidatasports.com\/images\/players\/2817.png\" alt=\"Nikola Milenkovi\u0107\" onerror=\"this.onerror=null;this.src='https:\/\/soccer.aidatasports.com\/images\/players\/default-player.png';\"><span>Nikola Milenkovi\u0107<\/span><\/a><\/div>\n<div class=\"player\"><a href=\"https:\/\/soccer.aidatasports.com\/fr\/players\/Strahinja-Pavlovi\u0107-45826\"><img decoding=\"async\" src=\"https:\/\/soccer.aidatasports.com\/images\/players\/45826.png\" alt=\"Strahinja Pavlovi\u0107\" onerror=\"this.onerror=null;this.src='https:\/\/soccer.aidatasports.com\/images\/players\/default-player.png';\"><span>Strahinja Pavlovi\u0107<\/span><\/a><\/div>\n<div class=\"player\"><a href=\"https:\/\/soccer.aidatasports.com\/fr\/players\/Nemanja-Gudelj-1489\"><img decoding=\"async\" src=\"https:\/\/soccer.aidatasports.com\/images\/players\/1489.png\" alt=\"Nemanja Gudelj\" onerror=\"this.onerror=null;this.src='https:\/\/soccer.aidatasports.com\/images\/players\/default-player.png';\"><span>Nemanja Gudelj<\/span><\/a><\/div>\n<div class=\"player\"><a href=\"https:\/\/soccer.aidatasports.com\/fr\/players\/Andrija-\u017divkovi\u0107-579\"><img decoding=\"async\" src=\"https:\/\/soccer.aidatasports.com\/images\/players\/579.png\" alt=\"Andrija \u017divkovi\u0107\" onerror=\"this.onerror=null;this.src='https:\/\/soccer.aidatasports.com\/images\/players\/default-player.png';\"><span>Andrija \u017divkovi\u0107<\/span><\/a><\/div>\n<div class=\"player\"><a href=\"https:\/\/soccer.aidatasports.com\/fr\/players\/Sa\u0161a-Luki\u0107-2823\"><img decoding=\"async\" src=\"https:\/\/soccer.aidatasports.com\/images\/players\/2823.png\" alt=\"Sa\u0161a Luki\u0107\" onerror=\"this.onerror=null;this.src='https:\/\/soccer.aidatasports.com\/images\/players\/default-player.png';\"><span>Sa\u0161a Luki\u0107<\/span><\/a><\/div>\n<div class=\"player\"><a href=\"https:\/\/soccer.aidatasports.com\/fr\/players\/Aleksandar-Katai-50910\"><img decoding=\"async\" src=\"https:\/\/soccer.aidatasports.com\/images\/players\/50910.png\" alt=\"Aleksandar Katai\" onerror=\"this.onerror=null;this.src='https:\/\/soccer.aidatasports.com\/images\/players\/default-player.png';\"><span>Aleksandar Katai<\/span><\/a><\/div>\n<div class=\"player\"><a href=\"https:\/\/soccer.aidatasports.com\/fr\/players\/Aleksa-Terzi\u0107-349\"><img decoding=\"async\" src=\"https:\/\/soccer.aidatasports.com\/images\/players\/349.png\" alt=\"Aleksa Terzi\u0107\" onerror=\"this.onerror=null;this.src='https:\/\/soccer.aidatasports.com\/images\/players\/default-player.png';\"><span>Aleksa Terzi\u0107<\/span><\/a><\/div>\n<div class=\"player\"><a href=\"https:\/\/soccer.aidatasports.com\/fr\/players\/Du\u0161an-Vlahovi\u0107-30415\"><img decoding=\"async\" src=\"https:\/\/soccer.aidatasports.com\/images\/players\/30415.png\" alt=\"Du\u0161an Vlahovi\u0107\" onerror=\"this.onerror=null;this.src='https:\/\/soccer.aidatasports.com\/images\/players\/default-player.png';\"><span>Du\u0161an Vlahovi\u0107<\/span><\/a><\/div>\n<div class=\"player\"><a href=\"https:\/\/soccer.aidatasports.com\/fr\/players\/Aleksandar-Mitrovi\u0107-2825\"><img decoding=\"async\" src=\"https:\/\/soccer.aidatasports.com\/images\/players\/2825.png\" alt=\"Aleksandar Mitrovi\u0107\" onerror=\"this.onerror=null;this.src='https:\/\/soccer.aidatasports.com\/images\/players\/default-player.png';\"><span>Aleksandar Mitrovi\u0107<\/span><\/a><\/div>\n<\/div>\n<div>\n<h4>Suplentes:<\/h4>\n<div class=\"player\"><a href=\"https:\/\/soccer.aidatasports.com\/fr\/players\/Stefan-Mitrovi\u0107-180128\"><img decoding=\"async\" src=\"https:\/\/soccer.aidatasports.com\/images\/players\/180128.png\" alt=\"Stefan Mitrovi\u0107\" onerror=\"this.onerror=null;this.src='https:\/\/soccer.aidatasports.com\/images\/players\/default-player.png';\"><span>Stefan Mitrovi\u0107<\/span><\/a><\/div>\n<div class=\"player\"><a href=\"https:\/\/soccer.aidatasports.com\/fr\/players\/Uro\u0161-Ra\u010di\u0107-47087\"><img decoding=\"async\" src=\"https:\/\/soccer.aidatasports.com\/images\/players\/47087.png\" alt=\"Uro\u0161 Ra\u010di\u0107\" onerror=\"this.onerror=null;this.src='https:\/\/soccer.aidatasports.com\/images\/players\/default-player.png';\"><span>Uro\u0161 Ra\u010di\u0107<\/span><\/a><\/div>\n<div class=\"player\"><a href=\"https:\/\/soccer.aidatasports.com\/fr\/players\/Andrija-Maksimovi\u0107-398192\"><img decoding=\"async\" src=\"https:\/\/soccer.aidatasports.com\/images\/players\/398192.png\" alt=\"Andrija Maksimovi\u0107\" onerror=\"this.onerror=null;this.src='https:\/\/soccer.aidatasports.com\/images\/players\/default-player.png';\"><span>Andrija Maksimovi\u0107<\/span><\/a><\/div>\n<div class=\"player\"><a href=\"https:\/\/soccer.aidatasports.com\/fr\/players\/Jan-Carlo-Simi\u0107-371910\"><img decoding=\"async\" src=\"https:\/\/soccer.aidatasports.com\/images\/players\/371910.png\" alt=\"Jan-Carlo Simi\u0107\" onerror=\"this.onerror=null;this.src='https:\/\/soccer.aidatasports.com\/images\/players\/default-player.png';\"><span>Jan-Carlo Simi\u0107<\/span><\/a><\/div>\n<div class=\"player\"><a href=\"https:\/\/soccer.aidatasports.com\/fr\/players\/Nikola-\u0160tuli\u0107-264122\"><img decoding=\"async\" src=\"https:\/\/soccer.aidatasports.com\/images\/players\/264122.png\" alt=\"Nikola \u0160tuli\u0107\" onerror=\"this.onerror=null;this.src='https:\/\/soccer.aidatasports.com\/images\/players\/default-player.png';\"><span>Nikola \u0160tuli\u0107<\/span><\/a><\/div>\n<div class=\"player\"><a href=\"https:\/\/soccer.aidatasports.com\/fr\/players\/Dragan-Rosi\u0107-45846\"><img decoding=\"async\" src=\"https:\/\/soccer.aidatasports.com\/images\/players\/45846.png\" alt=\"Dragan Rosi\u0107\" onerror=\"this.onerror=null;this.src='https:\/\/soccer.aidatasports.com\/images\/players\/default-player.png';\"><span>Dragan Rosi\u0107<\/span><\/a><\/div>\n<div class=\"player\"><a href=\"https:\/\/soccer.aidatasports.com\/fr\/players\/Lazar-Kali\u010danin-368100\"><img decoding=\"async\" src=\"https:\/\/soccer.aidatasports.com\/images\/players\/368100.png\" alt=\"Lazar Kali\u010danin\" onerror=\"this.onerror=null;this.src='https:\/\/soccer.aidatasports.com\/images\/players\/default-player.png';\"><span>Lazar Kali\u010danin<\/span><\/a><\/div>\n<div class=\"player\"><a href=\"https:\/\/soccer.aidatasports.com\/fr\/players\/Kosta-Nedeljkovi\u0107-342320\"><img decoding=\"async\" src=\"https:\/\/soccer.aidatasports.com\/images\/players\/342320.png\" alt=\"Kosta Nedeljkovi\u0107\" onerror=\"this.onerror=null;this.src='https:\/\/soccer.aidatasports.com\/images\/players\/default-player.png';\"><span>Kosta Nedeljkovi\u0107<\/span><\/a><\/div>\n<div class=\"player\"><a href=\"https:\/\/soccer.aidatasports.com\/fr\/players\/Sr\u0111an-Babi\u0107-340\"><img decoding=\"async\" src=\"https:\/\/soccer.aidatasports.com\/images\/players\/340.png\" alt=\"Sr\u0111an Babi\u0107\" onerror=\"this.onerror=null;this.src='https:\/\/soccer.aidatasports.com\/images\/players\/default-player.png';\"><span>Sr\u0111an Babi\u0107<\/span><\/a><\/div>\n<div class=\"player\"><a href=\"https:\/\/soccer.aidatasports.com\/fr\/players\/Strahinja-Erakovi\u0107-133391\"><img decoding=\"async\" src=\"https:\/\/soccer.aidatasports.com\/images\/players\/133391.png\" alt=\"Strahinja Erakovi\u0107\" onerror=\"this.onerror=null;this.src='https:\/\/soccer.aidatasports.com\/images\/players\/default-player.png';\"><span>Strahinja Erakovi\u0107<\/span><\/a><\/div>\n<div class=\"player\"><a href=\"https:\/\/soccer.aidatasports.com\/fr\/players\/Nemanja-Maksimovi\u0107-2824\"><img decoding=\"async\" src=\"https:\/\/soccer.aidatasports.com\/images\/players\/2824.png\" alt=\"Nemanja Maksimovi\u0107\" onerror=\"this.onerror=null;this.src='https:\/\/soccer.aidatasports.com\/images\/players\/default-player.png';\"><span>Nemanja Maksimovi\u0107<\/span><\/a><\/div>\n<div class=\"player\"><a href=\"https:\/\/soccer.aidatasports.com\/fr\/players\/Lazar-Samard\u017ei\u0107-178749\"><img decoding=\"async\" src=\"https:\/\/soccer.aidatasports.com\/images\/players\/178749.png\" alt=\"Lazar Samard\u017ei\u0107\" onerror=\"this.onerror=null;this.src='https:\/\/soccer.aidatasports.com\/images\/players\/default-player.png';\"><span>Lazar Samard\u017ei\u0107<\/span><\/a><\/div>\n<\/div>\n<\/div>\n<\/div>\n<div class=\"team-lineup\">\n<h3>Andorra<\/h3>\n<p><img decoding=\"async\" src=\"https:\/\/media.api-sports.io\/football\/teams\/1110.png\" alt=\"Andorra\" style=\"width: 50px; height: 50px;\"><\/p>\n<div class=\"players-container\">\n<div>\n<h4>Titulares:<\/h4>\n<div class=\"player\"><a href=\"https:\/\/soccer.aidatasports.com\/fr\/players\/Iker-\u00c1lvarez-169256\"><img decoding=\"async\" src=\"https:\/\/soccer.aidatasports.com\/images\/players\/169256.png\" alt=\"Iker \u00c1lvarez\" onerror=\"this.onerror=null;this.src='https:\/\/soccer.aidatasports.com\/images\/players\/default-player.png';\"><span>Iker \u00c1lvarez<\/span><\/a><\/div>\n<div class=\"player\"><a href=\"https:\/\/soccer.aidatasports.com\/fr\/players\/Biel-Borra-Font-390612\"><img decoding=\"async\" src=\"https:\/\/soccer.aidatasports.com\/images\/players\/390612.png\" alt=\"Biel Borra Font\" onerror=\"this.onerror=null;this.src='https:\/\/soccer.aidatasports.com\/images\/players\/default-player.png';\"><span>Biel Borra Font<\/span><\/a><\/div>\n<div class=\"player\"><a href=\"https:\/\/soccer.aidatasports.com\/fr\/players\/Max-Llovera-56048\"><img decoding=\"async\" src=\"https:\/\/soccer.aidatasports.com\/images\/players\/56048.png\" alt=\"Max Llovera\" onerror=\"this.onerror=null;this.src='https:\/\/soccer.aidatasports.com\/images\/players\/default-player.png';\"><span>Max Llovera<\/span><\/a><\/div>\n<div class=\"player\"><a href=\"https:\/\/soccer.aidatasports.com\/fr\/players\/Christian-Garc\u00eda-169257\"><img decoding=\"async\" src=\"https:\/\/soccer.aidatasports.com\/images\/players\/169257.png\" alt=\"Christian Garc\u00eda\" onerror=\"this.onerror=null;this.src='https:\/\/soccer.aidatasports.com\/images\/players\/default-player.png';\"><span>Christian Garc\u00eda<\/span><\/a><\/div>\n<div class=\"player\"><a href=\"https:\/\/soccer.aidatasports.com\/fr\/players\/Ian-Bryan-Olivera-348245\"><img decoding=\"async\" src=\"https:\/\/soccer.aidatasports.com\/images\/players\/348245.png\" alt=\"Ian Bryan Olivera\" onerror=\"this.onerror=null;this.src='https:\/\/soccer.aidatasports.com\/images\/players\/default-player.png';\"><span>Ian Bryan Olivera<\/span><\/a><\/div>\n<div class=\"player\"><a href=\"https:\/\/soccer.aidatasports.com\/fr\/players\/Mois\u00e9s-San-Nicol\u00e1s-5059\"><img decoding=\"async\" src=\"https:\/\/soccer.aidatasports.com\/images\/players\/5059.png\" alt=\"Mois\u00e9s San Nicol\u00e1s\" onerror=\"this.onerror=null;this.src='https:\/\/soccer.aidatasports.com\/images\/players\/default-player.png';\"><span>Mois\u00e9s San Nicol\u00e1s<\/span><\/a><\/div>\n<div class=\"player\"><a href=\"https:\/\/soccer.aidatasports.com\/fr\/players\/Aron-Rodrigo-413020\"><img decoding=\"async\" src=\"https:\/\/soccer.aidatasports.com\/images\/players\/413020.png\" alt=\"Aron Rodrigo\" onerror=\"this.onerror=null;this.src='https:\/\/soccer.aidatasports.com\/images\/players\/default-player.png';\"><span>Aron Rodrigo<\/span><\/a><\/div>\n<div class=\"player\"><a href=\"https:\/\/soccer.aidatasports.com\/fr\/players\/\u00c9ric-Vales-169178\"><img decoding=\"async\" src=\"https:\/\/soccer.aidatasports.com\/images\/players\/169178.png\" alt=\"\u00c9ric Vales\" onerror=\"this.onerror=null;this.src='https:\/\/soccer.aidatasports.com\/images\/players\/default-player.png';\"><span>\u00c9ric Vales<\/span><\/a><\/div>\n<div class=\"player\"><a href=\"https:\/\/soccer.aidatasports.com\/fr\/players\/Marc-Vales-56050\"><img decoding=\"async\" src=\"https:\/\/soccer.aidatasports.com\/images\/players\/56050.png\" alt=\"Marc Vales\" onerror=\"this.onerror=null;this.src='https:\/\/soccer.aidatasports.com\/images\/players\/default-player.png';\"><span>Marc Vales<\/span><\/a><\/div>\n<div class=\"player\"><a href=\"https:\/\/soccer.aidatasports.com\/fr\/players\/Joan-Cerv\u00f3s-56046\"><img decoding=\"async\" src=\"https:\/\/soccer.aidatasports.com\/images\/players\/56046.png\" alt=\"Joan Cerv\u00f3s\" onerror=\"this.onerror=null;this.src='https:\/\/soccer.aidatasports.com\/images\/players\/default-player.png';\"><span>Joan Cerv\u00f3s<\/span><\/a><\/div>\n<div class=\"player\"><a href=\"https:\/\/soccer.aidatasports.com\/fr\/players\/Guillaume-Lopez-179438\"><img decoding=\"async\" src=\"https:\/\/soccer.aidatasports.com\/images\/players\/179438.png\" alt=\"Guillaume Lopez\" onerror=\"this.onerror=null;this.src='https:\/\/soccer.aidatasports.com\/images\/players\/default-player.png';\"><span>Guillaume Lopez<\/span><\/a><\/div>\n<\/div>\n<div>\n<h4>Suplentes:<\/h4>\n<div class=\"player\"><a href=\"https:\/\/soccer.aidatasports.com\/fr\/players\/\u00c9ric-Izquierdo-169214\"><img decoding=\"async\" src=\"https:\/\/soccer.aidatasports.com\/images\/players\/169214.png\" alt=\"\u00c9ric Izquierdo\" onerror=\"this.onerror=null;this.src='https:\/\/soccer.aidatasports.com\/images\/players\/default-player.png';\"><span>\u00c9ric Izquierdo<\/span><\/a><\/div>\n<div class=\"player\"><a href=\"https:\/\/soccer.aidatasports.com\/fr\/players\/Alexandre-Mart\u00ednez-56057\"><img decoding=\"async\" src=\"https:\/\/soccer.aidatasports.com\/images\/players\/56057.png\" alt=\"Alexandre Mart\u00ednez\" onerror=\"this.onerror=null;this.src='https:\/\/soccer.aidatasports.com\/images\/players\/default-player.png';\"><span>Alexandre Mart\u00ednez<\/span><\/a><\/div>\n<div class=\"player\"><a href=\"https:\/\/soccer.aidatasports.com\/fr\/players\/Ricard-Fern\u00e1ndez-Cucu-123539\"><img decoding=\"async\" src=\"https:\/\/soccer.aidatasports.com\/images\/players\/123539.png\" alt=\"Ricard Fern\u00e1ndez Cucu\" onerror=\"this.onerror=null;this.src='https:\/\/soccer.aidatasports.com\/images\/players\/default-player.png';\"><span>Ricard Fern\u00e1ndez Cucu<\/span><\/a><\/div>\n<div class=\"player\"><a href=\"https:\/\/soccer.aidatasports.com\/fr\/players\/Adri\u00e1n-Gomes-169264\"><img decoding=\"async\" src=\"https:\/\/soccer.aidatasports.com\/images\/players\/169264.png\" alt=\"Adri\u00e1n Gomes\" onerror=\"this.onerror=null;this.src='https:\/\/soccer.aidatasports.com\/images\/players\/default-player.png';\"><span>Adri\u00e1n Gomes<\/span><\/a><\/div>\n<div class=\"player\"><a href=\"https:\/\/soccer.aidatasports.com\/fr\/players\/Jo\u00e3o-Teixeira-270477\"><img decoding=\"async\" src=\"https:\/\/soccer.aidatasports.com\/images\/players\/270477.png\" alt=\"Jo\u00e3o Teixeira\" onerror=\"this.onerror=null;this.src='https:\/\/soccer.aidatasports.com\/images\/players\/default-player.png';\"><span>Jo\u00e3o Teixeira<\/span><\/a><\/div>\n<div class=\"player\"><a href=\"https:\/\/soccer.aidatasports.com\/fr\/players\/Josep-G\u00f3mes-56044\"><img decoding=\"async\" src=\"https:\/\/soccer.aidatasports.com\/images\/players\/56044.png\" alt=\"Josep G\u00f3mes\" onerror=\"this.onerror=null;this.src='https:\/\/soccer.aidatasports.com\/images\/players\/default-player.png';\"><span>Josep G\u00f3mes<\/span><\/a><\/div>\n<div class=\"player\"><a href=\"https:\/\/soccer.aidatasports.com\/fr\/players\/Xisco-Pires-134459\"><img decoding=\"async\" src=\"https:\/\/soccer.aidatasports.com\/images\/players\/134459.png\" alt=\"Xisco Pires\" onerror=\"this.onerror=null;this.src='https:\/\/soccer.aidatasports.com\/images\/players\/default-player.png';\"><span>Xisco Pires<\/span><\/a><\/div>\n<div class=\"player\"><a href=\"https:\/\/soccer.aidatasports.com\/fr\/players\/Jes\u00fas-Rubio-5133\"><img decoding=\"async\" src=\"https:\/\/soccer.aidatasports.com\/images\/players\/5133.png\" alt=\"Jes\u00fas Rubio\" onerror=\"this.onerror=null;this.src='https:\/\/soccer.aidatasports.com\/images\/players\/default-player.png';\"><span>Jes\u00fas Rubio<\/span><\/a><\/div>\n<div class=\"player\"><a href=\"https:\/\/soccer.aidatasports.com\/fr\/players\/Joel-Guill\u00e9n-169212\"><img decoding=\"async\" src=\"https:\/\/soccer.aidatasports.com\/images\/players\/169212.png\" alt=\"Joel Guill\u00e9n\" onerror=\"this.onerror=null;this.src='https:\/\/soccer.aidatasports.com\/images\/players\/default-player.png';\"><span>Joel Guill\u00e9n<\/span><\/a><\/div>\n<div class=\"player\"><a href=\"https:\/\/soccer.aidatasports.com\/fr\/players\/Marc-Garc\u00eda-70355\"><img decoding=\"async\" src=\"https:\/\/soccer.aidatasports.com\/images\/players\/70355.png\" alt=\"Marc Garc\u00eda\" onerror=\"this.onerror=null;this.src='https:\/\/soccer.aidatasports.com\/images\/players\/default-player.png';\"><span>Marc Garc\u00eda<\/span><\/a><\/div>\n<div class=\"player\"><a href=\"https:\/\/soccer.aidatasports.com\/fr\/players\/Marc-Reb\u00e9s-5058\"><img decoding=\"async\" src=\"https:\/\/soccer.aidatasports.com\/images\/players\/5058.png\" alt=\"Marc Reb\u00e9s\" onerror=\"this.onerror=null;this.src='https:\/\/soccer.aidatasports.com\/images\/players\/default-player.png';\"><span>Marc Reb\u00e9s<\/span><\/a><\/div>\n<div class=\"player\"><a href=\"https:\/\/soccer.aidatasports.com\/fr\/players\/Pau-Babot-215778\"><img decoding=\"async\" src=\"https:\/\/soccer.aidatasports.com\/images\/players\/215778.png\" alt=\"Pau Babot\" onerror=\"this.onerror=null;this.src='https:\/\/soccer.aidatasports.com\/images\/players\/default-player.png';\"><span>Pau Babot<\/span><\/a><\/div>\n<\/div>\n<\/div>\n<\/div>\n<\/div>\n<div id=\"wg-api-football-game\"\n                    data-host=\"xxxxx\"\n                    data-key=\"xxxx\"\n                    data-id=\"1323278\"\n                    data-theme=\"\"\n                    data-refresh=\"15\"\n                    data-show-errors=\"false\"\n                    data-show-logos=\"true\"><br \/>\n                    class=\u00a0\u00bbwg_loader\u00a0\u00bb>\n                <\/div>\n<div id=\"wg-api-football-standings\"\n                    data-host=\"xxxx\"\n                    data-key=\"ddddd\"\n                    data-league=\"32\"\n                    data-team=\"\"\n                    data-season=\"2024\"\n                    data-theme=\"\"\n                    data-show-errors=\"false\"\n                    data-show-logos=\"true\"\n                    class=\"wg_loader\">\n                <\/div>\n<p>                <script\n                    type=\"module\"\n                    src=\"https:\/\/soccer.aidatasports.com\/wp-content\/customjs\/widgetslocal.js\">\n                <\/script><\/p>\n","protected":false},"excerpt":{"rendered":"<p>FRAN\u00c7AIS La Serbie Surpasse Andorre \u00e0 Leskovac avec une Victoire D\u00e9cisive Leskovac, 10 juin 2025&hellip;<\/p>\n","protected":false},"author":1,"featured_media":98603,"comment_status":"open","ping_status":"open","sticky":false,"template":"","format":"standard","meta":{"content-type":"","pmpro_default_level":"","_lmt_disableupdate":"","_lmt_disable":"","_league":15837,"_fixture":1323278,"penci_pfeatured_image_ratio":"","penci_single_style":"","footnotes":""},"categories":[15837],"tags":[1127,139],"class_list":["post-98604","post","type-post","status-publish","format-standard","has-post-thumbnail","hentry","category-matches","tag-andorra-andorra-1110","tag-serbia-serbia-14","pmpro-has-access"],"_links":{"self":[{"href":"https:\/\/soccer.aidatasports.com\/fr\/wp-json\/wp\/v2\/posts\/98604"}],"collection":[{"href":"https:\/\/soccer.aidatasports.com\/fr\/wp-json\/wp\/v2\/posts"}],"about":[{"href":"https:\/\/soccer.aidatasports.com\/fr\/wp-json\/wp\/v2\/types\/post"}],"author":[{"embeddable":true,"href":"https:\/\/soccer.aidatasports.com\/fr\/wp-json\/wp\/v2\/users\/1"}],"replies":[{"embeddable":true,"href":"https:\/\/soccer.aidatasports.com\/fr\/wp-json\/wp\/v2\/comments?post=98604"}],"version-history":[{"count":0,"href":"https:\/\/soccer.aidatasports.com\/fr\/wp-json\/wp\/v2\/posts\/98604\/revisions"}],"wp:featuredmedia":[{"embeddable":true,"href":"https:\/\/soccer.aidatasports.com\/fr\/wp-json\/wp\/v2\/media\/98603"}],"wp:attachment":[{"href":"https:\/\/soccer.aidatasports.com\/fr\/wp-json\/wp\/v2\/media?parent=98604"}],"wp:term":[{"taxonomy":"category","embeddable":true,"href":"https:\/\/soccer.aidatasports.com\/fr\/wp-json\/wp\/v2\/categories?post=98604"},{"taxonomy":"post_tag","embeddable":true,"href":"https:\/\/soccer.aidatasports.com\/fr\/wp-json\/wp\/v2\/tags?post=98604"}],"curies":[{"name":"wp","href":"https:\/\/api.w.org\/{rel}","templated":true}]}}