{"id":98560,"date":"2025-06-09T01:20:59","date_gmt":"2025-06-09T01:20:59","guid":{"rendered":"https:\/\/soccer.aidatasports.com\/fr\/uncategorized\/junior-vs-independiente-medellin-jun-08-2025-2315-utc\/"},"modified":"2025-06-09T01:20:59","modified_gmt":"2025-06-09T01:20:59","slug":"junior-vs-independiente-medellin-jun-08-2025-2315-utc","status":"publish","type":"post","link":"https:\/\/soccer.aidatasports.com\/fr\/matches\/junior-vs-independiente-medellin-jun-08-2025-2315-utc\/","title":{"rendered":"Junior vs Independiente Medellin Jun 08 2025 23:15 UTC"},"content":{"rendered":"<p><strong>Fran\u00e7ais:<\/strong><\/p>\n<p><strong>Independiente Medell\u00edn Remporte une Victoire \u00c9triqu\u00e9e dans un Match Intense \u00e0 Barranquilla<\/strong><\/p>\n<p>Dans un match disput\u00e9 \u00e0 l&rsquo;Estadio Metropolitano Roberto Mel\u00e9ndez de Barranquilla, Independiente Medell\u00edn a remport\u00e9 une pr\u00e9cieuse victoire 1-0 contre Junior. Le match, comptant pour la troisi\u00e8me journ\u00e9e du quadrangulaire d&rsquo;ouverture de la Primera A colombienne, a \u00e9t\u00e9 marqu\u00e9 par l&rsquo;intensit\u00e9 et la friction, comme en t\u00e9moigne le grand nombre de cartons distribu\u00e9s par l&rsquo;arbitre Jonathan Jair Ortiz Tonguino.<\/p>\n<p>La premi\u00e8re mi-temps a vu des p\u00e9riodes de domination altern\u00e9es, bien que Junior ait eu une plus grande part de possession du ballon (58%). Cependant, Medell\u00edn a su saisir l&rsquo;une de ses opportunit\u00e9s pour prendre l&rsquo;avantage \u00e0 la 43e minute, avec un but de H.E. Martinez Yepez sur une passe d\u00e9cisive de B. Leon.<\/p>\n<p>La deuxi\u00e8me mi-temps a continu\u00e9 sur la m\u00eame lanc\u00e9e, Junior cherchant sans rel\u00e2che l&rsquo;\u00e9galisation et Medell\u00edn d\u00e9fendant farouchement son avance. La tension sur le terrain s&rsquo;est accrue dans les derni\u00e8res minutes, culminant avec l&rsquo;expulsion de S. Rodriguez pour Junior et J. Mosquera pour Medell\u00edn dans le temps additionnel. Malgr\u00e9 leurs efforts, Junior n&rsquo;a pas r\u00e9ussi \u00e0 concr\u00e9tiser ses occasions, laissant \u00e9chapper des points cruciaux \u00e0 domicile. Medell\u00edn, de son c\u00f4t\u00e9, a c\u00e9l\u00e9br\u00e9 une victoire cl\u00e9 qui le propulse vers l&rsquo;avant dans le quadrangulaire.<\/p>\n<p>Remplacements dans l&rsquo;quipe de junior: \u00c0 la 46e minute, S. Rodriguez est entr\u00e9 et B. Castrillon est sorti., \u00c0 la 46e minute, J. Barrera est entr\u00e9 et D. Moreno est sorti., \u00c0 la 63e minute, D. Caicedo est entr\u00e9 et J. Enamorado est sorti., \u00c0 la 73e minute, L. Gonzalez est entr\u00e9 et F. S. Angel Bernal est sorti., \u00c0 la 77e minute, Y. Quintero est entr\u00e9 et J. Guerrero est sorti. <\/p>\n<p>Remplacements dans l&rsquo;quipe de independiente medellin: \u00c0 la 66e minute, Y. Rodallega est entr\u00e9 et F. Chaverra est sorti., \u00c0 la 66e minute, B. Perlaza est entr\u00e9 et H. E. Martinez Yepez est sorti., \u00c0 la 71e minute, Marcus Vinicius est entr\u00e9 et F. Fydriszewski est sorti., \u00c0 la 71e minute, D. Moreno est entr\u00e9 et L. Berrio est sorti., \u00c0 la 83e minute, F. Torijano est entr\u00e9 et B. Leon est sorti. <\/p>\n<p>Les \u00e9quipes se sont align\u00e9es comme suit:<\/p>\n<div class=\"lineups-container\">\n<style>\n                .lineups-container {\n                    display: flex;\n                    justify-content: space-around;\n                    flex-wrap: wrap;\n                }\n                .team-lineup {\n                    width: 49%;\n                    margin-bottom: 20px;\n                    border: 1px solid #ccc;\n                    padding: 5px;\n                }\n                .team-lineup h3 {\n                    text-align: center;\n                    margin-bottom: 10px;\n                }\n                .players-container {\n                    display: flex;\n                    justify-content: space-between;\n                }\n                .players-container div {\n                    width: 100%;\n                }\n                .player {\n                    display: flex;\n                    align-items: center;\n                    margin-bottom: 5px;\n                }\n                .player img {\n                    width: 30px;\n                    height: 30px;\n                    border-radius: 50%;\n                    margin-right: 10px;\n                }\n                    @media (max-width: 600px) {\n                    .team-lineup {\n                        width: 100%;\n                    }\n                }\n                <\/style>\n<div class=\"team-lineup\">\n<h3>Junior<\/h3>\n<p><img decoding=\"async\" src=\"https:\/\/media.api-sports.io\/football\/teams\/1135.png\" alt=\"Junior\" style=\"width: 50px; height: 50px;\"><\/p>\n<div class=\"players-container\">\n<div>\n<h4>Titulares:<\/h4>\n<div class=\"player\"><a href=\"https:\/\/soccer.aidatasports.com\/fr\/players\/Jefersson-Mart\u00ednez-13457\"><img decoding=\"async\" src=\"https:\/\/soccer.aidatasports.com\/images\/players\/13457.png\" alt=\"Jefersson Mart\u00ednez\" onerror=\"this.onerror=null;this.src='https:\/\/soccer.aidatasports.com\/images\/players\/default-player.png';\"><span>Jefersson Mart\u00ednez<\/span><\/a><\/div>\n<div class=\"player\"><a href=\"https:\/\/soccer.aidatasports.com\/fr\/players\/Jhomier-Guerrero-353428\"><img decoding=\"async\" src=\"https:\/\/soccer.aidatasports.com\/images\/players\/353428.png\" alt=\"Jhomier Guerrero\" onerror=\"this.onerror=null;this.src='https:\/\/soccer.aidatasports.com\/images\/players\/default-player.png';\"><span>Jhomier Guerrero<\/span><\/a><\/div>\n<div class=\"player\"><a href=\"https:\/\/soccer.aidatasports.com\/fr\/players\/Christian-Javier-B\u00e1ez-36159\"><img decoding=\"async\" src=\"https:\/\/soccer.aidatasports.com\/images\/players\/36159.png\" alt=\"Christian Javier B\u00e1ez\" onerror=\"this.onerror=null;this.src='https:\/\/soccer.aidatasports.com\/images\/players\/default-player.png';\"><span>Christian Javier B\u00e1ez<\/span><\/a><\/div>\n<div class=\"player\"><a href=\"https:\/\/soccer.aidatasports.com\/fr\/players\/Daniel-Rivera-59634\"><img decoding=\"async\" src=\"https:\/\/soccer.aidatasports.com\/images\/players\/59634.png\" alt=\"Daniel Rivera\" onerror=\"this.onerror=null;this.src='https:\/\/soccer.aidatasports.com\/images\/players\/default-player.png';\"><span>Daniel Rivera<\/span><\/a><\/div>\n<div class=\"player\"><a href=\"https:\/\/soccer.aidatasports.com\/fr\/players\/Edwin-Herrera-13787\"><img decoding=\"async\" src=\"https:\/\/soccer.aidatasports.com\/images\/players\/13787.png\" alt=\"Edwin Herrera\" onerror=\"this.onerror=null;this.src='https:\/\/soccer.aidatasports.com\/images\/players\/default-player.png';\"><span>Edwin Herrera<\/span><\/a><\/div>\n<div class=\"player\"><a href=\"https:\/\/soccer.aidatasports.com\/fr\/players\/Didier-Moreno-46804\"><img decoding=\"async\" src=\"https:\/\/soccer.aidatasports.com\/images\/players\/46804.png\" alt=\"Didier Moreno\" onerror=\"this.onerror=null;this.src='https:\/\/soccer.aidatasports.com\/images\/players\/default-player.png';\"><span>Didier Moreno<\/span><\/a><\/div>\n<div class=\"player\"><a href=\"https:\/\/soccer.aidatasports.com\/fr\/players\/Yimmi-Char\u00e1-2492\"><img decoding=\"async\" src=\"https:\/\/soccer.aidatasports.com\/images\/players\/2492.png\" alt=\"Yimmi Char\u00e1\" onerror=\"this.onerror=null;this.src='https:\/\/soccer.aidatasports.com\/images\/players\/default-player.png';\"><span>Yimmi Char\u00e1<\/span><\/a><\/div>\n<div class=\"player\"><a href=\"https:\/\/soccer.aidatasports.com\/fr\/players\/Fabi\u00e1n-\u00c1ngel-59403\"><img decoding=\"async\" src=\"https:\/\/soccer.aidatasports.com\/images\/players\/59403.png\" alt=\"Fabi\u00e1n \u00c1ngel\" onerror=\"this.onerror=null;this.src='https:\/\/soccer.aidatasports.com\/images\/players\/default-player.png';\"><span>Fabi\u00e1n \u00c1ngel<\/span><\/a><\/div>\n<div class=\"player\"><a href=\"https:\/\/soccer.aidatasports.com\/fr\/players\/Jos\u00e9-Enamorado-13616\"><img decoding=\"async\" src=\"https:\/\/soccer.aidatasports.com\/images\/players\/13616.png\" alt=\"Jos\u00e9 Enamorado\" onerror=\"this.onerror=null;this.src='https:\/\/soccer.aidatasports.com\/images\/players\/default-player.png';\"><span>Jos\u00e9 Enamorado<\/span><\/a><\/div>\n<div class=\"player\"><a href=\"https:\/\/soccer.aidatasports.com\/fr\/players\/Bryan-Castrill\u00f3n-13524\"><img decoding=\"async\" src=\"https:\/\/soccer.aidatasports.com\/images\/players\/13524.png\" alt=\"Bryan Castrill\u00f3n\" onerror=\"this.onerror=null;this.src='https:\/\/soccer.aidatasports.com\/images\/players\/default-player.png';\"><span>Bryan Castrill\u00f3n<\/span><\/a><\/div>\n<div class=\"player\"><a href=\"https:\/\/soccer.aidatasports.com\/fr\/players\/Guillermo-Paiva-53128\"><img decoding=\"async\" src=\"https:\/\/soccer.aidatasports.com\/images\/players\/53128.png\" alt=\"Guillermo Paiva\" onerror=\"this.onerror=null;this.src='https:\/\/soccer.aidatasports.com\/images\/players\/default-player.png';\"><span>Guillermo Paiva<\/span><\/a><\/div>\n<\/div>\n<div>\n<h4>Suplentes:<\/h4>\n<div class=\"player\"><a href=\"https:\/\/soccer.aidatasports.com\/fr\/players\/Jordan-Barrera-410843\"><img decoding=\"async\" src=\"https:\/\/soccer.aidatasports.com\/images\/players\/410843.png\" alt=\"Jordan Barrera\" onerror=\"this.onerror=null;this.src='https:\/\/soccer.aidatasports.com\/images\/players\/default-player.png';\"><span>Jordan Barrera<\/span><\/a><\/div>\n<div class=\"player\"><a href=\"https:\/\/soccer.aidatasports.com\/fr\/players\/Steven-Rodr\u00edguez-13530\"><img decoding=\"async\" src=\"https:\/\/soccer.aidatasports.com\/images\/players\/13530.png\" alt=\"Steven Rodr\u00edguez\" onerror=\"this.onerror=null;this.src='https:\/\/soccer.aidatasports.com\/images\/players\/default-player.png';\"><span>Steven Rodr\u00edguez<\/span><\/a><\/div>\n<div class=\"player\"><a href=\"https:\/\/soccer.aidatasports.com\/fr\/players\/D\u00e9iber-Caicedo-13408\"><img decoding=\"async\" src=\"https:\/\/soccer.aidatasports.com\/images\/players\/13408.png\" alt=\"D\u00e9iber Caicedo\" onerror=\"this.onerror=null;this.src='https:\/\/soccer.aidatasports.com\/images\/players\/default-player.png';\"><span>D\u00e9iber Caicedo<\/span><\/a><\/div>\n<div class=\"player\"><a href=\"https:\/\/soccer.aidatasports.com\/fr\/players\/Luis-Daniel-Gonz\u00e1lez-13377\"><img decoding=\"async\" src=\"https:\/\/soccer.aidatasports.com\/images\/players\/13377.png\" alt=\"Luis Daniel Gonz\u00e1lez\" onerror=\"this.onerror=null;this.src='https:\/\/soccer.aidatasports.com\/images\/players\/default-player.png';\"><span>Luis Daniel Gonz\u00e1lez<\/span><\/a><\/div>\n<div class=\"player\"><a href=\"https:\/\/soccer.aidatasports.com\/fr\/players\/Yani-Quintero-59863\"><img decoding=\"async\" src=\"https:\/\/soccer.aidatasports.com\/images\/players\/59863.png\" alt=\"Yani Quintero\" onerror=\"this.onerror=null;this.src='https:\/\/soccer.aidatasports.com\/images\/players\/default-player.png';\"><span>Yani Quintero<\/span><\/a><\/div>\n<div class=\"player\"><a href=\"https:\/\/soccer.aidatasports.com\/fr\/players\/Jaime-Acosta-198349\"><img decoding=\"async\" src=\"https:\/\/soccer.aidatasports.com\/images\/players\/198349.png\" alt=\"Jaime Acosta\" onerror=\"this.onerror=null;this.src='https:\/\/soccer.aidatasports.com\/images\/players\/default-player.png';\"><span>Jaime Acosta<\/span><\/a><\/div>\n<div class=\"player\"><a href=\"https:\/\/soccer.aidatasports.com\/fr\/players\/Carlos-Bacca-1706\"><img decoding=\"async\" src=\"https:\/\/soccer.aidatasports.com\/images\/players\/1706.png\" alt=\"Carlos Bacca\" onerror=\"this.onerror=null;this.src='https:\/\/soccer.aidatasports.com\/images\/players\/default-player.png';\"><span>Carlos Bacca<\/span><\/a><\/div>\n<\/div>\n<\/div>\n<\/div>\n<div class=\"team-lineup\">\n<h3>Independiente Medellin<\/h3>\n<p><img decoding=\"async\" src=\"https:\/\/media.api-sports.io\/football\/teams\/1128.png\" alt=\"Independiente Medellin\" style=\"width: 50px; height: 50px;\"><\/p>\n<div class=\"players-container\">\n<div>\n<h4>Titulares:<\/h4>\n<div class=\"player\"><a href=\"https:\/\/soccer.aidatasports.com\/fr\/players\/Washington-Aguerre-51385\"><img decoding=\"async\" src=\"https:\/\/soccer.aidatasports.com\/images\/players\/51385.png\" alt=\"Washington Aguerre\" onerror=\"this.onerror=null;this.src='https:\/\/soccer.aidatasports.com\/images\/players\/default-player.png';\"><span>Washington Aguerre<\/span><\/a><\/div>\n<div class=\"player\"><a href=\"https:\/\/soccer.aidatasports.com\/fr\/players\/Jhon-Palacios-126091\"><img decoding=\"async\" src=\"https:\/\/soccer.aidatasports.com\/images\/players\/126091.png\" alt=\"Jhon Palacios\" onerror=\"this.onerror=null;this.src='https:\/\/soccer.aidatasports.com\/images\/players\/default-player.png';\"><span>Jhon Palacios<\/span><\/a><\/div>\n<div class=\"player\"><a href=\"https:\/\/soccer.aidatasports.com\/fr\/players\/Jos\u00e9-Ortiz-13439\"><img decoding=\"async\" src=\"https:\/\/soccer.aidatasports.com\/images\/players\/13439.png\" alt=\"Jos\u00e9 Ortiz\" onerror=\"this.onerror=null;this.src='https:\/\/soccer.aidatasports.com\/images\/players\/default-player.png';\"><span>Jos\u00e9 Ortiz<\/span><\/a><\/div>\n<div class=\"player\"><a href=\"https:\/\/soccer.aidatasports.com\/fr\/players\/Daniel-Londo\u00f1o-81033\"><img decoding=\"async\" src=\"https:\/\/soccer.aidatasports.com\/images\/players\/81033.png\" alt=\"Daniel Londo\u00f1o\" onerror=\"this.onerror=null;this.src='https:\/\/soccer.aidatasports.com\/images\/players\/default-player.png';\"><span>Daniel Londo\u00f1o<\/span><\/a><\/div>\n<div class=\"player\"><a href=\"https:\/\/soccer.aidatasports.com\/fr\/players\/Jherson-Mosquera-59588\"><img decoding=\"async\" src=\"https:\/\/soccer.aidatasports.com\/images\/players\/59588.png\" alt=\"Jherson Mosquera\" onerror=\"this.onerror=null;this.src='https:\/\/soccer.aidatasports.com\/images\/players\/default-player.png';\"><span>Jherson Mosquera<\/span><\/a><\/div>\n<div class=\"player\"><a href=\"https:\/\/soccer.aidatasports.com\/fr\/players\/Homer-Martinez-13584\"><img decoding=\"async\" src=\"https:\/\/soccer.aidatasports.com\/images\/players\/13584.png\" alt=\"Homer Martinez\" onerror=\"this.onerror=null;this.src='https:\/\/soccer.aidatasports.com\/images\/players\/default-player.png';\"><span>Homer Martinez<\/span><\/a><\/div>\n<div class=\"player\"><a href=\"https:\/\/soccer.aidatasports.com\/fr\/players\/Jaime-Alvarado-181420\"><img decoding=\"async\" src=\"https:\/\/soccer.aidatasports.com\/images\/players\/181420.png\" alt=\"Jaime Alvarado\" onerror=\"this.onerror=null;this.src='https:\/\/soccer.aidatasports.com\/images\/players\/default-player.png';\"><span>Jaime Alvarado<\/span><\/a><\/div>\n<div class=\"player\"><a href=\"https:\/\/soccer.aidatasports.com\/fr\/players\/Francisco-Chaverra-13613\"><img decoding=\"async\" src=\"https:\/\/soccer.aidatasports.com\/images\/players\/13613.png\" alt=\"Francisco Chaverra\" onerror=\"this.onerror=null;this.src='https:\/\/soccer.aidatasports.com\/images\/players\/default-player.png';\"><span>Francisco Chaverra<\/span><\/a><\/div>\n<div class=\"player\"><a href=\"https:\/\/soccer.aidatasports.com\/fr\/players\/L\u00e9ider-Berr\u00edo-59779\"><img decoding=\"async\" src=\"https:\/\/soccer.aidatasports.com\/images\/players\/59779.png\" alt=\"L\u00e9ider Berr\u00edo\" onerror=\"this.onerror=null;this.src='https:\/\/soccer.aidatasports.com\/images\/players\/default-player.png';\"><span>L\u00e9ider Berr\u00edo<\/span><\/a><\/div>\n<div class=\"player\"><a href=\"https:\/\/soccer.aidatasports.com\/fr\/players\/Brayan-L\u00e9on-Mu\u00f1iz-301780\"><img decoding=\"async\" src=\"https:\/\/soccer.aidatasports.com\/images\/players\/301780.png\" alt=\"Brayan L\u00e9on Mu\u00f1iz\" onerror=\"this.onerror=null;this.src='https:\/\/soccer.aidatasports.com\/images\/players\/default-player.png';\"><span>Brayan L\u00e9on Mu\u00f1iz<\/span><\/a><\/div>\n<div class=\"player\"><a href=\"https:\/\/soccer.aidatasports.com\/fr\/players\/Francisco-Fydriszewski-6358\"><img decoding=\"async\" src=\"https:\/\/soccer.aidatasports.com\/images\/players\/6358.png\" alt=\"Francisco Fydriszewski\" onerror=\"this.onerror=null;this.src='https:\/\/soccer.aidatasports.com\/images\/players\/default-player.png';\"><span>Francisco Fydriszewski<\/span><\/a><\/div>\n<\/div>\n<div>\n<h4>Suplentes:<\/h4>\n<div class=\"player\"><a href=\"https:\/\/soccer.aidatasports.com\/fr\/players\/Yeferson-Rodallega-13467\"><img decoding=\"async\" src=\"https:\/\/soccer.aidatasports.com\/images\/players\/13467.png\" alt=\"Yeferson Rodallega\" onerror=\"this.onerror=null;this.src='https:\/\/soccer.aidatasports.com\/images\/players\/default-player.png';\"><span>Yeferson Rodallega<\/span><\/a><\/div>\n<div class=\"player\"><a href=\"https:\/\/soccer.aidatasports.com\/fr\/players\/Baldomero-Perlaza-13779\"><img decoding=\"async\" src=\"https:\/\/soccer.aidatasports.com\/images\/players\/13779.png\" alt=\"Baldomero Perlaza\" onerror=\"this.onerror=null;this.src='https:\/\/soccer.aidatasports.com\/images\/players\/default-player.png';\"><span>Baldomero Perlaza<\/span><\/a><\/div>\n<div class=\"player\"><a href=\"https:\/\/soccer.aidatasports.com\/fr\/players\/Diego-Moreno-13259\"><img decoding=\"async\" src=\"https:\/\/soccer.aidatasports.com\/images\/players\/13259.png\" alt=\"Diego Moreno\" onerror=\"this.onerror=null;this.src='https:\/\/soccer.aidatasports.com\/images\/players\/default-player.png';\"><span>Diego Moreno<\/span><\/a><\/div>\n<div class=\"player\"><a href=\"https:\/\/soccer.aidatasports.com\/fr\/players\/Marcus-Vinicius-336115\"><img decoding=\"async\" src=\"https:\/\/soccer.aidatasports.com\/images\/players\/336115.png\" alt=\"Marcus Vinicius\" onerror=\"this.onerror=null;this.src='https:\/\/soccer.aidatasports.com\/images\/players\/default-player.png';\"><span>Marcus Vinicius<\/span><\/a><\/div>\n<div class=\"player\"><a href=\"https:\/\/soccer.aidatasports.com\/fr\/players\/Fainer-Torijano-13769\"><img decoding=\"async\" src=\"https:\/\/soccer.aidatasports.com\/images\/players\/13769.png\" alt=\"Fainer Torijano\" onerror=\"this.onerror=null;this.src='https:\/\/soccer.aidatasports.com\/images\/players\/default-player.png';\"><span>Fainer Torijano<\/span><\/a><\/div>\n<div class=\"player\"><a href=\"https:\/\/soccer.aidatasports.com\/fr\/players\/Eder-Chaux-13696\"><img decoding=\"async\" src=\"https:\/\/soccer.aidatasports.com\/images\/players\/13696.png\" alt=\"Eder Chaux\" onerror=\"this.onerror=null;this.src='https:\/\/soccer.aidatasports.com\/images\/players\/default-player.png';\"><span>Eder Chaux<\/span><\/a><\/div>\n<div class=\"player\"><a href=\"https:\/\/soccer.aidatasports.com\/fr\/players\/Luis-Sandoval-59414\"><img decoding=\"async\" src=\"https:\/\/soccer.aidatasports.com\/images\/players\/59414.png\" alt=\"Luis Sandoval\" onerror=\"this.onerror=null;this.src='https:\/\/soccer.aidatasports.com\/images\/players\/default-player.png';\"><span>Luis Sandoval<\/span><\/a><\/div>\n<\/div>\n<\/div>\n<\/div>\n<\/div>\n<div id=\"wg-api-football-game\"\n                    data-host=\"xxxxx\"\n                    data-key=\"xxxx\"\n                    data-id=\"1377197\"\n                    data-theme=\"\"\n                    data-refresh=\"15\"\n                    data-show-errors=\"false\"\n                    data-show-logos=\"true\"><br \/>\n                    class=\u00a0\u00bbwg_loader\u00a0\u00bb>\n                <\/div>\n<div id=\"wg-api-football-standings\"\n                    data-host=\"xxxx\"\n                    data-key=\"ddddd\"\n                    data-league=\"239\"\n                    data-team=\"\"\n                    data-season=\"2025\"\n                    data-theme=\"\"\n                    data-show-errors=\"false\"\n                    data-show-logos=\"true\"\n                    class=\"wg_loader\">\n                <\/div>\n<p>                <script\n                    type=\"module\"\n                    src=\"https:\/\/soccer.aidatasports.com\/wp-content\/customjs\/widgetslocal.js\">\n                <\/script><\/p>\n","protected":false},"excerpt":{"rendered":"<p>Fran\u00e7ais: Independiente Medell\u00edn Remporte une Victoire \u00c9triqu\u00e9e dans un Match Intense \u00e0 Barranquilla Dans un&hellip;<\/p>\n","protected":false},"author":1,"featured_media":98559,"comment_status":"open","ping_status":"open","sticky":false,"template":"","format":"standard","meta":{"content-type":"","pmpro_default_level":"","_lmt_disableupdate":"","_lmt_disable":"","_league":15837,"_fixture":1377197,"penci_pfeatured_image_ratio":"","penci_single_style":"","footnotes":""},"categories":[15837],"tags":[1144,1151],"class_list":["post-98560","post","type-post","status-publish","format-standard","has-post-thumbnail","hentry","category-matches","tag-independiente-medellin-colombia-1128","tag-junior-colombia-1135","pmpro-has-access"],"_links":{"self":[{"href":"https:\/\/soccer.aidatasports.com\/fr\/wp-json\/wp\/v2\/posts\/98560"}],"collection":[{"href":"https:\/\/soccer.aidatasports.com\/fr\/wp-json\/wp\/v2\/posts"}],"about":[{"href":"https:\/\/soccer.aidatasports.com\/fr\/wp-json\/wp\/v2\/types\/post"}],"author":[{"embeddable":true,"href":"https:\/\/soccer.aidatasports.com\/fr\/wp-json\/wp\/v2\/users\/1"}],"replies":[{"embeddable":true,"href":"https:\/\/soccer.aidatasports.com\/fr\/wp-json\/wp\/v2\/comments?post=98560"}],"version-history":[{"count":0,"href":"https:\/\/soccer.aidatasports.com\/fr\/wp-json\/wp\/v2\/posts\/98560\/revisions"}],"wp:featuredmedia":[{"embeddable":true,"href":"https:\/\/soccer.aidatasports.com\/fr\/wp-json\/wp\/v2\/media\/98559"}],"wp:attachment":[{"href":"https:\/\/soccer.aidatasports.com\/fr\/wp-json\/wp\/v2\/media?parent=98560"}],"wp:term":[{"taxonomy":"category","embeddable":true,"href":"https:\/\/soccer.aidatasports.com\/fr\/wp-json\/wp\/v2\/categories?post=98560"},{"taxonomy":"post_tag","embeddable":true,"href":"https:\/\/soccer.aidatasports.com\/fr\/wp-json\/wp\/v2\/tags?post=98560"}],"curies":[{"name":"wp","href":"https:\/\/api.w.org\/{rel}","templated":true}]}}