{"id":95523,"date":"2025-04-26T16:35:18","date_gmt":"2025-04-26T16:35:18","guid":{"rendered":"https:\/\/soccer.aidatasports.com\/fr\/uncategorized\/oviedo-vs-levante-apr-26-2025-1415-utc\/"},"modified":"2025-04-26T16:35:18","modified_gmt":"2025-04-26T16:35:18","slug":"oviedo-vs-levante-apr-26-2025-1415-utc","status":"publish","type":"post","link":"https:\/\/soccer.aidatasports.com\/fr\/matches\/oviedo-vs-levante-apr-26-2025-1415-utc\/","title":{"rendered":"Oviedo vs Levante Apr 26 2025 14:15 UTC"},"content":{"rendered":"<p><strong>French<\/strong><\/p>\n<p>Le Real Oviedo s&rsquo;est inclin\u00e9 \u00e0 domicile face au Levante UD lors d&rsquo;un match disput\u00e9 au Estadio Nuevo Carlos Tartiere, comptant pour la 37\u00e8me journ\u00e9e de Segunda Divisi\u00f3n. La rencontre, jou\u00e9e le 26 avril 2025, a \u00e9t\u00e9 marqu\u00e9e par un but contre son camp pr\u00e9coce d&rsquo;I. Miquel (27\u00e8me minute) qui a fait pencher la balance en faveur du Levante. Malgr\u00e9 une l\u00e9g\u00e8re domination de la possession (54% pour Levante contre 46% pour Oviedo), l&rsquo;\u00e9quipe locale a cr\u00e9\u00e9 plus d&rsquo;occasions de but (10 tirs contre 8 pour Levante), mais seulement un seul tir \u00e9tait cadr\u00e9. Les cartons jaunes ont \u00e9t\u00e9 nombreux, avec trois pour Oviedo (J. Seoane, S. Colombatto et un autre joueur non sp\u00e9cifi\u00e9) et aucun pour Levante. Levante, avec plus d&rsquo;efficacit\u00e9, a remport\u00e9 la victoire dans un match serr\u00e9.<\/p>\n<p>Remplacements dans l&rsquo;quipe de oviedo: \u00c0 la 51e minute, A. Cardero est entr\u00e9 et J. Seoane est sorti., \u00c0 la 66e minute, O. Luengo est entr\u00e9 et D. Costas est sorti., \u00c0 la 71e minute, E. Chukwuma est entr\u00e9 et D. Calvo est sorti., \u00c0 la 79e minute, Alemao est entr\u00e9 et F. Vinas est sorti., \u00c0 la 79e minute, F. Moyano est entr\u00e9 et F. Portillo est sorti., \u00c0 la 79e minute, S. Cazorla est entr\u00e9 et H. Hassan est sorti. <\/p>\n<p>Remplacements dans l&rsquo;quipe de levante: \u00c0 la 65e minute, I. Romero est entr\u00e9 et J. Morales est sorti., \u00c0 la 65e minute, S. Lozano est entr\u00e9 et V. Iborra est sorti., \u00c0 la 66e minute, A. Fores est entr\u00e9 et C. Alvarez est sorti., \u00c0 la 74e minute, M. Sanchez est entr\u00e9 et Xavi Grande est sorti., \u00c0 la 74e minute, P. Martinez est entr\u00e9 et R. Brugue est sorti., \u00c0 la 87e minute, C. Espi est entr\u00e9 et I. Miquel est sorti. <\/p>\n<p>Les \u00e9quipes se sont align\u00e9es comme suit:<\/p>\n<div class=\"lineups-container\">\n<style>\n                .lineups-container {\n                    display: flex;\n                    justify-content: space-around;\n                    flex-wrap: wrap;\n                }\n                .team-lineup {\n                    width: 49%;\n                    margin-bottom: 20px;\n                    border: 1px solid #ccc;\n                    padding: 5px;\n                }\n                .team-lineup h3 {\n                    text-align: center;\n                    margin-bottom: 10px;\n                }\n                .players-container {\n                    display: flex;\n                    justify-content: space-between;\n                }\n                .players-container div {\n                    width: 100%;\n                }\n                .player {\n                    display: flex;\n                    align-items: center;\n                    margin-bottom: 5px;\n                }\n                .player img {\n                    width: 30px;\n                    height: 30px;\n                    border-radius: 50%;\n                    margin-right: 10px;\n                }\n                    @media (max-width: 600px) {\n                    .team-lineup {\n                        width: 100%;\n                    }\n                }\n                <\/style>\n<div class=\"team-lineup\">\n<h3>Oviedo<\/h3>\n<p><img decoding=\"async\" src=\"https:\/\/media.api-sports.io\/football\/teams\/718.png\" alt=\"Oviedo\" style=\"width: 50px; height: 50px;\"><\/p>\n<div class=\"players-container\">\n<div>\n<h4>Titulares:<\/h4>\n<div class=\"player\"><a href=\"https:\/\/soccer.aidatasports.com\/fr\/players\/Aar\u00f3n-Escandell-46673\"><img decoding=\"async\" src=\"https:\/\/soccer.aidatasports.com\/images\/players\/46673.png\" alt=\"Aar\u00f3n Escandell\" onerror=\"this.onerror=null;this.src='https:\/\/soccer.aidatasports.com\/images\/players\/default-player.png';\"><span>Aar\u00f3n Escandell<\/span><\/a><\/div>\n<div class=\"player\"><a href=\"https:\/\/soccer.aidatasports.com\/fr\/players\/Nacho-Vidal-46657\"><img decoding=\"async\" src=\"https:\/\/soccer.aidatasports.com\/images\/players\/46657.png\" alt=\"Nacho Vidal\" onerror=\"this.onerror=null;this.src='https:\/\/soccer.aidatasports.com\/images\/players\/default-player.png';\"><span>Nacho Vidal<\/span><\/a><\/div>\n<div class=\"player\"><a href=\"https:\/\/soccer.aidatasports.com\/fr\/players\/David-Costas-47429\"><img decoding=\"async\" src=\"https:\/\/soccer.aidatasports.com\/images\/players\/47429.png\" alt=\"David Costas\" onerror=\"this.onerror=null;this.src='https:\/\/soccer.aidatasports.com\/images\/players\/default-player.png';\"><span>David Costas<\/span><\/a><\/div>\n<div class=\"player\"><a href=\"https:\/\/soccer.aidatasports.com\/fr\/players\/Dani-Calvo-46966\"><img decoding=\"async\" src=\"https:\/\/soccer.aidatasports.com\/images\/players\/46966.png\" alt=\"Dani Calvo\" onerror=\"this.onerror=null;this.src='https:\/\/soccer.aidatasports.com\/images\/players\/default-player.png';\"><span>Dani Calvo<\/span><\/a><\/div>\n<div class=\"player\"><a href=\"https:\/\/soccer.aidatasports.com\/fr\/players\/Abdel-Rahim-Alhassane-295223\"><img decoding=\"async\" src=\"https:\/\/soccer.aidatasports.com\/images\/players\/295223.png\" alt=\"Abdel Rahim Alhassane\" onerror=\"this.onerror=null;this.src='https:\/\/soccer.aidatasports.com\/images\/players\/default-player.png';\"><span>Abdel Rahim Alhassane<\/span><\/a><\/div>\n<div class=\"player\"><a href=\"https:\/\/soccer.aidatasports.com\/fr\/players\/Haissem-Hassan-20844\"><img decoding=\"async\" src=\"https:\/\/soccer.aidatasports.com\/images\/players\/20844.png\" alt=\"Haissem Hassan\" onerror=\"this.onerror=null;this.src='https:\/\/soccer.aidatasports.com\/images\/players\/default-player.png';\"><span>Haissem Hassan<\/span><\/a><\/div>\n<div class=\"player\"><a href=\"https:\/\/soccer.aidatasports.com\/fr\/players\/Kwasi-Sibo-3608\"><img decoding=\"async\" src=\"https:\/\/soccer.aidatasports.com\/images\/players\/3608.png\" alt=\"Kwasi Sibo\" onerror=\"this.onerror=null;this.src='https:\/\/soccer.aidatasports.com\/images\/players\/default-player.png';\"><span>Kwasi Sibo<\/span><\/a><\/div>\n<div class=\"player\"><a href=\"https:\/\/soccer.aidatasports.com\/fr\/players\/Santiago-Colombatto-30927\"><img decoding=\"async\" src=\"https:\/\/soccer.aidatasports.com\/images\/players\/30927.png\" alt=\"Santiago Colombatto\" onerror=\"this.onerror=null;this.src='https:\/\/soccer.aidatasports.com\/images\/players\/default-player.png';\"><span>Santiago Colombatto<\/span><\/a><\/div>\n<div class=\"player\"><a href=\"https:\/\/soccer.aidatasports.com\/fr\/players\/Francisco-Portillo-47262\"><img decoding=\"async\" src=\"https:\/\/soccer.aidatasports.com\/images\/players\/47262.png\" alt=\"Francisco Portillo\" onerror=\"this.onerror=null;this.src='https:\/\/soccer.aidatasports.com\/images\/players\/default-player.png';\"><span>Francisco Portillo<\/span><\/a><\/div>\n<div class=\"player\"><a href=\"https:\/\/soccer.aidatasports.com\/fr\/players\/Jaime-Seoane-755\"><img decoding=\"async\" src=\"https:\/\/soccer.aidatasports.com\/images\/players\/755.png\" alt=\"Jaime Seoane\" onerror=\"this.onerror=null;this.src='https:\/\/soccer.aidatasports.com\/images\/players\/default-player.png';\"><span>Jaime Seoane<\/span><\/a><\/div>\n<div class=\"player\"><a href=\"https:\/\/soccer.aidatasports.com\/fr\/players\/Federico-Vi\u00f1as-51530\"><img decoding=\"async\" src=\"https:\/\/soccer.aidatasports.com\/images\/players\/51530.png\" alt=\"Federico Vi\u00f1as\" onerror=\"this.onerror=null;this.src='https:\/\/soccer.aidatasports.com\/images\/players\/default-player.png';\"><span>Federico Vi\u00f1as<\/span><\/a><\/div>\n<\/div>\n<div>\n<h4>Suplentes:<\/h4>\n<div class=\"player\"><a href=\"https:\/\/soccer.aidatasports.com\/fr\/players\/\u00c1lex-Cardero-286564\"><img decoding=\"async\" src=\"https:\/\/soccer.aidatasports.com\/images\/players\/286564.png\" alt=\"\u00c1lex Cardero\" onerror=\"this.onerror=null;this.src='https:\/\/soccer.aidatasports.com\/images\/players\/default-player.png';\"><span>\u00c1lex Cardero<\/span><\/a><\/div>\n<div class=\"player\"><a href=\"https:\/\/soccer.aidatasports.com\/fr\/players\/Oier-Luengo-107140\"><img decoding=\"async\" src=\"https:\/\/soccer.aidatasports.com\/images\/players\/107140.png\" alt=\"Oier Luengo\" onerror=\"this.onerror=null;this.src='https:\/\/soccer.aidatasports.com\/images\/players\/default-player.png';\"><span>Oier Luengo<\/span><\/a><\/div>\n<div class=\"player\"><a href=\"https:\/\/soccer.aidatasports.com\/fr\/players\/Chukwuma-Eze-384207\"><img decoding=\"async\" src=\"https:\/\/soccer.aidatasports.com\/images\/players\/384207.png\" alt=\"Chukwuma Eze\" onerror=\"this.onerror=null;this.src='https:\/\/soccer.aidatasports.com\/images\/players\/default-player.png';\"><span>Chukwuma Eze<\/span><\/a><\/div>\n<div class=\"player\"><a href=\"https:\/\/soccer.aidatasports.com\/fr\/players\/Miguel-Narvaez-297243\"><img decoding=\"async\" src=\"https:\/\/soccer.aidatasports.com\/images\/players\/297243.png\" alt=\"Miguel Narvaez\" onerror=\"this.onerror=null;this.src='https:\/\/soccer.aidatasports.com\/images\/players\/default-player.png';\"><span>Miguel Narvaez<\/span><\/a><\/div>\n<div class=\"player\"><a href=\"https:\/\/soccer.aidatasports.com\/fr\/players\/Omar-Falah-385405\"><img decoding=\"async\" src=\"https:\/\/soccer.aidatasports.com\/images\/players\/385405.png\" alt=\"Omar Falah\" onerror=\"this.onerror=null;this.src='https:\/\/soccer.aidatasports.com\/images\/players\/default-player.png';\"><span>Omar Falah<\/span><\/a><\/div>\n<div class=\"player\"><a href=\"https:\/\/soccer.aidatasports.com\/fr\/players\/Marco-Esteban-402580\"><img decoding=\"async\" src=\"https:\/\/soccer.aidatasports.com\/images\/players\/402580.png\" alt=\"Marco Esteban\" onerror=\"this.onerror=null;this.src='https:\/\/soccer.aidatasports.com\/images\/players\/default-player.png';\"><span>Marco Esteban<\/span><\/a><\/div>\n<div class=\"player\"><a href=\"https:\/\/soccer.aidatasports.com\/fr\/players\/C\u00e9sar-de-la-Hoz-46919\"><img decoding=\"async\" src=\"https:\/\/soccer.aidatasports.com\/images\/players\/46919.png\" alt=\"C\u00e9sar de la Hoz\" onerror=\"this.onerror=null;this.src='https:\/\/soccer.aidatasports.com\/images\/players\/default-player.png';\"><span>C\u00e9sar de la Hoz<\/span><\/a><\/div>\n<div class=\"player\"><a href=\"https:\/\/soccer.aidatasports.com\/fr\/players\/Sebas-Moyano-104894\"><img decoding=\"async\" src=\"https:\/\/soccer.aidatasports.com\/images\/players\/104894.png\" alt=\"Sebas Moyano\" onerror=\"this.onerror=null;this.src='https:\/\/soccer.aidatasports.com\/images\/players\/default-player.png';\"><span>Sebas Moyano<\/span><\/a><\/div>\n<div class=\"player\"><a href=\"https:\/\/soccer.aidatasports.com\/fr\/players\/Santi-Cazorla-1695\"><img decoding=\"async\" src=\"https:\/\/soccer.aidatasports.com\/images\/players\/1695.png\" alt=\"Santi Cazorla\" onerror=\"this.onerror=null;this.src='https:\/\/soccer.aidatasports.com\/images\/players\/default-player.png';\"><span>Santi Cazorla<\/span><\/a><\/div>\n<div class=\"player\"><a href=\"https:\/\/soccer.aidatasports.com\/fr\/players\/Rub\u00e9n-Valdera-338510\"><img decoding=\"async\" src=\"https:\/\/soccer.aidatasports.com\/images\/players\/338510.png\" alt=\"Rub\u00e9n Valdera\" onerror=\"this.onerror=null;this.src='https:\/\/soccer.aidatasports.com\/images\/players\/default-player.png';\"><span>Rub\u00e9n Valdera<\/span><\/a><\/div>\n<div class=\"player\"><a href=\"https:\/\/soccer.aidatasports.com\/fr\/players\/Alem\u00e3o-91745\"><img decoding=\"async\" src=\"https:\/\/soccer.aidatasports.com\/images\/players\/91745.png\" alt=\"Alem\u00e3o\" onerror=\"this.onerror=null;this.src='https:\/\/soccer.aidatasports.com\/images\/players\/default-player.png';\"><span>Alem\u00e3o<\/span><\/a><\/div>\n<div class=\"player\"><a href=\"https:\/\/soccer.aidatasports.com\/fr\/players\/Daniel-Paraschiv-42754\"><img decoding=\"async\" src=\"https:\/\/soccer.aidatasports.com\/images\/players\/42754.png\" alt=\"Daniel Paraschiv\" onerror=\"this.onerror=null;this.src='https:\/\/soccer.aidatasports.com\/images\/players\/default-player.png';\"><span>Daniel Paraschiv<\/span><\/a><\/div>\n<\/div>\n<\/div>\n<\/div>\n<div class=\"team-lineup\">\n<h3>Levante<\/h3>\n<p><img decoding=\"async\" src=\"https:\/\/media.api-sports.io\/football\/teams\/539.png\" alt=\"Levante\" style=\"width: 50px; height: 50px;\"><\/p>\n<div class=\"players-container\">\n<div>\n<h4>Titulares:<\/h4>\n<div class=\"player\"><a href=\"https:\/\/soccer.aidatasports.com\/fr\/players\/Andr\u00e9s-Fern\u00e1ndez-1684\"><img decoding=\"async\" src=\"https:\/\/soccer.aidatasports.com\/images\/players\/1684.png\" alt=\"Andr\u00e9s Fern\u00e1ndez\" onerror=\"this.onerror=null;this.src='https:\/\/soccer.aidatasports.com\/images\/players\/default-player.png';\"><span>Andr\u00e9s Fern\u00e1ndez<\/span><\/a><\/div>\n<div class=\"player\"><a href=\"https:\/\/soccer.aidatasports.com\/fr\/players\/Xavi-Grande-342371\"><img decoding=\"async\" src=\"https:\/\/soccer.aidatasports.com\/images\/players\/342371.png\" alt=\"Xavi Grande\" onerror=\"this.onerror=null;this.src='https:\/\/soccer.aidatasports.com\/images\/players\/default-player.png';\"><span>Xavi Grande<\/span><\/a><\/div>\n<div class=\"player\"><a href=\"https:\/\/soccer.aidatasports.com\/fr\/players\/Adri\u00e1n-de-la-Fuente-734\"><img decoding=\"async\" src=\"https:\/\/soccer.aidatasports.com\/images\/players\/734.png\" alt=\"Adri\u00e1n de la Fuente\" onerror=\"this.onerror=null;this.src='https:\/\/soccer.aidatasports.com\/images\/players\/default-player.png';\"><span>Adri\u00e1n de la Fuente<\/span><\/a><\/div>\n<div class=\"player\"><a href=\"https:\/\/soccer.aidatasports.com\/fr\/players\/Ignasi-Miquel-47253\"><img decoding=\"async\" src=\"https:\/\/soccer.aidatasports.com\/images\/players\/47253.png\" alt=\"Ignasi Miquel\" onerror=\"this.onerror=null;this.src='https:\/\/soccer.aidatasports.com\/images\/players\/default-player.png';\"><span>Ignasi Miquel<\/span><\/a><\/div>\n<div class=\"player\"><a href=\"https:\/\/soccer.aidatasports.com\/fr\/players\/Diego-Pamp\u00edn-104832\"><img decoding=\"async\" src=\"https:\/\/soccer.aidatasports.com\/images\/players\/104832.png\" alt=\"Diego Pamp\u00edn\" onerror=\"this.onerror=null;this.src='https:\/\/soccer.aidatasports.com\/images\/players\/default-player.png';\"><span>Diego Pamp\u00edn<\/span><\/a><\/div>\n<div class=\"player\"><a href=\"https:\/\/soccer.aidatasports.com\/fr\/players\/Oriol-Rey-106727\"><img decoding=\"async\" src=\"https:\/\/soccer.aidatasports.com\/images\/players\/106727.png\" alt=\"Oriol Rey\" onerror=\"this.onerror=null;this.src='https:\/\/soccer.aidatasports.com\/images\/players\/default-player.png';\"><span>Oriol Rey<\/span><\/a><\/div>\n<div class=\"player\"><a href=\"https:\/\/soccer.aidatasports.com\/fr\/players\/Vicente-Iborra-1699\"><img decoding=\"async\" src=\"https:\/\/soccer.aidatasports.com\/images\/players\/1699.png\" alt=\"Vicente Iborra\" onerror=\"this.onerror=null;this.src='https:\/\/soccer.aidatasports.com\/images\/players\/default-player.png';\"><span>Vicente Iborra<\/span><\/a><\/div>\n<div class=\"player\"><a href=\"https:\/\/soccer.aidatasports.com\/fr\/players\/Giorgi-Kochorashvili-119795\"><img decoding=\"async\" src=\"https:\/\/soccer.aidatasports.com\/images\/players\/119795.png\" alt=\"Giorgi Kochorashvili\" onerror=\"this.onerror=null;this.src='https:\/\/soccer.aidatasports.com\/images\/players\/default-player.png';\"><span>Giorgi Kochorashvili<\/span><\/a><\/div>\n<div class=\"player\"><a href=\"https:\/\/soccer.aidatasports.com\/fr\/players\/Carlos-\u00c1lvarez-182770\"><img decoding=\"async\" src=\"https:\/\/soccer.aidatasports.com\/images\/players\/182770.png\" alt=\"Carlos \u00c1lvarez\" onerror=\"this.onerror=null;this.src='https:\/\/soccer.aidatasports.com\/images\/players\/default-player.png';\"><span>Carlos \u00c1lvarez<\/span><\/a><\/div>\n<div class=\"player\"><a href=\"https:\/\/soccer.aidatasports.com\/fr\/players\/Roger-Brugu\u00e9-47225\"><img decoding=\"async\" src=\"https:\/\/soccer.aidatasports.com\/images\/players\/47225.png\" alt=\"Roger Brugu\u00e9\" onerror=\"this.onerror=null;this.src='https:\/\/soccer.aidatasports.com\/images\/players\/default-player.png';\"><span>Roger Brugu\u00e9<\/span><\/a><\/div>\n<div class=\"player\"><a href=\"https:\/\/soccer.aidatasports.com\/fr\/players\/Jos\u00e9-Luis-Morales-47467\"><img decoding=\"async\" src=\"https:\/\/soccer.aidatasports.com\/images\/players\/47467.png\" alt=\"Jos\u00e9 Luis Morales\" onerror=\"this.onerror=null;this.src='https:\/\/soccer.aidatasports.com\/images\/players\/default-player.png';\"><span>Jos\u00e9 Luis Morales<\/span><\/a><\/div>\n<\/div>\n<div>\n<h4>Suplentes:<\/h4>\n<div class=\"player\"><a href=\"https:\/\/soccer.aidatasports.com\/fr\/players\/Sergio-Lozano-182150\"><img decoding=\"async\" src=\"https:\/\/soccer.aidatasports.com\/images\/players\/182150.png\" alt=\"Sergio Lozano\" onerror=\"this.onerror=null;this.src='https:\/\/soccer.aidatasports.com\/images\/players\/default-player.png';\"><span>Sergio Lozano<\/span><\/a><\/div>\n<div class=\"player\"><a href=\"https:\/\/soccer.aidatasports.com\/fr\/players\/Iv\u00e1n-Romero-192032\"><img decoding=\"async\" src=\"https:\/\/soccer.aidatasports.com\/images\/players\/192032.png\" alt=\"Iv\u00e1n Romero\" onerror=\"this.onerror=null;this.src='https:\/\/soccer.aidatasports.com\/images\/players\/default-player.png';\"><span>Iv\u00e1n Romero<\/span><\/a><\/div>\n<div class=\"player\"><a href=\"https:\/\/soccer.aidatasports.com\/fr\/players\/\u00c1lex-For\u00e9s-184194\"><img decoding=\"async\" src=\"https:\/\/soccer.aidatasports.com\/images\/players\/184194.png\" alt=\"\u00c1lex For\u00e9s\" onerror=\"this.onerror=null;this.src='https:\/\/soccer.aidatasports.com\/images\/players\/default-player.png';\"><span>\u00c1lex For\u00e9s<\/span><\/a><\/div>\n<div class=\"player\"><a href=\"https:\/\/soccer.aidatasports.com\/fr\/players\/Pablo-Mart\u00ednez-104949\"><img decoding=\"async\" src=\"https:\/\/soccer.aidatasports.com\/images\/players\/104949.png\" alt=\"Pablo Mart\u00ednez\" onerror=\"this.onerror=null;this.src='https:\/\/soccer.aidatasports.com\/images\/players\/default-player.png';\"><span>Pablo Mart\u00ednez<\/span><\/a><\/div>\n<div class=\"player\"><a href=\"https:\/\/soccer.aidatasports.com\/fr\/players\/Alfonso-Pastor-163630\"><img decoding=\"async\" src=\"https:\/\/soccer.aidatasports.com\/images\/players\/163630.png\" alt=\"Alfonso Pastor\" onerror=\"this.onerror=null;this.src='https:\/\/soccer.aidatasports.com\/images\/players\/default-player.png';\"><span>Alfonso Pastor<\/span><\/a><\/div>\n<div class=\"player\"><a href=\"https:\/\/soccer.aidatasports.com\/fr\/players\/Marcos-Navarro-417560\"><img decoding=\"async\" src=\"https:\/\/soccer.aidatasports.com\/images\/players\/417560.png\" alt=\"Marcos Navarro\" onerror=\"this.onerror=null;this.src='https:\/\/soccer.aidatasports.com\/images\/players\/default-player.png';\"><span>Marcos Navarro<\/span><\/a><\/div>\n<div class=\"player\"><a href=\"https:\/\/soccer.aidatasports.com\/fr\/players\/Jorge-Cabello-408320\"><img decoding=\"async\" src=\"https:\/\/soccer.aidatasports.com\/images\/players\/408320.png\" alt=\"Jorge Cabello\" onerror=\"this.onerror=null;this.src='https:\/\/soccer.aidatasports.com\/images\/players\/default-player.png';\"><span>Jorge Cabello<\/span><\/a><\/div>\n<div class=\"player\"><a href=\"https:\/\/soccer.aidatasports.com\/fr\/players\/Manu-Sanchez-129786\"><img decoding=\"async\" src=\"https:\/\/soccer.aidatasports.com\/images\/players\/129786.png\" alt=\"Manu Sanchez\" onerror=\"this.onerror=null;this.src='https:\/\/soccer.aidatasports.com\/images\/players\/default-player.png';\"><span>Manu Sanchez<\/span><\/a><\/div>\n<div class=\"player\"><a href=\"https:\/\/soccer.aidatasports.com\/fr\/players\/Victor-Fernandez-445025\"><img decoding=\"async\" src=\"https:\/\/soccer.aidatasports.com\/images\/players\/445025.png\" alt=\"Victor Fernandez\" onerror=\"this.onerror=null;this.src='https:\/\/soccer.aidatasports.com\/images\/players\/default-player.png';\"><span>Victor Fernandez<\/span><\/a><\/div>\n<div class=\"player\"><a href=\"https:\/\/soccer.aidatasports.com\/fr\/players\/\u00c1ngel-Algobia-47540\"><img decoding=\"async\" src=\"https:\/\/soccer.aidatasports.com\/images\/players\/47540.png\" alt=\"\u00c1ngel Algobia\" onerror=\"this.onerror=null;this.src='https:\/\/soccer.aidatasports.com\/images\/players\/default-player.png';\"><span>\u00c1ngel Algobia<\/span><\/a><\/div>\n<div class=\"player\"><a href=\"https:\/\/soccer.aidatasports.com\/fr\/players\/Carlos-Esp\u00ed-450497\"><img decoding=\"async\" src=\"https:\/\/soccer.aidatasports.com\/images\/players\/450497.png\" alt=\"Carlos Esp\u00ed\" onerror=\"this.onerror=null;this.src='https:\/\/soccer.aidatasports.com\/images\/players\/default-player.png';\"><span>Carlos Esp\u00ed<\/span><\/a><\/div>\n<\/div>\n<\/div>\n<\/div>\n<\/div>\n<div id=\"wg-api-football-game\"\n                    data-host=\"xxxxx\"\n                    data-key=\"xxxx\"\n                    data-id=\"1217905\"\n                    data-theme=\"\"\n                    data-refresh=\"15\"\n                    data-show-errors=\"false\"\n                    data-show-logos=\"true\"><br \/>\n                    class=\u00a0\u00bbwg_loader\u00a0\u00bb>\n                <\/div>\n<div id=\"wg-api-football-standings\"\n                    data-host=\"xxxx\"\n                    data-key=\"ddddd\"\n                    data-league=\"141\"\n                    data-team=\"\"\n                    data-season=\"2024\"\n                    data-theme=\"\"\n                    data-show-errors=\"false\"\n                    data-show-logos=\"true\"\n                    class=\"wg_loader\">\n                <\/div>\n<p>                <script\n                    type=\"module\"\n                    src=\"https:\/\/soccer.aidatasports.com\/wp-content\/customjs\/widgetslocal.js\">\n                <\/script><\/p>\n","protected":false},"excerpt":{"rendered":"<p>French Le Real Oviedo s&rsquo;est inclin\u00e9 \u00e0 domicile face au Levante UD lors d&rsquo;un match&hellip;<\/p>\n","protected":false},"author":1,"featured_media":95522,"comment_status":"open","ping_status":"open","sticky":false,"template":"","format":"standard","meta":{"content-type":"","pmpro_default_level":"","_lmt_disableupdate":"","_lmt_disable":"","_league":15837,"_fixture":1217905,"penci_pfeatured_image_ratio":"","penci_single_style":"","footnotes":""},"categories":[15837],"tags":[650,804],"class_list":["post-95523","post","type-post","status-publish","format-standard","has-post-thumbnail","hentry","category-matches","tag-levante-spain-539","tag-oviedo-spain-718","pmpro-has-access"],"_links":{"self":[{"href":"https:\/\/soccer.aidatasports.com\/fr\/wp-json\/wp\/v2\/posts\/95523"}],"collection":[{"href":"https:\/\/soccer.aidatasports.com\/fr\/wp-json\/wp\/v2\/posts"}],"about":[{"href":"https:\/\/soccer.aidatasports.com\/fr\/wp-json\/wp\/v2\/types\/post"}],"author":[{"embeddable":true,"href":"https:\/\/soccer.aidatasports.com\/fr\/wp-json\/wp\/v2\/users\/1"}],"replies":[{"embeddable":true,"href":"https:\/\/soccer.aidatasports.com\/fr\/wp-json\/wp\/v2\/comments?post=95523"}],"version-history":[{"count":0,"href":"https:\/\/soccer.aidatasports.com\/fr\/wp-json\/wp\/v2\/posts\/95523\/revisions"}],"wp:featuredmedia":[{"embeddable":true,"href":"https:\/\/soccer.aidatasports.com\/fr\/wp-json\/wp\/v2\/media\/95522"}],"wp:attachment":[{"href":"https:\/\/soccer.aidatasports.com\/fr\/wp-json\/wp\/v2\/media?parent=95523"}],"wp:term":[{"taxonomy":"category","embeddable":true,"href":"https:\/\/soccer.aidatasports.com\/fr\/wp-json\/wp\/v2\/categories?post=95523"},{"taxonomy":"post_tag","embeddable":true,"href":"https:\/\/soccer.aidatasports.com\/fr\/wp-json\/wp\/v2\/tags?post=95523"}],"curies":[{"name":"wp","href":"https:\/\/api.w.org\/{rel}","templated":true}]}}