{"id":94880,"date":"2025-04-21T15:02:29","date_gmt":"2025-04-21T15:02:29","guid":{"rendered":"https:\/\/soccer.aidatasports.com\/fr\/uncategorized\/ried-vs-austria-lustenau-apr-21-2025-1300-utc\/"},"modified":"2025-04-21T15:02:29","modified_gmt":"2025-04-21T15:02:29","slug":"ried-vs-austria-lustenau-apr-21-2025-1300-utc","status":"publish","type":"post","link":"https:\/\/soccer.aidatasports.com\/fr\/matches\/ried-vs-austria-lustenau-apr-21-2025-1300-utc\/","title":{"rendered":"Ried vs Austria Lustenau Apr 21 2025 13:00 UTC"},"content":{"rendered":"<p><strong>French<\/strong><\/p>\n<p><strong>Ried et Austria Lustenau font match nul dans un match palpitant \u00e0 l&rsquo;Innviertel Arena<\/strong><\/p>\n<p>Ried Im Innkreis, Autriche &#8211; Le match entre Ried et Austria Lustenau, disput\u00e9 \u00e0 l&rsquo;Innviertel Arena le 21 avril 2025, s&rsquo;est termin\u00e9 sur un match nul dans une rencontre anim\u00e9e de la 2. Liga autrichienne. Le match, correspondant \u00e0 la 25\u00e8me journ\u00e9e de la saison r\u00e9guli\u00e8re, a \u00e9t\u00e9 marqu\u00e9 par des buts pr\u00e9coces et une deuxi\u00e8me mi-temps plus calme.<\/p>\n<p>Ried a ouvert le score \u00e0 la 40\u00e8me minute gr\u00e2ce \u00e0 M. Grosse, assist\u00e9 par A. Bajic. Cependant, Austria Lustenau a r\u00e9agi rapidement, \u00e9galisant avant la mi-temps gr\u00e2ce \u00e0 un but de William Rodrigues \u00e0 la 45\u00e8me minute.<\/p>\n<p>La rencontre a \u00e9t\u00e9 marqu\u00e9e par la tension, avec trois cartons jaunes pour Ried (M. Grosse \u00e0 la 15\u00e8me, M. Rasner \u00e0 la 51\u00e8me et A. Bajic \u00e0 la 87\u00e8me minute). Austria Lustenau, quant \u00e0 elle, a gard\u00e9 la discipline sans recevoir aucun avertissement. Ried a domin\u00e9 la possession du ballon (58%), effectuant 8 tirs (2 cadr\u00e9s), 3 corners et commettant 15 fautes. Austria Lustenau, avec 42% de possession, a tir\u00e9 9 fois (3 cadr\u00e9s), obtenu 1 corner et commis 14 fautes.<\/p>\n<p>Malgr\u00e9 la domination territoriale de Ried, le match s&rsquo;est termin\u00e9 sur un score de parit\u00e9 1-1, refl\u00e9tant la comp\u00e9titivit\u00e9 des deux \u00e9quipes. L&rsquo;arbitre du match \u00e9tait Julian Schnur d&rsquo;Autriche.<\/p>\n<p>Remplacements dans l&rsquo;quipe de ried: \u00c0 la 55e minute, W. Eza est entr\u00e9 et M. Rasner est sorti., \u00c0 la 55e minute, A. van Wyk est entr\u00e9 et D. Berger est sorti., \u00c0 la 55e minute, N. Celic est entr\u00e9 et P. Pomer est sorti., \u00c0 la 62e minute, N. Marinsek est entr\u00e9 et J. Mayer est sorti., \u00c0 la 65e minute, F. Rossdorfer est entr\u00e9 et M. Grosse est sorti. <\/p>\n<p>Remplacements dans l&rsquo;quipe de austria lustenau: \u00c0 la 61e minute, D. Au Yeong est entr\u00e9 et J. Lahne est sorti., \u00c0 la 79e minute, S. Diarra est entr\u00e9 et L. Mikic est sorti., \u00c0 la 79e minute, I. Ouattara est entr\u00e9 et A. Rouquette est sorti., \u00c0 la 88e minute, L. Matzler est entr\u00e9 et N. Cisse est sorti., \u00c0 la 88e minute, J. Eyamba est entr\u00e9 et S. Chabbi est sorti. <\/p>\n<p>Les \u00e9quipes se sont align\u00e9es comme suit:<\/p>\n<div class=\"lineups-container\">\n<style>\n                .lineups-container {\n                    display: flex;\n                    justify-content: space-around;\n                    flex-wrap: wrap;\n                }\n                .team-lineup {\n                    width: 49%;\n                    margin-bottom: 20px;\n                    border: 1px solid #ccc;\n                    padding: 5px;\n                }\n                .team-lineup h3 {\n                    text-align: center;\n                    margin-bottom: 10px;\n                }\n                .players-container {\n                    display: flex;\n                    justify-content: space-between;\n                }\n                .players-container div {\n                    width: 100%;\n                }\n                .player {\n                    display: flex;\n                    align-items: center;\n                    margin-bottom: 5px;\n                }\n                .player img {\n                    width: 30px;\n                    height: 30px;\n                    border-radius: 50%;\n                    margin-right: 10px;\n                }\n                    @media (max-width: 600px) {\n                    .team-lineup {\n                        width: 100%;\n                    }\n                }\n                <\/style>\n<div class=\"team-lineup\">\n<h3>Ried<\/h3>\n<p><img decoding=\"async\" src=\"https:\/\/media.api-sports.io\/football\/teams\/1028.png\" alt=\"Ried\" style=\"width: 50px; height: 50px;\"><\/p>\n<div class=\"players-container\">\n<div>\n<h4>Titulares:<\/h4>\n<div class=\"player\"><a href=\"https:\/\/soccer.aidatasports.com\/fr\/players\/Andreas-Leitner-7699\"><img decoding=\"async\" src=\"https:\/\/soccer.aidatasports.com\/images\/players\/7699.png\" alt=\"Andreas Leitner\" onerror=\"this.onerror=null;this.src='https:\/\/soccer.aidatasports.com\/images\/players\/default-player.png';\"><span>Andreas Leitner<\/span><\/a><\/div>\n<div class=\"player\"><a href=\"https:\/\/soccer.aidatasports.com\/fr\/players\/Michael-Sollbauer-7554\"><img decoding=\"async\" src=\"https:\/\/soccer.aidatasports.com\/images\/players\/7554.png\" alt=\"Michael Sollbauer\" onerror=\"this.onerror=null;this.src='https:\/\/soccer.aidatasports.com\/images\/players\/default-player.png';\"><span>Michael Sollbauer<\/span><\/a><\/div>\n<div class=\"player\"><a href=\"https:\/\/soccer.aidatasports.com\/fr\/players\/Oliver-Steurer-24901\"><img decoding=\"async\" src=\"https:\/\/soccer.aidatasports.com\/images\/players\/24901.png\" alt=\"Oliver Steurer\" onerror=\"this.onerror=null;this.src='https:\/\/soccer.aidatasports.com\/images\/players\/default-player.png';\"><span>Oliver Steurer<\/span><\/a><\/div>\n<div class=\"player\"><a href=\"https:\/\/soccer.aidatasports.com\/fr\/players\/David-Bumberger-7198\"><img decoding=\"async\" src=\"https:\/\/soccer.aidatasports.com\/images\/players\/7198.png\" alt=\"David Bumberger\" onerror=\"this.onerror=null;this.src='https:\/\/soccer.aidatasports.com\/images\/players\/default-player.png';\"><span>David Bumberger<\/span><\/a><\/div>\n<div class=\"player\"><a href=\"https:\/\/soccer.aidatasports.com\/fr\/players\/Fabian-Wohlmuth-169339\"><img decoding=\"async\" src=\"https:\/\/soccer.aidatasports.com\/images\/players\/169339.png\" alt=\"Fabian Wohlmuth\" onerror=\"this.onerror=null;this.src='https:\/\/soccer.aidatasports.com\/images\/players\/default-player.png';\"><span>Fabian Wohlmuth<\/span><\/a><\/div>\n<div class=\"player\"><a href=\"https:\/\/soccer.aidatasports.com\/fr\/players\/Martin-Rasner-7632\"><img decoding=\"async\" src=\"https:\/\/soccer.aidatasports.com\/images\/players\/7632.png\" alt=\"Martin Rasner\" onerror=\"this.onerror=null;this.src='https:\/\/soccer.aidatasports.com\/images\/players\/default-player.png';\"><span>Martin Rasner<\/span><\/a><\/div>\n<div class=\"player\"><a href=\"https:\/\/soccer.aidatasports.com\/fr\/players\/Jonas-Mayer-323119\"><img decoding=\"async\" src=\"https:\/\/soccer.aidatasports.com\/images\/players\/323119.png\" alt=\"Jonas Mayer\" onerror=\"this.onerror=null;this.src='https:\/\/soccer.aidatasports.com\/images\/players\/default-player.png';\"><span>Jonas Mayer<\/span><\/a><\/div>\n<div class=\"player\"><a href=\"https:\/\/soccer.aidatasports.com\/fr\/players\/Philipp-Pomer-115590\"><img decoding=\"async\" src=\"https:\/\/soccer.aidatasports.com\/images\/players\/115590.png\" alt=\"Philipp Pomer\" onerror=\"this.onerror=null;this.src='https:\/\/soccer.aidatasports.com\/images\/players\/default-player.png';\"><span>Philipp Pomer<\/span><\/a><\/div>\n<div class=\"player\"><a href=\"https:\/\/soccer.aidatasports.com\/fr\/players\/Mark-Gro\u00dfe-106784\"><img decoding=\"async\" src=\"https:\/\/soccer.aidatasports.com\/images\/players\/106784.png\" alt=\"Mark Gro\u00dfe\" onerror=\"this.onerror=null;this.src='https:\/\/soccer.aidatasports.com\/images\/players\/default-player.png';\"><span>Mark Gro\u00dfe<\/span><\/a><\/div>\n<div class=\"player\"><a href=\"https:\/\/soccer.aidatasports.com\/fr\/players\/David-Berger-477149\"><img decoding=\"async\" src=\"https:\/\/soccer.aidatasports.com\/images\/players\/477149.png\" alt=\"David Berger\" onerror=\"this.onerror=null;this.src='https:\/\/soccer.aidatasports.com\/images\/players\/default-player.png';\"><span>David Berger<\/span><\/a><\/div>\n<div class=\"player\"><a href=\"https:\/\/soccer.aidatasports.com\/fr\/players\/Ante-Baji\u0107-7070\"><img decoding=\"async\" src=\"https:\/\/soccer.aidatasports.com\/images\/players\/7070.png\" alt=\"Ante Baji\u0107\" onerror=\"this.onerror=null;this.src='https:\/\/soccer.aidatasports.com\/images\/players\/default-player.png';\"><span>Ante Baji\u0107<\/span><\/a><\/div>\n<\/div>\n<div>\n<h4>Suplentes:<\/h4>\n<div class=\"player\"><a href=\"https:\/\/soccer.aidatasports.com\/fr\/players\/Nemanja-\u010celi\u0107-7210\"><img decoding=\"async\" src=\"https:\/\/soccer.aidatasports.com\/images\/players\/7210.png\" alt=\"Nemanja \u010celi\u0107\" onerror=\"this.onerror=null;this.src='https:\/\/soccer.aidatasports.com\/images\/players\/default-player.png';\"><span>Nemanja \u010celi\u0107<\/span><\/a><\/div>\n<div class=\"player\"><a href=\"https:\/\/soccer.aidatasports.com\/fr\/players\/Antonio-Van-Wyk-316846\"><img decoding=\"async\" src=\"https:\/\/soccer.aidatasports.com\/images\/players\/316846.png\" alt=\"Antonio Van Wyk\" onerror=\"this.onerror=null;this.src='https:\/\/soccer.aidatasports.com\/images\/players\/default-player.png';\"><span>Antonio Van Wyk<\/span><\/a><\/div>\n<div class=\"player\"><a href=\"https:\/\/soccer.aidatasports.com\/fr\/players\/Wilfried-Eza-65542\"><img decoding=\"async\" src=\"https:\/\/soccer.aidatasports.com\/images\/players\/65542.png\" alt=\"Wilfried Eza\" onerror=\"this.onerror=null;this.src='https:\/\/soccer.aidatasports.com\/images\/players\/default-player.png';\"><span>Wilfried Eza<\/span><\/a><\/div>\n<div class=\"player\"><a href=\"https:\/\/soccer.aidatasports.com\/fr\/players\/Nik-Marin\u0161ek-109713\"><img decoding=\"async\" src=\"https:\/\/soccer.aidatasports.com\/images\/players\/109713.png\" alt=\"Nik Marin\u0161ek\" onerror=\"this.onerror=null;this.src='https:\/\/soccer.aidatasports.com\/images\/players\/default-player.png';\"><span>Nik Marin\u0161ek<\/span><\/a><\/div>\n<div class=\"player\"><a href=\"https:\/\/soccer.aidatasports.com\/fr\/players\/Fabian-Rossdorfer-365016\"><img decoding=\"async\" src=\"https:\/\/soccer.aidatasports.com\/images\/players\/365016.png\" alt=\"Fabian Rossdorfer\" onerror=\"this.onerror=null;this.src='https:\/\/soccer.aidatasports.com\/images\/players\/default-player.png';\"><span>Fabian Rossdorfer<\/span><\/a><\/div>\n<div class=\"player\"><a href=\"https:\/\/soccer.aidatasports.com\/fr\/players\/Felix-Wimmer-120198\"><img decoding=\"async\" src=\"https:\/\/soccer.aidatasports.com\/images\/players\/120198.png\" alt=\"Felix Wimmer\" onerror=\"this.onerror=null;this.src='https:\/\/soccer.aidatasports.com\/images\/players\/default-player.png';\"><span>Felix Wimmer<\/span><\/a><\/div>\n<div class=\"player\"><a href=\"https:\/\/soccer.aidatasports.com\/fr\/players\/Lumor-Agbenyenu-3415\"><img decoding=\"async\" src=\"https:\/\/soccer.aidatasports.com\/images\/players\/3415.png\" alt=\"Lumor Agbenyenu\" onerror=\"this.onerror=null;this.src='https:\/\/soccer.aidatasports.com\/images\/players\/default-player.png';\"><span>Lumor Agbenyenu<\/span><\/a><\/div>\n<\/div>\n<\/div>\n<\/div>\n<div class=\"team-lineup\">\n<h3>Austria Lustenau<\/h3>\n<p><img decoding=\"async\" src=\"https:\/\/media.api-sports.io\/football\/teams\/1399.png\" alt=\"Austria Lustenau\" style=\"width: 50px; height: 50px;\"><\/p>\n<div class=\"players-container\">\n<div>\n<h4>Titulares:<\/h4>\n<div class=\"player\"><a href=\"https:\/\/soccer.aidatasports.com\/fr\/players\/Domenik-Schierl-7258\"><img decoding=\"async\" src=\"https:\/\/soccer.aidatasports.com\/images\/players\/7258.png\" alt=\"Domenik Schierl\" onerror=\"this.onerror=null;this.src='https:\/\/soccer.aidatasports.com\/images\/players\/default-player.png';\"><span>Domenik Schierl<\/span><\/a><\/div>\n<div class=\"player\"><a href=\"https:\/\/soccer.aidatasports.com\/fr\/players\/Fabian-Gmeiner-94221\"><img decoding=\"async\" src=\"https:\/\/soccer.aidatasports.com\/images\/players\/94221.png\" alt=\"Fabian Gmeiner\" onerror=\"this.onerror=null;this.src='https:\/\/soccer.aidatasports.com\/images\/players\/default-player.png';\"><span>Fabian Gmeiner<\/span><\/a><\/div>\n<div class=\"player\"><a href=\"https:\/\/soccer.aidatasports.com\/fr\/players\/William-Rodrigues-7114\"><img decoding=\"async\" src=\"https:\/\/soccer.aidatasports.com\/images\/players\/7114.png\" alt=\"William Rodrigues\" onerror=\"this.onerror=null;this.src='https:\/\/soccer.aidatasports.com\/images\/players\/default-player.png';\"><span>William Rodrigues<\/span><\/a><\/div>\n<div class=\"player\"><a href=\"https:\/\/soccer.aidatasports.com\/fr\/players\/Matthias-Maak-7731\"><img decoding=\"async\" src=\"https:\/\/soccer.aidatasports.com\/images\/players\/7731.png\" alt=\"Matthias Maak\" onerror=\"this.onerror=null;this.src='https:\/\/soccer.aidatasports.com\/images\/players\/default-player.png';\"><span>Matthias Maak<\/span><\/a><\/div>\n<div class=\"player\"><a href=\"https:\/\/soccer.aidatasports.com\/fr\/players\/Axel-David-Rouquette-476933\"><img decoding=\"async\" src=\"https:\/\/soccer.aidatasports.com\/images\/players\/476933.png\" alt=\"Axel David Rouquette\" onerror=\"this.onerror=null;this.src='https:\/\/soccer.aidatasports.com\/images\/players\/default-player.png';\"><span>Axel David Rouquette<\/span><\/a><\/div>\n<div class=\"player\"><a href=\"https:\/\/soccer.aidatasports.com\/fr\/players\/Nico-Gorzel-7271\"><img decoding=\"async\" src=\"https:\/\/soccer.aidatasports.com\/images\/players\/7271.png\" alt=\"Nico Gorzel\" onerror=\"this.onerror=null;this.src='https:\/\/soccer.aidatasports.com\/images\/players\/default-player.png';\"><span>Nico Gorzel<\/span><\/a><\/div>\n<div class=\"player\"><a href=\"https:\/\/soccer.aidatasports.com\/fr\/players\/Pius-Grabher-7071\"><img decoding=\"async\" src=\"https:\/\/soccer.aidatasports.com\/images\/players\/7071.png\" alt=\"Pius Grabher\" onerror=\"this.onerror=null;this.src='https:\/\/soccer.aidatasports.com\/images\/players\/default-player.png';\"><span>Pius Grabher<\/span><\/a><\/div>\n<div class=\"player\"><a href=\"https:\/\/soccer.aidatasports.com\/fr\/players\/Seifedin-Chabbi-61977\"><img decoding=\"async\" src=\"https:\/\/soccer.aidatasports.com\/images\/players\/61977.png\" alt=\"Seifedin Chabbi\" onerror=\"this.onerror=null;this.src='https:\/\/soccer.aidatasports.com\/images\/players\/default-player.png';\"><span>Seifedin Chabbi<\/span><\/a><\/div>\n<div class=\"player\"><a href=\"https:\/\/soccer.aidatasports.com\/fr\/players\/Namory-Cisse-286722\"><img decoding=\"async\" src=\"https:\/\/soccer.aidatasports.com\/images\/players\/286722.png\" alt=\"Namory Cisse\" onerror=\"this.onerror=null;this.src='https:\/\/soccer.aidatasports.com\/images\/players\/default-player.png';\"><span>Namory Cisse<\/span><\/a><\/div>\n<div class=\"player\"><a href=\"https:\/\/soccer.aidatasports.com\/fr\/players\/Leo-Miki\u0107-128359\"><img decoding=\"async\" src=\"https:\/\/soccer.aidatasports.com\/images\/players\/128359.png\" alt=\"Leo Miki\u0107\" onerror=\"this.onerror=null;this.src='https:\/\/soccer.aidatasports.com\/images\/players\/default-player.png';\"><span>Leo Miki\u0107<\/span><\/a><\/div>\n<div class=\"player\"><a href=\"https:\/\/soccer.aidatasports.com\/fr\/players\/Jack-Lahne-48154\"><img decoding=\"async\" src=\"https:\/\/soccer.aidatasports.com\/images\/players\/48154.png\" alt=\"Jack Lahne\" onerror=\"this.onerror=null;this.src='https:\/\/soccer.aidatasports.com\/images\/players\/default-player.png';\"><span>Jack Lahne<\/span><\/a><\/div>\n<\/div>\n<div>\n<h4>Suplentes:<\/h4>\n<div class=\"player\"><a href=\"https:\/\/soccer.aidatasports.com\/fr\/players\/Daniel-Au-Yeong-279899\"><img decoding=\"async\" src=\"https:\/\/soccer.aidatasports.com\/images\/players\/279899.png\" alt=\"Daniel Au Yeong\" onerror=\"this.onerror=null;this.src='https:\/\/soccer.aidatasports.com\/images\/players\/default-player.png';\"><span>Daniel Au Yeong<\/span><\/a><\/div>\n<div class=\"player\"><a href=\"https:\/\/soccer.aidatasports.com\/fr\/players\/Simon-Nesler-371247\"><img decoding=\"async\" src=\"https:\/\/soccer.aidatasports.com\/images\/players\/371247.png\" alt=\"Simon Nesler\" onerror=\"this.onerror=null;this.src='https:\/\/soccer.aidatasports.com\/images\/players\/default-player.png';\"><span>Simon Nesler<\/span><\/a><\/div>\n<div class=\"player\"><a href=\"https:\/\/soccer.aidatasports.com\/fr\/players\/Leo-M\u00e4tzler-125625\"><img decoding=\"async\" src=\"https:\/\/soccer.aidatasports.com\/images\/players\/125625.png\" alt=\"Leo M\u00e4tzler\" onerror=\"this.onerror=null;this.src='https:\/\/soccer.aidatasports.com\/images\/players\/default-player.png';\"><span>Leo M\u00e4tzler<\/span><\/a><\/div>\n<div class=\"player\"><a href=\"https:\/\/soccer.aidatasports.com\/fr\/players\/Sacha-Delaye-179401\"><img decoding=\"async\" src=\"https:\/\/soccer.aidatasports.com\/images\/players\/179401.png\" alt=\"Sacha Delaye\" onerror=\"this.onerror=null;this.src='https:\/\/soccer.aidatasports.com\/images\/players\/default-player.png';\"><span>Sacha Delaye<\/span><\/a><\/div>\n<div class=\"player\"><a href=\"https:\/\/soccer.aidatasports.com\/fr\/players\/Seydou-Diarra-456812\"><img decoding=\"async\" src=\"https:\/\/soccer.aidatasports.com\/images\/players\/456812.png\" alt=\"Seydou Diarra\" onerror=\"this.onerror=null;this.src='https:\/\/soccer.aidatasports.com\/images\/players\/default-player.png';\"><span>Seydou Diarra<\/span><\/a><\/div>\n<div class=\"player\"><a href=\"https:\/\/soccer.aidatasports.com\/fr\/players\/Junior-Eyamba-306316\"><img decoding=\"async\" src=\"https:\/\/soccer.aidatasports.com\/images\/players\/306316.png\" alt=\"Junior Eyamba\" onerror=\"this.onerror=null;this.src='https:\/\/soccer.aidatasports.com\/images\/players\/default-player.png';\"><span>Junior Eyamba<\/span><\/a><\/div>\n<div class=\"player\"><a href=\"https:\/\/soccer.aidatasports.com\/fr\/players\/Ibrahim-Ouattara-408643\"><img decoding=\"async\" src=\"https:\/\/soccer.aidatasports.com\/images\/players\/408643.png\" alt=\"Ibrahim Ouattara\" onerror=\"this.onerror=null;this.src='https:\/\/soccer.aidatasports.com\/images\/players\/default-player.png';\"><span>Ibrahim Ouattara<\/span><\/a><\/div>\n<\/div>\n<\/div>\n<\/div>\n<\/div>\n<div id=\"wg-api-football-game\"\n                    data-host=\"xxxxx\"\n                    data-key=\"xxxx\"\n                    data-id=\"1219888\"\n                    data-theme=\"\"\n                    data-refresh=\"15\"\n                    data-show-errors=\"false\"\n                    data-show-logos=\"true\"><br \/>\n                    class=\u00a0\u00bbwg_loader\u00a0\u00bb>\n                <\/div>\n<div id=\"wg-api-football-standings\"\n                    data-host=\"xxxx\"\n                    data-key=\"ddddd\"\n                    data-league=\"219\"\n                    data-team=\"\"\n                    data-season=\"2024\"\n                    data-theme=\"\"\n                    data-show-errors=\"false\"\n                    data-show-logos=\"true\"\n                    class=\"wg_loader\">\n                <\/div>\n<p>                <script\n                    type=\"module\"\n                    src=\"https:\/\/soccer.aidatasports.com\/wp-content\/customjs\/widgetslocal.js\">\n                <\/script><\/p>\n","protected":false},"excerpt":{"rendered":"<p>French Ried et Austria Lustenau font match nul dans un match palpitant \u00e0 l&rsquo;Innviertel Arena&hellip;<\/p>\n","protected":false},"author":1,"featured_media":94879,"comment_status":"open","ping_status":"open","sticky":false,"template":"","format":"standard","meta":{"content-type":"","pmpro_default_level":"","_lmt_disableupdate":"","_lmt_disable":"","_league":15837,"_fixture":1219888,"penci_pfeatured_image_ratio":"","penci_single_style":"","footnotes":""},"categories":[15837],"tags":[1381,1058],"class_list":["post-94880","post","type-post","status-publish","format-standard","has-post-thumbnail","hentry","category-matches","tag-austria-lustenau-austria-1399","tag-ried-austria-1028","pmpro-has-access"],"_links":{"self":[{"href":"https:\/\/soccer.aidatasports.com\/fr\/wp-json\/wp\/v2\/posts\/94880"}],"collection":[{"href":"https:\/\/soccer.aidatasports.com\/fr\/wp-json\/wp\/v2\/posts"}],"about":[{"href":"https:\/\/soccer.aidatasports.com\/fr\/wp-json\/wp\/v2\/types\/post"}],"author":[{"embeddable":true,"href":"https:\/\/soccer.aidatasports.com\/fr\/wp-json\/wp\/v2\/users\/1"}],"replies":[{"embeddable":true,"href":"https:\/\/soccer.aidatasports.com\/fr\/wp-json\/wp\/v2\/comments?post=94880"}],"version-history":[{"count":0,"href":"https:\/\/soccer.aidatasports.com\/fr\/wp-json\/wp\/v2\/posts\/94880\/revisions"}],"wp:featuredmedia":[{"embeddable":true,"href":"https:\/\/soccer.aidatasports.com\/fr\/wp-json\/wp\/v2\/media\/94879"}],"wp:attachment":[{"href":"https:\/\/soccer.aidatasports.com\/fr\/wp-json\/wp\/v2\/media?parent=94880"}],"wp:term":[{"taxonomy":"category","embeddable":true,"href":"https:\/\/soccer.aidatasports.com\/fr\/wp-json\/wp\/v2\/categories?post=94880"},{"taxonomy":"post_tag","embeddable":true,"href":"https:\/\/soccer.aidatasports.com\/fr\/wp-json\/wp\/v2\/tags?post=94880"}],"curies":[{"name":"wp","href":"https:\/\/api.w.org\/{rel}","templated":true}]}}