{"id":94064,"date":"2025-04-16T01:20:38","date_gmt":"2025-04-16T01:20:38","guid":{"rendered":"https:\/\/soccer.aidatasports.com\/fr\/uncategorized\/deportivo-pereira-vs-deportivo-cali-apr-15-2025-2315-utc\/"},"modified":"2025-04-16T01:20:38","modified_gmt":"2025-04-16T01:20:38","slug":"deportivo-pereira-vs-deportivo-cali-apr-15-2025-2315-utc","status":"publish","type":"post","link":"https:\/\/soccer.aidatasports.com\/fr\/matches\/deportivo-pereira-vs-deportivo-cali-apr-15-2025-2315-utc\/","title":{"rendered":"Deportivo Pereira vs Deportivo Cali Apr 15 2025 23:15 UTC"},"content":{"rendered":"<p><strong>Fran\u00e7ais<\/strong><\/p>\n<p>Le Deportivo Pereira a battu le Deportivo Cali 2-0 lors d&rsquo;un match disput\u00e9 au Estadio Hern\u00e1n Ram\u00edrez Villegas de Pereira.  La rencontre, correspondant \u00e0 la 14\u00e8me journ\u00e9e de la Primera A du tournoi Apertura 2025, s&rsquo;est caract\u00e9ris\u00e9e par la domination territoriale du Deportivo Cali, qui a d\u00e9tenu 63% de la possession du ballon, mais n&rsquo;a pas su concr\u00e9tiser ses occasions.  Les locaux, avec 37% de possession, ont \u00e9t\u00e9 plus efficaces.<\/p>\n<p>Steven J. Merheg a ouvert le score \u00e0 la 30\u00e8me minute, assist\u00e9 par S. Aguilar. D. Quintero a doubl\u00e9 la mise \u00e0 la 63\u00e8me minute. Le match a \u00e9t\u00e9 anim\u00e9, avec un total de 32 fautes et 8 cartons jaunes distribu\u00e9s entre les deux \u00e9quipes. Le Deportivo Pereira a re\u00e7u 5 cartons jaunes, tandis que le Deportivo Cali en a re\u00e7u 3. Malgr\u00e9 sa sup\u00e9riorit\u00e9 en possession, le Deportivo Cali n&rsquo;a r\u00e9ussi que 2 tirs cadr\u00e9s, tandis que le Deportivo Pereira en a enregistr\u00e9 6.<\/p>\n<p>Remplacements dans l&rsquo;quipe de deportivo cali: \u00c0 la 46e minute, J. C. Caldera Alvis est entr\u00e9 et G. Corujo est sorti., \u00c0 la 46e minute, R. Bustamante est entr\u00e9 et V. Mejia est sorti., \u00c0 la 46e minute, Y. A. Gomez Mosquera est entr\u00e9 et G. Cabezas est sorti., \u00c0 la 55e minute, F. Castillo est entr\u00e9 et C. Graciano est sorti., \u00c0 la 67e minute, J. Cantillo est entr\u00e9 et Javier Reina est sorti. <\/p>\n<p>Remplacements dans l&rsquo;quipe de deportivo pereira: \u00c0 la 69e minute, d. J. Diaz Montes J. est entr\u00e9 et J. Largacha est sorti., \u00c0 la 79e minute, J. A. Bermudez Correa est entr\u00e9 et J. Rios est sorti., \u00c0 la 79e minute, S. Urrea est entr\u00e9 et D. Quintero est sorti., \u00c0 la 86e minute, L. Mosquera est entr\u00e9 et Y. Quinones est sorti., \u00c0 la 86e minute, G. Pena est entr\u00e9 et S. J. Merheg est sorti. <\/p>\n<p>Les \u00e9quipes se sont align\u00e9es comme suit:<\/p>\n<div class=\"lineups-container\">\n<style>\n                .lineups-container {\n                    display: flex;\n                    justify-content: space-around;\n                    flex-wrap: wrap;\n                }\n                .team-lineup {\n                    width: 49%;\n                    margin-bottom: 20px;\n                    border: 1px solid #ccc;\n                    padding: 5px;\n                }\n                .team-lineup h3 {\n                    text-align: center;\n                    margin-bottom: 10px;\n                }\n                .players-container {\n                    display: flex;\n                    justify-content: space-between;\n                }\n                .players-container div {\n                    width: 100%;\n                }\n                .player {\n                    display: flex;\n                    align-items: center;\n                    margin-bottom: 5px;\n                }\n                .player img {\n                    width: 30px;\n                    height: 30px;\n                    border-radius: 50%;\n                    margin-right: 10px;\n                }\n                    @media (max-width: 600px) {\n                    .team-lineup {\n                        width: 100%;\n                    }\n                }\n                <\/style>\n<div class=\"team-lineup\">\n<h3>Deportivo Pereira<\/h3>\n<p><img decoding=\"async\" src=\"https:\/\/media.api-sports.io\/football\/teams\/1462.png\" alt=\"Deportivo Pereira\" style=\"width: 50px; height: 50px;\"><\/p>\n<div class=\"players-container\">\n<div>\n<h4>Titulares:<\/h4>\n<div class=\"player\"><a href=\"https:\/\/soccer.aidatasports.com\/fr\/players\/Salvador-Ichazo-30493\"><img decoding=\"async\" src=\"https:\/\/soccer.aidatasports.com\/images\/players\/30493.png\" alt=\"Salvador Ichazo\" onerror=\"this.onerror=null;this.src='https:\/\/soccer.aidatasports.com\/images\/players\/default-player.png';\"><span>Salvador Ichazo<\/span><\/a><\/div>\n<div class=\"player\"><a href=\"https:\/\/soccer.aidatasports.com\/fr\/players\/Walmer-Pacheco-13607\"><img decoding=\"async\" src=\"https:\/\/soccer.aidatasports.com\/images\/players\/13607.png\" alt=\"Walmer Pacheco\" onerror=\"this.onerror=null;this.src='https:\/\/soccer.aidatasports.com\/images\/players\/default-player.png';\"><span>Walmer Pacheco<\/span><\/a><\/div>\n<div class=\"player\"><a href=\"https:\/\/soccer.aidatasports.com\/fr\/players\/Santiago-Aguilar-133128\"><img decoding=\"async\" src=\"https:\/\/soccer.aidatasports.com\/images\/players\/133128.png\" alt=\"Santiago Aguilar\" onerror=\"this.onerror=null;this.src='https:\/\/soccer.aidatasports.com\/images\/players\/default-player.png';\"><span>Santiago Aguilar<\/span><\/a><\/div>\n<div class=\"player\"><a href=\"https:\/\/soccer.aidatasports.com\/fr\/players\/Jos\u00e9-Moya-13766\"><img decoding=\"async\" src=\"https:\/\/soccer.aidatasports.com\/images\/players\/13766.png\" alt=\"Jos\u00e9 Moya\" onerror=\"this.onerror=null;this.src='https:\/\/soccer.aidatasports.com\/images\/players\/default-player.png';\"><span>Jos\u00e9 Moya<\/span><\/a><\/div>\n<div class=\"player\"><a href=\"https:\/\/soccer.aidatasports.com\/fr\/players\/Jeison-Su\u00e1rez-59441\"><img decoding=\"async\" src=\"https:\/\/soccer.aidatasports.com\/images\/players\/59441.png\" alt=\"Jeison Su\u00e1rez\" onerror=\"this.onerror=null;this.src='https:\/\/soccer.aidatasports.com\/images\/players\/default-player.png';\"><span>Jeison Su\u00e1rez<\/span><\/a><\/div>\n<div class=\"player\"><a href=\"https:\/\/soccer.aidatasports.com\/fr\/players\/Juan-David-R\u00edos-13152\"><img decoding=\"async\" src=\"https:\/\/soccer.aidatasports.com\/images\/players\/13152.png\" alt=\"Juan David R\u00edos\" onerror=\"this.onerror=null;this.src='https:\/\/soccer.aidatasports.com\/images\/players\/default-player.png';\"><span>Juan David R\u00edos<\/span><\/a><\/div>\n<div class=\"player\"><a href=\"https:\/\/soccer.aidatasports.com\/fr\/players\/Kelvin-Osorio-13716\"><img decoding=\"async\" src=\"https:\/\/soccer.aidatasports.com\/images\/players\/13716.png\" alt=\"Kelvin Osorio\" onerror=\"this.onerror=null;this.src='https:\/\/soccer.aidatasports.com\/images\/players\/default-player.png';\"><span>Kelvin Osorio<\/span><\/a><\/div>\n<div class=\"player\"><a href=\"https:\/\/soccer.aidatasports.com\/fr\/players\/Jhon-Largacha-348333\"><img decoding=\"async\" src=\"https:\/\/soccer.aidatasports.com\/images\/players\/348333.png\" alt=\"Jhon Largacha\" onerror=\"this.onerror=null;this.src='https:\/\/soccer.aidatasports.com\/images\/players\/default-player.png';\"><span>Jhon Largacha<\/span><\/a><\/div>\n<div class=\"player\"><a href=\"https:\/\/soccer.aidatasports.com\/fr\/players\/Darwin-Quintero-51164\"><img decoding=\"async\" src=\"https:\/\/soccer.aidatasports.com\/images\/players\/51164.png\" alt=\"Darwin Quintero\" onerror=\"this.onerror=null;this.src='https:\/\/soccer.aidatasports.com\/images\/players\/default-player.png';\"><span>Darwin Quintero<\/span><\/a><\/div>\n<div class=\"player\"><a href=\"https:\/\/soccer.aidatasports.com\/fr\/players\/Yuber-Qui\u00f1ones-309389\"><img decoding=\"async\" src=\"https:\/\/soccer.aidatasports.com\/images\/players\/309389.png\" alt=\"Yuber Qui\u00f1ones\" onerror=\"this.onerror=null;this.src='https:\/\/soccer.aidatasports.com\/images\/players\/default-player.png';\"><span>Yuber Qui\u00f1ones<\/span><\/a><\/div>\n<div class=\"player\"><a href=\"https:\/\/soccer.aidatasports.com\/fr\/players\/Samy-Jr-Merheg-457754\"><img decoding=\"async\" src=\"https:\/\/soccer.aidatasports.com\/images\/players\/457754.png\" alt=\"Samy Jr Merheg\" onerror=\"this.onerror=null;this.src='https:\/\/soccer.aidatasports.com\/images\/players\/default-player.png';\"><span>Samy Jr Merheg<\/span><\/a><\/div>\n<\/div>\n<div>\n<h4>Suplentes:<\/h4>\n<div class=\"player\"><a href=\"https:\/\/soccer.aidatasports.com\/fr\/players\/Jaime-Diaz-352297\"><img decoding=\"async\" src=\"https:\/\/soccer.aidatasports.com\/images\/players\/352297.png\" alt=\"Jaime Diaz\" onerror=\"this.onerror=null;this.src='https:\/\/soccer.aidatasports.com\/images\/players\/default-player.png';\"><span>Jaime Diaz<\/span><\/a><\/div>\n<div class=\"player\"><a href=\"https:\/\/soccer.aidatasports.com\/fr\/players\/Jorge-Berm\u00fadez-59593\"><img decoding=\"async\" src=\"https:\/\/soccer.aidatasports.com\/images\/players\/59593.png\" alt=\"Jorge Berm\u00fadez\" onerror=\"this.onerror=null;this.src='https:\/\/soccer.aidatasports.com\/images\/players\/default-player.png';\"><span>Jorge Berm\u00fadez<\/span><\/a><\/div>\n<div class=\"player\"><a href=\"https:\/\/soccer.aidatasports.com\/fr\/players\/Carlos-Cruz-None\"><img decoding=\"async\" src=\"https:\/\/soccer.aidatasports.com\/images\/players\/None.png\" alt=\"Carlos Cruz\" onerror=\"this.onerror=null;this.src='https:\/\/soccer.aidatasports.com\/images\/players\/default-player.png';\"><span>Carlos Cruz<\/span><\/a><\/div>\n<div class=\"player\"><a href=\"https:\/\/soccer.aidatasports.com\/fr\/players\/Franklin-Mosquera-355906\"><img decoding=\"async\" src=\"https:\/\/soccer.aidatasports.com\/images\/players\/355906.png\" alt=\"Franklin Mosquera\" onerror=\"this.onerror=null;this.src='https:\/\/soccer.aidatasports.com\/images\/players\/default-player.png';\"><span>Franklin Mosquera<\/span><\/a><\/div>\n<div class=\"player\"><a href=\"https:\/\/soccer.aidatasports.com\/fr\/players\/Yesus-Cabrera-13180\"><img decoding=\"async\" src=\"https:\/\/soccer.aidatasports.com\/images\/players\/13180.png\" alt=\"Yesus Cabrera\" onerror=\"this.onerror=null;this.src='https:\/\/soccer.aidatasports.com\/images\/players\/default-player.png';\"><span>Yesus Cabrera<\/span><\/a><\/div>\n<div class=\"player\"><a href=\"https:\/\/soccer.aidatasports.com\/fr\/players\/Felipe-Mosquera-352334\"><img decoding=\"async\" src=\"https:\/\/soccer.aidatasports.com\/images\/players\/352334.png\" alt=\"Felipe Mosquera\" onerror=\"this.onerror=null;this.src='https:\/\/soccer.aidatasports.com\/images\/players\/default-player.png';\"><span>Felipe Mosquera<\/span><\/a><\/div>\n<div class=\"player\"><a href=\"https:\/\/soccer.aidatasports.com\/fr\/players\/Gianfranco-Pe\u00f1a-280723\"><img decoding=\"async\" src=\"https:\/\/soccer.aidatasports.com\/images\/players\/280723.png\" alt=\"Gianfranco Pe\u00f1a\" onerror=\"this.onerror=null;this.src='https:\/\/soccer.aidatasports.com\/images\/players\/default-player.png';\"><span>Gianfranco Pe\u00f1a<\/span><\/a><\/div>\n<\/div>\n<\/div>\n<\/div>\n<div class=\"team-lineup\">\n<h3>Deportivo Cali<\/h3>\n<p><img decoding=\"async\" src=\"https:\/\/media.api-sports.io\/football\/teams\/1127.png\" alt=\"Deportivo Cali\" style=\"width: 50px; height: 50px;\"><\/p>\n<div class=\"players-container\">\n<div>\n<h4>Titulares:<\/h4>\n<div class=\"player\"><a href=\"https:\/\/soccer.aidatasports.com\/fr\/players\/Alejandro-Rodr\u00edguez-306716\"><img decoding=\"async\" src=\"https:\/\/soccer.aidatasports.com\/images\/players\/306716.png\" alt=\"Alejandro Rodr\u00edguez\" onerror=\"this.onerror=null;this.src='https:\/\/soccer.aidatasports.com\/images\/players\/default-player.png';\"><span>Alejandro Rodr\u00edguez<\/span><\/a><\/div>\n<div class=\"player\"><a href=\"https:\/\/soccer.aidatasports.com\/fr\/players\/Juan-Angulo-13384\"><img decoding=\"async\" src=\"https:\/\/soccer.aidatasports.com\/images\/players\/13384.png\" alt=\"Juan Angulo\" onerror=\"this.onerror=null;this.src='https:\/\/soccer.aidatasports.com\/images\/players\/default-player.png';\"><span>Juan Angulo<\/span><\/a><\/div>\n<div class=\"player\"><a href=\"https:\/\/soccer.aidatasports.com\/fr\/players\/Juan-Quintero-10420\"><img decoding=\"async\" src=\"https:\/\/soccer.aidatasports.com\/images\/players\/10420.png\" alt=\"Juan Quintero\" onerror=\"this.onerror=null;this.src='https:\/\/soccer.aidatasports.com\/images\/players\/default-player.png';\"><span>Juan Quintero<\/span><\/a><\/div>\n<div class=\"player\"><a href=\"https:\/\/soccer.aidatasports.com\/fr\/players\/Guzm\u00e1n-Corujo-51566\"><img decoding=\"async\" src=\"https:\/\/soccer.aidatasports.com\/images\/players\/51566.png\" alt=\"Guzm\u00e1n Corujo\" onerror=\"this.onerror=null;this.src='https:\/\/soccer.aidatasports.com\/images\/players\/default-player.png';\"><span>Guzm\u00e1n Corujo<\/span><\/a><\/div>\n<div class=\"player\"><a href=\"https:\/\/soccer.aidatasports.com\/fr\/players\/Cristian-Graciano-411174\"><img decoding=\"async\" src=\"https:\/\/soccer.aidatasports.com\/images\/players\/411174.png\" alt=\"Cristian Graciano\" onerror=\"this.onerror=null;this.src='https:\/\/soccer.aidatasports.com\/images\/players\/default-player.png';\"><span>Cristian Graciano<\/span><\/a><\/div>\n<div class=\"player\"><a href=\"https:\/\/soccer.aidatasports.com\/fr\/players\/Victor-Mejia-52787\"><img decoding=\"async\" src=\"https:\/\/soccer.aidatasports.com\/images\/players\/52787.png\" alt=\"Victor Mejia\" onerror=\"this.onerror=null;this.src='https:\/\/soccer.aidatasports.com\/images\/players\/default-player.png';\"><span>Victor Mejia<\/span><\/a><\/div>\n<div class=\"player\"><a href=\"https:\/\/soccer.aidatasports.com\/fr\/players\/Jean-Colorado-59519\"><img decoding=\"async\" src=\"https:\/\/soccer.aidatasports.com\/images\/players\/59519.png\" alt=\"Jean Colorado\" onerror=\"this.onerror=null;this.src='https:\/\/soccer.aidatasports.com\/images\/players\/default-player.png';\"><span>Jean Colorado<\/span><\/a><\/div>\n<div class=\"player\"><a href=\"https:\/\/soccer.aidatasports.com\/fr\/players\/Gian-Cabezas-307870\"><img decoding=\"async\" src=\"https:\/\/soccer.aidatasports.com\/images\/players\/307870.png\" alt=\"Gian Cabezas\" onerror=\"this.onerror=null;this.src='https:\/\/soccer.aidatasports.com\/images\/players\/default-player.png';\"><span>Gian Cabezas<\/span><\/a><\/div>\n<div class=\"player\"><a href=\"https:\/\/soccer.aidatasports.com\/fr\/players\/Javier-Reina-10285\"><img decoding=\"async\" src=\"https:\/\/soccer.aidatasports.com\/images\/players\/10285.png\" alt=\"Javier Reina\" onerror=\"this.onerror=null;this.src='https:\/\/soccer.aidatasports.com\/images\/players\/default-player.png';\"><span>Javier Reina<\/span><\/a><\/div>\n<div class=\"player\"><a href=\"https:\/\/soccer.aidatasports.com\/fr\/players\/Juan-Arango-451605\"><img decoding=\"async\" src=\"https:\/\/soccer.aidatasports.com\/images\/players\/451605.png\" alt=\"Juan Arango\" onerror=\"this.onerror=null;this.src='https:\/\/soccer.aidatasports.com\/images\/players\/default-player.png';\"><span>Juan Arango<\/span><\/a><\/div>\n<div class=\"player\"><a href=\"https:\/\/soccer.aidatasports.com\/fr\/players\/Andrey-Estupi\u00f1\u00e1n-13435\"><img decoding=\"async\" src=\"https:\/\/soccer.aidatasports.com\/images\/players\/13435.png\" alt=\"Andrey Estupi\u00f1\u00e1n\" onerror=\"this.onerror=null;this.src='https:\/\/soccer.aidatasports.com\/images\/players\/default-player.png';\"><span>Andrey Estupi\u00f1\u00e1n<\/span><\/a><\/div>\n<\/div>\n<div>\n<h4>Suplentes:<\/h4>\n<div class=\"player\"><a href=\"https:\/\/soccer.aidatasports.com\/fr\/players\/Yuli\u00e1n-G\u00f3mez-13801\"><img decoding=\"async\" src=\"https:\/\/soccer.aidatasports.com\/images\/players\/13801.png\" alt=\"Yuli\u00e1n G\u00f3mez\" onerror=\"this.onerror=null;this.src='https:\/\/soccer.aidatasports.com\/images\/players\/default-player.png';\"><span>Yuli\u00e1n G\u00f3mez<\/span><\/a><\/div>\n<div class=\"player\"><a href=\"https:\/\/soccer.aidatasports.com\/fr\/players\/Jos\u00e9-Caldera-200150\"><img decoding=\"async\" src=\"https:\/\/soccer.aidatasports.com\/images\/players\/200150.png\" alt=\"Jos\u00e9 Caldera\" onerror=\"this.onerror=null;this.src='https:\/\/soccer.aidatasports.com\/images\/players\/default-player.png';\"><span>Jos\u00e9 Caldera<\/span><\/a><\/div>\n<div class=\"player\"><a href=\"https:\/\/soccer.aidatasports.com\/fr\/players\/Rafael-Bustamante-125220\"><img decoding=\"async\" src=\"https:\/\/soccer.aidatasports.com\/images\/players\/125220.png\" alt=\"Rafael Bustamante\" onerror=\"this.onerror=null;this.src='https:\/\/soccer.aidatasports.com\/images\/players\/default-player.png';\"><span>Rafael Bustamante<\/span><\/a><\/div>\n<div class=\"player\"><a href=\"https:\/\/soccer.aidatasports.com\/fr\/players\/Fabi\u00e1n-Castillo-35689\"><img decoding=\"async\" src=\"https:\/\/soccer.aidatasports.com\/images\/players\/35689.png\" alt=\"Fabi\u00e1n Castillo\" onerror=\"this.onerror=null;this.src='https:\/\/soccer.aidatasports.com\/images\/players\/default-player.png';\"><span>Fabi\u00e1n Castillo<\/span><\/a><\/div>\n<div class=\"player\"><a href=\"https:\/\/soccer.aidatasports.com\/fr\/players\/Juan-Camilo-Cantillo-300886\"><img decoding=\"async\" src=\"https:\/\/soccer.aidatasports.com\/images\/players\/300886.png\" alt=\"Juan Camilo Cantillo\" onerror=\"this.onerror=null;this.src='https:\/\/soccer.aidatasports.com\/images\/players\/default-player.png';\"><span>Juan Camilo Cantillo<\/span><\/a><\/div>\n<div class=\"player\"><a href=\"https:\/\/soccer.aidatasports.com\/fr\/players\/Gast\u00f3n-Guruceaga-6133\"><img decoding=\"async\" src=\"https:\/\/soccer.aidatasports.com\/images\/players\/6133.png\" alt=\"Gast\u00f3n Guruceaga\" onerror=\"this.onerror=null;this.src='https:\/\/soccer.aidatasports.com\/images\/players\/default-player.png';\"><span>Gast\u00f3n Guruceaga<\/span><\/a><\/div>\n<div class=\"player\"><a href=\"https:\/\/soccer.aidatasports.com\/fr\/players\/Kleiton-Cuellar-372116\"><img decoding=\"async\" src=\"https:\/\/soccer.aidatasports.com\/images\/players\/372116.png\" alt=\"Kleiton Cuellar\" onerror=\"this.onerror=null;this.src='https:\/\/soccer.aidatasports.com\/images\/players\/default-player.png';\"><span>Kleiton Cuellar<\/span><\/a><\/div>\n<\/div>\n<\/div>\n<\/div>\n<\/div>\n<div id=\"wg-api-football-game\"\n                    data-host=\"xxxxx\"\n                    data-key=\"xxxx\"\n                    data-id=\"1336660\"\n                    data-theme=\"\"\n                    data-refresh=\"15\"\n                    data-show-errors=\"false\"\n                    data-show-logos=\"true\"><br \/>\n                    class=\u00a0\u00bbwg_loader\u00a0\u00bb>\n                <\/div>\n<div id=\"wg-api-football-standings\"\n                    data-host=\"xxxx\"\n                    data-key=\"ddddd\"\n                    data-league=\"239\"\n                    data-team=\"\"\n                    data-season=\"2025\"\n                    data-theme=\"\"\n                    data-show-errors=\"false\"\n                    data-show-logos=\"true\"\n                    class=\"wg_loader\">\n                <\/div>\n<p>                <script\n                    type=\"module\"\n                    src=\"https:\/\/soccer.aidatasports.com\/wp-content\/customjs\/widgetslocal.js\">\n                <\/script><\/p>\n","protected":false},"excerpt":{"rendered":"<p>Fran\u00e7ais Le Deportivo Pereira a battu le Deportivo Cali 2-0 lors d&rsquo;un match disput\u00e9 au&hellip;<\/p>\n","protected":false},"author":1,"featured_media":94063,"comment_status":"open","ping_status":"open","sticky":false,"template":"","format":"standard","meta":{"content-type":"","pmpro_default_level":"","_lmt_disableupdate":"","_lmt_disable":"","_league":15837,"_fixture":1336660,"penci_pfeatured_image_ratio":"","penci_single_style":"","footnotes":""},"categories":[15837],"tags":[1143,1424],"class_list":["post-94064","post","type-post","status-publish","format-standard","has-post-thumbnail","hentry","category-matches","tag-deportivo-cali-colombia-1127","tag-deportivo-pereira-colombia-1462","pmpro-has-access"],"_links":{"self":[{"href":"https:\/\/soccer.aidatasports.com\/fr\/wp-json\/wp\/v2\/posts\/94064"}],"collection":[{"href":"https:\/\/soccer.aidatasports.com\/fr\/wp-json\/wp\/v2\/posts"}],"about":[{"href":"https:\/\/soccer.aidatasports.com\/fr\/wp-json\/wp\/v2\/types\/post"}],"author":[{"embeddable":true,"href":"https:\/\/soccer.aidatasports.com\/fr\/wp-json\/wp\/v2\/users\/1"}],"replies":[{"embeddable":true,"href":"https:\/\/soccer.aidatasports.com\/fr\/wp-json\/wp\/v2\/comments?post=94064"}],"version-history":[{"count":0,"href":"https:\/\/soccer.aidatasports.com\/fr\/wp-json\/wp\/v2\/posts\/94064\/revisions"}],"wp:featuredmedia":[{"embeddable":true,"href":"https:\/\/soccer.aidatasports.com\/fr\/wp-json\/wp\/v2\/media\/94063"}],"wp:attachment":[{"href":"https:\/\/soccer.aidatasports.com\/fr\/wp-json\/wp\/v2\/media?parent=94064"}],"wp:term":[{"taxonomy":"category","embeddable":true,"href":"https:\/\/soccer.aidatasports.com\/fr\/wp-json\/wp\/v2\/categories?post=94064"},{"taxonomy":"post_tag","embeddable":true,"href":"https:\/\/soccer.aidatasports.com\/fr\/wp-json\/wp\/v2\/tags?post=94064"}],"curies":[{"name":"wp","href":"https:\/\/api.w.org\/{rel}","templated":true}]}}