{"id":92066,"date":"2025-03-30T14:01:52","date_gmt":"2025-03-30T14:01:52","guid":{"rendered":"https:\/\/soccer.aidatasports.com\/fr\/uncategorized\/cordoba-vs-elche-mar-30-2025-1200-utc\/"},"modified":"2025-03-30T14:01:52","modified_gmt":"2025-03-30T14:01:52","slug":"cordoba-vs-elche-mar-30-2025-1200-utc","status":"publish","type":"post","link":"https:\/\/soccer.aidatasports.com\/fr\/matches\/cordoba-vs-elche-mar-30-2025-1200-utc\/","title":{"rendered":"Cordoba vs Elche Mar 30 2025 12:00 UTC"},"content":{"rendered":"<p><strong>Franc\u00e9s<\/strong><\/p>\n<p>C\u00f3rdoba et Elche ont disput\u00e9 une rencontre palpitante au Estadio Nuevo Arc\u00e1ngel, correspondant \u00e0 la 33\u00e8me journ\u00e9e de la Segunda Divisi\u00f3n. Le match, jou\u00e9 le 30 mars 2025 \u00e0 C\u00f3rdoba, s&rsquo;est termin\u00e9 sur un score serr\u00e9 de 2-2. Elche a domin\u00e9 la possession (56%) et, bien qu&rsquo;ayant effectu\u00e9 moins de tirs (8 contre 17 pour C\u00f3rdoba), a fait preuve d&rsquo;une plus grande efficacit\u00e9. Omar Plano a ouvert le score pour les visiteurs \u00e0 la 15\u00e8me minute, gr\u00e2ce \u00e0 une passe de Castro. C\u00f3rdoba a r\u00e9agi rapidement, avec un but de Carlos Albarr\u00e1n \u00e0 la 28\u00e8me minute, sur une passe de Carracedo. La premi\u00e8re mi-temps a \u00e9t\u00e9 intense, avec de nombreux cartons jaunes pour C\u00f3rdoba (C\u00f3rdoba : Zidane, Ania, Obolskiy, Alves et Yoldi). En seconde p\u00e9riode, Elche a subi un carton jaune pour Sarabia mais a gard\u00e9 le contr\u00f4le. Rashani a marqu\u00e9 le 2-1 pour Elche \u00e0 la 89\u00e8me minute, sur une passe de Josan. Cependant, C\u00f3rdoba a \u00e9galis\u00e9 avant le coup de sifflet final. Malgr\u00e9 les nombreuses fautes commises par C\u00f3rdoba (26), le match s&rsquo;est jou\u00e9 sur une efficacit\u00e9 offensive similaire des deux \u00e9quipes, aboutissant \u00e0 un match nul \u00e9quitable.<\/p>\n<p>Remplacements dans l&rsquo;quipe de elche: \u00c0 la 66e minute, Josan est entr\u00e9 et G. Valera est sorti., \u00c0 la 67e minute, M. Aguado est entr\u00e9 et N. Mercau est sorti., \u00c0 la 81e minute, A. Alvarez est entr\u00e9 et B. Diaby est sorti., \u00c0 la 81e minute, E. Rashani est entr\u00e9 et O. Plano est sorti., \u00c0 la 81e minute, D. Affengruber est entr\u00e9 et Pejino est sorti. <\/p>\n<p>Remplacements dans l&rsquo;quipe de cordoba: \u00c0 la 73e minute, A. del Moral est entr\u00e9 et T. Zidane est sorti., \u00c0 la 73e minute, A. Casas est entr\u00e9 et N. Obolskiy est sorti., \u00c0 la 73e minute, P. Ortiz est entr\u00e9 et J. Magunazelaia Argoitia est sorti., \u00c0 la 81e minute, A. Yoldi est entr\u00e9 et J. Gonzalez est sorti. <\/p>\n<p>Les \u00e9quipes se sont align\u00e9es comme suit:<\/p>\n<div class=\"lineups-container\">\n<style>\n                .lineups-container {\n                    display: flex;\n                    justify-content: space-around;\n                    flex-wrap: wrap;\n                }\n                .team-lineup {\n                    width: 49%;\n                    margin-bottom: 20px;\n                    border: 1px solid #ccc;\n                    padding: 5px;\n                }\n                .team-lineup h3 {\n                    text-align: center;\n                    margin-bottom: 10px;\n                }\n                .players-container {\n                    display: flex;\n                    justify-content: space-between;\n                }\n                .players-container div {\n                    width: 100%;\n                }\n                .player {\n                    display: flex;\n                    align-items: center;\n                    margin-bottom: 5px;\n                }\n                .player img {\n                    width: 30px;\n                    height: 30px;\n                    border-radius: 50%;\n                    margin-right: 10px;\n                }\n                    @media (max-width: 600px) {\n                    .team-lineup {\n                        width: 100%;\n                    }\n                }\n                <\/style>\n<div class=\"team-lineup\">\n<h3>Cordoba<\/h3>\n<p><img decoding=\"async\" src=\"https:\/\/media.api-sports.io\/football\/teams\/713.png\" alt=\"Cordoba\" style=\"width: 50px; height: 50px;\"><\/p>\n<div class=\"players-container\">\n<div>\n<h4>Titulares:<\/h4>\n<div class=\"player\"><a href=\"https:\/\/soccer.aidatasports.com\/fr\/players\/Ramon-Vila-162478\"><img decoding=\"async\" src=\"https:\/\/soccer.aidatasports.com\/images\/players\/162478.png\" alt=\"Ramon Vila\" onerror=\"this.onerror=null;this.src='https:\/\/soccer.aidatasports.com\/images\/players\/default-player.png';\"><span>Ramon Vila<\/span><\/a><\/div>\n<div class=\"player\"><a href=\"https:\/\/soccer.aidatasports.com\/fr\/players\/Carlos-Isaac-36\"><img decoding=\"async\" src=\"https:\/\/soccer.aidatasports.com\/images\/players\/36.png\" alt=\"Carlos Isaac\" onerror=\"this.onerror=null;this.src='https:\/\/soccer.aidatasports.com\/images\/players\/default-player.png';\"><span>Carlos Isaac<\/span><\/a><\/div>\n<div class=\"player\"><a href=\"https:\/\/soccer.aidatasports.com\/fr\/players\/Xavi-Sintes-162531\"><img decoding=\"async\" src=\"https:\/\/soccer.aidatasports.com\/images\/players\/162531.png\" alt=\"Xavi Sintes\" onerror=\"this.onerror=null;this.src='https:\/\/soccer.aidatasports.com\/images\/players\/default-player.png';\"><span>Xavi Sintes<\/span><\/a><\/div>\n<div class=\"player\"><a href=\"https:\/\/soccer.aidatasports.com\/fr\/players\/Rub\u00e9n-178941\"><img decoding=\"async\" src=\"https:\/\/soccer.aidatasports.com\/images\/players\/178941.png\" alt=\"Rub\u00e9n\" onerror=\"this.onerror=null;this.src='https:\/\/soccer.aidatasports.com\/images\/players\/default-player.png';\"><span>Rub\u00e9n<\/span><\/a><\/div>\n<div class=\"player\"><a href=\"https:\/\/soccer.aidatasports.com\/fr\/players\/Carlos-Albarr\u00e1n-122627\"><img decoding=\"async\" src=\"https:\/\/soccer.aidatasports.com\/images\/players\/122627.png\" alt=\"Carlos Albarr\u00e1n\" onerror=\"this.onerror=null;this.src='https:\/\/soccer.aidatasports.com\/images\/players\/default-player.png';\"><span>Carlos Albarr\u00e1n<\/span><\/a><\/div>\n<div class=\"player\"><a href=\"https:\/\/soccer.aidatasports.com\/fr\/players\/Th\u00e9o-Zidane-162547\"><img decoding=\"async\" src=\"https:\/\/soccer.aidatasports.com\/images\/players\/162547.png\" alt=\"Th\u00e9o Zidane\" onerror=\"this.onerror=null;this.src='https:\/\/soccer.aidatasports.com\/images\/players\/default-player.png';\"><span>Th\u00e9o Zidane<\/span><\/a><\/div>\n<div class=\"player\"><a href=\"https:\/\/soccer.aidatasports.com\/fr\/players\/Isma-Ruiz-182166\"><img decoding=\"async\" src=\"https:\/\/soccer.aidatasports.com\/images\/players\/182166.png\" alt=\"Isma Ruiz\" onerror=\"this.onerror=null;this.src='https:\/\/soccer.aidatasports.com\/images\/players\/default-player.png';\"><span>Isma Ruiz<\/span><\/a><\/div>\n<div class=\"player\"><a href=\"https:\/\/soccer.aidatasports.com\/fr\/players\/Cristian-Carracedo-181263\"><img decoding=\"async\" src=\"https:\/\/soccer.aidatasports.com\/images\/players\/181263.png\" alt=\"Cristian Carracedo\" onerror=\"this.onerror=null;this.src='https:\/\/soccer.aidatasports.com\/images\/players\/default-player.png';\"><span>Cristian Carracedo<\/span><\/a><\/div>\n<div class=\"player\"><a href=\"https:\/\/soccer.aidatasports.com\/fr\/players\/Jon-Magunazelaia-287652\"><img decoding=\"async\" src=\"https:\/\/soccer.aidatasports.com\/images\/players\/287652.png\" alt=\"Jon Magunazelaia\" onerror=\"this.onerror=null;this.src='https:\/\/soccer.aidatasports.com\/images\/players\/default-player.png';\"><span>Jon Magunazelaia<\/span><\/a><\/div>\n<div class=\"player\"><a href=\"https:\/\/soccer.aidatasports.com\/fr\/players\/Jacobo-Gonz\u00e1lez-182490\"><img decoding=\"async\" src=\"https:\/\/soccer.aidatasports.com\/images\/players\/182490.png\" alt=\"Jacobo Gonz\u00e1lez\" onerror=\"this.onerror=null;this.src='https:\/\/soccer.aidatasports.com\/images\/players\/default-player.png';\"><span>Jacobo Gonz\u00e1lez<\/span><\/a><\/div>\n<div class=\"player\"><a href=\"https:\/\/soccer.aidatasports.com\/fr\/players\/Nikolay-Obolskiy-43364\"><img decoding=\"async\" src=\"https:\/\/soccer.aidatasports.com\/images\/players\/43364.png\" alt=\"Nikolay Obolskiy\" onerror=\"this.onerror=null;this.src='https:\/\/soccer.aidatasports.com\/images\/players\/default-player.png';\"><span>Nikolay Obolskiy<\/span><\/a><\/div>\n<\/div>\n<div>\n<h4>Suplentes:<\/h4>\n<div class=\"player\"><a href=\"https:\/\/soccer.aidatasports.com\/fr\/players\/Carlos-Mar\u00edn-116438\"><img decoding=\"async\" src=\"https:\/\/soccer.aidatasports.com\/images\/players\/116438.png\" alt=\"Carlos Mar\u00edn\" onerror=\"this.onerror=null;this.src='https:\/\/soccer.aidatasports.com\/images\/players\/default-player.png';\"><span>Carlos Mar\u00edn<\/span><\/a><\/div>\n<div class=\"player\"><a href=\"https:\/\/soccer.aidatasports.com\/fr\/players\/Alejandro-Arevalo-486193\"><img decoding=\"async\" src=\"https:\/\/soccer.aidatasports.com\/images\/players\/486193.png\" alt=\"Alejandro Arevalo\" onerror=\"this.onerror=null;this.src='https:\/\/soccer.aidatasports.com\/images\/players\/default-player.png';\"><span>Alejandro Arevalo<\/span><\/a><\/div>\n<div class=\"player\"><a href=\"https:\/\/soccer.aidatasports.com\/fr\/players\/Marvel-336706\"><img decoding=\"async\" src=\"https:\/\/soccer.aidatasports.com\/images\/players\/336706.png\" alt=\"Marvel\" onerror=\"this.onerror=null;this.src='https:\/\/soccer.aidatasports.com\/images\/players\/default-player.png';\"><span>Marvel<\/span><\/a><\/div>\n<div class=\"player\"><a href=\"https:\/\/soccer.aidatasports.com\/fr\/players\/Gabriele-Corbo-30470\"><img decoding=\"async\" src=\"https:\/\/soccer.aidatasports.com\/images\/players\/30470.png\" alt=\"Gabriele Corbo\" onerror=\"this.onerror=null;this.src='https:\/\/soccer.aidatasports.com\/images\/players\/default-player.png';\"><span>Gabriele Corbo<\/span><\/a><\/div>\n<div class=\"player\"><a href=\"https:\/\/soccer.aidatasports.com\/fr\/players\/Jose-Calder\u00f3n-185599\"><img decoding=\"async\" src=\"https:\/\/soccer.aidatasports.com\/images\/players\/185599.png\" alt=\"Jose Calder\u00f3n\" onerror=\"this.onerror=null;this.src='https:\/\/soccer.aidatasports.com\/images\/players\/default-player.png';\"><span>Jose Calder\u00f3n<\/span><\/a><\/div>\n<div class=\"player\"><a href=\"https:\/\/soccer.aidatasports.com\/fr\/players\/Pedro-Ortiz-119235\"><img decoding=\"async\" src=\"https:\/\/soccer.aidatasports.com\/images\/players\/119235.png\" alt=\"Pedro Ortiz\" onerror=\"this.onerror=null;this.src='https:\/\/soccer.aidatasports.com\/images\/players\/default-player.png';\"><span>Pedro Ortiz<\/span><\/a><\/div>\n<div class=\"player\"><a href=\"https:\/\/soccer.aidatasports.com\/fr\/players\/Alberto-del-Moral-181474\"><img decoding=\"async\" src=\"https:\/\/soccer.aidatasports.com\/images\/players\/181474.png\" alt=\"Alberto del Moral\" onerror=\"this.onerror=null;this.src='https:\/\/soccer.aidatasports.com\/images\/players\/default-player.png';\"><span>Alberto del Moral<\/span><\/a><\/div>\n<div class=\"player\"><a href=\"https:\/\/soccer.aidatasports.com\/fr\/players\/Ander-Yoldi-186824\"><img decoding=\"async\" src=\"https:\/\/soccer.aidatasports.com\/images\/players\/186824.png\" alt=\"Ander Yoldi\" onerror=\"this.onerror=null;this.src='https:\/\/soccer.aidatasports.com\/images\/players\/default-player.png';\"><span>Ander Yoldi<\/span><\/a><\/div>\n<div class=\"player\"><a href=\"https:\/\/soccer.aidatasports.com\/fr\/players\/Genaro-163401\"><img decoding=\"async\" src=\"https:\/\/soccer.aidatasports.com\/images\/players\/163401.png\" alt=\"Genaro\" onerror=\"this.onerror=null;this.src='https:\/\/soccer.aidatasports.com\/images\/players\/default-player.png';\"><span>Genaro<\/span><\/a><\/div>\n<div class=\"player\"><a href=\"https:\/\/soccer.aidatasports.com\/fr\/players\/Antonio-Casas-185533\"><img decoding=\"async\" src=\"https:\/\/soccer.aidatasports.com\/images\/players\/185533.png\" alt=\"Antonio Casas\" onerror=\"this.onerror=null;this.src='https:\/\/soccer.aidatasports.com\/images\/players\/default-player.png';\"><span>Antonio Casas<\/span><\/a><\/div>\n<\/div>\n<\/div>\n<\/div>\n<div class=\"team-lineup\">\n<h3>Elche<\/h3>\n<p><img decoding=\"async\" src=\"https:\/\/media.api-sports.io\/football\/teams\/797.png\" alt=\"Elche\" style=\"width: 50px; height: 50px;\"><\/p>\n<div class=\"players-container\">\n<div>\n<h4>Titulares:<\/h4>\n<div class=\"player\"><a href=\"https:\/\/soccer.aidatasports.com\/fr\/players\/Mat\u00edas-Dituro-11346\"><img decoding=\"async\" src=\"https:\/\/soccer.aidatasports.com\/images\/players\/11346.png\" alt=\"Mat\u00edas Dituro\" onerror=\"this.onerror=null;this.src='https:\/\/soccer.aidatasports.com\/images\/players\/default-player.png';\"><span>Mat\u00edas Dituro<\/span><\/a><\/div>\n<div class=\"player\"><a href=\"https:\/\/soccer.aidatasports.com\/fr\/players\/Alvaro-N\u00fa\u00f1ez-182661\"><img decoding=\"async\" src=\"https:\/\/soccer.aidatasports.com\/images\/players\/182661.png\" alt=\"Alvaro N\u00fa\u00f1ez\" onerror=\"this.onerror=null;this.src='https:\/\/soccer.aidatasports.com\/images\/players\/default-player.png';\"><span>Alvaro N\u00fa\u00f1ez<\/span><\/a><\/div>\n<div class=\"player\"><a href=\"https:\/\/soccer.aidatasports.com\/fr\/players\/Bambo-Diaby-8746\"><img decoding=\"async\" src=\"https:\/\/soccer.aidatasports.com\/images\/players\/8746.png\" alt=\"Bambo Diaby\" onerror=\"this.onerror=null;this.src='https:\/\/soccer.aidatasports.com\/images\/players\/default-player.png';\"><span>Bambo Diaby<\/span><\/a><\/div>\n<div class=\"player\"><a href=\"https:\/\/soccer.aidatasports.com\/fr\/players\/Pedro-Bigas-47378\"><img decoding=\"async\" src=\"https:\/\/soccer.aidatasports.com\/images\/players\/47378.png\" alt=\"Pedro Bigas\" onerror=\"this.onerror=null;this.src='https:\/\/soccer.aidatasports.com\/images\/players\/default-player.png';\"><span>Pedro Bigas<\/span><\/a><\/div>\n<div class=\"player\"><a href=\"https:\/\/soccer.aidatasports.com\/fr\/players\/Jose-Salinas-184407\"><img decoding=\"async\" src=\"https:\/\/soccer.aidatasports.com\/images\/players\/184407.png\" alt=\"Jose Salinas\" onerror=\"this.onerror=null;this.src='https:\/\/soccer.aidatasports.com\/images\/players\/default-player.png';\"><span>Jose Salinas<\/span><\/a><\/div>\n<div class=\"player\"><a href=\"https:\/\/soccer.aidatasports.com\/fr\/players\/Peji\u00f1o-157194\"><img decoding=\"async\" src=\"https:\/\/soccer.aidatasports.com\/images\/players\/157194.png\" alt=\"Peji\u00f1o\" onerror=\"this.onerror=null;this.src='https:\/\/soccer.aidatasports.com\/images\/players\/default-player.png';\"><span>Peji\u00f1o<\/span><\/a><\/div>\n<div class=\"player\"><a href=\"https:\/\/soccer.aidatasports.com\/fr\/players\/Nicol\u00e1s-Fern\u00e1ndez-75414\"><img decoding=\"async\" src=\"https:\/\/soccer.aidatasports.com\/images\/players\/75414.png\" alt=\"Nicol\u00e1s Fern\u00e1ndez\" onerror=\"this.onerror=null;this.src='https:\/\/soccer.aidatasports.com\/images\/players\/default-player.png';\"><span>Nicol\u00e1s Fern\u00e1ndez<\/span><\/a><\/div>\n<div class=\"player\"><a href=\"https:\/\/soccer.aidatasports.com\/fr\/players\/Aleix-Febas-46711\"><img decoding=\"async\" src=\"https:\/\/soccer.aidatasports.com\/images\/players\/46711.png\" alt=\"Aleix Febas\" onerror=\"this.onerror=null;this.src='https:\/\/soccer.aidatasports.com\/images\/players\/default-player.png';\"><span>Aleix Febas<\/span><\/a><\/div>\n<div class=\"player\"><a href=\"https:\/\/soccer.aidatasports.com\/fr\/players\/Germ\u00e1n-Valera-161963\"><img decoding=\"async\" src=\"https:\/\/soccer.aidatasports.com\/images\/players\/161963.png\" alt=\"Germ\u00e1n Valera\" onerror=\"this.onerror=null;this.src='https:\/\/soccer.aidatasports.com\/images\/players\/default-player.png';\"><span>Germ\u00e1n Valera<\/span><\/a><\/div>\n<div class=\"player\"><a href=\"https:\/\/soccer.aidatasports.com\/fr\/players\/Nicol\u00e1s-Castro-153372\"><img decoding=\"async\" src=\"https:\/\/soccer.aidatasports.com\/images\/players\/153372.png\" alt=\"Nicol\u00e1s Castro\" onerror=\"this.onerror=null;this.src='https:\/\/soccer.aidatasports.com\/images\/players\/default-player.png';\"><span>Nicol\u00e1s Castro<\/span><\/a><\/div>\n<div class=\"player\"><a href=\"https:\/\/soccer.aidatasports.com\/fr\/players\/\u00d3scar-Plano-47496\"><img decoding=\"async\" src=\"https:\/\/soccer.aidatasports.com\/images\/players\/47496.png\" alt=\"\u00d3scar Plano\" onerror=\"this.onerror=null;this.src='https:\/\/soccer.aidatasports.com\/images\/players\/default-player.png';\"><span>\u00d3scar Plano<\/span><\/a><\/div>\n<\/div>\n<div>\n<h4>Suplentes:<\/h4>\n<div class=\"player\"><a href=\"https:\/\/soccer.aidatasports.com\/fr\/players\/Josan-46973\"><img decoding=\"async\" src=\"https:\/\/soccer.aidatasports.com\/images\/players\/46973.png\" alt=\"Josan\" onerror=\"this.onerror=null;this.src='https:\/\/soccer.aidatasports.com\/images\/players\/default-player.png';\"><span>Josan<\/span><\/a><\/div>\n<div class=\"player\"><a href=\"https:\/\/soccer.aidatasports.com\/fr\/players\/Marc-Aguado-187318\"><img decoding=\"async\" src=\"https:\/\/soccer.aidatasports.com\/images\/players\/187318.png\" alt=\"Marc Aguado\" onerror=\"this.onerror=null;this.src='https:\/\/soccer.aidatasports.com\/images\/players\/default-player.png';\"><span>Marc Aguado<\/span><\/a><\/div>\n<div class=\"player\"><a href=\"https:\/\/soccer.aidatasports.com\/fr\/players\/Miguel-San-Rom\u00e1n-131551\"><img decoding=\"async\" src=\"https:\/\/soccer.aidatasports.com\/images\/players\/131551.png\" alt=\"Miguel San Rom\u00e1n\" onerror=\"this.onerror=null;this.src='https:\/\/soccer.aidatasports.com\/images\/players\/default-player.png';\"><span>Miguel San Rom\u00e1n<\/span><\/a><\/div>\n<div class=\"player\"><a href=\"https:\/\/soccer.aidatasports.com\/fr\/players\/John-Nwankwo-189866\"><img decoding=\"async\" src=\"https:\/\/soccer.aidatasports.com\/images\/players\/189866.png\" alt=\"John Nwankwo\" onerror=\"this.onerror=null;this.src='https:\/\/soccer.aidatasports.com\/images\/players\/default-player.png';\"><span>John Nwankwo<\/span><\/a><\/div>\n<div class=\"player\"><a href=\"https:\/\/soccer.aidatasports.com\/fr\/players\/David-Affengruber-126640\"><img decoding=\"async\" src=\"https:\/\/soccer.aidatasports.com\/images\/players\/126640.png\" alt=\"David Affengruber\" onerror=\"this.onerror=null;this.src='https:\/\/soccer.aidatasports.com\/images\/players\/default-player.png';\"><span>David Affengruber<\/span><\/a><\/div>\n<div class=\"player\"><a href=\"https:\/\/soccer.aidatasports.com\/fr\/players\/Mario-Gaspar-1691\"><img decoding=\"async\" src=\"https:\/\/soccer.aidatasports.com\/images\/players\/1691.png\" alt=\"Mario Gaspar\" onerror=\"this.onerror=null;this.src='https:\/\/soccer.aidatasports.com\/images\/players\/default-player.png';\"><span>Mario Gaspar<\/span><\/a><\/div>\n<div class=\"player\"><a href=\"https:\/\/soccer.aidatasports.com\/fr\/players\/Jairo-Izquierdo-46771\"><img decoding=\"async\" src=\"https:\/\/soccer.aidatasports.com\/images\/players\/46771.png\" alt=\"Jairo Izquierdo\" onerror=\"this.onerror=null;this.src='https:\/\/soccer.aidatasports.com\/images\/players\/default-player.png';\"><span>Jairo Izquierdo<\/span><\/a><\/div>\n<div class=\"player\"><a href=\"https:\/\/soccer.aidatasports.com\/fr\/players\/Gerard-Hern\u00e1ndez-361347\"><img decoding=\"async\" src=\"https:\/\/soccer.aidatasports.com\/images\/players\/361347.png\" alt=\"Gerard Hern\u00e1ndez\" onerror=\"this.onerror=null;this.src='https:\/\/soccer.aidatasports.com\/images\/players\/default-player.png';\"><span>Gerard Hern\u00e1ndez<\/span><\/a><\/div>\n<div class=\"player\"><a href=\"https:\/\/soccer.aidatasports.com\/fr\/players\/Rodrigo-Mendoza-341371\"><img decoding=\"async\" src=\"https:\/\/soccer.aidatasports.com\/images\/players\/341371.png\" alt=\"Rodrigo Mendoza\" onerror=\"this.onerror=null;this.src='https:\/\/soccer.aidatasports.com\/images\/players\/default-player.png';\"><span>Rodrigo Mendoza<\/span><\/a><\/div>\n<div class=\"player\"><a href=\"https:\/\/soccer.aidatasports.com\/fr\/players\/Elbasan-Rashani-39095\"><img decoding=\"async\" src=\"https:\/\/soccer.aidatasports.com\/images\/players\/39095.png\" alt=\"Elbasan Rashani\" onerror=\"this.onerror=null;this.src='https:\/\/soccer.aidatasports.com\/images\/players\/default-player.png';\"><span>Elbasan Rashani<\/span><\/a><\/div>\n<div class=\"player\"><a href=\"https:\/\/soccer.aidatasports.com\/fr\/players\/Agust\u00edn-\u00c1lvarez-278190\"><img decoding=\"async\" src=\"https:\/\/soccer.aidatasports.com\/images\/players\/278190.png\" alt=\"Agust\u00edn \u00c1lvarez\" onerror=\"this.onerror=null;this.src='https:\/\/soccer.aidatasports.com\/images\/players\/default-player.png';\"><span>Agust\u00edn \u00c1lvarez<\/span><\/a><\/div>\n<div class=\"player\"><a href=\"https:\/\/soccer.aidatasports.com\/fr\/players\/Mourad-El-Ghezouani-119223\"><img decoding=\"async\" src=\"https:\/\/soccer.aidatasports.com\/images\/players\/119223.png\" alt=\"Mourad El Ghezouani\" onerror=\"this.onerror=null;this.src='https:\/\/soccer.aidatasports.com\/images\/players\/default-player.png';\"><span>Mourad El Ghezouani<\/span><\/a><\/div>\n<\/div>\n<\/div>\n<\/div>\n<\/div>\n<div id=\"wg-api-football-game\"\n                    data-host=\"xxxxx\"\n                    data-key=\"xxxx\"\n                    data-id=\"1217855\"\n                    data-theme=\"\"\n                    data-refresh=\"15\"\n                    data-show-errors=\"false\"\n                    data-show-logos=\"true\"><br \/>\n                    class=\u00a0\u00bbwg_loader\u00a0\u00bb>\n                <\/div>\n<div id=\"wg-api-football-standings\"\n                    data-host=\"xxxx\"\n                    data-key=\"ddddd\"\n                    data-league=\"141\"\n                    data-team=\"\"\n                    data-season=\"2024\"\n                    data-theme=\"\"\n                    data-show-errors=\"false\"\n                    data-show-logos=\"true\"\n                    class=\"wg_loader\">\n                <\/div>\n<p>                <script\n                    type=\"module\"\n                    src=\"https:\/\/soccer.aidatasports.com\/wp-content\/customjs\/widgetslocal.js\">\n                <\/script><\/p>\n","protected":false},"excerpt":{"rendered":"<p>Franc\u00e9s C\u00f3rdoba et Elche ont disput\u00e9 une rencontre palpitante au Estadio Nuevo Arc\u00e1ngel, correspondant \u00e0&hellip;<\/p>\n","protected":false},"author":1,"featured_media":92065,"comment_status":"open","ping_status":"open","sticky":false,"template":"","format":"standard","meta":{"content-type":"","pmpro_default_level":"","_lmt_disableupdate":"","_lmt_disable":"","_league":15837,"_fixture":1217855,"penci_pfeatured_image_ratio":"","penci_single_style":"","footnotes":""},"categories":[15837],"tags":[799,873],"class_list":["post-92066","post","type-post","status-publish","format-standard","has-post-thumbnail","hentry","category-matches","tag-cordoba-spain-713","tag-elche-spain-797","pmpro-has-access"],"_links":{"self":[{"href":"https:\/\/soccer.aidatasports.com\/fr\/wp-json\/wp\/v2\/posts\/92066"}],"collection":[{"href":"https:\/\/soccer.aidatasports.com\/fr\/wp-json\/wp\/v2\/posts"}],"about":[{"href":"https:\/\/soccer.aidatasports.com\/fr\/wp-json\/wp\/v2\/types\/post"}],"author":[{"embeddable":true,"href":"https:\/\/soccer.aidatasports.com\/fr\/wp-json\/wp\/v2\/users\/1"}],"replies":[{"embeddable":true,"href":"https:\/\/soccer.aidatasports.com\/fr\/wp-json\/wp\/v2\/comments?post=92066"}],"version-history":[{"count":0,"href":"https:\/\/soccer.aidatasports.com\/fr\/wp-json\/wp\/v2\/posts\/92066\/revisions"}],"wp:featuredmedia":[{"embeddable":true,"href":"https:\/\/soccer.aidatasports.com\/fr\/wp-json\/wp\/v2\/media\/92065"}],"wp:attachment":[{"href":"https:\/\/soccer.aidatasports.com\/fr\/wp-json\/wp\/v2\/media?parent=92066"}],"wp:term":[{"taxonomy":"category","embeddable":true,"href":"https:\/\/soccer.aidatasports.com\/fr\/wp-json\/wp\/v2\/categories?post=92066"},{"taxonomy":"post_tag","embeddable":true,"href":"https:\/\/soccer.aidatasports.com\/fr\/wp-json\/wp\/v2\/tags?post=92066"}],"curies":[{"name":"wp","href":"https:\/\/api.w.org\/{rel}","templated":true}]}}