{"id":91740,"date":"2025-03-29T16:10:35","date_gmt":"2025-03-29T16:10:35","guid":{"rendered":"https:\/\/soccer.aidatasports.com\/fr\/uncategorized\/penafiel-vs-maritimo-mar-29-2025-1400-utc\/"},"modified":"2025-03-29T16:10:36","modified_gmt":"2025-03-29T16:10:36","slug":"penafiel-vs-maritimo-mar-29-2025-1400-utc","status":"publish","type":"post","link":"https:\/\/soccer.aidatasports.com\/fr\/matches\/penafiel-vs-maritimo-mar-29-2025-1400-utc\/","title":{"rendered":"Penafiel vs Maritimo Mar 29 2025 14:00 UTC"},"content":{"rendered":"<p><strong>French<\/strong><\/p>\n<p><strong>Mar\u00edtimo s&rsquo;impose face \u00e0 Penafiel dans un match tendu<\/strong><\/p>\n<p>Le Mar\u00edtimo a remport\u00e9 la victoire lors d&rsquo;une rencontre disput\u00e9e au Est\u00e1dio Municipal 25 de Abril de Penafiel, face \u00e0 une \u00e9quipe de Penafiel qui a oppos\u00e9 une forte r\u00e9sistance. Le match, comptant pour la 27\u00e8me journ\u00e9e de la Segunda Liga portugaise, s&rsquo;est termin\u00e9 sur un score serr\u00e9 de 1-0 pour les visiteurs.<\/p>\n<p>A. Guedes a marqu\u00e9 l&rsquo;unique but du match sur penalty \u00e0 la 28\u00e8me minute. La rencontre a \u00e9t\u00e9 marqu\u00e9e par la tension, avec un total de six cartons jaunes distribu\u00e9s aux deux \u00e9quipes. Le Mar\u00edtimo a accumul\u00e9 quatre avertissements, tandis que Penafiel en a re\u00e7u deux.  Malgr\u00e9 une \u00e9galit\u00e9 apparente en termes de possession et de tirs cadr\u00e9s (donn\u00e9es non disponibles), le Mar\u00edtimo a su saisir sa chance pour remporter les trois points. L&rsquo;arbitrage \u00e9tait assur\u00e9 par Vitor Ferreira.<\/p>\n<p>Remplacements dans l&rsquo;quipe de penafiel: \u00c0 la 46e minute, P. Vieira est entr\u00e9 et D. Batista est sorti., \u00c0 la 62e minute, H. Suker est entr\u00e9 et Reko est sorti., \u00c0 la 73e minute, Ewerton est entr\u00e9 et T. Rodrigues est sorti., \u00c0 la 79e minute, J. Leal est entr\u00e9 et S. Olamilekan Fatai est sorti. <\/p>\n<p>Remplacements dans l&rsquo;quipe de maritimo: \u00c0 la 50e minute, Fabio China est entr\u00e9 et Igor Juliao est sorti., \u00c0 la 66e minute, F. Franca est entr\u00e9 et Michel Costa est sorti., \u00c0 la 74e minute, R. Correia est entr\u00e9 et Ibrahima est sorti., \u00c0 la 74e minute, D. Benchi est entr\u00e9 et F. Blanco est sorti. <\/p>\n<p>Les \u00e9quipes se sont align\u00e9es comme suit:<\/p>\n<div class=\"lineups-container\">\n<style>\n                .lineups-container {\n                    display: flex;\n                    justify-content: space-around;\n                    flex-wrap: wrap;\n                }\n                .team-lineup {\n                    width: 49%;\n                    margin-bottom: 20px;\n                    border: 1px solid #ccc;\n                    padding: 5px;\n                }\n                .team-lineup h3 {\n                    text-align: center;\n                    margin-bottom: 10px;\n                }\n                .players-container {\n                    display: flex;\n                    justify-content: space-between;\n                }\n                .players-container div {\n                    width: 100%;\n                }\n                .player {\n                    display: flex;\n                    align-items: center;\n                    margin-bottom: 5px;\n                }\n                .player img {\n                    width: 30px;\n                    height: 30px;\n                    border-radius: 50%;\n                    margin-right: 10px;\n                }\n                    @media (max-width: 600px) {\n                    .team-lineup {\n                        width: 100%;\n                    }\n                }\n                <\/style>\n<div class=\"team-lineup\">\n<h3>Penafiel<\/h3>\n<p><img decoding=\"async\" src=\"https:\/\/media.api-sports.io\/football\/teams\/235.png\" alt=\"Penafiel\" style=\"width: 50px; height: 50px;\"><\/p>\n<div class=\"players-container\">\n<div>\n<h4>Titulares:<\/h4>\n<div class=\"player\"><a href=\"https:\/\/soccer.aidatasports.com\/fr\/players\/Miguel-Oliveira-41142\"><img decoding=\"async\" src=\"https:\/\/soccer.aidatasports.com\/images\/players\/41142.png\" alt=\"Miguel Oliveira\" onerror=\"this.onerror=null;this.src='https:\/\/soccer.aidatasports.com\/images\/players\/default-player.png';\"><span>Miguel Oliveira<\/span><\/a><\/div>\n<div class=\"player\"><a href=\"https:\/\/soccer.aidatasports.com\/fr\/players\/Maga-41995\"><img decoding=\"async\" src=\"https:\/\/soccer.aidatasports.com\/images\/players\/41995.png\" alt=\"Maga\" onerror=\"this.onerror=null;this.src='https:\/\/soccer.aidatasports.com\/images\/players\/default-player.png';\"><span>Maga<\/span><\/a><\/div>\n<div class=\"player\"><a href=\"https:\/\/soccer.aidatasports.com\/fr\/players\/Jo\u00e3o-Miguel-125352\"><img decoding=\"async\" src=\"https:\/\/soccer.aidatasports.com\/images\/players\/125352.png\" alt=\"Jo\u00e3o Miguel\" onerror=\"this.onerror=null;this.src='https:\/\/soccer.aidatasports.com\/images\/players\/default-player.png';\"><span>Jo\u00e3o Miguel<\/span><\/a><\/div>\n<div class=\"player\"><a href=\"https:\/\/soccer.aidatasports.com\/fr\/players\/Gustavo-Fernandes-351042\"><img decoding=\"async\" src=\"https:\/\/soccer.aidatasports.com\/images\/players\/351042.png\" alt=\"Gustavo Fernandes\" onerror=\"this.onerror=null;this.src='https:\/\/soccer.aidatasports.com\/images\/players\/default-player.png';\"><span>Gustavo Fernandes<\/span><\/a><\/div>\n<div class=\"player\"><a href=\"https:\/\/soccer.aidatasports.com\/fr\/players\/Jo\u00e3o-Silva-142507\"><img decoding=\"async\" src=\"https:\/\/soccer.aidatasports.com\/images\/players\/142507.png\" alt=\"Jo\u00e3o Silva\" onerror=\"this.onerror=null;this.src='https:\/\/soccer.aidatasports.com\/images\/players\/default-player.png';\"><span>Jo\u00e3o Silva<\/span><\/a><\/div>\n<div class=\"player\"><a href=\"https:\/\/soccer.aidatasports.com\/fr\/players\/Reko-41646\"><img decoding=\"async\" src=\"https:\/\/soccer.aidatasports.com\/images\/players\/41646.png\" alt=\"Reko\" onerror=\"this.onerror=null;this.src='https:\/\/soccer.aidatasports.com\/images\/players\/default-player.png';\"><span>Reko<\/span><\/a><\/div>\n<div class=\"player\"><a href=\"https:\/\/soccer.aidatasports.com\/fr\/players\/Diogo-Batista-277194\"><img decoding=\"async\" src=\"https:\/\/soccer.aidatasports.com\/images\/players\/277194.png\" alt=\"Diogo Batista\" onerror=\"this.onerror=null;this.src='https:\/\/soccer.aidatasports.com\/images\/players\/default-player.png';\"><span>Diogo Batista<\/span><\/a><\/div>\n<div class=\"player\"><a href=\"https:\/\/soccer.aidatasports.com\/fr\/players\/Tiago-Rodrigues-11006\"><img decoding=\"async\" src=\"https:\/\/soccer.aidatasports.com\/images\/players\/11006.png\" alt=\"Tiago Rodrigues\" onerror=\"this.onerror=null;this.src='https:\/\/soccer.aidatasports.com\/images\/players\/default-player.png';\"><span>Tiago Rodrigues<\/span><\/a><\/div>\n<div class=\"player\"><a href=\"https:\/\/soccer.aidatasports.com\/fr\/players\/Andre-Silva-331960\"><img decoding=\"async\" src=\"https:\/\/soccer.aidatasports.com\/images\/players\/331960.png\" alt=\"Andre Silva\" onerror=\"this.onerror=null;this.src='https:\/\/soccer.aidatasports.com\/images\/players\/default-player.png';\"><span>Andre Silva<\/span><\/a><\/div>\n<div class=\"player\"><a href=\"https:\/\/soccer.aidatasports.com\/fr\/players\/Sodiq-Fatai-41534\"><img decoding=\"async\" src=\"https:\/\/soccer.aidatasports.com\/images\/players\/41534.png\" alt=\"Sodiq Fatai\" onerror=\"this.onerror=null;this.src='https:\/\/soccer.aidatasports.com\/images\/players\/default-player.png';\"><span>Sodiq Fatai<\/span><\/a><\/div>\n<div class=\"player\"><a href=\"https:\/\/soccer.aidatasports.com\/fr\/players\/Robinho-41257\"><img decoding=\"async\" src=\"https:\/\/soccer.aidatasports.com\/images\/players\/41257.png\" alt=\"Robinho\" onerror=\"this.onerror=null;this.src='https:\/\/soccer.aidatasports.com\/images\/players\/default-player.png';\"><span>Robinho<\/span><\/a><\/div>\n<\/div>\n<div>\n<h4>Suplentes:<\/h4>\n<div class=\"player\"><a href=\"https:\/\/soccer.aidatasports.com\/fr\/players\/Pedro-Vieira-322936\"><img decoding=\"async\" src=\"https:\/\/soccer.aidatasports.com\/images\/players\/322936.png\" alt=\"Pedro Vieira\" onerror=\"this.onerror=null;this.src='https:\/\/soccer.aidatasports.com\/images\/players\/default-player.png';\"><span>Pedro Vieira<\/span><\/a><\/div>\n<div class=\"player\"><a href=\"https:\/\/soccer.aidatasports.com\/fr\/players\/Helder-Suker-384082\"><img decoding=\"async\" src=\"https:\/\/soccer.aidatasports.com\/images\/players\/384082.png\" alt=\"Helder Suker\" onerror=\"this.onerror=null;this.src='https:\/\/soccer.aidatasports.com\/images\/players\/default-player.png';\"><span>Helder Suker<\/span><\/a><\/div>\n<div class=\"player\"><a href=\"https:\/\/soccer.aidatasports.com\/fr\/players\/Ewerton-33107\"><img decoding=\"async\" src=\"https:\/\/soccer.aidatasports.com\/images\/players\/33107.png\" alt=\"Ewerton\" onerror=\"this.onerror=null;this.src='https:\/\/soccer.aidatasports.com\/images\/players\/default-player.png';\"><span>Ewerton<\/span><\/a><\/div>\n<div class=\"player\"><a href=\"https:\/\/soccer.aidatasports.com\/fr\/players\/Filipe-Ferreira-41959\"><img decoding=\"async\" src=\"https:\/\/soccer.aidatasports.com\/images\/players\/41959.png\" alt=\"Filipe Ferreira\" onerror=\"this.onerror=null;this.src='https:\/\/soccer.aidatasports.com\/images\/players\/default-player.png';\"><span>Filipe Ferreira<\/span><\/a><\/div>\n<div class=\"player\"><a href=\"https:\/\/soccer.aidatasports.com\/fr\/players\/Diogo-Brito-279107\"><img decoding=\"async\" src=\"https:\/\/soccer.aidatasports.com\/images\/players\/279107.png\" alt=\"Diogo Brito\" onerror=\"this.onerror=null;this.src='https:\/\/soccer.aidatasports.com\/images\/players\/default-player.png';\"><span>Diogo Brito<\/span><\/a><\/div>\n<div class=\"player\"><a href=\"https:\/\/soccer.aidatasports.com\/fr\/players\/Bruno-Pereira-119525\"><img decoding=\"async\" src=\"https:\/\/soccer.aidatasports.com\/images\/players\/119525.png\" alt=\"Bruno Pereira\" onerror=\"this.onerror=null;this.src='https:\/\/soccer.aidatasports.com\/images\/players\/default-player.png';\"><span>Bruno Pereira<\/span><\/a><\/div>\n<div class=\"player\"><a href=\"https:\/\/soccer.aidatasports.com\/fr\/players\/Goncalo-Negrao-427077\"><img decoding=\"async\" src=\"https:\/\/soccer.aidatasports.com\/images\/players\/427077.png\" alt=\"Goncalo Negrao\" onerror=\"this.onerror=null;this.src='https:\/\/soccer.aidatasports.com\/images\/players\/default-player.png';\"><span>Goncalo Negrao<\/span><\/a><\/div>\n<div class=\"player\"><a href=\"https:\/\/soccer.aidatasports.com\/fr\/players\/Jota-Silva-332048\"><img decoding=\"async\" src=\"https:\/\/soccer.aidatasports.com\/images\/players\/332048.png\" alt=\"Jota Silva\" onerror=\"this.onerror=null;this.src='https:\/\/soccer.aidatasports.com\/images\/players\/default-player.png';\"><span>Jota Silva<\/span><\/a><\/div>\n<div class=\"player\"><a href=\"https:\/\/soccer.aidatasports.com\/fr\/players\/Joao-Leal-481214\"><img decoding=\"async\" src=\"https:\/\/soccer.aidatasports.com\/images\/players\/481214.png\" alt=\"Joao Leal\" onerror=\"this.onerror=null;this.src='https:\/\/soccer.aidatasports.com\/images\/players\/default-player.png';\"><span>Joao Leal<\/span><\/a><\/div>\n<\/div>\n<\/div>\n<\/div>\n<div class=\"team-lineup\">\n<h3>Maritimo<\/h3>\n<p><img decoding=\"async\" src=\"https:\/\/media.api-sports.io\/football\/teams\/214.png\" alt=\"Maritimo\" style=\"width: 50px; height: 50px;\"><\/p>\n<div class=\"players-container\">\n<div>\n<h4>Titulares:<\/h4>\n<div class=\"player\"><a href=\"https:\/\/soccer.aidatasports.com\/fr\/players\/Gon\u00e7alo-Tabua\u00e7o-323798\"><img decoding=\"async\" src=\"https:\/\/soccer.aidatasports.com\/images\/players\/323798.png\" alt=\"Gon\u00e7alo Tabua\u00e7o\" onerror=\"this.onerror=null;this.src='https:\/\/soccer.aidatasports.com\/images\/players\/default-player.png';\"><span>Gon\u00e7alo Tabua\u00e7o<\/span><\/a><\/div>\n<div class=\"player\"><a href=\"https:\/\/soccer.aidatasports.com\/fr\/players\/Igor-Juli\u00e3o-10300\"><img decoding=\"async\" src=\"https:\/\/soccer.aidatasports.com\/images\/players\/10300.png\" alt=\"Igor Juli\u00e3o\" onerror=\"this.onerror=null;this.src='https:\/\/soccer.aidatasports.com\/images\/players\/default-player.png';\"><span>Igor Juli\u00e3o<\/span><\/a><\/div>\n<div class=\"player\"><a href=\"https:\/\/soccer.aidatasports.com\/fr\/players\/Erivaldo-Almeida-266387\"><img decoding=\"async\" src=\"https:\/\/soccer.aidatasports.com\/images\/players\/266387.png\" alt=\"Erivaldo Almeida\" onerror=\"this.onerror=null;this.src='https:\/\/soccer.aidatasports.com\/images\/players\/default-player.png';\"><span>Erivaldo Almeida<\/span><\/a><\/div>\n<div class=\"player\"><a href=\"https:\/\/soccer.aidatasports.com\/fr\/players\/Noah-Madsen-279450\"><img decoding=\"async\" src=\"https:\/\/soccer.aidatasports.com\/images\/players\/279450.png\" alt=\"Noah Madsen\" onerror=\"this.onerror=null;this.src='https:\/\/soccer.aidatasports.com\/images\/players\/default-player.png';\"><span>Noah Madsen<\/span><\/a><\/div>\n<div class=\"player\"><a href=\"https:\/\/soccer.aidatasports.com\/fr\/players\/Tom\u00e1s-Domingos-277196\"><img decoding=\"async\" src=\"https:\/\/soccer.aidatasports.com\/images\/players\/277196.png\" alt=\"Tom\u00e1s Domingos\" onerror=\"this.onerror=null;this.src='https:\/\/soccer.aidatasports.com\/images\/players\/default-player.png';\"><span>Tom\u00e1s Domingos<\/span><\/a><\/div>\n<div class=\"player\"><a href=\"https:\/\/soccer.aidatasports.com\/fr\/players\/Vladan-Danilovi\u0107-76933\"><img decoding=\"async\" src=\"https:\/\/soccer.aidatasports.com\/images\/players\/76933.png\" alt=\"Vladan Danilovi\u0107\" onerror=\"this.onerror=null;this.src='https:\/\/soccer.aidatasports.com\/images\/players\/default-player.png';\"><span>Vladan Danilovi\u0107<\/span><\/a><\/div>\n<div class=\"player\"><a href=\"https:\/\/soccer.aidatasports.com\/fr\/players\/Ibrahima-Guirassy-141764\"><img decoding=\"async\" src=\"https:\/\/soccer.aidatasports.com\/images\/players\/141764.png\" alt=\"Ibrahima Guirassy\" onerror=\"this.onerror=null;this.src='https:\/\/soccer.aidatasports.com\/images\/players\/default-player.png';\"><span>Ibrahima Guirassy<\/span><\/a><\/div>\n<div class=\"player\"><a href=\"https:\/\/soccer.aidatasports.com\/fr\/players\/Michel-Costa-197321\"><img decoding=\"async\" src=\"https:\/\/soccer.aidatasports.com\/images\/players\/197321.png\" alt=\"Michel Costa\" onerror=\"this.onerror=null;this.src='https:\/\/soccer.aidatasports.com\/images\/players\/default-player.png';\"><span>Michel Costa<\/span><\/a><\/div>\n<div class=\"player\"><a href=\"https:\/\/soccer.aidatasports.com\/fr\/players\/Patrick-Fernandes-41452\"><img decoding=\"async\" src=\"https:\/\/soccer.aidatasports.com\/images\/players\/41452.png\" alt=\"Patrick Fernandes\" onerror=\"this.onerror=null;this.src='https:\/\/soccer.aidatasports.com\/images\/players\/default-player.png';\"><span>Patrick Fernandes<\/span><\/a><\/div>\n<div class=\"player\"><a href=\"https:\/\/soccer.aidatasports.com\/fr\/players\/Fabio-Blanco-319841\"><img decoding=\"async\" src=\"https:\/\/soccer.aidatasports.com\/images\/players\/319841.png\" alt=\"Fabio Blanco\" onerror=\"this.onerror=null;this.src='https:\/\/soccer.aidatasports.com\/images\/players\/default-player.png';\"><span>Fabio Blanco<\/span><\/a><\/div>\n<div class=\"player\"><a href=\"https:\/\/soccer.aidatasports.com\/fr\/players\/Alexandre-Guedes-41165\"><img decoding=\"async\" src=\"https:\/\/soccer.aidatasports.com\/images\/players\/41165.png\" alt=\"Alexandre Guedes\" onerror=\"this.onerror=null;this.src='https:\/\/soccer.aidatasports.com\/images\/players\/default-player.png';\"><span>Alexandre Guedes<\/span><\/a><\/div>\n<\/div>\n<div>\n<h4>Suplentes:<\/h4>\n<div class=\"player\"><a href=\"https:\/\/soccer.aidatasports.com\/fr\/players\/F\u00e1bio-China-41262\"><img decoding=\"async\" src=\"https:\/\/soccer.aidatasports.com\/images\/players\/41262.png\" alt=\"F\u00e1bio China\" onerror=\"this.onerror=null;this.src='https:\/\/soccer.aidatasports.com\/images\/players\/default-player.png';\"><span>F\u00e1bio China<\/span><\/a><\/div>\n<div class=\"player\"><a href=\"https:\/\/soccer.aidatasports.com\/fr\/players\/Francisco-Fran\u00e7a-323947\"><img decoding=\"async\" src=\"https:\/\/soccer.aidatasports.com\/images\/players\/323947.png\" alt=\"Francisco Fran\u00e7a\" onerror=\"this.onerror=null;this.src='https:\/\/soccer.aidatasports.com\/images\/players\/default-player.png';\"><span>Francisco Fran\u00e7a<\/span><\/a><\/div>\n<div class=\"player\"><a href=\"https:\/\/soccer.aidatasports.com\/fr\/players\/Romain-Correia-42002\"><img decoding=\"async\" src=\"https:\/\/soccer.aidatasports.com\/images\/players\/42002.png\" alt=\"Romain Correia\" onerror=\"this.onerror=null;this.src='https:\/\/soccer.aidatasports.com\/images\/players\/default-player.png';\"><span>Romain Correia<\/span><\/a><\/div>\n<div class=\"player\"><a href=\"https:\/\/soccer.aidatasports.com\/fr\/players\/Dani-Benchi-367849\"><img decoding=\"async\" src=\"https:\/\/soccer.aidatasports.com\/images\/players\/367849.png\" alt=\"Dani Benchi\" onerror=\"this.onerror=null;this.src='https:\/\/soccer.aidatasports.com\/images\/players\/default-player.png';\"><span>Dani Benchi<\/span><\/a><\/div>\n<div class=\"player\"><a href=\"https:\/\/soccer.aidatasports.com\/fr\/players\/Samuel-Silva-130245\"><img decoding=\"async\" src=\"https:\/\/soccer.aidatasports.com\/images\/players\/130245.png\" alt=\"Samuel Silva\" onerror=\"this.onerror=null;this.src='https:\/\/soccer.aidatasports.com\/images\/players\/default-player.png';\"><span>Samuel Silva<\/span><\/a><\/div>\n<div class=\"player\"><a href=\"https:\/\/soccer.aidatasports.com\/fr\/players\/Pedro-Silva-330422\"><img decoding=\"async\" src=\"https:\/\/soccer.aidatasports.com\/images\/players\/330422.png\" alt=\"Pedro Silva\" onerror=\"this.onerror=null;this.src='https:\/\/soccer.aidatasports.com\/images\/players\/default-player.png';\"><span>Pedro Silva<\/span><\/a><\/div>\n<div class=\"player\"><a href=\"https:\/\/soccer.aidatasports.com\/fr\/players\/Carlos-Daniel-104444\"><img decoding=\"async\" src=\"https:\/\/soccer.aidatasports.com\/images\/players\/104444.png\" alt=\"Carlos Daniel\" onerror=\"this.onerror=null;this.src='https:\/\/soccer.aidatasports.com\/images\/players\/default-player.png';\"><span>Carlos Daniel<\/span><\/a><\/div>\n<div class=\"player\"><a href=\"https:\/\/soccer.aidatasports.com\/fr\/players\/Enrique-Pe\u00f1a-Zauner-113585\"><img decoding=\"async\" src=\"https:\/\/soccer.aidatasports.com\/images\/players\/113585.png\" alt=\"Enrique Pe\u00f1a Zauner\" onerror=\"this.onerror=null;this.src='https:\/\/soccer.aidatasports.com\/images\/players\/default-player.png';\"><span>Enrique Pe\u00f1a Zauner<\/span><\/a><\/div>\n<div class=\"player\"><a href=\"https:\/\/soccer.aidatasports.com\/fr\/players\/Martim-Tavares-329553\"><img decoding=\"async\" src=\"https:\/\/soccer.aidatasports.com\/images\/players\/329553.png\" alt=\"Martim Tavares\" onerror=\"this.onerror=null;this.src='https:\/\/soccer.aidatasports.com\/images\/players\/default-player.png';\"><span>Martim Tavares<\/span><\/a><\/div>\n<\/div>\n<\/div>\n<\/div>\n<\/div>\n<div id=\"wg-api-football-game\"\n                    data-host=\"xxxxx\"\n                    data-key=\"xxxx\"\n                    data-id=\"1231660\"\n                    data-theme=\"\"\n                    data-refresh=\"15\"\n                    data-show-errors=\"false\"\n                    data-show-logos=\"true\"><br \/>\n                    class=\u00a0\u00bbwg_loader\u00a0\u00bb>\n                <\/div>\n<div id=\"wg-api-football-standings\"\n                    data-host=\"xxxx\"\n                    data-key=\"ddddd\"\n                    data-league=\"95\"\n                    data-team=\"\"\n                    data-season=\"2024\"\n                    data-theme=\"\"\n                    data-show-errors=\"false\"\n                    data-show-logos=\"true\"\n                    class=\"wg_loader\">\n                <\/div>\n<p>                <script\n                    type=\"module\"\n                    src=\"https:\/\/soccer.aidatasports.com\/wp-content\/customjs\/widgetslocal.js\">\n                <\/script><\/p>\n","protected":false},"excerpt":{"rendered":"<p>French Mar\u00edtimo s&rsquo;impose face \u00e0 Penafiel dans un match tendu Le Mar\u00edtimo a remport\u00e9 la&hellip;<\/p>\n","protected":false},"author":1,"featured_media":91739,"comment_status":"open","ping_status":"open","sticky":false,"template":"","format":"standard","meta":{"content-type":"","pmpro_default_level":"","_lmt_disableupdate":"","_lmt_disable":"","_league":15837,"_fixture":1231660,"penci_pfeatured_image_ratio":"","penci_single_style":"","footnotes":""},"categories":[15837],"tags":[337,356],"class_list":["post-91740","post","type-post","status-publish","format-standard","has-post-thumbnail","hentry","category-matches","tag-maritimo-portugal-214","tag-penafiel-portugal-235","pmpro-has-access"],"_links":{"self":[{"href":"https:\/\/soccer.aidatasports.com\/fr\/wp-json\/wp\/v2\/posts\/91740"}],"collection":[{"href":"https:\/\/soccer.aidatasports.com\/fr\/wp-json\/wp\/v2\/posts"}],"about":[{"href":"https:\/\/soccer.aidatasports.com\/fr\/wp-json\/wp\/v2\/types\/post"}],"author":[{"embeddable":true,"href":"https:\/\/soccer.aidatasports.com\/fr\/wp-json\/wp\/v2\/users\/1"}],"replies":[{"embeddable":true,"href":"https:\/\/soccer.aidatasports.com\/fr\/wp-json\/wp\/v2\/comments?post=91740"}],"version-history":[{"count":0,"href":"https:\/\/soccer.aidatasports.com\/fr\/wp-json\/wp\/v2\/posts\/91740\/revisions"}],"wp:featuredmedia":[{"embeddable":true,"href":"https:\/\/soccer.aidatasports.com\/fr\/wp-json\/wp\/v2\/media\/91739"}],"wp:attachment":[{"href":"https:\/\/soccer.aidatasports.com\/fr\/wp-json\/wp\/v2\/media?parent=91740"}],"wp:term":[{"taxonomy":"category","embeddable":true,"href":"https:\/\/soccer.aidatasports.com\/fr\/wp-json\/wp\/v2\/categories?post=91740"},{"taxonomy":"post_tag","embeddable":true,"href":"https:\/\/soccer.aidatasports.com\/fr\/wp-json\/wp\/v2\/tags?post=91740"}],"curies":[{"name":"wp","href":"https:\/\/api.w.org\/{rel}","templated":true}]}}