{"id":91549,"date":"2025-03-28T21:10:40","date_gmt":"2025-03-28T21:10:40","guid":{"rendered":"https:\/\/soccer.aidatasports.com\/fr\/uncategorized\/mvv-vs-emmen-mar-28-2025-1900-utc\/"},"modified":"2025-03-28T21:10:40","modified_gmt":"2025-03-28T21:10:40","slug":"mvv-vs-emmen-mar-28-2025-1900-utc","status":"publish","type":"post","link":"https:\/\/soccer.aidatasports.com\/fr\/matches\/mvv-vs-emmen-mar-28-2025-1900-utc\/","title":{"rendered":"MVV vs Emmen Mar 28 2025 19:00 UTC"},"content":{"rendered":"<p><strong>Franc\u00e9s<\/strong><\/p>\n<p>Le MVV Maastricht et le FC Emmen se sont affront\u00e9s lors d&rsquo;une rencontre palpitante au stade De Geusselt de Maastricht le 28 mars 2025, dans le cadre de la 32\u00e8me journ\u00e9e de l&rsquo;Eerste Divisie.  Le match, arbitr\u00e9 par M. Perez, a \u00e9t\u00e9 un \u00e9change constant d&rsquo;occasions. Emmen a pris l&rsquo;avantage \u00e0 la 50\u00e8me minute gr\u00e2ce \u00e0 un but de J. Hawkins, assist\u00e9 par A. Bakir.  Cependant, le MVV a \u00e9galis\u00e9 rapidement gr\u00e2ce \u00e0 un but contre son camp de R. Klaasen \u00e0 la 64\u00e8me minute. Le MVV a domin\u00e9 la possession du ballon (58%) et a tir\u00e9 plus souvent au but (17 tentatives, 4 cadr\u00e9es), mais c&rsquo;est Emmen qui a cr\u00e9\u00e9 les occasions les plus dangereuses.  Des cartons jaunes pour T. Zeegers (MVV) et F. Wagner (Emmen) ont accru la tension.  Finalement, dans les derni\u00e8res minutes, L. Foubert a marqu\u00e9 pour le MVV \u00e0 la 82\u00e8me minute, assurant la victoire \u00e0 son \u00e9quipe. Le match s&rsquo;est termin\u00e9 sur un score de 2-1 en faveur du MVV, malgr\u00e9 les nombreuses fautes commises par Emmen (14). Malgr\u00e9 la d\u00e9faite, le FC Emmen a fait preuve d&rsquo;une remarquable r\u00e9sistance. Le MVV a re\u00e7u deux cartons jaunes et Emmen un, refl\u00e9tant des moments de tension tout au long du match.<\/p>\n<p>Remplacements dans l&rsquo;quipe de mvv: \u00c0 la 62e minute, A. Kassimi est entr\u00e9 et R. Esajas est sorti., \u00c0 la 71e minute, L. Foubert est entr\u00e9 et S. Braken est sorti., \u00c0 la 71e minute, F. Slegers est entr\u00e9 et D. Tehubijuluw est sorti., \u00c0 la 77e minute, S. Penders est entr\u00e9 et N. El Basri est sorti. <\/p>\n<p>Remplacements dans l&rsquo;quipe de emmen: \u00c0 la 66e minute, Y. Eduardo est entr\u00e9 et C. Mpindi Landu est sorti., \u00c0 la 76e minute, D. Nunumete est entr\u00e9 et R. Schouten est sorti., \u00c0 la 85e minute, J. Soares est entr\u00e9 et F. Hammouti est sorti., \u00c0 la 85e minute, J. Hekkert est entr\u00e9 et A. Bakir est sorti. <\/p>\n<p>Les \u00e9quipes se sont align\u00e9es comme suit:<\/p>\n<div class=\"lineups-container\">\n<style>\n                .lineups-container {\n                    display: flex;\n                    justify-content: space-around;\n                    flex-wrap: wrap;\n                }\n                .team-lineup {\n                    width: 49%;\n                    margin-bottom: 20px;\n                    border: 1px solid #ccc;\n                    padding: 5px;\n                }\n                .team-lineup h3 {\n                    text-align: center;\n                    margin-bottom: 10px;\n                }\n                .players-container {\n                    display: flex;\n                    justify-content: space-between;\n                }\n                .players-container div {\n                    width: 100%;\n                }\n                .player {\n                    display: flex;\n                    align-items: center;\n                    margin-bottom: 5px;\n                }\n                .player img {\n                    width: 30px;\n                    height: 30px;\n                    border-radius: 50%;\n                    margin-right: 10px;\n                }\n                    @media (max-width: 600px) {\n                    .team-lineup {\n                        width: 100%;\n                    }\n                }\n                <\/style>\n<div class=\"team-lineup\">\n<h3>MVV<\/h3>\n<p><img decoding=\"async\" src=\"https:\/\/media.api-sports.io\/football\/teams\/412.png\" alt=\"MVV\" style=\"width: 50px; height: 50px;\"><\/p>\n<div class=\"players-container\">\n<div>\n<h4>Titulares:<\/h4>\n<div class=\"player\"><a href=\"https:\/\/soccer.aidatasports.com\/fr\/players\/Romain-Matthys-122389\"><img decoding=\"async\" src=\"https:\/\/soccer.aidatasports.com\/images\/players\/122389.png\" alt=\"Romain Matthys\" onerror=\"this.onerror=null;this.src='https:\/\/soccer.aidatasports.com\/images\/players\/default-player.png';\"><span>Romain Matthys<\/span><\/a><\/div>\n<div class=\"player\"><a href=\"https:\/\/soccer.aidatasports.com\/fr\/players\/Tim-Zeegers-38775\"><img decoding=\"async\" src=\"https:\/\/soccer.aidatasports.com\/images\/players\/38775.png\" alt=\"Tim Zeegers\" onerror=\"this.onerror=null;this.src='https:\/\/soccer.aidatasports.com\/images\/players\/default-player.png';\"><span>Tim Zeegers<\/span><\/a><\/div>\n<div class=\"player\"><a href=\"https:\/\/soccer.aidatasports.com\/fr\/players\/Marko-Kleinen-154866\"><img decoding=\"async\" src=\"https:\/\/soccer.aidatasports.com\/images\/players\/154866.png\" alt=\"Marko Kleinen\" onerror=\"this.onerror=null;this.src='https:\/\/soccer.aidatasports.com\/images\/players\/default-player.png';\"><span>Marko Kleinen<\/span><\/a><\/div>\n<div class=\"player\"><a href=\"https:\/\/soccer.aidatasports.com\/fr\/players\/Simon-Francis-425829\"><img decoding=\"async\" src=\"https:\/\/soccer.aidatasports.com\/images\/players\/425829.png\" alt=\"Simon Francis\" onerror=\"this.onerror=null;this.src='https:\/\/soccer.aidatasports.com\/images\/players\/default-player.png';\"><span>Simon Francis<\/span><\/a><\/div>\n<div class=\"player\"><a href=\"https:\/\/soccer.aidatasports.com\/fr\/players\/Djairo-Tehubyuluw-450961\"><img decoding=\"async\" src=\"https:\/\/soccer.aidatasports.com\/images\/players\/450961.png\" alt=\"Djairo Tehubyuluw\" onerror=\"this.onerror=null;this.src='https:\/\/soccer.aidatasports.com\/images\/players\/default-player.png';\"><span>Djairo Tehubyuluw<\/span><\/a><\/div>\n<div class=\"player\"><a href=\"https:\/\/soccer.aidatasports.com\/fr\/players\/Nabil-El-Basri-380201\"><img decoding=\"async\" src=\"https:\/\/soccer.aidatasports.com\/images\/players\/380201.png\" alt=\"Nabil El Basri\" onerror=\"this.onerror=null;this.src='https:\/\/soccer.aidatasports.com\/images\/players\/default-player.png';\"><span>Nabil El Basri<\/span><\/a><\/div>\n<div class=\"player\"><a href=\"https:\/\/soccer.aidatasports.com\/fr\/players\/Bryan-Smeets-37834\"><img decoding=\"async\" src=\"https:\/\/soccer.aidatasports.com\/images\/players\/37834.png\" alt=\"Bryan Smeets\" onerror=\"this.onerror=null;this.src='https:\/\/soccer.aidatasports.com\/images\/players\/default-player.png';\"><span>Bryan Smeets<\/span><\/a><\/div>\n<div class=\"player\"><a href=\"https:\/\/soccer.aidatasports.com\/fr\/players\/Robert-Klaasen-37235\"><img decoding=\"async\" src=\"https:\/\/soccer.aidatasports.com\/images\/players\/37235.png\" alt=\"Robert Klaasen\" onerror=\"this.onerror=null;this.src='https:\/\/soccer.aidatasports.com\/images\/players\/default-player.png';\"><span>Robert Klaasen<\/span><\/a><\/div>\n<div class=\"player\"><a href=\"https:\/\/soccer.aidatasports.com\/fr\/players\/Robyn-Esajas-287795\"><img decoding=\"async\" src=\"https:\/\/soccer.aidatasports.com\/images\/players\/287795.png\" alt=\"Robyn Esajas\" onerror=\"this.onerror=null;this.src='https:\/\/soccer.aidatasports.com\/images\/players\/default-player.png';\"><span>Robyn Esajas<\/span><\/a><\/div>\n<div class=\"player\"><a href=\"https:\/\/soccer.aidatasports.com\/fr\/players\/Sven-Braken-37304\"><img decoding=\"async\" src=\"https:\/\/soccer.aidatasports.com\/images\/players\/37304.png\" alt=\"Sven Braken\" onerror=\"this.onerror=null;this.src='https:\/\/soccer.aidatasports.com\/images\/players\/default-player.png';\"><span>Sven Braken<\/span><\/a><\/div>\n<div class=\"player\"><a href=\"https:\/\/soccer.aidatasports.com\/fr\/players\/Rayan-Buifrahi-423491\"><img decoding=\"async\" src=\"https:\/\/soccer.aidatasports.com\/images\/players\/423491.png\" alt=\"Rayan Buifrahi\" onerror=\"this.onerror=null;this.src='https:\/\/soccer.aidatasports.com\/images\/players\/default-player.png';\"><span>Rayan Buifrahi<\/span><\/a><\/div>\n<\/div>\n<div>\n<h4>Suplentes:<\/h4>\n<div class=\"player\"><a href=\"https:\/\/soccer.aidatasports.com\/fr\/players\/Ayman-Kassimi-319868\"><img decoding=\"async\" src=\"https:\/\/soccer.aidatasports.com\/images\/players\/319868.png\" alt=\"Ayman Kassimi\" onerror=\"this.onerror=null;this.src='https:\/\/soccer.aidatasports.com\/images\/players\/default-player.png';\"><span>Ayman Kassimi<\/span><\/a><\/div>\n<div class=\"player\"><a href=\"https:\/\/soccer.aidatasports.com\/fr\/players\/Ferre-Slegers-402781\"><img decoding=\"async\" src=\"https:\/\/soccer.aidatasports.com\/images\/players\/402781.png\" alt=\"Ferre Slegers\" onerror=\"this.onerror=null;this.src='https:\/\/soccer.aidatasports.com\/images\/players\/default-player.png';\"><span>Ferre Slegers<\/span><\/a><\/div>\n<div class=\"player\"><a href=\"https:\/\/soccer.aidatasports.com\/fr\/players\/Luca-Foubert-375309\"><img decoding=\"async\" src=\"https:\/\/soccer.aidatasports.com\/images\/players\/375309.png\" alt=\"Luca Foubert\" onerror=\"this.onerror=null;this.src='https:\/\/soccer.aidatasports.com\/images\/players\/default-player.png';\"><span>Luca Foubert<\/span><\/a><\/div>\n<div class=\"player\"><a href=\"https:\/\/soccer.aidatasports.com\/fr\/players\/Joren-Op-De-Beeck-421119\"><img decoding=\"async\" src=\"https:\/\/soccer.aidatasports.com\/images\/players\/421119.png\" alt=\"Joren Op De Beeck\" onerror=\"this.onerror=null;this.src='https:\/\/soccer.aidatasports.com\/images\/players\/default-player.png';\"><span>Joren Op De Beeck<\/span><\/a><\/div>\n<div class=\"player\"><a href=\"https:\/\/soccer.aidatasports.com\/fr\/players\/Thijs-Lambrix-163651\"><img decoding=\"async\" src=\"https:\/\/soccer.aidatasports.com\/images\/players\/163651.png\" alt=\"Thijs Lambrix\" onerror=\"this.onerror=null;this.src='https:\/\/soccer.aidatasports.com\/images\/players\/default-player.png';\"><span>Thijs Lambrix<\/span><\/a><\/div>\n<div class=\"player\"><a href=\"https:\/\/soccer.aidatasports.com\/fr\/players\/Andrea-Librici-377008\"><img decoding=\"async\" src=\"https:\/\/soccer.aidatasports.com\/images\/players\/377008.png\" alt=\"Andrea Librici\" onerror=\"this.onerror=null;this.src='https:\/\/soccer.aidatasports.com\/images\/players\/default-player.png';\"><span>Andrea Librici<\/span><\/a><\/div>\n<div class=\"player\"><a href=\"https:\/\/soccer.aidatasports.com\/fr\/players\/Milan-Hofland-395450\"><img decoding=\"async\" src=\"https:\/\/soccer.aidatasports.com\/images\/players\/395450.png\" alt=\"Milan Hofland\" onerror=\"this.onerror=null;this.src='https:\/\/soccer.aidatasports.com\/images\/players\/default-player.png';\"><span>Milan Hofland<\/span><\/a><\/div>\n<div class=\"player\"><a href=\"https:\/\/soccer.aidatasports.com\/fr\/players\/Saul-Penders-340287\"><img decoding=\"async\" src=\"https:\/\/soccer.aidatasports.com\/images\/players\/340287.png\" alt=\"Saul Penders\" onerror=\"this.onerror=null;this.src='https:\/\/soccer.aidatasports.com\/images\/players\/default-player.png';\"><span>Saul Penders<\/span><\/a><\/div>\n<div class=\"player\"><a href=\"https:\/\/soccer.aidatasports.com\/fr\/players\/Max-Sangen-463523\"><img decoding=\"async\" src=\"https:\/\/soccer.aidatasports.com\/images\/players\/463523.png\" alt=\"Max Sangen\" onerror=\"this.onerror=null;this.src='https:\/\/soccer.aidatasports.com\/images\/players\/default-player.png';\"><span>Max Sangen<\/span><\/a><\/div>\n<\/div>\n<\/div>\n<\/div>\n<div class=\"team-lineup\">\n<h3>Emmen<\/h3>\n<p><img decoding=\"async\" src=\"https:\/\/media.api-sports.io\/football\/teams\/208.png\" alt=\"Emmen\" style=\"width: 50px; height: 50px;\"><\/p>\n<div class=\"players-container\">\n<div>\n<h4>Titulares:<\/h4>\n<div class=\"player\"><a href=\"https:\/\/soccer.aidatasports.com\/fr\/players\/Luca-Unbehaun-4\"><img decoding=\"async\" src=\"https:\/\/soccer.aidatasports.com\/images\/players\/4.png\" alt=\"Luca Unbehaun\" onerror=\"this.onerror=null;this.src='https:\/\/soccer.aidatasports.com\/images\/players\/default-player.png';\"><span>Luca Unbehaun<\/span><\/a><\/div>\n<div class=\"player\"><a href=\"https:\/\/soccer.aidatasports.com\/fr\/players\/Faris-Hammouti-37668\"><img decoding=\"async\" src=\"https:\/\/soccer.aidatasports.com\/images\/players\/37668.png\" alt=\"Faris Hammouti\" onerror=\"this.onerror=null;this.src='https:\/\/soccer.aidatasports.com\/images\/players\/default-player.png';\"><span>Faris Hammouti<\/span><\/a><\/div>\n<div class=\"player\"><a href=\"https:\/\/soccer.aidatasports.com\/fr\/players\/Mike-te-Wierik-38118\"><img decoding=\"async\" src=\"https:\/\/soccer.aidatasports.com\/images\/players\/38118.png\" alt=\"Mike te Wierik\" onerror=\"this.onerror=null;this.src='https:\/\/soccer.aidatasports.com\/images\/players\/default-player.png';\"><span>Mike te Wierik<\/span><\/a><\/div>\n<div class=\"player\"><a href=\"https:\/\/soccer.aidatasports.com\/fr\/players\/Pascal-Mulder-272857\"><img decoding=\"async\" src=\"https:\/\/soccer.aidatasports.com\/images\/players\/272857.png\" alt=\"Pascal Mulder\" onerror=\"this.onerror=null;this.src='https:\/\/soccer.aidatasports.com\/images\/players\/default-player.png';\"><span>Pascal Mulder<\/span><\/a><\/div>\n<div class=\"player\"><a href=\"https:\/\/soccer.aidatasports.com\/fr\/players\/Robin-Schouten-37741\"><img decoding=\"async\" src=\"https:\/\/soccer.aidatasports.com\/images\/players\/37741.png\" alt=\"Robin Schouten\" onerror=\"this.onerror=null;this.src='https:\/\/soccer.aidatasports.com\/images\/players\/default-player.png';\"><span>Robin Schouten<\/span><\/a><\/div>\n<div class=\"player\"><a href=\"https:\/\/soccer.aidatasports.com\/fr\/players\/Fridolin-Wagner-91186\"><img decoding=\"async\" src=\"https:\/\/soccer.aidatasports.com\/images\/players\/91186.png\" alt=\"Fridolin Wagner\" onerror=\"this.onerror=null;this.src='https:\/\/soccer.aidatasports.com\/images\/players\/default-player.png';\"><span>Fridolin Wagner<\/span><\/a><\/div>\n<div class=\"player\"><a href=\"https:\/\/soccer.aidatasports.com\/fr\/players\/Alaa-Bakir-145478\"><img decoding=\"async\" src=\"https:\/\/soccer.aidatasports.com\/images\/players\/145478.png\" alt=\"Alaa Bakir\" onerror=\"this.onerror=null;this.src='https:\/\/soccer.aidatasports.com\/images\/players\/default-player.png';\"><span>Alaa Bakir<\/span><\/a><\/div>\n<div class=\"player\"><a href=\"https:\/\/soccer.aidatasports.com\/fr\/players\/Torben-Rhein-162077\"><img decoding=\"async\" src=\"https:\/\/soccer.aidatasports.com\/images\/players\/162077.png\" alt=\"Torben Rhein\" onerror=\"this.onerror=null;this.src='https:\/\/soccer.aidatasports.com\/images\/players\/default-player.png';\"><span>Torben Rhein<\/span><\/a><\/div>\n<div class=\"player\"><a href=\"https:\/\/soccer.aidatasports.com\/fr\/players\/Kelian-Nsona-178878\"><img decoding=\"async\" src=\"https:\/\/soccer.aidatasports.com\/images\/players\/178878.png\" alt=\"Kelian Nsona\" onerror=\"this.onerror=null;this.src='https:\/\/soccer.aidatasports.com\/images\/players\/default-player.png';\"><span>Kelian Nsona<\/span><\/a><\/div>\n<div class=\"player\"><a href=\"https:\/\/soccer.aidatasports.com\/fr\/players\/Chardi-Landu-206253\"><img decoding=\"async\" src=\"https:\/\/soccer.aidatasports.com\/images\/players\/206253.png\" alt=\"Chardi Landu\" onerror=\"this.onerror=null;this.src='https:\/\/soccer.aidatasports.com\/images\/players\/default-player.png';\"><span>Chardi Landu<\/span><\/a><\/div>\n<div class=\"player\"><a href=\"https:\/\/soccer.aidatasports.com\/fr\/players\/Jalen-Hawkins-202745\"><img decoding=\"async\" src=\"https:\/\/soccer.aidatasports.com\/images\/players\/202745.png\" alt=\"Jalen Hawkins\" onerror=\"this.onerror=null;this.src='https:\/\/soccer.aidatasports.com\/images\/players\/default-player.png';\"><span>Jalen Hawkins<\/span><\/a><\/div>\n<\/div>\n<div>\n<h4>Suplentes:<\/h4>\n<div class=\"player\"><a href=\"https:\/\/soccer.aidatasports.com\/fr\/players\/Yannick-Eduardo-404133\"><img decoding=\"async\" src=\"https:\/\/soccer.aidatasports.com\/images\/players\/404133.png\" alt=\"Yannick Eduardo\" onerror=\"this.onerror=null;this.src='https:\/\/soccer.aidatasports.com\/images\/players\/default-player.png';\"><span>Yannick Eduardo<\/span><\/a><\/div>\n<div class=\"player\"><a href=\"https:\/\/soccer.aidatasports.com\/fr\/players\/Jan-Hoekstra-38109\"><img decoding=\"async\" src=\"https:\/\/soccer.aidatasports.com\/images\/players\/38109.png\" alt=\"Jan Hoekstra\" onerror=\"this.onerror=null;this.src='https:\/\/soccer.aidatasports.com\/images\/players\/default-player.png';\"><span>Jan Hoekstra<\/span><\/a><\/div>\n<div class=\"player\"><a href=\"https:\/\/soccer.aidatasports.com\/fr\/players\/Robin-Jalving-93114\"><img decoding=\"async\" src=\"https:\/\/soccer.aidatasports.com\/images\/players\/93114.png\" alt=\"Robin Jalving\" onerror=\"this.onerror=null;this.src='https:\/\/soccer.aidatasports.com\/images\/players\/default-player.png';\"><span>Robin Jalving<\/span><\/a><\/div>\n<div class=\"player\"><a href=\"https:\/\/soccer.aidatasports.com\/fr\/players\/Tim-Geypens-455201\"><img decoding=\"async\" src=\"https:\/\/soccer.aidatasports.com\/images\/players\/455201.png\" alt=\"Tim Geypens\" onerror=\"this.onerror=null;this.src='https:\/\/soccer.aidatasports.com\/images\/players\/default-player.png';\"><span>Tim Geypens<\/span><\/a><\/div>\n<div class=\"player\"><a href=\"https:\/\/soccer.aidatasports.com\/fr\/players\/Jorginho-Soares-351022\"><img decoding=\"async\" src=\"https:\/\/soccer.aidatasports.com\/images\/players\/351022.png\" alt=\"Jorginho Soares\" onerror=\"this.onerror=null;this.src='https:\/\/soccer.aidatasports.com\/images\/players\/default-player.png';\"><span>Jorginho Soares<\/span><\/a><\/div>\n<div class=\"player\"><a href=\"https:\/\/soccer.aidatasports.com\/fr\/players\/Gijs-Bolk-452717\"><img decoding=\"async\" src=\"https:\/\/soccer.aidatasports.com\/images\/players\/452717.png\" alt=\"Gijs Bolk\" onerror=\"this.onerror=null;this.src='https:\/\/soccer.aidatasports.com\/images\/players\/default-player.png';\"><span>Gijs Bolk<\/span><\/a><\/div>\n<div class=\"player\"><a href=\"https:\/\/soccer.aidatasports.com\/fr\/players\/Djenahro-Nunumete-272540\"><img decoding=\"async\" src=\"https:\/\/soccer.aidatasports.com\/images\/players\/272540.png\" alt=\"Djenahro Nunumete\" onerror=\"this.onerror=null;this.src='https:\/\/soccer.aidatasports.com\/images\/players\/default-player.png';\"><span>Djenahro Nunumete<\/span><\/a><\/div>\n<div class=\"player\"><a href=\"https:\/\/soccer.aidatasports.com\/fr\/players\/Stan-van-Manen-507603\"><img decoding=\"async\" src=\"https:\/\/soccer.aidatasports.com\/images\/players\/507603.png\" alt=\"Stan van Manen\" onerror=\"this.onerror=null;this.src='https:\/\/soccer.aidatasports.com\/images\/players\/default-player.png';\"><span>Stan van Manen<\/span><\/a><\/div>\n<div class=\"player\"><a href=\"https:\/\/soccer.aidatasports.com\/fr\/players\/Freddy-Quispel-37310\"><img decoding=\"async\" src=\"https:\/\/soccer.aidatasports.com\/images\/players\/37310.png\" alt=\"Freddy Quispel\" onerror=\"this.onerror=null;this.src='https:\/\/soccer.aidatasports.com\/images\/players\/default-player.png';\"><span>Freddy Quispel<\/span><\/a><\/div>\n<div class=\"player\"><a href=\"https:\/\/soccer.aidatasports.com\/fr\/players\/Jorn-Hekkert-465870\"><img decoding=\"async\" src=\"https:\/\/soccer.aidatasports.com\/images\/players\/465870.png\" alt=\"Jorn Hekkert\" onerror=\"this.onerror=null;this.src='https:\/\/soccer.aidatasports.com\/images\/players\/default-player.png';\"><span>Jorn Hekkert<\/span><\/a><\/div>\n<\/div>\n<\/div>\n<\/div>\n<\/div>\n<div id=\"wg-api-football-game\"\n                    data-host=\"xxxxx\"\n                    data-key=\"xxxx\"\n                    data-id=\"1210148\"\n                    data-theme=\"\"\n                    data-refresh=\"15\"\n                    data-show-errors=\"false\"\n                    data-show-logos=\"true\"><br \/>\n                    class=\u00a0\u00bbwg_loader\u00a0\u00bb>\n                <\/div>\n<div id=\"wg-api-football-standings\"\n                    data-host=\"xxxx\"\n                    data-key=\"ddddd\"\n                    data-league=\"89\"\n                    data-team=\"\"\n                    data-season=\"2024\"\n                    data-theme=\"\"\n                    data-show-errors=\"false\"\n                    data-show-logos=\"true\"\n                    class=\"wg_loader\">\n                <\/div>\n<p>                <script\n                    type=\"module\"\n                    src=\"https:\/\/soccer.aidatasports.com\/wp-content\/customjs\/widgetslocal.js\">\n                <\/script><\/p>\n","protected":false},"excerpt":{"rendered":"<p>Franc\u00e9s Le MVV Maastricht et le FC Emmen se sont affront\u00e9s lors d&rsquo;une rencontre palpitante&hellip;<\/p>\n","protected":false},"author":1,"featured_media":91548,"comment_status":"open","ping_status":"open","sticky":false,"template":"","format":"standard","meta":{"content-type":"","pmpro_default_level":"","_lmt_disableupdate":"","_lmt_disable":"","_league":15837,"_fixture":1210148,"penci_pfeatured_image_ratio":"","penci_single_style":"","footnotes":""},"categories":[15837],"tags":[331,526],"class_list":["post-91549","post","type-post","status-publish","format-standard","has-post-thumbnail","hentry","category-matches","tag-emmen-netherlands-208","tag-mvv-netherlands-412","pmpro-has-access"],"_links":{"self":[{"href":"https:\/\/soccer.aidatasports.com\/fr\/wp-json\/wp\/v2\/posts\/91549"}],"collection":[{"href":"https:\/\/soccer.aidatasports.com\/fr\/wp-json\/wp\/v2\/posts"}],"about":[{"href":"https:\/\/soccer.aidatasports.com\/fr\/wp-json\/wp\/v2\/types\/post"}],"author":[{"embeddable":true,"href":"https:\/\/soccer.aidatasports.com\/fr\/wp-json\/wp\/v2\/users\/1"}],"replies":[{"embeddable":true,"href":"https:\/\/soccer.aidatasports.com\/fr\/wp-json\/wp\/v2\/comments?post=91549"}],"version-history":[{"count":0,"href":"https:\/\/soccer.aidatasports.com\/fr\/wp-json\/wp\/v2\/posts\/91549\/revisions"}],"wp:featuredmedia":[{"embeddable":true,"href":"https:\/\/soccer.aidatasports.com\/fr\/wp-json\/wp\/v2\/media\/91548"}],"wp:attachment":[{"href":"https:\/\/soccer.aidatasports.com\/fr\/wp-json\/wp\/v2\/media?parent=91549"}],"wp:term":[{"taxonomy":"category","embeddable":true,"href":"https:\/\/soccer.aidatasports.com\/fr\/wp-json\/wp\/v2\/categories?post=91549"},{"taxonomy":"post_tag","embeddable":true,"href":"https:\/\/soccer.aidatasports.com\/fr\/wp-json\/wp\/v2\/tags?post=91549"}],"curies":[{"name":"wp","href":"https:\/\/api.w.org\/{rel}","templated":true}]}}