{"id":89829,"date":"2025-03-09T15:12:05","date_gmt":"2025-03-09T15:12:05","guid":{"rendered":"https:\/\/soccer.aidatasports.com\/fr\/uncategorized\/getafe-vs-atletico-madrid-mar-09-2025-1300-utc\/"},"modified":"2025-03-09T15:12:05","modified_gmt":"2025-03-09T15:12:05","slug":"getafe-vs-atletico-madrid-mar-09-2025-1300-utc","status":"publish","type":"post","link":"https:\/\/soccer.aidatasports.com\/fr\/matches\/getafe-vs-atletico-madrid-mar-09-2025-1300-utc\/","title":{"rendered":"Getafe vs Atletico Madrid Mar 09 2025 13:00 UTC"},"content":{"rendered":"<p><strong>French<\/strong><\/p>\n<p>Le Getafe a r\u00e9alis\u00e9 une remont\u00e9e \u00e9pique face \u00e0 l&rsquo;Atl\u00e9tico Madrid lors d&rsquo;un match palpitant disput\u00e9 au stade Coliseum Alfonso P\u00e9rez.  La rencontre, correspondant \u00e0 la 27\u00e8me journ\u00e9e de Liga, s&rsquo;est termin\u00e9e sur le score de 2-1 en faveur de l&rsquo;\u00e9quipe locale. L&rsquo;Atl\u00e9tico a domin\u00e9 la possession (61%), mais Getafe s&rsquo;est montr\u00e9 plus efficace devant le but, avec 11 tirs (3 cadr\u00e9s). La tension \u00e9tait palpable d\u00e8s la 40\u00e8me minute, avec Alderete et Duarte de Getafe, et Le Normand de l&rsquo;Atl\u00e9tico, recevant un carton jaune.<\/p>\n<p>La seconde p\u00e9riode a continu\u00e9 sur la m\u00eame lanc\u00e9e. A. Rodr\u00edguez de Getafe a re\u00e7u un carton jaune \u00e0 la 57\u00e8me minute. Sorloth a marqu\u00e9 un penalty pour l&rsquo;Atl\u00e9tico \u00e0 la 75\u00e8me minute, donnant l&rsquo;avantage aux visiteurs. Cependant, Getafe a r\u00e9agi avec deux buts d&rsquo;Arambarri (88\u00e8me et 90\u00e8me minute) pour sceller une victoire inoubliable. Le match s&rsquo;est termin\u00e9 sur une note tendue : Correa de l&rsquo;Atl\u00e9tico a \u00e9t\u00e9 expuls\u00e9 avec un carton rouge direct \u00e0 la 88\u00e8me minute, tandis que D. Rico et Djene de Getafe ont re\u00e7u des cartons jaunes \u00e0 la 74\u00e8me minute, et Sorloth et Juanmi (tous les deux \u00e0 la 90\u00e8me minute) ont \u00e9galement \u00e9t\u00e9 avertis. Getafe, avec 5 cartons jaunes, a d\u00e9pass\u00e9 l&rsquo;Atl\u00e9tico, qui a termin\u00e9 avec deux cartons jaunes et un rouge. Malgr\u00e9 sa sup\u00e9riorit\u00e9 en possession, l&rsquo;Atl\u00e9tico n&rsquo;a r\u00e9ussi que 4 tirs, dont 2 cadr\u00e9s.<\/p>\n<p>Remplacements dans l&rsquo;quipe de atletico madrid: \u00c0 la 46e minute, A. Correa est entr\u00e9 et S. Lino est sorti., \u00c0 la 46e minute, P. Barrios est entr\u00e9 et R. de Paul est sorti., \u00c0 la 58e minute, A. Sorloth est entr\u00e9 et J. Alvarez est sorti., \u00c0 la 66e minute, T. Lemar est entr\u00e9 et N. Molina est sorti., \u00c0 la 69e minute, C. Gallagher est entr\u00e9 et A. Griezmann est sorti. <\/p>\n<p>Remplacements dans l&rsquo;quipe de getafe: \u00c0 la 62e minute, B. Mayoral est entr\u00e9 et A. Rodriguez est sorti., \u00c0 la 68e minute, J. Bernat est entr\u00e9 et C. Gomez da Costa est sorti., \u00c0 la 80e minute, Juanmi est entr\u00e9 et L. Milla est sorti. <\/p>\n<p>Les \u00e9quipes se sont align\u00e9es comme suit:<\/p>\n<div class=\"lineups-container\">\n<style>\n                .lineups-container {\n                    display: flex;\n                    justify-content: space-around;\n                    flex-wrap: wrap;\n                }\n                .team-lineup {\n                    width: 49%;\n                    margin-bottom: 20px;\n                    border: 1px solid #ccc;\n                    padding: 5px;\n                }\n                .team-lineup h3 {\n                    text-align: center;\n                    margin-bottom: 10px;\n                }\n                .players-container {\n                    display: flex;\n                    justify-content: space-between;\n                }\n                .players-container div {\n                    width: 100%;\n                }\n                .player {\n                    display: flex;\n                    align-items: center;\n                    margin-bottom: 5px;\n                }\n                .player img {\n                    width: 30px;\n                    height: 30px;\n                    border-radius: 50%;\n                    margin-right: 10px;\n                }\n                    @media (max-width: 600px) {\n                    .team-lineup {\n                        width: 100%;\n                    }\n                }\n                <\/style>\n<div class=\"team-lineup\">\n<h3>Getafe<\/h3>\n<p><img decoding=\"async\" src=\"https:\/\/media.api-sports.io\/football\/teams\/546.png\" alt=\"Getafe\" style=\"width: 50px; height: 50px;\"><\/p>\n<div class=\"players-container\">\n<div>\n<h4>Titulares:<\/h4>\n<div class=\"player\"><a href=\"https:\/\/soccer.aidatasports.com\/fr\/players\/David-Soria-47247\"><img decoding=\"async\" src=\"https:\/\/soccer.aidatasports.com\/images\/players\/47247.png\" alt=\"David Soria\" onerror=\"this.onerror=null;this.src='https:\/\/soccer.aidatasports.com\/images\/players\/default-player.png';\"><span>David Soria<\/span><\/a><\/div>\n<div class=\"player\"><a href=\"https:\/\/soccer.aidatasports.com\/fr\/players\/Djen\u00e9-47250\"><img decoding=\"async\" src=\"https:\/\/soccer.aidatasports.com\/images\/players\/47250.png\" alt=\"Djen\u00e9\" onerror=\"this.onerror=null;this.src='https:\/\/soccer.aidatasports.com\/images\/players\/default-player.png';\"><span>Djen\u00e9<\/span><\/a><\/div>\n<div class=\"player\"><a href=\"https:\/\/soccer.aidatasports.com\/fr\/players\/Domingos-Duarte-46795\"><img decoding=\"async\" src=\"https:\/\/soccer.aidatasports.com\/images\/players\/46795.png\" alt=\"Domingos Duarte\" onerror=\"this.onerror=null;this.src='https:\/\/soccer.aidatasports.com\/images\/players\/default-player.png';\"><span>Domingos Duarte<\/span><\/a><\/div>\n<div class=\"player\"><a href=\"https:\/\/soccer.aidatasports.com\/fr\/players\/Omar-Alderete-6168\"><img decoding=\"async\" src=\"https:\/\/soccer.aidatasports.com\/images\/players\/6168.png\" alt=\"Omar Alderete\" onerror=\"this.onerror=null;this.src='https:\/\/soccer.aidatasports.com\/images\/players\/default-player.png';\"><span>Omar Alderete<\/span><\/a><\/div>\n<div class=\"player\"><a href=\"https:\/\/soccer.aidatasports.com\/fr\/players\/Diego-Rico-18867\"><img decoding=\"async\" src=\"https:\/\/soccer.aidatasports.com\/images\/players\/18867.png\" alt=\"Diego Rico\" onerror=\"this.onerror=null;this.src='https:\/\/soccer.aidatasports.com\/images\/players\/default-player.png';\"><span>Diego Rico<\/span><\/a><\/div>\n<div class=\"player\"><a href=\"https:\/\/soccer.aidatasports.com\/fr\/players\/Luis-Milla-47085\"><img decoding=\"async\" src=\"https:\/\/soccer.aidatasports.com\/images\/players\/47085.png\" alt=\"Luis Milla\" onerror=\"this.onerror=null;this.src='https:\/\/soccer.aidatasports.com\/images\/players\/default-player.png';\"><span>Luis Milla<\/span><\/a><\/div>\n<div class=\"player\"><a href=\"https:\/\/soccer.aidatasports.com\/fr\/players\/Ram\u00f3n-Terrats-187987\"><img decoding=\"async\" src=\"https:\/\/soccer.aidatasports.com\/images\/players\/187987.png\" alt=\"Ram\u00f3n Terrats\" onerror=\"this.onerror=null;this.src='https:\/\/soccer.aidatasports.com\/images\/players\/default-player.png';\"><span>Ram\u00f3n Terrats<\/span><\/a><\/div>\n<div class=\"player\"><a href=\"https:\/\/soccer.aidatasports.com\/fr\/players\/Christantus-Uche-403554\"><img decoding=\"async\" src=\"https:\/\/soccer.aidatasports.com\/images\/players\/403554.png\" alt=\"Christantus Uche\" onerror=\"this.onerror=null;this.src='https:\/\/soccer.aidatasports.com\/images\/players\/default-player.png';\"><span>Christantus Uche<\/span><\/a><\/div>\n<div class=\"player\"><a href=\"https:\/\/soccer.aidatasports.com\/fr\/players\/Mauro-Arambarri-47258\"><img decoding=\"async\" src=\"https:\/\/soccer.aidatasports.com\/images\/players\/47258.png\" alt=\"Mauro Arambarri\" onerror=\"this.onerror=null;this.src='https:\/\/soccer.aidatasports.com\/images\/players\/default-player.png';\"><span>Mauro Arambarri<\/span><\/a><\/div>\n<div class=\"player\"><a href=\"https:\/\/soccer.aidatasports.com\/fr\/players\/Coba-da-Costa-309364\"><img decoding=\"async\" src=\"https:\/\/soccer.aidatasports.com\/images\/players\/309364.png\" alt=\"Coba da Costa\" onerror=\"this.onerror=null;this.src='https:\/\/soccer.aidatasports.com\/images\/players\/default-player.png';\"><span>Coba da Costa<\/span><\/a><\/div>\n<div class=\"player\"><a href=\"https:\/\/soccer.aidatasports.com\/fr\/players\/\u00c1lvaro-Rodriguez-343202\"><img decoding=\"async\" src=\"https:\/\/soccer.aidatasports.com\/images\/players\/343202.png\" alt=\"\u00c1lvaro Rodriguez\" onerror=\"this.onerror=null;this.src='https:\/\/soccer.aidatasports.com\/images\/players\/default-player.png';\"><span>\u00c1lvaro Rodriguez<\/span><\/a><\/div>\n<\/div>\n<div>\n<h4>Suplentes:<\/h4>\n<div class=\"player\"><a href=\"https:\/\/soccer.aidatasports.com\/fr\/players\/Borja-Mayoral-47472\"><img decoding=\"async\" src=\"https:\/\/soccer.aidatasports.com\/images\/players\/47472.png\" alt=\"Borja Mayoral\" onerror=\"this.onerror=null;this.src='https:\/\/soccer.aidatasports.com\/images\/players\/default-player.png';\"><span>Borja Mayoral<\/span><\/a><\/div>\n<div class=\"player\"><a href=\"https:\/\/soccer.aidatasports.com\/fr\/players\/Juan-Bernat-258\"><img decoding=\"async\" src=\"https:\/\/soccer.aidatasports.com\/images\/players\/258.png\" alt=\"Juan Bernat\" onerror=\"this.onerror=null;this.src='https:\/\/soccer.aidatasports.com\/images\/players\/default-player.png';\"><span>Juan Bernat<\/span><\/a><\/div>\n<div class=\"player\"><a href=\"https:\/\/soccer.aidatasports.com\/fr\/players\/Ji\u0159\u00ed-Let\u00e1\u010dek-66491\"><img decoding=\"async\" src=\"https:\/\/soccer.aidatasports.com\/images\/players\/66491.png\" alt=\"Ji\u0159\u00ed Let\u00e1\u010dek\" onerror=\"this.onerror=null;this.src='https:\/\/soccer.aidatasports.com\/images\/players\/default-player.png';\"><span>Ji\u0159\u00ed Let\u00e1\u010dek<\/span><\/a><\/div>\n<div class=\"player\"><a href=\"https:\/\/soccer.aidatasports.com\/fr\/players\/Juan-Iglesias-119742\"><img decoding=\"async\" src=\"https:\/\/soccer.aidatasports.com\/images\/players\/119742.png\" alt=\"Juan Iglesias\" onerror=\"this.onerror=null;this.src='https:\/\/soccer.aidatasports.com\/images\/players\/default-player.png';\"><span>Juan Iglesias<\/span><\/a><\/div>\n<div class=\"player\"><a href=\"https:\/\/soccer.aidatasports.com\/fr\/players\/Juan-Berrocal-2039\"><img decoding=\"async\" src=\"https:\/\/soccer.aidatasports.com\/images\/players\/2039.png\" alt=\"Juan Berrocal\" onerror=\"this.onerror=null;this.src='https:\/\/soccer.aidatasports.com\/images\/players\/default-player.png';\"><span>Juan Berrocal<\/span><\/a><\/div>\n<div class=\"player\"><a href=\"https:\/\/soccer.aidatasports.com\/fr\/players\/Allan-Nyom-47407\"><img decoding=\"async\" src=\"https:\/\/soccer.aidatasports.com\/images\/players\/47407.png\" alt=\"Allan Nyom\" onerror=\"this.onerror=null;this.src='https:\/\/soccer.aidatasports.com\/images\/players\/default-player.png';\"><span>Allan Nyom<\/span><\/a><\/div>\n<div class=\"player\"><a href=\"https:\/\/soccer.aidatasports.com\/fr\/players\/\u00c1lex-Sola-47306\"><img decoding=\"async\" src=\"https:\/\/soccer.aidatasports.com\/images\/players\/47306.png\" alt=\"\u00c1lex Sola\" onerror=\"this.onerror=null;this.src='https:\/\/soccer.aidatasports.com\/images\/players\/default-player.png';\"><span>\u00c1lex Sola<\/span><\/a><\/div>\n<div class=\"player\"><a href=\"https:\/\/soccer.aidatasports.com\/fr\/players\/Carles-P\u00e9rez-67955\"><img decoding=\"async\" src=\"https:\/\/soccer.aidatasports.com\/images\/players\/67955.png\" alt=\"Carles P\u00e9rez\" onerror=\"this.onerror=null;this.src='https:\/\/soccer.aidatasports.com\/images\/players\/default-player.png';\"><span>Carles P\u00e9rez<\/span><\/a><\/div>\n<div class=\"player\"><a href=\"https:\/\/soccer.aidatasports.com\/fr\/players\/Yellu-Santiago-364415\"><img decoding=\"async\" src=\"https:\/\/soccer.aidatasports.com\/images\/players\/364415.png\" alt=\"Yellu Santiago\" onerror=\"this.onerror=null;this.src='https:\/\/soccer.aidatasports.com\/images\/players\/default-player.png';\"><span>Yellu Santiago<\/span><\/a><\/div>\n<div class=\"player\"><a href=\"https:\/\/soccer.aidatasports.com\/fr\/players\/Bertu\u011f-Y\u0131ld\u0131r\u0131m-68483\"><img decoding=\"async\" src=\"https:\/\/soccer.aidatasports.com\/images\/players\/68483.png\" alt=\"Bertu\u011f Y\u0131ld\u0131r\u0131m\" onerror=\"this.onerror=null;this.src='https:\/\/soccer.aidatasports.com\/images\/players\/default-player.png';\"><span>Bertu\u011f Y\u0131ld\u0131r\u0131m<\/span><\/a><\/div>\n<div class=\"player\"><a href=\"https:\/\/soccer.aidatasports.com\/fr\/players\/Peter-Gonz\u00e1lez-270516\"><img decoding=\"async\" src=\"https:\/\/soccer.aidatasports.com\/images\/players\/270516.png\" alt=\"Peter Gonz\u00e1lez\" onerror=\"this.onerror=null;this.src='https:\/\/soccer.aidatasports.com\/images\/players\/default-player.png';\"><span>Peter Gonz\u00e1lez<\/span><\/a><\/div>\n<div class=\"player\"><a href=\"https:\/\/soccer.aidatasports.com\/fr\/players\/Juanmi-47320\"><img decoding=\"async\" src=\"https:\/\/soccer.aidatasports.com\/images\/players\/47320.png\" alt=\"Juanmi\" onerror=\"this.onerror=null;this.src='https:\/\/soccer.aidatasports.com\/images\/players\/default-player.png';\"><span>Juanmi<\/span><\/a><\/div>\n<\/div>\n<\/div>\n<\/div>\n<div class=\"team-lineup\">\n<h3>Atletico Madrid<\/h3>\n<p><img decoding=\"async\" src=\"https:\/\/media.api-sports.io\/football\/teams\/530.png\" alt=\"Atletico Madrid\" style=\"width: 50px; height: 50px;\"><\/p>\n<div class=\"players-container\">\n<div>\n<h4>Titulares:<\/h4>\n<div class=\"player\"><a href=\"https:\/\/soccer.aidatasports.com\/fr\/players\/Jan-Oblak-29\"><img decoding=\"async\" src=\"https:\/\/soccer.aidatasports.com\/images\/players\/29.png\" alt=\"Jan Oblak\" onerror=\"this.onerror=null;this.src='https:\/\/soccer.aidatasports.com\/images\/players\/default-player.png';\"><span>Jan Oblak<\/span><\/a><\/div>\n<div class=\"player\"><a href=\"https:\/\/soccer.aidatasports.com\/fr\/players\/Nahuel-Molina-6503\"><img decoding=\"async\" src=\"https:\/\/soccer.aidatasports.com\/images\/players\/6503.png\" alt=\"Nahuel Molina\" onerror=\"this.onerror=null;this.src='https:\/\/soccer.aidatasports.com\/images\/players\/default-player.png';\"><span>Nahuel Molina<\/span><\/a><\/div>\n<div class=\"player\"><a href=\"https:\/\/soccer.aidatasports.com\/fr\/players\/Jos\u00e9-Mar\u00eda-Gim\u00e9nez-31\"><img decoding=\"async\" src=\"https:\/\/soccer.aidatasports.com\/images\/players\/31.png\" alt=\"Jos\u00e9 Mar\u00eda Gim\u00e9nez\" onerror=\"this.onerror=null;this.src='https:\/\/soccer.aidatasports.com\/images\/players\/default-player.png';\"><span>Jos\u00e9 Mar\u00eda Gim\u00e9nez<\/span><\/a><\/div>\n<div class=\"player\"><a href=\"https:\/\/soccer.aidatasports.com\/fr\/players\/Robin-Le-Normand-47301\"><img decoding=\"async\" src=\"https:\/\/soccer.aidatasports.com\/images\/players\/47301.png\" alt=\"Robin Le Normand\" onerror=\"this.onerror=null;this.src='https:\/\/soccer.aidatasports.com\/images\/players\/default-player.png';\"><span>Robin Le Normand<\/span><\/a><\/div>\n<div class=\"player\"><a href=\"https:\/\/soccer.aidatasports.com\/fr\/players\/Javi-Gal\u00e1n-47566\"><img decoding=\"async\" src=\"https:\/\/soccer.aidatasports.com\/images\/players\/47566.png\" alt=\"Javi Gal\u00e1n\" onerror=\"this.onerror=null;this.src='https:\/\/soccer.aidatasports.com\/images\/players\/default-player.png';\"><span>Javi Gal\u00e1n<\/span><\/a><\/div>\n<div class=\"player\"><a href=\"https:\/\/soccer.aidatasports.com\/fr\/players\/Giuliano-Simeone-323935\"><img decoding=\"async\" src=\"https:\/\/soccer.aidatasports.com\/images\/players\/323935.png\" alt=\"Giuliano Simeone\" onerror=\"this.onerror=null;this.src='https:\/\/soccer.aidatasports.com\/images\/players\/default-player.png';\"><span>Giuliano Simeone<\/span><\/a><\/div>\n<div class=\"player\"><a href=\"https:\/\/soccer.aidatasports.com\/fr\/players\/Rodrigo-de-Paul-2472\"><img decoding=\"async\" src=\"https:\/\/soccer.aidatasports.com\/images\/players\/2472.png\" alt=\"Rodrigo de Paul\" onerror=\"this.onerror=null;this.src='https:\/\/soccer.aidatasports.com\/images\/players\/default-player.png';\"><span>Rodrigo de Paul<\/span><\/a><\/div>\n<div class=\"player\"><a href=\"https:\/\/soccer.aidatasports.com\/fr\/players\/Marcos-Llorente-753\"><img decoding=\"async\" src=\"https:\/\/soccer.aidatasports.com\/images\/players\/753.png\" alt=\"Marcos Llorente\" onerror=\"this.onerror=null;this.src='https:\/\/soccer.aidatasports.com\/images\/players\/default-player.png';\"><span>Marcos Llorente<\/span><\/a><\/div>\n<div class=\"player\"><a href=\"https:\/\/soccer.aidatasports.com\/fr\/players\/Samuel-Lino-126936\"><img decoding=\"async\" src=\"https:\/\/soccer.aidatasports.com\/images\/players\/126936.png\" alt=\"Samuel Lino\" onerror=\"this.onerror=null;this.src='https:\/\/soccer.aidatasports.com\/images\/players\/default-player.png';\"><span>Samuel Lino<\/span><\/a><\/div>\n<div class=\"player\"><a href=\"https:\/\/soccer.aidatasports.com\/fr\/players\/Antoine-Griezmann-56\"><img decoding=\"async\" src=\"https:\/\/soccer.aidatasports.com\/images\/players\/56.png\" alt=\"Antoine Griezmann\" onerror=\"this.onerror=null;this.src='https:\/\/soccer.aidatasports.com\/images\/players\/default-player.png';\"><span>Antoine Griezmann<\/span><\/a><\/div>\n<div class=\"player\"><a href=\"https:\/\/soccer.aidatasports.com\/fr\/players\/Juli\u00e1n-\u00c1lvarez-6009\"><img decoding=\"async\" src=\"https:\/\/soccer.aidatasports.com\/images\/players\/6009.png\" alt=\"Juli\u00e1n \u00c1lvarez\" onerror=\"this.onerror=null;this.src='https:\/\/soccer.aidatasports.com\/images\/players\/default-player.png';\"><span>Juli\u00e1n \u00c1lvarez<\/span><\/a><\/div>\n<\/div>\n<div>\n<h4>Suplentes:<\/h4>\n<div class=\"player\"><a href=\"https:\/\/soccer.aidatasports.com\/fr\/players\/Pablo-Barrios-336594\"><img decoding=\"async\" src=\"https:\/\/soccer.aidatasports.com\/images\/players\/336594.png\" alt=\"Pablo Barrios\" onerror=\"this.onerror=null;this.src='https:\/\/soccer.aidatasports.com\/images\/players\/default-player.png';\"><span>Pablo Barrios<\/span><\/a><\/div>\n<div class=\"player\"><a href=\"https:\/\/soccer.aidatasports.com\/fr\/players\/\u00c1ngel-Correa-53\"><img decoding=\"async\" src=\"https:\/\/soccer.aidatasports.com\/images\/players\/53.png\" alt=\"\u00c1ngel Correa\" onerror=\"this.onerror=null;this.src='https:\/\/soccer.aidatasports.com\/images\/players\/default-player.png';\"><span>\u00c1ngel Correa<\/span><\/a><\/div>\n<div class=\"player\"><a href=\"https:\/\/soccer.aidatasports.com\/fr\/players\/Alexander-S\u00f8rloth-8492\"><img decoding=\"async\" src=\"https:\/\/soccer.aidatasports.com\/images\/players\/8492.png\" alt=\"Alexander S\u00f8rloth\" onerror=\"this.onerror=null;this.src='https:\/\/soccer.aidatasports.com\/images\/players\/default-player.png';\"><span>Alexander S\u00f8rloth<\/span><\/a><\/div>\n<div class=\"player\"><a href=\"https:\/\/soccer.aidatasports.com\/fr\/players\/Thomas-Lemar-45\"><img decoding=\"async\" src=\"https:\/\/soccer.aidatasports.com\/images\/players\/45.png\" alt=\"Thomas Lemar\" onerror=\"this.onerror=null;this.src='https:\/\/soccer.aidatasports.com\/images\/players\/default-player.png';\"><span>Thomas Lemar<\/span><\/a><\/div>\n<div class=\"player\"><a href=\"https:\/\/soccer.aidatasports.com\/fr\/players\/Conor-Gallagher-67972\"><img decoding=\"async\" src=\"https:\/\/soccer.aidatasports.com\/images\/players\/67972.png\" alt=\"Conor Gallagher\" onerror=\"this.onerror=null;this.src='https:\/\/soccer.aidatasports.com\/images\/players\/default-player.png';\"><span>Conor Gallagher<\/span><\/a><\/div>\n<div class=\"player\"><a href=\"https:\/\/soccer.aidatasports.com\/fr\/players\/Antonio-Gomis-333379\"><img decoding=\"async\" src=\"https:\/\/soccer.aidatasports.com\/images\/players\/333379.png\" alt=\"Antonio Gomis\" onerror=\"this.onerror=null;this.src='https:\/\/soccer.aidatasports.com\/images\/players\/default-player.png';\"><span>Antonio Gomis<\/span><\/a><\/div>\n<div class=\"player\"><a href=\"https:\/\/soccer.aidatasports.com\/fr\/players\/Juan-Musso-2465\"><img decoding=\"async\" src=\"https:\/\/soccer.aidatasports.com\/images\/players\/2465.png\" alt=\"Juan Musso\" onerror=\"this.onerror=null;this.src='https:\/\/soccer.aidatasports.com\/images\/players\/default-player.png';\"><span>Juan Musso<\/span><\/a><\/div>\n<div class=\"player\"><a href=\"https:\/\/soccer.aidatasports.com\/fr\/players\/Cl\u00e9ment-Lenglet-133\"><img decoding=\"async\" src=\"https:\/\/soccer.aidatasports.com\/images\/players\/133.png\" alt=\"Cl\u00e9ment Lenglet\" onerror=\"this.onerror=null;this.src='https:\/\/soccer.aidatasports.com\/images\/players\/default-player.png';\"><span>Cl\u00e9ment Lenglet<\/span><\/a><\/div>\n<div class=\"player\"><a href=\"https:\/\/soccer.aidatasports.com\/fr\/players\/Axel-Witsel-20\"><img decoding=\"async\" src=\"https:\/\/soccer.aidatasports.com\/images\/players\/20.png\" alt=\"Axel Witsel\" onerror=\"this.onerror=null;this.src='https:\/\/soccer.aidatasports.com\/images\/players\/default-player.png';\"><span>Axel Witsel<\/span><\/a><\/div>\n<div class=\"player\"><a href=\"https:\/\/soccer.aidatasports.com\/fr\/players\/Reinildo-Mandava-22225\"><img decoding=\"async\" src=\"https:\/\/soccer.aidatasports.com\/images\/players\/22225.png\" alt=\"Reinildo Mandava\" onerror=\"this.onerror=null;this.src='https:\/\/soccer.aidatasports.com\/images\/players\/default-player.png';\"><span>Reinildo Mandava<\/span><\/a><\/div>\n<div class=\"player\"><a href=\"https:\/\/soccer.aidatasports.com\/fr\/players\/C\u00e9sar-Azpilicueta-2280\"><img decoding=\"async\" src=\"https:\/\/soccer.aidatasports.com\/images\/players\/2280.png\" alt=\"C\u00e9sar Azpilicueta\" onerror=\"this.onerror=null;this.src='https:\/\/soccer.aidatasports.com\/images\/players\/default-player.png';\"><span>C\u00e9sar Azpilicueta<\/span><\/a><\/div>\n<div class=\"player\"><a href=\"https:\/\/soccer.aidatasports.com\/fr\/players\/Rodrigo-Riquelme-136117\"><img decoding=\"async\" src=\"https:\/\/soccer.aidatasports.com\/images\/players\/136117.png\" alt=\"Rodrigo Riquelme\" onerror=\"this.onerror=null;this.src='https:\/\/soccer.aidatasports.com\/images\/players\/default-player.png';\"><span>Rodrigo Riquelme<\/span><\/a><\/div>\n<\/div>\n<\/div>\n<\/div>\n<\/div>\n<div id=\"wg-api-football-game\"\n                    data-host=\"xxxxx\"\n                    data-key=\"xxxx\"\n                    data-id=\"1208735\"\n                    data-theme=\"\"\n                    data-refresh=\"15\"\n                    data-show-errors=\"false\"\n                    data-show-logos=\"true\"><br \/>\n                    class=\u00a0\u00bbwg_loader\u00a0\u00bb>\n                <\/div>\n<div id=\"wg-api-football-standings\"\n                    data-host=\"xxxx\"\n                    data-key=\"ddddd\"\n                    data-league=\"140\"\n                    data-team=\"\"\n                    data-season=\"2024\"\n                    data-theme=\"\"\n                    data-show-errors=\"false\"\n                    data-show-logos=\"true\"\n                    class=\"wg_loader\">\n                <\/div>\n<p>                <script\n                    type=\"module\"\n                    src=\"https:\/\/soccer.aidatasports.com\/wp-content\/customjs\/widgetslocal.js\">\n                <\/script><\/p>\n","protected":false},"excerpt":{"rendered":"<p>French Le Getafe a r\u00e9alis\u00e9 une remont\u00e9e \u00e9pique face \u00e0 l&rsquo;Atl\u00e9tico Madrid lors d&rsquo;un match&hellip;<\/p>\n","protected":false},"author":1,"featured_media":89828,"comment_status":"open","ping_status":"open","sticky":false,"template":"","format":"standard","meta":{"content-type":"","pmpro_default_level":"","_lmt_disableupdate":"","_lmt_disable":"","_league":15837,"_fixture":1208735,"penci_pfeatured_image_ratio":"","penci_single_style":"","footnotes":""},"categories":[15837],"tags":[641,657],"class_list":["post-89829","post","type-post","status-publish","format-standard","has-post-thumbnail","hentry","category-matches","tag-atletico-madrid-spain-530","tag-getafe-spain-546","pmpro-has-access"],"_links":{"self":[{"href":"https:\/\/soccer.aidatasports.com\/fr\/wp-json\/wp\/v2\/posts\/89829"}],"collection":[{"href":"https:\/\/soccer.aidatasports.com\/fr\/wp-json\/wp\/v2\/posts"}],"about":[{"href":"https:\/\/soccer.aidatasports.com\/fr\/wp-json\/wp\/v2\/types\/post"}],"author":[{"embeddable":true,"href":"https:\/\/soccer.aidatasports.com\/fr\/wp-json\/wp\/v2\/users\/1"}],"replies":[{"embeddable":true,"href":"https:\/\/soccer.aidatasports.com\/fr\/wp-json\/wp\/v2\/comments?post=89829"}],"version-history":[{"count":0,"href":"https:\/\/soccer.aidatasports.com\/fr\/wp-json\/wp\/v2\/posts\/89829\/revisions"}],"wp:featuredmedia":[{"embeddable":true,"href":"https:\/\/soccer.aidatasports.com\/fr\/wp-json\/wp\/v2\/media\/89828"}],"wp:attachment":[{"href":"https:\/\/soccer.aidatasports.com\/fr\/wp-json\/wp\/v2\/media?parent=89829"}],"wp:term":[{"taxonomy":"category","embeddable":true,"href":"https:\/\/soccer.aidatasports.com\/fr\/wp-json\/wp\/v2\/categories?post=89829"},{"taxonomy":"post_tag","embeddable":true,"href":"https:\/\/soccer.aidatasports.com\/fr\/wp-json\/wp\/v2\/tags?post=89829"}],"curies":[{"name":"wp","href":"https:\/\/api.w.org\/{rel}","templated":true}]}}