{"id":89323,"date":"2025-03-07T21:02:51","date_gmt":"2025-03-07T21:02:51","guid":{"rendered":"https:\/\/soccer.aidatasports.com\/fr\/uncategorized\/emmen-vs-ado-den-haag-mar-07-2025-1900-utc\/"},"modified":"2025-03-07T21:02:51","modified_gmt":"2025-03-07T21:02:51","slug":"emmen-vs-ado-den-haag-mar-07-2025-1900-utc","status":"publish","type":"post","link":"https:\/\/soccer.aidatasports.com\/fr\/matches\/emmen-vs-ado-den-haag-mar-07-2025-1900-utc\/","title":{"rendered":"Emmen vs ADO Den Haag Mar 07 2025 19:00 UTC"},"content":{"rendered":"<p><strong>Fran\u00e7ais<\/strong><\/p>\n<p><strong>L&rsquo;ADO Den Haag s&rsquo;impose face \u00e0 Emmen dans un match palpitant au De Oude Meerdijk<\/strong><\/p>\n<p>Emmen, Pays-Bas &#8211; L&rsquo;ADO Den Haag a remport\u00e9 la victoire contre Emmen lors d&rsquo;une rencontre passionnante disput\u00e9e au stade De Oude Meerdijk le 7 mars 2025, dans le cadre de la 29\u00e8me journ\u00e9e de l&rsquo;Eerste Divisie.  Malgr\u00e9 une possession l\u00e9g\u00e8rement inf\u00e9rieure (48%), l&rsquo;ADO Den Haag a fait preuve d&rsquo;une plus grande efficacit\u00e9 offensive. Un but d&rsquo;E. Rottier \u00e0 la 13\u00e8me minute, sur une passe de D. van Mieghem, a suffi pour assurer les trois points. Le match a \u00e9t\u00e9 marqu\u00e9 par son intensit\u00e9, avec un total de 27 fautes commises entre les deux \u00e9quipes. L&rsquo;ADO Den Haag a termin\u00e9 avec deux cartons jaunes (Waem et Kilo), tandis qu&rsquo;Emmen n&rsquo;en a re\u00e7u qu&rsquo;un seul (Hammouti).  Bien qu&rsquo;Emmen ait eu plus de possession (52%) et cinq tirs cadr\u00e9s, seul un d&rsquo;entre eux a \u00e9t\u00e9 r\u00e9ellement dangereux. L&rsquo;ADO Den Haag, quant \u00e0 lui, a tir\u00e9 \u00e0 15 reprises, dont 4 cadr\u00e9s. La diff\u00e9rence d&rsquo;efficacit\u00e9 offensive a \u00e9t\u00e9 la cl\u00e9 de la victoire de l&rsquo;\u00e9quipe visiteuse. L&rsquo;arbitre du match \u00e9tait R. Dieperink.<\/p>\n<p>Remplacements dans l&rsquo;quipe de emmen: \u00c0 la 72e minute, T. Geypens est entr\u00e9 et J. Hawkins est sorti., \u00c0 la 85e minute, J. Soares est entr\u00e9 et J. Kade est sorti. <\/p>\n<p>Remplacements dans l&rsquo;quipe de ado den haag: \u00c0 la 78e minute, A. Schalk est entr\u00e9 et D. van Mieghem est sorti., \u00c0 la 85e minute, I. de Ruijter est entr\u00e9 et C. Peupion est sorti. <\/p>\n<p>Les \u00e9quipes se sont align\u00e9es comme suit:<\/p>\n<div class=\"lineups-container\">\n<style>\n                .lineups-container {\n                    display: flex;\n                    justify-content: space-around;\n                    flex-wrap: wrap;\n                }\n                .team-lineup {\n                    width: 49%;\n                    margin-bottom: 20px;\n                    border: 1px solid #ccc;\n                    padding: 5px;\n                }\n                .team-lineup h3 {\n                    text-align: center;\n                    margin-bottom: 10px;\n                }\n                .players-container {\n                    display: flex;\n                    justify-content: space-between;\n                }\n                .players-container div {\n                    width: 100%;\n                }\n                .player {\n                    display: flex;\n                    align-items: center;\n                    margin-bottom: 5px;\n                }\n                .player img {\n                    width: 30px;\n                    height: 30px;\n                    border-radius: 50%;\n                    margin-right: 10px;\n                }\n                    @media (max-width: 600px) {\n                    .team-lineup {\n                        width: 100%;\n                    }\n                }\n                <\/style>\n<div class=\"team-lineup\">\n<h3>Emmen<\/h3>\n<p><img decoding=\"async\" src=\"https:\/\/media.api-sports.io\/football\/teams\/208.png\" alt=\"Emmen\" style=\"width: 50px; height: 50px;\"><\/p>\n<div class=\"players-container\">\n<div>\n<h4>Titulares:<\/h4>\n<div class=\"player\"><a href=\"https:\/\/soccer.aidatasports.com\/fr\/players\/Jan-Hoekstra-38109\"><img decoding=\"async\" src=\"https:\/\/soccer.aidatasports.com\/images\/players\/38109.png\" alt=\"Jan Hoekstra\" onerror=\"this.onerror=null;this.src='https:\/\/soccer.aidatasports.com\/images\/players\/default-player.png';\"><span>Jan Hoekstra<\/span><\/a><\/div>\n<div class=\"player\"><a href=\"https:\/\/soccer.aidatasports.com\/fr\/players\/Faris-Hammouti-37668\"><img decoding=\"async\" src=\"https:\/\/soccer.aidatasports.com\/images\/players\/37668.png\" alt=\"Faris Hammouti\" onerror=\"this.onerror=null;this.src='https:\/\/soccer.aidatasports.com\/images\/players\/default-player.png';\"><span>Faris Hammouti<\/span><\/a><\/div>\n<div class=\"player\"><a href=\"https:\/\/soccer.aidatasports.com\/fr\/players\/Mike-te-Wierik-38118\"><img decoding=\"async\" src=\"https:\/\/soccer.aidatasports.com\/images\/players\/38118.png\" alt=\"Mike te Wierik\" onerror=\"this.onerror=null;this.src='https:\/\/soccer.aidatasports.com\/images\/players\/default-player.png';\"><span>Mike te Wierik<\/span><\/a><\/div>\n<div class=\"player\"><a href=\"https:\/\/soccer.aidatasports.com\/fr\/players\/Pascal-Mulder-272857\"><img decoding=\"async\" src=\"https:\/\/soccer.aidatasports.com\/images\/players\/272857.png\" alt=\"Pascal Mulder\" onerror=\"this.onerror=null;this.src='https:\/\/soccer.aidatasports.com\/images\/players\/default-player.png';\"><span>Pascal Mulder<\/span><\/a><\/div>\n<div class=\"player\"><a href=\"https:\/\/soccer.aidatasports.com\/fr\/players\/Dennis-Vos-163010\"><img decoding=\"async\" src=\"https:\/\/soccer.aidatasports.com\/images\/players\/163010.png\" alt=\"Dennis Vos\" onerror=\"this.onerror=null;this.src='https:\/\/soccer.aidatasports.com\/images\/players\/default-player.png';\"><span>Dennis Vos<\/span><\/a><\/div>\n<div class=\"player\"><a href=\"https:\/\/soccer.aidatasports.com\/fr\/players\/Torben-Rhein-162077\"><img decoding=\"async\" src=\"https:\/\/soccer.aidatasports.com\/images\/players\/162077.png\" alt=\"Torben Rhein\" onerror=\"this.onerror=null;this.src='https:\/\/soccer.aidatasports.com\/images\/players\/default-player.png';\"><span>Torben Rhein<\/span><\/a><\/div>\n<div class=\"player\"><a href=\"https:\/\/soccer.aidatasports.com\/fr\/players\/Fridolin-Wagner-91186\"><img decoding=\"async\" src=\"https:\/\/soccer.aidatasports.com\/images\/players\/91186.png\" alt=\"Fridolin Wagner\" onerror=\"this.onerror=null;this.src='https:\/\/soccer.aidatasports.com\/images\/players\/default-player.png';\"><span>Fridolin Wagner<\/span><\/a><\/div>\n<div class=\"player\"><a href=\"https:\/\/soccer.aidatasports.com\/fr\/players\/Jalen-Hawkins-202745\"><img decoding=\"async\" src=\"https:\/\/soccer.aidatasports.com\/images\/players\/202745.png\" alt=\"Jalen Hawkins\" onerror=\"this.onerror=null;this.src='https:\/\/soccer.aidatasports.com\/images\/players\/default-player.png';\"><span>Jalen Hawkins<\/span><\/a><\/div>\n<div class=\"player\"><a href=\"https:\/\/soccer.aidatasports.com\/fr\/players\/Julius-Kade-25351\"><img decoding=\"async\" src=\"https:\/\/soccer.aidatasports.com\/images\/players\/25351.png\" alt=\"Julius Kade\" onerror=\"this.onerror=null;this.src='https:\/\/soccer.aidatasports.com\/images\/players\/default-player.png';\"><span>Julius Kade<\/span><\/a><\/div>\n<div class=\"player\"><a href=\"https:\/\/soccer.aidatasports.com\/fr\/players\/Kelian-Nsona-178878\"><img decoding=\"async\" src=\"https:\/\/soccer.aidatasports.com\/images\/players\/178878.png\" alt=\"Kelian Nsona\" onerror=\"this.onerror=null;this.src='https:\/\/soccer.aidatasports.com\/images\/players\/default-player.png';\"><span>Kelian Nsona<\/span><\/a><\/div>\n<div class=\"player\"><a href=\"https:\/\/soccer.aidatasports.com\/fr\/players\/Yannick-Eduardo-404133\"><img decoding=\"async\" src=\"https:\/\/soccer.aidatasports.com\/images\/players\/404133.png\" alt=\"Yannick Eduardo\" onerror=\"this.onerror=null;this.src='https:\/\/soccer.aidatasports.com\/images\/players\/default-player.png';\"><span>Yannick Eduardo<\/span><\/a><\/div>\n<\/div>\n<div>\n<h4>Suplentes:<\/h4>\n<div class=\"player\"><a href=\"https:\/\/soccer.aidatasports.com\/fr\/players\/Robin-Jalving-93114\"><img decoding=\"async\" src=\"https:\/\/soccer.aidatasports.com\/images\/players\/93114.png\" alt=\"Robin Jalving\" onerror=\"this.onerror=null;this.src='https:\/\/soccer.aidatasports.com\/images\/players\/default-player.png';\"><span>Robin Jalving<\/span><\/a><\/div>\n<div class=\"player\"><a href=\"https:\/\/soccer.aidatasports.com\/fr\/players\/Kevin-Norder-503555\"><img decoding=\"async\" src=\"https:\/\/soccer.aidatasports.com\/images\/players\/503555.png\" alt=\"Kevin Norder\" onerror=\"this.onerror=null;this.src='https:\/\/soccer.aidatasports.com\/images\/players\/default-player.png';\"><span>Kevin Norder<\/span><\/a><\/div>\n<div class=\"player\"><a href=\"https:\/\/soccer.aidatasports.com\/fr\/players\/Gijs-Bolk-452717\"><img decoding=\"async\" src=\"https:\/\/soccer.aidatasports.com\/images\/players\/452717.png\" alt=\"Gijs Bolk\" onerror=\"this.onerror=null;this.src='https:\/\/soccer.aidatasports.com\/images\/players\/default-player.png';\"><span>Gijs Bolk<\/span><\/a><\/div>\n<div class=\"player\"><a href=\"https:\/\/soccer.aidatasports.com\/fr\/players\/Jorginho-Soares-351022\"><img decoding=\"async\" src=\"https:\/\/soccer.aidatasports.com\/images\/players\/351022.png\" alt=\"Jorginho Soares\" onerror=\"this.onerror=null;this.src='https:\/\/soccer.aidatasports.com\/images\/players\/default-player.png';\"><span>Jorginho Soares<\/span><\/a><\/div>\n<div class=\"player\"><a href=\"https:\/\/soccer.aidatasports.com\/fr\/players\/Djenahro-Nunumete-272540\"><img decoding=\"async\" src=\"https:\/\/soccer.aidatasports.com\/images\/players\/272540.png\" alt=\"Djenahro Nunumete\" onerror=\"this.onerror=null;this.src='https:\/\/soccer.aidatasports.com\/images\/players\/default-player.png';\"><span>Djenahro Nunumete<\/span><\/a><\/div>\n<div class=\"player\"><a href=\"https:\/\/soccer.aidatasports.com\/fr\/players\/Tim-Geypens-455201\"><img decoding=\"async\" src=\"https:\/\/soccer.aidatasports.com\/images\/players\/455201.png\" alt=\"Tim Geypens\" onerror=\"this.onerror=null;this.src='https:\/\/soccer.aidatasports.com\/images\/players\/default-player.png';\"><span>Tim Geypens<\/span><\/a><\/div>\n<div class=\"player\"><a href=\"https:\/\/soccer.aidatasports.com\/fr\/players\/Michael-Martin-260907\"><img decoding=\"async\" src=\"https:\/\/soccer.aidatasports.com\/images\/players\/260907.png\" alt=\"Michael Martin\" onerror=\"this.onerror=null;this.src='https:\/\/soccer.aidatasports.com\/images\/players\/default-player.png';\"><span>Michael Martin<\/span><\/a><\/div>\n<div class=\"player\"><a href=\"https:\/\/soccer.aidatasports.com\/fr\/players\/Alaa-Bakir-145478\"><img decoding=\"async\" src=\"https:\/\/soccer.aidatasports.com\/images\/players\/145478.png\" alt=\"Alaa Bakir\" onerror=\"this.onerror=null;this.src='https:\/\/soccer.aidatasports.com\/images\/players\/default-player.png';\"><span>Alaa Bakir<\/span><\/a><\/div>\n<div class=\"player\"><a href=\"https:\/\/soccer.aidatasports.com\/fr\/players\/Jorn-Hekkert-465870\"><img decoding=\"async\" src=\"https:\/\/soccer.aidatasports.com\/images\/players\/465870.png\" alt=\"Jorn Hekkert\" onerror=\"this.onerror=null;this.src='https:\/\/soccer.aidatasports.com\/images\/players\/default-player.png';\"><span>Jorn Hekkert<\/span><\/a><\/div>\n<div class=\"player\"><a href=\"https:\/\/soccer.aidatasports.com\/fr\/players\/Stan-van-Manen-507603\"><img decoding=\"async\" src=\"https:\/\/soccer.aidatasports.com\/images\/players\/507603.png\" alt=\"Stan van Manen\" onerror=\"this.onerror=null;this.src='https:\/\/soccer.aidatasports.com\/images\/players\/default-player.png';\"><span>Stan van Manen<\/span><\/a><\/div>\n<div class=\"player\"><a href=\"https:\/\/soccer.aidatasports.com\/fr\/players\/Chardi-Landu-206253\"><img decoding=\"async\" src=\"https:\/\/soccer.aidatasports.com\/images\/players\/206253.png\" alt=\"Chardi Landu\" onerror=\"this.onerror=null;this.src='https:\/\/soccer.aidatasports.com\/images\/players\/default-player.png';\"><span>Chardi Landu<\/span><\/a><\/div>\n<\/div>\n<\/div>\n<\/div>\n<div class=\"team-lineup\">\n<h3>ADO Den Haag<\/h3>\n<p><img decoding=\"async\" src=\"https:\/\/media.api-sports.io\/football\/teams\/198.png\" alt=\"ADO Den Haag\" style=\"width: 50px; height: 50px;\"><\/p>\n<div class=\"players-container\">\n<div>\n<h4>Titulares:<\/h4>\n<div class=\"player\"><a href=\"https:\/\/soccer.aidatasports.com\/fr\/players\/Kilian-Niki\u00e8ma-140946\"><img decoding=\"async\" src=\"https:\/\/soccer.aidatasports.com\/images\/players\/140946.png\" alt=\"Kilian Niki\u00e8ma\" onerror=\"this.onerror=null;this.src='https:\/\/soccer.aidatasports.com\/images\/players\/default-player.png';\"><span>Kilian Niki\u00e8ma<\/span><\/a><\/div>\n<div class=\"player\"><a href=\"https:\/\/soccer.aidatasports.com\/fr\/players\/Steven-Van-Der-Sloot-161882\"><img decoding=\"async\" src=\"https:\/\/soccer.aidatasports.com\/images\/players\/161882.png\" alt=\"Steven Van Der Sloot\" onerror=\"this.onerror=null;this.src='https:\/\/soccer.aidatasports.com\/images\/players\/default-player.png';\"><span>Steven Van Der Sloot<\/span><\/a><\/div>\n<div class=\"player\"><a href=\"https:\/\/soccer.aidatasports.com\/fr\/players\/Diogo-Tomas-55311\"><img decoding=\"async\" src=\"https:\/\/soccer.aidatasports.com\/images\/players\/55311.png\" alt=\"Diogo Tomas\" onerror=\"this.onerror=null;this.src='https:\/\/soccer.aidatasports.com\/images\/players\/default-player.png';\"><span>Diogo Tomas<\/span><\/a><\/div>\n<div class=\"player\"><a href=\"https:\/\/soccer.aidatasports.com\/fr\/players\/Matteo-Waem-275581\"><img decoding=\"async\" src=\"https:\/\/soccer.aidatasports.com\/images\/players\/275581.png\" alt=\"Matteo Waem\" onerror=\"this.onerror=null;this.src='https:\/\/soccer.aidatasports.com\/images\/players\/default-player.png';\"><span>Matteo Waem<\/span><\/a><\/div>\n<div class=\"player\"><a href=\"https:\/\/soccer.aidatasports.com\/fr\/players\/Sekou-Sylla-37960\"><img decoding=\"async\" src=\"https:\/\/soccer.aidatasports.com\/images\/players\/37960.png\" alt=\"Sekou Sylla\" onerror=\"this.onerror=null;this.src='https:\/\/soccer.aidatasports.com\/images\/players\/default-player.png';\"><span>Sekou Sylla<\/span><\/a><\/div>\n<div class=\"player\"><a href=\"https:\/\/soccer.aidatasports.com\/fr\/players\/Juho-Kilo-202529\"><img decoding=\"async\" src=\"https:\/\/soccer.aidatasports.com\/images\/players\/202529.png\" alt=\"Juho Kilo\" onerror=\"this.onerror=null;this.src='https:\/\/soccer.aidatasports.com\/images\/players\/default-player.png';\"><span>Juho Kilo<\/span><\/a><\/div>\n<div class=\"player\"><a href=\"https:\/\/soccer.aidatasports.com\/fr\/players\/Jari-Vlak-37753\"><img decoding=\"async\" src=\"https:\/\/soccer.aidatasports.com\/images\/players\/37753.png\" alt=\"Jari Vlak\" onerror=\"this.onerror=null;this.src='https:\/\/soccer.aidatasports.com\/images\/players\/default-player.png';\"><span>Jari Vlak<\/span><\/a><\/div>\n<div class=\"player\"><a href=\"https:\/\/soccer.aidatasports.com\/fr\/players\/Daryl-van-Mieghem-37245\"><img decoding=\"async\" src=\"https:\/\/soccer.aidatasports.com\/images\/players\/37245.png\" alt=\"Daryl van Mieghem\" onerror=\"this.onerror=null;this.src='https:\/\/soccer.aidatasports.com\/images\/players\/default-player.png';\"><span>Daryl van Mieghem<\/span><\/a><\/div>\n<div class=\"player\"><a href=\"https:\/\/soccer.aidatasports.com\/fr\/players\/Evan-Rottier-277753\"><img decoding=\"async\" src=\"https:\/\/soccer.aidatasports.com\/images\/players\/277753.png\" alt=\"Evan Rottier\" onerror=\"this.onerror=null;this.src='https:\/\/soccer.aidatasports.com\/images\/players\/default-player.png';\"><span>Evan Rottier<\/span><\/a><\/div>\n<div class=\"player\"><a href=\"https:\/\/soccer.aidatasports.com\/fr\/players\/Cameron-Peupion-216809\"><img decoding=\"async\" src=\"https:\/\/soccer.aidatasports.com\/images\/players\/216809.png\" alt=\"Cameron Peupion\" onerror=\"this.onerror=null;this.src='https:\/\/soccer.aidatasports.com\/images\/players\/default-player.png';\"><span>Cameron Peupion<\/span><\/a><\/div>\n<div class=\"player\"><a href=\"https:\/\/soccer.aidatasports.com\/fr\/players\/Lee-Bonis-135545\"><img decoding=\"async\" src=\"https:\/\/soccer.aidatasports.com\/images\/players\/135545.png\" alt=\"Lee Bonis\" onerror=\"this.onerror=null;this.src='https:\/\/soccer.aidatasports.com\/images\/players\/default-player.png';\"><span>Lee Bonis<\/span><\/a><\/div>\n<\/div>\n<div>\n<h4>Suplentes:<\/h4>\n<div class=\"player\"><a href=\"https:\/\/soccer.aidatasports.com\/fr\/players\/Hugo-Wentges-292704\"><img decoding=\"async\" src=\"https:\/\/soccer.aidatasports.com\/images\/players\/292704.png\" alt=\"Hugo Wentges\" onerror=\"this.onerror=null;this.src='https:\/\/soccer.aidatasports.com\/images\/players\/default-player.png';\"><span>Hugo Wentges<\/span><\/a><\/div>\n<div class=\"player\"><a href=\"https:\/\/soccer.aidatasports.com\/fr\/players\/Tim-Coremans-37417\"><img decoding=\"async\" src=\"https:\/\/soccer.aidatasports.com\/images\/players\/37417.png\" alt=\"Tim Coremans\" onerror=\"this.onerror=null;this.src='https:\/\/soccer.aidatasports.com\/images\/players\/default-player.png';\"><span>Tim Coremans<\/span><\/a><\/div>\n<div class=\"player\"><a href=\"https:\/\/soccer.aidatasports.com\/fr\/players\/Taneli-H\u00e4m\u00e4l\u00e4inen-196073\"><img decoding=\"async\" src=\"https:\/\/soccer.aidatasports.com\/images\/players\/196073.png\" alt=\"Taneli H\u00e4m\u00e4l\u00e4inen\" onerror=\"this.onerror=null;this.src='https:\/\/soccer.aidatasports.com\/images\/players\/default-player.png';\"><span>Taneli H\u00e4m\u00e4l\u00e4inen<\/span><\/a><\/div>\n<div class=\"player\"><a href=\"https:\/\/soccer.aidatasports.com\/fr\/players\/Illaijh-de-Ruijter-497112\"><img decoding=\"async\" src=\"https:\/\/soccer.aidatasports.com\/images\/players\/497112.png\" alt=\"Illaijh de Ruijter\" onerror=\"this.onerror=null;this.src='https:\/\/soccer.aidatasports.com\/images\/players\/default-player.png';\"><span>Illaijh de Ruijter<\/span><\/a><\/div>\n<div class=\"player\"><a href=\"https:\/\/soccer.aidatasports.com\/fr\/players\/Sky-Heesen-501743\"><img decoding=\"async\" src=\"https:\/\/soccer.aidatasports.com\/images\/players\/501743.png\" alt=\"Sky Heesen\" onerror=\"this.onerror=null;this.src='https:\/\/soccer.aidatasports.com\/images\/players\/default-player.png';\"><span>Sky Heesen<\/span><\/a><\/div>\n<div class=\"player\"><a href=\"https:\/\/soccer.aidatasports.com\/fr\/players\/Alex-Schalk-48620\"><img decoding=\"async\" src=\"https:\/\/soccer.aidatasports.com\/images\/players\/48620.png\" alt=\"Alex Schalk\" onerror=\"this.onerror=null;this.src='https:\/\/soccer.aidatasports.com\/images\/players\/default-player.png';\"><span>Alex Schalk<\/span><\/a><\/div>\n<div class=\"player\"><a href=\"https:\/\/soccer.aidatasports.com\/fr\/players\/Finn-de-Bruin-452643\"><img decoding=\"async\" src=\"https:\/\/soccer.aidatasports.com\/images\/players\/452643.png\" alt=\"Finn de Bruin\" onerror=\"this.onerror=null;this.src='https:\/\/soccer.aidatasports.com\/images\/players\/default-player.png';\"><span>Finn de Bruin<\/span><\/a><\/div>\n<div class=\"player\"><a href=\"https:\/\/soccer.aidatasports.com\/fr\/players\/Joey-Brandt-503095\"><img decoding=\"async\" src=\"https:\/\/soccer.aidatasports.com\/images\/players\/503095.png\" alt=\"Joey Brandt\" onerror=\"this.onerror=null;this.src='https:\/\/soccer.aidatasports.com\/images\/players\/default-player.png';\"><span>Joey Brandt<\/span><\/a><\/div>\n<div class=\"player\"><a href=\"https:\/\/soccer.aidatasports.com\/fr\/players\/Dano-Lourens-377268\"><img decoding=\"async\" src=\"https:\/\/soccer.aidatasports.com\/images\/players\/377268.png\" alt=\"Dano Lourens\" onerror=\"this.onerror=null;this.src='https:\/\/soccer.aidatasports.com\/images\/players\/default-player.png';\"><span>Dano Lourens<\/span><\/a><\/div>\n<div class=\"player\"><a href=\"https:\/\/soccer.aidatasports.com\/fr\/players\/Jaynilson-Geoffery-503096\"><img decoding=\"async\" src=\"https:\/\/soccer.aidatasports.com\/images\/players\/503096.png\" alt=\"Jaynilson Geoffery\" onerror=\"this.onerror=null;this.src='https:\/\/soccer.aidatasports.com\/images\/players\/default-player.png';\"><span>Jaynilson Geoffery<\/span><\/a><\/div>\n<div class=\"player\"><a href=\"https:\/\/soccer.aidatasports.com\/fr\/players\/Issac-Dijkhuizen-390176\"><img decoding=\"async\" src=\"https:\/\/soccer.aidatasports.com\/images\/players\/390176.png\" alt=\"Issac Dijkhuizen\" onerror=\"this.onerror=null;this.src='https:\/\/soccer.aidatasports.com\/images\/players\/default-player.png';\"><span>Issac Dijkhuizen<\/span><\/a><\/div>\n<div class=\"player\"><a href=\"https:\/\/soccer.aidatasports.com\/fr\/players\/Maikey-Houwaart-452388\"><img decoding=\"async\" src=\"https:\/\/soccer.aidatasports.com\/images\/players\/452388.png\" alt=\"Maikey Houwaart\" onerror=\"this.onerror=null;this.src='https:\/\/soccer.aidatasports.com\/images\/players\/default-player.png';\"><span>Maikey Houwaart<\/span><\/a><\/div>\n<\/div>\n<\/div>\n<\/div>\n<\/div>\n<div id=\"wg-api-football-game\"\n                    data-host=\"xxxxx\"\n                    data-key=\"xxxx\"\n                    data-id=\"1210119\"\n                    data-theme=\"\"\n                    data-refresh=\"15\"\n                    data-show-errors=\"false\"\n                    data-show-logos=\"true\"><br \/>\n                    class=\u00a0\u00bbwg_loader\u00a0\u00bb>\n                <\/div>\n<div id=\"wg-api-football-standings\"\n                    data-host=\"xxxx\"\n                    data-key=\"ddddd\"\n                    data-league=\"89\"\n                    data-team=\"\"\n                    data-season=\"2024\"\n                    data-theme=\"\"\n                    data-show-errors=\"false\"\n                    data-show-logos=\"true\"\n                    class=\"wg_loader\">\n                <\/div>\n<p>                <script\n                    type=\"module\"\n                    src=\"https:\/\/soccer.aidatasports.com\/wp-content\/customjs\/widgetslocal.js\">\n                <\/script><\/p>\n","protected":false},"excerpt":{"rendered":"<p>Fran\u00e7ais L&rsquo;ADO Den Haag s&rsquo;impose face \u00e0 Emmen dans un match palpitant au De Oude&hellip;<\/p>\n","protected":false},"author":1,"featured_media":89322,"comment_status":"open","ping_status":"open","sticky":false,"template":"","format":"standard","meta":{"content-type":"","pmpro_default_level":"","_lmt_disableupdate":"","_lmt_disable":"","_league":15837,"_fixture":1210119,"penci_pfeatured_image_ratio":"","penci_single_style":"","footnotes":""},"categories":[15837],"tags":[321,331],"class_list":["post-89323","post","type-post","status-publish","format-standard","has-post-thumbnail","hentry","category-matches","tag-ado-den-haag-netherlands-198","tag-emmen-netherlands-208","pmpro-has-access"],"_links":{"self":[{"href":"https:\/\/soccer.aidatasports.com\/fr\/wp-json\/wp\/v2\/posts\/89323"}],"collection":[{"href":"https:\/\/soccer.aidatasports.com\/fr\/wp-json\/wp\/v2\/posts"}],"about":[{"href":"https:\/\/soccer.aidatasports.com\/fr\/wp-json\/wp\/v2\/types\/post"}],"author":[{"embeddable":true,"href":"https:\/\/soccer.aidatasports.com\/fr\/wp-json\/wp\/v2\/users\/1"}],"replies":[{"embeddable":true,"href":"https:\/\/soccer.aidatasports.com\/fr\/wp-json\/wp\/v2\/comments?post=89323"}],"version-history":[{"count":0,"href":"https:\/\/soccer.aidatasports.com\/fr\/wp-json\/wp\/v2\/posts\/89323\/revisions"}],"wp:featuredmedia":[{"embeddable":true,"href":"https:\/\/soccer.aidatasports.com\/fr\/wp-json\/wp\/v2\/media\/89322"}],"wp:attachment":[{"href":"https:\/\/soccer.aidatasports.com\/fr\/wp-json\/wp\/v2\/media?parent=89323"}],"wp:term":[{"taxonomy":"category","embeddable":true,"href":"https:\/\/soccer.aidatasports.com\/fr\/wp-json\/wp\/v2\/categories?post=89323"},{"taxonomy":"post_tag","embeddable":true,"href":"https:\/\/soccer.aidatasports.com\/fr\/wp-json\/wp\/v2\/tags?post=89323"}],"curies":[{"name":"wp","href":"https:\/\/api.w.org\/{rel}","templated":true}]}}