{"id":89321,"date":"2025-03-07T21:02:18","date_gmt":"2025-03-07T21:02:18","guid":{"rendered":"https:\/\/soccer.aidatasports.com\/fr\/uncategorized\/fc-eindhoven-vs-vitesse-mar-07-2025-1900-utc\/"},"modified":"2025-03-07T21:02:18","modified_gmt":"2025-03-07T21:02:18","slug":"fc-eindhoven-vs-vitesse-mar-07-2025-1900-utc","status":"publish","type":"post","link":"https:\/\/soccer.aidatasports.com\/fr\/matches\/fc-eindhoven-vs-vitesse-mar-07-2025-1900-utc\/","title":{"rendered":"FC Eindhoven vs Vitesse Mar 07 2025 19:00 UTC"},"content":{"rendered":"<p><strong>Franc\u00e9s<\/strong><\/p>\n<p>Le Vitesse s&rsquo;impose face au FC Eindhoven lors d&rsquo;une rencontre palpitante disput\u00e9e au Jan Louwers Stadion d&rsquo;Eindhoven. Le match, comptant pour la 29\u00e8me journ\u00e9e de la Eerste Divisie de la saison 2024, s&rsquo;est termin\u00e9 sur le score de 4-3 en faveur du Vitesse. I. Yegoian a ouvert le score pour le Vitesse \u00e0 la 8\u00e8me minute, assist\u00e9 par G. de Regt. A. Buttner a ensuite doubl\u00e9 la mise \u00e0 la 32\u00e8me minute, gr\u00e2ce \u00e0 une passe d\u00e9cisive d&rsquo;I. Yegoian.  Cependant, le FC Eindhoven a r\u00e9agi rapidement, r\u00e9duisant le score \u00e0 la 37\u00e8me minute gr\u00e2ce \u00e0 un but de B. van Schuppen, assist\u00e9 par J. Konings.<\/p>\n<p>La seconde p\u00e9riode a gard\u00e9 le m\u00eame rythme intense. B. van Schuppen a inscrit son deuxi\u00e8me but \u00e0 la 69\u00e8me minute, assist\u00e9 par A. El Bouchataoui, et R. Janga a port\u00e9 le score \u00e0 3-2 \u00e0 la 74\u00e8me minute, \u00e9galement assist\u00e9 par A. El Bouchataoui. Le Vitesse a r\u00e9ussi \u00e0 \u00e9galiser gr\u00e2ce \u00e0 un penalty transform\u00e9 par A. Buttner \u00e0 la 80\u00e8me minute. Vitesse a ensuite marqu\u00e9 \u00e0 nouveau pour assurer sa victoire.<\/p>\n<p>Le match a \u00e9t\u00e9 marqu\u00e9 par un nombre \u00e9gal de tirs, 16 pour chaque \u00e9quipe, bien que le Vitesse ait \u00e9t\u00e9 plus efficace devant le but, avec 8 tirs cadr\u00e9s contre 5 pour le FC Eindhoven. La possession a l\u00e9g\u00e8rement favoris\u00e9 le FC Eindhoven (53% contre 47%). Malgr\u00e9 sa d\u00e9faite, le FC Eindhoven a montr\u00e9 un excellent jeu offensif. L&rsquo;arbitre du match \u00e9tait M. Perez.<\/p>\n<p>Remplacements dans l&rsquo;quipe de vitesse: \u00c0 la 61e minute, J. Koller est entr\u00e9 et S. van Duivenbooden est sorti., \u00c0 la 62e minute, A. Visser est entr\u00e9 et B. Huisman est sorti., \u00c0 la 81e minute, T. Macheras est entr\u00e9 et D. Hoogewerf est sorti., \u00c0 la 82e minute, M. Steffen est entr\u00e9 et A. Buttner est sorti. <\/p>\n<p>Remplacements dans l&rsquo;quipe de fc eindhoven: \u00c0 la 62e minute, S. Simons est entr\u00e9 et J. Konings est sorti., \u00c0 la 71e minute, L. Verheij est entr\u00e9 et T. Simons est sorti., \u00c0 la 82e minute, M. Peijnenburg est entr\u00e9 et D. Dorenbosch est sorti., \u00c0 la 82e minute, J. Sleegers est entr\u00e9 et D. Huisman est sorti. <\/p>\n<p>Les \u00e9quipes se sont align\u00e9es comme suit:<\/p>\n<div class=\"lineups-container\">\n<style>\n                .lineups-container {\n                    display: flex;\n                    justify-content: space-around;\n                    flex-wrap: wrap;\n                }\n                .team-lineup {\n                    width: 49%;\n                    margin-bottom: 20px;\n                    border: 1px solid #ccc;\n                    padding: 5px;\n                }\n                .team-lineup h3 {\n                    text-align: center;\n                    margin-bottom: 10px;\n                }\n                .players-container {\n                    display: flex;\n                    justify-content: space-between;\n                }\n                .players-container div {\n                    width: 100%;\n                }\n                .player {\n                    display: flex;\n                    align-items: center;\n                    margin-bottom: 5px;\n                }\n                .player img {\n                    width: 30px;\n                    height: 30px;\n                    border-radius: 50%;\n                    margin-right: 10px;\n                }\n                    @media (max-width: 600px) {\n                    .team-lineup {\n                        width: 100%;\n                    }\n                }\n                <\/style>\n<div class=\"team-lineup\">\n<h3>FC Eindhoven<\/h3>\n<p><img decoding=\"async\" src=\"https:\/\/media.api-sports.io\/football\/teams\/422.png\" alt=\"FC Eindhoven\" style=\"width: 50px; height: 50px;\"><\/p>\n<div class=\"players-container\">\n<div>\n<h4>Titulares:<\/h4>\n<div class=\"player\"><a href=\"https:\/\/soccer.aidatasports.com\/fr\/players\/Jort-Borgmans-193295\"><img decoding=\"async\" src=\"https:\/\/soccer.aidatasports.com\/images\/players\/193295.png\" alt=\"Jort Borgmans\" onerror=\"this.onerror=null;this.src='https:\/\/soccer.aidatasports.com\/images\/players\/default-player.png';\"><span>Jort Borgmans<\/span><\/a><\/div>\n<div class=\"player\"><a href=\"https:\/\/soccer.aidatasports.com\/fr\/players\/Collin-Seedorf-37638\"><img decoding=\"async\" src=\"https:\/\/soccer.aidatasports.com\/images\/players\/37638.png\" alt=\"Collin Seedorf\" onerror=\"this.onerror=null;this.src='https:\/\/soccer.aidatasports.com\/images\/players\/default-player.png';\"><span>Collin Seedorf<\/span><\/a><\/div>\n<div class=\"player\"><a href=\"https:\/\/soccer.aidatasports.com\/fr\/players\/Farouq-Limouri-302912\"><img decoding=\"async\" src=\"https:\/\/soccer.aidatasports.com\/images\/players\/302912.png\" alt=\"Farouq Limouri\" onerror=\"this.onerror=null;this.src='https:\/\/soccer.aidatasports.com\/images\/players\/default-player.png';\"><span>Farouq Limouri<\/span><\/a><\/div>\n<div class=\"player\"><a href=\"https:\/\/soccer.aidatasports.com\/fr\/players\/Shane-van-Aarle-454546\"><img decoding=\"async\" src=\"https:\/\/soccer.aidatasports.com\/images\/players\/454546.png\" alt=\"Shane van Aarle\" onerror=\"this.onerror=null;this.src='https:\/\/soccer.aidatasports.com\/images\/players\/default-player.png';\"><span>Shane van Aarle<\/span><\/a><\/div>\n<div class=\"player\"><a href=\"https:\/\/soccer.aidatasports.com\/fr\/players\/Tyrese-Simons-455129\"><img decoding=\"async\" src=\"https:\/\/soccer.aidatasports.com\/images\/players\/455129.png\" alt=\"Tyrese Simons\" onerror=\"this.onerror=null;this.src='https:\/\/soccer.aidatasports.com\/images\/players\/default-player.png';\"><span>Tyrese Simons<\/span><\/a><\/div>\n<div class=\"player\"><a href=\"https:\/\/soccer.aidatasports.com\/fr\/players\/Dyon-Dorenbosch-373797\"><img decoding=\"async\" src=\"https:\/\/soccer.aidatasports.com\/images\/players\/373797.png\" alt=\"Dyon Dorenbosch\" onerror=\"this.onerror=null;this.src='https:\/\/soccer.aidatasports.com\/images\/players\/default-player.png';\"><span>Dyon Dorenbosch<\/span><\/a><\/div>\n<div class=\"player\"><a href=\"https:\/\/soccer.aidatasports.com\/fr\/players\/Daan-Huisman-272729\"><img decoding=\"async\" src=\"https:\/\/soccer.aidatasports.com\/images\/players\/272729.png\" alt=\"Daan Huisman\" onerror=\"this.onerror=null;this.src='https:\/\/soccer.aidatasports.com\/images\/players\/default-player.png';\"><span>Daan Huisman<\/span><\/a><\/div>\n<div class=\"player\"><a href=\"https:\/\/soccer.aidatasports.com\/fr\/players\/Joey-Konings-37271\"><img decoding=\"async\" src=\"https:\/\/soccer.aidatasports.com\/images\/players\/37271.png\" alt=\"Joey Konings\" onerror=\"this.onerror=null;this.src='https:\/\/soccer.aidatasports.com\/images\/players\/default-player.png';\"><span>Joey Konings<\/span><\/a><\/div>\n<div class=\"player\"><a href=\"https:\/\/soccer.aidatasports.com\/fr\/players\/Boris-van-Schuppen-288301\"><img decoding=\"async\" src=\"https:\/\/soccer.aidatasports.com\/images\/players\/288301.png\" alt=\"Boris van Schuppen\" onerror=\"this.onerror=null;this.src='https:\/\/soccer.aidatasports.com\/images\/players\/default-player.png';\"><span>Boris van Schuppen<\/span><\/a><\/div>\n<div class=\"player\"><a href=\"https:\/\/soccer.aidatasports.com\/fr\/players\/Achraf-El-Bouchataoui-129046\"><img decoding=\"async\" src=\"https:\/\/soccer.aidatasports.com\/images\/players\/129046.png\" alt=\"Achraf El Bouchataoui\" onerror=\"this.onerror=null;this.src='https:\/\/soccer.aidatasports.com\/images\/players\/default-player.png';\"><span>Achraf El Bouchataoui<\/span><\/a><\/div>\n<div class=\"player\"><a href=\"https:\/\/soccer.aidatasports.com\/fr\/players\/Rangelo-Janga-2242\"><img decoding=\"async\" src=\"https:\/\/soccer.aidatasports.com\/images\/players\/2242.png\" alt=\"Rangelo Janga\" onerror=\"this.onerror=null;this.src='https:\/\/soccer.aidatasports.com\/images\/players\/default-player.png';\"><span>Rangelo Janga<\/span><\/a><\/div>\n<\/div>\n<div>\n<h4>Suplentes:<\/h4>\n<div class=\"player\"><a href=\"https:\/\/soccer.aidatasports.com\/fr\/players\/Sven-Simons-357051\"><img decoding=\"async\" src=\"https:\/\/soccer.aidatasports.com\/images\/players\/357051.png\" alt=\"Sven Simons\" onerror=\"this.onerror=null;this.src='https:\/\/soccer.aidatasports.com\/images\/players\/default-player.png';\"><span>Sven Simons<\/span><\/a><\/div>\n<div class=\"player\"><a href=\"https:\/\/soccer.aidatasports.com\/fr\/players\/Justin-Manders-435572\"><img decoding=\"async\" src=\"https:\/\/soccer.aidatasports.com\/images\/players\/435572.png\" alt=\"Justin Manders\" onerror=\"this.onerror=null;this.src='https:\/\/soccer.aidatasports.com\/images\/players\/default-player.png';\"><span>Justin Manders<\/span><\/a><\/div>\n<div class=\"player\"><a href=\"https:\/\/soccer.aidatasports.com\/fr\/players\/Roel-van-Zutphen-402302\"><img decoding=\"async\" src=\"https:\/\/soccer.aidatasports.com\/images\/players\/402302.png\" alt=\"Roel van Zutphen\" onerror=\"this.onerror=null;this.src='https:\/\/soccer.aidatasports.com\/images\/players\/default-player.png';\"><span>Roel van Zutphen<\/span><\/a><\/div>\n<div class=\"player\"><a href=\"https:\/\/soccer.aidatasports.com\/fr\/players\/Luuk-Verheij-468421\"><img decoding=\"async\" src=\"https:\/\/soccer.aidatasports.com\/images\/players\/468421.png\" alt=\"Luuk Verheij\" onerror=\"this.onerror=null;this.src='https:\/\/soccer.aidatasports.com\/images\/players\/default-player.png';\"><span>Luuk Verheij<\/span><\/a><\/div>\n<div class=\"player\"><a href=\"https:\/\/soccer.aidatasports.com\/fr\/players\/Ruben-van-Ejindhoven-476870\"><img decoding=\"async\" src=\"https:\/\/soccer.aidatasports.com\/images\/players\/476870.png\" alt=\"Ruben van Ejindhoven\" onerror=\"this.onerror=null;this.src='https:\/\/soccer.aidatasports.com\/images\/players\/default-player.png';\"><span>Ruben van Ejindhoven<\/span><\/a><\/div>\n<div class=\"player\"><a href=\"https:\/\/soccer.aidatasports.com\/fr\/players\/Maarten-Peijnenburg-37703\"><img decoding=\"async\" src=\"https:\/\/soccer.aidatasports.com\/images\/players\/37703.png\" alt=\"Maarten Peijnenburg\" onerror=\"this.onerror=null;this.src='https:\/\/soccer.aidatasports.com\/images\/players\/default-player.png';\"><span>Maarten Peijnenburg<\/span><\/a><\/div>\n<div class=\"player\"><a href=\"https:\/\/soccer.aidatasports.com\/fr\/players\/Maarten-Swerts-340677\"><img decoding=\"async\" src=\"https:\/\/soccer.aidatasports.com\/images\/players\/340677.png\" alt=\"Maarten Swerts\" onerror=\"this.onerror=null;this.src='https:\/\/soccer.aidatasports.com\/images\/players\/default-player.png';\"><span>Maarten Swerts<\/span><\/a><\/div>\n<div class=\"player\"><a href=\"https:\/\/soccer.aidatasports.com\/fr\/players\/Thijs-Muller-476868\"><img decoding=\"async\" src=\"https:\/\/soccer.aidatasports.com\/images\/players\/476868.png\" alt=\"Thijs Muller\" onerror=\"this.onerror=null;this.src='https:\/\/soccer.aidatasports.com\/images\/players\/default-player.png';\"><span>Thijs Muller<\/span><\/a><\/div>\n<div class=\"player\"><a href=\"https:\/\/soccer.aidatasports.com\/fr\/players\/Julian-Kwaaitaal-426541\"><img decoding=\"async\" src=\"https:\/\/soccer.aidatasports.com\/images\/players\/426541.png\" alt=\"Julian Kwaaitaal\" onerror=\"this.onerror=null;this.src='https:\/\/soccer.aidatasports.com\/images\/players\/default-player.png';\"><span>Julian Kwaaitaal<\/span><\/a><\/div>\n<div class=\"player\"><a href=\"https:\/\/soccer.aidatasports.com\/fr\/players\/Evan-Driessen-Mendez-511856\"><img decoding=\"async\" src=\"https:\/\/soccer.aidatasports.com\/images\/players\/511856.png\" alt=\"Evan Driessen Mendez\" onerror=\"this.onerror=null;this.src='https:\/\/soccer.aidatasports.com\/images\/players\/default-player.png';\"><span>Evan Driessen Mendez<\/span><\/a><\/div>\n<div class=\"player\"><a href=\"https:\/\/soccer.aidatasports.com\/fr\/players\/Joey-Sleegers-61414\"><img decoding=\"async\" src=\"https:\/\/soccer.aidatasports.com\/images\/players\/61414.png\" alt=\"Joey Sleegers\" onerror=\"this.onerror=null;this.src='https:\/\/soccer.aidatasports.com\/images\/players\/default-player.png';\"><span>Joey Sleegers<\/span><\/a><\/div>\n<\/div>\n<\/div>\n<\/div>\n<div class=\"team-lineup\">\n<h3>Vitesse<\/h3>\n<p><img decoding=\"async\" src=\"https:\/\/media.api-sports.io\/football\/teams\/200.png\" alt=\"Vitesse\" style=\"width: 50px; height: 50px;\"><\/p>\n<div class=\"players-container\">\n<div>\n<h4>Titulares:<\/h4>\n<div class=\"player\"><a href=\"https:\/\/soccer.aidatasports.com\/fr\/players\/Tom-Bramel-437783\"><img decoding=\"async\" src=\"https:\/\/soccer.aidatasports.com\/images\/players\/437783.png\" alt=\"Tom Bramel\" onerror=\"this.onerror=null;this.src='https:\/\/soccer.aidatasports.com\/images\/players\/default-player.png';\"><span>Tom Bramel<\/span><\/a><\/div>\n<div class=\"player\"><a href=\"https:\/\/soccer.aidatasports.com\/fr\/players\/Mats-Egbring-431651\"><img decoding=\"async\" src=\"https:\/\/soccer.aidatasports.com\/images\/players\/431651.png\" alt=\"Mats Egbring\" onerror=\"this.onerror=null;this.src='https:\/\/soccer.aidatasports.com\/images\/players\/default-player.png';\"><span>Mats Egbring<\/span><\/a><\/div>\n<div class=\"player\"><a href=\"https:\/\/soccer.aidatasports.com\/fr\/players\/Giovanni-van-Zwam-312903\"><img decoding=\"async\" src=\"https:\/\/soccer.aidatasports.com\/images\/players\/312903.png\" alt=\"Giovanni van Zwam\" onerror=\"this.onerror=null;this.src='https:\/\/soccer.aidatasports.com\/images\/players\/default-player.png';\"><span>Giovanni van Zwam<\/span><\/a><\/div>\n<div class=\"player\"><a href=\"https:\/\/soccer.aidatasports.com\/fr\/players\/Loek-Postma-340712\"><img decoding=\"async\" src=\"https:\/\/soccer.aidatasports.com\/images\/players\/340712.png\" alt=\"Loek Postma\" onerror=\"this.onerror=null;this.src='https:\/\/soccer.aidatasports.com\/images\/players\/default-player.png';\"><span>Loek Postma<\/span><\/a><\/div>\n<div class=\"player\"><a href=\"https:\/\/soccer.aidatasports.com\/fr\/players\/Alexander-B\u00fcttner-37114\"><img decoding=\"async\" src=\"https:\/\/soccer.aidatasports.com\/images\/players\/37114.png\" alt=\"Alexander B\u00fcttner\" onerror=\"this.onerror=null;this.src='https:\/\/soccer.aidatasports.com\/images\/players\/default-player.png';\"><span>Alexander B\u00fcttner<\/span><\/a><\/div>\n<div class=\"player\"><a href=\"https:\/\/soccer.aidatasports.com\/fr\/players\/Simon-van-Duivenbooden-357047\"><img decoding=\"async\" src=\"https:\/\/soccer.aidatasports.com\/images\/players\/357047.png\" alt=\"Simon van Duivenbooden\" onerror=\"this.onerror=null;this.src='https:\/\/soccer.aidatasports.com\/images\/players\/default-player.png';\"><span>Simon van Duivenbooden<\/span><\/a><\/div>\n<div class=\"player\"><a href=\"https:\/\/soccer.aidatasports.com\/fr\/players\/Enzo-Cornelisse-272728\"><img decoding=\"async\" src=\"https:\/\/soccer.aidatasports.com\/images\/players\/272728.png\" alt=\"Enzo Cornelisse\" onerror=\"this.onerror=null;this.src='https:\/\/soccer.aidatasports.com\/images\/players\/default-player.png';\"><span>Enzo Cornelisse<\/span><\/a><\/div>\n<div class=\"player\"><a href=\"https:\/\/soccer.aidatasports.com\/fr\/players\/Irakli-Yegoian-371231\"><img decoding=\"async\" src=\"https:\/\/soccer.aidatasports.com\/images\/players\/371231.png\" alt=\"Irakli Yegoian\" onerror=\"this.onerror=null;this.src='https:\/\/soccer.aidatasports.com\/images\/players\/default-player.png';\"><span>Irakli Yegoian<\/span><\/a><\/div>\n<div class=\"player\"><a href=\"https:\/\/soccer.aidatasports.com\/fr\/players\/Gyan-de-Regt-349595\"><img decoding=\"async\" src=\"https:\/\/soccer.aidatasports.com\/images\/players\/349595.png\" alt=\"Gyan de Regt\" onerror=\"this.onerror=null;this.src='https:\/\/soccer.aidatasports.com\/images\/players\/default-player.png';\"><span>Gyan de Regt<\/span><\/a><\/div>\n<div class=\"player\"><a href=\"https:\/\/soccer.aidatasports.com\/fr\/players\/Bas-Huisman-493505\"><img decoding=\"async\" src=\"https:\/\/soccer.aidatasports.com\/images\/players\/493505.png\" alt=\"Bas Huisman\" onerror=\"this.onerror=null;this.src='https:\/\/soccer.aidatasports.com\/images\/players\/default-player.png';\"><span>Bas Huisman<\/span><\/a><\/div>\n<div class=\"player\"><a href=\"https:\/\/soccer.aidatasports.com\/fr\/players\/Dillon-Hoogerwerf-153432\"><img decoding=\"async\" src=\"https:\/\/soccer.aidatasports.com\/images\/players\/153432.png\" alt=\"Dillon Hoogerwerf\" onerror=\"this.onerror=null;this.src='https:\/\/soccer.aidatasports.com\/images\/players\/default-player.png';\"><span>Dillon Hoogerwerf<\/span><\/a><\/div>\n<\/div>\n<div>\n<h4>Suplentes:<\/h4>\n<div class=\"player\"><a href=\"https:\/\/soccer.aidatasports.com\/fr\/players\/Jim-Koller-453712\"><img decoding=\"async\" src=\"https:\/\/soccer.aidatasports.com\/images\/players\/453712.png\" alt=\"Jim Koller\" onerror=\"this.onerror=null;this.src='https:\/\/soccer.aidatasports.com\/images\/players\/default-player.png';\"><span>Jim Koller<\/span><\/a><\/div>\n<div class=\"player\"><a href=\"https:\/\/soccer.aidatasports.com\/fr\/players\/Andy-Visser-450926\"><img decoding=\"async\" src=\"https:\/\/soccer.aidatasports.com\/images\/players\/450926.png\" alt=\"Andy Visser\" onerror=\"this.onerror=null;this.src='https:\/\/soccer.aidatasports.com\/images\/players\/default-player.png';\"><span>Andy Visser<\/span><\/a><\/div>\n<div class=\"player\"><a href=\"https:\/\/soccer.aidatasports.com\/fr\/players\/Sep-van-der-Heijden-349284\"><img decoding=\"async\" src=\"https:\/\/soccer.aidatasports.com\/images\/players\/349284.png\" alt=\"Sep van der Heijden\" onerror=\"this.onerror=null;this.src='https:\/\/soccer.aidatasports.com\/images\/players\/default-player.png';\"><span>Sep van der Heijden<\/span><\/a><\/div>\n<div class=\"player\"><a href=\"https:\/\/soccer.aidatasports.com\/fr\/players\/Jayden-Siecker-511604\"><img decoding=\"async\" src=\"https:\/\/soccer.aidatasports.com\/images\/players\/511604.png\" alt=\"Jayden Siecker\" onerror=\"this.onerror=null;this.src='https:\/\/soccer.aidatasports.com\/images\/players\/default-player.png';\"><span>Jayden Siecker<\/span><\/a><\/div>\n<div class=\"player\"><a href=\"https:\/\/soccer.aidatasports.com\/fr\/players\/Marcus-Steffen-359522\"><img decoding=\"async\" src=\"https:\/\/soccer.aidatasports.com\/images\/players\/359522.png\" alt=\"Marcus Steffen\" onerror=\"this.onerror=null;this.src='https:\/\/soccer.aidatasports.com\/images\/players\/default-player.png';\"><span>Marcus Steffen<\/span><\/a><\/div>\n<div class=\"player\"><a href=\"https:\/\/soccer.aidatasports.com\/fr\/players\/Mees-Kreekels-163184\"><img decoding=\"async\" src=\"https:\/\/soccer.aidatasports.com\/images\/players\/163184.png\" alt=\"Mees Kreekels\" onerror=\"this.onerror=null;this.src='https:\/\/soccer.aidatasports.com\/images\/players\/default-player.png';\"><span>Mees Kreekels<\/span><\/a><\/div>\n<div class=\"player\"><a href=\"https:\/\/soccer.aidatasports.com\/fr\/players\/Justin-Bakker-38812\"><img decoding=\"async\" src=\"https:\/\/soccer.aidatasports.com\/images\/players\/38812.png\" alt=\"Justin Bakker\" onerror=\"this.onerror=null;this.src='https:\/\/soccer.aidatasports.com\/images\/players\/default-player.png';\"><span>Justin Bakker<\/span><\/a><\/div>\n<div class=\"player\"><a href=\"https:\/\/soccer.aidatasports.com\/fr\/players\/Roan-van-der-Plaat-409187\"><img decoding=\"async\" src=\"https:\/\/soccer.aidatasports.com\/images\/players\/409187.png\" alt=\"Roan van der Plaat\" onerror=\"this.onerror=null;this.src='https:\/\/soccer.aidatasports.com\/images\/players\/default-player.png';\"><span>Roan van der Plaat<\/span><\/a><\/div>\n<div class=\"player\"><a href=\"https:\/\/soccer.aidatasports.com\/fr\/players\/Angelos-Tsingaras-26782\"><img decoding=\"async\" src=\"https:\/\/soccer.aidatasports.com\/images\/players\/26782.png\" alt=\"Angelos Tsingaras\" onerror=\"this.onerror=null;this.src='https:\/\/soccer.aidatasports.com\/images\/players\/default-player.png';\"><span>Angelos Tsingaras<\/span><\/a><\/div>\n<div class=\"player\"><a href=\"https:\/\/soccer.aidatasports.com\/fr\/players\/Theodosis-Macheras-201766\"><img decoding=\"async\" src=\"https:\/\/soccer.aidatasports.com\/images\/players\/201766.png\" alt=\"Theodosis Macheras\" onerror=\"this.onerror=null;this.src='https:\/\/soccer.aidatasports.com\/images\/players\/default-player.png';\"><span>Theodosis Macheras<\/span><\/a><\/div>\n<\/div>\n<\/div>\n<\/div>\n<\/div>\n<div id=\"wg-api-football-game\"\n                    data-host=\"xxxxx\"\n                    data-key=\"xxxx\"\n                    data-id=\"1210118\"\n                    data-theme=\"\"\n                    data-refresh=\"15\"\n                    data-show-errors=\"false\"\n                    data-show-logos=\"true\"><br \/>\n                    class=\u00a0\u00bbwg_loader\u00a0\u00bb>\n                <\/div>\n<div id=\"wg-api-football-standings\"\n                    data-host=\"xxxx\"\n                    data-key=\"ddddd\"\n                    data-league=\"89\"\n                    data-team=\"\"\n                    data-season=\"2024\"\n                    data-theme=\"\"\n                    data-show-errors=\"false\"\n                    data-show-logos=\"true\"\n                    class=\"wg_loader\">\n                <\/div>\n<p>                <script\n                    type=\"module\"\n                    src=\"https:\/\/soccer.aidatasports.com\/wp-content\/customjs\/widgetslocal.js\">\n                <\/script><\/p>\n","protected":false},"excerpt":{"rendered":"<p>Franc\u00e9s Le Vitesse s&rsquo;impose face au FC Eindhoven lors d&rsquo;une rencontre palpitante disput\u00e9e au Jan&hellip;<\/p>\n","protected":false},"author":1,"featured_media":89320,"comment_status":"open","ping_status":"open","sticky":false,"template":"","format":"standard","meta":{"content-type":"","pmpro_default_level":"","_lmt_disableupdate":"","_lmt_disable":"","_league":15837,"_fixture":1210118,"penci_pfeatured_image_ratio":"","penci_single_style":"","footnotes":""},"categories":[15837],"tags":[536,323],"class_list":["post-89321","post","type-post","status-publish","format-standard","has-post-thumbnail","hentry","category-matches","tag-fc-eindhoven-netherlands-422","tag-vitesse-netherlands-200","pmpro-has-access"],"_links":{"self":[{"href":"https:\/\/soccer.aidatasports.com\/fr\/wp-json\/wp\/v2\/posts\/89321"}],"collection":[{"href":"https:\/\/soccer.aidatasports.com\/fr\/wp-json\/wp\/v2\/posts"}],"about":[{"href":"https:\/\/soccer.aidatasports.com\/fr\/wp-json\/wp\/v2\/types\/post"}],"author":[{"embeddable":true,"href":"https:\/\/soccer.aidatasports.com\/fr\/wp-json\/wp\/v2\/users\/1"}],"replies":[{"embeddable":true,"href":"https:\/\/soccer.aidatasports.com\/fr\/wp-json\/wp\/v2\/comments?post=89321"}],"version-history":[{"count":0,"href":"https:\/\/soccer.aidatasports.com\/fr\/wp-json\/wp\/v2\/posts\/89321\/revisions"}],"wp:featuredmedia":[{"embeddable":true,"href":"https:\/\/soccer.aidatasports.com\/fr\/wp-json\/wp\/v2\/media\/89320"}],"wp:attachment":[{"href":"https:\/\/soccer.aidatasports.com\/fr\/wp-json\/wp\/v2\/media?parent=89321"}],"wp:term":[{"taxonomy":"category","embeddable":true,"href":"https:\/\/soccer.aidatasports.com\/fr\/wp-json\/wp\/v2\/categories?post=89321"},{"taxonomy":"post_tag","embeddable":true,"href":"https:\/\/soccer.aidatasports.com\/fr\/wp-json\/wp\/v2\/tags?post=89321"}],"curies":[{"name":"wp","href":"https:\/\/api.w.org\/{rel}","templated":true}]}}