{"id":87865,"date":"2025-02-23T23:09:51","date_gmt":"2025-02-23T23:09:51","guid":{"rendered":"https:\/\/soccer.aidatasports.com\/fr\/uncategorized\/cobresal-vs-d-la-serena-feb-23-2025-2100-utc\/"},"modified":"2025-02-23T23:09:51","modified_gmt":"2025-02-23T23:09:51","slug":"cobresal-vs-d-la-serena-feb-23-2025-2100-utc","status":"publish","type":"post","link":"https:\/\/soccer.aidatasports.com\/fr\/matches\/cobresal-vs-d-la-serena-feb-23-2025-2100-utc\/","title":{"rendered":"Cobresal vs D. La Serena Feb 23 2025 21:00 UTC"},"content":{"rendered":"<p><strong>French<\/strong><\/p>\n<p>Cobresal bat Deportes La Serena dans un match palpitant<\/p>\n<p>L&rsquo;Estadio El Cobre \u00e0 El Salvador, Diego de Almagro, a \u00e9t\u00e9 le th\u00e9\u00e2tre d&rsquo;une rencontre passionnante entre Cobresal et Deportes La Serena pour la deuxi\u00e8me journ\u00e9e de la Primera Divisi\u00f3n chilienne 2025.  Le match, arbitr\u00e9 par Nicolas Millas du Chili, s&rsquo;est termin\u00e9 sur une victoire serr\u00e9e 2-1 pour les locaux.<\/p>\n<p>La rencontre a \u00e9t\u00e9 marqu\u00e9e par son intensit\u00e9 et une discipline discutable, avec un total de six cartons jaunes distribu\u00e9s aux deux \u00e9quipes. Cobresal a subi quatre avertissements (Henriquez Neira, Bechtholdt, Cespedes et Vilches Araneda) et un but annul\u00e9 par la VAR pour hors-jeu de Coelho.  Deportes La Serena a re\u00e7u deux cartons jaunes (Chamorro et Kauan).<\/p>\n<p>Cobresal a ouvert le score \u00e0 la 36e minute gr\u00e2ce \u00e0 un but contre son camp d&rsquo;Alarcon.  Deportes La Serena a \u00e9galis\u00e9 \u00e0 la 78e minute avec un but de Ferreyra, assist\u00e9 par Rojas.  Cobresal a assur\u00e9 sa victoire gr\u00e2ce \u00e0 un but de Munder \u00e0 la 86e minute, assist\u00e9 par Mesias. Cobresal a \u00e9galement vu un but refus\u00e9 par la VAR pour Mesias dans les derni\u00e8res minutes.  Malgr\u00e9 une possession sup\u00e9rieure de Deportes La Serena (54%), Cobresal a fait preuve d&rsquo;une plus grande efficacit\u00e9 avec 11 tirs (3 cadr\u00e9s) contre 10 pour son adversaire (4 cadr\u00e9s).<\/p>\n<p>Remplacements dans l&rsquo;quipe de cobresal: \u00c0 la 61e minute, C. Mesias est entr\u00e9 et A. Vilches Araneda est sorti., \u00c0 la 62e minute, C. Munder est entr\u00e9 et C. Yanis est sorti., \u00c0 la 80e minute, S. Carrasco est entr\u00e9 et D. Coelho est sorti., \u00c0 la 81e minute, A. Marquez est entr\u00e9 et J. A. Henriquez Neira est sorti., \u00c0 la 83e minute, C. Toro est entr\u00e9 et J. Tiznado est sorti. <\/p>\n<p>Remplacements dans l&rsquo;quipe de d. la serena: \u00c0 la 63e minute, A. Zanini est entr\u00e9 et F. Chamorro est sorti., \u00c0 la 68e minute, G. A. Jara Gonzalez est entr\u00e9 et S. Gallegos est sorti., \u00c0 la 69e minute, Jhonatan Kauan est entr\u00e9 et F. Diaz est sorti., \u00c0 la 79e minute, M. Villarroel est entr\u00e9 et J. Vargas est sorti., \u00c0 la 81e minute, R. M. Dubo Vergara est entr\u00e9 et F. Dinamarca est sorti. <\/p>\n<p>Les \u00e9quipes se sont align\u00e9es comme suit:<\/p>\n<div class=\"lineups-container\">\n<style>\n                .lineups-container {\n                    display: flex;\n                    justify-content: space-around;\n                    flex-wrap: wrap;\n                }\n                .team-lineup {\n                    width: 49%;\n                    margin-bottom: 20px;\n                    border: 1px solid #ccc;\n                    padding: 5px;\n                }\n                .team-lineup h3 {\n                    text-align: center;\n                    margin-bottom: 10px;\n                }\n                .players-container {\n                    display: flex;\n                    justify-content: space-between;\n                }\n                .players-container div {\n                    width: 100%;\n                }\n                .player {\n                    display: flex;\n                    align-items: center;\n                    margin-bottom: 5px;\n                }\n                .player img {\n                    width: 30px;\n                    height: 30px;\n                    border-radius: 50%;\n                    margin-right: 10px;\n                }\n                    @media (max-width: 600px) {\n                    .team-lineup {\n                        width: 100%;\n                    }\n                }\n                <\/style>\n<div class=\"team-lineup\">\n<h3>Cobresal<\/h3>\n<p><img decoding=\"async\" src=\"https:\/\/media.api-sports.io\/football\/teams\/2331.png\" alt=\"Cobresal\" style=\"width: 50px; height: 50px;\"><\/p>\n<div class=\"players-container\">\n<div>\n<h4>Titulares:<\/h4>\n<div class=\"player\"><a href=\"https:\/\/soccer.aidatasports.com\/fr\/players\/Jorge-Pinos-16353\"><img decoding=\"async\" src=\"https:\/\/soccer.aidatasports.com\/images\/players\/16353.png\" alt=\"Jorge Pinos\" onerror=\"this.onerror=null;this.src='https:\/\/soccer.aidatasports.com\/images\/players\/default-player.png';\"><span>Jorge Pinos<\/span><\/a><\/div>\n<div class=\"player\"><a href=\"https:\/\/soccer.aidatasports.com\/fr\/players\/Franco-Bechtholdt-11568\"><img decoding=\"async\" src=\"https:\/\/soccer.aidatasports.com\/images\/players\/11568.png\" alt=\"Franco Bechtholdt\" onerror=\"this.onerror=null;this.src='https:\/\/soccer.aidatasports.com\/images\/players\/default-player.png';\"><span>Franco Bechtholdt<\/span><\/a><\/div>\n<div class=\"player\"><a href=\"https:\/\/soccer.aidatasports.com\/fr\/players\/Christian-Moreno-5606\"><img decoding=\"async\" src=\"https:\/\/soccer.aidatasports.com\/images\/players\/5606.png\" alt=\"Christian Moreno\" onerror=\"this.onerror=null;this.src='https:\/\/soccer.aidatasports.com\/images\/players\/default-player.png';\"><span>Christian Moreno<\/span><\/a><\/div>\n<div class=\"player\"><a href=\"https:\/\/soccer.aidatasports.com\/fr\/players\/Jos\u00e9-Tiznado-12037\"><img decoding=\"async\" src=\"https:\/\/soccer.aidatasports.com\/images\/players\/12037.png\" alt=\"Jos\u00e9 Tiznado\" onerror=\"this.onerror=null;this.src='https:\/\/soccer.aidatasports.com\/images\/players\/default-player.png';\"><span>Jos\u00e9 Tiznado<\/span><\/a><\/div>\n<div class=\"player\"><a href=\"https:\/\/soccer.aidatasports.com\/fr\/players\/Cristopher-Barrera-12291\"><img decoding=\"async\" src=\"https:\/\/soccer.aidatasports.com\/images\/players\/12291.png\" alt=\"Cristopher Barrera\" onerror=\"this.onerror=null;this.src='https:\/\/soccer.aidatasports.com\/images\/players\/default-player.png';\"><span>Cristopher Barrera<\/span><\/a><\/div>\n<div class=\"player\"><a href=\"https:\/\/soccer.aidatasports.com\/fr\/players\/C\u00e9sar-Yanis-57875\"><img decoding=\"async\" src=\"https:\/\/soccer.aidatasports.com\/images\/players\/57875.png\" alt=\"C\u00e9sar Yanis\" onerror=\"this.onerror=null;this.src='https:\/\/soccer.aidatasports.com\/images\/players\/default-player.png';\"><span>C\u00e9sar Yanis<\/span><\/a><\/div>\n<div class=\"player\"><a href=\"https:\/\/soccer.aidatasports.com\/fr\/players\/Diego-C\u00e9spedes-78672\"><img decoding=\"async\" src=\"https:\/\/soccer.aidatasports.com\/images\/players\/78672.png\" alt=\"Diego C\u00e9spedes\" onerror=\"this.onerror=null;this.src='https:\/\/soccer.aidatasports.com\/images\/players\/default-player.png';\"><span>Diego C\u00e9spedes<\/span><\/a><\/div>\n<div class=\"player\"><a href=\"https:\/\/soccer.aidatasports.com\/fr\/players\/Jorge-Henr\u00edquez-11511\"><img decoding=\"async\" src=\"https:\/\/soccer.aidatasports.com\/images\/players\/11511.png\" alt=\"Jorge Henr\u00edquez\" onerror=\"this.onerror=null;this.src='https:\/\/soccer.aidatasports.com\/images\/players\/default-player.png';\"><span>Jorge Henr\u00edquez<\/span><\/a><\/div>\n<div class=\"player\"><a href=\"https:\/\/soccer.aidatasports.com\/fr\/players\/Vicente-Fern\u00e1ndez-11350\"><img decoding=\"async\" src=\"https:\/\/soccer.aidatasports.com\/images\/players\/11350.png\" alt=\"Vicente Fern\u00e1ndez\" onerror=\"this.onerror=null;this.src='https:\/\/soccer.aidatasports.com\/images\/players\/default-player.png';\"><span>Vicente Fern\u00e1ndez<\/span><\/a><\/div>\n<div class=\"player\"><a href=\"https:\/\/soccer.aidatasports.com\/fr\/players\/Andr\u00e9s-Vilches-11435\"><img decoding=\"async\" src=\"https:\/\/soccer.aidatasports.com\/images\/players\/11435.png\" alt=\"Andr\u00e9s Vilches\" onerror=\"this.onerror=null;this.src='https:\/\/soccer.aidatasports.com\/images\/players\/default-player.png';\"><span>Andr\u00e9s Vilches<\/span><\/a><\/div>\n<div class=\"player\"><a href=\"https:\/\/soccer.aidatasports.com\/fr\/players\/Diego-Coelho-51347\"><img decoding=\"async\" src=\"https:\/\/soccer.aidatasports.com\/images\/players\/51347.png\" alt=\"Diego Coelho\" onerror=\"this.onerror=null;this.src='https:\/\/soccer.aidatasports.com\/images\/players\/default-player.png';\"><span>Diego Coelho<\/span><\/a><\/div>\n<\/div>\n<div>\n<h4>Suplentes:<\/h4>\n<div class=\"player\"><a href=\"https:\/\/soccer.aidatasports.com\/fr\/players\/Cristhofer-Mes\u00edas-11793\"><img decoding=\"async\" src=\"https:\/\/soccer.aidatasports.com\/images\/players\/11793.png\" alt=\"Cristhofer Mes\u00edas\" onerror=\"this.onerror=null;this.src='https:\/\/soccer.aidatasports.com\/images\/players\/default-player.png';\"><span>Cristhofer Mes\u00edas<\/span><\/a><\/div>\n<div class=\"player\"><a href=\"https:\/\/soccer.aidatasports.com\/fr\/players\/C\u00e9sar-Munder-11367\"><img decoding=\"async\" src=\"https:\/\/soccer.aidatasports.com\/images\/players\/11367.png\" alt=\"C\u00e9sar Munder\" onerror=\"this.onerror=null;this.src='https:\/\/soccer.aidatasports.com\/images\/players\/default-player.png';\"><span>C\u00e9sar Munder<\/span><\/a><\/div>\n<div class=\"player\"><a href=\"https:\/\/soccer.aidatasports.com\/fr\/players\/Alejandro-M\u00e1rquez-9434\"><img decoding=\"async\" src=\"https:\/\/soccer.aidatasports.com\/images\/players\/9434.png\" alt=\"Alejandro M\u00e1rquez\" onerror=\"this.onerror=null;this.src='https:\/\/soccer.aidatasports.com\/images\/players\/default-player.png';\"><span>Alejandro M\u00e1rquez<\/span><\/a><\/div>\n<div class=\"player\"><a href=\"https:\/\/soccer.aidatasports.com\/fr\/players\/Sergio-Carrasco-None\"><img decoding=\"async\" src=\"https:\/\/soccer.aidatasports.com\/images\/players\/None.png\" alt=\"Sergio Carrasco\" onerror=\"this.onerror=null;this.src='https:\/\/soccer.aidatasports.com\/images\/players\/default-player.png';\"><span>Sergio Carrasco<\/span><\/a><\/div>\n<div class=\"player\"><a href=\"https:\/\/soccer.aidatasports.com\/fr\/players\/Cristian-Toro-70249\"><img decoding=\"async\" src=\"https:\/\/soccer.aidatasports.com\/images\/players\/70249.png\" alt=\"Cristian Toro\" onerror=\"this.onerror=null;this.src='https:\/\/soccer.aidatasports.com\/images\/players\/default-player.png';\"><span>Cristian Toro<\/span><\/a><\/div>\n<div class=\"player\"><a href=\"https:\/\/soccer.aidatasports.com\/fr\/players\/Alejandro-Santander-308382\"><img decoding=\"async\" src=\"https:\/\/soccer.aidatasports.com\/images\/players\/308382.png\" alt=\"Alejandro Santander\" onerror=\"this.onerror=null;this.src='https:\/\/soccer.aidatasports.com\/images\/players\/default-player.png';\"><span>Alejandro Santander<\/span><\/a><\/div>\n<div class=\"player\"><a href=\"https:\/\/soccer.aidatasports.com\/fr\/players\/Aaron-Astudillo-278163\"><img decoding=\"async\" src=\"https:\/\/soccer.aidatasports.com\/images\/players\/278163.png\" alt=\"Aaron Astudillo\" onerror=\"this.onerror=null;this.src='https:\/\/soccer.aidatasports.com\/images\/players\/default-player.png';\"><span>Aaron Astudillo<\/span><\/a><\/div>\n<\/div>\n<\/div>\n<\/div>\n<div class=\"team-lineup\">\n<h3>D. La Serena<\/h3>\n<p><img decoding=\"async\" src=\"https:\/\/media.api-sports.io\/football\/teams\/2341.png\" alt=\"D. La Serena\" style=\"width: 50px; height: 50px;\"><\/p>\n<div class=\"players-container\">\n<div>\n<h4>Titulares:<\/h4>\n<div class=\"player\"><a href=\"https:\/\/soccer.aidatasports.com\/fr\/players\/Fabi\u00e1n-Cerda-11593\"><img decoding=\"async\" src=\"https:\/\/soccer.aidatasports.com\/images\/players\/11593.png\" alt=\"Fabi\u00e1n Cerda\" onerror=\"this.onerror=null;this.src='https:\/\/soccer.aidatasports.com\/images\/players\/default-player.png';\"><span>Fabi\u00e1n Cerda<\/span><\/a><\/div>\n<div class=\"player\"><a href=\"https:\/\/soccer.aidatasports.com\/fr\/players\/Jeyson-Rojas-201910\"><img decoding=\"async\" src=\"https:\/\/soccer.aidatasports.com\/images\/players\/201910.png\" alt=\"Jeyson Rojas\" onerror=\"this.onerror=null;this.src='https:\/\/soccer.aidatasports.com\/images\/players\/default-player.png';\"><span>Jeyson Rojas<\/span><\/a><\/div>\n<div class=\"player\"><a href=\"https:\/\/soccer.aidatasports.com\/fr\/players\/Nicol\u00e1s-Ferreyra-65684\"><img decoding=\"async\" src=\"https:\/\/soccer.aidatasports.com\/images\/players\/65684.png\" alt=\"Nicol\u00e1s Ferreyra\" onerror=\"this.onerror=null;this.src='https:\/\/soccer.aidatasports.com\/images\/players\/default-player.png';\"><span>Nicol\u00e1s Ferreyra<\/span><\/a><\/div>\n<div class=\"player\"><a href=\"https:\/\/soccer.aidatasports.com\/fr\/players\/Lucas-Alarc\u00f3n-11820\"><img decoding=\"async\" src=\"https:\/\/soccer.aidatasports.com\/images\/players\/11820.png\" alt=\"Lucas Alarc\u00f3n\" onerror=\"this.onerror=null;this.src='https:\/\/soccer.aidatasports.com\/images\/players\/default-player.png';\"><span>Lucas Alarc\u00f3n<\/span><\/a><\/div>\n<div class=\"player\"><a href=\"https:\/\/soccer.aidatasports.com\/fr\/players\/Fernando-Dinamarca-411625\"><img decoding=\"async\" src=\"https:\/\/soccer.aidatasports.com\/images\/players\/411625.png\" alt=\"Fernando Dinamarca\" onerror=\"this.onerror=null;this.src='https:\/\/soccer.aidatasports.com\/images\/players\/default-player.png';\"><span>Fernando Dinamarca<\/span><\/a><\/div>\n<div class=\"player\"><a href=\"https:\/\/soccer.aidatasports.com\/fr\/players\/Sebasti\u00e1n-D\u00edaz-12078\"><img decoding=\"async\" src=\"https:\/\/soccer.aidatasports.com\/images\/players\/12078.png\" alt=\"Sebasti\u00e1n D\u00edaz\" onerror=\"this.onerror=null;this.src='https:\/\/soccer.aidatasports.com\/images\/players\/default-player.png';\"><span>Sebasti\u00e1n D\u00edaz<\/span><\/a><\/div>\n<div class=\"player\"><a href=\"https:\/\/soccer.aidatasports.com\/fr\/players\/Felipe-Chamorro-274563\"><img decoding=\"async\" src=\"https:\/\/soccer.aidatasports.com\/images\/players\/274563.png\" alt=\"Felipe Chamorro\" onerror=\"this.onerror=null;this.src='https:\/\/soccer.aidatasports.com\/images\/players\/default-player.png';\"><span>Felipe Chamorro<\/span><\/a><\/div>\n<div class=\"player\"><a href=\"https:\/\/soccer.aidatasports.com\/fr\/players\/Fabricio-Diaz-506569\"><img decoding=\"async\" src=\"https:\/\/soccer.aidatasports.com\/images\/players\/506569.png\" alt=\"Fabricio Diaz\" onerror=\"this.onerror=null;this.src='https:\/\/soccer.aidatasports.com\/images\/players\/default-player.png';\"><span>Fabricio Diaz<\/span><\/a><\/div>\n<div class=\"player\"><a href=\"https:\/\/soccer.aidatasports.com\/fr\/players\/Sebastian-Gallegos-95665\"><img decoding=\"async\" src=\"https:\/\/soccer.aidatasports.com\/images\/players\/95665.png\" alt=\"Sebastian Gallegos\" onerror=\"this.onerror=null;this.src='https:\/\/soccer.aidatasports.com\/images\/players\/default-player.png';\"><span>Sebastian Gallegos<\/span><\/a><\/div>\n<div class=\"player\"><a href=\"https:\/\/soccer.aidatasports.com\/fr\/players\/Lautaro-Ovando-306549\"><img decoding=\"async\" src=\"https:\/\/soccer.aidatasports.com\/images\/players\/306549.png\" alt=\"Lautaro Ovando\" onerror=\"this.onerror=null;this.src='https:\/\/soccer.aidatasports.com\/images\/players\/default-player.png';\"><span>Lautaro Ovando<\/span><\/a><\/div>\n<div class=\"player\"><a href=\"https:\/\/soccer.aidatasports.com\/fr\/players\/Jeisson-Vargas-11378\"><img decoding=\"async\" src=\"https:\/\/soccer.aidatasports.com\/images\/players\/11378.png\" alt=\"Jeisson Vargas\" onerror=\"this.onerror=null;this.src='https:\/\/soccer.aidatasports.com\/images\/players\/default-player.png';\"><span>Jeisson Vargas<\/span><\/a><\/div>\n<\/div>\n<div>\n<h4>Suplentes:<\/h4>\n<div class=\"player\"><a href=\"https:\/\/soccer.aidatasports.com\/fr\/players\/Andres-Zanini-59297\"><img decoding=\"async\" src=\"https:\/\/soccer.aidatasports.com\/images\/players\/59297.png\" alt=\"Andres Zanini\" onerror=\"this.onerror=null;this.src='https:\/\/soccer.aidatasports.com\/images\/players\/default-player.png';\"><span>Andres Zanini<\/span><\/a><\/div>\n<div class=\"player\"><a href=\"https:\/\/soccer.aidatasports.com\/fr\/players\/Gonzalo-Jara-12315\"><img decoding=\"async\" src=\"https:\/\/soccer.aidatasports.com\/images\/players\/12315.png\" alt=\"Gonzalo Jara\" onerror=\"this.onerror=null;this.src='https:\/\/soccer.aidatasports.com\/images\/players\/default-player.png';\"><span>Gonzalo Jara<\/span><\/a><\/div>\n<div class=\"player\"><a href=\"https:\/\/soccer.aidatasports.com\/fr\/players\/Jhonatan-Kauan-415057\"><img decoding=\"async\" src=\"https:\/\/soccer.aidatasports.com\/images\/players\/415057.png\" alt=\"Jhonatan Kauan\" onerror=\"this.onerror=null;this.src='https:\/\/soccer.aidatasports.com\/images\/players\/default-player.png';\"><span>Jhonatan Kauan<\/span><\/a><\/div>\n<div class=\"player\"><a href=\"https:\/\/soccer.aidatasports.com\/fr\/players\/Martin-Villarroel-70159\"><img decoding=\"async\" src=\"https:\/\/soccer.aidatasports.com\/images\/players\/70159.png\" alt=\"Martin Villarroel\" onerror=\"this.onerror=null;this.src='https:\/\/soccer.aidatasports.com\/images\/players\/default-player.png';\"><span>Martin Villarroel<\/span><\/a><\/div>\n<div class=\"player\"><a href=\"https:\/\/soccer.aidatasports.com\/fr\/players\/Rodrigo-Dub\u00f3-None\"><img decoding=\"async\" src=\"https:\/\/soccer.aidatasports.com\/images\/players\/None.png\" alt=\"Rodrigo Dub\u00f3\" onerror=\"this.onerror=null;this.src='https:\/\/soccer.aidatasports.com\/images\/players\/default-player.png';\"><span>Rodrigo Dub\u00f3<\/span><\/a><\/div>\n<div class=\"player\"><a href=\"https:\/\/soccer.aidatasports.com\/fr\/players\/Eryin-Sanhueza-11498\"><img decoding=\"async\" src=\"https:\/\/soccer.aidatasports.com\/images\/players\/11498.png\" alt=\"Eryin Sanhueza\" onerror=\"this.onerror=null;this.src='https:\/\/soccer.aidatasports.com\/images\/players\/default-player.png';\"><span>Eryin Sanhueza<\/span><\/a><\/div>\n<div class=\"player\"><a href=\"https:\/\/soccer.aidatasports.com\/fr\/players\/Luckas-Carre\u00f1o-318558\"><img decoding=\"async\" src=\"https:\/\/soccer.aidatasports.com\/images\/players\/318558.png\" alt=\"Luckas Carre\u00f1o\" onerror=\"this.onerror=null;this.src='https:\/\/soccer.aidatasports.com\/images\/players\/default-player.png';\"><span>Luckas Carre\u00f1o<\/span><\/a><\/div>\n<\/div>\n<\/div>\n<\/div>\n<\/div>\n<div id=\"wg-api-football-game\"\n                    data-host=\"xxxxx\"\n                    data-key=\"xxxx\"\n                    data-id=\"1339016\"\n                    data-theme=\"\"\n                    data-refresh=\"15\"\n                    data-show-errors=\"false\"\n                    data-show-logos=\"true\"><br \/>\n                    class=\u00a0\u00bbwg_loader\u00a0\u00bb>\n                <\/div>\n<div id=\"wg-api-football-standings\"\n                    data-host=\"xxxx\"\n                    data-key=\"ddddd\"\n                    data-league=\"265\"\n                    data-team=\"\"\n                    data-season=\"2025\"\n                    data-theme=\"\"\n                    data-show-errors=\"false\"\n                    data-show-logos=\"true\"\n                    class=\"wg_loader\">\n                <\/div>\n<p>                <script\n                    type=\"module\"\n                    src=\"https:\/\/soccer.aidatasports.com\/wp-content\/customjs\/widgetslocal.js\">\n                <\/script><\/p>\n","protected":false},"excerpt":{"rendered":"<p>French Cobresal bat Deportes La Serena dans un match palpitant L&rsquo;Estadio El Cobre \u00e0 El&hellip;<\/p>\n","protected":false},"author":1,"featured_media":87864,"comment_status":"open","ping_status":"open","sticky":false,"template":"","format":"standard","meta":{"content-type":"","pmpro_default_level":"","_lmt_disableupdate":"","_lmt_disable":"","_league":15837,"_fixture":1339016,"penci_pfeatured_image_ratio":"","penci_single_style":"","footnotes":""},"categories":[15837],"tags":[2104,2114],"class_list":["post-87865","post","type-post","status-publish","format-standard","has-post-thumbnail","hentry","category-matches","tag-cobresal-chile-2331","tag-d-la-serena-chile-2341","pmpro-has-access"],"_links":{"self":[{"href":"https:\/\/soccer.aidatasports.com\/fr\/wp-json\/wp\/v2\/posts\/87865"}],"collection":[{"href":"https:\/\/soccer.aidatasports.com\/fr\/wp-json\/wp\/v2\/posts"}],"about":[{"href":"https:\/\/soccer.aidatasports.com\/fr\/wp-json\/wp\/v2\/types\/post"}],"author":[{"embeddable":true,"href":"https:\/\/soccer.aidatasports.com\/fr\/wp-json\/wp\/v2\/users\/1"}],"replies":[{"embeddable":true,"href":"https:\/\/soccer.aidatasports.com\/fr\/wp-json\/wp\/v2\/comments?post=87865"}],"version-history":[{"count":0,"href":"https:\/\/soccer.aidatasports.com\/fr\/wp-json\/wp\/v2\/posts\/87865\/revisions"}],"wp:featuredmedia":[{"embeddable":true,"href":"https:\/\/soccer.aidatasports.com\/fr\/wp-json\/wp\/v2\/media\/87864"}],"wp:attachment":[{"href":"https:\/\/soccer.aidatasports.com\/fr\/wp-json\/wp\/v2\/media?parent=87865"}],"wp:term":[{"taxonomy":"category","embeddable":true,"href":"https:\/\/soccer.aidatasports.com\/fr\/wp-json\/wp\/v2\/categories?post=87865"},{"taxonomy":"post_tag","embeddable":true,"href":"https:\/\/soccer.aidatasports.com\/fr\/wp-json\/wp\/v2\/tags?post=87865"}],"curies":[{"name":"wp","href":"https:\/\/api.w.org\/{rel}","templated":true}]}}