{"id":87813,"date":"2025-02-23T19:05:59","date_gmt":"2025-02-23T19:05:59","guid":{"rendered":"https:\/\/soccer.aidatasports.com\/fr\/uncategorized\/empoli-vs-atalanta-feb-23-2025-1700-utc\/"},"modified":"2025-02-23T19:05:59","modified_gmt":"2025-02-23T19:05:59","slug":"empoli-vs-atalanta-feb-23-2025-1700-utc","status":"publish","type":"post","link":"https:\/\/soccer.aidatasports.com\/fr\/matches\/empoli-vs-atalanta-feb-23-2025-1700-utc\/","title":{"rendered":"Empoli vs Atalanta Feb 23 2025 17:00 UTC"},"content":{"rendered":"<p><strong>Franc\u00e9s<\/strong><\/p>\n<p>L&rsquo;Atalanta \u00e9crase l&rsquo;Empoli dans une d\u00e9monstration de force<\/p>\n<p>L&rsquo;Atalanta s&rsquo;est impos\u00e9e sur un score fleuve de 5-0 face \u00e0 l&rsquo;Empoli au Stadio Carlo Castellani \u2013 Computer Gross Arena, lors de la 26\u00e8me journ\u00e9e de Serie A.  L&rsquo;\u00e9quipe visiteuse a domin\u00e9 la rencontre, affichant une sup\u00e9riorit\u00e9 nette en termes de possession (53%) et de tirs cadr\u00e9s (14 tirs, 8 cadr\u00e9s).<\/p>\n<p>Les buts sont arriv\u00e9s progressivement. Un but contre son camp de Gyasi \u00e0 la 27\u00e8me minute a ouvert le score, suivi de buts de Retegui (33\u00e8me minute) et Lookman (43\u00e8me minute). En seconde p\u00e9riode, Lookman a inscrit un deuxi\u00e8me but \u00e0 la 55\u00e8me minute, et Zappacosta a conclu le festival offensif \u00e0 la 74\u00e8me minute. L&rsquo;Empoli a tr\u00e8s peu inqui\u00e9t\u00e9 la cage adverse, ne r\u00e9ussissant qu&rsquo;un seul tir cadr\u00e9.  Seul Carnesecchi a \u00e9cop\u00e9 d&rsquo;un carton jaune. Malgr\u00e9 leur d\u00e9faite, Empoli a tent\u00e9 10 tirs, obtenu 3 corners et commis 4 fautes. Atalanta a commis 17 fautes et obtenu 4 corners.<\/p>\n<p>Remplacements dans l&rsquo;quipe de empoli: \u00c0 la 57e minute, J. Sambia est entr\u00e9 et E. Gyasi est sorti., \u00c0 la 58e minute, L. Colombo est entr\u00e9 et C. Kouame est sorti., \u00c0 la 72e minute, S. Zurkowski est entr\u00e9 et A. Grassi est sorti., \u00c0 la 72e minute, T. Campaniello est entr\u00e9 et S. Esposito est sorti., \u00c0 la 83e minute, V. Kovalenko est entr\u00e9 et Y. Maleh est sorti. <\/p>\n<p>Remplacements dans l&rsquo;quipe de atalanta: \u00c0 la 63e minute, R. Toloi est entr\u00e9 et B. Djimsiti est sorti., \u00c0 la 63e minute, Ederson est entr\u00e9 et C. De Ketelaere est sorti., \u00c0 la 76e minute, J. Cuadrado est entr\u00e9 et A. Lookman est sorti., \u00c0 la 76e minute, M. Brescianini est entr\u00e9 et M. Pasalic est sorti., \u00c0 la 86e minute, M. Ruggeri est entr\u00e9 et D. Zappacosta est sorti. <\/p>\n<p>Les \u00e9quipes se sont align\u00e9es comme suit:<\/p>\n<div class=\"lineups-container\">\n<style>\n                .lineups-container {\n                    display: flex;\n                    justify-content: space-around;\n                    flex-wrap: wrap;\n                }\n                .team-lineup {\n                    width: 49%;\n                    margin-bottom: 20px;\n                    border: 1px solid #ccc;\n                    padding: 5px;\n                }\n                .team-lineup h3 {\n                    text-align: center;\n                    margin-bottom: 10px;\n                }\n                .players-container {\n                    display: flex;\n                    justify-content: space-between;\n                }\n                .players-container div {\n                    width: 100%;\n                }\n                .player {\n                    display: flex;\n                    align-items: center;\n                    margin-bottom: 5px;\n                }\n                .player img {\n                    width: 30px;\n                    height: 30px;\n                    border-radius: 50%;\n                    margin-right: 10px;\n                }\n                    @media (max-width: 600px) {\n                    .team-lineup {\n                        width: 100%;\n                    }\n                }\n                <\/style>\n<div class=\"team-lineup\">\n<h3>Empoli<\/h3>\n<p><img decoding=\"async\" src=\"https:\/\/media.api-sports.io\/football\/teams\/511.png\" alt=\"Empoli\" style=\"width: 50px; height: 50px;\"><\/p>\n<div class=\"players-container\">\n<div>\n<h4>Titulares:<\/h4>\n<div class=\"player\"><a href=\"https:\/\/soccer.aidatasports.com\/fr\/players\/Marco-Silvestri-30915\"><img decoding=\"async\" src=\"https:\/\/soccer.aidatasports.com\/images\/players\/30915.png\" alt=\"Marco Silvestri\" onerror=\"this.onerror=null;this.src='https:\/\/soccer.aidatasports.com\/images\/players\/default-player.png';\"><span>Marco Silvestri<\/span><\/a><\/div>\n<div class=\"player\"><a href=\"https:\/\/soccer.aidatasports.com\/fr\/players\/Saba-Goglichidze-318053\"><img decoding=\"async\" src=\"https:\/\/soccer.aidatasports.com\/images\/players\/318053.png\" alt=\"Saba Goglichidze\" onerror=\"this.onerror=null;this.src='https:\/\/soccer.aidatasports.com\/images\/players\/default-player.png';\"><span>Saba Goglichidze<\/span><\/a><\/div>\n<div class=\"player\"><a href=\"https:\/\/soccer.aidatasports.com\/fr\/players\/Mattia-De-Sciglio-858\"><img decoding=\"async\" src=\"https:\/\/soccer.aidatasports.com\/images\/players\/858.png\" alt=\"Mattia De Sciglio\" onerror=\"this.onerror=null;this.src='https:\/\/soccer.aidatasports.com\/images\/players\/default-player.png';\"><span>Mattia De Sciglio<\/span><\/a><\/div>\n<div class=\"player\"><a href=\"https:\/\/soccer.aidatasports.com\/fr\/players\/Liberato-Cacace-6931\"><img decoding=\"async\" src=\"https:\/\/soccer.aidatasports.com\/images\/players\/6931.png\" alt=\"Liberato Cacace\" onerror=\"this.onerror=null;this.src='https:\/\/soccer.aidatasports.com\/images\/players\/default-player.png';\"><span>Liberato Cacace<\/span><\/a><\/div>\n<div class=\"player\"><a href=\"https:\/\/soccer.aidatasports.com\/fr\/players\/Alberto-Grassi-31021\"><img decoding=\"async\" src=\"https:\/\/soccer.aidatasports.com\/images\/players\/31021.png\" alt=\"Alberto Grassi\" onerror=\"this.onerror=null;this.src='https:\/\/soccer.aidatasports.com\/images\/players\/default-player.png';\"><span>Alberto Grassi<\/span><\/a><\/div>\n<div class=\"player\"><a href=\"https:\/\/soccer.aidatasports.com\/fr\/players\/Emmanuel-Gyasi-30845\"><img decoding=\"async\" src=\"https:\/\/soccer.aidatasports.com\/images\/players\/30845.png\" alt=\"Emmanuel Gyasi\" onerror=\"this.onerror=null;this.src='https:\/\/soccer.aidatasports.com\/images\/players\/default-player.png';\"><span>Emmanuel Gyasi<\/span><\/a><\/div>\n<div class=\"player\"><a href=\"https:\/\/soccer.aidatasports.com\/fr\/players\/Liam-Henderson-30932\"><img decoding=\"async\" src=\"https:\/\/soccer.aidatasports.com\/images\/players\/30932.png\" alt=\"Liam Henderson\" onerror=\"this.onerror=null;this.src='https:\/\/soccer.aidatasports.com\/images\/players\/default-player.png';\"><span>Liam Henderson<\/span><\/a><\/div>\n<div class=\"player\"><a href=\"https:\/\/soccer.aidatasports.com\/fr\/players\/Youssef-Maleh-56560\"><img decoding=\"async\" src=\"https:\/\/soccer.aidatasports.com\/images\/players\/56560.png\" alt=\"Youssef Maleh\" onerror=\"this.onerror=null;this.src='https:\/\/soccer.aidatasports.com\/images\/players\/default-player.png';\"><span>Youssef Maleh<\/span><\/a><\/div>\n<div class=\"player\"><a href=\"https:\/\/soccer.aidatasports.com\/fr\/players\/Giuseppe-Pezzella-30775\"><img decoding=\"async\" src=\"https:\/\/soccer.aidatasports.com\/images\/players\/30775.png\" alt=\"Giuseppe Pezzella\" onerror=\"this.onerror=null;this.src='https:\/\/soccer.aidatasports.com\/images\/players\/default-player.png';\"><span>Giuseppe Pezzella<\/span><\/a><\/div>\n<div class=\"player\"><a href=\"https:\/\/soccer.aidatasports.com\/fr\/players\/Christian-Kouam\u00e9-30789\"><img decoding=\"async\" src=\"https:\/\/soccer.aidatasports.com\/images\/players\/30789.png\" alt=\"Christian Kouam\u00e9\" onerror=\"this.onerror=null;this.src='https:\/\/soccer.aidatasports.com\/images\/players\/default-player.png';\"><span>Christian Kouam\u00e9<\/span><\/a><\/div>\n<div class=\"player\"><a href=\"https:\/\/soccer.aidatasports.com\/fr\/players\/Sebastiano-Esposito-215\"><img decoding=\"async\" src=\"https:\/\/soccer.aidatasports.com\/images\/players\/215.png\" alt=\"Sebastiano Esposito\" onerror=\"this.onerror=null;this.src='https:\/\/soccer.aidatasports.com\/images\/players\/default-player.png';\"><span>Sebastiano Esposito<\/span><\/a><\/div>\n<\/div>\n<div>\n<h4>Suplentes:<\/h4>\n<div class=\"player\"><a href=\"https:\/\/soccer.aidatasports.com\/fr\/players\/Junior-Sambia-21585\"><img decoding=\"async\" src=\"https:\/\/soccer.aidatasports.com\/images\/players\/21585.png\" alt=\"Junior Sambia\" onerror=\"this.onerror=null;this.src='https:\/\/soccer.aidatasports.com\/images\/players\/default-player.png';\"><span>Junior Sambia<\/span><\/a><\/div>\n<div class=\"player\"><a href=\"https:\/\/soccer.aidatasports.com\/fr\/players\/Lorenzo-Colombo-263481\"><img decoding=\"async\" src=\"https:\/\/soccer.aidatasports.com\/images\/players\/263481.png\" alt=\"Lorenzo Colombo\" onerror=\"this.onerror=null;this.src='https:\/\/soccer.aidatasports.com\/images\/players\/default-player.png';\"><span>Lorenzo Colombo<\/span><\/a><\/div>\n<div class=\"player\"><a href=\"https:\/\/soccer.aidatasports.com\/fr\/players\/Szymon-\u017burkowski-3014\"><img decoding=\"async\" src=\"https:\/\/soccer.aidatasports.com\/images\/players\/3014.png\" alt=\"Szymon \u017burkowski\" onerror=\"this.onerror=null;this.src='https:\/\/soccer.aidatasports.com\/images\/players\/default-player.png';\"><span>Szymon \u017burkowski<\/span><\/a><\/div>\n<div class=\"player\"><a href=\"https:\/\/soccer.aidatasports.com\/fr\/players\/Thomas-Campaniello-462229\"><img decoding=\"async\" src=\"https:\/\/soccer.aidatasports.com\/images\/players\/462229.png\" alt=\"Thomas Campaniello\" onerror=\"this.onerror=null;this.src='https:\/\/soccer.aidatasports.com\/images\/players\/default-player.png';\"><span>Thomas Campaniello<\/span><\/a><\/div>\n<div class=\"player\"><a href=\"https:\/\/soccer.aidatasports.com\/fr\/players\/Devis-V\u00e1squez-81012\"><img decoding=\"async\" src=\"https:\/\/soccer.aidatasports.com\/images\/players\/81012.png\" alt=\"Devis V\u00e1squez\" onerror=\"this.onerror=null;this.src='https:\/\/soccer.aidatasports.com\/images\/players\/default-player.png';\"><span>Devis V\u00e1squez<\/span><\/a><\/div>\n<div class=\"player\"><a href=\"https:\/\/soccer.aidatasports.com\/fr\/players\/Jacopo-Seghetti-393947\"><img decoding=\"async\" src=\"https:\/\/soccer.aidatasports.com\/images\/players\/393947.png\" alt=\"Jacopo Seghetti\" onerror=\"this.onerror=null;this.src='https:\/\/soccer.aidatasports.com\/images\/players\/default-player.png';\"><span>Jacopo Seghetti<\/span><\/a><\/div>\n<div class=\"player\"><a href=\"https:\/\/soccer.aidatasports.com\/fr\/players\/Federico-Brancolini-30391\"><img decoding=\"async\" src=\"https:\/\/soccer.aidatasports.com\/images\/players\/30391.png\" alt=\"Federico Brancolini\" onerror=\"this.onerror=null;this.src='https:\/\/soccer.aidatasports.com\/images\/players\/default-player.png';\"><span>Federico Brancolini<\/span><\/a><\/div>\n<div class=\"player\"><a href=\"https:\/\/soccer.aidatasports.com\/fr\/players\/Dawid-Bembnista-495307\"><img decoding=\"async\" src=\"https:\/\/soccer.aidatasports.com\/images\/players\/495307.png\" alt=\"Dawid Bembnista\" onerror=\"this.onerror=null;this.src='https:\/\/soccer.aidatasports.com\/images\/players\/default-player.png';\"><span>Dawid Bembnista<\/span><\/a><\/div>\n<div class=\"player\"><a href=\"https:\/\/soccer.aidatasports.com\/fr\/players\/Lorenzo-Tosto-422152\"><img decoding=\"async\" src=\"https:\/\/soccer.aidatasports.com\/images\/players\/422152.png\" alt=\"Lorenzo Tosto\" onerror=\"this.onerror=null;this.src='https:\/\/soccer.aidatasports.com\/images\/players\/default-player.png';\"><span>Lorenzo Tosto<\/span><\/a><\/div>\n<div class=\"player\"><a href=\"https:\/\/soccer.aidatasports.com\/fr\/players\/Jacopo-Bacci-358638\"><img decoding=\"async\" src=\"https:\/\/soccer.aidatasports.com\/images\/players\/358638.png\" alt=\"Jacopo Bacci\" onerror=\"this.onerror=null;this.src='https:\/\/soccer.aidatasports.com\/images\/players\/default-player.png';\"><span>Jacopo Bacci<\/span><\/a><\/div>\n<div class=\"player\"><a href=\"https:\/\/soccer.aidatasports.com\/fr\/players\/Viktor-Kovalenko-690\"><img decoding=\"async\" src=\"https:\/\/soccer.aidatasports.com\/images\/players\/690.png\" alt=\"Viktor Kovalenko\" onerror=\"this.onerror=null;this.src='https:\/\/soccer.aidatasports.com\/images\/players\/default-player.png';\"><span>Viktor Kovalenko<\/span><\/a><\/div>\n<div class=\"player\"><a href=\"https:\/\/soccer.aidatasports.com\/fr\/players\/Ismael-Konate-383002\"><img decoding=\"async\" src=\"https:\/\/soccer.aidatasports.com\/images\/players\/383002.png\" alt=\"Ismael Konate\" onerror=\"this.onerror=null;this.src='https:\/\/soccer.aidatasports.com\/images\/players\/default-player.png';\"><span>Ismael Konate<\/span><\/a><\/div>\n<\/div>\n<\/div>\n<\/div>\n<div class=\"team-lineup\">\n<h3>Atalanta<\/h3>\n<p><img decoding=\"async\" src=\"https:\/\/media.api-sports.io\/football\/teams\/499.png\" alt=\"Atalanta\" style=\"width: 50px; height: 50px;\"><\/p>\n<div class=\"players-container\">\n<div>\n<h4>Titulares:<\/h4>\n<div class=\"player\"><a href=\"https:\/\/soccer.aidatasports.com\/fr\/players\/Marco-Carnesecchi-30417\"><img decoding=\"async\" src=\"https:\/\/soccer.aidatasports.com\/images\/players\/30417.png\" alt=\"Marco Carnesecchi\" onerror=\"this.onerror=null;this.src='https:\/\/soccer.aidatasports.com\/images\/players\/default-player.png';\"><span>Marco Carnesecchi<\/span><\/a><\/div>\n<div class=\"player\"><a href=\"https:\/\/soccer.aidatasports.com\/fr\/players\/Stefan-Posch-711\"><img decoding=\"async\" src=\"https:\/\/soccer.aidatasports.com\/images\/players\/711.png\" alt=\"Stefan Posch\" onerror=\"this.onerror=null;this.src='https:\/\/soccer.aidatasports.com\/images\/players\/default-player.png';\"><span>Stefan Posch<\/span><\/a><\/div>\n<div class=\"player\"><a href=\"https:\/\/soccer.aidatasports.com\/fr\/players\/Berat-Djimsiti-30421\"><img decoding=\"async\" src=\"https:\/\/soccer.aidatasports.com\/images\/players\/30421.png\" alt=\"Berat Djimsiti\" onerror=\"this.onerror=null;this.src='https:\/\/soccer.aidatasports.com\/images\/players\/default-player.png';\"><span>Berat Djimsiti<\/span><\/a><\/div>\n<div class=\"player\"><a href=\"https:\/\/soccer.aidatasports.com\/fr\/players\/Sead-Kola\u0161inac-1442\"><img decoding=\"async\" src=\"https:\/\/soccer.aidatasports.com\/images\/players\/1442.png\" alt=\"Sead Kola\u0161inac\" onerror=\"this.onerror=null;this.src='https:\/\/soccer.aidatasports.com\/images\/players\/default-player.png';\"><span>Sead Kola\u0161inac<\/span><\/a><\/div>\n<div class=\"player\"><a href=\"https:\/\/soccer.aidatasports.com\/fr\/players\/Raoul-Bellanova-91422\"><img decoding=\"async\" src=\"https:\/\/soccer.aidatasports.com\/images\/players\/91422.png\" alt=\"Raoul Bellanova\" onerror=\"this.onerror=null;this.src='https:\/\/soccer.aidatasports.com\/images\/players\/default-player.png';\"><span>Raoul Bellanova<\/span><\/a><\/div>\n<div class=\"player\"><a href=\"https:\/\/soccer.aidatasports.com\/fr\/players\/Marten-de-Roon-30432\"><img decoding=\"async\" src=\"https:\/\/soccer.aidatasports.com\/images\/players\/30432.png\" alt=\"Marten de Roon\" onerror=\"this.onerror=null;this.src='https:\/\/soccer.aidatasports.com\/images\/players\/default-player.png';\"><span>Marten de Roon<\/span><\/a><\/div>\n<div class=\"player\"><a href=\"https:\/\/soccer.aidatasports.com\/fr\/players\/Mario-Pa\u0161ali\u0107-2763\"><img decoding=\"async\" src=\"https:\/\/soccer.aidatasports.com\/images\/players\/2763.png\" alt=\"Mario Pa\u0161ali\u0107\" onerror=\"this.onerror=null;this.src='https:\/\/soccer.aidatasports.com\/images\/players\/default-player.png';\"><span>Mario Pa\u0161ali\u0107<\/span><\/a><\/div>\n<div class=\"player\"><a href=\"https:\/\/soccer.aidatasports.com\/fr\/players\/Davide-Zappacosta-2286\"><img decoding=\"async\" src=\"https:\/\/soccer.aidatasports.com\/images\/players\/2286.png\" alt=\"Davide Zappacosta\" onerror=\"this.onerror=null;this.src='https:\/\/soccer.aidatasports.com\/images\/players\/default-player.png';\"><span>Davide Zappacosta<\/span><\/a><\/div>\n<div class=\"player\"><a href=\"https:\/\/soccer.aidatasports.com\/fr\/players\/Charles-De-Ketelaere-147859\"><img decoding=\"async\" src=\"https:\/\/soccer.aidatasports.com\/images\/players\/147859.png\" alt=\"Charles De Ketelaere\" onerror=\"this.onerror=null;this.src='https:\/\/soccer.aidatasports.com\/images\/players\/default-player.png';\"><span>Charles De Ketelaere<\/span><\/a><\/div>\n<div class=\"player\"><a href=\"https:\/\/soccer.aidatasports.com\/fr\/players\/Ademola-Lookman-18767\"><img decoding=\"async\" src=\"https:\/\/soccer.aidatasports.com\/images\/players\/18767.png\" alt=\"Ademola Lookman\" onerror=\"this.onerror=null;this.src='https:\/\/soccer.aidatasports.com\/images\/players\/default-player.png';\"><span>Ademola Lookman<\/span><\/a><\/div>\n<div class=\"player\"><a href=\"https:\/\/soccer.aidatasports.com\/fr\/players\/Mateo-Retegui-6420\"><img decoding=\"async\" src=\"https:\/\/soccer.aidatasports.com\/images\/players\/6420.png\" alt=\"Mateo Retegui\" onerror=\"this.onerror=null;this.src='https:\/\/soccer.aidatasports.com\/images\/players\/default-player.png';\"><span>Mateo Retegui<\/span><\/a><\/div>\n<\/div>\n<div>\n<h4>Suplentes:<\/h4>\n<div class=\"player\"><a href=\"https:\/\/soccer.aidatasports.com\/fr\/players\/Rafael-Tol\u00f3i-30429\"><img decoding=\"async\" src=\"https:\/\/soccer.aidatasports.com\/images\/players\/30429.png\" alt=\"Rafael Tol\u00f3i\" onerror=\"this.onerror=null;this.src='https:\/\/soccer.aidatasports.com\/images\/players\/default-player.png';\"><span>Rafael Tol\u00f3i<\/span><\/a><\/div>\n<div class=\"player\"><a href=\"https:\/\/soccer.aidatasports.com\/fr\/players\/\u00c9derson-10097\"><img decoding=\"async\" src=\"https:\/\/soccer.aidatasports.com\/images\/players\/10097.png\" alt=\"\u00c9derson\" onerror=\"this.onerror=null;this.src='https:\/\/soccer.aidatasports.com\/images\/players\/default-player.png';\"><span>\u00c9derson<\/span><\/a><\/div>\n<div class=\"player\"><a href=\"https:\/\/soccer.aidatasports.com\/fr\/players\/Juan-Cuadrado-866\"><img decoding=\"async\" src=\"https:\/\/soccer.aidatasports.com\/images\/players\/866.png\" alt=\"Juan Cuadrado\" onerror=\"this.onerror=null;this.src='https:\/\/soccer.aidatasports.com\/images\/players\/default-player.png';\"><span>Juan Cuadrado<\/span><\/a><\/div>\n<div class=\"player\"><a href=\"https:\/\/soccer.aidatasports.com\/fr\/players\/Marco-Brescianini-1639\"><img decoding=\"async\" src=\"https:\/\/soccer.aidatasports.com\/images\/players\/1639.png\" alt=\"Marco Brescianini\" onerror=\"this.onerror=null;this.src='https:\/\/soccer.aidatasports.com\/images\/players\/default-player.png';\"><span>Marco Brescianini<\/span><\/a><\/div>\n<div class=\"player\"><a href=\"https:\/\/soccer.aidatasports.com\/fr\/players\/Francesco-Rossi-30419\"><img decoding=\"async\" src=\"https:\/\/soccer.aidatasports.com\/images\/players\/30419.png\" alt=\"Francesco Rossi\" onerror=\"this.onerror=null;this.src='https:\/\/soccer.aidatasports.com\/images\/players\/default-player.png';\"><span>Francesco Rossi<\/span><\/a><\/div>\n<div class=\"player\"><a href=\"https:\/\/soccer.aidatasports.com\/fr\/players\/Rui-Patr\u00edcio-2674\"><img decoding=\"async\" src=\"https:\/\/soccer.aidatasports.com\/images\/players\/2674.png\" alt=\"Rui Patr\u00edcio\" onerror=\"this.onerror=null;this.src='https:\/\/soccer.aidatasports.com\/images\/players\/default-player.png';\"><span>Rui Patr\u00edcio<\/span><\/a><\/div>\n<div class=\"player\"><a href=\"https:\/\/soccer.aidatasports.com\/fr\/players\/Marco-Palestra-383018\"><img decoding=\"async\" src=\"https:\/\/soccer.aidatasports.com\/images\/players\/383018.png\" alt=\"Marco Palestra\" onerror=\"this.onerror=null;this.src='https:\/\/soccer.aidatasports.com\/images\/players\/default-player.png';\"><span>Marco Palestra<\/span><\/a><\/div>\n<div class=\"player\"><a href=\"https:\/\/soccer.aidatasports.com\/fr\/players\/Tommaso-Del-Lungo-338866\"><img decoding=\"async\" src=\"https:\/\/soccer.aidatasports.com\/images\/players\/338866.png\" alt=\"Tommaso Del Lungo\" onerror=\"this.onerror=null;this.src='https:\/\/soccer.aidatasports.com\/images\/players\/default-player.png';\"><span>Tommaso Del Lungo<\/span><\/a><\/div>\n<div class=\"player\"><a href=\"https:\/\/soccer.aidatasports.com\/fr\/players\/Lazar-Samard\u017ei\u0107-178749\"><img decoding=\"async\" src=\"https:\/\/soccer.aidatasports.com\/images\/players\/178749.png\" alt=\"Lazar Samard\u017ei\u0107\" onerror=\"this.onerror=null;this.src='https:\/\/soccer.aidatasports.com\/images\/players\/default-player.png';\"><span>Lazar Samard\u017ei\u0107<\/span><\/a><\/div>\n<div class=\"player\"><a href=\"https:\/\/soccer.aidatasports.com\/fr\/players\/Ibrahim-Sulemana-353609\"><img decoding=\"async\" src=\"https:\/\/soccer.aidatasports.com\/images\/players\/353609.png\" alt=\"Ibrahim Sulemana\" onerror=\"this.onerror=null;this.src='https:\/\/soccer.aidatasports.com\/images\/players\/default-player.png';\"><span>Ibrahim Sulemana<\/span><\/a><\/div>\n<div class=\"player\"><a href=\"https:\/\/soccer.aidatasports.com\/fr\/players\/Matteo-Ruggeri-162012\"><img decoding=\"async\" src=\"https:\/\/soccer.aidatasports.com\/images\/players\/162012.png\" alt=\"Matteo Ruggeri\" onerror=\"this.onerror=null;this.src='https:\/\/soccer.aidatasports.com\/images\/players\/default-player.png';\"><span>Matteo Ruggeri<\/span><\/a><\/div>\n<div class=\"player\"><a href=\"https:\/\/soccer.aidatasports.com\/fr\/players\/Dominic-Vavassori-383017\"><img decoding=\"async\" src=\"https:\/\/soccer.aidatasports.com\/images\/players\/383017.png\" alt=\"Dominic Vavassori\" onerror=\"this.onerror=null;this.src='https:\/\/soccer.aidatasports.com\/images\/players\/default-player.png';\"><span>Dominic Vavassori<\/span><\/a><\/div>\n<div class=\"player\"><a href=\"https:\/\/soccer.aidatasports.com\/fr\/players\/Vanja-Vlahovi\u0107-290807\"><img decoding=\"async\" src=\"https:\/\/soccer.aidatasports.com\/images\/players\/290807.png\" alt=\"Vanja Vlahovi\u0107\" onerror=\"this.onerror=null;this.src='https:\/\/soccer.aidatasports.com\/images\/players\/default-player.png';\"><span>Vanja Vlahovi\u0107<\/span><\/a><\/div>\n<\/div>\n<\/div>\n<\/div>\n<\/div>\n<div id=\"wg-api-football-game\"\n                    data-host=\"xxxxx\"\n                    data-key=\"xxxx\"\n                    data-id=\"1223847\"\n                    data-theme=\"\"\n                    data-refresh=\"15\"\n                    data-show-errors=\"false\"\n                    data-show-logos=\"true\"><br \/>\n                    class=\u00a0\u00bbwg_loader\u00a0\u00bb>\n                <\/div>\n<div id=\"wg-api-football-standings\"\n                    data-host=\"xxxx\"\n                    data-key=\"ddddd\"\n                    data-league=\"135\"\n                    data-team=\"\"\n                    data-season=\"2024\"\n                    data-theme=\"\"\n                    data-show-errors=\"false\"\n                    data-show-logos=\"true\"\n                    class=\"wg_loader\">\n                <\/div>\n<p>                <script\n                    type=\"module\"\n                    src=\"https:\/\/soccer.aidatasports.com\/wp-content\/customjs\/widgetslocal.js\">\n                <\/script><\/p>\n","protected":false},"excerpt":{"rendered":"<p>Franc\u00e9s L&rsquo;Atalanta \u00e9crase l&rsquo;Empoli dans une d\u00e9monstration de force L&rsquo;Atalanta s&rsquo;est impos\u00e9e sur un score&hellip;<\/p>\n","protected":false},"author":1,"featured_media":87812,"comment_status":"open","ping_status":"open","sticky":false,"template":"","format":"standard","meta":{"content-type":"","pmpro_default_level":"","_lmt_disableupdate":"","_lmt_disable":"","_league":15837,"_fixture":1223847,"penci_pfeatured_image_ratio":"","penci_single_style":"","footnotes":""},"categories":[15837],"tags":[611,623],"class_list":["post-87813","post","type-post","status-publish","format-standard","has-post-thumbnail","hentry","category-matches","tag-atalanta-italy-499","tag-empoli-italy-511","pmpro-has-access"],"_links":{"self":[{"href":"https:\/\/soccer.aidatasports.com\/fr\/wp-json\/wp\/v2\/posts\/87813"}],"collection":[{"href":"https:\/\/soccer.aidatasports.com\/fr\/wp-json\/wp\/v2\/posts"}],"about":[{"href":"https:\/\/soccer.aidatasports.com\/fr\/wp-json\/wp\/v2\/types\/post"}],"author":[{"embeddable":true,"href":"https:\/\/soccer.aidatasports.com\/fr\/wp-json\/wp\/v2\/users\/1"}],"replies":[{"embeddable":true,"href":"https:\/\/soccer.aidatasports.com\/fr\/wp-json\/wp\/v2\/comments?post=87813"}],"version-history":[{"count":0,"href":"https:\/\/soccer.aidatasports.com\/fr\/wp-json\/wp\/v2\/posts\/87813\/revisions"}],"wp:featuredmedia":[{"embeddable":true,"href":"https:\/\/soccer.aidatasports.com\/fr\/wp-json\/wp\/v2\/media\/87812"}],"wp:attachment":[{"href":"https:\/\/soccer.aidatasports.com\/fr\/wp-json\/wp\/v2\/media?parent=87813"}],"wp:term":[{"taxonomy":"category","embeddable":true,"href":"https:\/\/soccer.aidatasports.com\/fr\/wp-json\/wp\/v2\/categories?post=87813"},{"taxonomy":"post_tag","embeddable":true,"href":"https:\/\/soccer.aidatasports.com\/fr\/wp-json\/wp\/v2\/tags?post=87813"}],"curies":[{"name":"wp","href":"https:\/\/api.w.org\/{rel}","templated":true}]}}