{"id":87265,"date":"2025-02-21T22:03:52","date_gmt":"2025-02-21T22:03:52","guid":{"rendered":"https:\/\/soccer.aidatasports.com\/fr\/uncategorized\/celta-vigo-vs-osasuna-feb-21-2025-2000-utc\/"},"modified":"2025-02-21T22:03:52","modified_gmt":"2025-02-21T22:03:52","slug":"celta-vigo-vs-osasuna-feb-21-2025-2000-utc","status":"publish","type":"post","link":"https:\/\/soccer.aidatasports.com\/fr\/matches\/celta-vigo-vs-osasuna-feb-21-2025-2000-utc\/","title":{"rendered":"Celta Vigo vs Osasuna Feb 21 2025 20:00 UTC"},"content":{"rendered":"<p><strong>French:<\/strong><\/p>\n<p>Le Celta Vigo bat Osasuna dans un match tendu \u00e0 Bala\u00eddos<\/p>\n<p>Le Celta Vigo a battu Osasuna 1-0 lors d&rsquo;une rencontre passionnante disput\u00e9e au stade Municipal de Bala\u00eddos \u00e0 Vigo le 21 f\u00e9vrier 2025.  Bien qu&rsquo;Osasuna ait domin\u00e9 la possession du ballon avec 54%, le Celta s&rsquo;est montr\u00e9 plus efficace en attaque. Les locaux ont effectu\u00e9 12 tirs, dont 5 cadr\u00e9s, tandis qu&rsquo;Osasuna n&rsquo;a r\u00e9ussi qu&rsquo;un seul tir cadr\u00e9 sur 17 tentatives.<\/p>\n<p>Le seul but du match est arriv\u00e9 sur penalty \u00e0 la 69e minute, gr\u00e2ce \u00e0 Iago Aspas.  Auparavant, Fran L\u00f3pez du Celta avait re\u00e7u un carton jaune \u00e0 la 38e minute. Le match a \u00e9t\u00e9 marqu\u00e9 par son intensit\u00e9, avec 11 fautes commises par le Celta et 13 par Osasuna.  Malgr\u00e9 la domination territoriale d&rsquo;Osasuna, l&rsquo;efficacit\u00e9 du Celta et la r\u00e9ussite sur penalty ont \u00e9t\u00e9 les cl\u00e9s de la victoire.<\/p>\n<p>Remplacements dans l&rsquo;quipe de celta vigo: \u00c0 la 65e minute, I. Aspas est entr\u00e9 et F. Lopez est sorti., \u00c0 la 78e minute, F. Beltran est entr\u00e9 et H. Sotelo est sorti., \u00c0 la 78e minute, P. Duran est entr\u00e9 et B. Iglesias est sorti., \u00c0 la 86e minute, Jailson est entr\u00e9 et O. Mingueza est sorti., \u00c0 la 86e minute, I. Losada est entr\u00e9 et W. Swedberg est sorti. <\/p>\n<p>Remplacements dans l&rsquo;quipe de osasuna: \u00c0 la 73e minute, R. Garcia est entr\u00e9 et A. Catena est sorti., \u00c0 la 80e minute, R. Garcia est entr\u00e9 et B. Zaragoza est sorti., \u00c0 la 81e minute, K. Barja est entr\u00e9 et M. Gomez est sorti., \u00c0 la 87e minute, I. Munoz est entr\u00e9 et J. Moncayola est sorti., \u00c0 la 87e minute, J. M. Arnaiz est entr\u00e9 et A. Bretones est sorti. <\/p>\n<p>Les \u00e9quipes se sont align\u00e9es comme suit:<\/p>\n<div class=\"lineups-container\">\n<style>\n                .lineups-container {\n                    display: flex;\n                    justify-content: space-around;\n                    flex-wrap: wrap;\n                }\n                .team-lineup {\n                    width: 49%;\n                    margin-bottom: 20px;\n                    border: 1px solid #ccc;\n                    padding: 5px;\n                }\n                .team-lineup h3 {\n                    text-align: center;\n                    margin-bottom: 10px;\n                }\n                .players-container {\n                    display: flex;\n                    justify-content: space-between;\n                }\n                .players-container div {\n                    width: 100%;\n                }\n                .player {\n                    display: flex;\n                    align-items: center;\n                    margin-bottom: 5px;\n                }\n                .player img {\n                    width: 30px;\n                    height: 30px;\n                    border-radius: 50%;\n                    margin-right: 10px;\n                }\n                    @media (max-width: 600px) {\n                    .team-lineup {\n                        width: 100%;\n                    }\n                }\n                <\/style>\n<div class=\"team-lineup\">\n<h3>Celta Vigo<\/h3>\n<p><img decoding=\"async\" src=\"https:\/\/media.api-sports.io\/football\/teams\/538.png\" alt=\"Celta Vigo\" style=\"width: 50px; height: 50px;\"><\/p>\n<div class=\"players-container\">\n<div>\n<h4>Titulares:<\/h4>\n<div class=\"player\"><a href=\"https:\/\/soccer.aidatasports.com\/fr\/players\/Vicente-Guaita-18835\"><img decoding=\"async\" src=\"https:\/\/soccer.aidatasports.com\/images\/players\/18835.png\" alt=\"Vicente Guaita\" onerror=\"this.onerror=null;this.src='https:\/\/soccer.aidatasports.com\/images\/players\/default-player.png';\"><span>Vicente Guaita<\/span><\/a><\/div>\n<div class=\"player\"><a href=\"https:\/\/soccer.aidatasports.com\/fr\/players\/Javi-Rodr\u00edguez-384135\"><img decoding=\"async\" src=\"https:\/\/soccer.aidatasports.com\/images\/players\/384135.png\" alt=\"Javi Rodr\u00edguez\" onerror=\"this.onerror=null;this.src='https:\/\/soccer.aidatasports.com\/images\/players\/default-player.png';\"><span>Javi Rodr\u00edguez<\/span><\/a><\/div>\n<div class=\"player\"><a href=\"https:\/\/soccer.aidatasports.com\/fr\/players\/Carl-Starfelt-47988\"><img decoding=\"async\" src=\"https:\/\/soccer.aidatasports.com\/images\/players\/47988.png\" alt=\"Carl Starfelt\" onerror=\"this.onerror=null;this.src='https:\/\/soccer.aidatasports.com\/images\/players\/default-player.png';\"><span>Carl Starfelt<\/span><\/a><\/div>\n<div class=\"player\"><a href=\"https:\/\/soccer.aidatasports.com\/fr\/players\/Marcos-Alonso-2278\"><img decoding=\"async\" src=\"https:\/\/soccer.aidatasports.com\/images\/players\/2278.png\" alt=\"Marcos Alonso\" onerror=\"this.onerror=null;this.src='https:\/\/soccer.aidatasports.com\/images\/players\/default-player.png';\"><span>Marcos Alonso<\/span><\/a><\/div>\n<div class=\"player\"><a href=\"https:\/\/soccer.aidatasports.com\/fr\/players\/Sergio-Carreira-157988\"><img decoding=\"async\" src=\"https:\/\/soccer.aidatasports.com\/images\/players\/157988.png\" alt=\"Sergio Carreira\" onerror=\"this.onerror=null;this.src='https:\/\/soccer.aidatasports.com\/images\/players\/default-player.png';\"><span>Sergio Carreira<\/span><\/a><\/div>\n<div class=\"player\"><a href=\"https:\/\/soccer.aidatasports.com\/fr\/players\/Hugo-Sotelo-313651\"><img decoding=\"async\" src=\"https:\/\/soccer.aidatasports.com\/images\/players\/313651.png\" alt=\"Hugo Sotelo\" onerror=\"this.onerror=null;this.src='https:\/\/soccer.aidatasports.com\/images\/players\/default-player.png';\"><span>Hugo Sotelo<\/span><\/a><\/div>\n<div class=\"player\"><a href=\"https:\/\/soccer.aidatasports.com\/fr\/players\/Ilaix-Moriba-162123\"><img decoding=\"async\" src=\"https:\/\/soccer.aidatasports.com\/images\/players\/162123.png\" alt=\"Ilaix Moriba\" onerror=\"this.onerror=null;this.src='https:\/\/soccer.aidatasports.com\/images\/players\/default-player.png';\"><span>Ilaix Moriba<\/span><\/a><\/div>\n<div class=\"player\"><a href=\"https:\/\/soccer.aidatasports.com\/fr\/players\/\u00d3scar-Mingueza-162712\"><img decoding=\"async\" src=\"https:\/\/soccer.aidatasports.com\/images\/players\/162712.png\" alt=\"\u00d3scar Mingueza\" onerror=\"this.onerror=null;this.src='https:\/\/soccer.aidatasports.com\/images\/players\/default-player.png';\"><span>\u00d3scar Mingueza<\/span><\/a><\/div>\n<div class=\"player\"><a href=\"https:\/\/soccer.aidatasports.com\/fr\/players\/Fer-L\u00f3pez-391822\"><img decoding=\"async\" src=\"https:\/\/soccer.aidatasports.com\/images\/players\/391822.png\" alt=\"Fer L\u00f3pez\" onerror=\"this.onerror=null;this.src='https:\/\/soccer.aidatasports.com\/images\/players\/default-player.png';\"><span>Fer L\u00f3pez<\/span><\/a><\/div>\n<div class=\"player\"><a href=\"https:\/\/soccer.aidatasports.com\/fr\/players\/Borja-Iglesias-47348\"><img decoding=\"async\" src=\"https:\/\/soccer.aidatasports.com\/images\/players\/47348.png\" alt=\"Borja Iglesias\" onerror=\"this.onerror=null;this.src='https:\/\/soccer.aidatasports.com\/images\/players\/default-player.png';\"><span>Borja Iglesias<\/span><\/a><\/div>\n<div class=\"player\"><a href=\"https:\/\/soccer.aidatasports.com\/fr\/players\/Williot-Swedberg-269163\"><img decoding=\"async\" src=\"https:\/\/soccer.aidatasports.com\/images\/players\/269163.png\" alt=\"Williot Swedberg\" onerror=\"this.onerror=null;this.src='https:\/\/soccer.aidatasports.com\/images\/players\/default-player.png';\"><span>Williot Swedberg<\/span><\/a><\/div>\n<\/div>\n<div>\n<h4>Suplentes:<\/h4>\n<div class=\"player\"><a href=\"https:\/\/soccer.aidatasports.com\/fr\/players\/Iago-Aspas-47445\"><img decoding=\"async\" src=\"https:\/\/soccer.aidatasports.com\/images\/players\/47445.png\" alt=\"Iago Aspas\" onerror=\"this.onerror=null;this.src='https:\/\/soccer.aidatasports.com\/images\/players\/default-player.png';\"><span>Iago Aspas<\/span><\/a><\/div>\n<div class=\"player\"><a href=\"https:\/\/soccer.aidatasports.com\/fr\/players\/Iv\u00e1n-Villar-47427\"><img decoding=\"async\" src=\"https:\/\/soccer.aidatasports.com\/images\/players\/47427.png\" alt=\"Iv\u00e1n Villar\" onerror=\"this.onerror=null;this.src='https:\/\/soccer.aidatasports.com\/images\/players\/default-player.png';\"><span>Iv\u00e1n Villar<\/span><\/a><\/div>\n<div class=\"player\"><a href=\"https:\/\/soccer.aidatasports.com\/fr\/players\/Carlos-Dom\u00ednguez-286559\"><img decoding=\"async\" src=\"https:\/\/soccer.aidatasports.com\/images\/players\/286559.png\" alt=\"Carlos Dom\u00ednguez\" onerror=\"this.onerror=null;this.src='https:\/\/soccer.aidatasports.com\/images\/players\/default-player.png';\"><span>Carlos Dom\u00ednguez<\/span><\/a><\/div>\n<div class=\"player\"><a href=\"https:\/\/soccer.aidatasports.com\/fr\/players\/Mihailo-Risti\u0107-21584\"><img decoding=\"async\" src=\"https:\/\/soccer.aidatasports.com\/images\/players\/21584.png\" alt=\"Mihailo Risti\u0107\" onerror=\"this.onerror=null;this.src='https:\/\/soccer.aidatasports.com\/images\/players\/default-player.png';\"><span>Mihailo Risti\u0107<\/span><\/a><\/div>\n<div class=\"player\"><a href=\"https:\/\/soccer.aidatasports.com\/fr\/players\/Jailson-1364\"><img decoding=\"async\" src=\"https:\/\/soccer.aidatasports.com\/images\/players\/1364.png\" alt=\"Jailson\" onerror=\"this.onerror=null;this.src='https:\/\/soccer.aidatasports.com\/images\/players\/default-player.png';\"><span>Jailson<\/span><\/a><\/div>\n<div class=\"player\"><a href=\"https:\/\/soccer.aidatasports.com\/fr\/players\/Iker-Losada-128985\"><img decoding=\"async\" src=\"https:\/\/soccer.aidatasports.com\/images\/players\/128985.png\" alt=\"Iker Losada\" onerror=\"this.onerror=null;this.src='https:\/\/soccer.aidatasports.com\/images\/players\/default-player.png';\"><span>Iker Losada<\/span><\/a><\/div>\n<div class=\"player\"><a href=\"https:\/\/soccer.aidatasports.com\/fr\/players\/Jones-El-Abdellaoui-351913\"><img decoding=\"async\" src=\"https:\/\/soccer.aidatasports.com\/images\/players\/351913.png\" alt=\"Jones El-Abdellaoui\" onerror=\"this.onerror=null;this.src='https:\/\/soccer.aidatasports.com\/images\/players\/default-player.png';\"><span>Jones El-Abdellaoui<\/span><\/a><\/div>\n<div class=\"player\"><a href=\"https:\/\/soccer.aidatasports.com\/fr\/players\/Franco-Cervi-570\"><img decoding=\"async\" src=\"https:\/\/soccer.aidatasports.com\/images\/players\/570.png\" alt=\"Franco Cervi\" onerror=\"this.onerror=null;this.src='https:\/\/soccer.aidatasports.com\/images\/players\/default-player.png';\"><span>Franco Cervi<\/span><\/a><\/div>\n<div class=\"player\"><a href=\"https:\/\/soccer.aidatasports.com\/fr\/players\/Dami\u00e1n-Rodr\u00edguez-286796\"><img decoding=\"async\" src=\"https:\/\/soccer.aidatasports.com\/images\/players\/286796.png\" alt=\"Dami\u00e1n Rodr\u00edguez\" onerror=\"this.onerror=null;this.src='https:\/\/soccer.aidatasports.com\/images\/players\/default-player.png';\"><span>Dami\u00e1n Rodr\u00edguez<\/span><\/a><\/div>\n<div class=\"player\"><a href=\"https:\/\/soccer.aidatasports.com\/fr\/players\/Fran-Beltr\u00e1n-47435\"><img decoding=\"async\" src=\"https:\/\/soccer.aidatasports.com\/images\/players\/47435.png\" alt=\"Fran Beltr\u00e1n\" onerror=\"this.onerror=null;this.src='https:\/\/soccer.aidatasports.com\/images\/players\/default-player.png';\"><span>Fran Beltr\u00e1n<\/span><\/a><\/div>\n<div class=\"player\"><a href=\"https:\/\/soccer.aidatasports.com\/fr\/players\/Alfon-Gonz\u00e1lez-119213\"><img decoding=\"async\" src=\"https:\/\/soccer.aidatasports.com\/images\/players\/119213.png\" alt=\"Alfon Gonz\u00e1lez\" onerror=\"this.onerror=null;this.src='https:\/\/soccer.aidatasports.com\/images\/players\/default-player.png';\"><span>Alfon Gonz\u00e1lez<\/span><\/a><\/div>\n<div class=\"player\"><a href=\"https:\/\/soccer.aidatasports.com\/fr\/players\/Pablo-Dur\u00e1n-320517\"><img decoding=\"async\" src=\"https:\/\/soccer.aidatasports.com\/images\/players\/320517.png\" alt=\"Pablo Dur\u00e1n\" onerror=\"this.onerror=null;this.src='https:\/\/soccer.aidatasports.com\/images\/players\/default-player.png';\"><span>Pablo Dur\u00e1n<\/span><\/a><\/div>\n<\/div>\n<\/div>\n<\/div>\n<div class=\"team-lineup\">\n<h3>Osasuna<\/h3>\n<p><img decoding=\"async\" src=\"https:\/\/media.api-sports.io\/football\/teams\/727.png\" alt=\"Osasuna\" style=\"width: 50px; height: 50px;\"><\/p>\n<div class=\"players-container\">\n<div>\n<h4>Titulares:<\/h4>\n<div class=\"player\"><a href=\"https:\/\/soccer.aidatasports.com\/fr\/players\/Sergio-Herrera-46646\"><img decoding=\"async\" src=\"https:\/\/soccer.aidatasports.com\/images\/players\/46646.png\" alt=\"Sergio Herrera\" onerror=\"this.onerror=null;this.src='https:\/\/soccer.aidatasports.com\/images\/players\/default-player.png';\"><span>Sergio Herrera<\/span><\/a><\/div>\n<div class=\"player\"><a href=\"https:\/\/soccer.aidatasports.com\/fr\/players\/Rub\u00e9n-Pe\u00f1a-47391\"><img decoding=\"async\" src=\"https:\/\/soccer.aidatasports.com\/images\/players\/47391.png\" alt=\"Rub\u00e9n Pe\u00f1a\" onerror=\"this.onerror=null;this.src='https:\/\/soccer.aidatasports.com\/images\/players\/default-player.png';\"><span>Rub\u00e9n Pe\u00f1a<\/span><\/a><\/div>\n<div class=\"player\"><a href=\"https:\/\/soccer.aidatasports.com\/fr\/players\/Flavien-Boyomo-279822\"><img decoding=\"async\" src=\"https:\/\/soccer.aidatasports.com\/images\/players\/279822.png\" alt=\"Flavien Boyomo\" onerror=\"this.onerror=null;this.src='https:\/\/soccer.aidatasports.com\/images\/players\/default-player.png';\"><span>Flavien Boyomo<\/span><\/a><\/div>\n<div class=\"player\"><a href=\"https:\/\/soccer.aidatasports.com\/fr\/players\/Alejandro-Catena-47533\"><img decoding=\"async\" src=\"https:\/\/soccer.aidatasports.com\/images\/players\/47533.png\" alt=\"Alejandro Catena\" onerror=\"this.onerror=null;this.src='https:\/\/soccer.aidatasports.com\/images\/players\/default-player.png';\"><span>Alejandro Catena<\/span><\/a><\/div>\n<div class=\"player\"><a href=\"https:\/\/soccer.aidatasports.com\/fr\/players\/Jorge-Herrando-182592\"><img decoding=\"async\" src=\"https:\/\/soccer.aidatasports.com\/images\/players\/182592.png\" alt=\"Jorge Herrando\" onerror=\"this.onerror=null;this.src='https:\/\/soccer.aidatasports.com\/images\/players\/default-player.png';\"><span>Jorge Herrando<\/span><\/a><\/div>\n<div class=\"player\"><a href=\"https:\/\/soccer.aidatasports.com\/fr\/players\/Abel-Bretones-181259\"><img decoding=\"async\" src=\"https:\/\/soccer.aidatasports.com\/images\/players\/181259.png\" alt=\"Abel Bretones\" onerror=\"this.onerror=null;this.src='https:\/\/soccer.aidatasports.com\/images\/players\/default-player.png';\"><span>Abel Bretones<\/span><\/a><\/div>\n<div class=\"player\"><a href=\"https:\/\/soccer.aidatasports.com\/fr\/players\/Jon-Moncayola-46662\"><img decoding=\"async\" src=\"https:\/\/soccer.aidatasports.com\/images\/players\/46662.png\" alt=\"Jon Moncayola\" onerror=\"this.onerror=null;this.src='https:\/\/soccer.aidatasports.com\/images\/players\/default-player.png';\"><span>Jon Moncayola<\/span><\/a><\/div>\n<div class=\"player\"><a href=\"https:\/\/soccer.aidatasports.com\/fr\/players\/Lucas-Torr\u00f3-1825\"><img decoding=\"async\" src=\"https:\/\/soccer.aidatasports.com\/images\/players\/1825.png\" alt=\"Lucas Torr\u00f3\" onerror=\"this.onerror=null;this.src='https:\/\/soccer.aidatasports.com\/images\/players\/default-player.png';\"><span>Lucas Torr\u00f3<\/span><\/a><\/div>\n<div class=\"player\"><a href=\"https:\/\/soccer.aidatasports.com\/fr\/players\/Moi-G\u00f3mez-47574\"><img decoding=\"async\" src=\"https:\/\/soccer.aidatasports.com\/images\/players\/47574.png\" alt=\"Moi G\u00f3mez\" onerror=\"this.onerror=null;this.src='https:\/\/soccer.aidatasports.com\/images\/players\/default-player.png';\"><span>Moi G\u00f3mez<\/span><\/a><\/div>\n<div class=\"player\"><a href=\"https:\/\/soccer.aidatasports.com\/fr\/players\/Ante-Budimir-46746\"><img decoding=\"async\" src=\"https:\/\/soccer.aidatasports.com\/images\/players\/46746.png\" alt=\"Ante Budimir\" onerror=\"this.onerror=null;this.src='https:\/\/soccer.aidatasports.com\/images\/players\/default-player.png';\"><span>Ante Budimir<\/span><\/a><\/div>\n<div class=\"player\"><a href=\"https:\/\/soccer.aidatasports.com\/fr\/players\/Bryan-Zaragoza-286639\"><img decoding=\"async\" src=\"https:\/\/soccer.aidatasports.com\/images\/players\/286639.png\" alt=\"Bryan Zaragoza\" onerror=\"this.onerror=null;this.src='https:\/\/soccer.aidatasports.com\/images\/players\/default-player.png';\"><span>Bryan Zaragoza<\/span><\/a><\/div>\n<\/div>\n<div>\n<h4>Suplentes:<\/h4>\n<div class=\"player\"><a href=\"https:\/\/soccer.aidatasports.com\/fr\/players\/Aitor-Fern\u00e1ndez-47448\"><img decoding=\"async\" src=\"https:\/\/soccer.aidatasports.com\/images\/players\/47448.png\" alt=\"Aitor Fern\u00e1ndez\" onerror=\"this.onerror=null;this.src='https:\/\/soccer.aidatasports.com\/images\/players\/default-player.png';\"><span>Aitor Fern\u00e1ndez<\/span><\/a><\/div>\n<div class=\"player\"><a href=\"https:\/\/soccer.aidatasports.com\/fr\/players\/Pablo-Valencia-182657\"><img decoding=\"async\" src=\"https:\/\/soccer.aidatasports.com\/images\/players\/182657.png\" alt=\"Pablo Valencia\" onerror=\"this.onerror=null;this.src='https:\/\/soccer.aidatasports.com\/images\/players\/default-player.png';\"><span>Pablo Valencia<\/span><\/a><\/div>\n<div class=\"player\"><a href=\"https:\/\/soccer.aidatasports.com\/fr\/players\/Unai-Garc\u00eda-46652\"><img decoding=\"async\" src=\"https:\/\/soccer.aidatasports.com\/images\/players\/46652.png\" alt=\"Unai Garc\u00eda\" onerror=\"this.onerror=null;this.src='https:\/\/soccer.aidatasports.com\/images\/players\/default-player.png';\"><span>Unai Garc\u00eda<\/span><\/a><\/div>\n<div class=\"player\"><a href=\"https:\/\/soccer.aidatasports.com\/fr\/players\/Juan-Cruz-46967\"><img decoding=\"async\" src=\"https:\/\/soccer.aidatasports.com\/images\/players\/46967.png\" alt=\"Juan Cruz\" onerror=\"this.onerror=null;this.src='https:\/\/soccer.aidatasports.com\/images\/players\/default-player.png';\"><span>Juan Cruz<\/span><\/a><\/div>\n<div class=\"player\"><a href=\"https:\/\/soccer.aidatasports.com\/fr\/players\/Pablo-Ib\u00e1\u00f1ez-139001\"><img decoding=\"async\" src=\"https:\/\/soccer.aidatasports.com\/images\/players\/139001.png\" alt=\"Pablo Ib\u00e1\u00f1ez\" onerror=\"this.onerror=null;this.src='https:\/\/soccer.aidatasports.com\/images\/players\/default-player.png';\"><span>Pablo Ib\u00e1\u00f1ez<\/span><\/a><\/div>\n<div class=\"player\"><a href=\"https:\/\/soccer.aidatasports.com\/fr\/players\/Iker-Mu\u00f1oz-182621\"><img decoding=\"async\" src=\"https:\/\/soccer.aidatasports.com\/images\/players\/182621.png\" alt=\"Iker Mu\u00f1oz\" onerror=\"this.onerror=null;this.src='https:\/\/soccer.aidatasports.com\/images\/players\/default-player.png';\"><span>Iker Mu\u00f1oz<\/span><\/a><\/div>\n<div class=\"player\"><a href=\"https:\/\/soccer.aidatasports.com\/fr\/players\/Rub\u00e9n-Garc\u00eda-46658\"><img decoding=\"async\" src=\"https:\/\/soccer.aidatasports.com\/images\/players\/46658.png\" alt=\"Rub\u00e9n Garc\u00eda\" onerror=\"this.onerror=null;this.src='https:\/\/soccer.aidatasports.com\/images\/players\/default-player.png';\"><span>Rub\u00e9n Garc\u00eda<\/span><\/a><\/div>\n<div class=\"player\"><a href=\"https:\/\/soccer.aidatasports.com\/fr\/players\/Jos\u00e9-Manuel-Arn\u00e1iz-47419\"><img decoding=\"async\" src=\"https:\/\/soccer.aidatasports.com\/images\/players\/47419.png\" alt=\"Jos\u00e9 Manuel Arn\u00e1iz\" onerror=\"this.onerror=null;this.src='https:\/\/soccer.aidatasports.com\/images\/players\/default-player.png';\"><span>Jos\u00e9 Manuel Arn\u00e1iz<\/span><\/a><\/div>\n<div class=\"player\"><a href=\"https:\/\/soccer.aidatasports.com\/fr\/players\/I\u00f1igo-Arguibide-421044\"><img decoding=\"async\" src=\"https:\/\/soccer.aidatasports.com\/images\/players\/421044.png\" alt=\"I\u00f1igo Arguibide\" onerror=\"this.onerror=null;this.src='https:\/\/soccer.aidatasports.com\/images\/players\/default-player.png';\"><span>I\u00f1igo Arguibide<\/span><\/a><\/div>\n<div class=\"player\"><a href=\"https:\/\/soccer.aidatasports.com\/fr\/players\/Kike-Barja-46667\"><img decoding=\"async\" src=\"https:\/\/soccer.aidatasports.com\/images\/players\/46667.png\" alt=\"Kike Barja\" onerror=\"this.onerror=null;this.src='https:\/\/soccer.aidatasports.com\/images\/players\/default-player.png';\"><span>Kike Barja<\/span><\/a><\/div>\n<div class=\"player\"><a href=\"https:\/\/soccer.aidatasports.com\/fr\/players\/Ra\u00fal-Garc\u00eda-de-Haro-146751\"><img decoding=\"async\" src=\"https:\/\/soccer.aidatasports.com\/images\/players\/146751.png\" alt=\"Ra\u00fal Garc\u00eda de Haro\" onerror=\"this.onerror=null;this.src='https:\/\/soccer.aidatasports.com\/images\/players\/default-player.png';\"><span>Ra\u00fal Garc\u00eda de Haro<\/span><\/a><\/div>\n<\/div>\n<\/div>\n<\/div>\n<\/div>\n<div id=\"wg-api-football-game\"\n                    data-host=\"xxxxx\"\n                    data-key=\"xxxx\"\n                    data-id=\"1208711\"\n                    data-theme=\"\"\n                    data-refresh=\"15\"\n                    data-show-errors=\"false\"\n                    data-show-logos=\"true\"><br \/>\n                    class=\u00a0\u00bbwg_loader\u00a0\u00bb>\n                <\/div>\n<div id=\"wg-api-football-standings\"\n                    data-host=\"xxxx\"\n                    data-key=\"ddddd\"\n                    data-league=\"140\"\n                    data-team=\"\"\n                    data-season=\"2024\"\n                    data-theme=\"\"\n                    data-show-errors=\"false\"\n                    data-show-logos=\"true\"\n                    class=\"wg_loader\">\n                <\/div>\n<p>                <script\n                    type=\"module\"\n                    src=\"https:\/\/soccer.aidatasports.com\/wp-content\/customjs\/widgetslocal.js\">\n                <\/script><\/p>\n","protected":false},"excerpt":{"rendered":"<p>French: Le Celta Vigo bat Osasuna dans un match tendu \u00e0 Bala\u00eddos Le Celta Vigo&hellip;<\/p>\n","protected":false},"author":1,"featured_media":87264,"comment_status":"open","ping_status":"open","sticky":false,"template":"","format":"standard","meta":{"content-type":"","pmpro_default_level":"","_lmt_disableupdate":"","_lmt_disable":"","_league":15837,"_fixture":1208711,"penci_pfeatured_image_ratio":"","penci_single_style":"","footnotes":""},"categories":[15837],"tags":[649,812],"class_list":["post-87265","post","type-post","status-publish","format-standard","has-post-thumbnail","hentry","category-matches","tag-celta-vigo-spain-538","tag-osasuna-spain-727","pmpro-has-access"],"_links":{"self":[{"href":"https:\/\/soccer.aidatasports.com\/fr\/wp-json\/wp\/v2\/posts\/87265"}],"collection":[{"href":"https:\/\/soccer.aidatasports.com\/fr\/wp-json\/wp\/v2\/posts"}],"about":[{"href":"https:\/\/soccer.aidatasports.com\/fr\/wp-json\/wp\/v2\/types\/post"}],"author":[{"embeddable":true,"href":"https:\/\/soccer.aidatasports.com\/fr\/wp-json\/wp\/v2\/users\/1"}],"replies":[{"embeddable":true,"href":"https:\/\/soccer.aidatasports.com\/fr\/wp-json\/wp\/v2\/comments?post=87265"}],"version-history":[{"count":0,"href":"https:\/\/soccer.aidatasports.com\/fr\/wp-json\/wp\/v2\/posts\/87265\/revisions"}],"wp:featuredmedia":[{"embeddable":true,"href":"https:\/\/soccer.aidatasports.com\/fr\/wp-json\/wp\/v2\/media\/87264"}],"wp:attachment":[{"href":"https:\/\/soccer.aidatasports.com\/fr\/wp-json\/wp\/v2\/media?parent=87265"}],"wp:term":[{"taxonomy":"category","embeddable":true,"href":"https:\/\/soccer.aidatasports.com\/fr\/wp-json\/wp\/v2\/categories?post=87265"},{"taxonomy":"post_tag","embeddable":true,"href":"https:\/\/soccer.aidatasports.com\/fr\/wp-json\/wp\/v2\/tags?post=87265"}],"curies":[{"name":"wp","href":"https:\/\/api.w.org\/{rel}","templated":true}]}}