{"id":85750,"date":"2025-02-09T13:22:17","date_gmt":"2025-02-09T13:22:17","guid":{"rendered":"https:\/\/soccer.aidatasports.com\/fr\/uncategorized\/vvv-venlo-vs-mvv-feb-09-2025-1115-utc\/"},"modified":"2025-02-09T13:22:17","modified_gmt":"2025-02-09T13:22:17","slug":"vvv-venlo-vs-mvv-feb-09-2025-1115-utc","status":"publish","type":"post","link":"https:\/\/soccer.aidatasports.com\/fr\/matches\/vvv-venlo-vs-mvv-feb-09-2025-1115-utc\/","title":{"rendered":"VVV Venlo vs MVV Feb 09 2025 11:15 UTC"},"content":{"rendered":"<p><strong>Franc\u00e9s<\/strong><\/p>\n<p>MVV et VVV Venlo se neutralisent dans un match tendu \u00e0 Venlo<\/p>\n<p>Le MVV et le VVV Venlo se sont rencontr\u00e9s ce samedi 9 f\u00e9vrier 2025 au Covebo Stadion &#8211; De Koel- de Venlo, pour un match comptant pour la 25\u00e8me journ\u00e9e de l&rsquo;Eerste Divisie saison 2024.  La rencontre, arbitr\u00e9e par E. van de Graaf, s&rsquo;est termin\u00e9e sur un match nul disput\u00e9.<\/p>\n<p>M\u00eame si le MVV a l\u00e9g\u00e8rement domin\u00e9 la possession du ballon (51%), le VVV Venlo a cr\u00e9\u00e9 plus d&rsquo;occasions de but, avec 23 tirs (4 cadr\u00e9s) contre 9 pour le MVV (3 cadr\u00e9s).  La diff\u00e9rence minime de tirs cadr\u00e9s refl\u00e8te l&rsquo;\u00e9quilibre du match. Le VVV Venlo a \u00e9galement domin\u00e9 les coups de pied arr\u00eat\u00e9s, obtenant 10 corners contre 3 pour le MVV.<\/p>\n<p>Le match a \u00e9t\u00e9 marqu\u00e9 par la tension, avec un total de 26 fautes commises entre les deux \u00e9quipes (13 par \u00e9quipe) et quatre cartons jaunes. G. Blancquart et R. Ketting ont \u00e9t\u00e9 avertis pour le VVV Venlo, tandis que T. Zeegers et B. Smeets ont re\u00e7u des cartons jaunes pour le MVV.  Malgr\u00e9 la sup\u00e9riorit\u00e9 du VVV Venlo en nombre de tirs, son manque de pr\u00e9cision et la d\u00e9fense solide du MVV ont emp\u00each\u00e9 une victoire. Le score final refl\u00e8te un match serr\u00e9 et \u00e9quilibr\u00e9.<\/p>\n<p>Remplacements dans l&rsquo;quipe de vvv venlo: \u00c0 la 40e minute, L. Wehmeyer est entr\u00e9 et D. Zandbergen est sorti., \u00c0 la 69e minute, B. Darri est entr\u00e9 et T. Verheijen est sorti., \u00c0 la 69e minute, N. Foor est entr\u00e9 et T. Braem est sorti., \u00c0 la 87e minute, B. van Zijl est entr\u00e9 et E. Sierra est sorti., \u00c0 la 87e minute, S. Seymor est entr\u00e9 et S. Janssen est sorti. <\/p>\n<p>Remplacements dans l&rsquo;quipe de mvv: \u00c0 la 77e minute, M. Kleinen est entr\u00e9 et N. El Basri est sorti., \u00c0 la 77e minute, R. Esajas est entr\u00e9 et S. Braken est sorti. <\/p>\n<p>Les \u00e9quipes se sont align\u00e9es comme suit:<\/p>\n<div class=\"lineups-container\">\n<style>\n                .lineups-container {\n                    display: flex;\n                    justify-content: space-around;\n                    flex-wrap: wrap;\n                }\n                .team-lineup {\n                    width: 49%;\n                    margin-bottom: 20px;\n                    border: 1px solid #ccc;\n                    padding: 5px;\n                }\n                .team-lineup h3 {\n                    text-align: center;\n                    margin-bottom: 10px;\n                }\n                .players-container {\n                    display: flex;\n                    justify-content: space-between;\n                }\n                .players-container div {\n                    width: 100%;\n                }\n                .player {\n                    display: flex;\n                    align-items: center;\n                    margin-bottom: 5px;\n                }\n                .player img {\n                    width: 30px;\n                    height: 30px;\n                    border-radius: 50%;\n                    margin-right: 10px;\n                }\n                    @media (max-width: 600px) {\n                    .team-lineup {\n                        width: 100%;\n                    }\n                }\n                <\/style>\n<div class=\"team-lineup\">\n<h3>VVV Venlo<\/h3>\n<p><img decoding=\"async\" src=\"https:\/\/media.api-sports.io\/football\/teams\/204.png\" alt=\"VVV Venlo\" style=\"width: 50px; height: 50px;\"><\/p>\n<div class=\"players-container\">\n<div>\n<h4>Titulares:<\/h4>\n<div class=\"player\"><a href=\"https:\/\/soccer.aidatasports.com\/fr\/players\/Delano-van-Crooij-37766\"><img decoding=\"async\" src=\"https:\/\/soccer.aidatasports.com\/images\/players\/37766.png\" alt=\"Delano van Crooij\" onerror=\"this.onerror=null;this.src='https:\/\/soccer.aidatasports.com\/images\/players\/default-player.png';\"><span>Delano van Crooij<\/span><\/a><\/div>\n<div class=\"player\"><a href=\"https:\/\/soccer.aidatasports.com\/fr\/players\/Sylian-Mokono-92962\"><img decoding=\"async\" src=\"https:\/\/soccer.aidatasports.com\/images\/players\/92962.png\" alt=\"Sylian Mokono\" onerror=\"this.onerror=null;this.src='https:\/\/soccer.aidatasports.com\/images\/players\/default-player.png';\"><span>Sylian Mokono<\/span><\/a><\/div>\n<div class=\"player\"><a href=\"https:\/\/soccer.aidatasports.com\/fr\/players\/Rick-Ketting-55424\"><img decoding=\"async\" src=\"https:\/\/soccer.aidatasports.com\/images\/players\/55424.png\" alt=\"Rick Ketting\" onerror=\"this.onerror=null;this.src='https:\/\/soccer.aidatasports.com\/images\/players\/default-player.png';\"><span>Rick Ketting<\/span><\/a><\/div>\n<div class=\"player\"><a href=\"https:\/\/soccer.aidatasports.com\/fr\/players\/Gabin-Blancquart-351688\"><img decoding=\"async\" src=\"https:\/\/soccer.aidatasports.com\/images\/players\/351688.png\" alt=\"Gabin Blancquart\" onerror=\"this.onerror=null;this.src='https:\/\/soccer.aidatasports.com\/images\/players\/default-player.png';\"><span>Gabin Blancquart<\/span><\/a><\/div>\n<div class=\"player\"><a href=\"https:\/\/soccer.aidatasports.com\/fr\/players\/Emmanuel-Gyamfi-334359\"><img decoding=\"async\" src=\"https:\/\/soccer.aidatasports.com\/images\/players\/334359.png\" alt=\"Emmanuel Gyamfi\" onerror=\"this.onerror=null;this.src='https:\/\/soccer.aidatasports.com\/images\/players\/default-player.png';\"><span>Emmanuel Gyamfi<\/span><\/a><\/div>\n<div class=\"player\"><a href=\"https:\/\/soccer.aidatasports.com\/fr\/players\/Tim-Braem-480395\"><img decoding=\"async\" src=\"https:\/\/soccer.aidatasports.com\/images\/players\/480395.png\" alt=\"Tim Braem\" onerror=\"this.onerror=null;this.src='https:\/\/soccer.aidatasports.com\/images\/players\/default-player.png';\"><span>Tim Braem<\/span><\/a><\/div>\n<div class=\"player\"><a href=\"https:\/\/soccer.aidatasports.com\/fr\/players\/Simon-Janssen-37780\"><img decoding=\"async\" src=\"https:\/\/soccer.aidatasports.com\/images\/players\/37780.png\" alt=\"Simon Janssen\" onerror=\"this.onerror=null;this.src='https:\/\/soccer.aidatasports.com\/images\/players\/default-player.png';\"><span>Simon Janssen<\/span><\/a><\/div>\n<div class=\"player\"><a href=\"https:\/\/soccer.aidatasports.com\/fr\/players\/Layee-Kromah-349287\"><img decoding=\"async\" src=\"https:\/\/soccer.aidatasports.com\/images\/players\/349287.png\" alt=\"Layee Kromah\" onerror=\"this.onerror=null;this.src='https:\/\/soccer.aidatasports.com\/images\/players\/default-player.png';\"><span>Layee Kromah<\/span><\/a><\/div>\n<div class=\"player\"><a href=\"https:\/\/soccer.aidatasports.com\/fr\/players\/Elias-Sierra-162160\"><img decoding=\"async\" src=\"https:\/\/soccer.aidatasports.com\/images\/players\/162160.png\" alt=\"Elias Sierra\" onerror=\"this.onerror=null;this.src='https:\/\/soccer.aidatasports.com\/images\/players\/default-player.png';\"><span>Elias Sierra<\/span><\/a><\/div>\n<div class=\"player\"><a href=\"https:\/\/soccer.aidatasports.com\/fr\/players\/Thijme-Verheijen-272546\"><img decoding=\"async\" src=\"https:\/\/soccer.aidatasports.com\/images\/players\/272546.png\" alt=\"Thijme Verheijen\" onerror=\"this.onerror=null;this.src='https:\/\/soccer.aidatasports.com\/images\/players\/default-player.png';\"><span>Thijme Verheijen<\/span><\/a><\/div>\n<div class=\"player\"><a href=\"https:\/\/soccer.aidatasports.com\/fr\/players\/Dean-Zandbergen-275941\"><img decoding=\"async\" src=\"https:\/\/soccer.aidatasports.com\/images\/players\/275941.png\" alt=\"Dean Zandbergen\" onerror=\"this.onerror=null;this.src='https:\/\/soccer.aidatasports.com\/images\/players\/default-player.png';\"><span>Dean Zandbergen<\/span><\/a><\/div>\n<\/div>\n<div>\n<h4>Suplentes:<\/h4>\n<div class=\"player\"><a href=\"https:\/\/soccer.aidatasports.com\/fr\/players\/Lasse-Wehmeyer-391973\"><img decoding=\"async\" src=\"https:\/\/soccer.aidatasports.com\/images\/players\/391973.png\" alt=\"Lasse Wehmeyer\" onerror=\"this.onerror=null;this.src='https:\/\/soccer.aidatasports.com\/images\/players\/default-player.png';\"><span>Lasse Wehmeyer<\/span><\/a><\/div>\n<div class=\"player\"><a href=\"https:\/\/soccer.aidatasports.com\/fr\/players\/Navarone-Foor-37123\"><img decoding=\"async\" src=\"https:\/\/soccer.aidatasports.com\/images\/players\/37123.png\" alt=\"Navarone Foor\" onerror=\"this.onerror=null;this.src='https:\/\/soccer.aidatasports.com\/images\/players\/default-player.png';\"><span>Navarone Foor<\/span><\/a><\/div>\n<div class=\"player\"><a href=\"https:\/\/soccer.aidatasports.com\/fr\/players\/Brahim-Darri-37469\"><img decoding=\"async\" src=\"https:\/\/soccer.aidatasports.com\/images\/players\/37469.png\" alt=\"Brahim Darri\" onerror=\"this.onerror=null;this.src='https:\/\/soccer.aidatasports.com\/images\/players\/default-player.png';\"><span>Brahim Darri<\/span><\/a><\/div>\n<div class=\"player\"><a href=\"https:\/\/soccer.aidatasports.com\/fr\/players\/Pepijn-Vallen-508799\"><img decoding=\"async\" src=\"https:\/\/soccer.aidatasports.com\/images\/players\/508799.png\" alt=\"Pepijn Vallen\" onerror=\"this.onerror=null;this.src='https:\/\/soccer.aidatasports.com\/images\/players\/default-player.png';\"><span>Pepijn Vallen<\/span><\/a><\/div>\n<div class=\"player\"><a href=\"https:\/\/soccer.aidatasports.com\/fr\/players\/Zidane-Taylan-450959\"><img decoding=\"async\" src=\"https:\/\/soccer.aidatasports.com\/images\/players\/450959.png\" alt=\"Zidane Taylan\" onerror=\"this.onerror=null;this.src='https:\/\/soccer.aidatasports.com\/images\/players\/default-player.png';\"><span>Zidane Taylan<\/span><\/a><\/div>\n<div class=\"player\"><a href=\"https:\/\/soccer.aidatasports.com\/fr\/players\/Tijn-Joosten-493504\"><img decoding=\"async\" src=\"https:\/\/soccer.aidatasports.com\/images\/players\/493504.png\" alt=\"Tijn Joosten\" onerror=\"this.onerror=null;this.src='https:\/\/soccer.aidatasports.com\/images\/players\/default-player.png';\"><span>Tijn Joosten<\/span><\/a><\/div>\n<div class=\"player\"><a href=\"https:\/\/soccer.aidatasports.com\/fr\/players\/David-Dailoski-505337\"><img decoding=\"async\" src=\"https:\/\/soccer.aidatasports.com\/images\/players\/505337.png\" alt=\"David Dailoski\" onerror=\"this.onerror=null;this.src='https:\/\/soccer.aidatasports.com\/images\/players\/default-player.png';\"><span>David Dailoski<\/span><\/a><\/div>\n<div class=\"player\"><a href=\"https:\/\/soccer.aidatasports.com\/fr\/players\/Serano-Seymor-291777\"><img decoding=\"async\" src=\"https:\/\/soccer.aidatasports.com\/images\/players\/291777.png\" alt=\"Serano Seymor\" onerror=\"this.onerror=null;this.src='https:\/\/soccer.aidatasports.com\/images\/players\/default-player.png';\"><span>Serano Seymor<\/span><\/a><\/div>\n<div class=\"player\"><a href=\"https:\/\/soccer.aidatasports.com\/fr\/players\/Niels-van-Berkel-393870\"><img decoding=\"async\" src=\"https:\/\/soccer.aidatasports.com\/images\/players\/393870.png\" alt=\"Niels van Berkel\" onerror=\"this.onerror=null;this.src='https:\/\/soccer.aidatasports.com\/images\/players\/default-player.png';\"><span>Niels van Berkel<\/span><\/a><\/div>\n<div class=\"player\"><a href=\"https:\/\/soccer.aidatasports.com\/fr\/players\/Bjorn-van-Zijl-507861\"><img decoding=\"async\" src=\"https:\/\/soccer.aidatasports.com\/images\/players\/507861.png\" alt=\"Bjorn van Zijl\" onerror=\"this.onerror=null;this.src='https:\/\/soccer.aidatasports.com\/images\/players\/default-player.png';\"><span>Bjorn van Zijl<\/span><\/a><\/div>\n<\/div>\n<\/div>\n<\/div>\n<div class=\"team-lineup\">\n<h3>MVV<\/h3>\n<p><img decoding=\"async\" src=\"https:\/\/media.api-sports.io\/football\/teams\/412.png\" alt=\"MVV\" style=\"width: 50px; height: 50px;\"><\/p>\n<div class=\"players-container\">\n<div>\n<h4>Titulares:<\/h4>\n<div class=\"player\"><a href=\"https:\/\/soccer.aidatasports.com\/fr\/players\/Romain-Matthys-122389\"><img decoding=\"async\" src=\"https:\/\/soccer.aidatasports.com\/images\/players\/122389.png\" alt=\"Romain Matthys\" onerror=\"this.onerror=null;this.src='https:\/\/soccer.aidatasports.com\/images\/players\/default-player.png';\"><span>Romain Matthys<\/span><\/a><\/div>\n<div class=\"player\"><a href=\"https:\/\/soccer.aidatasports.com\/fr\/players\/Tim-Zeegers-38775\"><img decoding=\"async\" src=\"https:\/\/soccer.aidatasports.com\/images\/players\/38775.png\" alt=\"Tim Zeegers\" onerror=\"this.onerror=null;this.src='https:\/\/soccer.aidatasports.com\/images\/players\/default-player.png';\"><span>Tim Zeegers<\/span><\/a><\/div>\n<div class=\"player\"><a href=\"https:\/\/soccer.aidatasports.com\/fr\/players\/Ozgur-Aktas-68427\"><img decoding=\"async\" src=\"https:\/\/soccer.aidatasports.com\/images\/players\/68427.png\" alt=\"Ozgur Aktas\" onerror=\"this.onerror=null;this.src='https:\/\/soccer.aidatasports.com\/images\/players\/default-player.png';\"><span>Ozgur Aktas<\/span><\/a><\/div>\n<div class=\"player\"><a href=\"https:\/\/soccer.aidatasports.com\/fr\/players\/Wout-Coomans-353720\"><img decoding=\"async\" src=\"https:\/\/soccer.aidatasports.com\/images\/players\/353720.png\" alt=\"Wout Coomans\" onerror=\"this.onerror=null;this.src='https:\/\/soccer.aidatasports.com\/images\/players\/default-player.png';\"><span>Wout Coomans<\/span><\/a><\/div>\n<div class=\"player\"><a href=\"https:\/\/soccer.aidatasports.com\/fr\/players\/Lars-Schenk-295220\"><img decoding=\"async\" src=\"https:\/\/soccer.aidatasports.com\/images\/players\/295220.png\" alt=\"Lars Schenk\" onerror=\"this.onerror=null;this.src='https:\/\/soccer.aidatasports.com\/images\/players\/default-player.png';\"><span>Lars Schenk<\/span><\/a><\/div>\n<div class=\"player\"><a href=\"https:\/\/soccer.aidatasports.com\/fr\/players\/Nabil-El-Basri-380201\"><img decoding=\"async\" src=\"https:\/\/soccer.aidatasports.com\/images\/players\/380201.png\" alt=\"Nabil El Basri\" onerror=\"this.onerror=null;this.src='https:\/\/soccer.aidatasports.com\/images\/players\/default-player.png';\"><span>Nabil El Basri<\/span><\/a><\/div>\n<div class=\"player\"><a href=\"https:\/\/soccer.aidatasports.com\/fr\/players\/Robert-Klaasen-37235\"><img decoding=\"async\" src=\"https:\/\/soccer.aidatasports.com\/images\/players\/37235.png\" alt=\"Robert Klaasen\" onerror=\"this.onerror=null;this.src='https:\/\/soccer.aidatasports.com\/images\/players\/default-player.png';\"><span>Robert Klaasen<\/span><\/a><\/div>\n<div class=\"player\"><a href=\"https:\/\/soccer.aidatasports.com\/fr\/players\/Camil-Mmaee-324840\"><img decoding=\"async\" src=\"https:\/\/soccer.aidatasports.com\/images\/players\/324840.png\" alt=\"Camil Mmaee\" onerror=\"this.onerror=null;this.src='https:\/\/soccer.aidatasports.com\/images\/players\/default-player.png';\"><span>Camil Mmaee<\/span><\/a><\/div>\n<div class=\"player\"><a href=\"https:\/\/soccer.aidatasports.com\/fr\/players\/Bryan-Smeets-37834\"><img decoding=\"async\" src=\"https:\/\/soccer.aidatasports.com\/images\/players\/37834.png\" alt=\"Bryan Smeets\" onerror=\"this.onerror=null;this.src='https:\/\/soccer.aidatasports.com\/images\/players\/default-player.png';\"><span>Bryan Smeets<\/span><\/a><\/div>\n<div class=\"player\"><a href=\"https:\/\/soccer.aidatasports.com\/fr\/players\/Ilano-Silva-Timas-367596\"><img decoding=\"async\" src=\"https:\/\/soccer.aidatasports.com\/images\/players\/367596.png\" alt=\"Ilano Silva Timas\" onerror=\"this.onerror=null;this.src='https:\/\/soccer.aidatasports.com\/images\/players\/default-player.png';\"><span>Ilano Silva Timas<\/span><\/a><\/div>\n<div class=\"player\"><a href=\"https:\/\/soccer.aidatasports.com\/fr\/players\/Sven-Braken-37304\"><img decoding=\"async\" src=\"https:\/\/soccer.aidatasports.com\/images\/players\/37304.png\" alt=\"Sven Braken\" onerror=\"this.onerror=null;this.src='https:\/\/soccer.aidatasports.com\/images\/players\/default-player.png';\"><span>Sven Braken<\/span><\/a><\/div>\n<\/div>\n<div>\n<h4>Suplentes:<\/h4>\n<div class=\"player\"><a href=\"https:\/\/soccer.aidatasports.com\/fr\/players\/Marko-Kleinen-154866\"><img decoding=\"async\" src=\"https:\/\/soccer.aidatasports.com\/images\/players\/154866.png\" alt=\"Marko Kleinen\" onerror=\"this.onerror=null;this.src='https:\/\/soccer.aidatasports.com\/images\/players\/default-player.png';\"><span>Marko Kleinen<\/span><\/a><\/div>\n<div class=\"player\"><a href=\"https:\/\/soccer.aidatasports.com\/fr\/players\/Robyn-Esajas-287795\"><img decoding=\"async\" src=\"https:\/\/soccer.aidatasports.com\/images\/players\/287795.png\" alt=\"Robyn Esajas\" onerror=\"this.onerror=null;this.src='https:\/\/soccer.aidatasports.com\/images\/players\/default-player.png';\"><span>Robyn Esajas<\/span><\/a><\/div>\n<div class=\"player\"><a href=\"https:\/\/soccer.aidatasports.com\/fr\/players\/Thijs-Lambrix-163651\"><img decoding=\"async\" src=\"https:\/\/soccer.aidatasports.com\/images\/players\/163651.png\" alt=\"Thijs Lambrix\" onerror=\"this.onerror=null;this.src='https:\/\/soccer.aidatasports.com\/images\/players\/default-player.png';\"><span>Thijs Lambrix<\/span><\/a><\/div>\n<div class=\"player\"><a href=\"https:\/\/soccer.aidatasports.com\/fr\/players\/Simon-Francis-425829\"><img decoding=\"async\" src=\"https:\/\/soccer.aidatasports.com\/images\/players\/425829.png\" alt=\"Simon Francis\" onerror=\"this.onerror=null;this.src='https:\/\/soccer.aidatasports.com\/images\/players\/default-player.png';\"><span>Simon Francis<\/span><\/a><\/div>\n<div class=\"player\"><a href=\"https:\/\/soccer.aidatasports.com\/fr\/players\/Milan-Hofland-395450\"><img decoding=\"async\" src=\"https:\/\/soccer.aidatasports.com\/images\/players\/395450.png\" alt=\"Milan Hofland\" onerror=\"this.onerror=null;this.src='https:\/\/soccer.aidatasports.com\/images\/players\/default-player.png';\"><span>Milan Hofland<\/span><\/a><\/div>\n<div class=\"player\"><a href=\"https:\/\/soccer.aidatasports.com\/fr\/players\/Djairo-Tehubyuluw-450961\"><img decoding=\"async\" src=\"https:\/\/soccer.aidatasports.com\/images\/players\/450961.png\" alt=\"Djairo Tehubyuluw\" onerror=\"this.onerror=null;this.src='https:\/\/soccer.aidatasports.com\/images\/players\/default-player.png';\"><span>Djairo Tehubyuluw<\/span><\/a><\/div>\n<div class=\"player\"><a href=\"https:\/\/soccer.aidatasports.com\/fr\/players\/Andrea-Librici-377008\"><img decoding=\"async\" src=\"https:\/\/soccer.aidatasports.com\/images\/players\/377008.png\" alt=\"Andrea Librici\" onerror=\"this.onerror=null;this.src='https:\/\/soccer.aidatasports.com\/images\/players\/default-player.png';\"><span>Andrea Librici<\/span><\/a><\/div>\n<div class=\"player\"><a href=\"https:\/\/soccer.aidatasports.com\/fr\/players\/Ayman-Kassimi-319868\"><img decoding=\"async\" src=\"https:\/\/soccer.aidatasports.com\/images\/players\/319868.png\" alt=\"Ayman Kassimi\" onerror=\"this.onerror=null;this.src='https:\/\/soccer.aidatasports.com\/images\/players\/default-player.png';\"><span>Ayman Kassimi<\/span><\/a><\/div>\n<div class=\"player\"><a href=\"https:\/\/soccer.aidatasports.com\/fr\/players\/Rayan-Buifrahi-423491\"><img decoding=\"async\" src=\"https:\/\/soccer.aidatasports.com\/images\/players\/423491.png\" alt=\"Rayan Buifrahi\" onerror=\"this.onerror=null;this.src='https:\/\/soccer.aidatasports.com\/images\/players\/default-player.png';\"><span>Rayan Buifrahi<\/span><\/a><\/div>\n<div class=\"player\"><a href=\"https:\/\/soccer.aidatasports.com\/fr\/players\/Saul-Penders-340287\"><img decoding=\"async\" src=\"https:\/\/soccer.aidatasports.com\/images\/players\/340287.png\" alt=\"Saul Penders\" onerror=\"this.onerror=null;this.src='https:\/\/soccer.aidatasports.com\/images\/players\/default-player.png';\"><span>Saul Penders<\/span><\/a><\/div>\n<div class=\"player\"><a href=\"https:\/\/soccer.aidatasports.com\/fr\/players\/Ferre-Slegers-402781\"><img decoding=\"async\" src=\"https:\/\/soccer.aidatasports.com\/images\/players\/402781.png\" alt=\"Ferre Slegers\" onerror=\"this.onerror=null;this.src='https:\/\/soccer.aidatasports.com\/images\/players\/default-player.png';\"><span>Ferre Slegers<\/span><\/a><\/div>\n<div class=\"player\"><a href=\"https:\/\/soccer.aidatasports.com\/fr\/players\/Leny-Roland-501853\"><img decoding=\"async\" src=\"https:\/\/soccer.aidatasports.com\/images\/players\/501853.png\" alt=\"Leny Roland\" onerror=\"this.onerror=null;this.src='https:\/\/soccer.aidatasports.com\/images\/players\/default-player.png';\"><span>Leny Roland<\/span><\/a><\/div>\n<\/div>\n<\/div>\n<\/div>\n<\/div>\n<div id=\"wg-api-football-game\"\n                    data-host=\"xxxxx\"\n                    data-key=\"xxxx\"\n                    data-id=\"1210081\"\n                    data-theme=\"\"\n                    data-refresh=\"15\"\n                    data-show-errors=\"false\"\n                    data-show-logos=\"true\"><br \/>\n                    class=\u00a0\u00bbwg_loader\u00a0\u00bb>\n                <\/div>\n<div id=\"wg-api-football-standings\"\n                    data-host=\"xxxx\"\n                    data-key=\"ddddd\"\n                    data-league=\"89\"\n                    data-team=\"\"\n                    data-season=\"2024\"\n                    data-theme=\"\"\n                    data-show-errors=\"false\"\n                    data-show-logos=\"true\"\n                    class=\"wg_loader\">\n                <\/div>\n<p>                <script\n                    type=\"module\"\n                    src=\"https:\/\/soccer.aidatasports.com\/wp-content\/customjs\/widgetslocal.js\">\n                <\/script><\/p>\n","protected":false},"excerpt":{"rendered":"<p>Franc\u00e9s MVV et VVV Venlo se neutralisent dans un match tendu \u00e0 Venlo Le MVV&hellip;<\/p>\n","protected":false},"author":1,"featured_media":85749,"comment_status":"open","ping_status":"open","sticky":false,"template":"","format":"standard","meta":{"content-type":"","pmpro_default_level":"","_lmt_disableupdate":"","_lmt_disable":"","_league":15837,"_fixture":1210081,"penci_pfeatured_image_ratio":"","penci_single_style":"","footnotes":""},"categories":[15837],"tags":[526,327],"class_list":["post-85750","post","type-post","status-publish","format-standard","has-post-thumbnail","hentry","category-matches","tag-mvv-netherlands-412","tag-vvv-venlo-netherlands-204","pmpro-has-access"],"_links":{"self":[{"href":"https:\/\/soccer.aidatasports.com\/fr\/wp-json\/wp\/v2\/posts\/85750"}],"collection":[{"href":"https:\/\/soccer.aidatasports.com\/fr\/wp-json\/wp\/v2\/posts"}],"about":[{"href":"https:\/\/soccer.aidatasports.com\/fr\/wp-json\/wp\/v2\/types\/post"}],"author":[{"embeddable":true,"href":"https:\/\/soccer.aidatasports.com\/fr\/wp-json\/wp\/v2\/users\/1"}],"replies":[{"embeddable":true,"href":"https:\/\/soccer.aidatasports.com\/fr\/wp-json\/wp\/v2\/comments?post=85750"}],"version-history":[{"count":0,"href":"https:\/\/soccer.aidatasports.com\/fr\/wp-json\/wp\/v2\/posts\/85750\/revisions"}],"wp:featuredmedia":[{"embeddable":true,"href":"https:\/\/soccer.aidatasports.com\/fr\/wp-json\/wp\/v2\/media\/85749"}],"wp:attachment":[{"href":"https:\/\/soccer.aidatasports.com\/fr\/wp-json\/wp\/v2\/media?parent=85750"}],"wp:term":[{"taxonomy":"category","embeddable":true,"href":"https:\/\/soccer.aidatasports.com\/fr\/wp-json\/wp\/v2\/categories?post=85750"},{"taxonomy":"post_tag","embeddable":true,"href":"https:\/\/soccer.aidatasports.com\/fr\/wp-json\/wp\/v2\/tags?post=85750"}],"curies":[{"name":"wp","href":"https:\/\/api.w.org\/{rel}","templated":true}]}}