{"id":85610,"date":"2025-02-08T18:02:40","date_gmt":"2025-02-08T18:02:40","guid":{"rendered":"https:\/\/soccer.aidatasports.com\/fr\/uncategorized\/rapid-vienna-vs-wolfsberger-ac-feb-08-2025-1600-utc\/"},"modified":"2025-02-08T18:02:40","modified_gmt":"2025-02-08T18:02:40","slug":"rapid-vienna-vs-wolfsberger-ac-feb-08-2025-1600-utc","status":"publish","type":"post","link":"https:\/\/soccer.aidatasports.com\/fr\/matches\/rapid-vienna-vs-wolfsberger-ac-feb-08-2025-1600-utc\/","title":{"rendered":"Rapid Vienna vs Wolfsberger AC Feb 08 2025 16:00 UTC"},"content":{"rendered":"<p><strong>Fran\u00e7ais<\/strong><\/p>\n<p>Le Rapid Vienne s&rsquo;est inclin\u00e9 face au Wolfsberger AC sur le score de 3-1 lors d&rsquo;une rencontre passionnante disput\u00e9e \u00e0 l&rsquo;Allianz Stadion de Vienne.  Malgr\u00e9 une domination de la possession du ballon (67%), le Rapid n&rsquo;a pas r\u00e9ussi \u00e0 concr\u00e9tiser sa sup\u00e9riorit\u00e9 en buts pendant une grande partie du match. L&rsquo;ouverture du score est intervenue \u00e0 la 38\u00e8me minute, gr\u00e2ce \u00e0 un but de L. Schaub, assist\u00e9 par D. Beljo. Cependant, le Wolfsberger AC, plus efficace devant le but (4 tirs cadr\u00e9s sur 9), a renvers\u00e9 la vapeur en seconde p\u00e9riode. M. Pink a inscrit deux buts (75\u00e8me et 90\u00e8me minutes), tandis que T. Ballo a ajout\u00e9 un troisi\u00e8me but \u00e0 la 85\u00e8me minute. Le match a \u00e9t\u00e9 marqu\u00e9 par la tension, avec un total de 26 fautes et quatre cartons jaunes, trois pour le Wolfsberger AC et un pour le Rapid Vienne. Malgr\u00e9 sa domination territoriale, le manque de pr\u00e9cision du Rapid et l&rsquo;efficacit\u00e9 du Wolfsberger AC ont scell\u00e9 sa d\u00e9faite.<\/p>\n<p>Remplacements dans l&rsquo;quipe de wolfsberger ac: \u00c0 la 65e minute, M. Pink est entr\u00e9 et A. Gattermayer est sorti., \u00c0 la 65e minute, E. Agyeman est entr\u00e9 et S. Piesinger est sorti., \u00c0 la 85e minute, S. Altunashvili est entr\u00e9 et D. Zukic est sorti. <\/p>\n<p>Remplacements dans l&rsquo;quipe de rapid vienna: \u00c0 la 76e minute, T. Borkeeiet est entr\u00e9 et L. Grgic est sorti., \u00c0 la 76e minute, N. Wurmbrand est entr\u00e9 et I. Jansson est sorti., \u00c0 la 83e minute, E. Kara est entr\u00e9 et D. Beljo est sorti. <\/p>\n<p>Les \u00e9quipes se sont align\u00e9es comme suit:<\/p>\n<div class=\"lineups-container\">\n<style>\n                .lineups-container {\n                    display: flex;\n                    justify-content: space-around;\n                    flex-wrap: wrap;\n                }\n                .team-lineup {\n                    width: 49%;\n                    margin-bottom: 20px;\n                    border: 1px solid #ccc;\n                    padding: 5px;\n                }\n                .team-lineup h3 {\n                    text-align: center;\n                    margin-bottom: 10px;\n                }\n                .players-container {\n                    display: flex;\n                    justify-content: space-between;\n                }\n                .players-container div {\n                    width: 100%;\n                }\n                .player {\n                    display: flex;\n                    align-items: center;\n                    margin-bottom: 5px;\n                }\n                .player img {\n                    width: 30px;\n                    height: 30px;\n                    border-radius: 50%;\n                    margin-right: 10px;\n                }\n                    @media (max-width: 600px) {\n                    .team-lineup {\n                        width: 100%;\n                    }\n                }\n                <\/style>\n<div class=\"team-lineup\">\n<h3>Rapid Vienna<\/h3>\n<p><img decoding=\"async\" src=\"https:\/\/media.api-sports.io\/football\/teams\/781.png\" alt=\"Rapid Vienna\" style=\"width: 50px; height: 50px;\"><\/p>\n<div class=\"players-container\">\n<div>\n<h4>Titulares:<\/h4>\n<div class=\"player\"><a href=\"https:\/\/soccer.aidatasports.com\/fr\/players\/Niklas-Hedl-169346\"><img decoding=\"async\" src=\"https:\/\/soccer.aidatasports.com\/images\/players\/169346.png\" alt=\"Niklas Hedl\" onerror=\"this.onerror=null;this.src='https:\/\/soccer.aidatasports.com\/images\/players\/default-player.png';\"><span>Niklas Hedl<\/span><\/a><\/div>\n<div class=\"player\"><a href=\"https:\/\/soccer.aidatasports.com\/fr\/players\/Bendeg\u00faz-Bolla-27778\"><img decoding=\"async\" src=\"https:\/\/soccer.aidatasports.com\/images\/players\/27778.png\" alt=\"Bendeg\u00faz Bolla\" onerror=\"this.onerror=null;this.src='https:\/\/soccer.aidatasports.com\/images\/players\/default-player.png';\"><span>Bendeg\u00faz Bolla<\/span><\/a><\/div>\n<div class=\"player\"><a href=\"https:\/\/soccer.aidatasports.com\/fr\/players\/Jakob-Sch\u00f6ller-339985\"><img decoding=\"async\" src=\"https:\/\/soccer.aidatasports.com\/images\/players\/339985.png\" alt=\"Jakob Sch\u00f6ller\" onerror=\"this.onerror=null;this.src='https:\/\/soccer.aidatasports.com\/images\/players\/default-player.png';\"><span>Jakob Sch\u00f6ller<\/span><\/a><\/div>\n<div class=\"player\"><a href=\"https:\/\/soccer.aidatasports.com\/fr\/players\/Serge-Philippe-Raux-Yao-128999\"><img decoding=\"async\" src=\"https:\/\/soccer.aidatasports.com\/images\/players\/128999.png\" alt=\"Serge-Philippe Raux-Yao\" onerror=\"this.onerror=null;this.src='https:\/\/soccer.aidatasports.com\/images\/players\/default-player.png';\"><span>Serge-Philippe Raux-Yao<\/span><\/a><\/div>\n<div class=\"player\"><a href=\"https:\/\/soccer.aidatasports.com\/fr\/players\/Jonas-Antonius-Auer-66728\"><img decoding=\"async\" src=\"https:\/\/soccer.aidatasports.com\/images\/players\/66728.png\" alt=\"Jonas Antonius Auer\" onerror=\"this.onerror=null;this.src='https:\/\/soccer.aidatasports.com\/images\/players\/default-player.png';\"><span>Jonas Antonius Auer<\/span><\/a><\/div>\n<div class=\"player\"><a href=\"https:\/\/soccer.aidatasports.com\/fr\/players\/Mamadou-Sangare-277306\"><img decoding=\"async\" src=\"https:\/\/soccer.aidatasports.com\/images\/players\/277306.png\" alt=\"Mamadou Sangare\" onerror=\"this.onerror=null;this.src='https:\/\/soccer.aidatasports.com\/images\/players\/default-player.png';\"><span>Mamadou Sangare<\/span><\/a><\/div>\n<div class=\"player\"><a href=\"https:\/\/soccer.aidatasports.com\/fr\/players\/Lukas-Grgi\u0107-7072\"><img decoding=\"async\" src=\"https:\/\/soccer.aidatasports.com\/images\/players\/7072.png\" alt=\"Lukas Grgi\u0107\" onerror=\"this.onerror=null;this.src='https:\/\/soccer.aidatasports.com\/images\/players\/default-player.png';\"><span>Lukas Grgi\u0107<\/span><\/a><\/div>\n<div class=\"player\"><a href=\"https:\/\/soccer.aidatasports.com\/fr\/players\/Louis-Schaub-24809\"><img decoding=\"async\" src=\"https:\/\/soccer.aidatasports.com\/images\/players\/24809.png\" alt=\"Louis Schaub\" onerror=\"this.onerror=null;this.src='https:\/\/soccer.aidatasports.com\/images\/players\/default-player.png';\"><span>Louis Schaub<\/span><\/a><\/div>\n<div class=\"player\"><a href=\"https:\/\/soccer.aidatasports.com\/fr\/players\/Matthias-Seidl-176022\"><img decoding=\"async\" src=\"https:\/\/soccer.aidatasports.com\/images\/players\/176022.png\" alt=\"Matthias Seidl\" onerror=\"this.onerror=null;this.src='https:\/\/soccer.aidatasports.com\/images\/players\/default-player.png';\"><span>Matthias Seidl<\/span><\/a><\/div>\n<div class=\"player\"><a href=\"https:\/\/soccer.aidatasports.com\/fr\/players\/Dion-Drena-Beljo-182434\"><img decoding=\"async\" src=\"https:\/\/soccer.aidatasports.com\/images\/players\/182434.png\" alt=\"Dion Drena Beljo\" onerror=\"this.onerror=null;this.src='https:\/\/soccer.aidatasports.com\/images\/players\/default-player.png';\"><span>Dion Drena Beljo<\/span><\/a><\/div>\n<div class=\"player\"><a href=\"https:\/\/soccer.aidatasports.com\/fr\/players\/Isak-Jansson-105154\"><img decoding=\"async\" src=\"https:\/\/soccer.aidatasports.com\/images\/players\/105154.png\" alt=\"Isak Jansson\" onerror=\"this.onerror=null;this.src='https:\/\/soccer.aidatasports.com\/images\/players\/default-player.png';\"><span>Isak Jansson<\/span><\/a><\/div>\n<\/div>\n<div>\n<h4>Suplentes:<\/h4>\n<div class=\"player\"><a href=\"https:\/\/soccer.aidatasports.com\/fr\/players\/Paul-Gartler-1710\"><img decoding=\"async\" src=\"https:\/\/soccer.aidatasports.com\/images\/players\/1710.png\" alt=\"Paul Gartler\" onerror=\"this.onerror=null;this.src='https:\/\/soccer.aidatasports.com\/images\/players\/default-player.png';\"><span>Paul Gartler<\/span><\/a><\/div>\n<div class=\"player\"><a href=\"https:\/\/soccer.aidatasports.com\/fr\/players\/Moritz-Oswald-169420\"><img decoding=\"async\" src=\"https:\/\/soccer.aidatasports.com\/images\/players\/169420.png\" alt=\"Moritz Oswald\" onerror=\"this.onerror=null;this.src='https:\/\/soccer.aidatasports.com\/images\/players\/default-player.png';\"><span>Moritz Oswald<\/span><\/a><\/div>\n<div class=\"player\"><a href=\"https:\/\/soccer.aidatasports.com\/fr\/players\/Nenad-Cvetkovi\u0107-46160\"><img decoding=\"async\" src=\"https:\/\/soccer.aidatasports.com\/images\/players\/46160.png\" alt=\"Nenad Cvetkovi\u0107\" onerror=\"this.onerror=null;this.src='https:\/\/soccer.aidatasports.com\/images\/players\/default-player.png';\"><span>Nenad Cvetkovi\u0107<\/span><\/a><\/div>\n<div class=\"player\"><a href=\"https:\/\/soccer.aidatasports.com\/fr\/players\/Tobias-Borkeeiet-39288\"><img decoding=\"async\" src=\"https:\/\/soccer.aidatasports.com\/images\/players\/39288.png\" alt=\"Tobias Borkeeiet\" onerror=\"this.onerror=null;this.src='https:\/\/soccer.aidatasports.com\/images\/players\/default-player.png';\"><span>Tobias Borkeeiet<\/span><\/a><\/div>\n<div class=\"player\"><a href=\"https:\/\/soccer.aidatasports.com\/fr\/players\/Daniel-Nunoo-498384\"><img decoding=\"async\" src=\"https:\/\/soccer.aidatasports.com\/images\/players\/498384.png\" alt=\"Daniel Nunoo\" onerror=\"this.onerror=null;this.src='https:\/\/soccer.aidatasports.com\/images\/players\/default-player.png';\"><span>Daniel Nunoo<\/span><\/a><\/div>\n<div class=\"player\"><a href=\"https:\/\/soccer.aidatasports.com\/fr\/players\/Ercan-Kara-119139\"><img decoding=\"async\" src=\"https:\/\/soccer.aidatasports.com\/images\/players\/119139.png\" alt=\"Ercan Kara\" onerror=\"this.onerror=null;this.src='https:\/\/soccer.aidatasports.com\/images\/players\/default-player.png';\"><span>Ercan Kara<\/span><\/a><\/div>\n<div class=\"player\"><a href=\"https:\/\/soccer.aidatasports.com\/fr\/players\/Nikolaus-Wurmbrand-428779\"><img decoding=\"async\" src=\"https:\/\/soccer.aidatasports.com\/images\/players\/428779.png\" alt=\"Nikolaus Wurmbrand\" onerror=\"this.onerror=null;this.src='https:\/\/soccer.aidatasports.com\/images\/players\/default-player.png';\"><span>Nikolaus Wurmbrand<\/span><\/a><\/div>\n<\/div>\n<\/div>\n<\/div>\n<div class=\"team-lineup\">\n<h3>Wolfsberger AC<\/h3>\n<p><img decoding=\"async\" src=\"https:\/\/media.api-sports.io\/football\/teams\/1025.png\" alt=\"Wolfsberger AC\" style=\"width: 50px; height: 50px;\"><\/p>\n<div class=\"players-container\">\n<div>\n<h4>Titulares:<\/h4>\n<div class=\"player\"><a href=\"https:\/\/soccer.aidatasports.com\/fr\/players\/Nikolas-Polster-169349\"><img decoding=\"async\" src=\"https:\/\/soccer.aidatasports.com\/images\/players\/169349.png\" alt=\"Nikolas Polster\" onerror=\"this.onerror=null;this.src='https:\/\/soccer.aidatasports.com\/images\/players\/default-player.png';\"><span>Nikolas Polster<\/span><\/a><\/div>\n<div class=\"player\"><a href=\"https:\/\/soccer.aidatasports.com\/fr\/players\/Dominik-Baumgartner-25060\"><img decoding=\"async\" src=\"https:\/\/soccer.aidatasports.com\/images\/players\/25060.png\" alt=\"Dominik Baumgartner\" onerror=\"this.onerror=null;this.src='https:\/\/soccer.aidatasports.com\/images\/players\/default-player.png';\"><span>Dominik Baumgartner<\/span><\/a><\/div>\n<div class=\"player\"><a href=\"https:\/\/soccer.aidatasports.com\/fr\/players\/Chibuike-Nwaiwu-371027\"><img decoding=\"async\" src=\"https:\/\/soccer.aidatasports.com\/images\/players\/371027.png\" alt=\"Chibuike Nwaiwu\" onerror=\"this.onerror=null;this.src='https:\/\/soccer.aidatasports.com\/images\/players\/default-player.png';\"><span>Chibuike Nwaiwu<\/span><\/a><\/div>\n<div class=\"player\"><a href=\"https:\/\/soccer.aidatasports.com\/fr\/players\/Nicolas-Wimmer-7506\"><img decoding=\"async\" src=\"https:\/\/soccer.aidatasports.com\/images\/players\/7506.png\" alt=\"Nicolas Wimmer\" onerror=\"this.onerror=null;this.src='https:\/\/soccer.aidatasports.com\/images\/players\/default-player.png';\"><span>Nicolas Wimmer<\/span><\/a><\/div>\n<div class=\"player\"><a href=\"https:\/\/soccer.aidatasports.com\/fr\/players\/Adis-Ja\u0161i\u0107-271349\"><img decoding=\"async\" src=\"https:\/\/soccer.aidatasports.com\/images\/players\/271349.png\" alt=\"Adis Ja\u0161i\u0107\" onerror=\"this.onerror=null;this.src='https:\/\/soccer.aidatasports.com\/images\/players\/default-player.png';\"><span>Adis Ja\u0161i\u0107<\/span><\/a><\/div>\n<div class=\"player\"><a href=\"https:\/\/soccer.aidatasports.com\/fr\/players\/Ervin-Omi\u0107-313202\"><img decoding=\"async\" src=\"https:\/\/soccer.aidatasports.com\/images\/players\/313202.png\" alt=\"Ervin Omi\u0107\" onerror=\"this.onerror=null;this.src='https:\/\/soccer.aidatasports.com\/images\/players\/default-player.png';\"><span>Ervin Omi\u0107<\/span><\/a><\/div>\n<div class=\"player\"><a href=\"https:\/\/soccer.aidatasports.com\/fr\/players\/Simon-Piesinger-7690\"><img decoding=\"async\" src=\"https:\/\/soccer.aidatasports.com\/images\/players\/7690.png\" alt=\"Simon Piesinger\" onerror=\"this.onerror=null;this.src='https:\/\/soccer.aidatasports.com\/images\/players\/default-player.png';\"><span>Simon Piesinger<\/span><\/a><\/div>\n<div class=\"player\"><a href=\"https:\/\/soccer.aidatasports.com\/fr\/players\/Maximilian-Ullmann-7530\"><img decoding=\"async\" src=\"https:\/\/soccer.aidatasports.com\/images\/players\/7530.png\" alt=\"Maximilian Ullmann\" onerror=\"this.onerror=null;this.src='https:\/\/soccer.aidatasports.com\/images\/players\/default-player.png';\"><span>Maximilian Ullmann<\/span><\/a><\/div>\n<div class=\"player\"><a href=\"https:\/\/soccer.aidatasports.com\/fr\/players\/Dejan-Zuki\u0107-45950\"><img decoding=\"async\" src=\"https:\/\/soccer.aidatasports.com\/images\/players\/45950.png\" alt=\"Dejan Zuki\u0107\" onerror=\"this.onerror=null;this.src='https:\/\/soccer.aidatasports.com\/images\/players\/default-player.png';\"><span>Dejan Zuki\u0107<\/span><\/a><\/div>\n<div class=\"player\"><a href=\"https:\/\/soccer.aidatasports.com\/fr\/players\/Angelo-Gattermayer-271287\"><img decoding=\"async\" src=\"https:\/\/soccer.aidatasports.com\/images\/players\/271287.png\" alt=\"Angelo Gattermayer\" onerror=\"this.onerror=null;this.src='https:\/\/soccer.aidatasports.com\/images\/players\/default-player.png';\"><span>Angelo Gattermayer<\/span><\/a><\/div>\n<div class=\"player\"><a href=\"https:\/\/soccer.aidatasports.com\/fr\/players\/Thierno-Ballo-152950\"><img decoding=\"async\" src=\"https:\/\/soccer.aidatasports.com\/images\/players\/152950.png\" alt=\"Thierno Ballo\" onerror=\"this.onerror=null;this.src='https:\/\/soccer.aidatasports.com\/images\/players\/default-player.png';\"><span>Thierno Ballo<\/span><\/a><\/div>\n<\/div>\n<div>\n<h4>Suplentes:<\/h4>\n<div class=\"player\"><a href=\"https:\/\/soccer.aidatasports.com\/fr\/players\/Emmanuel-Agyemang-460141\"><img decoding=\"async\" src=\"https:\/\/soccer.aidatasports.com\/images\/players\/460141.png\" alt=\"Emmanuel Agyemang\" onerror=\"this.onerror=null;this.src='https:\/\/soccer.aidatasports.com\/images\/players\/default-player.png';\"><span>Emmanuel Agyemang<\/span><\/a><\/div>\n<div class=\"player\"><a href=\"https:\/\/soccer.aidatasports.com\/fr\/players\/Markus-Pink-7597\"><img decoding=\"async\" src=\"https:\/\/soccer.aidatasports.com\/images\/players\/7597.png\" alt=\"Markus Pink\" onerror=\"this.onerror=null;this.src='https:\/\/soccer.aidatasports.com\/images\/players\/default-player.png';\"><span>Markus Pink<\/span><\/a><\/div>\n<div class=\"player\"><a href=\"https:\/\/soccer.aidatasports.com\/fr\/players\/Lukas-G\u00fctlbauer-7059\"><img decoding=\"async\" src=\"https:\/\/soccer.aidatasports.com\/images\/players\/7059.png\" alt=\"Lukas G\u00fctlbauer\" onerror=\"this.onerror=null;this.src='https:\/\/soccer.aidatasports.com\/images\/players\/default-player.png';\"><span>Lukas G\u00fctlbauer<\/span><\/a><\/div>\n<div class=\"player\"><a href=\"https:\/\/soccer.aidatasports.com\/fr\/players\/Cheick-Mamadou-Diabate-435390\"><img decoding=\"async\" src=\"https:\/\/soccer.aidatasports.com\/images\/players\/435390.png\" alt=\"Cheick Mamadou Diabate\" onerror=\"this.onerror=null;this.src='https:\/\/soccer.aidatasports.com\/images\/players\/default-player.png';\"><span>Cheick Mamadou Diabate<\/span><\/a><\/div>\n<div class=\"player\"><a href=\"https:\/\/soccer.aidatasports.com\/fr\/players\/Boris-Matic-388753\"><img decoding=\"async\" src=\"https:\/\/soccer.aidatasports.com\/images\/players\/388753.png\" alt=\"Boris Matic\" onerror=\"this.onerror=null;this.src='https:\/\/soccer.aidatasports.com\/images\/players\/default-player.png';\"><span>Boris Matic<\/span><\/a><\/div>\n<div class=\"player\"><a href=\"https:\/\/soccer.aidatasports.com\/fr\/players\/Sandro-Altunashvili-24555\"><img decoding=\"async\" src=\"https:\/\/soccer.aidatasports.com\/images\/players\/24555.png\" alt=\"Sandro Altunashvili\" onerror=\"this.onerror=null;this.src='https:\/\/soccer.aidatasports.com\/images\/players\/default-player.png';\"><span>Sandro Altunashvili<\/span><\/a><\/div>\n<div class=\"player\"><a href=\"https:\/\/soccer.aidatasports.com\/fr\/players\/Thomas-Sabitzer-7249\"><img decoding=\"async\" src=\"https:\/\/soccer.aidatasports.com\/images\/players\/7249.png\" alt=\"Thomas Sabitzer\" onerror=\"this.onerror=null;this.src='https:\/\/soccer.aidatasports.com\/images\/players\/default-player.png';\"><span>Thomas Sabitzer<\/span><\/a><\/div>\n<\/div>\n<\/div>\n<\/div>\n<\/div>\n<div id=\"wg-api-football-game\"\n                    data-host=\"xxxxx\"\n                    data-key=\"xxxx\"\n                    data-id=\"1218673\"\n                    data-theme=\"\"\n                    data-refresh=\"15\"\n                    data-show-errors=\"false\"\n                    data-show-logos=\"true\"><br \/>\n                    class=\u00a0\u00bbwg_loader\u00a0\u00bb>\n                <\/div>\n<div id=\"wg-api-football-standings\"\n                    data-host=\"xxxx\"\n                    data-key=\"ddddd\"\n                    data-league=\"218\"\n                    data-team=\"\"\n                    data-season=\"2024\"\n                    data-theme=\"\"\n                    data-show-errors=\"false\"\n                    data-show-logos=\"true\"\n                    class=\"wg_loader\">\n                <\/div>\n<p>                <script\n                    type=\"module\"\n                    src=\"https:\/\/soccer.aidatasports.com\/wp-content\/customjs\/widgetslocal.js\">\n                <\/script><\/p>\n","protected":false},"excerpt":{"rendered":"<p>Fran\u00e7ais Le Rapid Vienne s&rsquo;est inclin\u00e9 face au Wolfsberger AC sur le score de 3-1&hellip;<\/p>\n","protected":false},"author":1,"featured_media":85609,"comment_status":"open","ping_status":"open","sticky":false,"template":"","format":"standard","meta":{"content-type":"","pmpro_default_level":"","_lmt_disableupdate":"","_lmt_disable":"","_league":15837,"_fixture":1218673,"penci_pfeatured_image_ratio":"","penci_single_style":"","footnotes":""},"categories":[15837],"tags":[861,1055],"class_list":["post-85610","post","type-post","status-publish","format-standard","has-post-thumbnail","hentry","category-matches","tag-rapid-vienna-austria-781","tag-wolfsberger-ac-austria-1025","pmpro-has-access"],"_links":{"self":[{"href":"https:\/\/soccer.aidatasports.com\/fr\/wp-json\/wp\/v2\/posts\/85610"}],"collection":[{"href":"https:\/\/soccer.aidatasports.com\/fr\/wp-json\/wp\/v2\/posts"}],"about":[{"href":"https:\/\/soccer.aidatasports.com\/fr\/wp-json\/wp\/v2\/types\/post"}],"author":[{"embeddable":true,"href":"https:\/\/soccer.aidatasports.com\/fr\/wp-json\/wp\/v2\/users\/1"}],"replies":[{"embeddable":true,"href":"https:\/\/soccer.aidatasports.com\/fr\/wp-json\/wp\/v2\/comments?post=85610"}],"version-history":[{"count":0,"href":"https:\/\/soccer.aidatasports.com\/fr\/wp-json\/wp\/v2\/posts\/85610\/revisions"}],"wp:featuredmedia":[{"embeddable":true,"href":"https:\/\/soccer.aidatasports.com\/fr\/wp-json\/wp\/v2\/media\/85609"}],"wp:attachment":[{"href":"https:\/\/soccer.aidatasports.com\/fr\/wp-json\/wp\/v2\/media?parent=85610"}],"wp:term":[{"taxonomy":"category","embeddable":true,"href":"https:\/\/soccer.aidatasports.com\/fr\/wp-json\/wp\/v2\/categories?post=85610"},{"taxonomy":"post_tag","embeddable":true,"href":"https:\/\/soccer.aidatasports.com\/fr\/wp-json\/wp\/v2\/tags?post=85610"}],"curies":[{"name":"wp","href":"https:\/\/api.w.org\/{rel}","templated":true}]}}