{"id":83051,"date":"2024-11-30T22:10:45","date_gmt":"2024-11-30T22:10:45","guid":{"rendered":"https:\/\/soccer.aidatasports.com\/fr\/uncategorized\/pec-zwolle-vs-sparta-rotterdam-nov-30-2024-2000-utc\/"},"modified":"2024-11-30T22:10:45","modified_gmt":"2024-11-30T22:10:45","slug":"pec-zwolle-vs-sparta-rotterdam-nov-30-2024-2000-utc","status":"publish","type":"post","link":"https:\/\/soccer.aidatasports.com\/fr\/matches\/pec-zwolle-vs-sparta-rotterdam-nov-30-2024-2000-utc\/","title":{"rendered":"PEC Zwolle vs Sparta Rotterdam Nov 30 2024 20:00 UTC"},"content":{"rendered":"<p><strong>French<\/strong><\/p>\n<p><strong>Le PEC Zwolle s&rsquo;impose 1-0 face au Sparta Rotterdam dans un match serr\u00e9<\/strong><\/p>\n<p>Le PEC Zwolle a battu le Sparta Rotterdam 1-0 lors d&rsquo;un match disput\u00e9 au MAC\u00b3PARK Stadion de Zwolle ce samedi 30 novembre. Ce match, comptant pour la 14\u00e8me journ\u00e9e de l&rsquo;Eredivisie 2024, s&rsquo;est caract\u00e9ris\u00e9 par une possession \u00e9quilibr\u00e9e (50% pour chaque \u00e9quipe) et une tension palpable, refl\u00e9t\u00e9e par le nombre \u00e9lev\u00e9 de cartons jaunes (4 pour le PEC Zwolle et 1 pour le Sparta Rotterdam).<\/p>\n<p>L&rsquo;unique but de la rencontre a \u00e9t\u00e9 marqu\u00e9 \u00e0 la 57\u00e8me minute par J. Monteiro, sur une passe d\u00e9cisive de D. Mbayo.  Bien que le Sparta Rotterdam ait tir\u00e9 plus souvent (11 tirs contre 10), seulement deux de ces tirs \u00e9taient cadr\u00e9s, contre trois pour le PEC Zwolle. Les deux \u00e9quipes ont fait preuve d&rsquo;une grande agressivit\u00e9, avec 7 fautes pour le PEC Zwolle et 16 pour le Sparta Rotterdam.  En r\u00e9sum\u00e9, une victoire m\u00e9rit\u00e9e pour l&rsquo;\u00e9quipe locale.<\/p>\n<p>Remplacements dans l&rsquo;quipe de sparta rotterdam: \u00c0 la 66e minute, R. Meissen est entr\u00e9 et T. Quintero est sorti., \u00c0 la 66e minute, S. Mito est entr\u00e9 et A. Verschueren est sorti., \u00c0 la 75e minute, D. van der Kust est entr\u00e9 et P. van Aanholt est sorti., \u00c0 la 75e minute, Metinho est entr\u00e9 et J. Baas est sorti., \u00c0 la 82e minute, C. Brym est entr\u00e9 et M. Nassoh est sorti. <\/p>\n<p>Remplacements dans l&rsquo;quipe de pec zwolle: \u00c0 la 79e minute, O. Velanas est entr\u00e9 et Y. Namli est sorti., \u00c0 la 80e minute, K. de Rooij est entr\u00e9 et D. Mbayo est sorti., \u00c0 la 90e minute, O. Aertssen est entr\u00e9 et J. Monteiro est sorti. <\/p>\n<p>Les \u00e9quipes se sont align\u00e9es comme suit:<\/p>\n<div class=\"lineups-container\">\n<style>\n                .lineups-container {\n                    display: flex;\n                    justify-content: space-around;\n                    flex-wrap: wrap;\n                }\n                .team-lineup {\n                    width: 49%;\n                    margin-bottom: 20px;\n                    border: 1px solid #ccc;\n                    padding: 5px;\n                }\n                .team-lineup h3 {\n                    text-align: center;\n                    margin-bottom: 10px;\n                }\n                .players-container {\n                    display: flex;\n                    justify-content: space-between;\n                }\n                .players-container div {\n                    width: 100%;\n                }\n                .player {\n                    display: flex;\n                    align-items: center;\n                    margin-bottom: 5px;\n                }\n                .player img {\n                    width: 30px;\n                    height: 30px;\n                    border-radius: 50%;\n                    margin-right: 10px;\n                }\n                    @media (max-width: 600px) {\n                    .team-lineup {\n                        width: 100%;\n                    }\n                }\n                <\/style>\n<div class=\"team-lineup\">\n<h3>PEC Zwolle<\/h3>\n<p><img decoding=\"async\" src=\"https:\/\/media.api-sports.io\/football\/teams\/193.png\" alt=\"PEC Zwolle\" style=\"width: 50px; height: 50px;\"><\/p>\n<div class=\"players-container\">\n<div>\n<h4>Titulares:<\/h4>\n<div class=\"player\"><a href=\"https:\/\/soccer.aidatasports.com\/fr\/players\/Jasper-Schendelaar-36881\"><img decoding=\"async\" src=\"https:\/\/soccer.aidatasports.com\/images\/players\/36881.png\" alt=\"Jasper Schendelaar\" onerror=\"this.onerror=null;this.src='https:\/\/soccer.aidatasports.com\/images\/players\/default-player.png';\"><span>Jasper Schendelaar<\/span><\/a><\/div>\n<div class=\"player\"><a href=\"https:\/\/soccer.aidatasports.com\/fr\/players\/Sherel-Floranus-36970\"><img decoding=\"async\" src=\"https:\/\/soccer.aidatasports.com\/images\/players\/36970.png\" alt=\"Sherel Floranus\" onerror=\"this.onerror=null;this.src='https:\/\/soccer.aidatasports.com\/images\/players\/default-player.png';\"><span>Sherel Floranus<\/span><\/a><\/div>\n<div class=\"player\"><a href=\"https:\/\/soccer.aidatasports.com\/fr\/players\/Simon-Graves-Jensen-15690\"><img decoding=\"async\" src=\"https:\/\/soccer.aidatasports.com\/images\/players\/15690.png\" alt=\"Simon Graves Jensen\" onerror=\"this.onerror=null;this.src='https:\/\/soccer.aidatasports.com\/images\/players\/default-player.png';\"><span>Simon Graves Jensen<\/span><\/a><\/div>\n<div class=\"player\"><a href=\"https:\/\/soccer.aidatasports.com\/fr\/players\/Anselmo-Garcia-McNulty-279868\"><img decoding=\"async\" src=\"https:\/\/soccer.aidatasports.com\/images\/players\/279868.png\" alt=\"Anselmo Garcia McNulty\" onerror=\"this.onerror=null;this.src='https:\/\/soccer.aidatasports.com\/images\/players\/default-player.png';\"><span>Anselmo Garcia McNulty<\/span><\/a><\/div>\n<div class=\"player\"><a href=\"https:\/\/soccer.aidatasports.com\/fr\/players\/Damian-van-der-Haar-351240\"><img decoding=\"async\" src=\"https:\/\/soccer.aidatasports.com\/images\/players\/351240.png\" alt=\"Damian van der Haar\" onerror=\"this.onerror=null;this.src='https:\/\/soccer.aidatasports.com\/images\/players\/default-player.png';\"><span>Damian van der Haar<\/span><\/a><\/div>\n<div class=\"player\"><a href=\"https:\/\/soccer.aidatasports.com\/fr\/players\/Nick-Fichtinger-425821\"><img decoding=\"async\" src=\"https:\/\/soccer.aidatasports.com\/images\/players\/425821.png\" alt=\"Nick Fichtinger\" onerror=\"this.onerror=null;this.src='https:\/\/soccer.aidatasports.com\/images\/players\/default-player.png';\"><span>Nick Fichtinger<\/span><\/a><\/div>\n<div class=\"player\"><a href=\"https:\/\/soccer.aidatasports.com\/fr\/players\/Anouar-El-Azzouzi-203777\"><img decoding=\"async\" src=\"https:\/\/soccer.aidatasports.com\/images\/players\/203777.png\" alt=\"Anouar El Azzouzi\" onerror=\"this.onerror=null;this.src='https:\/\/soccer.aidatasports.com\/images\/players\/default-player.png';\"><span>Anouar El Azzouzi<\/span><\/a><\/div>\n<div class=\"player\"><a href=\"https:\/\/soccer.aidatasports.com\/fr\/players\/Younes-Namli-36932\"><img decoding=\"async\" src=\"https:\/\/soccer.aidatasports.com\/images\/players\/36932.png\" alt=\"Younes Namli\" onerror=\"this.onerror=null;this.src='https:\/\/soccer.aidatasports.com\/images\/players\/default-player.png';\"><span>Younes Namli<\/span><\/a><\/div>\n<div class=\"player\"><a href=\"https:\/\/soccer.aidatasports.com\/fr\/players\/Jamiro-Monteiro-50745\"><img decoding=\"async\" src=\"https:\/\/soccer.aidatasports.com\/images\/players\/50745.png\" alt=\"Jamiro Monteiro\" onerror=\"this.onerror=null;this.src='https:\/\/soccer.aidatasports.com\/images\/players\/default-player.png';\"><span>Jamiro Monteiro<\/span><\/a><\/div>\n<div class=\"player\"><a href=\"https:\/\/soccer.aidatasports.com\/fr\/players\/Dylan-Mbayo-8764\"><img decoding=\"async\" src=\"https:\/\/soccer.aidatasports.com\/images\/players\/8764.png\" alt=\"Dylan Mbayo\" onerror=\"this.onerror=null;this.src='https:\/\/soccer.aidatasports.com\/images\/players\/default-player.png';\"><span>Dylan Mbayo<\/span><\/a><\/div>\n<div class=\"player\"><a href=\"https:\/\/soccer.aidatasports.com\/fr\/players\/Dylan-Vente-37163\"><img decoding=\"async\" src=\"https:\/\/soccer.aidatasports.com\/images\/players\/37163.png\" alt=\"Dylan Vente\" onerror=\"this.onerror=null;this.src='https:\/\/soccer.aidatasports.com\/images\/players\/default-player.png';\"><span>Dylan Vente<\/span><\/a><\/div>\n<\/div>\n<div>\n<h4>Suplentes:<\/h4>\n<div class=\"player\"><a href=\"https:\/\/soccer.aidatasports.com\/fr\/players\/Mike-Hauptmeijer-36913\"><img decoding=\"async\" src=\"https:\/\/soccer.aidatasports.com\/images\/players\/36913.png\" alt=\"Mike Hauptmeijer\" onerror=\"this.onerror=null;this.src='https:\/\/soccer.aidatasports.com\/images\/players\/default-player.png';\"><span>Mike Hauptmeijer<\/span><\/a><\/div>\n<div class=\"player\"><a href=\"https:\/\/soccer.aidatasports.com\/fr\/players\/Kenneth-Vermeer-37141\"><img decoding=\"async\" src=\"https:\/\/soccer.aidatasports.com\/images\/players\/37141.png\" alt=\"Kenneth Vermeer\" onerror=\"this.onerror=null;this.src='https:\/\/soccer.aidatasports.com\/images\/players\/default-player.png';\"><span>Kenneth Vermeer<\/span><\/a><\/div>\n<div class=\"player\"><a href=\"https:\/\/soccer.aidatasports.com\/fr\/players\/Thierry-Lutonda-125617\"><img decoding=\"async\" src=\"https:\/\/soccer.aidatasports.com\/images\/players\/125617.png\" alt=\"Thierry Lutonda\" onerror=\"this.onerror=null;this.src='https:\/\/soccer.aidatasports.com\/images\/players\/default-player.png';\"><span>Thierry Lutonda<\/span><\/a><\/div>\n<div class=\"player\"><a href=\"https:\/\/soccer.aidatasports.com\/fr\/players\/Olivier-Aertssen-271581\"><img decoding=\"async\" src=\"https:\/\/soccer.aidatasports.com\/images\/players\/271581.png\" alt=\"Olivier Aertssen\" onerror=\"this.onerror=null;this.src='https:\/\/soccer.aidatasports.com\/images\/players\/default-player.png';\"><span>Olivier Aertssen<\/span><\/a><\/div>\n<div class=\"player\"><a href=\"https:\/\/soccer.aidatasports.com\/fr\/players\/Odysseus-Velanas-37588\"><img decoding=\"async\" src=\"https:\/\/soccer.aidatasports.com\/images\/players\/37588.png\" alt=\"Odysseus Velanas\" onerror=\"this.onerror=null;this.src='https:\/\/soccer.aidatasports.com\/images\/players\/default-player.png';\"><span>Odysseus Velanas<\/span><\/a><\/div>\n<div class=\"player\"><a href=\"https:\/\/soccer.aidatasports.com\/fr\/players\/Filip-Krastev-11245\"><img decoding=\"async\" src=\"https:\/\/soccer.aidatasports.com\/images\/players\/11245.png\" alt=\"Filip Krastev\" onerror=\"this.onerror=null;this.src='https:\/\/soccer.aidatasports.com\/images\/players\/default-player.png';\"><span>Filip Krastev<\/span><\/a><\/div>\n<div class=\"player\"><a href=\"https:\/\/soccer.aidatasports.com\/fr\/players\/Eliano-Reijnders-36933\"><img decoding=\"async\" src=\"https:\/\/soccer.aidatasports.com\/images\/players\/36933.png\" alt=\"Eliano Reijnders\" onerror=\"this.onerror=null;this.src='https:\/\/soccer.aidatasports.com\/images\/players\/default-player.png';\"><span>Eliano Reijnders<\/span><\/a><\/div>\n<div class=\"player\"><a href=\"https:\/\/soccer.aidatasports.com\/fr\/players\/Teun-Gijselhart-392417\"><img decoding=\"async\" src=\"https:\/\/soccer.aidatasports.com\/images\/players\/392417.png\" alt=\"Teun Gijselhart\" onerror=\"this.onerror=null;this.src='https:\/\/soccer.aidatasports.com\/images\/players\/default-player.png';\"><span>Teun Gijselhart<\/span><\/a><\/div>\n<div class=\"player\"><a href=\"https:\/\/soccer.aidatasports.com\/fr\/players\/Davy-van-den-Berg-156998\"><img decoding=\"async\" src=\"https:\/\/soccer.aidatasports.com\/images\/players\/156998.png\" alt=\"Davy van den Berg\" onerror=\"this.onerror=null;this.src='https:\/\/soccer.aidatasports.com\/images\/players\/default-player.png';\"><span>Davy van den Berg<\/span><\/a><\/div>\n<div class=\"player\"><a href=\"https:\/\/soccer.aidatasports.com\/fr\/players\/Kaj-de-Rooij-37647\"><img decoding=\"async\" src=\"https:\/\/soccer.aidatasports.com\/images\/players\/37647.png\" alt=\"Kaj de Rooij\" onerror=\"this.onerror=null;this.src='https:\/\/soccer.aidatasports.com\/images\/players\/default-player.png';\"><span>Kaj de Rooij<\/span><\/a><\/div>\n<div class=\"player\"><a href=\"https:\/\/soccer.aidatasports.com\/fr\/players\/Thomas-Buitink-37130\"><img decoding=\"async\" src=\"https:\/\/soccer.aidatasports.com\/images\/players\/37130.png\" alt=\"Thomas Buitink\" onerror=\"this.onerror=null;this.src='https:\/\/soccer.aidatasports.com\/images\/players\/default-player.png';\"><span>Thomas Buitink<\/span><\/a><\/div>\n<div class=\"player\"><a href=\"https:\/\/soccer.aidatasports.com\/fr\/players\/Braydon-Manu-26358\"><img decoding=\"async\" src=\"https:\/\/soccer.aidatasports.com\/images\/players\/26358.png\" alt=\"Braydon Manu\" onerror=\"this.onerror=null;this.src='https:\/\/soccer.aidatasports.com\/images\/players\/default-player.png';\"><span>Braydon Manu<\/span><\/a><\/div>\n<\/div>\n<\/div>\n<\/div>\n<div class=\"team-lineup\">\n<h3>Sparta Rotterdam<\/h3>\n<p><img decoding=\"async\" src=\"https:\/\/media.api-sports.io\/football\/teams\/426.png\" alt=\"Sparta Rotterdam\" style=\"width: 50px; height: 50px;\"><\/p>\n<div class=\"players-container\">\n<div>\n<h4>Titulares:<\/h4>\n<div class=\"player\"><a href=\"https:\/\/soccer.aidatasports.com\/fr\/players\/Nick-Olij-37818\"><img decoding=\"async\" src=\"https:\/\/soccer.aidatasports.com\/images\/players\/37818.png\" alt=\"Nick Olij\" onerror=\"this.onerror=null;this.src='https:\/\/soccer.aidatasports.com\/images\/players\/default-player.png';\"><span>Nick Olij<\/span><\/a><\/div>\n<div class=\"player\"><a href=\"https:\/\/soccer.aidatasports.com\/fr\/players\/Marvin-Young-405379\"><img decoding=\"async\" src=\"https:\/\/soccer.aidatasports.com\/images\/players\/405379.png\" alt=\"Marvin Young\" onerror=\"this.onerror=null;this.src='https:\/\/soccer.aidatasports.com\/images\/players\/default-player.png';\"><span>Marvin Young<\/span><\/a><\/div>\n<div class=\"player\"><a href=\"https:\/\/soccer.aidatasports.com\/fr\/players\/Teo-Quintero-148128\"><img decoding=\"async\" src=\"https:\/\/soccer.aidatasports.com\/images\/players\/148128.png\" alt=\"Teo Quintero\" onerror=\"this.onerror=null;this.src='https:\/\/soccer.aidatasports.com\/images\/players\/default-player.png';\"><span>Teo Quintero<\/span><\/a><\/div>\n<div class=\"player\"><a href=\"https:\/\/soccer.aidatasports.com\/fr\/players\/Mike-Eerdhuijzen-37735\"><img decoding=\"async\" src=\"https:\/\/soccer.aidatasports.com\/images\/players\/37735.png\" alt=\"Mike Eerdhuijzen\" onerror=\"this.onerror=null;this.src='https:\/\/soccer.aidatasports.com\/images\/players\/default-player.png';\"><span>Mike Eerdhuijzen<\/span><\/a><\/div>\n<div class=\"player\"><a href=\"https:\/\/soccer.aidatasports.com\/fr\/players\/Patrick-van-Aanholt-18845\"><img decoding=\"async\" src=\"https:\/\/soccer.aidatasports.com\/images\/players\/18845.png\" alt=\"Patrick van Aanholt\" onerror=\"this.onerror=null;this.src='https:\/\/soccer.aidatasports.com\/images\/players\/default-player.png';\"><span>Patrick van Aanholt<\/span><\/a><\/div>\n<div class=\"player\"><a href=\"https:\/\/soccer.aidatasports.com\/fr\/players\/Julian-Baas-272454\"><img decoding=\"async\" src=\"https:\/\/soccer.aidatasports.com\/images\/players\/272454.png\" alt=\"Julian Baas\" onerror=\"this.onerror=null;this.src='https:\/\/soccer.aidatasports.com\/images\/players\/default-player.png';\"><span>Julian Baas<\/span><\/a><\/div>\n<div class=\"player\"><a href=\"https:\/\/soccer.aidatasports.com\/fr\/players\/Joshua-Kitolano-39091\"><img decoding=\"async\" src=\"https:\/\/soccer.aidatasports.com\/images\/players\/39091.png\" alt=\"Joshua Kitolano\" onerror=\"this.onerror=null;this.src='https:\/\/soccer.aidatasports.com\/images\/players\/default-player.png';\"><span>Joshua Kitolano<\/span><\/a><\/div>\n<div class=\"player\"><a href=\"https:\/\/soccer.aidatasports.com\/fr\/players\/Camiel-Neghli-290635\"><img decoding=\"async\" src=\"https:\/\/soccer.aidatasports.com\/images\/players\/290635.png\" alt=\"Camiel Neghli\" onerror=\"this.onerror=null;this.src='https:\/\/soccer.aidatasports.com\/images\/players\/default-player.png';\"><span>Camiel Neghli<\/span><\/a><\/div>\n<div class=\"player\"><a href=\"https:\/\/soccer.aidatasports.com\/fr\/players\/Arno-Verschueren-38706\"><img decoding=\"async\" src=\"https:\/\/soccer.aidatasports.com\/images\/players\/38706.png\" alt=\"Arno Verschueren\" onerror=\"this.onerror=null;this.src='https:\/\/soccer.aidatasports.com\/images\/players\/default-player.png';\"><span>Arno Verschueren<\/span><\/a><\/div>\n<div class=\"player\"><a href=\"https:\/\/soccer.aidatasports.com\/fr\/players\/Mohamed-Nassoh-290548\"><img decoding=\"async\" src=\"https:\/\/soccer.aidatasports.com\/images\/players\/290548.png\" alt=\"Mohamed Nassoh\" onerror=\"this.onerror=null;this.src='https:\/\/soccer.aidatasports.com\/images\/players\/default-player.png';\"><span>Mohamed Nassoh<\/span><\/a><\/div>\n<div class=\"player\"><a href=\"https:\/\/soccer.aidatasports.com\/fr\/players\/Tobias-Lauritsen-39100\"><img decoding=\"async\" src=\"https:\/\/soccer.aidatasports.com\/images\/players\/39100.png\" alt=\"Tobias Lauritsen\" onerror=\"this.onerror=null;this.src='https:\/\/soccer.aidatasports.com\/images\/players\/default-player.png';\"><span>Tobias Lauritsen<\/span><\/a><\/div>\n<\/div>\n<div>\n<h4>Suplentes:<\/h4>\n<div class=\"player\"><a href=\"https:\/\/soccer.aidatasports.com\/fr\/players\/Youri-Schoonderwaldt-129050\"><img decoding=\"async\" src=\"https:\/\/soccer.aidatasports.com\/images\/players\/129050.png\" alt=\"Youri Schoonderwaldt\" onerror=\"this.onerror=null;this.src='https:\/\/soccer.aidatasports.com\/images\/players\/default-player.png';\"><span>Youri Schoonderwaldt<\/span><\/a><\/div>\n<div class=\"player\"><a href=\"https:\/\/soccer.aidatasports.com\/fr\/players\/Dylan-Tevreden-387321\"><img decoding=\"async\" src=\"https:\/\/soccer.aidatasports.com\/images\/players\/387321.png\" alt=\"Dylan Tevreden\" onerror=\"this.onerror=null;this.src='https:\/\/soccer.aidatasports.com\/images\/players\/default-player.png';\"><span>Dylan Tevreden<\/span><\/a><\/div>\n<div class=\"player\"><a href=\"https:\/\/soccer.aidatasports.com\/fr\/players\/Djevencio-van-der-Kust-93006\"><img decoding=\"async\" src=\"https:\/\/soccer.aidatasports.com\/images\/players\/93006.png\" alt=\"Djevencio van der Kust\" onerror=\"this.onerror=null;this.src='https:\/\/soccer.aidatasports.com\/images\/players\/default-player.png';\"><span>Djevencio van der Kust<\/span><\/a><\/div>\n<div class=\"player\"><a href=\"https:\/\/soccer.aidatasports.com\/fr\/players\/Rick-Meissen-272091\"><img decoding=\"async\" src=\"https:\/\/soccer.aidatasports.com\/images\/players\/272091.png\" alt=\"Rick Meissen\" onerror=\"this.onerror=null;this.src='https:\/\/soccer.aidatasports.com\/images\/players\/default-player.png';\"><span>Rick Meissen<\/span><\/a><\/div>\n<div class=\"player\"><a href=\"https:\/\/soccer.aidatasports.com\/fr\/players\/Boyd-Reith-135379\"><img decoding=\"async\" src=\"https:\/\/soccer.aidatasports.com\/images\/players\/135379.png\" alt=\"Boyd Reith\" onerror=\"this.onerror=null;this.src='https:\/\/soccer.aidatasports.com\/images\/players\/default-player.png';\"><span>Boyd Reith<\/span><\/a><\/div>\n<div class=\"player\"><a href=\"https:\/\/soccer.aidatasports.com\/fr\/players\/Sa\u00efd-Bakari-36862\"><img decoding=\"async\" src=\"https:\/\/soccer.aidatasports.com\/images\/players\/36862.png\" alt=\"Sa\u00efd Bakari\" onerror=\"this.onerror=null;this.src='https:\/\/soccer.aidatasports.com\/images\/players\/default-player.png';\"><span>Sa\u00efd Bakari<\/span><\/a><\/div>\n<div class=\"player\"><a href=\"https:\/\/soccer.aidatasports.com\/fr\/players\/Shunsuke-Mito-237131\"><img decoding=\"async\" src=\"https:\/\/soccer.aidatasports.com\/images\/players\/237131.png\" alt=\"Shunsuke Mito\" onerror=\"this.onerror=null;this.src='https:\/\/soccer.aidatasports.com\/images\/players\/default-player.png';\"><span>Shunsuke Mito<\/span><\/a><\/div>\n<div class=\"player\"><a href=\"https:\/\/soccer.aidatasports.com\/fr\/players\/Metinho-305816\"><img decoding=\"async\" src=\"https:\/\/soccer.aidatasports.com\/images\/players\/305816.png\" alt=\"Metinho\" onerror=\"this.onerror=null;this.src='https:\/\/soccer.aidatasports.com\/images\/players\/default-player.png';\"><span>Metinho<\/span><\/a><\/div>\n<div class=\"player\"><a href=\"https:\/\/soccer.aidatasports.com\/fr\/players\/Hamza-El-Dahri-357182\"><img decoding=\"async\" src=\"https:\/\/soccer.aidatasports.com\/images\/players\/357182.png\" alt=\"Hamza El Dahri\" onerror=\"this.onerror=null;this.src='https:\/\/soccer.aidatasports.com\/images\/players\/default-player.png';\"><span>Hamza El Dahri<\/span><\/a><\/div>\n<div class=\"player\"><a href=\"https:\/\/soccer.aidatasports.com\/fr\/players\/Charles-Andreas-Brym-129788\"><img decoding=\"async\" src=\"https:\/\/soccer.aidatasports.com\/images\/players\/129788.png\" alt=\"Charles-Andreas Brym\" onerror=\"this.onerror=null;this.src='https:\/\/soccer.aidatasports.com\/images\/players\/default-player.png';\"><span>Charles-Andreas Brym<\/span><\/a><\/div>\n<div class=\"player\"><a href=\"https:\/\/soccer.aidatasports.com\/fr\/players\/Ayoub-Oufkir-444790\"><img decoding=\"async\" src=\"https:\/\/soccer.aidatasports.com\/images\/players\/444790.png\" alt=\"Ayoub Oufkir\" onerror=\"this.onerror=null;this.src='https:\/\/soccer.aidatasports.com\/images\/players\/default-player.png';\"><span>Ayoub Oufkir<\/span><\/a><\/div>\n<\/div>\n<\/div>\n<\/div>\n<\/div>\n<div id=\"wg-api-football-game\"\n                    data-host=\"xxxxx\"\n                    data-key=\"xxxx\"\n                    data-id=\"1213562\"\n                    data-theme=\"\"\n                    data-refresh=\"15\"\n                    data-show-errors=\"false\"\n                    data-show-logos=\"true\"><br \/>\n                    class=\u00a0\u00bbwg_loader\u00a0\u00bb>\n                <\/div>\n<div id=\"wg-api-football-standings\"\n                    data-host=\"xxxx\"\n                    data-key=\"ddddd\"\n                    data-league=\"88\"\n                    data-team=\"\"\n                    data-season=\"2024\"\n                    data-theme=\"\"\n                    data-show-errors=\"false\"\n                    data-show-logos=\"true\"\n                    class=\"wg_loader\">\n                <\/div>\n<p>                <script\n                    type=\"module\"\n                    src=\"https:\/\/soccer.aidatasports.com\/wp-content\/customjs\/widgetslocal.js\">\n                <\/script><\/p>\n","protected":false},"excerpt":{"rendered":"<p>French Le PEC Zwolle s&rsquo;impose 1-0 face au Sparta Rotterdam dans un match serr\u00e9 Le&hellip;<\/p>\n","protected":false},"author":1,"featured_media":83050,"comment_status":"open","ping_status":"open","sticky":false,"template":"","format":"standard","meta":{"content-type":"","pmpro_default_level":"","_lmt_disableupdate":"","_lmt_disable":"","_league":15837,"_fixture":1213562,"penci_pfeatured_image_ratio":"","penci_single_style":"","footnotes":""},"categories":[15837],"tags":[316,540],"class_list":["post-83051","post","type-post","status-publish","format-standard","has-post-thumbnail","hentry","category-matches","tag-pec-zwolle-netherlands-193","tag-sparta-rotterdam-netherlands-426","pmpro-has-access"],"_links":{"self":[{"href":"https:\/\/soccer.aidatasports.com\/fr\/wp-json\/wp\/v2\/posts\/83051"}],"collection":[{"href":"https:\/\/soccer.aidatasports.com\/fr\/wp-json\/wp\/v2\/posts"}],"about":[{"href":"https:\/\/soccer.aidatasports.com\/fr\/wp-json\/wp\/v2\/types\/post"}],"author":[{"embeddable":true,"href":"https:\/\/soccer.aidatasports.com\/fr\/wp-json\/wp\/v2\/users\/1"}],"replies":[{"embeddable":true,"href":"https:\/\/soccer.aidatasports.com\/fr\/wp-json\/wp\/v2\/comments?post=83051"}],"version-history":[{"count":0,"href":"https:\/\/soccer.aidatasports.com\/fr\/wp-json\/wp\/v2\/posts\/83051\/revisions"}],"wp:featuredmedia":[{"embeddable":true,"href":"https:\/\/soccer.aidatasports.com\/fr\/wp-json\/wp\/v2\/media\/83050"}],"wp:attachment":[{"href":"https:\/\/soccer.aidatasports.com\/fr\/wp-json\/wp\/v2\/media?parent=83051"}],"wp:term":[{"taxonomy":"category","embeddable":true,"href":"https:\/\/soccer.aidatasports.com\/fr\/wp-json\/wp\/v2\/categories?post=83051"},{"taxonomy":"post_tag","embeddable":true,"href":"https:\/\/soccer.aidatasports.com\/fr\/wp-json\/wp\/v2\/tags?post=83051"}],"curies":[{"name":"wp","href":"https:\/\/api.w.org\/{rel}","templated":true}]}}